{"id":9879,"date":"2021-03-10T15:04:08","date_gmt":"2021-03-10T20:04:08","guid":{"rendered":"http:\/\/prefecturadeesmeraldas.gob.ec\/?p=9879"},"modified":"2021-03-10T15:04:37","modified_gmt":"2021-03-10T20:04:37","slug":"prefectura-de-esmeraldas-atiende-emergencia-vial-en-san-francisco-de-onzole","status":"publish","type":"post","link":"https:\/\/prefecturadeesmeraldas.gob.ec\/index.php\/2021\/03\/10\/prefectura-de-esmeraldas-atiende-emergencia-vial-en-san-francisco-de-onzole\/","title":{"rendered":"Prefectura de Esmeraldas atiende emergencia vial en San Francisco de \u00d3nzole."},"content":{"rendered":"\t\t<div data-elementor-type=\"wp-post\" data-elementor-id=\"9879\" class=\"elementor elementor-9879\">\n\t\t\t\t\t\t<section class=\"elementor-section elementor-top-section elementor-element elementor-element-2607d85 elementor-section-boxed elementor-section-height-default elementor-section-height-default\" data-id=\"2607d85\" data-element_type=\"section\">\n\t\t\t\t\t\t<div class=\"elementor-container elementor-column-gap-default\">\n\t\t\t\t\t<div class=\"elementor-column elementor-col-100 elementor-top-column elementor-element elementor-element-8383011\" data-id=\"8383011\" data-element_type=\"column\">\n\t\t\t<div class=\"elementor-widget-wrap elementor-element-populated\">\n\t\t\t\t\t\t<div class=\"elementor-element elementor-element-b2f1462 elementor-widget elementor-widget-image\" data-id=\"b2f1462\" data-element_type=\"widget\" data-widget_type=\"image.default\">\n\t\t\t\t<div class=\"elementor-widget-container\">\n\t\t\t\t\t\t\t\t\t\t\t\t\t\t\t<img fetchpriority=\"high\" decoding=\"async\" width=\"942\" height=\"942\" src=\"https:\/\/prefecturadeesmeraldas.gob.ec\/wp-content\/uploads\/2021\/03\/BOLETIN-0260.jpg\" class=\"attachment-large size-large wp-image-9880\" alt=\"\" srcset=\"https:\/\/prefecturadeesmeraldas.gob.ec\/wp-content\/uploads\/2021\/03\/BOLETIN-0260.jpg 942w, https:\/\/prefecturadeesmeraldas.gob.ec\/wp-content\/uploads\/2021\/03\/BOLETIN-0260-240x240.jpg 240w, https:\/\/prefecturadeesmeraldas.gob.ec\/wp-content\/uploads\/2021\/03\/BOLETIN-0260-150x150.jpg 150w, https:\/\/prefecturadeesmeraldas.gob.ec\/wp-content\/uploads\/2021\/03\/BOLETIN-0260-300x300.jpg 300w, https:\/\/prefecturadeesmeraldas.gob.ec\/wp-content\/uploads\/2021\/03\/BOLETIN-0260-768x768.jpg 768w\" sizes=\"(max-width: 942px) 100vw, 942px\" \/>\t\t\t\t\t\t\t\t\t\t\t\t\t\t\t<\/div>\n\t\t\t\t<\/div>\n\t\t\t\t\t<\/div>\n\t\t<\/div>\n\t\t\t\t\t<\/div>\n\t\t<\/section>\n\t\t\t\t<section class=\"elementor-section elementor-top-section elementor-element elementor-element-54039dc elementor-section-boxed elementor-section-height-default elementor-section-height-default\" data-id=\"54039dc\" data-element_type=\"section\">\n\t\t\t\t\t\t<div class=\"elementor-container elementor-column-gap-default\">\n\t\t\t\t\t<div class=\"elementor-column elementor-col-100 elementor-top-column elementor-element elementor-element-bc3c902\" data-id=\"bc3c902\" data-element_type=\"column\">\n\t\t\t<div class=\"elementor-widget-wrap elementor-element-populated\">\n\t\t\t\t\t\t<div class=\"elementor-element elementor-element-9cc5110 elementor-widget elementor-widget-text-editor\" data-id=\"9cc5110\" data-element_type=\"widget\" data-widget_type=\"text-editor.default\">\n\t\t\t\t<div class=\"elementor-widget-container\">\n\t\t\t\t\t\t\t\t\t<p>Un hundimiento provocado por las lluvias amenaz\u00f3 con afectar la estabilidad y el paso por la v\u00eda que une a las parroquias Lagarto y San Francisco del \u00d3nzole, en el cant\u00f3n Eloy Alfaro. Maquinaria de la Prefectura de Esmeraldas fue trasladada inmediatamente al sitio para atender la emergencia. El fuerte temporal invernal que golpea la provincia de Esmeraldas tiene en alerta a t\u00e9cnicos e ingenieros de la Direcci\u00f3n de Infraestructura Vial, encargados de hacer frente a las emergencias.<\/p><p><strong>Ikler Medina Valencia<\/strong>, presidente del Comit\u00e9 Vial de la parroquia San Francisco de \u00d3nzole, describi\u00f3 que, debido a las precipitaciones dadas durante el mes de marzo de 2021, la tierra se desliz\u00f3, generando riesgos en la v\u00eda, y esto a su vez, afect\u00f3 a transportistas y pasajeros.<\/p><p>Seg\u00fan <strong>Medina<\/strong>, la Prefectura de Esmeraldas dio una respuesta oportuna al suceso. Sin embargo, aprovech\u00f3 para solicitar la construcci\u00f3n de una alcantarilla que permita encausar de mejor manera las aguas lluvias, en el sitio afectado.<\/p><p>Adem\u00e1s, agradeci\u00f3 la gesti\u00f3n desarrollada por Roberta Zambrano, prefecta de la provincia de Esmeraldas que, pese a las dificultades econ\u00f3micas, trabaja en la soluci\u00f3n de necesidades.<\/p><p>Acompa\u00f1ando las labores de excavaci\u00f3n y cambio de suelo, <strong>Geiser Corozo<\/strong>, vocal de la Junta Parroquial de San Francisco de \u00d3nzole manifest\u00f3 que, tras la soluci\u00f3n de los problemas, es de vital importancia seguir d\u00e1ndole mantenimiento a la v\u00eda, por donde diariamente se movilizan cargas de cacao, guan\u00e1bana, verde, papaya, banano, coco, ganado bovino, porcino y productos derivados de la leche.<\/p><p>Ante la oportuna reacci\u00f3n, comunidades como Gualpi del \u00d3nzole, Col\u00f3n del \u00d3nzole, Santo Domingo de \u00d3nzole, Zancudo, Arenales, poblaciones Chachis, Bocas de Iscuande, San Francisco, La Loma, Partidero, e Iscuandecito, retomaron el paso por la v\u00eda intervenida.<\/p>\t\t\t\t\t\t\t\t<\/div>\n\t\t\t\t<\/div>\n\t\t\t\t\t<\/div>\n\t\t<\/div>\n\t\t\t\t\t<\/div>\n\t\t<\/section>\n\t\t\t\t<\/div>\n\t\t","protected":false},"excerpt":{"rendered":"<p>Un hundimiento provocado por las lluvias amenaz\u00f3 con afectar la estabilidad y el paso por la v\u00eda que une a las parroquias Lagarto y San Francisco del \u00d3nzole, en el cant\u00f3n Eloy Alfaro. Maquinaria de la Prefectura de Esmeraldas fue trasladada inmediatamente al sitio para atender la emergencia. El fuerte temporal invernal que golpea la [&hellip;]<\/p>\n","protected":false},"author":2,"featured_media":9880,"comment_status":"closed","ping_status":"open","sticky":false,"template":"","format":"standard","meta":{"footnotes":""},"categories":[14],"tags":[],"class_list":["post-9879","post","type-post","status-publish","format-standard","has-post-thumbnail","hentry","category-vialidad"],"yoast_head":"<!-- This site is optimized with the Yoast SEO plugin v25.7 - https:\/\/yoast.com\/wordpress\/plugins\/seo\/ -->\n<title>Prefectura de Esmeraldas atiende emergencia vial en San Francisco de \u00d3nzole. - Gobierno Aut\u00f3nomo Descentralizado de la Provincia de Esmeraldas<\/title>\n<meta name=\"robots\" content=\"index, follow, max-snippet:-1, max-image-preview:large, max-video-preview:-1\" \/>\n<link rel=\"canonical\" href=\"https:\/\/prefecturadeesmeraldas.gob.ec\/index.php\/2021\/03\/10\/prefectura-de-esmeraldas-atiende-emergencia-vial-en-san-francisco-de-onzole\/\" \/>\n<meta property=\"og:locale\" content=\"es_ES\" \/>\n<meta property=\"og:type\" content=\"article\" \/>\n<meta property=\"og:title\" content=\"Prefectura de Esmeraldas atiende emergencia vial en San Francisco de \u00d3nzole. - Gobierno Aut\u00f3nomo Descentralizado de la Provincia de Esmeraldas\" \/>\n<meta property=\"og:description\" content=\"Un hundimiento provocado por las lluvias amenaz\u00f3 con afectar la estabilidad y el paso por la v\u00eda que une a las parroquias Lagarto y San Francisco del \u00d3nzole, en el cant\u00f3n Eloy Alfaro. Maquinaria de la Prefectura de Esmeraldas fue trasladada inmediatamente al sitio para atender la emergencia. El fuerte temporal invernal que golpea la [&hellip;]\" \/>\n<meta property=\"og:url\" content=\"https:\/\/prefecturadeesmeraldas.gob.ec\/index.php\/2021\/03\/10\/prefectura-de-esmeraldas-atiende-emergencia-vial-en-san-francisco-de-onzole\/\" \/>\n<meta property=\"og:site_name\" content=\"Gobierno Aut\u00f3nomo Descentralizado de la Provincia de Esmeraldas\" \/>\n<meta property=\"article:publisher\" content=\"https:\/\/www.facebook.com\/PrefecturaEsmeraldas\/\" \/>\n<meta property=\"article:published_time\" content=\"2021-03-10T20:04:08+00:00\" \/>\n<meta property=\"article:modified_time\" content=\"2021-03-10T20:04:37+00:00\" \/>\n<meta property=\"og:image\" content=\"https:\/\/prefecturadeesmeraldas.gob.ec\/wp-content\/uploads\/2021\/03\/BOLETIN-0260.jpg\" \/>\n\t<meta property=\"og:image:width\" content=\"942\" \/>\n\t<meta property=\"og:image:height\" content=\"942\" \/>\n\t<meta property=\"og:image:type\" content=\"image\/jpeg\" \/>\n<meta name=\"author\" content=\"Direcci\u00f3n de Comunicaci\u00f3n\" \/>\n<meta name=\"twitter:card\" content=\"summary_large_image\" \/>\n<meta name=\"twitter:label1\" content=\"Escrito por\" \/>\n\t<meta name=\"twitter:data1\" content=\"Direcci\u00f3n de Comunicaci\u00f3n\" \/>\n\t<meta name=\"twitter:label2\" content=\"Tiempo de lectura\" \/>\n\t<meta name=\"twitter:data2\" content=\"2 minutos\" \/>\n<script type=\"application\/ld+json\" class=\"yoast-schema-graph\">{\"@context\":\"https:\/\/schema.org\",\"@graph\":[{\"@type\":\"Article\",\"@id\":\"https:\/\/prefecturadeesmeraldas.gob.ec\/index.php\/2021\/03\/10\/prefectura-de-esmeraldas-atiende-emergencia-vial-en-san-francisco-de-onzole\/#article\",\"isPartOf\":{\"@id\":\"https:\/\/prefecturadeesmeraldas.gob.ec\/index.php\/2021\/03\/10\/prefectura-de-esmeraldas-atiende-emergencia-vial-en-san-francisco-de-onzole\/\"},\"author\":{\"name\":\"Direcci\u00f3n de Comunicaci\u00f3n\",\"@id\":\"https:\/\/prefecturadeesmeraldas.gob.ec\/#\/schema\/person\/b0c9e7b1ead7725994d1e319e8825234\"},\"headline\":\"Prefectura de Esmeraldas atiende emergencia vial en San Francisco de \u00d3nzole.\",\"datePublished\":\"2021-03-10T20:04:08+00:00\",\"dateModified\":\"2021-03-10T20:04:37+00:00\",\"mainEntityOfPage\":{\"@id\":\"https:\/\/prefecturadeesmeraldas.gob.ec\/index.php\/2021\/03\/10\/prefectura-de-esmeraldas-atiende-emergencia-vial-en-san-francisco-de-onzole\/\"},\"wordCount\":314,\"publisher\":{\"@id\":\"https:\/\/prefecturadeesmeraldas.gob.ec\/#organization\"},\"image\":{\"@id\":\"https:\/\/prefecturadeesmeraldas.gob.ec\/index.php\/2021\/03\/10\/prefectura-de-esmeraldas-atiende-emergencia-vial-en-san-francisco-de-onzole\/#primaryimage\"},\"thumbnailUrl\":\"https:\/\/prefecturadeesmeraldas.gob.ec\/wp-content\/uploads\/2021\/03\/BOLETIN-0260.jpg\",\"articleSection\":[\"Vialidad\"],\"inLanguage\":\"es\"},{\"@type\":\"WebPage\",\"@id\":\"https:\/\/prefecturadeesmeraldas.gob.ec\/index.php\/2021\/03\/10\/prefectura-de-esmeraldas-atiende-emergencia-vial-en-san-francisco-de-onzole\/\",\"url\":\"https:\/\/prefecturadeesmeraldas.gob.ec\/index.php\/2021\/03\/10\/prefectura-de-esmeraldas-atiende-emergencia-vial-en-san-francisco-de-onzole\/\",\"name\":\"Prefectura de Esmeraldas atiende emergencia vial en San Francisco de \u00d3nzole. - Gobierno Aut\u00f3nomo Descentralizado de la Provincia de Esmeraldas\",\"isPartOf\":{\"@id\":\"https:\/\/prefecturadeesmeraldas.gob.ec\/#website\"},\"primaryImageOfPage\":{\"@id\":\"https:\/\/prefecturadeesmeraldas.gob.ec\/index.php\/2021\/03\/10\/prefectura-de-esmeraldas-atiende-emergencia-vial-en-san-francisco-de-onzole\/#primaryimage\"},\"image\":{\"@id\":\"https:\/\/prefecturadeesmeraldas.gob.ec\/index.php\/2021\/03\/10\/prefectura-de-esmeraldas-atiende-emergencia-vial-en-san-francisco-de-onzole\/#primaryimage\"},\"thumbnailUrl\":\"https:\/\/prefecturadeesmeraldas.gob.ec\/wp-content\/uploads\/2021\/03\/BOLETIN-0260.jpg\",\"datePublished\":\"2021-03-10T20:04:08+00:00\",\"dateModified\":\"2021-03-10T20:04:37+00:00\",\"breadcrumb\":{\"@id\":\"https:\/\/prefecturadeesmeraldas.gob.ec\/index.php\/2021\/03\/10\/prefectura-de-esmeraldas-atiende-emergencia-vial-en-san-francisco-de-onzole\/#breadcrumb\"},\"inLanguage\":\"es\",\"potentialAction\":[{\"@type\":\"ReadAction\",\"target\":[\"https:\/\/prefecturadeesmeraldas.gob.ec\/index.php\/2021\/03\/10\/prefectura-de-esmeraldas-atiende-emergencia-vial-en-san-francisco-de-onzole\/\"]}]},{\"@type\":\"ImageObject\",\"inLanguage\":\"es\",\"@id\":\"https:\/\/prefecturadeesmeraldas.gob.ec\/index.php\/2021\/03\/10\/prefectura-de-esmeraldas-atiende-emergencia-vial-en-san-francisco-de-onzole\/#primaryimage\",\"url\":\"https:\/\/prefecturadeesmeraldas.gob.ec\/wp-content\/uploads\/2021\/03\/BOLETIN-0260.jpg\",\"contentUrl\":\"https:\/\/prefecturadeesmeraldas.gob.ec\/wp-content\/uploads\/2021\/03\/BOLETIN-0260.jpg\",\"width\":942,\"height\":942},{\"@type\":\"BreadcrumbList\",\"@id\":\"https:\/\/prefecturadeesmeraldas.gob.ec\/index.php\/2021\/03\/10\/prefectura-de-esmeraldas-atiende-emergencia-vial-en-san-francisco-de-onzole\/#breadcrumb\",\"itemListElement\":[{\"@type\":\"ListItem\",\"position\":1,\"name\":\"Home\",\"item\":\"https:\/\/prefecturadeesmeraldas.gob.ec\/\"},{\"@type\":\"ListItem\",\"position\":2,\"name\":\"Prefectura de Esmeraldas atiende emergencia vial en San Francisco de \u00d3nzole.\"}]},{\"@type\":\"WebSite\",\"@id\":\"https:\/\/prefecturadeesmeraldas.gob.ec\/#website\",\"url\":\"https:\/\/prefecturadeesmeraldas.gob.ec\/\",\"name\":\"Gobierno Aut\u00f3nomo Descentralizado de la Provincia de Esmeraldas\",\"description\":\"Gobierno Aut\u00f3nomo Descentralizado de la Provincia de Esmeraldas\",\"publisher\":{\"@id\":\"https:\/\/prefecturadeesmeraldas.gob.ec\/#organization\"},\"potentialAction\":[{\"@type\":\"SearchAction\",\"target\":{\"@type\":\"EntryPoint\",\"urlTemplate\":\"https:\/\/prefecturadeesmeraldas.gob.ec\/?s={search_term_string}\"},\"query-input\":{\"@type\":\"PropertyValueSpecification\",\"valueRequired\":true,\"valueName\":\"search_term_string\"}}],\"inLanguage\":\"es\"},{\"@type\":\"Organization\",\"@id\":\"https:\/\/prefecturadeesmeraldas.gob.ec\/#organization\",\"name\":\"Gobierno Aut\u00f3nomo Descentralizado de la Provincia de Esmeraldas\",\"url\":\"https:\/\/prefecturadeesmeraldas.gob.ec\/\",\"logo\":{\"@type\":\"ImageObject\",\"inLanguage\":\"es\",\"@id\":\"https:\/\/prefecturadeesmeraldas.gob.ec\/#\/schema\/logo\/image\/\",\"url\":\"https:\/\/prefecturadeesmeraldas.gob.ec\/wp-content\/uploads\/2019\/06\/logo.png\",\"contentUrl\":\"https:\/\/prefecturadeesmeraldas.gob.ec\/wp-content\/uploads\/2019\/06\/logo.png\",\"width\":859,\"height\":448,\"caption\":\"Gobierno Aut\u00f3nomo Descentralizado de la Provincia de Esmeraldas\"},\"image\":{\"@id\":\"https:\/\/prefecturadeesmeraldas.gob.ec\/#\/schema\/logo\/image\/\"},\"sameAs\":[\"https:\/\/www.facebook.com\/PrefecturaEsmeraldas\/\"]},{\"@type\":\"Person\",\"@id\":\"https:\/\/prefecturadeesmeraldas.gob.ec\/#\/schema\/person\/b0c9e7b1ead7725994d1e319e8825234\",\"name\":\"Direcci\u00f3n de Comunicaci\u00f3n\",\"image\":{\"@type\":\"ImageObject\",\"inLanguage\":\"es\",\"@id\":\"https:\/\/prefecturadeesmeraldas.gob.ec\/#\/schema\/person\/image\/\",\"url\":\"https:\/\/secure.gravatar.com\/avatar\/74a3870a946f5d774ade3569af61a72308e07ad3346f370c4b468ee2a9858658?s=96&d=mm&r=g\",\"contentUrl\":\"https:\/\/secure.gravatar.com\/avatar\/74a3870a946f5d774ade3569af61a72308e07ad3346f370c4b468ee2a9858658?s=96&d=mm&r=g\",\"caption\":\"Direcci\u00f3n de Comunicaci\u00f3n\"}}]}<\/script>\n<!-- \/ Yoast SEO plugin. -->","yoast_head_json":{"title":"Prefectura de Esmeraldas atiende emergencia vial en San Francisco de \u00d3nzole. - Gobierno Aut\u00f3nomo Descentralizado de la Provincia de Esmeraldas","robots":{"index":"index","follow":"follow","max-snippet":"max-snippet:-1","max-image-preview":"max-image-preview:large","max-video-preview":"max-video-preview:-1"},"canonical":"https:\/\/prefecturadeesmeraldas.gob.ec\/index.php\/2021\/03\/10\/prefectura-de-esmeraldas-atiende-emergencia-vial-en-san-francisco-de-onzole\/","og_locale":"es_ES","og_type":"article","og_title":"Prefectura de Esmeraldas atiende emergencia vial en San Francisco de \u00d3nzole. - Gobierno Aut\u00f3nomo Descentralizado de la Provincia de Esmeraldas","og_description":"Un hundimiento provocado por las lluvias amenaz\u00f3 con afectar la estabilidad y el paso por la v\u00eda que une a las parroquias Lagarto y San Francisco del \u00d3nzole, en el cant\u00f3n Eloy Alfaro. Maquinaria de la Prefectura de Esmeraldas fue trasladada inmediatamente al sitio para atender la emergencia. El fuerte temporal invernal que golpea la [&hellip;]","og_url":"https:\/\/prefecturadeesmeraldas.gob.ec\/index.php\/2021\/03\/10\/prefectura-de-esmeraldas-atiende-emergencia-vial-en-san-francisco-de-onzole\/","og_site_name":"Gobierno Aut\u00f3nomo Descentralizado de la Provincia de Esmeraldas","article_publisher":"https:\/\/www.facebook.com\/PrefecturaEsmeraldas\/","article_published_time":"2021-03-10T20:04:08+00:00","article_modified_time":"2021-03-10T20:04:37+00:00","og_image":[{"width":942,"height":942,"url":"https:\/\/prefecturadeesmeraldas.gob.ec\/wp-content\/uploads\/2021\/03\/BOLETIN-0260.jpg","type":"image\/jpeg"}],"author":"Direcci\u00f3n de Comunicaci\u00f3n","twitter_card":"summary_large_image","twitter_misc":{"Escrito por":"Direcci\u00f3n de Comunicaci\u00f3n","Tiempo de lectura":"2 minutos"},"schema":{"@context":"https:\/\/schema.org","@graph":[{"@type":"Article","@id":"https:\/\/prefecturadeesmeraldas.gob.ec\/index.php\/2021\/03\/10\/prefectura-de-esmeraldas-atiende-emergencia-vial-en-san-francisco-de-onzole\/#article","isPartOf":{"@id":"https:\/\/prefecturadeesmeraldas.gob.ec\/index.php\/2021\/03\/10\/prefectura-de-esmeraldas-atiende-emergencia-vial-en-san-francisco-de-onzole\/"},"author":{"name":"Direcci\u00f3n de Comunicaci\u00f3n","@id":"https:\/\/prefecturadeesmeraldas.gob.ec\/#\/schema\/person\/b0c9e7b1ead7725994d1e319e8825234"},"headline":"Prefectura de Esmeraldas atiende emergencia vial en San Francisco de \u00d3nzole.","datePublished":"2021-03-10T20:04:08+00:00","dateModified":"2021-03-10T20:04:37+00:00","mainEntityOfPage":{"@id":"https:\/\/prefecturadeesmeraldas.gob.ec\/index.php\/2021\/03\/10\/prefectura-de-esmeraldas-atiende-emergencia-vial-en-san-francisco-de-onzole\/"},"wordCount":314,"publisher":{"@id":"https:\/\/prefecturadeesmeraldas.gob.ec\/#organization"},"image":{"@id":"https:\/\/prefecturadeesmeraldas.gob.ec\/index.php\/2021\/03\/10\/prefectura-de-esmeraldas-atiende-emergencia-vial-en-san-francisco-de-onzole\/#primaryimage"},"thumbnailUrl":"https:\/\/prefecturadeesmeraldas.gob.ec\/wp-content\/uploads\/2021\/03\/BOLETIN-0260.jpg","articleSection":["Vialidad"],"inLanguage":"es"},{"@type":"WebPage","@id":"https:\/\/prefecturadeesmeraldas.gob.ec\/index.php\/2021\/03\/10\/prefectura-de-esmeraldas-atiende-emergencia-vial-en-san-francisco-de-onzole\/","url":"https:\/\/prefecturadeesmeraldas.gob.ec\/index.php\/2021\/03\/10\/prefectura-de-esmeraldas-atiende-emergencia-vial-en-san-francisco-de-onzole\/","name":"Prefectura de Esmeraldas atiende emergencia vial en San Francisco de \u00d3nzole. - Gobierno Aut\u00f3nomo Descentralizado de la Provincia de Esmeraldas","isPartOf":{"@id":"https:\/\/prefecturadeesmeraldas.gob.ec\/#website"},"primaryImageOfPage":{"@id":"https:\/\/prefecturadeesmeraldas.gob.ec\/index.php\/2021\/03\/10\/prefectura-de-esmeraldas-atiende-emergencia-vial-en-san-francisco-de-onzole\/#primaryimage"},"image":{"@id":"https:\/\/prefecturadeesmeraldas.gob.ec\/index.php\/2021\/03\/10\/prefectura-de-esmeraldas-atiende-emergencia-vial-en-san-francisco-de-onzole\/#primaryimage"},"thumbnailUrl":"https:\/\/prefecturadeesmeraldas.gob.ec\/wp-content\/uploads\/2021\/03\/BOLETIN-0260.jpg","datePublished":"2021-03-10T20:04:08+00:00","dateModified":"2021-03-10T20:04:37+00:00","breadcrumb":{"@id":"https:\/\/prefecturadeesmeraldas.gob.ec\/index.php\/2021\/03\/10\/prefectura-de-esmeraldas-atiende-emergencia-vial-en-san-francisco-de-onzole\/#breadcrumb"},"inLanguage":"es","potentialAction":[{"@type":"ReadAction","target":["https:\/\/prefecturadeesmeraldas.gob.ec\/index.php\/2021\/03\/10\/prefectura-de-esmeraldas-atiende-emergencia-vial-en-san-francisco-de-onzole\/"]}]},{"@type":"ImageObject","inLanguage":"es","@id":"https:\/\/prefecturadeesmeraldas.gob.ec\/index.php\/2021\/03\/10\/prefectura-de-esmeraldas-atiende-emergencia-vial-en-san-francisco-de-onzole\/#primaryimage","url":"https:\/\/prefecturadeesmeraldas.gob.ec\/wp-content\/uploads\/2021\/03\/BOLETIN-0260.jpg","contentUrl":"https:\/\/prefecturadeesmeraldas.gob.ec\/wp-content\/uploads\/2021\/03\/BOLETIN-0260.jpg","width":942,"height":942},{"@type":"BreadcrumbList","@id":"https:\/\/prefecturadeesmeraldas.gob.ec\/index.php\/2021\/03\/10\/prefectura-de-esmeraldas-atiende-emergencia-vial-en-san-francisco-de-onzole\/#breadcrumb","itemListElement":[{"@type":"ListItem","position":1,"name":"Home","item":"https:\/\/prefecturadeesmeraldas.gob.ec\/"},{"@type":"ListItem","position":2,"name":"Prefectura de Esmeraldas atiende emergencia vial en San Francisco de \u00d3nzole."}]},{"@type":"WebSite","@id":"https:\/\/prefecturadeesmeraldas.gob.ec\/#website","url":"https:\/\/prefecturadeesmeraldas.gob.ec\/","name":"Gobierno Aut\u00f3nomo Descentralizado de la Provincia de Esmeraldas","description":"Gobierno Aut\u00f3nomo Descentralizado de la Provincia de Esmeraldas","publisher":{"@id":"https:\/\/prefecturadeesmeraldas.gob.ec\/#organization"},"potentialAction":[{"@type":"SearchAction","target":{"@type":"EntryPoint","urlTemplate":"https:\/\/prefecturadeesmeraldas.gob.ec\/?s={search_term_string}"},"query-input":{"@type":"PropertyValueSpecification","valueRequired":true,"valueName":"search_term_string"}}],"inLanguage":"es"},{"@type":"Organization","@id":"https:\/\/prefecturadeesmeraldas.gob.ec\/#organization","name":"Gobierno Aut\u00f3nomo Descentralizado de la Provincia de Esmeraldas","url":"https:\/\/prefecturadeesmeraldas.gob.ec\/","logo":{"@type":"ImageObject","inLanguage":"es","@id":"https:\/\/prefecturadeesmeraldas.gob.ec\/#\/schema\/logo\/image\/","url":"https:\/\/prefecturadeesmeraldas.gob.ec\/wp-content\/uploads\/2019\/06\/logo.png","contentUrl":"https:\/\/prefecturadeesmeraldas.gob.ec\/wp-content\/uploads\/2019\/06\/logo.png","width":859,"height":448,"caption":"Gobierno Aut\u00f3nomo Descentralizado de la Provincia de Esmeraldas"},"image":{"@id":"https:\/\/prefecturadeesmeraldas.gob.ec\/#\/schema\/logo\/image\/"},"sameAs":["https:\/\/www.facebook.com\/PrefecturaEsmeraldas\/"]},{"@type":"Person","@id":"https:\/\/prefecturadeesmeraldas.gob.ec\/#\/schema\/person\/b0c9e7b1ead7725994d1e319e8825234","name":"Direcci\u00f3n de Comunicaci\u00f3n","image":{"@type":"ImageObject","inLanguage":"es","@id":"https:\/\/prefecturadeesmeraldas.gob.ec\/#\/schema\/person\/image\/","url":"https:\/\/secure.gravatar.com\/avatar\/74a3870a946f5d774ade3569af61a72308e07ad3346f370c4b468ee2a9858658?s=96&d=mm&r=g","contentUrl":"https:\/\/secure.gravatar.com\/avatar\/74a3870a946f5d774ade3569af61a72308e07ad3346f370c4b468ee2a9858658?s=96&d=mm&r=g","caption":"Direcci\u00f3n de Comunicaci\u00f3n"}}]}},"_links":{"self":[{"href":"https:\/\/prefecturadeesmeraldas.gob.ec\/index.php\/wp-json\/wp\/v2\/posts\/9879","targetHints":{"allow":["GET"]}}],"collection":[{"href":"https:\/\/prefecturadeesmeraldas.gob.ec\/index.php\/wp-json\/wp\/v2\/posts"}],"about":[{"href":"https:\/\/prefecturadeesmeraldas.gob.ec\/index.php\/wp-json\/wp\/v2\/types\/post"}],"author":[{"embeddable":true,"href":"https:\/\/prefecturadeesmeraldas.gob.ec\/index.php\/wp-json\/wp\/v2\/users\/2"}],"replies":[{"embeddable":true,"href":"https:\/\/prefecturadeesmeraldas.gob.ec\/index.php\/wp-json\/wp\/v2\/comments?post=9879"}],"version-history":[{"count":0,"href":"https:\/\/prefecturadeesmeraldas.gob.ec\/index.php\/wp-json\/wp\/v2\/posts\/9879\/revisions"}],"wp:featuredmedia":[{"embeddable":true,"href":"https:\/\/prefecturadeesmeraldas.gob.ec\/index.php\/wp-json\/wp\/v2\/media\/9880"}],"wp:attachment":[{"href":"https:\/\/prefecturadeesmeraldas.gob.ec\/index.php\/wp-json\/wp\/v2\/media?parent=9879"}],"wp:term":[{"taxonomy":"category","embeddable":true,"href":"https:\/\/prefecturadeesmeraldas.gob.ec\/index.php\/wp-json\/wp\/v2\/categories?post=9879"},{"taxonomy":"post_tag","embeddable":true,"href":"https:\/\/prefecturadeesmeraldas.gob.ec\/index.php\/wp-json\/wp\/v2\/tags?post=9879"}],"curies":[{"name":"wp","href":"https:\/\/api.w.org\/{rel}","templated":true}]}}