{"id":9814,"date":"2021-03-08T09:16:41","date_gmt":"2021-03-08T14:16:41","guid":{"rendered":"http:\/\/prefecturadeesmeraldas.gob.ec\/?p=9814"},"modified":"2021-03-08T09:17:18","modified_gmt":"2021-03-08T14:17:18","slug":"con-entusiasmo-y-alegria-seguimos-trabajando-y-mejorando-caminos-en-la-zona-rural","status":"publish","type":"post","link":"https:\/\/prefecturadeesmeraldas.gob.ec\/index.php\/2021\/03\/08\/con-entusiasmo-y-alegria-seguimos-trabajando-y-mejorando-caminos-en-la-zona-rural\/","title":{"rendered":"Con entusiasmo y alegr\u00eda seguimos trabajando y mejorando caminos en la zona rural."},"content":{"rendered":"\t\t<div data-elementor-type=\"wp-post\" data-elementor-id=\"9814\" class=\"elementor elementor-9814\">\n\t\t\t\t\t\t<section class=\"elementor-section elementor-top-section elementor-element elementor-element-83444ef elementor-section-boxed elementor-section-height-default elementor-section-height-default\" data-id=\"83444ef\" data-element_type=\"section\">\n\t\t\t\t\t\t<div class=\"elementor-container elementor-column-gap-default\">\n\t\t\t\t\t<div class=\"elementor-column elementor-col-100 elementor-top-column elementor-element elementor-element-393da77\" data-id=\"393da77\" data-element_type=\"column\">\n\t\t\t<div class=\"elementor-widget-wrap elementor-element-populated\">\n\t\t\t\t\t\t<div class=\"elementor-element elementor-element-26f14f3 elementor-widget elementor-widget-image\" data-id=\"26f14f3\" data-element_type=\"widget\" data-widget_type=\"image.default\">\n\t\t\t\t<div class=\"elementor-widget-container\">\n\t\t\t\t\t\t\t\t\t\t\t\t\t\t\t<img fetchpriority=\"high\" decoding=\"async\" width=\"567\" height=\"563\" src=\"https:\/\/prefecturadeesmeraldas.gob.ec\/wp-content\/uploads\/2021\/03\/BOLETIN-0246.jpg\" class=\"attachment-large size-large wp-image-9759\" alt=\"\" srcset=\"https:\/\/prefecturadeesmeraldas.gob.ec\/wp-content\/uploads\/2021\/03\/BOLETIN-0246.jpg 567w, https:\/\/prefecturadeesmeraldas.gob.ec\/wp-content\/uploads\/2021\/03\/BOLETIN-0246-150x150.jpg 150w, https:\/\/prefecturadeesmeraldas.gob.ec\/wp-content\/uploads\/2021\/03\/BOLETIN-0246-300x298.jpg 300w\" sizes=\"(max-width: 567px) 100vw, 567px\" \/>\t\t\t\t\t\t\t\t\t\t\t\t\t\t\t<\/div>\n\t\t\t\t<\/div>\n\t\t\t\t\t<\/div>\n\t\t<\/div>\n\t\t\t\t\t<\/div>\n\t\t<\/section>\n\t\t\t\t<section class=\"elementor-section elementor-top-section elementor-element elementor-element-43d3bc0 elementor-section-boxed elementor-section-height-default elementor-section-height-default\" data-id=\"43d3bc0\" data-element_type=\"section\">\n\t\t\t\t\t\t<div class=\"elementor-container elementor-column-gap-default\">\n\t\t\t\t\t<div class=\"elementor-column elementor-col-100 elementor-top-column elementor-element elementor-element-5372711\" data-id=\"5372711\" data-element_type=\"column\">\n\t\t\t<div class=\"elementor-widget-wrap elementor-element-populated\">\n\t\t\t\t\t\t<div class=\"elementor-element elementor-element-b6b3b9d elementor-widget elementor-widget-text-editor\" data-id=\"b6b3b9d\" data-element_type=\"widget\" data-widget_type=\"text-editor.default\">\n\t\t\t\t<div class=\"elementor-widget-container\">\n\t\t\t\t\t\t\t\t\t<p>Con una motoniveladora, rodillo y un tanquero con agua, t\u00e9cnicos de la <strong>Prefectura de Esmeraldas<\/strong> realizan los trabajos de limpieza de cunetas y reconformaci\u00f3n de la v\u00eda que conduce desde la comunidad El Roto hasta la cabecera parroquial de Cube, en el cant\u00f3n Quinind\u00e9.<\/p><p>Estos trabajos se ejecutan con el objetivo de garantizar la movilidad de cientos de agricultores y el transporte de productos agropecuarios para ser comercializados.<\/p><p><strong>Iv\u00e1n Cheme<\/strong>, docente educativo, expres\u00f3 que es importante el mejoramiento que se ejecuta en la v\u00eda, ya que beneficiar\u00e1 a los agricultores de la zona. Cheme, pidi\u00f3 a la Prefecta de Esmeraldas seguir trabajando en materia vial ya que llevan d\u00e9cadas esperando cambiar la realidad que vive los pobladores de la parroquia Cube.<\/p><p>Lorenzo Chila, habitante de Tachina Afuera, dijo que la maquinaria ayudar\u00e1 a mejorar la movilidad y eso le aportar\u00e1 a su desarrollo socioecon\u00f3mico. &#8220;Gracias a la Prefecta que se est\u00e1 preocupando por nosotros, vamos a salir adelante y siempre estaremos apoy\u00e1ndola&#8221;, a\u00f1adi\u00f3.<\/p><p><strong>Vicente D\u00edaz<\/strong>, conductor de un veh\u00edculo, indic\u00f3 que los trabajos viales facilitar\u00e1n su movilizaci\u00f3n y podr\u00e1 llegar en menor tiempo a su lugar destino.\u00a0 El conductor, agreg\u00f3 que su veh\u00edculo ya no se ver\u00e1 afectado y agradeci\u00f3 a la Prefectura de Esmeraldas por el buen accionar a favor de los campesinos del sector.\u00a0<\/p><p>Para Benito Navarrete, comerciante de v\u00edveres, hay que felicitar al Gobierno Provincial por trabajar en la rehabilitaci\u00f3n de la v\u00eda.\u00a0 El hombre, se\u00f1al\u00f3 que los veh\u00edculos rodar\u00e1n sin sufrir afectaciones.\u00a0<\/p><p>&#8220;<strong>La felicito por su labor, empe\u00f1o y su af\u00e1n de trabajar a favor de las comunidades y que Dios la bendiga<\/strong>&#8220;, concluy\u00f3.\u00a0<\/p>\t\t\t\t\t\t\t\t<\/div>\n\t\t\t\t<\/div>\n\t\t\t\t\t<\/div>\n\t\t<\/div>\n\t\t\t\t\t<\/div>\n\t\t<\/section>\n\t\t\t\t<\/div>\n\t\t","protected":false},"excerpt":{"rendered":"<p>Con una motoniveladora, rodillo y un tanquero con agua, t\u00e9cnicos de la Prefectura de Esmeraldas realizan los trabajos de limpieza de cunetas y reconformaci\u00f3n de la v\u00eda que conduce desde la comunidad El Roto hasta la cabecera parroquial de Cube, en el cant\u00f3n Quinind\u00e9. Estos trabajos se ejecutan con el objetivo de garantizar la movilidad [&hellip;]<\/p>\n","protected":false},"author":2,"featured_media":9759,"comment_status":"closed","ping_status":"open","sticky":false,"template":"","format":"standard","meta":{"footnotes":""},"categories":[14],"tags":[],"class_list":["post-9814","post","type-post","status-publish","format-standard","has-post-thumbnail","hentry","category-vialidad"],"yoast_head":"<!-- This site is optimized with the Yoast SEO plugin v25.7 - https:\/\/yoast.com\/wordpress\/plugins\/seo\/ -->\n<title>Con entusiasmo y alegr\u00eda seguimos trabajando y mejorando caminos en la zona rural. - Gobierno Aut\u00f3nomo Descentralizado de la Provincia de Esmeraldas<\/title>\n<meta name=\"robots\" content=\"index, follow, max-snippet:-1, max-image-preview:large, max-video-preview:-1\" \/>\n<link rel=\"canonical\" href=\"https:\/\/prefecturadeesmeraldas.gob.ec\/index.php\/2021\/03\/08\/con-entusiasmo-y-alegria-seguimos-trabajando-y-mejorando-caminos-en-la-zona-rural\/\" \/>\n<meta property=\"og:locale\" content=\"es_ES\" \/>\n<meta property=\"og:type\" content=\"article\" \/>\n<meta property=\"og:title\" content=\"Con entusiasmo y alegr\u00eda seguimos trabajando y mejorando caminos en la zona rural. - Gobierno Aut\u00f3nomo Descentralizado de la Provincia de Esmeraldas\" \/>\n<meta property=\"og:description\" content=\"Con una motoniveladora, rodillo y un tanquero con agua, t\u00e9cnicos de la Prefectura de Esmeraldas realizan los trabajos de limpieza de cunetas y reconformaci\u00f3n de la v\u00eda que conduce desde la comunidad El Roto hasta la cabecera parroquial de Cube, en el cant\u00f3n Quinind\u00e9. Estos trabajos se ejecutan con el objetivo de garantizar la movilidad [&hellip;]\" \/>\n<meta property=\"og:url\" content=\"https:\/\/prefecturadeesmeraldas.gob.ec\/index.php\/2021\/03\/08\/con-entusiasmo-y-alegria-seguimos-trabajando-y-mejorando-caminos-en-la-zona-rural\/\" \/>\n<meta property=\"og:site_name\" content=\"Gobierno Aut\u00f3nomo Descentralizado de la Provincia de Esmeraldas\" \/>\n<meta property=\"article:publisher\" content=\"https:\/\/www.facebook.com\/PrefecturaEsmeraldas\/\" \/>\n<meta property=\"article:published_time\" content=\"2021-03-08T14:16:41+00:00\" \/>\n<meta property=\"article:modified_time\" content=\"2021-03-08T14:17:18+00:00\" \/>\n<meta property=\"og:image\" content=\"https:\/\/prefecturadeesmeraldas.gob.ec\/wp-content\/uploads\/2021\/03\/BOLETIN-0246.jpg\" \/>\n\t<meta property=\"og:image:width\" content=\"567\" \/>\n\t<meta property=\"og:image:height\" content=\"563\" \/>\n\t<meta property=\"og:image:type\" content=\"image\/jpeg\" \/>\n<meta name=\"author\" content=\"Direcci\u00f3n de Comunicaci\u00f3n\" \/>\n<meta name=\"twitter:card\" content=\"summary_large_image\" \/>\n<meta name=\"twitter:label1\" content=\"Escrito por\" \/>\n\t<meta name=\"twitter:data1\" content=\"Direcci\u00f3n de Comunicaci\u00f3n\" \/>\n\t<meta name=\"twitter:label2\" content=\"Tiempo de lectura\" \/>\n\t<meta name=\"twitter:data2\" content=\"1 minuto\" \/>\n<script type=\"application\/ld+json\" class=\"yoast-schema-graph\">{\"@context\":\"https:\/\/schema.org\",\"@graph\":[{\"@type\":\"Article\",\"@id\":\"https:\/\/prefecturadeesmeraldas.gob.ec\/index.php\/2021\/03\/08\/con-entusiasmo-y-alegria-seguimos-trabajando-y-mejorando-caminos-en-la-zona-rural\/#article\",\"isPartOf\":{\"@id\":\"https:\/\/prefecturadeesmeraldas.gob.ec\/index.php\/2021\/03\/08\/con-entusiasmo-y-alegria-seguimos-trabajando-y-mejorando-caminos-en-la-zona-rural\/\"},\"author\":{\"name\":\"Direcci\u00f3n de Comunicaci\u00f3n\",\"@id\":\"https:\/\/prefecturadeesmeraldas.gob.ec\/#\/schema\/person\/b0c9e7b1ead7725994d1e319e8825234\"},\"headline\":\"Con entusiasmo y alegr\u00eda seguimos trabajando y mejorando caminos en la zona rural.\",\"datePublished\":\"2021-03-08T14:16:41+00:00\",\"dateModified\":\"2021-03-08T14:17:18+00:00\",\"mainEntityOfPage\":{\"@id\":\"https:\/\/prefecturadeesmeraldas.gob.ec\/index.php\/2021\/03\/08\/con-entusiasmo-y-alegria-seguimos-trabajando-y-mejorando-caminos-en-la-zona-rural\/\"},\"wordCount\":305,\"publisher\":{\"@id\":\"https:\/\/prefecturadeesmeraldas.gob.ec\/#organization\"},\"image\":{\"@id\":\"https:\/\/prefecturadeesmeraldas.gob.ec\/index.php\/2021\/03\/08\/con-entusiasmo-y-alegria-seguimos-trabajando-y-mejorando-caminos-en-la-zona-rural\/#primaryimage\"},\"thumbnailUrl\":\"https:\/\/prefecturadeesmeraldas.gob.ec\/wp-content\/uploads\/2021\/03\/BOLETIN-0246.jpg\",\"articleSection\":[\"Vialidad\"],\"inLanguage\":\"es\"},{\"@type\":\"WebPage\",\"@id\":\"https:\/\/prefecturadeesmeraldas.gob.ec\/index.php\/2021\/03\/08\/con-entusiasmo-y-alegria-seguimos-trabajando-y-mejorando-caminos-en-la-zona-rural\/\",\"url\":\"https:\/\/prefecturadeesmeraldas.gob.ec\/index.php\/2021\/03\/08\/con-entusiasmo-y-alegria-seguimos-trabajando-y-mejorando-caminos-en-la-zona-rural\/\",\"name\":\"Con entusiasmo y alegr\u00eda seguimos trabajando y mejorando caminos en la zona rural. - Gobierno Aut\u00f3nomo Descentralizado de la Provincia de Esmeraldas\",\"isPartOf\":{\"@id\":\"https:\/\/prefecturadeesmeraldas.gob.ec\/#website\"},\"primaryImageOfPage\":{\"@id\":\"https:\/\/prefecturadeesmeraldas.gob.ec\/index.php\/2021\/03\/08\/con-entusiasmo-y-alegria-seguimos-trabajando-y-mejorando-caminos-en-la-zona-rural\/#primaryimage\"},\"image\":{\"@id\":\"https:\/\/prefecturadeesmeraldas.gob.ec\/index.php\/2021\/03\/08\/con-entusiasmo-y-alegria-seguimos-trabajando-y-mejorando-caminos-en-la-zona-rural\/#primaryimage\"},\"thumbnailUrl\":\"https:\/\/prefecturadeesmeraldas.gob.ec\/wp-content\/uploads\/2021\/03\/BOLETIN-0246.jpg\",\"datePublished\":\"2021-03-08T14:16:41+00:00\",\"dateModified\":\"2021-03-08T14:17:18+00:00\",\"breadcrumb\":{\"@id\":\"https:\/\/prefecturadeesmeraldas.gob.ec\/index.php\/2021\/03\/08\/con-entusiasmo-y-alegria-seguimos-trabajando-y-mejorando-caminos-en-la-zona-rural\/#breadcrumb\"},\"inLanguage\":\"es\",\"potentialAction\":[{\"@type\":\"ReadAction\",\"target\":[\"https:\/\/prefecturadeesmeraldas.gob.ec\/index.php\/2021\/03\/08\/con-entusiasmo-y-alegria-seguimos-trabajando-y-mejorando-caminos-en-la-zona-rural\/\"]}]},{\"@type\":\"ImageObject\",\"inLanguage\":\"es\",\"@id\":\"https:\/\/prefecturadeesmeraldas.gob.ec\/index.php\/2021\/03\/08\/con-entusiasmo-y-alegria-seguimos-trabajando-y-mejorando-caminos-en-la-zona-rural\/#primaryimage\",\"url\":\"https:\/\/prefecturadeesmeraldas.gob.ec\/wp-content\/uploads\/2021\/03\/BOLETIN-0246.jpg\",\"contentUrl\":\"https:\/\/prefecturadeesmeraldas.gob.ec\/wp-content\/uploads\/2021\/03\/BOLETIN-0246.jpg\",\"width\":567,\"height\":563},{\"@type\":\"BreadcrumbList\",\"@id\":\"https:\/\/prefecturadeesmeraldas.gob.ec\/index.php\/2021\/03\/08\/con-entusiasmo-y-alegria-seguimos-trabajando-y-mejorando-caminos-en-la-zona-rural\/#breadcrumb\",\"itemListElement\":[{\"@type\":\"ListItem\",\"position\":1,\"name\":\"Home\",\"item\":\"https:\/\/prefecturadeesmeraldas.gob.ec\/\"},{\"@type\":\"ListItem\",\"position\":2,\"name\":\"Con entusiasmo y alegr\u00eda seguimos trabajando y mejorando caminos en la zona rural.\"}]},{\"@type\":\"WebSite\",\"@id\":\"https:\/\/prefecturadeesmeraldas.gob.ec\/#website\",\"url\":\"https:\/\/prefecturadeesmeraldas.gob.ec\/\",\"name\":\"Gobierno Aut\u00f3nomo Descentralizado de la Provincia de Esmeraldas\",\"description\":\"Gobierno Aut\u00f3nomo Descentralizado de la Provincia de Esmeraldas\",\"publisher\":{\"@id\":\"https:\/\/prefecturadeesmeraldas.gob.ec\/#organization\"},\"potentialAction\":[{\"@type\":\"SearchAction\",\"target\":{\"@type\":\"EntryPoint\",\"urlTemplate\":\"https:\/\/prefecturadeesmeraldas.gob.ec\/?s={search_term_string}\"},\"query-input\":{\"@type\":\"PropertyValueSpecification\",\"valueRequired\":true,\"valueName\":\"search_term_string\"}}],\"inLanguage\":\"es\"},{\"@type\":\"Organization\",\"@id\":\"https:\/\/prefecturadeesmeraldas.gob.ec\/#organization\",\"name\":\"Gobierno Aut\u00f3nomo Descentralizado de la Provincia de Esmeraldas\",\"url\":\"https:\/\/prefecturadeesmeraldas.gob.ec\/\",\"logo\":{\"@type\":\"ImageObject\",\"inLanguage\":\"es\",\"@id\":\"https:\/\/prefecturadeesmeraldas.gob.ec\/#\/schema\/logo\/image\/\",\"url\":\"https:\/\/prefecturadeesmeraldas.gob.ec\/wp-content\/uploads\/2019\/06\/logo.png\",\"contentUrl\":\"https:\/\/prefecturadeesmeraldas.gob.ec\/wp-content\/uploads\/2019\/06\/logo.png\",\"width\":859,\"height\":448,\"caption\":\"Gobierno Aut\u00f3nomo Descentralizado de la Provincia de Esmeraldas\"},\"image\":{\"@id\":\"https:\/\/prefecturadeesmeraldas.gob.ec\/#\/schema\/logo\/image\/\"},\"sameAs\":[\"https:\/\/www.facebook.com\/PrefecturaEsmeraldas\/\"]},{\"@type\":\"Person\",\"@id\":\"https:\/\/prefecturadeesmeraldas.gob.ec\/#\/schema\/person\/b0c9e7b1ead7725994d1e319e8825234\",\"name\":\"Direcci\u00f3n de Comunicaci\u00f3n\",\"image\":{\"@type\":\"ImageObject\",\"inLanguage\":\"es\",\"@id\":\"https:\/\/prefecturadeesmeraldas.gob.ec\/#\/schema\/person\/image\/\",\"url\":\"https:\/\/secure.gravatar.com\/avatar\/74a3870a946f5d774ade3569af61a72308e07ad3346f370c4b468ee2a9858658?s=96&d=mm&r=g\",\"contentUrl\":\"https:\/\/secure.gravatar.com\/avatar\/74a3870a946f5d774ade3569af61a72308e07ad3346f370c4b468ee2a9858658?s=96&d=mm&r=g\",\"caption\":\"Direcci\u00f3n de Comunicaci\u00f3n\"}}]}<\/script>\n<!-- \/ Yoast SEO plugin. -->","yoast_head_json":{"title":"Con entusiasmo y alegr\u00eda seguimos trabajando y mejorando caminos en la zona rural. - Gobierno Aut\u00f3nomo Descentralizado de la Provincia de Esmeraldas","robots":{"index":"index","follow":"follow","max-snippet":"max-snippet:-1","max-image-preview":"max-image-preview:large","max-video-preview":"max-video-preview:-1"},"canonical":"https:\/\/prefecturadeesmeraldas.gob.ec\/index.php\/2021\/03\/08\/con-entusiasmo-y-alegria-seguimos-trabajando-y-mejorando-caminos-en-la-zona-rural\/","og_locale":"es_ES","og_type":"article","og_title":"Con entusiasmo y alegr\u00eda seguimos trabajando y mejorando caminos en la zona rural. - Gobierno Aut\u00f3nomo Descentralizado de la Provincia de Esmeraldas","og_description":"Con una motoniveladora, rodillo y un tanquero con agua, t\u00e9cnicos de la Prefectura de Esmeraldas realizan los trabajos de limpieza de cunetas y reconformaci\u00f3n de la v\u00eda que conduce desde la comunidad El Roto hasta la cabecera parroquial de Cube, en el cant\u00f3n Quinind\u00e9. Estos trabajos se ejecutan con el objetivo de garantizar la movilidad [&hellip;]","og_url":"https:\/\/prefecturadeesmeraldas.gob.ec\/index.php\/2021\/03\/08\/con-entusiasmo-y-alegria-seguimos-trabajando-y-mejorando-caminos-en-la-zona-rural\/","og_site_name":"Gobierno Aut\u00f3nomo Descentralizado de la Provincia de Esmeraldas","article_publisher":"https:\/\/www.facebook.com\/PrefecturaEsmeraldas\/","article_published_time":"2021-03-08T14:16:41+00:00","article_modified_time":"2021-03-08T14:17:18+00:00","og_image":[{"width":567,"height":563,"url":"https:\/\/prefecturadeesmeraldas.gob.ec\/wp-content\/uploads\/2021\/03\/BOLETIN-0246.jpg","type":"image\/jpeg"}],"author":"Direcci\u00f3n de Comunicaci\u00f3n","twitter_card":"summary_large_image","twitter_misc":{"Escrito por":"Direcci\u00f3n de Comunicaci\u00f3n","Tiempo de lectura":"1 minuto"},"schema":{"@context":"https:\/\/schema.org","@graph":[{"@type":"Article","@id":"https:\/\/prefecturadeesmeraldas.gob.ec\/index.php\/2021\/03\/08\/con-entusiasmo-y-alegria-seguimos-trabajando-y-mejorando-caminos-en-la-zona-rural\/#article","isPartOf":{"@id":"https:\/\/prefecturadeesmeraldas.gob.ec\/index.php\/2021\/03\/08\/con-entusiasmo-y-alegria-seguimos-trabajando-y-mejorando-caminos-en-la-zona-rural\/"},"author":{"name":"Direcci\u00f3n de Comunicaci\u00f3n","@id":"https:\/\/prefecturadeesmeraldas.gob.ec\/#\/schema\/person\/b0c9e7b1ead7725994d1e319e8825234"},"headline":"Con entusiasmo y alegr\u00eda seguimos trabajando y mejorando caminos en la zona rural.","datePublished":"2021-03-08T14:16:41+00:00","dateModified":"2021-03-08T14:17:18+00:00","mainEntityOfPage":{"@id":"https:\/\/prefecturadeesmeraldas.gob.ec\/index.php\/2021\/03\/08\/con-entusiasmo-y-alegria-seguimos-trabajando-y-mejorando-caminos-en-la-zona-rural\/"},"wordCount":305,"publisher":{"@id":"https:\/\/prefecturadeesmeraldas.gob.ec\/#organization"},"image":{"@id":"https:\/\/prefecturadeesmeraldas.gob.ec\/index.php\/2021\/03\/08\/con-entusiasmo-y-alegria-seguimos-trabajando-y-mejorando-caminos-en-la-zona-rural\/#primaryimage"},"thumbnailUrl":"https:\/\/prefecturadeesmeraldas.gob.ec\/wp-content\/uploads\/2021\/03\/BOLETIN-0246.jpg","articleSection":["Vialidad"],"inLanguage":"es"},{"@type":"WebPage","@id":"https:\/\/prefecturadeesmeraldas.gob.ec\/index.php\/2021\/03\/08\/con-entusiasmo-y-alegria-seguimos-trabajando-y-mejorando-caminos-en-la-zona-rural\/","url":"https:\/\/prefecturadeesmeraldas.gob.ec\/index.php\/2021\/03\/08\/con-entusiasmo-y-alegria-seguimos-trabajando-y-mejorando-caminos-en-la-zona-rural\/","name":"Con entusiasmo y alegr\u00eda seguimos trabajando y mejorando caminos en la zona rural. - Gobierno Aut\u00f3nomo Descentralizado de la Provincia de Esmeraldas","isPartOf":{"@id":"https:\/\/prefecturadeesmeraldas.gob.ec\/#website"},"primaryImageOfPage":{"@id":"https:\/\/prefecturadeesmeraldas.gob.ec\/index.php\/2021\/03\/08\/con-entusiasmo-y-alegria-seguimos-trabajando-y-mejorando-caminos-en-la-zona-rural\/#primaryimage"},"image":{"@id":"https:\/\/prefecturadeesmeraldas.gob.ec\/index.php\/2021\/03\/08\/con-entusiasmo-y-alegria-seguimos-trabajando-y-mejorando-caminos-en-la-zona-rural\/#primaryimage"},"thumbnailUrl":"https:\/\/prefecturadeesmeraldas.gob.ec\/wp-content\/uploads\/2021\/03\/BOLETIN-0246.jpg","datePublished":"2021-03-08T14:16:41+00:00","dateModified":"2021-03-08T14:17:18+00:00","breadcrumb":{"@id":"https:\/\/prefecturadeesmeraldas.gob.ec\/index.php\/2021\/03\/08\/con-entusiasmo-y-alegria-seguimos-trabajando-y-mejorando-caminos-en-la-zona-rural\/#breadcrumb"},"inLanguage":"es","potentialAction":[{"@type":"ReadAction","target":["https:\/\/prefecturadeesmeraldas.gob.ec\/index.php\/2021\/03\/08\/con-entusiasmo-y-alegria-seguimos-trabajando-y-mejorando-caminos-en-la-zona-rural\/"]}]},{"@type":"ImageObject","inLanguage":"es","@id":"https:\/\/prefecturadeesmeraldas.gob.ec\/index.php\/2021\/03\/08\/con-entusiasmo-y-alegria-seguimos-trabajando-y-mejorando-caminos-en-la-zona-rural\/#primaryimage","url":"https:\/\/prefecturadeesmeraldas.gob.ec\/wp-content\/uploads\/2021\/03\/BOLETIN-0246.jpg","contentUrl":"https:\/\/prefecturadeesmeraldas.gob.ec\/wp-content\/uploads\/2021\/03\/BOLETIN-0246.jpg","width":567,"height":563},{"@type":"BreadcrumbList","@id":"https:\/\/prefecturadeesmeraldas.gob.ec\/index.php\/2021\/03\/08\/con-entusiasmo-y-alegria-seguimos-trabajando-y-mejorando-caminos-en-la-zona-rural\/#breadcrumb","itemListElement":[{"@type":"ListItem","position":1,"name":"Home","item":"https:\/\/prefecturadeesmeraldas.gob.ec\/"},{"@type":"ListItem","position":2,"name":"Con entusiasmo y alegr\u00eda seguimos trabajando y mejorando caminos en la zona rural."}]},{"@type":"WebSite","@id":"https:\/\/prefecturadeesmeraldas.gob.ec\/#website","url":"https:\/\/prefecturadeesmeraldas.gob.ec\/","name":"Gobierno Aut\u00f3nomo Descentralizado de la Provincia de Esmeraldas","description":"Gobierno Aut\u00f3nomo Descentralizado de la Provincia de Esmeraldas","publisher":{"@id":"https:\/\/prefecturadeesmeraldas.gob.ec\/#organization"},"potentialAction":[{"@type":"SearchAction","target":{"@type":"EntryPoint","urlTemplate":"https:\/\/prefecturadeesmeraldas.gob.ec\/?s={search_term_string}"},"query-input":{"@type":"PropertyValueSpecification","valueRequired":true,"valueName":"search_term_string"}}],"inLanguage":"es"},{"@type":"Organization","@id":"https:\/\/prefecturadeesmeraldas.gob.ec\/#organization","name":"Gobierno Aut\u00f3nomo Descentralizado de la Provincia de Esmeraldas","url":"https:\/\/prefecturadeesmeraldas.gob.ec\/","logo":{"@type":"ImageObject","inLanguage":"es","@id":"https:\/\/prefecturadeesmeraldas.gob.ec\/#\/schema\/logo\/image\/","url":"https:\/\/prefecturadeesmeraldas.gob.ec\/wp-content\/uploads\/2019\/06\/logo.png","contentUrl":"https:\/\/prefecturadeesmeraldas.gob.ec\/wp-content\/uploads\/2019\/06\/logo.png","width":859,"height":448,"caption":"Gobierno Aut\u00f3nomo Descentralizado de la Provincia de Esmeraldas"},"image":{"@id":"https:\/\/prefecturadeesmeraldas.gob.ec\/#\/schema\/logo\/image\/"},"sameAs":["https:\/\/www.facebook.com\/PrefecturaEsmeraldas\/"]},{"@type":"Person","@id":"https:\/\/prefecturadeesmeraldas.gob.ec\/#\/schema\/person\/b0c9e7b1ead7725994d1e319e8825234","name":"Direcci\u00f3n de Comunicaci\u00f3n","image":{"@type":"ImageObject","inLanguage":"es","@id":"https:\/\/prefecturadeesmeraldas.gob.ec\/#\/schema\/person\/image\/","url":"https:\/\/secure.gravatar.com\/avatar\/74a3870a946f5d774ade3569af61a72308e07ad3346f370c4b468ee2a9858658?s=96&d=mm&r=g","contentUrl":"https:\/\/secure.gravatar.com\/avatar\/74a3870a946f5d774ade3569af61a72308e07ad3346f370c4b468ee2a9858658?s=96&d=mm&r=g","caption":"Direcci\u00f3n de Comunicaci\u00f3n"}}]}},"_links":{"self":[{"href":"https:\/\/prefecturadeesmeraldas.gob.ec\/index.php\/wp-json\/wp\/v2\/posts\/9814","targetHints":{"allow":["GET"]}}],"collection":[{"href":"https:\/\/prefecturadeesmeraldas.gob.ec\/index.php\/wp-json\/wp\/v2\/posts"}],"about":[{"href":"https:\/\/prefecturadeesmeraldas.gob.ec\/index.php\/wp-json\/wp\/v2\/types\/post"}],"author":[{"embeddable":true,"href":"https:\/\/prefecturadeesmeraldas.gob.ec\/index.php\/wp-json\/wp\/v2\/users\/2"}],"replies":[{"embeddable":true,"href":"https:\/\/prefecturadeesmeraldas.gob.ec\/index.php\/wp-json\/wp\/v2\/comments?post=9814"}],"version-history":[{"count":0,"href":"https:\/\/prefecturadeesmeraldas.gob.ec\/index.php\/wp-json\/wp\/v2\/posts\/9814\/revisions"}],"wp:featuredmedia":[{"embeddable":true,"href":"https:\/\/prefecturadeesmeraldas.gob.ec\/index.php\/wp-json\/wp\/v2\/media\/9759"}],"wp:attachment":[{"href":"https:\/\/prefecturadeesmeraldas.gob.ec\/index.php\/wp-json\/wp\/v2\/media?parent=9814"}],"wp:term":[{"taxonomy":"category","embeddable":true,"href":"https:\/\/prefecturadeesmeraldas.gob.ec\/index.php\/wp-json\/wp\/v2\/categories?post=9814"},{"taxonomy":"post_tag","embeddable":true,"href":"https:\/\/prefecturadeesmeraldas.gob.ec\/index.php\/wp-json\/wp\/v2\/tags?post=9814"}],"curies":[{"name":"wp","href":"https:\/\/api.w.org\/{rel}","templated":true}]}}