{"id":9727,"date":"2021-03-02T14:50:26","date_gmt":"2021-03-02T19:50:26","guid":{"rendered":"http:\/\/prefecturadeesmeraldas.gob.ec\/?p=9727"},"modified":"2021-03-02T14:51:12","modified_gmt":"2021-03-02T19:51:12","slug":"prefectura-de-esmeraldas-crea-oportunidades-de-trabajo-a-traves-de-la-construccion-del-puente-sobre-el-rio-zapallito","status":"publish","type":"post","link":"https:\/\/prefecturadeesmeraldas.gob.ec\/index.php\/2021\/03\/02\/prefectura-de-esmeraldas-crea-oportunidades-de-trabajo-a-traves-de-la-construccion-del-puente-sobre-el-rio-zapallito\/","title":{"rendered":"Prefectura de Esmeraldas crea oportunidades de trabajo a trav\u00e9s de la construcci\u00f3n del puente sobre el r\u00edo Zapallito."},"content":{"rendered":"\t\t<div data-elementor-type=\"wp-post\" data-elementor-id=\"9727\" class=\"elementor elementor-9727\">\n\t\t\t\t\t\t<section class=\"elementor-section elementor-top-section elementor-element elementor-element-126599a elementor-section-boxed elementor-section-height-default elementor-section-height-default\" data-id=\"126599a\" data-element_type=\"section\">\n\t\t\t\t\t\t<div class=\"elementor-container elementor-column-gap-default\">\n\t\t\t\t\t<div class=\"elementor-column elementor-col-100 elementor-top-column elementor-element elementor-element-4ce60e0\" data-id=\"4ce60e0\" data-element_type=\"column\">\n\t\t\t<div class=\"elementor-widget-wrap elementor-element-populated\">\n\t\t\t\t\t\t<div class=\"elementor-element elementor-element-6c10de6 elementor-widget elementor-widget-image\" data-id=\"6c10de6\" data-element_type=\"widget\" data-widget_type=\"image.default\">\n\t\t\t\t<div class=\"elementor-widget-container\">\n\t\t\t\t\t\t\t\t\t\t\t\t\t\t\t<img fetchpriority=\"high\" decoding=\"async\" width=\"468\" height=\"483\" src=\"https:\/\/prefecturadeesmeraldas.gob.ec\/wp-content\/uploads\/2021\/03\/BOLETIN-0220...jpg\" class=\"attachment-large size-large wp-image-9703\" alt=\"\" srcset=\"https:\/\/prefecturadeesmeraldas.gob.ec\/wp-content\/uploads\/2021\/03\/BOLETIN-0220...jpg 468w, https:\/\/prefecturadeesmeraldas.gob.ec\/wp-content\/uploads\/2021\/03\/BOLETIN-0220..-291x300.jpg 291w\" sizes=\"(max-width: 468px) 100vw, 468px\" \/>\t\t\t\t\t\t\t\t\t\t\t\t\t\t\t<\/div>\n\t\t\t\t<\/div>\n\t\t\t\t\t<\/div>\n\t\t<\/div>\n\t\t\t\t\t<\/div>\n\t\t<\/section>\n\t\t\t\t<section class=\"elementor-section elementor-top-section elementor-element elementor-element-5a96d40 elementor-section-boxed elementor-section-height-default elementor-section-height-default\" data-id=\"5a96d40\" data-element_type=\"section\">\n\t\t\t\t\t\t<div class=\"elementor-container elementor-column-gap-default\">\n\t\t\t\t\t<div class=\"elementor-column elementor-col-100 elementor-top-column elementor-element elementor-element-4c62815\" data-id=\"4c62815\" data-element_type=\"column\">\n\t\t\t<div class=\"elementor-widget-wrap elementor-element-populated\">\n\t\t\t\t\t\t<div class=\"elementor-element elementor-element-42395a5 elementor-widget elementor-widget-text-editor\" data-id=\"42395a5\" data-element_type=\"widget\" data-widget_type=\"text-editor.default\">\n\t\t\t\t<div class=\"elementor-widget-container\">\n\t\t\t\t\t\t\t\t\t<p>Avanza cerca de un cincuenta por ciento, la construcci\u00f3n del puente sobre el r\u00edo Zapallito. La obra ha representado una oportunidad de trabajo para m\u00e1s de cincuenta esmeralde\u00f1os, entre quienes destaca la mano de obra calificada, es decir, quienes operan la maquinaria utilizada en la ejecuci\u00f3n del proyecto, o veh\u00edculos de transporte, en la comunidad de Juan Montalvo, parroquia Selva Alegre, en el cant\u00f3n Eloy Alfaro.<\/p><p>A bordo de un volquete, transportando grandes cantidades de material p\u00e9treo utilizado para la construcci\u00f3n de la obra, <strong>Jos\u00e9 Ram\u00edrez<\/strong>, agradeci\u00f3 la oportunidad de seguir ejerciendo su actividad, gracias a la oportunidad laboral generada desde la Prefectura de Esmeraldas y la administraci\u00f3n de Roberta Zambrano.<\/p><p>Dando una opini\u00f3n como ciudadano, <strong>Ram\u00edrez<\/strong> dijo que el trabajo efectuado producto de la gesti\u00f3n de Roberta Zambrano, tambi\u00e9n lo llena de orgullo, al saber que, con su tarea, est\u00e1 aportando al desarrollo de la provincia.<\/p><p>Siendo un beneficiario directo con la construcci\u00f3n del puente, <strong>Jos\u00e9 Rodolfo Garc\u00eda<\/strong>, conductor de una unidad de la Cooperativa de Transporte Pac\u00edfico, dijo que, gracias a la obra que facilitar\u00e1 la vida de todos los que por all\u00ed habitan, muy pronto se crear\u00e1 un nuevo destino, ruta y frecuencia que, sin lugar a duda, generar\u00e1 nuevas oportunidades para la ocupaci\u00f3n laboral.<\/p><p>A la presente fecha, los t\u00e9cnicos se alistan para iniciar el traslado, armado y montaje de la superestructura met\u00e1lica que unir\u00e1 ambos extremos de la infraestructura.<\/p>\t\t\t\t\t\t\t\t<\/div>\n\t\t\t\t<\/div>\n\t\t\t\t\t<\/div>\n\t\t<\/div>\n\t\t\t\t\t<\/div>\n\t\t<\/section>\n\t\t\t\t<\/div>\n\t\t","protected":false},"excerpt":{"rendered":"<p>Avanza cerca de un cincuenta por ciento, la construcci\u00f3n del puente sobre el r\u00edo Zapallito. La obra ha representado una oportunidad de trabajo para m\u00e1s de cincuenta esmeralde\u00f1os, entre quienes destaca la mano de obra calificada, es decir, quienes operan la maquinaria utilizada en la ejecuci\u00f3n del proyecto, o veh\u00edculos de transporte, en la comunidad [&hellip;]<\/p>\n","protected":false},"author":2,"featured_media":9703,"comment_status":"closed","ping_status":"open","sticky":false,"template":"","format":"standard","meta":{"footnotes":""},"categories":[14],"tags":[],"class_list":["post-9727","post","type-post","status-publish","format-standard","has-post-thumbnail","hentry","category-vialidad"],"yoast_head":"<!-- This site is optimized with the Yoast SEO plugin v25.7 - https:\/\/yoast.com\/wordpress\/plugins\/seo\/ -->\n<title>Prefectura de Esmeraldas crea oportunidades de trabajo a trav\u00e9s de la construcci\u00f3n del puente sobre el r\u00edo Zapallito. - Gobierno Aut\u00f3nomo Descentralizado de la Provincia de Esmeraldas<\/title>\n<meta name=\"robots\" content=\"index, follow, max-snippet:-1, max-image-preview:large, max-video-preview:-1\" \/>\n<link rel=\"canonical\" href=\"https:\/\/prefecturadeesmeraldas.gob.ec\/index.php\/2021\/03\/02\/prefectura-de-esmeraldas-crea-oportunidades-de-trabajo-a-traves-de-la-construccion-del-puente-sobre-el-rio-zapallito\/\" \/>\n<meta property=\"og:locale\" content=\"es_ES\" \/>\n<meta property=\"og:type\" content=\"article\" \/>\n<meta property=\"og:title\" content=\"Prefectura de Esmeraldas crea oportunidades de trabajo a trav\u00e9s de la construcci\u00f3n del puente sobre el r\u00edo Zapallito. - Gobierno Aut\u00f3nomo Descentralizado de la Provincia de Esmeraldas\" \/>\n<meta property=\"og:description\" content=\"Avanza cerca de un cincuenta por ciento, la construcci\u00f3n del puente sobre el r\u00edo Zapallito. La obra ha representado una oportunidad de trabajo para m\u00e1s de cincuenta esmeralde\u00f1os, entre quienes destaca la mano de obra calificada, es decir, quienes operan la maquinaria utilizada en la ejecuci\u00f3n del proyecto, o veh\u00edculos de transporte, en la comunidad [&hellip;]\" \/>\n<meta property=\"og:url\" content=\"https:\/\/prefecturadeesmeraldas.gob.ec\/index.php\/2021\/03\/02\/prefectura-de-esmeraldas-crea-oportunidades-de-trabajo-a-traves-de-la-construccion-del-puente-sobre-el-rio-zapallito\/\" \/>\n<meta property=\"og:site_name\" content=\"Gobierno Aut\u00f3nomo Descentralizado de la Provincia de Esmeraldas\" \/>\n<meta property=\"article:publisher\" content=\"https:\/\/www.facebook.com\/PrefecturaEsmeraldas\/\" \/>\n<meta property=\"article:published_time\" content=\"2021-03-02T19:50:26+00:00\" \/>\n<meta property=\"article:modified_time\" content=\"2021-03-02T19:51:12+00:00\" \/>\n<meta property=\"og:image\" content=\"https:\/\/prefecturadeesmeraldas.gob.ec\/wp-content\/uploads\/2021\/03\/BOLETIN-0220...jpg\" \/>\n\t<meta property=\"og:image:width\" content=\"468\" \/>\n\t<meta property=\"og:image:height\" content=\"483\" \/>\n\t<meta property=\"og:image:type\" content=\"image\/jpeg\" \/>\n<meta name=\"author\" content=\"Direcci\u00f3n de Comunicaci\u00f3n\" \/>\n<meta name=\"twitter:card\" content=\"summary_large_image\" \/>\n<meta name=\"twitter:label1\" content=\"Escrito por\" \/>\n\t<meta name=\"twitter:data1\" content=\"Direcci\u00f3n de Comunicaci\u00f3n\" \/>\n\t<meta name=\"twitter:label2\" content=\"Tiempo de lectura\" \/>\n\t<meta name=\"twitter:data2\" content=\"1 minuto\" \/>\n<script type=\"application\/ld+json\" class=\"yoast-schema-graph\">{\"@context\":\"https:\/\/schema.org\",\"@graph\":[{\"@type\":\"Article\",\"@id\":\"https:\/\/prefecturadeesmeraldas.gob.ec\/index.php\/2021\/03\/02\/prefectura-de-esmeraldas-crea-oportunidades-de-trabajo-a-traves-de-la-construccion-del-puente-sobre-el-rio-zapallito\/#article\",\"isPartOf\":{\"@id\":\"https:\/\/prefecturadeesmeraldas.gob.ec\/index.php\/2021\/03\/02\/prefectura-de-esmeraldas-crea-oportunidades-de-trabajo-a-traves-de-la-construccion-del-puente-sobre-el-rio-zapallito\/\"},\"author\":{\"name\":\"Direcci\u00f3n de Comunicaci\u00f3n\",\"@id\":\"https:\/\/prefecturadeesmeraldas.gob.ec\/#\/schema\/person\/b0c9e7b1ead7725994d1e319e8825234\"},\"headline\":\"Prefectura de Esmeraldas crea oportunidades de trabajo a trav\u00e9s de la construcci\u00f3n del puente sobre el r\u00edo Zapallito.\",\"datePublished\":\"2021-03-02T19:50:26+00:00\",\"dateModified\":\"2021-03-02T19:51:12+00:00\",\"mainEntityOfPage\":{\"@id\":\"https:\/\/prefecturadeesmeraldas.gob.ec\/index.php\/2021\/03\/02\/prefectura-de-esmeraldas-crea-oportunidades-de-trabajo-a-traves-de-la-construccion-del-puente-sobre-el-rio-zapallito\/\"},\"wordCount\":276,\"publisher\":{\"@id\":\"https:\/\/prefecturadeesmeraldas.gob.ec\/#organization\"},\"image\":{\"@id\":\"https:\/\/prefecturadeesmeraldas.gob.ec\/index.php\/2021\/03\/02\/prefectura-de-esmeraldas-crea-oportunidades-de-trabajo-a-traves-de-la-construccion-del-puente-sobre-el-rio-zapallito\/#primaryimage\"},\"thumbnailUrl\":\"https:\/\/prefecturadeesmeraldas.gob.ec\/wp-content\/uploads\/2021\/03\/BOLETIN-0220...jpg\",\"articleSection\":[\"Vialidad\"],\"inLanguage\":\"es\"},{\"@type\":\"WebPage\",\"@id\":\"https:\/\/prefecturadeesmeraldas.gob.ec\/index.php\/2021\/03\/02\/prefectura-de-esmeraldas-crea-oportunidades-de-trabajo-a-traves-de-la-construccion-del-puente-sobre-el-rio-zapallito\/\",\"url\":\"https:\/\/prefecturadeesmeraldas.gob.ec\/index.php\/2021\/03\/02\/prefectura-de-esmeraldas-crea-oportunidades-de-trabajo-a-traves-de-la-construccion-del-puente-sobre-el-rio-zapallito\/\",\"name\":\"Prefectura de Esmeraldas crea oportunidades de trabajo a trav\u00e9s de la construcci\u00f3n del puente sobre el r\u00edo Zapallito. - Gobierno Aut\u00f3nomo Descentralizado de la Provincia de Esmeraldas\",\"isPartOf\":{\"@id\":\"https:\/\/prefecturadeesmeraldas.gob.ec\/#website\"},\"primaryImageOfPage\":{\"@id\":\"https:\/\/prefecturadeesmeraldas.gob.ec\/index.php\/2021\/03\/02\/prefectura-de-esmeraldas-crea-oportunidades-de-trabajo-a-traves-de-la-construccion-del-puente-sobre-el-rio-zapallito\/#primaryimage\"},\"image\":{\"@id\":\"https:\/\/prefecturadeesmeraldas.gob.ec\/index.php\/2021\/03\/02\/prefectura-de-esmeraldas-crea-oportunidades-de-trabajo-a-traves-de-la-construccion-del-puente-sobre-el-rio-zapallito\/#primaryimage\"},\"thumbnailUrl\":\"https:\/\/prefecturadeesmeraldas.gob.ec\/wp-content\/uploads\/2021\/03\/BOLETIN-0220...jpg\",\"datePublished\":\"2021-03-02T19:50:26+00:00\",\"dateModified\":\"2021-03-02T19:51:12+00:00\",\"breadcrumb\":{\"@id\":\"https:\/\/prefecturadeesmeraldas.gob.ec\/index.php\/2021\/03\/02\/prefectura-de-esmeraldas-crea-oportunidades-de-trabajo-a-traves-de-la-construccion-del-puente-sobre-el-rio-zapallito\/#breadcrumb\"},\"inLanguage\":\"es\",\"potentialAction\":[{\"@type\":\"ReadAction\",\"target\":[\"https:\/\/prefecturadeesmeraldas.gob.ec\/index.php\/2021\/03\/02\/prefectura-de-esmeraldas-crea-oportunidades-de-trabajo-a-traves-de-la-construccion-del-puente-sobre-el-rio-zapallito\/\"]}]},{\"@type\":\"ImageObject\",\"inLanguage\":\"es\",\"@id\":\"https:\/\/prefecturadeesmeraldas.gob.ec\/index.php\/2021\/03\/02\/prefectura-de-esmeraldas-crea-oportunidades-de-trabajo-a-traves-de-la-construccion-del-puente-sobre-el-rio-zapallito\/#primaryimage\",\"url\":\"https:\/\/prefecturadeesmeraldas.gob.ec\/wp-content\/uploads\/2021\/03\/BOLETIN-0220...jpg\",\"contentUrl\":\"https:\/\/prefecturadeesmeraldas.gob.ec\/wp-content\/uploads\/2021\/03\/BOLETIN-0220...jpg\",\"width\":468,\"height\":483},{\"@type\":\"BreadcrumbList\",\"@id\":\"https:\/\/prefecturadeesmeraldas.gob.ec\/index.php\/2021\/03\/02\/prefectura-de-esmeraldas-crea-oportunidades-de-trabajo-a-traves-de-la-construccion-del-puente-sobre-el-rio-zapallito\/#breadcrumb\",\"itemListElement\":[{\"@type\":\"ListItem\",\"position\":1,\"name\":\"Home\",\"item\":\"https:\/\/prefecturadeesmeraldas.gob.ec\/\"},{\"@type\":\"ListItem\",\"position\":2,\"name\":\"Prefectura de Esmeraldas crea oportunidades de trabajo a trav\u00e9s de la construcci\u00f3n del puente sobre el r\u00edo Zapallito.\"}]},{\"@type\":\"WebSite\",\"@id\":\"https:\/\/prefecturadeesmeraldas.gob.ec\/#website\",\"url\":\"https:\/\/prefecturadeesmeraldas.gob.ec\/\",\"name\":\"Gobierno Aut\u00f3nomo Descentralizado de la Provincia de Esmeraldas\",\"description\":\"Gobierno Aut\u00f3nomo Descentralizado de la Provincia de Esmeraldas\",\"publisher\":{\"@id\":\"https:\/\/prefecturadeesmeraldas.gob.ec\/#organization\"},\"potentialAction\":[{\"@type\":\"SearchAction\",\"target\":{\"@type\":\"EntryPoint\",\"urlTemplate\":\"https:\/\/prefecturadeesmeraldas.gob.ec\/?s={search_term_string}\"},\"query-input\":{\"@type\":\"PropertyValueSpecification\",\"valueRequired\":true,\"valueName\":\"search_term_string\"}}],\"inLanguage\":\"es\"},{\"@type\":\"Organization\",\"@id\":\"https:\/\/prefecturadeesmeraldas.gob.ec\/#organization\",\"name\":\"Gobierno Aut\u00f3nomo Descentralizado de la Provincia de Esmeraldas\",\"url\":\"https:\/\/prefecturadeesmeraldas.gob.ec\/\",\"logo\":{\"@type\":\"ImageObject\",\"inLanguage\":\"es\",\"@id\":\"https:\/\/prefecturadeesmeraldas.gob.ec\/#\/schema\/logo\/image\/\",\"url\":\"https:\/\/prefecturadeesmeraldas.gob.ec\/wp-content\/uploads\/2019\/06\/logo.png\",\"contentUrl\":\"https:\/\/prefecturadeesmeraldas.gob.ec\/wp-content\/uploads\/2019\/06\/logo.png\",\"width\":859,\"height\":448,\"caption\":\"Gobierno Aut\u00f3nomo Descentralizado de la Provincia de Esmeraldas\"},\"image\":{\"@id\":\"https:\/\/prefecturadeesmeraldas.gob.ec\/#\/schema\/logo\/image\/\"},\"sameAs\":[\"https:\/\/www.facebook.com\/PrefecturaEsmeraldas\/\"]},{\"@type\":\"Person\",\"@id\":\"https:\/\/prefecturadeesmeraldas.gob.ec\/#\/schema\/person\/b0c9e7b1ead7725994d1e319e8825234\",\"name\":\"Direcci\u00f3n de Comunicaci\u00f3n\",\"image\":{\"@type\":\"ImageObject\",\"inLanguage\":\"es\",\"@id\":\"https:\/\/prefecturadeesmeraldas.gob.ec\/#\/schema\/person\/image\/\",\"url\":\"https:\/\/secure.gravatar.com\/avatar\/74a3870a946f5d774ade3569af61a72308e07ad3346f370c4b468ee2a9858658?s=96&d=mm&r=g\",\"contentUrl\":\"https:\/\/secure.gravatar.com\/avatar\/74a3870a946f5d774ade3569af61a72308e07ad3346f370c4b468ee2a9858658?s=96&d=mm&r=g\",\"caption\":\"Direcci\u00f3n de Comunicaci\u00f3n\"}}]}<\/script>\n<!-- \/ Yoast SEO plugin. -->","yoast_head_json":{"title":"Prefectura de Esmeraldas crea oportunidades de trabajo a trav\u00e9s de la construcci\u00f3n del puente sobre el r\u00edo Zapallito. - Gobierno Aut\u00f3nomo Descentralizado de la Provincia de Esmeraldas","robots":{"index":"index","follow":"follow","max-snippet":"max-snippet:-1","max-image-preview":"max-image-preview:large","max-video-preview":"max-video-preview:-1"},"canonical":"https:\/\/prefecturadeesmeraldas.gob.ec\/index.php\/2021\/03\/02\/prefectura-de-esmeraldas-crea-oportunidades-de-trabajo-a-traves-de-la-construccion-del-puente-sobre-el-rio-zapallito\/","og_locale":"es_ES","og_type":"article","og_title":"Prefectura de Esmeraldas crea oportunidades de trabajo a trav\u00e9s de la construcci\u00f3n del puente sobre el r\u00edo Zapallito. - Gobierno Aut\u00f3nomo Descentralizado de la Provincia de Esmeraldas","og_description":"Avanza cerca de un cincuenta por ciento, la construcci\u00f3n del puente sobre el r\u00edo Zapallito. La obra ha representado una oportunidad de trabajo para m\u00e1s de cincuenta esmeralde\u00f1os, entre quienes destaca la mano de obra calificada, es decir, quienes operan la maquinaria utilizada en la ejecuci\u00f3n del proyecto, o veh\u00edculos de transporte, en la comunidad [&hellip;]","og_url":"https:\/\/prefecturadeesmeraldas.gob.ec\/index.php\/2021\/03\/02\/prefectura-de-esmeraldas-crea-oportunidades-de-trabajo-a-traves-de-la-construccion-del-puente-sobre-el-rio-zapallito\/","og_site_name":"Gobierno Aut\u00f3nomo Descentralizado de la Provincia de Esmeraldas","article_publisher":"https:\/\/www.facebook.com\/PrefecturaEsmeraldas\/","article_published_time":"2021-03-02T19:50:26+00:00","article_modified_time":"2021-03-02T19:51:12+00:00","og_image":[{"width":468,"height":483,"url":"https:\/\/prefecturadeesmeraldas.gob.ec\/wp-content\/uploads\/2021\/03\/BOLETIN-0220...jpg","type":"image\/jpeg"}],"author":"Direcci\u00f3n de Comunicaci\u00f3n","twitter_card":"summary_large_image","twitter_misc":{"Escrito por":"Direcci\u00f3n de Comunicaci\u00f3n","Tiempo de lectura":"1 minuto"},"schema":{"@context":"https:\/\/schema.org","@graph":[{"@type":"Article","@id":"https:\/\/prefecturadeesmeraldas.gob.ec\/index.php\/2021\/03\/02\/prefectura-de-esmeraldas-crea-oportunidades-de-trabajo-a-traves-de-la-construccion-del-puente-sobre-el-rio-zapallito\/#article","isPartOf":{"@id":"https:\/\/prefecturadeesmeraldas.gob.ec\/index.php\/2021\/03\/02\/prefectura-de-esmeraldas-crea-oportunidades-de-trabajo-a-traves-de-la-construccion-del-puente-sobre-el-rio-zapallito\/"},"author":{"name":"Direcci\u00f3n de Comunicaci\u00f3n","@id":"https:\/\/prefecturadeesmeraldas.gob.ec\/#\/schema\/person\/b0c9e7b1ead7725994d1e319e8825234"},"headline":"Prefectura de Esmeraldas crea oportunidades de trabajo a trav\u00e9s de la construcci\u00f3n del puente sobre el r\u00edo Zapallito.","datePublished":"2021-03-02T19:50:26+00:00","dateModified":"2021-03-02T19:51:12+00:00","mainEntityOfPage":{"@id":"https:\/\/prefecturadeesmeraldas.gob.ec\/index.php\/2021\/03\/02\/prefectura-de-esmeraldas-crea-oportunidades-de-trabajo-a-traves-de-la-construccion-del-puente-sobre-el-rio-zapallito\/"},"wordCount":276,"publisher":{"@id":"https:\/\/prefecturadeesmeraldas.gob.ec\/#organization"},"image":{"@id":"https:\/\/prefecturadeesmeraldas.gob.ec\/index.php\/2021\/03\/02\/prefectura-de-esmeraldas-crea-oportunidades-de-trabajo-a-traves-de-la-construccion-del-puente-sobre-el-rio-zapallito\/#primaryimage"},"thumbnailUrl":"https:\/\/prefecturadeesmeraldas.gob.ec\/wp-content\/uploads\/2021\/03\/BOLETIN-0220...jpg","articleSection":["Vialidad"],"inLanguage":"es"},{"@type":"WebPage","@id":"https:\/\/prefecturadeesmeraldas.gob.ec\/index.php\/2021\/03\/02\/prefectura-de-esmeraldas-crea-oportunidades-de-trabajo-a-traves-de-la-construccion-del-puente-sobre-el-rio-zapallito\/","url":"https:\/\/prefecturadeesmeraldas.gob.ec\/index.php\/2021\/03\/02\/prefectura-de-esmeraldas-crea-oportunidades-de-trabajo-a-traves-de-la-construccion-del-puente-sobre-el-rio-zapallito\/","name":"Prefectura de Esmeraldas crea oportunidades de trabajo a trav\u00e9s de la construcci\u00f3n del puente sobre el r\u00edo Zapallito. - Gobierno Aut\u00f3nomo Descentralizado de la Provincia de Esmeraldas","isPartOf":{"@id":"https:\/\/prefecturadeesmeraldas.gob.ec\/#website"},"primaryImageOfPage":{"@id":"https:\/\/prefecturadeesmeraldas.gob.ec\/index.php\/2021\/03\/02\/prefectura-de-esmeraldas-crea-oportunidades-de-trabajo-a-traves-de-la-construccion-del-puente-sobre-el-rio-zapallito\/#primaryimage"},"image":{"@id":"https:\/\/prefecturadeesmeraldas.gob.ec\/index.php\/2021\/03\/02\/prefectura-de-esmeraldas-crea-oportunidades-de-trabajo-a-traves-de-la-construccion-del-puente-sobre-el-rio-zapallito\/#primaryimage"},"thumbnailUrl":"https:\/\/prefecturadeesmeraldas.gob.ec\/wp-content\/uploads\/2021\/03\/BOLETIN-0220...jpg","datePublished":"2021-03-02T19:50:26+00:00","dateModified":"2021-03-02T19:51:12+00:00","breadcrumb":{"@id":"https:\/\/prefecturadeesmeraldas.gob.ec\/index.php\/2021\/03\/02\/prefectura-de-esmeraldas-crea-oportunidades-de-trabajo-a-traves-de-la-construccion-del-puente-sobre-el-rio-zapallito\/#breadcrumb"},"inLanguage":"es","potentialAction":[{"@type":"ReadAction","target":["https:\/\/prefecturadeesmeraldas.gob.ec\/index.php\/2021\/03\/02\/prefectura-de-esmeraldas-crea-oportunidades-de-trabajo-a-traves-de-la-construccion-del-puente-sobre-el-rio-zapallito\/"]}]},{"@type":"ImageObject","inLanguage":"es","@id":"https:\/\/prefecturadeesmeraldas.gob.ec\/index.php\/2021\/03\/02\/prefectura-de-esmeraldas-crea-oportunidades-de-trabajo-a-traves-de-la-construccion-del-puente-sobre-el-rio-zapallito\/#primaryimage","url":"https:\/\/prefecturadeesmeraldas.gob.ec\/wp-content\/uploads\/2021\/03\/BOLETIN-0220...jpg","contentUrl":"https:\/\/prefecturadeesmeraldas.gob.ec\/wp-content\/uploads\/2021\/03\/BOLETIN-0220...jpg","width":468,"height":483},{"@type":"BreadcrumbList","@id":"https:\/\/prefecturadeesmeraldas.gob.ec\/index.php\/2021\/03\/02\/prefectura-de-esmeraldas-crea-oportunidades-de-trabajo-a-traves-de-la-construccion-del-puente-sobre-el-rio-zapallito\/#breadcrumb","itemListElement":[{"@type":"ListItem","position":1,"name":"Home","item":"https:\/\/prefecturadeesmeraldas.gob.ec\/"},{"@type":"ListItem","position":2,"name":"Prefectura de Esmeraldas crea oportunidades de trabajo a trav\u00e9s de la construcci\u00f3n del puente sobre el r\u00edo Zapallito."}]},{"@type":"WebSite","@id":"https:\/\/prefecturadeesmeraldas.gob.ec\/#website","url":"https:\/\/prefecturadeesmeraldas.gob.ec\/","name":"Gobierno Aut\u00f3nomo Descentralizado de la Provincia de Esmeraldas","description":"Gobierno Aut\u00f3nomo Descentralizado de la Provincia de Esmeraldas","publisher":{"@id":"https:\/\/prefecturadeesmeraldas.gob.ec\/#organization"},"potentialAction":[{"@type":"SearchAction","target":{"@type":"EntryPoint","urlTemplate":"https:\/\/prefecturadeesmeraldas.gob.ec\/?s={search_term_string}"},"query-input":{"@type":"PropertyValueSpecification","valueRequired":true,"valueName":"search_term_string"}}],"inLanguage":"es"},{"@type":"Organization","@id":"https:\/\/prefecturadeesmeraldas.gob.ec\/#organization","name":"Gobierno Aut\u00f3nomo Descentralizado de la Provincia de Esmeraldas","url":"https:\/\/prefecturadeesmeraldas.gob.ec\/","logo":{"@type":"ImageObject","inLanguage":"es","@id":"https:\/\/prefecturadeesmeraldas.gob.ec\/#\/schema\/logo\/image\/","url":"https:\/\/prefecturadeesmeraldas.gob.ec\/wp-content\/uploads\/2019\/06\/logo.png","contentUrl":"https:\/\/prefecturadeesmeraldas.gob.ec\/wp-content\/uploads\/2019\/06\/logo.png","width":859,"height":448,"caption":"Gobierno Aut\u00f3nomo Descentralizado de la Provincia de Esmeraldas"},"image":{"@id":"https:\/\/prefecturadeesmeraldas.gob.ec\/#\/schema\/logo\/image\/"},"sameAs":["https:\/\/www.facebook.com\/PrefecturaEsmeraldas\/"]},{"@type":"Person","@id":"https:\/\/prefecturadeesmeraldas.gob.ec\/#\/schema\/person\/b0c9e7b1ead7725994d1e319e8825234","name":"Direcci\u00f3n de Comunicaci\u00f3n","image":{"@type":"ImageObject","inLanguage":"es","@id":"https:\/\/prefecturadeesmeraldas.gob.ec\/#\/schema\/person\/image\/","url":"https:\/\/secure.gravatar.com\/avatar\/74a3870a946f5d774ade3569af61a72308e07ad3346f370c4b468ee2a9858658?s=96&d=mm&r=g","contentUrl":"https:\/\/secure.gravatar.com\/avatar\/74a3870a946f5d774ade3569af61a72308e07ad3346f370c4b468ee2a9858658?s=96&d=mm&r=g","caption":"Direcci\u00f3n de Comunicaci\u00f3n"}}]}},"_links":{"self":[{"href":"https:\/\/prefecturadeesmeraldas.gob.ec\/index.php\/wp-json\/wp\/v2\/posts\/9727","targetHints":{"allow":["GET"]}}],"collection":[{"href":"https:\/\/prefecturadeesmeraldas.gob.ec\/index.php\/wp-json\/wp\/v2\/posts"}],"about":[{"href":"https:\/\/prefecturadeesmeraldas.gob.ec\/index.php\/wp-json\/wp\/v2\/types\/post"}],"author":[{"embeddable":true,"href":"https:\/\/prefecturadeesmeraldas.gob.ec\/index.php\/wp-json\/wp\/v2\/users\/2"}],"replies":[{"embeddable":true,"href":"https:\/\/prefecturadeesmeraldas.gob.ec\/index.php\/wp-json\/wp\/v2\/comments?post=9727"}],"version-history":[{"count":0,"href":"https:\/\/prefecturadeesmeraldas.gob.ec\/index.php\/wp-json\/wp\/v2\/posts\/9727\/revisions"}],"wp:featuredmedia":[{"embeddable":true,"href":"https:\/\/prefecturadeesmeraldas.gob.ec\/index.php\/wp-json\/wp\/v2\/media\/9703"}],"wp:attachment":[{"href":"https:\/\/prefecturadeesmeraldas.gob.ec\/index.php\/wp-json\/wp\/v2\/media?parent=9727"}],"wp:term":[{"taxonomy":"category","embeddable":true,"href":"https:\/\/prefecturadeesmeraldas.gob.ec\/index.php\/wp-json\/wp\/v2\/categories?post=9727"},{"taxonomy":"post_tag","embeddable":true,"href":"https:\/\/prefecturadeesmeraldas.gob.ec\/index.php\/wp-json\/wp\/v2\/tags?post=9727"}],"curies":[{"name":"wp","href":"https:\/\/api.w.org\/{rel}","templated":true}]}}