{"id":9658,"date":"2021-02-26T14:30:22","date_gmt":"2021-02-26T19:30:22","guid":{"rendered":"http:\/\/prefecturadeesmeraldas.gob.ec\/?p=9658"},"modified":"2021-02-26T14:30:49","modified_gmt":"2021-02-26T19:30:49","slug":"se-entregaran-ayudas-a-las-personas-vulnerables-de-tonsupa","status":"publish","type":"post","link":"https:\/\/prefecturadeesmeraldas.gob.ec\/index.php\/2021\/02\/26\/se-entregaran-ayudas-a-las-personas-vulnerables-de-tonsupa\/","title":{"rendered":"Se entregar\u00e1n ayudas a las personas vulnerables de Tonsupa."},"content":{"rendered":"\t\t<div data-elementor-type=\"wp-post\" data-elementor-id=\"9658\" class=\"elementor elementor-9658\">\n\t\t\t\t\t\t<section class=\"elementor-section elementor-top-section elementor-element elementor-element-56c3d6b elementor-section-boxed elementor-section-height-default elementor-section-height-default\" data-id=\"56c3d6b\" data-element_type=\"section\">\n\t\t\t\t\t\t<div class=\"elementor-container elementor-column-gap-default\">\n\t\t\t\t\t<div class=\"elementor-column elementor-col-100 elementor-top-column elementor-element elementor-element-f05dbbe\" data-id=\"f05dbbe\" data-element_type=\"column\">\n\t\t\t<div class=\"elementor-widget-wrap elementor-element-populated\">\n\t\t\t\t\t\t<div class=\"elementor-element elementor-element-e452a08 elementor-widget elementor-widget-image\" data-id=\"e452a08\" data-element_type=\"widget\" data-widget_type=\"image.default\">\n\t\t\t\t<div class=\"elementor-widget-container\">\n\t\t\t\t\t\t\t\t\t\t\t\t\t\t\t<img fetchpriority=\"high\" decoding=\"async\" width=\"1024\" height=\"736\" src=\"https:\/\/prefecturadeesmeraldas.gob.ec\/wp-content\/uploads\/2021\/02\/BOLETIN-0209-1024x736.jpg\" class=\"attachment-large size-large wp-image-9635\" alt=\"\" srcset=\"https:\/\/prefecturadeesmeraldas.gob.ec\/wp-content\/uploads\/2021\/02\/BOLETIN-0209-1024x736.jpg 1024w, https:\/\/prefecturadeesmeraldas.gob.ec\/wp-content\/uploads\/2021\/02\/BOLETIN-0209-1080x776.jpg 1080w, https:\/\/prefecturadeesmeraldas.gob.ec\/wp-content\/uploads\/2021\/02\/BOLETIN-0209-300x216.jpg 300w, https:\/\/prefecturadeesmeraldas.gob.ec\/wp-content\/uploads\/2021\/02\/BOLETIN-0209-768x552.jpg 768w, https:\/\/prefecturadeesmeraldas.gob.ec\/wp-content\/uploads\/2021\/02\/BOLETIN-0209.jpg 1422w\" sizes=\"(max-width: 1024px) 100vw, 1024px\" \/>\t\t\t\t\t\t\t\t\t\t\t\t\t\t\t<\/div>\n\t\t\t\t<\/div>\n\t\t\t\t\t<\/div>\n\t\t<\/div>\n\t\t\t\t\t<\/div>\n\t\t<\/section>\n\t\t\t\t<section class=\"elementor-section elementor-top-section elementor-element elementor-element-7bbe053 elementor-section-boxed elementor-section-height-default elementor-section-height-default\" data-id=\"7bbe053\" data-element_type=\"section\">\n\t\t\t\t\t\t<div class=\"elementor-container elementor-column-gap-default\">\n\t\t\t\t\t<div class=\"elementor-column elementor-col-100 elementor-top-column elementor-element elementor-element-0e5d19c\" data-id=\"0e5d19c\" data-element_type=\"column\">\n\t\t\t<div class=\"elementor-widget-wrap elementor-element-populated\">\n\t\t\t\t\t\t<div class=\"elementor-element elementor-element-d21de4b elementor-widget elementor-widget-text-editor\" data-id=\"d21de4b\" data-element_type=\"widget\" data-widget_type=\"text-editor.default\">\n\t\t\t\t<div class=\"elementor-widget-container\">\n\t\t\t\t\t\t\t\t\t<p>T\u00e9cnicos de la Unidad de Asistencia M\u00e9dica, Desarrollo Social y Cultural <strong>UNAMYDESC<\/strong> de la Prefectura de Esmeraldas, se encuentran realizando recorridos en la parroquia Tonsupa, cant\u00f3n Atacames, para desarrollar un estudio socioecon\u00f3mico sobre las ayudas t\u00e9cnicas que van a ser entregadas a personas vulnerables.<\/p><p><\/p><p>Mar\u00eda Cabezas, trabajadora social de <strong>UNAMYDESC<\/strong>, explic\u00f3 que, en algunos casos, se debe adaptar los requerimientos a las necesidades que tienen los usuarios.<\/p><p><\/p><p>Aclar\u00f3 que, las donaciones no ser\u00e1n de manera inmediata, porque se debe concluir con el diagn\u00f3stico t\u00e9cnico y socioecon\u00f3mico que se est\u00e1 ejecutando en la provincia, para luego iniciar con un proceso de adquisici\u00f3n a trav\u00e9s de compras p\u00fablicas y luego se realizar\u00e1 el cronograma de donaciones cumpliendo con las normas legales y de bioseguridad.<\/p><p>\u00a0\u00a0\u00a0\u00a0\u00a0\u00a0<\/p><p>Por su parte, la t\u00e9cnica del Organismo de Voluntariado de Cooperaci\u00f3n Internacional (OVCI), Betsy Mosquera, manifest\u00f3 que este trabajo coordinado que se est\u00e1 realizando, ayuda a que las entregas lleguen a las personas que realmente la necesitan, en especial, en este tiempo de pandemia donde muchos han perdido sus trabajos y no tienen c\u00f3mo adquirir una ayuda t\u00e9cnica para mejorar su calidad de vida.<\/p><p><\/p><p>Gloria Cede\u00f1o, desde a\u00f1os tiene problemas de reumas y no puede caminar con facilidad por lo que necesita que alg\u00fan familiar la movilice. Ella dice que cuando le entreguen el bast\u00f3n que le recomendaron los t\u00e9cnicos, podr\u00e1 trasladarse con mayor facilidad; es decir, ser\u00e1 independiente.<\/p><p><\/p><p>Sidulfo L\u00f3pez, de 73 a\u00f1os, habitante de Tonsupa, Atacames, padece de ceguera desde hace 10 a\u00f1os. Dijo sentirse contento al ser considerado por <strong>UNAMYDESC<\/strong> de la Prefectura de Esmeraldas, para ser beneficiado con un bast\u00f3n para poderse movilizar, porque el bast\u00f3n que tiene lo ha usado durante 5 a\u00f1os, y se encuentra da\u00f1ado.<\/p>\t\t\t\t\t\t\t\t<\/div>\n\t\t\t\t<\/div>\n\t\t\t\t\t<\/div>\n\t\t<\/div>\n\t\t\t\t\t<\/div>\n\t\t<\/section>\n\t\t\t\t<\/div>\n\t\t","protected":false},"excerpt":{"rendered":"<p>T\u00e9cnicos de la Unidad de Asistencia M\u00e9dica, Desarrollo Social y Cultural UNAMYDESC de la Prefectura de Esmeraldas, se encuentran realizando recorridos en la parroquia Tonsupa, cant\u00f3n Atacames, para desarrollar un estudio socioecon\u00f3mico sobre las ayudas t\u00e9cnicas que van a ser entregadas a personas vulnerables. Mar\u00eda Cabezas, trabajadora social de UNAMYDESC, explic\u00f3 que, en algunos casos, [&hellip;]<\/p>\n","protected":false},"author":2,"featured_media":9635,"comment_status":"closed","ping_status":"open","sticky":false,"template":"","format":"standard","meta":{"footnotes":""},"categories":[13],"tags":[],"class_list":["post-9658","post","type-post","status-publish","format-standard","has-post-thumbnail","hentry","category-patronato"],"yoast_head":"<!-- This site is optimized with the Yoast SEO plugin v25.7 - https:\/\/yoast.com\/wordpress\/plugins\/seo\/ -->\n<title>Se entregar\u00e1n ayudas a las personas vulnerables de Tonsupa. - Gobierno Aut\u00f3nomo Descentralizado de la Provincia de Esmeraldas<\/title>\n<meta name=\"robots\" content=\"index, follow, max-snippet:-1, max-image-preview:large, max-video-preview:-1\" \/>\n<link rel=\"canonical\" href=\"https:\/\/prefecturadeesmeraldas.gob.ec\/index.php\/2021\/02\/26\/se-entregaran-ayudas-a-las-personas-vulnerables-de-tonsupa\/\" \/>\n<meta property=\"og:locale\" content=\"es_ES\" \/>\n<meta property=\"og:type\" content=\"article\" \/>\n<meta property=\"og:title\" content=\"Se entregar\u00e1n ayudas a las personas vulnerables de Tonsupa. - Gobierno Aut\u00f3nomo Descentralizado de la Provincia de Esmeraldas\" \/>\n<meta property=\"og:description\" content=\"T\u00e9cnicos de la Unidad de Asistencia M\u00e9dica, Desarrollo Social y Cultural UNAMYDESC de la Prefectura de Esmeraldas, se encuentran realizando recorridos en la parroquia Tonsupa, cant\u00f3n Atacames, para desarrollar un estudio socioecon\u00f3mico sobre las ayudas t\u00e9cnicas que van a ser entregadas a personas vulnerables. Mar\u00eda Cabezas, trabajadora social de UNAMYDESC, explic\u00f3 que, en algunos casos, [&hellip;]\" \/>\n<meta property=\"og:url\" content=\"https:\/\/prefecturadeesmeraldas.gob.ec\/index.php\/2021\/02\/26\/se-entregaran-ayudas-a-las-personas-vulnerables-de-tonsupa\/\" \/>\n<meta property=\"og:site_name\" content=\"Gobierno Aut\u00f3nomo Descentralizado de la Provincia de Esmeraldas\" \/>\n<meta property=\"article:publisher\" content=\"https:\/\/www.facebook.com\/PrefecturaEsmeraldas\/\" \/>\n<meta property=\"article:published_time\" content=\"2021-02-26T19:30:22+00:00\" \/>\n<meta property=\"article:modified_time\" content=\"2021-02-26T19:30:49+00:00\" \/>\n<meta property=\"og:image\" content=\"https:\/\/prefecturadeesmeraldas.gob.ec\/wp-content\/uploads\/2021\/02\/BOLETIN-0209.jpg\" \/>\n\t<meta property=\"og:image:width\" content=\"1422\" \/>\n\t<meta property=\"og:image:height\" content=\"1022\" \/>\n\t<meta property=\"og:image:type\" content=\"image\/jpeg\" \/>\n<meta name=\"author\" content=\"Direcci\u00f3n de Comunicaci\u00f3n\" \/>\n<meta name=\"twitter:card\" content=\"summary_large_image\" \/>\n<meta name=\"twitter:label1\" content=\"Escrito por\" \/>\n\t<meta name=\"twitter:data1\" content=\"Direcci\u00f3n de Comunicaci\u00f3n\" \/>\n\t<meta name=\"twitter:label2\" content=\"Tiempo de lectura\" \/>\n\t<meta name=\"twitter:data2\" content=\"2 minutos\" \/>\n<script type=\"application\/ld+json\" class=\"yoast-schema-graph\">{\"@context\":\"https:\/\/schema.org\",\"@graph\":[{\"@type\":\"Article\",\"@id\":\"https:\/\/prefecturadeesmeraldas.gob.ec\/index.php\/2021\/02\/26\/se-entregaran-ayudas-a-las-personas-vulnerables-de-tonsupa\/#article\",\"isPartOf\":{\"@id\":\"https:\/\/prefecturadeesmeraldas.gob.ec\/index.php\/2021\/02\/26\/se-entregaran-ayudas-a-las-personas-vulnerables-de-tonsupa\/\"},\"author\":{\"name\":\"Direcci\u00f3n de Comunicaci\u00f3n\",\"@id\":\"https:\/\/prefecturadeesmeraldas.gob.ec\/#\/schema\/person\/b0c9e7b1ead7725994d1e319e8825234\"},\"headline\":\"Se entregar\u00e1n ayudas a las personas vulnerables de Tonsupa.\",\"datePublished\":\"2021-02-26T19:30:22+00:00\",\"dateModified\":\"2021-02-26T19:30:49+00:00\",\"mainEntityOfPage\":{\"@id\":\"https:\/\/prefecturadeesmeraldas.gob.ec\/index.php\/2021\/02\/26\/se-entregaran-ayudas-a-las-personas-vulnerables-de-tonsupa\/\"},\"wordCount\":320,\"publisher\":{\"@id\":\"https:\/\/prefecturadeesmeraldas.gob.ec\/#organization\"},\"image\":{\"@id\":\"https:\/\/prefecturadeesmeraldas.gob.ec\/index.php\/2021\/02\/26\/se-entregaran-ayudas-a-las-personas-vulnerables-de-tonsupa\/#primaryimage\"},\"thumbnailUrl\":\"https:\/\/prefecturadeesmeraldas.gob.ec\/wp-content\/uploads\/2021\/02\/BOLETIN-0209.jpg\",\"articleSection\":[\"UNAMYDESC\"],\"inLanguage\":\"es\"},{\"@type\":\"WebPage\",\"@id\":\"https:\/\/prefecturadeesmeraldas.gob.ec\/index.php\/2021\/02\/26\/se-entregaran-ayudas-a-las-personas-vulnerables-de-tonsupa\/\",\"url\":\"https:\/\/prefecturadeesmeraldas.gob.ec\/index.php\/2021\/02\/26\/se-entregaran-ayudas-a-las-personas-vulnerables-de-tonsupa\/\",\"name\":\"Se entregar\u00e1n ayudas a las personas vulnerables de Tonsupa. - Gobierno Aut\u00f3nomo Descentralizado de la Provincia de Esmeraldas\",\"isPartOf\":{\"@id\":\"https:\/\/prefecturadeesmeraldas.gob.ec\/#website\"},\"primaryImageOfPage\":{\"@id\":\"https:\/\/prefecturadeesmeraldas.gob.ec\/index.php\/2021\/02\/26\/se-entregaran-ayudas-a-las-personas-vulnerables-de-tonsupa\/#primaryimage\"},\"image\":{\"@id\":\"https:\/\/prefecturadeesmeraldas.gob.ec\/index.php\/2021\/02\/26\/se-entregaran-ayudas-a-las-personas-vulnerables-de-tonsupa\/#primaryimage\"},\"thumbnailUrl\":\"https:\/\/prefecturadeesmeraldas.gob.ec\/wp-content\/uploads\/2021\/02\/BOLETIN-0209.jpg\",\"datePublished\":\"2021-02-26T19:30:22+00:00\",\"dateModified\":\"2021-02-26T19:30:49+00:00\",\"breadcrumb\":{\"@id\":\"https:\/\/prefecturadeesmeraldas.gob.ec\/index.php\/2021\/02\/26\/se-entregaran-ayudas-a-las-personas-vulnerables-de-tonsupa\/#breadcrumb\"},\"inLanguage\":\"es\",\"potentialAction\":[{\"@type\":\"ReadAction\",\"target\":[\"https:\/\/prefecturadeesmeraldas.gob.ec\/index.php\/2021\/02\/26\/se-entregaran-ayudas-a-las-personas-vulnerables-de-tonsupa\/\"]}]},{\"@type\":\"ImageObject\",\"inLanguage\":\"es\",\"@id\":\"https:\/\/prefecturadeesmeraldas.gob.ec\/index.php\/2021\/02\/26\/se-entregaran-ayudas-a-las-personas-vulnerables-de-tonsupa\/#primaryimage\",\"url\":\"https:\/\/prefecturadeesmeraldas.gob.ec\/wp-content\/uploads\/2021\/02\/BOLETIN-0209.jpg\",\"contentUrl\":\"https:\/\/prefecturadeesmeraldas.gob.ec\/wp-content\/uploads\/2021\/02\/BOLETIN-0209.jpg\",\"width\":1422,\"height\":1022},{\"@type\":\"BreadcrumbList\",\"@id\":\"https:\/\/prefecturadeesmeraldas.gob.ec\/index.php\/2021\/02\/26\/se-entregaran-ayudas-a-las-personas-vulnerables-de-tonsupa\/#breadcrumb\",\"itemListElement\":[{\"@type\":\"ListItem\",\"position\":1,\"name\":\"Home\",\"item\":\"https:\/\/prefecturadeesmeraldas.gob.ec\/\"},{\"@type\":\"ListItem\",\"position\":2,\"name\":\"Se entregar\u00e1n ayudas a las personas vulnerables de Tonsupa.\"}]},{\"@type\":\"WebSite\",\"@id\":\"https:\/\/prefecturadeesmeraldas.gob.ec\/#website\",\"url\":\"https:\/\/prefecturadeesmeraldas.gob.ec\/\",\"name\":\"Gobierno Aut\u00f3nomo Descentralizado de la Provincia de Esmeraldas\",\"description\":\"Gobierno Aut\u00f3nomo Descentralizado de la Provincia de Esmeraldas\",\"publisher\":{\"@id\":\"https:\/\/prefecturadeesmeraldas.gob.ec\/#organization\"},\"potentialAction\":[{\"@type\":\"SearchAction\",\"target\":{\"@type\":\"EntryPoint\",\"urlTemplate\":\"https:\/\/prefecturadeesmeraldas.gob.ec\/?s={search_term_string}\"},\"query-input\":{\"@type\":\"PropertyValueSpecification\",\"valueRequired\":true,\"valueName\":\"search_term_string\"}}],\"inLanguage\":\"es\"},{\"@type\":\"Organization\",\"@id\":\"https:\/\/prefecturadeesmeraldas.gob.ec\/#organization\",\"name\":\"Gobierno Aut\u00f3nomo Descentralizado de la Provincia de Esmeraldas\",\"url\":\"https:\/\/prefecturadeesmeraldas.gob.ec\/\",\"logo\":{\"@type\":\"ImageObject\",\"inLanguage\":\"es\",\"@id\":\"https:\/\/prefecturadeesmeraldas.gob.ec\/#\/schema\/logo\/image\/\",\"url\":\"https:\/\/prefecturadeesmeraldas.gob.ec\/wp-content\/uploads\/2019\/06\/logo.png\",\"contentUrl\":\"https:\/\/prefecturadeesmeraldas.gob.ec\/wp-content\/uploads\/2019\/06\/logo.png\",\"width\":859,\"height\":448,\"caption\":\"Gobierno Aut\u00f3nomo Descentralizado de la Provincia de Esmeraldas\"},\"image\":{\"@id\":\"https:\/\/prefecturadeesmeraldas.gob.ec\/#\/schema\/logo\/image\/\"},\"sameAs\":[\"https:\/\/www.facebook.com\/PrefecturaEsmeraldas\/\"]},{\"@type\":\"Person\",\"@id\":\"https:\/\/prefecturadeesmeraldas.gob.ec\/#\/schema\/person\/b0c9e7b1ead7725994d1e319e8825234\",\"name\":\"Direcci\u00f3n de Comunicaci\u00f3n\",\"image\":{\"@type\":\"ImageObject\",\"inLanguage\":\"es\",\"@id\":\"https:\/\/prefecturadeesmeraldas.gob.ec\/#\/schema\/person\/image\/\",\"url\":\"https:\/\/secure.gravatar.com\/avatar\/74a3870a946f5d774ade3569af61a72308e07ad3346f370c4b468ee2a9858658?s=96&d=mm&r=g\",\"contentUrl\":\"https:\/\/secure.gravatar.com\/avatar\/74a3870a946f5d774ade3569af61a72308e07ad3346f370c4b468ee2a9858658?s=96&d=mm&r=g\",\"caption\":\"Direcci\u00f3n de Comunicaci\u00f3n\"}}]}<\/script>\n<!-- \/ Yoast SEO plugin. -->","yoast_head_json":{"title":"Se entregar\u00e1n ayudas a las personas vulnerables de Tonsupa. - Gobierno Aut\u00f3nomo Descentralizado de la Provincia de Esmeraldas","robots":{"index":"index","follow":"follow","max-snippet":"max-snippet:-1","max-image-preview":"max-image-preview:large","max-video-preview":"max-video-preview:-1"},"canonical":"https:\/\/prefecturadeesmeraldas.gob.ec\/index.php\/2021\/02\/26\/se-entregaran-ayudas-a-las-personas-vulnerables-de-tonsupa\/","og_locale":"es_ES","og_type":"article","og_title":"Se entregar\u00e1n ayudas a las personas vulnerables de Tonsupa. - Gobierno Aut\u00f3nomo Descentralizado de la Provincia de Esmeraldas","og_description":"T\u00e9cnicos de la Unidad de Asistencia M\u00e9dica, Desarrollo Social y Cultural UNAMYDESC de la Prefectura de Esmeraldas, se encuentran realizando recorridos en la parroquia Tonsupa, cant\u00f3n Atacames, para desarrollar un estudio socioecon\u00f3mico sobre las ayudas t\u00e9cnicas que van a ser entregadas a personas vulnerables. Mar\u00eda Cabezas, trabajadora social de UNAMYDESC, explic\u00f3 que, en algunos casos, [&hellip;]","og_url":"https:\/\/prefecturadeesmeraldas.gob.ec\/index.php\/2021\/02\/26\/se-entregaran-ayudas-a-las-personas-vulnerables-de-tonsupa\/","og_site_name":"Gobierno Aut\u00f3nomo Descentralizado de la Provincia de Esmeraldas","article_publisher":"https:\/\/www.facebook.com\/PrefecturaEsmeraldas\/","article_published_time":"2021-02-26T19:30:22+00:00","article_modified_time":"2021-02-26T19:30:49+00:00","og_image":[{"width":1422,"height":1022,"url":"https:\/\/prefecturadeesmeraldas.gob.ec\/wp-content\/uploads\/2021\/02\/BOLETIN-0209.jpg","type":"image\/jpeg"}],"author":"Direcci\u00f3n de Comunicaci\u00f3n","twitter_card":"summary_large_image","twitter_misc":{"Escrito por":"Direcci\u00f3n de Comunicaci\u00f3n","Tiempo de lectura":"2 minutos"},"schema":{"@context":"https:\/\/schema.org","@graph":[{"@type":"Article","@id":"https:\/\/prefecturadeesmeraldas.gob.ec\/index.php\/2021\/02\/26\/se-entregaran-ayudas-a-las-personas-vulnerables-de-tonsupa\/#article","isPartOf":{"@id":"https:\/\/prefecturadeesmeraldas.gob.ec\/index.php\/2021\/02\/26\/se-entregaran-ayudas-a-las-personas-vulnerables-de-tonsupa\/"},"author":{"name":"Direcci\u00f3n de Comunicaci\u00f3n","@id":"https:\/\/prefecturadeesmeraldas.gob.ec\/#\/schema\/person\/b0c9e7b1ead7725994d1e319e8825234"},"headline":"Se entregar\u00e1n ayudas a las personas vulnerables de Tonsupa.","datePublished":"2021-02-26T19:30:22+00:00","dateModified":"2021-02-26T19:30:49+00:00","mainEntityOfPage":{"@id":"https:\/\/prefecturadeesmeraldas.gob.ec\/index.php\/2021\/02\/26\/se-entregaran-ayudas-a-las-personas-vulnerables-de-tonsupa\/"},"wordCount":320,"publisher":{"@id":"https:\/\/prefecturadeesmeraldas.gob.ec\/#organization"},"image":{"@id":"https:\/\/prefecturadeesmeraldas.gob.ec\/index.php\/2021\/02\/26\/se-entregaran-ayudas-a-las-personas-vulnerables-de-tonsupa\/#primaryimage"},"thumbnailUrl":"https:\/\/prefecturadeesmeraldas.gob.ec\/wp-content\/uploads\/2021\/02\/BOLETIN-0209.jpg","articleSection":["UNAMYDESC"],"inLanguage":"es"},{"@type":"WebPage","@id":"https:\/\/prefecturadeesmeraldas.gob.ec\/index.php\/2021\/02\/26\/se-entregaran-ayudas-a-las-personas-vulnerables-de-tonsupa\/","url":"https:\/\/prefecturadeesmeraldas.gob.ec\/index.php\/2021\/02\/26\/se-entregaran-ayudas-a-las-personas-vulnerables-de-tonsupa\/","name":"Se entregar\u00e1n ayudas a las personas vulnerables de Tonsupa. - Gobierno Aut\u00f3nomo Descentralizado de la Provincia de Esmeraldas","isPartOf":{"@id":"https:\/\/prefecturadeesmeraldas.gob.ec\/#website"},"primaryImageOfPage":{"@id":"https:\/\/prefecturadeesmeraldas.gob.ec\/index.php\/2021\/02\/26\/se-entregaran-ayudas-a-las-personas-vulnerables-de-tonsupa\/#primaryimage"},"image":{"@id":"https:\/\/prefecturadeesmeraldas.gob.ec\/index.php\/2021\/02\/26\/se-entregaran-ayudas-a-las-personas-vulnerables-de-tonsupa\/#primaryimage"},"thumbnailUrl":"https:\/\/prefecturadeesmeraldas.gob.ec\/wp-content\/uploads\/2021\/02\/BOLETIN-0209.jpg","datePublished":"2021-02-26T19:30:22+00:00","dateModified":"2021-02-26T19:30:49+00:00","breadcrumb":{"@id":"https:\/\/prefecturadeesmeraldas.gob.ec\/index.php\/2021\/02\/26\/se-entregaran-ayudas-a-las-personas-vulnerables-de-tonsupa\/#breadcrumb"},"inLanguage":"es","potentialAction":[{"@type":"ReadAction","target":["https:\/\/prefecturadeesmeraldas.gob.ec\/index.php\/2021\/02\/26\/se-entregaran-ayudas-a-las-personas-vulnerables-de-tonsupa\/"]}]},{"@type":"ImageObject","inLanguage":"es","@id":"https:\/\/prefecturadeesmeraldas.gob.ec\/index.php\/2021\/02\/26\/se-entregaran-ayudas-a-las-personas-vulnerables-de-tonsupa\/#primaryimage","url":"https:\/\/prefecturadeesmeraldas.gob.ec\/wp-content\/uploads\/2021\/02\/BOLETIN-0209.jpg","contentUrl":"https:\/\/prefecturadeesmeraldas.gob.ec\/wp-content\/uploads\/2021\/02\/BOLETIN-0209.jpg","width":1422,"height":1022},{"@type":"BreadcrumbList","@id":"https:\/\/prefecturadeesmeraldas.gob.ec\/index.php\/2021\/02\/26\/se-entregaran-ayudas-a-las-personas-vulnerables-de-tonsupa\/#breadcrumb","itemListElement":[{"@type":"ListItem","position":1,"name":"Home","item":"https:\/\/prefecturadeesmeraldas.gob.ec\/"},{"@type":"ListItem","position":2,"name":"Se entregar\u00e1n ayudas a las personas vulnerables de Tonsupa."}]},{"@type":"WebSite","@id":"https:\/\/prefecturadeesmeraldas.gob.ec\/#website","url":"https:\/\/prefecturadeesmeraldas.gob.ec\/","name":"Gobierno Aut\u00f3nomo Descentralizado de la Provincia de Esmeraldas","description":"Gobierno Aut\u00f3nomo Descentralizado de la Provincia de Esmeraldas","publisher":{"@id":"https:\/\/prefecturadeesmeraldas.gob.ec\/#organization"},"potentialAction":[{"@type":"SearchAction","target":{"@type":"EntryPoint","urlTemplate":"https:\/\/prefecturadeesmeraldas.gob.ec\/?s={search_term_string}"},"query-input":{"@type":"PropertyValueSpecification","valueRequired":true,"valueName":"search_term_string"}}],"inLanguage":"es"},{"@type":"Organization","@id":"https:\/\/prefecturadeesmeraldas.gob.ec\/#organization","name":"Gobierno Aut\u00f3nomo Descentralizado de la Provincia de Esmeraldas","url":"https:\/\/prefecturadeesmeraldas.gob.ec\/","logo":{"@type":"ImageObject","inLanguage":"es","@id":"https:\/\/prefecturadeesmeraldas.gob.ec\/#\/schema\/logo\/image\/","url":"https:\/\/prefecturadeesmeraldas.gob.ec\/wp-content\/uploads\/2019\/06\/logo.png","contentUrl":"https:\/\/prefecturadeesmeraldas.gob.ec\/wp-content\/uploads\/2019\/06\/logo.png","width":859,"height":448,"caption":"Gobierno Aut\u00f3nomo Descentralizado de la Provincia de Esmeraldas"},"image":{"@id":"https:\/\/prefecturadeesmeraldas.gob.ec\/#\/schema\/logo\/image\/"},"sameAs":["https:\/\/www.facebook.com\/PrefecturaEsmeraldas\/"]},{"@type":"Person","@id":"https:\/\/prefecturadeesmeraldas.gob.ec\/#\/schema\/person\/b0c9e7b1ead7725994d1e319e8825234","name":"Direcci\u00f3n de Comunicaci\u00f3n","image":{"@type":"ImageObject","inLanguage":"es","@id":"https:\/\/prefecturadeesmeraldas.gob.ec\/#\/schema\/person\/image\/","url":"https:\/\/secure.gravatar.com\/avatar\/74a3870a946f5d774ade3569af61a72308e07ad3346f370c4b468ee2a9858658?s=96&d=mm&r=g","contentUrl":"https:\/\/secure.gravatar.com\/avatar\/74a3870a946f5d774ade3569af61a72308e07ad3346f370c4b468ee2a9858658?s=96&d=mm&r=g","caption":"Direcci\u00f3n de Comunicaci\u00f3n"}}]}},"_links":{"self":[{"href":"https:\/\/prefecturadeesmeraldas.gob.ec\/index.php\/wp-json\/wp\/v2\/posts\/9658","targetHints":{"allow":["GET"]}}],"collection":[{"href":"https:\/\/prefecturadeesmeraldas.gob.ec\/index.php\/wp-json\/wp\/v2\/posts"}],"about":[{"href":"https:\/\/prefecturadeesmeraldas.gob.ec\/index.php\/wp-json\/wp\/v2\/types\/post"}],"author":[{"embeddable":true,"href":"https:\/\/prefecturadeesmeraldas.gob.ec\/index.php\/wp-json\/wp\/v2\/users\/2"}],"replies":[{"embeddable":true,"href":"https:\/\/prefecturadeesmeraldas.gob.ec\/index.php\/wp-json\/wp\/v2\/comments?post=9658"}],"version-history":[{"count":0,"href":"https:\/\/prefecturadeesmeraldas.gob.ec\/index.php\/wp-json\/wp\/v2\/posts\/9658\/revisions"}],"wp:featuredmedia":[{"embeddable":true,"href":"https:\/\/prefecturadeesmeraldas.gob.ec\/index.php\/wp-json\/wp\/v2\/media\/9635"}],"wp:attachment":[{"href":"https:\/\/prefecturadeesmeraldas.gob.ec\/index.php\/wp-json\/wp\/v2\/media?parent=9658"}],"wp:term":[{"taxonomy":"category","embeddable":true,"href":"https:\/\/prefecturadeesmeraldas.gob.ec\/index.php\/wp-json\/wp\/v2\/categories?post=9658"},{"taxonomy":"post_tag","embeddable":true,"href":"https:\/\/prefecturadeesmeraldas.gob.ec\/index.php\/wp-json\/wp\/v2\/tags?post=9658"}],"curies":[{"name":"wp","href":"https:\/\/api.w.org\/{rel}","templated":true}]}}