{"id":9526,"date":"2021-02-17T14:39:25","date_gmt":"2021-02-17T19:39:25","guid":{"rendered":"http:\/\/prefecturadeesmeraldas.gob.ec\/?p=9526"},"modified":"2021-02-17T14:41:09","modified_gmt":"2021-02-17T19:41:09","slug":"prefectura-retoma-labores-de-mantenimiento-vial-tras-feriado-de-carnaval","status":"publish","type":"post","link":"https:\/\/prefecturadeesmeraldas.gob.ec\/index.php\/2021\/02\/17\/prefectura-retoma-labores-de-mantenimiento-vial-tras-feriado-de-carnaval\/","title":{"rendered":"Prefectura retoma labores de mantenimiento vial tras feriado de carnaval."},"content":{"rendered":"\t\t<div data-elementor-type=\"wp-post\" data-elementor-id=\"9526\" class=\"elementor elementor-9526\">\n\t\t\t\t\t\t<section class=\"elementor-section elementor-top-section elementor-element elementor-element-c715c13 elementor-section-boxed elementor-section-height-default elementor-section-height-default\" data-id=\"c715c13\" data-element_type=\"section\">\n\t\t\t\t\t\t<div class=\"elementor-container elementor-column-gap-default\">\n\t\t\t\t\t<div class=\"elementor-column elementor-col-100 elementor-top-column elementor-element elementor-element-4a08c75\" data-id=\"4a08c75\" data-element_type=\"column\">\n\t\t\t<div class=\"elementor-widget-wrap elementor-element-populated\">\n\t\t\t\t\t\t<div class=\"elementor-element elementor-element-0090ab1 elementor-widget elementor-widget-image\" data-id=\"0090ab1\" data-element_type=\"widget\" data-widget_type=\"image.default\">\n\t\t\t\t<div class=\"elementor-widget-container\">\n\t\t\t\t\t\t\t\t\t\t\t\t\t\t\t<img fetchpriority=\"high\" decoding=\"async\" width=\"635\" height=\"605\" src=\"https:\/\/prefecturadeesmeraldas.gob.ec\/wp-content\/uploads\/2021\/02\/BOLETIN-0177.jpg\" class=\"attachment-large size-large wp-image-9522\" alt=\"\" srcset=\"https:\/\/prefecturadeesmeraldas.gob.ec\/wp-content\/uploads\/2021\/02\/BOLETIN-0177.jpg 635w, https:\/\/prefecturadeesmeraldas.gob.ec\/wp-content\/uploads\/2021\/02\/BOLETIN-0177-300x286.jpg 300w\" sizes=\"(max-width: 635px) 100vw, 635px\" \/>\t\t\t\t\t\t\t\t\t\t\t\t\t\t\t<\/div>\n\t\t\t\t<\/div>\n\t\t\t\t\t<\/div>\n\t\t<\/div>\n\t\t\t\t\t<\/div>\n\t\t<\/section>\n\t\t\t\t<section class=\"elementor-section elementor-top-section elementor-element elementor-element-97c0669 elementor-section-boxed elementor-section-height-default elementor-section-height-default\" data-id=\"97c0669\" data-element_type=\"section\">\n\t\t\t\t\t\t<div class=\"elementor-container elementor-column-gap-default\">\n\t\t\t\t\t<div class=\"elementor-column elementor-col-100 elementor-top-column elementor-element elementor-element-9a09c19\" data-id=\"9a09c19\" data-element_type=\"column\">\n\t\t\t<div class=\"elementor-widget-wrap elementor-element-populated\">\n\t\t\t\t\t\t<div class=\"elementor-element elementor-element-ece3cba elementor-widget elementor-widget-text-editor\" data-id=\"ece3cba\" data-element_type=\"widget\" data-widget_type=\"text-editor.default\">\n\t\t\t\t<div class=\"elementor-widget-container\">\n\t\t\t\t\t\t\t\t\t<p>Tras el feriado de carnaval, la <strong>Prefectura de Esmeraldas<\/strong>, t\u00e9cnicos, operadores y maquinaria, retoman las labores de mantenimiento vial, bajo la programaci\u00f3n que, se realizar\u00e1 desde este mi\u00e9rcoles 17 de febrero, hasta el viernes diecinueve de febrero, en v\u00edas que conforman las diferentes zonas, cantones y recintos de la provincia de Esmeraldas.<\/p><p>La atenci\u00f3n de emergencias marca otra de las constantes acciones contempladas dentro del cronograma, debido a la presencia de lluvias en las distintas zonas de la provincia. Emergencias en las que destac\u00f3 la limpieza de derrumbes en los tramos <strong>E15 \u2013 Bunche, en Muisne. Tabiazo &#8211; Carlos Concha \u2013 Chichivine; Tachina \u2013 Tigre, parroquia Camarones, y Mutile \u2013 Zapallo en Esmeraldas<\/strong>. De igual manera la reconformaci\u00f3n de la v\u00eda J3 \u2013 Chura, en Quinind\u00e9.<\/p><p>Entre tanto, los mantenimientos viales programados para la zona norte de la provincia son: <strong>Borb\u00f3n \u2013 Garrapata, en el cant\u00f3n Eloy Alfaro y Pepe Pan \u2013 Tacusa en el cant\u00f3n Esmeraldas<\/strong>. La rehabilitaci\u00f3n del puente provisional y construcci\u00f3n de acceso (temporal) sobre el r\u00edo Agua Sucia, en la parroquia Concepci\u00f3n del cant\u00f3n San Lorenzo.<\/p><p>En la zona central, la reposici\u00f3n de material y reconformaci\u00f3n de la <strong>v\u00eda 5 de agosto \u2013 La Gabarra, la excavaci\u00f3n de suelo y redise\u00f1o de una variante en el recinto Palma Real, en la parroquia Malimpia, cant\u00f3n Quinind\u00e9 y, la reconformaci\u00f3n de la v\u00eda E20 \u2013 El Roc\u00edo.<\/strong><\/p><p>Mientras que, para la zona sur, contin\u00faa la colocaci\u00f3n de material Sub-Base sobre la <strong>Troncal del Pac\u00edfico \u2013 Quitito, en la parroquia Tochig\u00fce, en el cant\u00f3n Atacames. E15 \u2013 El Aguacate \u2013 La Tablada, E15 \u2013 Mochin, E15 \u2013 Cabecera de Bunche, E15 \u2013 Boca del Sucio, E15 \u2013 Correntada y la limpieza de derrumbes en la parroquia Salima.<\/strong><\/p>\t\t\t\t\t\t\t\t<\/div>\n\t\t\t\t<\/div>\n\t\t\t\t\t<\/div>\n\t\t<\/div>\n\t\t\t\t\t<\/div>\n\t\t<\/section>\n\t\t\t\t<\/div>\n\t\t","protected":false},"excerpt":{"rendered":"<p>Tras el feriado de carnaval, la Prefectura de Esmeraldas, t\u00e9cnicos, operadores y maquinaria, retoman las labores de mantenimiento vial, bajo la programaci\u00f3n que, se realizar\u00e1 desde este mi\u00e9rcoles 17 de febrero, hasta el viernes diecinueve de febrero, en v\u00edas que conforman las diferentes zonas, cantones y recintos de la provincia de Esmeraldas. La atenci\u00f3n de [&hellip;]<\/p>\n","protected":false},"author":2,"featured_media":9522,"comment_status":"closed","ping_status":"open","sticky":false,"template":"","format":"standard","meta":{"footnotes":""},"categories":[14],"tags":[],"class_list":["post-9526","post","type-post","status-publish","format-standard","has-post-thumbnail","hentry","category-vialidad"],"yoast_head":"<!-- This site is optimized with the Yoast SEO plugin v25.7 - https:\/\/yoast.com\/wordpress\/plugins\/seo\/ -->\n<title>Prefectura retoma labores de mantenimiento vial tras feriado de carnaval. - Gobierno Aut\u00f3nomo Descentralizado de la Provincia de Esmeraldas<\/title>\n<meta name=\"robots\" content=\"index, follow, max-snippet:-1, max-image-preview:large, max-video-preview:-1\" \/>\n<link rel=\"canonical\" href=\"https:\/\/prefecturadeesmeraldas.gob.ec\/index.php\/2021\/02\/17\/prefectura-retoma-labores-de-mantenimiento-vial-tras-feriado-de-carnaval\/\" \/>\n<meta property=\"og:locale\" content=\"es_ES\" \/>\n<meta property=\"og:type\" content=\"article\" \/>\n<meta property=\"og:title\" content=\"Prefectura retoma labores de mantenimiento vial tras feriado de carnaval. - Gobierno Aut\u00f3nomo Descentralizado de la Provincia de Esmeraldas\" \/>\n<meta property=\"og:description\" content=\"Tras el feriado de carnaval, la Prefectura de Esmeraldas, t\u00e9cnicos, operadores y maquinaria, retoman las labores de mantenimiento vial, bajo la programaci\u00f3n que, se realizar\u00e1 desde este mi\u00e9rcoles 17 de febrero, hasta el viernes diecinueve de febrero, en v\u00edas que conforman las diferentes zonas, cantones y recintos de la provincia de Esmeraldas. La atenci\u00f3n de [&hellip;]\" \/>\n<meta property=\"og:url\" content=\"https:\/\/prefecturadeesmeraldas.gob.ec\/index.php\/2021\/02\/17\/prefectura-retoma-labores-de-mantenimiento-vial-tras-feriado-de-carnaval\/\" \/>\n<meta property=\"og:site_name\" content=\"Gobierno Aut\u00f3nomo Descentralizado de la Provincia de Esmeraldas\" \/>\n<meta property=\"article:publisher\" content=\"https:\/\/www.facebook.com\/PrefecturaEsmeraldas\/\" \/>\n<meta property=\"article:published_time\" content=\"2021-02-17T19:39:25+00:00\" \/>\n<meta property=\"article:modified_time\" content=\"2021-02-17T19:41:09+00:00\" \/>\n<meta property=\"og:image\" content=\"https:\/\/prefecturadeesmeraldas.gob.ec\/wp-content\/uploads\/2021\/02\/BOLETIN-0177.jpg\" \/>\n\t<meta property=\"og:image:width\" content=\"635\" \/>\n\t<meta property=\"og:image:height\" content=\"605\" \/>\n\t<meta property=\"og:image:type\" content=\"image\/jpeg\" \/>\n<meta name=\"author\" content=\"Direcci\u00f3n de Comunicaci\u00f3n\" \/>\n<meta name=\"twitter:card\" content=\"summary_large_image\" \/>\n<meta name=\"twitter:label1\" content=\"Escrito por\" \/>\n\t<meta name=\"twitter:data1\" content=\"Direcci\u00f3n de Comunicaci\u00f3n\" \/>\n\t<meta name=\"twitter:label2\" content=\"Tiempo de lectura\" \/>\n\t<meta name=\"twitter:data2\" content=\"1 minuto\" \/>\n<script type=\"application\/ld+json\" class=\"yoast-schema-graph\">{\"@context\":\"https:\/\/schema.org\",\"@graph\":[{\"@type\":\"Article\",\"@id\":\"https:\/\/prefecturadeesmeraldas.gob.ec\/index.php\/2021\/02\/17\/prefectura-retoma-labores-de-mantenimiento-vial-tras-feriado-de-carnaval\/#article\",\"isPartOf\":{\"@id\":\"https:\/\/prefecturadeesmeraldas.gob.ec\/index.php\/2021\/02\/17\/prefectura-retoma-labores-de-mantenimiento-vial-tras-feriado-de-carnaval\/\"},\"author\":{\"name\":\"Direcci\u00f3n de Comunicaci\u00f3n\",\"@id\":\"https:\/\/prefecturadeesmeraldas.gob.ec\/#\/schema\/person\/b0c9e7b1ead7725994d1e319e8825234\"},\"headline\":\"Prefectura retoma labores de mantenimiento vial tras feriado de carnaval.\",\"datePublished\":\"2021-02-17T19:39:25+00:00\",\"dateModified\":\"2021-02-17T19:41:09+00:00\",\"mainEntityOfPage\":{\"@id\":\"https:\/\/prefecturadeesmeraldas.gob.ec\/index.php\/2021\/02\/17\/prefectura-retoma-labores-de-mantenimiento-vial-tras-feriado-de-carnaval\/\"},\"wordCount\":309,\"publisher\":{\"@id\":\"https:\/\/prefecturadeesmeraldas.gob.ec\/#organization\"},\"image\":{\"@id\":\"https:\/\/prefecturadeesmeraldas.gob.ec\/index.php\/2021\/02\/17\/prefectura-retoma-labores-de-mantenimiento-vial-tras-feriado-de-carnaval\/#primaryimage\"},\"thumbnailUrl\":\"https:\/\/prefecturadeesmeraldas.gob.ec\/wp-content\/uploads\/2021\/02\/BOLETIN-0177.jpg\",\"articleSection\":[\"Vialidad\"],\"inLanguage\":\"es\"},{\"@type\":\"WebPage\",\"@id\":\"https:\/\/prefecturadeesmeraldas.gob.ec\/index.php\/2021\/02\/17\/prefectura-retoma-labores-de-mantenimiento-vial-tras-feriado-de-carnaval\/\",\"url\":\"https:\/\/prefecturadeesmeraldas.gob.ec\/index.php\/2021\/02\/17\/prefectura-retoma-labores-de-mantenimiento-vial-tras-feriado-de-carnaval\/\",\"name\":\"Prefectura retoma labores de mantenimiento vial tras feriado de carnaval. - Gobierno Aut\u00f3nomo Descentralizado de la Provincia de Esmeraldas\",\"isPartOf\":{\"@id\":\"https:\/\/prefecturadeesmeraldas.gob.ec\/#website\"},\"primaryImageOfPage\":{\"@id\":\"https:\/\/prefecturadeesmeraldas.gob.ec\/index.php\/2021\/02\/17\/prefectura-retoma-labores-de-mantenimiento-vial-tras-feriado-de-carnaval\/#primaryimage\"},\"image\":{\"@id\":\"https:\/\/prefecturadeesmeraldas.gob.ec\/index.php\/2021\/02\/17\/prefectura-retoma-labores-de-mantenimiento-vial-tras-feriado-de-carnaval\/#primaryimage\"},\"thumbnailUrl\":\"https:\/\/prefecturadeesmeraldas.gob.ec\/wp-content\/uploads\/2021\/02\/BOLETIN-0177.jpg\",\"datePublished\":\"2021-02-17T19:39:25+00:00\",\"dateModified\":\"2021-02-17T19:41:09+00:00\",\"breadcrumb\":{\"@id\":\"https:\/\/prefecturadeesmeraldas.gob.ec\/index.php\/2021\/02\/17\/prefectura-retoma-labores-de-mantenimiento-vial-tras-feriado-de-carnaval\/#breadcrumb\"},\"inLanguage\":\"es\",\"potentialAction\":[{\"@type\":\"ReadAction\",\"target\":[\"https:\/\/prefecturadeesmeraldas.gob.ec\/index.php\/2021\/02\/17\/prefectura-retoma-labores-de-mantenimiento-vial-tras-feriado-de-carnaval\/\"]}]},{\"@type\":\"ImageObject\",\"inLanguage\":\"es\",\"@id\":\"https:\/\/prefecturadeesmeraldas.gob.ec\/index.php\/2021\/02\/17\/prefectura-retoma-labores-de-mantenimiento-vial-tras-feriado-de-carnaval\/#primaryimage\",\"url\":\"https:\/\/prefecturadeesmeraldas.gob.ec\/wp-content\/uploads\/2021\/02\/BOLETIN-0177.jpg\",\"contentUrl\":\"https:\/\/prefecturadeesmeraldas.gob.ec\/wp-content\/uploads\/2021\/02\/BOLETIN-0177.jpg\",\"width\":635,\"height\":605},{\"@type\":\"BreadcrumbList\",\"@id\":\"https:\/\/prefecturadeesmeraldas.gob.ec\/index.php\/2021\/02\/17\/prefectura-retoma-labores-de-mantenimiento-vial-tras-feriado-de-carnaval\/#breadcrumb\",\"itemListElement\":[{\"@type\":\"ListItem\",\"position\":1,\"name\":\"Home\",\"item\":\"https:\/\/prefecturadeesmeraldas.gob.ec\/\"},{\"@type\":\"ListItem\",\"position\":2,\"name\":\"Prefectura retoma labores de mantenimiento vial tras feriado de carnaval.\"}]},{\"@type\":\"WebSite\",\"@id\":\"https:\/\/prefecturadeesmeraldas.gob.ec\/#website\",\"url\":\"https:\/\/prefecturadeesmeraldas.gob.ec\/\",\"name\":\"Gobierno Aut\u00f3nomo Descentralizado de la Provincia de Esmeraldas\",\"description\":\"Gobierno Aut\u00f3nomo Descentralizado de la Provincia de Esmeraldas\",\"publisher\":{\"@id\":\"https:\/\/prefecturadeesmeraldas.gob.ec\/#organization\"},\"potentialAction\":[{\"@type\":\"SearchAction\",\"target\":{\"@type\":\"EntryPoint\",\"urlTemplate\":\"https:\/\/prefecturadeesmeraldas.gob.ec\/?s={search_term_string}\"},\"query-input\":{\"@type\":\"PropertyValueSpecification\",\"valueRequired\":true,\"valueName\":\"search_term_string\"}}],\"inLanguage\":\"es\"},{\"@type\":\"Organization\",\"@id\":\"https:\/\/prefecturadeesmeraldas.gob.ec\/#organization\",\"name\":\"Gobierno Aut\u00f3nomo Descentralizado de la Provincia de Esmeraldas\",\"url\":\"https:\/\/prefecturadeesmeraldas.gob.ec\/\",\"logo\":{\"@type\":\"ImageObject\",\"inLanguage\":\"es\",\"@id\":\"https:\/\/prefecturadeesmeraldas.gob.ec\/#\/schema\/logo\/image\/\",\"url\":\"https:\/\/prefecturadeesmeraldas.gob.ec\/wp-content\/uploads\/2019\/06\/logo.png\",\"contentUrl\":\"https:\/\/prefecturadeesmeraldas.gob.ec\/wp-content\/uploads\/2019\/06\/logo.png\",\"width\":859,\"height\":448,\"caption\":\"Gobierno Aut\u00f3nomo Descentralizado de la Provincia de Esmeraldas\"},\"image\":{\"@id\":\"https:\/\/prefecturadeesmeraldas.gob.ec\/#\/schema\/logo\/image\/\"},\"sameAs\":[\"https:\/\/www.facebook.com\/PrefecturaEsmeraldas\/\"]},{\"@type\":\"Person\",\"@id\":\"https:\/\/prefecturadeesmeraldas.gob.ec\/#\/schema\/person\/b0c9e7b1ead7725994d1e319e8825234\",\"name\":\"Direcci\u00f3n de Comunicaci\u00f3n\",\"image\":{\"@type\":\"ImageObject\",\"inLanguage\":\"es\",\"@id\":\"https:\/\/prefecturadeesmeraldas.gob.ec\/#\/schema\/person\/image\/\",\"url\":\"https:\/\/secure.gravatar.com\/avatar\/74a3870a946f5d774ade3569af61a72308e07ad3346f370c4b468ee2a9858658?s=96&d=mm&r=g\",\"contentUrl\":\"https:\/\/secure.gravatar.com\/avatar\/74a3870a946f5d774ade3569af61a72308e07ad3346f370c4b468ee2a9858658?s=96&d=mm&r=g\",\"caption\":\"Direcci\u00f3n de Comunicaci\u00f3n\"}}]}<\/script>\n<!-- \/ Yoast SEO plugin. -->","yoast_head_json":{"title":"Prefectura retoma labores de mantenimiento vial tras feriado de carnaval. - Gobierno Aut\u00f3nomo Descentralizado de la Provincia de Esmeraldas","robots":{"index":"index","follow":"follow","max-snippet":"max-snippet:-1","max-image-preview":"max-image-preview:large","max-video-preview":"max-video-preview:-1"},"canonical":"https:\/\/prefecturadeesmeraldas.gob.ec\/index.php\/2021\/02\/17\/prefectura-retoma-labores-de-mantenimiento-vial-tras-feriado-de-carnaval\/","og_locale":"es_ES","og_type":"article","og_title":"Prefectura retoma labores de mantenimiento vial tras feriado de carnaval. - Gobierno Aut\u00f3nomo Descentralizado de la Provincia de Esmeraldas","og_description":"Tras el feriado de carnaval, la Prefectura de Esmeraldas, t\u00e9cnicos, operadores y maquinaria, retoman las labores de mantenimiento vial, bajo la programaci\u00f3n que, se realizar\u00e1 desde este mi\u00e9rcoles 17 de febrero, hasta el viernes diecinueve de febrero, en v\u00edas que conforman las diferentes zonas, cantones y recintos de la provincia de Esmeraldas. La atenci\u00f3n de [&hellip;]","og_url":"https:\/\/prefecturadeesmeraldas.gob.ec\/index.php\/2021\/02\/17\/prefectura-retoma-labores-de-mantenimiento-vial-tras-feriado-de-carnaval\/","og_site_name":"Gobierno Aut\u00f3nomo Descentralizado de la Provincia de Esmeraldas","article_publisher":"https:\/\/www.facebook.com\/PrefecturaEsmeraldas\/","article_published_time":"2021-02-17T19:39:25+00:00","article_modified_time":"2021-02-17T19:41:09+00:00","og_image":[{"width":635,"height":605,"url":"https:\/\/prefecturadeesmeraldas.gob.ec\/wp-content\/uploads\/2021\/02\/BOLETIN-0177.jpg","type":"image\/jpeg"}],"author":"Direcci\u00f3n de Comunicaci\u00f3n","twitter_card":"summary_large_image","twitter_misc":{"Escrito por":"Direcci\u00f3n de Comunicaci\u00f3n","Tiempo de lectura":"1 minuto"},"schema":{"@context":"https:\/\/schema.org","@graph":[{"@type":"Article","@id":"https:\/\/prefecturadeesmeraldas.gob.ec\/index.php\/2021\/02\/17\/prefectura-retoma-labores-de-mantenimiento-vial-tras-feriado-de-carnaval\/#article","isPartOf":{"@id":"https:\/\/prefecturadeesmeraldas.gob.ec\/index.php\/2021\/02\/17\/prefectura-retoma-labores-de-mantenimiento-vial-tras-feriado-de-carnaval\/"},"author":{"name":"Direcci\u00f3n de Comunicaci\u00f3n","@id":"https:\/\/prefecturadeesmeraldas.gob.ec\/#\/schema\/person\/b0c9e7b1ead7725994d1e319e8825234"},"headline":"Prefectura retoma labores de mantenimiento vial tras feriado de carnaval.","datePublished":"2021-02-17T19:39:25+00:00","dateModified":"2021-02-17T19:41:09+00:00","mainEntityOfPage":{"@id":"https:\/\/prefecturadeesmeraldas.gob.ec\/index.php\/2021\/02\/17\/prefectura-retoma-labores-de-mantenimiento-vial-tras-feriado-de-carnaval\/"},"wordCount":309,"publisher":{"@id":"https:\/\/prefecturadeesmeraldas.gob.ec\/#organization"},"image":{"@id":"https:\/\/prefecturadeesmeraldas.gob.ec\/index.php\/2021\/02\/17\/prefectura-retoma-labores-de-mantenimiento-vial-tras-feriado-de-carnaval\/#primaryimage"},"thumbnailUrl":"https:\/\/prefecturadeesmeraldas.gob.ec\/wp-content\/uploads\/2021\/02\/BOLETIN-0177.jpg","articleSection":["Vialidad"],"inLanguage":"es"},{"@type":"WebPage","@id":"https:\/\/prefecturadeesmeraldas.gob.ec\/index.php\/2021\/02\/17\/prefectura-retoma-labores-de-mantenimiento-vial-tras-feriado-de-carnaval\/","url":"https:\/\/prefecturadeesmeraldas.gob.ec\/index.php\/2021\/02\/17\/prefectura-retoma-labores-de-mantenimiento-vial-tras-feriado-de-carnaval\/","name":"Prefectura retoma labores de mantenimiento vial tras feriado de carnaval. - Gobierno Aut\u00f3nomo Descentralizado de la Provincia de Esmeraldas","isPartOf":{"@id":"https:\/\/prefecturadeesmeraldas.gob.ec\/#website"},"primaryImageOfPage":{"@id":"https:\/\/prefecturadeesmeraldas.gob.ec\/index.php\/2021\/02\/17\/prefectura-retoma-labores-de-mantenimiento-vial-tras-feriado-de-carnaval\/#primaryimage"},"image":{"@id":"https:\/\/prefecturadeesmeraldas.gob.ec\/index.php\/2021\/02\/17\/prefectura-retoma-labores-de-mantenimiento-vial-tras-feriado-de-carnaval\/#primaryimage"},"thumbnailUrl":"https:\/\/prefecturadeesmeraldas.gob.ec\/wp-content\/uploads\/2021\/02\/BOLETIN-0177.jpg","datePublished":"2021-02-17T19:39:25+00:00","dateModified":"2021-02-17T19:41:09+00:00","breadcrumb":{"@id":"https:\/\/prefecturadeesmeraldas.gob.ec\/index.php\/2021\/02\/17\/prefectura-retoma-labores-de-mantenimiento-vial-tras-feriado-de-carnaval\/#breadcrumb"},"inLanguage":"es","potentialAction":[{"@type":"ReadAction","target":["https:\/\/prefecturadeesmeraldas.gob.ec\/index.php\/2021\/02\/17\/prefectura-retoma-labores-de-mantenimiento-vial-tras-feriado-de-carnaval\/"]}]},{"@type":"ImageObject","inLanguage":"es","@id":"https:\/\/prefecturadeesmeraldas.gob.ec\/index.php\/2021\/02\/17\/prefectura-retoma-labores-de-mantenimiento-vial-tras-feriado-de-carnaval\/#primaryimage","url":"https:\/\/prefecturadeesmeraldas.gob.ec\/wp-content\/uploads\/2021\/02\/BOLETIN-0177.jpg","contentUrl":"https:\/\/prefecturadeesmeraldas.gob.ec\/wp-content\/uploads\/2021\/02\/BOLETIN-0177.jpg","width":635,"height":605},{"@type":"BreadcrumbList","@id":"https:\/\/prefecturadeesmeraldas.gob.ec\/index.php\/2021\/02\/17\/prefectura-retoma-labores-de-mantenimiento-vial-tras-feriado-de-carnaval\/#breadcrumb","itemListElement":[{"@type":"ListItem","position":1,"name":"Home","item":"https:\/\/prefecturadeesmeraldas.gob.ec\/"},{"@type":"ListItem","position":2,"name":"Prefectura retoma labores de mantenimiento vial tras feriado de carnaval."}]},{"@type":"WebSite","@id":"https:\/\/prefecturadeesmeraldas.gob.ec\/#website","url":"https:\/\/prefecturadeesmeraldas.gob.ec\/","name":"Gobierno Aut\u00f3nomo Descentralizado de la Provincia de Esmeraldas","description":"Gobierno Aut\u00f3nomo Descentralizado de la Provincia de Esmeraldas","publisher":{"@id":"https:\/\/prefecturadeesmeraldas.gob.ec\/#organization"},"potentialAction":[{"@type":"SearchAction","target":{"@type":"EntryPoint","urlTemplate":"https:\/\/prefecturadeesmeraldas.gob.ec\/?s={search_term_string}"},"query-input":{"@type":"PropertyValueSpecification","valueRequired":true,"valueName":"search_term_string"}}],"inLanguage":"es"},{"@type":"Organization","@id":"https:\/\/prefecturadeesmeraldas.gob.ec\/#organization","name":"Gobierno Aut\u00f3nomo Descentralizado de la Provincia de Esmeraldas","url":"https:\/\/prefecturadeesmeraldas.gob.ec\/","logo":{"@type":"ImageObject","inLanguage":"es","@id":"https:\/\/prefecturadeesmeraldas.gob.ec\/#\/schema\/logo\/image\/","url":"https:\/\/prefecturadeesmeraldas.gob.ec\/wp-content\/uploads\/2019\/06\/logo.png","contentUrl":"https:\/\/prefecturadeesmeraldas.gob.ec\/wp-content\/uploads\/2019\/06\/logo.png","width":859,"height":448,"caption":"Gobierno Aut\u00f3nomo Descentralizado de la Provincia de Esmeraldas"},"image":{"@id":"https:\/\/prefecturadeesmeraldas.gob.ec\/#\/schema\/logo\/image\/"},"sameAs":["https:\/\/www.facebook.com\/PrefecturaEsmeraldas\/"]},{"@type":"Person","@id":"https:\/\/prefecturadeesmeraldas.gob.ec\/#\/schema\/person\/b0c9e7b1ead7725994d1e319e8825234","name":"Direcci\u00f3n de Comunicaci\u00f3n","image":{"@type":"ImageObject","inLanguage":"es","@id":"https:\/\/prefecturadeesmeraldas.gob.ec\/#\/schema\/person\/image\/","url":"https:\/\/secure.gravatar.com\/avatar\/74a3870a946f5d774ade3569af61a72308e07ad3346f370c4b468ee2a9858658?s=96&d=mm&r=g","contentUrl":"https:\/\/secure.gravatar.com\/avatar\/74a3870a946f5d774ade3569af61a72308e07ad3346f370c4b468ee2a9858658?s=96&d=mm&r=g","caption":"Direcci\u00f3n de Comunicaci\u00f3n"}}]}},"_links":{"self":[{"href":"https:\/\/prefecturadeesmeraldas.gob.ec\/index.php\/wp-json\/wp\/v2\/posts\/9526","targetHints":{"allow":["GET"]}}],"collection":[{"href":"https:\/\/prefecturadeesmeraldas.gob.ec\/index.php\/wp-json\/wp\/v2\/posts"}],"about":[{"href":"https:\/\/prefecturadeesmeraldas.gob.ec\/index.php\/wp-json\/wp\/v2\/types\/post"}],"author":[{"embeddable":true,"href":"https:\/\/prefecturadeesmeraldas.gob.ec\/index.php\/wp-json\/wp\/v2\/users\/2"}],"replies":[{"embeddable":true,"href":"https:\/\/prefecturadeesmeraldas.gob.ec\/index.php\/wp-json\/wp\/v2\/comments?post=9526"}],"version-history":[{"count":0,"href":"https:\/\/prefecturadeesmeraldas.gob.ec\/index.php\/wp-json\/wp\/v2\/posts\/9526\/revisions"}],"wp:featuredmedia":[{"embeddable":true,"href":"https:\/\/prefecturadeesmeraldas.gob.ec\/index.php\/wp-json\/wp\/v2\/media\/9522"}],"wp:attachment":[{"href":"https:\/\/prefecturadeesmeraldas.gob.ec\/index.php\/wp-json\/wp\/v2\/media?parent=9526"}],"wp:term":[{"taxonomy":"category","embeddable":true,"href":"https:\/\/prefecturadeesmeraldas.gob.ec\/index.php\/wp-json\/wp\/v2\/categories?post=9526"},{"taxonomy":"post_tag","embeddable":true,"href":"https:\/\/prefecturadeesmeraldas.gob.ec\/index.php\/wp-json\/wp\/v2\/tags?post=9526"}],"curies":[{"name":"wp","href":"https:\/\/api.w.org\/{rel}","templated":true}]}}