{"id":9517,"date":"2021-02-17T11:03:32","date_gmt":"2021-02-17T16:03:32","guid":{"rendered":"http:\/\/prefecturadeesmeraldas.gob.ec\/?p=9517"},"modified":"2021-02-17T11:04:07","modified_gmt":"2021-02-17T16:04:07","slug":"la-prefectura-de-esmeraldas-activo-el-subproceso-de-control-de-calidad-en-los-dos-nuevos-puentes-construidos-en-la-parroquia-malimpia","status":"publish","type":"post","link":"https:\/\/prefecturadeesmeraldas.gob.ec\/index.php\/2021\/02\/17\/la-prefectura-de-esmeraldas-activo-el-subproceso-de-control-de-calidad-en-los-dos-nuevos-puentes-construidos-en-la-parroquia-malimpia\/","title":{"rendered":"La Prefectura de Esmeraldas activ\u00f3 el subproceso de control de calidad en los dos nuevos puentes construidos en la parroquia Malimpia."},"content":{"rendered":"\t\t<div data-elementor-type=\"wp-post\" data-elementor-id=\"9517\" class=\"elementor elementor-9517\">\n\t\t\t\t\t\t<section class=\"elementor-section elementor-top-section elementor-element elementor-element-7835f94 elementor-section-boxed elementor-section-height-default elementor-section-height-default\" data-id=\"7835f94\" data-element_type=\"section\">\n\t\t\t\t\t\t<div class=\"elementor-container elementor-column-gap-default\">\n\t\t\t\t\t<div class=\"elementor-column elementor-col-100 elementor-top-column elementor-element elementor-element-562786b\" data-id=\"562786b\" data-element_type=\"column\">\n\t\t\t<div class=\"elementor-widget-wrap elementor-element-populated\">\n\t\t\t\t\t\t<div class=\"elementor-element elementor-element-efef6f8 elementor-widget elementor-widget-image\" data-id=\"efef6f8\" data-element_type=\"widget\" data-widget_type=\"image.default\">\n\t\t\t\t<div class=\"elementor-widget-container\">\n\t\t\t\t\t\t\t\t\t\t\t\t\t\t\t<img fetchpriority=\"high\" decoding=\"async\" width=\"565\" height=\"565\" src=\"https:\/\/prefecturadeesmeraldas.gob.ec\/wp-content\/uploads\/2021\/02\/BOLETIN-0173.jpg\" class=\"attachment-large size-large wp-image-9514\" alt=\"\" srcset=\"https:\/\/prefecturadeesmeraldas.gob.ec\/wp-content\/uploads\/2021\/02\/BOLETIN-0173.jpg 565w, https:\/\/prefecturadeesmeraldas.gob.ec\/wp-content\/uploads\/2021\/02\/BOLETIN-0173-240x240.jpg 240w, https:\/\/prefecturadeesmeraldas.gob.ec\/wp-content\/uploads\/2021\/02\/BOLETIN-0173-150x150.jpg 150w, https:\/\/prefecturadeesmeraldas.gob.ec\/wp-content\/uploads\/2021\/02\/BOLETIN-0173-300x300.jpg 300w\" sizes=\"(max-width: 565px) 100vw, 565px\" \/>\t\t\t\t\t\t\t\t\t\t\t\t\t\t\t<\/div>\n\t\t\t\t<\/div>\n\t\t\t\t\t<\/div>\n\t\t<\/div>\n\t\t\t\t\t<\/div>\n\t\t<\/section>\n\t\t\t\t<section class=\"elementor-section elementor-top-section elementor-element elementor-element-443b741 elementor-section-boxed elementor-section-height-default elementor-section-height-default\" data-id=\"443b741\" data-element_type=\"section\">\n\t\t\t\t\t\t<div class=\"elementor-container elementor-column-gap-default\">\n\t\t\t\t\t<div class=\"elementor-column elementor-col-100 elementor-top-column elementor-element elementor-element-ef56fbf\" data-id=\"ef56fbf\" data-element_type=\"column\">\n\t\t\t<div class=\"elementor-widget-wrap elementor-element-populated\">\n\t\t\t\t\t\t<div class=\"elementor-element elementor-element-6f4faae elementor-widget elementor-widget-text-editor\" data-id=\"6f4faae\" data-element_type=\"widget\" data-widget_type=\"text-editor.default\">\n\t\t\t\t<div class=\"elementor-widget-container\">\n\t\t\t\t\t\t\t\t\t<p>La calidad de los trabajos y el cumplimiento de todas las especificaciones t\u00e9cnicas incluidas dentro del proyecto de construcci\u00f3n de dos puentes met\u00e1licos tipo Bayle, en el recinto 3 de septiembre, en la parroquia Malimpia, del cant\u00f3n Quinind\u00e9, motivaron la activaci\u00f3n del subproceso de control de calidad para el uso de materiales, responsabilidad de la direcci\u00f3n de fiscalizaci\u00f3n de la Prefectura de Esmeraldas.<\/p><p>Como responsable de efectuar la tarea, <strong>Cecilia Sol\u00f3rzano<\/strong>, ingeniera encargada del control de calidad de los materiales, asegur\u00f3 el haberse iniciado un proceso de verificaci\u00f3n y acompa\u00f1amiento a la empresa contratada que ejecuta la obra.<\/p><p>Del mismo modo, la ingeniera <strong>Sol\u00f3rzano<\/strong> describi\u00f3 el tipo de acciones y materiales utilizados para la ejecuci\u00f3n de los trabajos, que componen el proyecto en su totalidad.<\/p><p>Siendo testigo de los trabajos y las inspecciones efectuadas en territorio para la ejecuci\u00f3n de una obra de calidad, <strong>Ricardo Cifuentes<\/strong>, a bordo de su veh\u00edculo, dijo ver con agrado el inicio de las acciones en territorio, enfocadas en dar soluci\u00f3n a un problema de riesgo y movilidad, desatendido por m\u00e1s de catorce a\u00f1os.<\/p><p>Entre otro de los anhelos de los habitantes de las comunidades beneficiadas con la construcci\u00f3n, tambi\u00e9n se incluye el mantenimiento de la v\u00eda que conecta los dos puentes, con la comunidad de 3 de septiembre.<\/p>\t\t\t\t\t\t\t\t<\/div>\n\t\t\t\t<\/div>\n\t\t\t\t\t<\/div>\n\t\t<\/div>\n\t\t\t\t\t<\/div>\n\t\t<\/section>\n\t\t\t\t<\/div>\n\t\t","protected":false},"excerpt":{"rendered":"<p>La calidad de los trabajos y el cumplimiento de todas las especificaciones t\u00e9cnicas incluidas dentro del proyecto de construcci\u00f3n de dos puentes met\u00e1licos tipo Bayle, en el recinto 3 de septiembre, en la parroquia Malimpia, del cant\u00f3n Quinind\u00e9, motivaron la activaci\u00f3n del subproceso de control de calidad para el uso de materiales, responsabilidad de la [&hellip;]<\/p>\n","protected":false},"author":2,"featured_media":9514,"comment_status":"closed","ping_status":"open","sticky":false,"template":"","format":"standard","meta":{"footnotes":""},"categories":[14],"tags":[],"class_list":["post-9517","post","type-post","status-publish","format-standard","has-post-thumbnail","hentry","category-vialidad"],"yoast_head":"<!-- This site is optimized with the Yoast SEO plugin v25.7 - https:\/\/yoast.com\/wordpress\/plugins\/seo\/ -->\n<title>La Prefectura de Esmeraldas activ\u00f3 el subproceso de control de calidad en los dos nuevos puentes construidos en la parroquia Malimpia. - Gobierno Aut\u00f3nomo Descentralizado de la Provincia de Esmeraldas<\/title>\n<meta name=\"robots\" content=\"index, follow, max-snippet:-1, max-image-preview:large, max-video-preview:-1\" \/>\n<link rel=\"canonical\" href=\"https:\/\/prefecturadeesmeraldas.gob.ec\/index.php\/2021\/02\/17\/la-prefectura-de-esmeraldas-activo-el-subproceso-de-control-de-calidad-en-los-dos-nuevos-puentes-construidos-en-la-parroquia-malimpia\/\" \/>\n<meta property=\"og:locale\" content=\"es_ES\" \/>\n<meta property=\"og:type\" content=\"article\" \/>\n<meta property=\"og:title\" content=\"La Prefectura de Esmeraldas activ\u00f3 el subproceso de control de calidad en los dos nuevos puentes construidos en la parroquia Malimpia. - Gobierno Aut\u00f3nomo Descentralizado de la Provincia de Esmeraldas\" \/>\n<meta property=\"og:description\" content=\"La calidad de los trabajos y el cumplimiento de todas las especificaciones t\u00e9cnicas incluidas dentro del proyecto de construcci\u00f3n de dos puentes met\u00e1licos tipo Bayle, en el recinto 3 de septiembre, en la parroquia Malimpia, del cant\u00f3n Quinind\u00e9, motivaron la activaci\u00f3n del subproceso de control de calidad para el uso de materiales, responsabilidad de la [&hellip;]\" \/>\n<meta property=\"og:url\" content=\"https:\/\/prefecturadeesmeraldas.gob.ec\/index.php\/2021\/02\/17\/la-prefectura-de-esmeraldas-activo-el-subproceso-de-control-de-calidad-en-los-dos-nuevos-puentes-construidos-en-la-parroquia-malimpia\/\" \/>\n<meta property=\"og:site_name\" content=\"Gobierno Aut\u00f3nomo Descentralizado de la Provincia de Esmeraldas\" \/>\n<meta property=\"article:publisher\" content=\"https:\/\/www.facebook.com\/PrefecturaEsmeraldas\/\" \/>\n<meta property=\"article:published_time\" content=\"2021-02-17T16:03:32+00:00\" \/>\n<meta property=\"article:modified_time\" content=\"2021-02-17T16:04:07+00:00\" \/>\n<meta property=\"og:image\" content=\"https:\/\/prefecturadeesmeraldas.gob.ec\/wp-content\/uploads\/2021\/02\/BOLETIN-0173.jpg\" \/>\n\t<meta property=\"og:image:width\" content=\"565\" \/>\n\t<meta property=\"og:image:height\" content=\"565\" \/>\n\t<meta property=\"og:image:type\" content=\"image\/jpeg\" \/>\n<meta name=\"author\" content=\"Direcci\u00f3n de Comunicaci\u00f3n\" \/>\n<meta name=\"twitter:card\" content=\"summary_large_image\" \/>\n<meta name=\"twitter:label1\" content=\"Escrito por\" \/>\n\t<meta name=\"twitter:data1\" content=\"Direcci\u00f3n de Comunicaci\u00f3n\" \/>\n\t<meta name=\"twitter:label2\" content=\"Tiempo de lectura\" \/>\n\t<meta name=\"twitter:data2\" content=\"1 minuto\" \/>\n<script type=\"application\/ld+json\" class=\"yoast-schema-graph\">{\"@context\":\"https:\/\/schema.org\",\"@graph\":[{\"@type\":\"Article\",\"@id\":\"https:\/\/prefecturadeesmeraldas.gob.ec\/index.php\/2021\/02\/17\/la-prefectura-de-esmeraldas-activo-el-subproceso-de-control-de-calidad-en-los-dos-nuevos-puentes-construidos-en-la-parroquia-malimpia\/#article\",\"isPartOf\":{\"@id\":\"https:\/\/prefecturadeesmeraldas.gob.ec\/index.php\/2021\/02\/17\/la-prefectura-de-esmeraldas-activo-el-subproceso-de-control-de-calidad-en-los-dos-nuevos-puentes-construidos-en-la-parroquia-malimpia\/\"},\"author\":{\"name\":\"Direcci\u00f3n de Comunicaci\u00f3n\",\"@id\":\"https:\/\/prefecturadeesmeraldas.gob.ec\/#\/schema\/person\/b0c9e7b1ead7725994d1e319e8825234\"},\"headline\":\"La Prefectura de Esmeraldas activ\u00f3 el subproceso de control de calidad en los dos nuevos puentes construidos en la parroquia Malimpia.\",\"datePublished\":\"2021-02-17T16:03:32+00:00\",\"dateModified\":\"2021-02-17T16:04:07+00:00\",\"mainEntityOfPage\":{\"@id\":\"https:\/\/prefecturadeesmeraldas.gob.ec\/index.php\/2021\/02\/17\/la-prefectura-de-esmeraldas-activo-el-subproceso-de-control-de-calidad-en-los-dos-nuevos-puentes-construidos-en-la-parroquia-malimpia\/\"},\"wordCount\":253,\"publisher\":{\"@id\":\"https:\/\/prefecturadeesmeraldas.gob.ec\/#organization\"},\"image\":{\"@id\":\"https:\/\/prefecturadeesmeraldas.gob.ec\/index.php\/2021\/02\/17\/la-prefectura-de-esmeraldas-activo-el-subproceso-de-control-de-calidad-en-los-dos-nuevos-puentes-construidos-en-la-parroquia-malimpia\/#primaryimage\"},\"thumbnailUrl\":\"https:\/\/prefecturadeesmeraldas.gob.ec\/wp-content\/uploads\/2021\/02\/BOLETIN-0173.jpg\",\"articleSection\":[\"Vialidad\"],\"inLanguage\":\"es\"},{\"@type\":\"WebPage\",\"@id\":\"https:\/\/prefecturadeesmeraldas.gob.ec\/index.php\/2021\/02\/17\/la-prefectura-de-esmeraldas-activo-el-subproceso-de-control-de-calidad-en-los-dos-nuevos-puentes-construidos-en-la-parroquia-malimpia\/\",\"url\":\"https:\/\/prefecturadeesmeraldas.gob.ec\/index.php\/2021\/02\/17\/la-prefectura-de-esmeraldas-activo-el-subproceso-de-control-de-calidad-en-los-dos-nuevos-puentes-construidos-en-la-parroquia-malimpia\/\",\"name\":\"La Prefectura de Esmeraldas activ\u00f3 el subproceso de control de calidad en los dos nuevos puentes construidos en la parroquia Malimpia. - Gobierno Aut\u00f3nomo Descentralizado de la Provincia de Esmeraldas\",\"isPartOf\":{\"@id\":\"https:\/\/prefecturadeesmeraldas.gob.ec\/#website\"},\"primaryImageOfPage\":{\"@id\":\"https:\/\/prefecturadeesmeraldas.gob.ec\/index.php\/2021\/02\/17\/la-prefectura-de-esmeraldas-activo-el-subproceso-de-control-de-calidad-en-los-dos-nuevos-puentes-construidos-en-la-parroquia-malimpia\/#primaryimage\"},\"image\":{\"@id\":\"https:\/\/prefecturadeesmeraldas.gob.ec\/index.php\/2021\/02\/17\/la-prefectura-de-esmeraldas-activo-el-subproceso-de-control-de-calidad-en-los-dos-nuevos-puentes-construidos-en-la-parroquia-malimpia\/#primaryimage\"},\"thumbnailUrl\":\"https:\/\/prefecturadeesmeraldas.gob.ec\/wp-content\/uploads\/2021\/02\/BOLETIN-0173.jpg\",\"datePublished\":\"2021-02-17T16:03:32+00:00\",\"dateModified\":\"2021-02-17T16:04:07+00:00\",\"breadcrumb\":{\"@id\":\"https:\/\/prefecturadeesmeraldas.gob.ec\/index.php\/2021\/02\/17\/la-prefectura-de-esmeraldas-activo-el-subproceso-de-control-de-calidad-en-los-dos-nuevos-puentes-construidos-en-la-parroquia-malimpia\/#breadcrumb\"},\"inLanguage\":\"es\",\"potentialAction\":[{\"@type\":\"ReadAction\",\"target\":[\"https:\/\/prefecturadeesmeraldas.gob.ec\/index.php\/2021\/02\/17\/la-prefectura-de-esmeraldas-activo-el-subproceso-de-control-de-calidad-en-los-dos-nuevos-puentes-construidos-en-la-parroquia-malimpia\/\"]}]},{\"@type\":\"ImageObject\",\"inLanguage\":\"es\",\"@id\":\"https:\/\/prefecturadeesmeraldas.gob.ec\/index.php\/2021\/02\/17\/la-prefectura-de-esmeraldas-activo-el-subproceso-de-control-de-calidad-en-los-dos-nuevos-puentes-construidos-en-la-parroquia-malimpia\/#primaryimage\",\"url\":\"https:\/\/prefecturadeesmeraldas.gob.ec\/wp-content\/uploads\/2021\/02\/BOLETIN-0173.jpg\",\"contentUrl\":\"https:\/\/prefecturadeesmeraldas.gob.ec\/wp-content\/uploads\/2021\/02\/BOLETIN-0173.jpg\",\"width\":565,\"height\":565},{\"@type\":\"BreadcrumbList\",\"@id\":\"https:\/\/prefecturadeesmeraldas.gob.ec\/index.php\/2021\/02\/17\/la-prefectura-de-esmeraldas-activo-el-subproceso-de-control-de-calidad-en-los-dos-nuevos-puentes-construidos-en-la-parroquia-malimpia\/#breadcrumb\",\"itemListElement\":[{\"@type\":\"ListItem\",\"position\":1,\"name\":\"Home\",\"item\":\"https:\/\/prefecturadeesmeraldas.gob.ec\/\"},{\"@type\":\"ListItem\",\"position\":2,\"name\":\"La Prefectura de Esmeraldas activ\u00f3 el subproceso de control de calidad en los dos nuevos puentes construidos en la parroquia Malimpia.\"}]},{\"@type\":\"WebSite\",\"@id\":\"https:\/\/prefecturadeesmeraldas.gob.ec\/#website\",\"url\":\"https:\/\/prefecturadeesmeraldas.gob.ec\/\",\"name\":\"Gobierno Aut\u00f3nomo Descentralizado de la Provincia de Esmeraldas\",\"description\":\"Gobierno Aut\u00f3nomo Descentralizado de la Provincia de Esmeraldas\",\"publisher\":{\"@id\":\"https:\/\/prefecturadeesmeraldas.gob.ec\/#organization\"},\"potentialAction\":[{\"@type\":\"SearchAction\",\"target\":{\"@type\":\"EntryPoint\",\"urlTemplate\":\"https:\/\/prefecturadeesmeraldas.gob.ec\/?s={search_term_string}\"},\"query-input\":{\"@type\":\"PropertyValueSpecification\",\"valueRequired\":true,\"valueName\":\"search_term_string\"}}],\"inLanguage\":\"es\"},{\"@type\":\"Organization\",\"@id\":\"https:\/\/prefecturadeesmeraldas.gob.ec\/#organization\",\"name\":\"Gobierno Aut\u00f3nomo Descentralizado de la Provincia de Esmeraldas\",\"url\":\"https:\/\/prefecturadeesmeraldas.gob.ec\/\",\"logo\":{\"@type\":\"ImageObject\",\"inLanguage\":\"es\",\"@id\":\"https:\/\/prefecturadeesmeraldas.gob.ec\/#\/schema\/logo\/image\/\",\"url\":\"https:\/\/prefecturadeesmeraldas.gob.ec\/wp-content\/uploads\/2019\/06\/logo.png\",\"contentUrl\":\"https:\/\/prefecturadeesmeraldas.gob.ec\/wp-content\/uploads\/2019\/06\/logo.png\",\"width\":859,\"height\":448,\"caption\":\"Gobierno Aut\u00f3nomo Descentralizado de la Provincia de Esmeraldas\"},\"image\":{\"@id\":\"https:\/\/prefecturadeesmeraldas.gob.ec\/#\/schema\/logo\/image\/\"},\"sameAs\":[\"https:\/\/www.facebook.com\/PrefecturaEsmeraldas\/\"]},{\"@type\":\"Person\",\"@id\":\"https:\/\/prefecturadeesmeraldas.gob.ec\/#\/schema\/person\/b0c9e7b1ead7725994d1e319e8825234\",\"name\":\"Direcci\u00f3n de Comunicaci\u00f3n\",\"image\":{\"@type\":\"ImageObject\",\"inLanguage\":\"es\",\"@id\":\"https:\/\/prefecturadeesmeraldas.gob.ec\/#\/schema\/person\/image\/\",\"url\":\"https:\/\/secure.gravatar.com\/avatar\/74a3870a946f5d774ade3569af61a72308e07ad3346f370c4b468ee2a9858658?s=96&d=mm&r=g\",\"contentUrl\":\"https:\/\/secure.gravatar.com\/avatar\/74a3870a946f5d774ade3569af61a72308e07ad3346f370c4b468ee2a9858658?s=96&d=mm&r=g\",\"caption\":\"Direcci\u00f3n de Comunicaci\u00f3n\"}}]}<\/script>\n<!-- \/ Yoast SEO plugin. -->","yoast_head_json":{"title":"La Prefectura de Esmeraldas activ\u00f3 el subproceso de control de calidad en los dos nuevos puentes construidos en la parroquia Malimpia. - Gobierno Aut\u00f3nomo Descentralizado de la Provincia de Esmeraldas","robots":{"index":"index","follow":"follow","max-snippet":"max-snippet:-1","max-image-preview":"max-image-preview:large","max-video-preview":"max-video-preview:-1"},"canonical":"https:\/\/prefecturadeesmeraldas.gob.ec\/index.php\/2021\/02\/17\/la-prefectura-de-esmeraldas-activo-el-subproceso-de-control-de-calidad-en-los-dos-nuevos-puentes-construidos-en-la-parroquia-malimpia\/","og_locale":"es_ES","og_type":"article","og_title":"La Prefectura de Esmeraldas activ\u00f3 el subproceso de control de calidad en los dos nuevos puentes construidos en la parroquia Malimpia. - Gobierno Aut\u00f3nomo Descentralizado de la Provincia de Esmeraldas","og_description":"La calidad de los trabajos y el cumplimiento de todas las especificaciones t\u00e9cnicas incluidas dentro del proyecto de construcci\u00f3n de dos puentes met\u00e1licos tipo Bayle, en el recinto 3 de septiembre, en la parroquia Malimpia, del cant\u00f3n Quinind\u00e9, motivaron la activaci\u00f3n del subproceso de control de calidad para el uso de materiales, responsabilidad de la [&hellip;]","og_url":"https:\/\/prefecturadeesmeraldas.gob.ec\/index.php\/2021\/02\/17\/la-prefectura-de-esmeraldas-activo-el-subproceso-de-control-de-calidad-en-los-dos-nuevos-puentes-construidos-en-la-parroquia-malimpia\/","og_site_name":"Gobierno Aut\u00f3nomo Descentralizado de la Provincia de Esmeraldas","article_publisher":"https:\/\/www.facebook.com\/PrefecturaEsmeraldas\/","article_published_time":"2021-02-17T16:03:32+00:00","article_modified_time":"2021-02-17T16:04:07+00:00","og_image":[{"width":565,"height":565,"url":"https:\/\/prefecturadeesmeraldas.gob.ec\/wp-content\/uploads\/2021\/02\/BOLETIN-0173.jpg","type":"image\/jpeg"}],"author":"Direcci\u00f3n de Comunicaci\u00f3n","twitter_card":"summary_large_image","twitter_misc":{"Escrito por":"Direcci\u00f3n de Comunicaci\u00f3n","Tiempo de lectura":"1 minuto"},"schema":{"@context":"https:\/\/schema.org","@graph":[{"@type":"Article","@id":"https:\/\/prefecturadeesmeraldas.gob.ec\/index.php\/2021\/02\/17\/la-prefectura-de-esmeraldas-activo-el-subproceso-de-control-de-calidad-en-los-dos-nuevos-puentes-construidos-en-la-parroquia-malimpia\/#article","isPartOf":{"@id":"https:\/\/prefecturadeesmeraldas.gob.ec\/index.php\/2021\/02\/17\/la-prefectura-de-esmeraldas-activo-el-subproceso-de-control-de-calidad-en-los-dos-nuevos-puentes-construidos-en-la-parroquia-malimpia\/"},"author":{"name":"Direcci\u00f3n de Comunicaci\u00f3n","@id":"https:\/\/prefecturadeesmeraldas.gob.ec\/#\/schema\/person\/b0c9e7b1ead7725994d1e319e8825234"},"headline":"La Prefectura de Esmeraldas activ\u00f3 el subproceso de control de calidad en los dos nuevos puentes construidos en la parroquia Malimpia.","datePublished":"2021-02-17T16:03:32+00:00","dateModified":"2021-02-17T16:04:07+00:00","mainEntityOfPage":{"@id":"https:\/\/prefecturadeesmeraldas.gob.ec\/index.php\/2021\/02\/17\/la-prefectura-de-esmeraldas-activo-el-subproceso-de-control-de-calidad-en-los-dos-nuevos-puentes-construidos-en-la-parroquia-malimpia\/"},"wordCount":253,"publisher":{"@id":"https:\/\/prefecturadeesmeraldas.gob.ec\/#organization"},"image":{"@id":"https:\/\/prefecturadeesmeraldas.gob.ec\/index.php\/2021\/02\/17\/la-prefectura-de-esmeraldas-activo-el-subproceso-de-control-de-calidad-en-los-dos-nuevos-puentes-construidos-en-la-parroquia-malimpia\/#primaryimage"},"thumbnailUrl":"https:\/\/prefecturadeesmeraldas.gob.ec\/wp-content\/uploads\/2021\/02\/BOLETIN-0173.jpg","articleSection":["Vialidad"],"inLanguage":"es"},{"@type":"WebPage","@id":"https:\/\/prefecturadeesmeraldas.gob.ec\/index.php\/2021\/02\/17\/la-prefectura-de-esmeraldas-activo-el-subproceso-de-control-de-calidad-en-los-dos-nuevos-puentes-construidos-en-la-parroquia-malimpia\/","url":"https:\/\/prefecturadeesmeraldas.gob.ec\/index.php\/2021\/02\/17\/la-prefectura-de-esmeraldas-activo-el-subproceso-de-control-de-calidad-en-los-dos-nuevos-puentes-construidos-en-la-parroquia-malimpia\/","name":"La Prefectura de Esmeraldas activ\u00f3 el subproceso de control de calidad en los dos nuevos puentes construidos en la parroquia Malimpia. - Gobierno Aut\u00f3nomo Descentralizado de la Provincia de Esmeraldas","isPartOf":{"@id":"https:\/\/prefecturadeesmeraldas.gob.ec\/#website"},"primaryImageOfPage":{"@id":"https:\/\/prefecturadeesmeraldas.gob.ec\/index.php\/2021\/02\/17\/la-prefectura-de-esmeraldas-activo-el-subproceso-de-control-de-calidad-en-los-dos-nuevos-puentes-construidos-en-la-parroquia-malimpia\/#primaryimage"},"image":{"@id":"https:\/\/prefecturadeesmeraldas.gob.ec\/index.php\/2021\/02\/17\/la-prefectura-de-esmeraldas-activo-el-subproceso-de-control-de-calidad-en-los-dos-nuevos-puentes-construidos-en-la-parroquia-malimpia\/#primaryimage"},"thumbnailUrl":"https:\/\/prefecturadeesmeraldas.gob.ec\/wp-content\/uploads\/2021\/02\/BOLETIN-0173.jpg","datePublished":"2021-02-17T16:03:32+00:00","dateModified":"2021-02-17T16:04:07+00:00","breadcrumb":{"@id":"https:\/\/prefecturadeesmeraldas.gob.ec\/index.php\/2021\/02\/17\/la-prefectura-de-esmeraldas-activo-el-subproceso-de-control-de-calidad-en-los-dos-nuevos-puentes-construidos-en-la-parroquia-malimpia\/#breadcrumb"},"inLanguage":"es","potentialAction":[{"@type":"ReadAction","target":["https:\/\/prefecturadeesmeraldas.gob.ec\/index.php\/2021\/02\/17\/la-prefectura-de-esmeraldas-activo-el-subproceso-de-control-de-calidad-en-los-dos-nuevos-puentes-construidos-en-la-parroquia-malimpia\/"]}]},{"@type":"ImageObject","inLanguage":"es","@id":"https:\/\/prefecturadeesmeraldas.gob.ec\/index.php\/2021\/02\/17\/la-prefectura-de-esmeraldas-activo-el-subproceso-de-control-de-calidad-en-los-dos-nuevos-puentes-construidos-en-la-parroquia-malimpia\/#primaryimage","url":"https:\/\/prefecturadeesmeraldas.gob.ec\/wp-content\/uploads\/2021\/02\/BOLETIN-0173.jpg","contentUrl":"https:\/\/prefecturadeesmeraldas.gob.ec\/wp-content\/uploads\/2021\/02\/BOLETIN-0173.jpg","width":565,"height":565},{"@type":"BreadcrumbList","@id":"https:\/\/prefecturadeesmeraldas.gob.ec\/index.php\/2021\/02\/17\/la-prefectura-de-esmeraldas-activo-el-subproceso-de-control-de-calidad-en-los-dos-nuevos-puentes-construidos-en-la-parroquia-malimpia\/#breadcrumb","itemListElement":[{"@type":"ListItem","position":1,"name":"Home","item":"https:\/\/prefecturadeesmeraldas.gob.ec\/"},{"@type":"ListItem","position":2,"name":"La Prefectura de Esmeraldas activ\u00f3 el subproceso de control de calidad en los dos nuevos puentes construidos en la parroquia Malimpia."}]},{"@type":"WebSite","@id":"https:\/\/prefecturadeesmeraldas.gob.ec\/#website","url":"https:\/\/prefecturadeesmeraldas.gob.ec\/","name":"Gobierno Aut\u00f3nomo Descentralizado de la Provincia de Esmeraldas","description":"Gobierno Aut\u00f3nomo Descentralizado de la Provincia de Esmeraldas","publisher":{"@id":"https:\/\/prefecturadeesmeraldas.gob.ec\/#organization"},"potentialAction":[{"@type":"SearchAction","target":{"@type":"EntryPoint","urlTemplate":"https:\/\/prefecturadeesmeraldas.gob.ec\/?s={search_term_string}"},"query-input":{"@type":"PropertyValueSpecification","valueRequired":true,"valueName":"search_term_string"}}],"inLanguage":"es"},{"@type":"Organization","@id":"https:\/\/prefecturadeesmeraldas.gob.ec\/#organization","name":"Gobierno Aut\u00f3nomo Descentralizado de la Provincia de Esmeraldas","url":"https:\/\/prefecturadeesmeraldas.gob.ec\/","logo":{"@type":"ImageObject","inLanguage":"es","@id":"https:\/\/prefecturadeesmeraldas.gob.ec\/#\/schema\/logo\/image\/","url":"https:\/\/prefecturadeesmeraldas.gob.ec\/wp-content\/uploads\/2019\/06\/logo.png","contentUrl":"https:\/\/prefecturadeesmeraldas.gob.ec\/wp-content\/uploads\/2019\/06\/logo.png","width":859,"height":448,"caption":"Gobierno Aut\u00f3nomo Descentralizado de la Provincia de Esmeraldas"},"image":{"@id":"https:\/\/prefecturadeesmeraldas.gob.ec\/#\/schema\/logo\/image\/"},"sameAs":["https:\/\/www.facebook.com\/PrefecturaEsmeraldas\/"]},{"@type":"Person","@id":"https:\/\/prefecturadeesmeraldas.gob.ec\/#\/schema\/person\/b0c9e7b1ead7725994d1e319e8825234","name":"Direcci\u00f3n de Comunicaci\u00f3n","image":{"@type":"ImageObject","inLanguage":"es","@id":"https:\/\/prefecturadeesmeraldas.gob.ec\/#\/schema\/person\/image\/","url":"https:\/\/secure.gravatar.com\/avatar\/74a3870a946f5d774ade3569af61a72308e07ad3346f370c4b468ee2a9858658?s=96&d=mm&r=g","contentUrl":"https:\/\/secure.gravatar.com\/avatar\/74a3870a946f5d774ade3569af61a72308e07ad3346f370c4b468ee2a9858658?s=96&d=mm&r=g","caption":"Direcci\u00f3n de Comunicaci\u00f3n"}}]}},"_links":{"self":[{"href":"https:\/\/prefecturadeesmeraldas.gob.ec\/index.php\/wp-json\/wp\/v2\/posts\/9517","targetHints":{"allow":["GET"]}}],"collection":[{"href":"https:\/\/prefecturadeesmeraldas.gob.ec\/index.php\/wp-json\/wp\/v2\/posts"}],"about":[{"href":"https:\/\/prefecturadeesmeraldas.gob.ec\/index.php\/wp-json\/wp\/v2\/types\/post"}],"author":[{"embeddable":true,"href":"https:\/\/prefecturadeesmeraldas.gob.ec\/index.php\/wp-json\/wp\/v2\/users\/2"}],"replies":[{"embeddable":true,"href":"https:\/\/prefecturadeesmeraldas.gob.ec\/index.php\/wp-json\/wp\/v2\/comments?post=9517"}],"version-history":[{"count":0,"href":"https:\/\/prefecturadeesmeraldas.gob.ec\/index.php\/wp-json\/wp\/v2\/posts\/9517\/revisions"}],"wp:featuredmedia":[{"embeddable":true,"href":"https:\/\/prefecturadeesmeraldas.gob.ec\/index.php\/wp-json\/wp\/v2\/media\/9514"}],"wp:attachment":[{"href":"https:\/\/prefecturadeesmeraldas.gob.ec\/index.php\/wp-json\/wp\/v2\/media?parent=9517"}],"wp:term":[{"taxonomy":"category","embeddable":true,"href":"https:\/\/prefecturadeesmeraldas.gob.ec\/index.php\/wp-json\/wp\/v2\/categories?post=9517"},{"taxonomy":"post_tag","embeddable":true,"href":"https:\/\/prefecturadeesmeraldas.gob.ec\/index.php\/wp-json\/wp\/v2\/tags?post=9517"}],"curies":[{"name":"wp","href":"https:\/\/api.w.org\/{rel}","templated":true}]}}