{"id":9495,"date":"2021-02-12T09:23:58","date_gmt":"2021-02-12T14:23:58","guid":{"rendered":"http:\/\/prefecturadeesmeraldas.gob.ec\/?p=9495"},"modified":"2021-02-12T09:24:50","modified_gmt":"2021-02-12T14:24:50","slug":"la-prefectura-de-esmeraldas-inicio-la-construccion-de-2-nuevos-puentes-en-la-parroquia-malimpia","status":"publish","type":"post","link":"https:\/\/prefecturadeesmeraldas.gob.ec\/index.php\/2021\/02\/12\/la-prefectura-de-esmeraldas-inicio-la-construccion-de-2-nuevos-puentes-en-la-parroquia-malimpia\/","title":{"rendered":"La Prefectura de Esmeraldas inici\u00f3 la construcci\u00f3n de 2 nuevos puentes en la parroquia Malimpia."},"content":{"rendered":"\t\t<div data-elementor-type=\"wp-post\" data-elementor-id=\"9495\" class=\"elementor elementor-9495\">\n\t\t\t\t\t\t<section class=\"elementor-section elementor-top-section elementor-element elementor-element-1ac80cf elementor-section-boxed elementor-section-height-default elementor-section-height-default\" data-id=\"1ac80cf\" data-element_type=\"section\">\n\t\t\t\t\t\t<div class=\"elementor-container elementor-column-gap-default\">\n\t\t\t\t\t<div class=\"elementor-column elementor-col-100 elementor-top-column elementor-element elementor-element-d4ba5b2\" data-id=\"d4ba5b2\" data-element_type=\"column\">\n\t\t\t<div class=\"elementor-widget-wrap elementor-element-populated\">\n\t\t\t\t\t\t<div class=\"elementor-element elementor-element-3bb25be elementor-widget elementor-widget-image\" data-id=\"3bb25be\" data-element_type=\"widget\" data-widget_type=\"image.default\">\n\t\t\t\t<div class=\"elementor-widget-container\">\n\t\t\t\t\t\t\t\t\t\t\t\t\t\t\t<img fetchpriority=\"high\" decoding=\"async\" width=\"1024\" height=\"1024\" src=\"https:\/\/prefecturadeesmeraldas.gob.ec\/wp-content\/uploads\/2021\/02\/BOLETIN-0168-1024x1024.jpg\" class=\"attachment-large size-large wp-image-9489\" alt=\"\" srcset=\"https:\/\/prefecturadeesmeraldas.gob.ec\/wp-content\/uploads\/2021\/02\/BOLETIN-0168-1024x1024.jpg 1024w, https:\/\/prefecturadeesmeraldas.gob.ec\/wp-content\/uploads\/2021\/02\/BOLETIN-0168-240x240.jpg 240w, https:\/\/prefecturadeesmeraldas.gob.ec\/wp-content\/uploads\/2021\/02\/BOLETIN-0168-1080x1080.jpg 1080w, https:\/\/prefecturadeesmeraldas.gob.ec\/wp-content\/uploads\/2021\/02\/BOLETIN-0168-150x150.jpg 150w, https:\/\/prefecturadeesmeraldas.gob.ec\/wp-content\/uploads\/2021\/02\/BOLETIN-0168-300x300.jpg 300w, https:\/\/prefecturadeesmeraldas.gob.ec\/wp-content\/uploads\/2021\/02\/BOLETIN-0168-768x768.jpg 768w, https:\/\/prefecturadeesmeraldas.gob.ec\/wp-content\/uploads\/2021\/02\/BOLETIN-0168.jpg 1235w\" sizes=\"(max-width: 1024px) 100vw, 1024px\" \/>\t\t\t\t\t\t\t\t\t\t\t\t\t\t\t<\/div>\n\t\t\t\t<\/div>\n\t\t\t\t\t<\/div>\n\t\t<\/div>\n\t\t\t\t\t<\/div>\n\t\t<\/section>\n\t\t\t\t<section class=\"elementor-section elementor-top-section elementor-element elementor-element-f1261cf elementor-section-boxed elementor-section-height-default elementor-section-height-default\" data-id=\"f1261cf\" data-element_type=\"section\">\n\t\t\t\t\t\t<div class=\"elementor-container elementor-column-gap-default\">\n\t\t\t\t\t<div class=\"elementor-column elementor-col-100 elementor-top-column elementor-element elementor-element-d68fe19\" data-id=\"d68fe19\" data-element_type=\"column\">\n\t\t\t<div class=\"elementor-widget-wrap elementor-element-populated\">\n\t\t\t\t\t\t<div class=\"elementor-element elementor-element-a0b513c elementor-widget elementor-widget-text-editor\" data-id=\"a0b513c\" data-element_type=\"widget\" data-widget_type=\"text-editor.default\">\n\t\t\t\t<div class=\"elementor-widget-container\">\n\t\t\t\t\t\t\t\t\t<p>Con el transporte de materiales y equipo t\u00e9cnico, la Prefectura de Esmeraldas inici\u00f3 la construcci\u00f3n de dos puentes met\u00e1licos tipo Bayle, en la parroquia Malimpia, del cant\u00f3n Quinind\u00e9. Los trabajos contratados se originan a ra\u00edz de la gesti\u00f3n emprendida por Roberta Zambrano, prefecta de Esmeraldas ante el Ministerio de Transporte y Obras P\u00fablicas del Ecuador, que incluyeron la rehabilitaci\u00f3n y el mantenimiento de ambas infraestructuras.<\/p><p>La construcci\u00f3n de los dos puentes se efect\u00faa en los l\u00edmites de las provincias de Imbabura, Pichincha y Esmeraldas, sobre los r\u00edos Agua Clara y Jord\u00e1n, entre los kil\u00f3metros quince y dieciocho, de la v\u00eda que, desde la parroquia Las Golondrinas, provincia de Imbabura, conduce hasta el recinto 3 de septiembre de la parroquia Malimpia, en el cant\u00f3n Quinind\u00e9.<\/p><p>En el puente sobre el r\u00edo Agua Clara, <strong>Xavier Chanoluisa<\/strong>, ingeniero fiscalizador del proyecto en ejecuci\u00f3n, detall\u00f3 que, los trabajos arrancaron con la construcci\u00f3n de uno de los dos puentes de dieciocho metros de longitud que ser\u00e1n construidos en la zona.<\/p><p>Para no afectar la movilidad por la zona, <strong>Chanoluisa<\/strong> indic\u00f3 que, durante el proceso de construcci\u00f3n, se realizar\u00e1 la apertura de una variante para habilitar el paso sin generar complicaciones.<\/p><p><strong>Oswaldo Garc\u00eda<\/strong>, habitante de la comunidad El Independiente, que sin ser parte de la provincia de Esmeraldas, se beneficia con la obra, detall\u00f3 que el trabajo llega en un momento en que necesitaban del puente, debido a los riesgos y complicaciones que pasaban al pasar sobre el viejo puente de madera, obsoleto y reforzado por la comunidad, tras catorce a\u00f1os de abandono de la pasada administraci\u00f3n.<\/p><p>El proceso de construcci\u00f3n de ambos puentes incluye el reforzamiento con muros de gaviones, cuyo objetivo es aportar a la estabilidad y durabilidad de la obra.<\/p>\t\t\t\t\t\t\t\t<\/div>\n\t\t\t\t<\/div>\n\t\t\t\t\t<\/div>\n\t\t<\/div>\n\t\t\t\t\t<\/div>\n\t\t<\/section>\n\t\t\t\t<\/div>\n\t\t","protected":false},"excerpt":{"rendered":"<p>Con el transporte de materiales y equipo t\u00e9cnico, la Prefectura de Esmeraldas inici\u00f3 la construcci\u00f3n de dos puentes met\u00e1licos tipo Bayle, en la parroquia Malimpia, del cant\u00f3n Quinind\u00e9. Los trabajos contratados se originan a ra\u00edz de la gesti\u00f3n emprendida por Roberta Zambrano, prefecta de Esmeraldas ante el Ministerio de Transporte y Obras P\u00fablicas del Ecuador, [&hellip;]<\/p>\n","protected":false},"author":2,"featured_media":9489,"comment_status":"closed","ping_status":"open","sticky":false,"template":"","format":"standard","meta":{"footnotes":""},"categories":[14],"tags":[],"class_list":["post-9495","post","type-post","status-publish","format-standard","has-post-thumbnail","hentry","category-vialidad"],"yoast_head":"<!-- This site is optimized with the Yoast SEO plugin v25.7 - https:\/\/yoast.com\/wordpress\/plugins\/seo\/ -->\n<title>La Prefectura de Esmeraldas inici\u00f3 la construcci\u00f3n de 2 nuevos puentes en la parroquia Malimpia. - Gobierno Aut\u00f3nomo Descentralizado de la Provincia de Esmeraldas<\/title>\n<meta name=\"robots\" content=\"index, follow, max-snippet:-1, max-image-preview:large, max-video-preview:-1\" \/>\n<link rel=\"canonical\" href=\"https:\/\/prefecturadeesmeraldas.gob.ec\/index.php\/2021\/02\/12\/la-prefectura-de-esmeraldas-inicio-la-construccion-de-2-nuevos-puentes-en-la-parroquia-malimpia\/\" \/>\n<meta property=\"og:locale\" content=\"es_ES\" \/>\n<meta property=\"og:type\" content=\"article\" \/>\n<meta property=\"og:title\" content=\"La Prefectura de Esmeraldas inici\u00f3 la construcci\u00f3n de 2 nuevos puentes en la parroquia Malimpia. - Gobierno Aut\u00f3nomo Descentralizado de la Provincia de Esmeraldas\" \/>\n<meta property=\"og:description\" content=\"Con el transporte de materiales y equipo t\u00e9cnico, la Prefectura de Esmeraldas inici\u00f3 la construcci\u00f3n de dos puentes met\u00e1licos tipo Bayle, en la parroquia Malimpia, del cant\u00f3n Quinind\u00e9. Los trabajos contratados se originan a ra\u00edz de la gesti\u00f3n emprendida por Roberta Zambrano, prefecta de Esmeraldas ante el Ministerio de Transporte y Obras P\u00fablicas del Ecuador, [&hellip;]\" \/>\n<meta property=\"og:url\" content=\"https:\/\/prefecturadeesmeraldas.gob.ec\/index.php\/2021\/02\/12\/la-prefectura-de-esmeraldas-inicio-la-construccion-de-2-nuevos-puentes-en-la-parroquia-malimpia\/\" \/>\n<meta property=\"og:site_name\" content=\"Gobierno Aut\u00f3nomo Descentralizado de la Provincia de Esmeraldas\" \/>\n<meta property=\"article:publisher\" content=\"https:\/\/www.facebook.com\/PrefecturaEsmeraldas\/\" \/>\n<meta property=\"article:published_time\" content=\"2021-02-12T14:23:58+00:00\" \/>\n<meta property=\"article:modified_time\" content=\"2021-02-12T14:24:50+00:00\" \/>\n<meta property=\"og:image\" content=\"https:\/\/prefecturadeesmeraldas.gob.ec\/wp-content\/uploads\/2021\/02\/BOLETIN-0168.jpg\" \/>\n\t<meta property=\"og:image:width\" content=\"1235\" \/>\n\t<meta property=\"og:image:height\" content=\"1235\" \/>\n\t<meta property=\"og:image:type\" content=\"image\/jpeg\" \/>\n<meta name=\"author\" content=\"Direcci\u00f3n de Comunicaci\u00f3n\" \/>\n<meta name=\"twitter:card\" content=\"summary_large_image\" \/>\n<meta name=\"twitter:label1\" content=\"Escrito por\" \/>\n\t<meta name=\"twitter:data1\" content=\"Direcci\u00f3n de Comunicaci\u00f3n\" \/>\n\t<meta name=\"twitter:label2\" content=\"Tiempo de lectura\" \/>\n\t<meta name=\"twitter:data2\" content=\"2 minutos\" \/>\n<script type=\"application\/ld+json\" class=\"yoast-schema-graph\">{\"@context\":\"https:\/\/schema.org\",\"@graph\":[{\"@type\":\"Article\",\"@id\":\"https:\/\/prefecturadeesmeraldas.gob.ec\/index.php\/2021\/02\/12\/la-prefectura-de-esmeraldas-inicio-la-construccion-de-2-nuevos-puentes-en-la-parroquia-malimpia\/#article\",\"isPartOf\":{\"@id\":\"https:\/\/prefecturadeesmeraldas.gob.ec\/index.php\/2021\/02\/12\/la-prefectura-de-esmeraldas-inicio-la-construccion-de-2-nuevos-puentes-en-la-parroquia-malimpia\/\"},\"author\":{\"name\":\"Direcci\u00f3n de Comunicaci\u00f3n\",\"@id\":\"https:\/\/prefecturadeesmeraldas.gob.ec\/#\/schema\/person\/b0c9e7b1ead7725994d1e319e8825234\"},\"headline\":\"La Prefectura de Esmeraldas inici\u00f3 la construcci\u00f3n de 2 nuevos puentes en la parroquia Malimpia.\",\"datePublished\":\"2021-02-12T14:23:58+00:00\",\"dateModified\":\"2021-02-12T14:24:50+00:00\",\"mainEntityOfPage\":{\"@id\":\"https:\/\/prefecturadeesmeraldas.gob.ec\/index.php\/2021\/02\/12\/la-prefectura-de-esmeraldas-inicio-la-construccion-de-2-nuevos-puentes-en-la-parroquia-malimpia\/\"},\"wordCount\":326,\"publisher\":{\"@id\":\"https:\/\/prefecturadeesmeraldas.gob.ec\/#organization\"},\"image\":{\"@id\":\"https:\/\/prefecturadeesmeraldas.gob.ec\/index.php\/2021\/02\/12\/la-prefectura-de-esmeraldas-inicio-la-construccion-de-2-nuevos-puentes-en-la-parroquia-malimpia\/#primaryimage\"},\"thumbnailUrl\":\"https:\/\/prefecturadeesmeraldas.gob.ec\/wp-content\/uploads\/2021\/02\/BOLETIN-0168.jpg\",\"articleSection\":[\"Vialidad\"],\"inLanguage\":\"es\"},{\"@type\":\"WebPage\",\"@id\":\"https:\/\/prefecturadeesmeraldas.gob.ec\/index.php\/2021\/02\/12\/la-prefectura-de-esmeraldas-inicio-la-construccion-de-2-nuevos-puentes-en-la-parroquia-malimpia\/\",\"url\":\"https:\/\/prefecturadeesmeraldas.gob.ec\/index.php\/2021\/02\/12\/la-prefectura-de-esmeraldas-inicio-la-construccion-de-2-nuevos-puentes-en-la-parroquia-malimpia\/\",\"name\":\"La Prefectura de Esmeraldas inici\u00f3 la construcci\u00f3n de 2 nuevos puentes en la parroquia Malimpia. - Gobierno Aut\u00f3nomo Descentralizado de la Provincia de Esmeraldas\",\"isPartOf\":{\"@id\":\"https:\/\/prefecturadeesmeraldas.gob.ec\/#website\"},\"primaryImageOfPage\":{\"@id\":\"https:\/\/prefecturadeesmeraldas.gob.ec\/index.php\/2021\/02\/12\/la-prefectura-de-esmeraldas-inicio-la-construccion-de-2-nuevos-puentes-en-la-parroquia-malimpia\/#primaryimage\"},\"image\":{\"@id\":\"https:\/\/prefecturadeesmeraldas.gob.ec\/index.php\/2021\/02\/12\/la-prefectura-de-esmeraldas-inicio-la-construccion-de-2-nuevos-puentes-en-la-parroquia-malimpia\/#primaryimage\"},\"thumbnailUrl\":\"https:\/\/prefecturadeesmeraldas.gob.ec\/wp-content\/uploads\/2021\/02\/BOLETIN-0168.jpg\",\"datePublished\":\"2021-02-12T14:23:58+00:00\",\"dateModified\":\"2021-02-12T14:24:50+00:00\",\"breadcrumb\":{\"@id\":\"https:\/\/prefecturadeesmeraldas.gob.ec\/index.php\/2021\/02\/12\/la-prefectura-de-esmeraldas-inicio-la-construccion-de-2-nuevos-puentes-en-la-parroquia-malimpia\/#breadcrumb\"},\"inLanguage\":\"es\",\"potentialAction\":[{\"@type\":\"ReadAction\",\"target\":[\"https:\/\/prefecturadeesmeraldas.gob.ec\/index.php\/2021\/02\/12\/la-prefectura-de-esmeraldas-inicio-la-construccion-de-2-nuevos-puentes-en-la-parroquia-malimpia\/\"]}]},{\"@type\":\"ImageObject\",\"inLanguage\":\"es\",\"@id\":\"https:\/\/prefecturadeesmeraldas.gob.ec\/index.php\/2021\/02\/12\/la-prefectura-de-esmeraldas-inicio-la-construccion-de-2-nuevos-puentes-en-la-parroquia-malimpia\/#primaryimage\",\"url\":\"https:\/\/prefecturadeesmeraldas.gob.ec\/wp-content\/uploads\/2021\/02\/BOLETIN-0168.jpg\",\"contentUrl\":\"https:\/\/prefecturadeesmeraldas.gob.ec\/wp-content\/uploads\/2021\/02\/BOLETIN-0168.jpg\",\"width\":1235,\"height\":1235},{\"@type\":\"BreadcrumbList\",\"@id\":\"https:\/\/prefecturadeesmeraldas.gob.ec\/index.php\/2021\/02\/12\/la-prefectura-de-esmeraldas-inicio-la-construccion-de-2-nuevos-puentes-en-la-parroquia-malimpia\/#breadcrumb\",\"itemListElement\":[{\"@type\":\"ListItem\",\"position\":1,\"name\":\"Home\",\"item\":\"https:\/\/prefecturadeesmeraldas.gob.ec\/\"},{\"@type\":\"ListItem\",\"position\":2,\"name\":\"La Prefectura de Esmeraldas inici\u00f3 la construcci\u00f3n de 2 nuevos puentes en la parroquia Malimpia.\"}]},{\"@type\":\"WebSite\",\"@id\":\"https:\/\/prefecturadeesmeraldas.gob.ec\/#website\",\"url\":\"https:\/\/prefecturadeesmeraldas.gob.ec\/\",\"name\":\"Gobierno Aut\u00f3nomo Descentralizado de la Provincia de Esmeraldas\",\"description\":\"Gobierno Aut\u00f3nomo Descentralizado de la Provincia de Esmeraldas\",\"publisher\":{\"@id\":\"https:\/\/prefecturadeesmeraldas.gob.ec\/#organization\"},\"potentialAction\":[{\"@type\":\"SearchAction\",\"target\":{\"@type\":\"EntryPoint\",\"urlTemplate\":\"https:\/\/prefecturadeesmeraldas.gob.ec\/?s={search_term_string}\"},\"query-input\":{\"@type\":\"PropertyValueSpecification\",\"valueRequired\":true,\"valueName\":\"search_term_string\"}}],\"inLanguage\":\"es\"},{\"@type\":\"Organization\",\"@id\":\"https:\/\/prefecturadeesmeraldas.gob.ec\/#organization\",\"name\":\"Gobierno Aut\u00f3nomo Descentralizado de la Provincia de Esmeraldas\",\"url\":\"https:\/\/prefecturadeesmeraldas.gob.ec\/\",\"logo\":{\"@type\":\"ImageObject\",\"inLanguage\":\"es\",\"@id\":\"https:\/\/prefecturadeesmeraldas.gob.ec\/#\/schema\/logo\/image\/\",\"url\":\"https:\/\/prefecturadeesmeraldas.gob.ec\/wp-content\/uploads\/2019\/06\/logo.png\",\"contentUrl\":\"https:\/\/prefecturadeesmeraldas.gob.ec\/wp-content\/uploads\/2019\/06\/logo.png\",\"width\":859,\"height\":448,\"caption\":\"Gobierno Aut\u00f3nomo Descentralizado de la Provincia de Esmeraldas\"},\"image\":{\"@id\":\"https:\/\/prefecturadeesmeraldas.gob.ec\/#\/schema\/logo\/image\/\"},\"sameAs\":[\"https:\/\/www.facebook.com\/PrefecturaEsmeraldas\/\"]},{\"@type\":\"Person\",\"@id\":\"https:\/\/prefecturadeesmeraldas.gob.ec\/#\/schema\/person\/b0c9e7b1ead7725994d1e319e8825234\",\"name\":\"Direcci\u00f3n de Comunicaci\u00f3n\",\"image\":{\"@type\":\"ImageObject\",\"inLanguage\":\"es\",\"@id\":\"https:\/\/prefecturadeesmeraldas.gob.ec\/#\/schema\/person\/image\/\",\"url\":\"https:\/\/secure.gravatar.com\/avatar\/74a3870a946f5d774ade3569af61a72308e07ad3346f370c4b468ee2a9858658?s=96&d=mm&r=g\",\"contentUrl\":\"https:\/\/secure.gravatar.com\/avatar\/74a3870a946f5d774ade3569af61a72308e07ad3346f370c4b468ee2a9858658?s=96&d=mm&r=g\",\"caption\":\"Direcci\u00f3n de Comunicaci\u00f3n\"}}]}<\/script>\n<!-- \/ Yoast SEO plugin. -->","yoast_head_json":{"title":"La Prefectura de Esmeraldas inici\u00f3 la construcci\u00f3n de 2 nuevos puentes en la parroquia Malimpia. - Gobierno Aut\u00f3nomo Descentralizado de la Provincia de Esmeraldas","robots":{"index":"index","follow":"follow","max-snippet":"max-snippet:-1","max-image-preview":"max-image-preview:large","max-video-preview":"max-video-preview:-1"},"canonical":"https:\/\/prefecturadeesmeraldas.gob.ec\/index.php\/2021\/02\/12\/la-prefectura-de-esmeraldas-inicio-la-construccion-de-2-nuevos-puentes-en-la-parroquia-malimpia\/","og_locale":"es_ES","og_type":"article","og_title":"La Prefectura de Esmeraldas inici\u00f3 la construcci\u00f3n de 2 nuevos puentes en la parroquia Malimpia. - Gobierno Aut\u00f3nomo Descentralizado de la Provincia de Esmeraldas","og_description":"Con el transporte de materiales y equipo t\u00e9cnico, la Prefectura de Esmeraldas inici\u00f3 la construcci\u00f3n de dos puentes met\u00e1licos tipo Bayle, en la parroquia Malimpia, del cant\u00f3n Quinind\u00e9. Los trabajos contratados se originan a ra\u00edz de la gesti\u00f3n emprendida por Roberta Zambrano, prefecta de Esmeraldas ante el Ministerio de Transporte y Obras P\u00fablicas del Ecuador, [&hellip;]","og_url":"https:\/\/prefecturadeesmeraldas.gob.ec\/index.php\/2021\/02\/12\/la-prefectura-de-esmeraldas-inicio-la-construccion-de-2-nuevos-puentes-en-la-parroquia-malimpia\/","og_site_name":"Gobierno Aut\u00f3nomo Descentralizado de la Provincia de Esmeraldas","article_publisher":"https:\/\/www.facebook.com\/PrefecturaEsmeraldas\/","article_published_time":"2021-02-12T14:23:58+00:00","article_modified_time":"2021-02-12T14:24:50+00:00","og_image":[{"width":1235,"height":1235,"url":"https:\/\/prefecturadeesmeraldas.gob.ec\/wp-content\/uploads\/2021\/02\/BOLETIN-0168.jpg","type":"image\/jpeg"}],"author":"Direcci\u00f3n de Comunicaci\u00f3n","twitter_card":"summary_large_image","twitter_misc":{"Escrito por":"Direcci\u00f3n de Comunicaci\u00f3n","Tiempo de lectura":"2 minutos"},"schema":{"@context":"https:\/\/schema.org","@graph":[{"@type":"Article","@id":"https:\/\/prefecturadeesmeraldas.gob.ec\/index.php\/2021\/02\/12\/la-prefectura-de-esmeraldas-inicio-la-construccion-de-2-nuevos-puentes-en-la-parroquia-malimpia\/#article","isPartOf":{"@id":"https:\/\/prefecturadeesmeraldas.gob.ec\/index.php\/2021\/02\/12\/la-prefectura-de-esmeraldas-inicio-la-construccion-de-2-nuevos-puentes-en-la-parroquia-malimpia\/"},"author":{"name":"Direcci\u00f3n de Comunicaci\u00f3n","@id":"https:\/\/prefecturadeesmeraldas.gob.ec\/#\/schema\/person\/b0c9e7b1ead7725994d1e319e8825234"},"headline":"La Prefectura de Esmeraldas inici\u00f3 la construcci\u00f3n de 2 nuevos puentes en la parroquia Malimpia.","datePublished":"2021-02-12T14:23:58+00:00","dateModified":"2021-02-12T14:24:50+00:00","mainEntityOfPage":{"@id":"https:\/\/prefecturadeesmeraldas.gob.ec\/index.php\/2021\/02\/12\/la-prefectura-de-esmeraldas-inicio-la-construccion-de-2-nuevos-puentes-en-la-parroquia-malimpia\/"},"wordCount":326,"publisher":{"@id":"https:\/\/prefecturadeesmeraldas.gob.ec\/#organization"},"image":{"@id":"https:\/\/prefecturadeesmeraldas.gob.ec\/index.php\/2021\/02\/12\/la-prefectura-de-esmeraldas-inicio-la-construccion-de-2-nuevos-puentes-en-la-parroquia-malimpia\/#primaryimage"},"thumbnailUrl":"https:\/\/prefecturadeesmeraldas.gob.ec\/wp-content\/uploads\/2021\/02\/BOLETIN-0168.jpg","articleSection":["Vialidad"],"inLanguage":"es"},{"@type":"WebPage","@id":"https:\/\/prefecturadeesmeraldas.gob.ec\/index.php\/2021\/02\/12\/la-prefectura-de-esmeraldas-inicio-la-construccion-de-2-nuevos-puentes-en-la-parroquia-malimpia\/","url":"https:\/\/prefecturadeesmeraldas.gob.ec\/index.php\/2021\/02\/12\/la-prefectura-de-esmeraldas-inicio-la-construccion-de-2-nuevos-puentes-en-la-parroquia-malimpia\/","name":"La Prefectura de Esmeraldas inici\u00f3 la construcci\u00f3n de 2 nuevos puentes en la parroquia Malimpia. - Gobierno Aut\u00f3nomo Descentralizado de la Provincia de Esmeraldas","isPartOf":{"@id":"https:\/\/prefecturadeesmeraldas.gob.ec\/#website"},"primaryImageOfPage":{"@id":"https:\/\/prefecturadeesmeraldas.gob.ec\/index.php\/2021\/02\/12\/la-prefectura-de-esmeraldas-inicio-la-construccion-de-2-nuevos-puentes-en-la-parroquia-malimpia\/#primaryimage"},"image":{"@id":"https:\/\/prefecturadeesmeraldas.gob.ec\/index.php\/2021\/02\/12\/la-prefectura-de-esmeraldas-inicio-la-construccion-de-2-nuevos-puentes-en-la-parroquia-malimpia\/#primaryimage"},"thumbnailUrl":"https:\/\/prefecturadeesmeraldas.gob.ec\/wp-content\/uploads\/2021\/02\/BOLETIN-0168.jpg","datePublished":"2021-02-12T14:23:58+00:00","dateModified":"2021-02-12T14:24:50+00:00","breadcrumb":{"@id":"https:\/\/prefecturadeesmeraldas.gob.ec\/index.php\/2021\/02\/12\/la-prefectura-de-esmeraldas-inicio-la-construccion-de-2-nuevos-puentes-en-la-parroquia-malimpia\/#breadcrumb"},"inLanguage":"es","potentialAction":[{"@type":"ReadAction","target":["https:\/\/prefecturadeesmeraldas.gob.ec\/index.php\/2021\/02\/12\/la-prefectura-de-esmeraldas-inicio-la-construccion-de-2-nuevos-puentes-en-la-parroquia-malimpia\/"]}]},{"@type":"ImageObject","inLanguage":"es","@id":"https:\/\/prefecturadeesmeraldas.gob.ec\/index.php\/2021\/02\/12\/la-prefectura-de-esmeraldas-inicio-la-construccion-de-2-nuevos-puentes-en-la-parroquia-malimpia\/#primaryimage","url":"https:\/\/prefecturadeesmeraldas.gob.ec\/wp-content\/uploads\/2021\/02\/BOLETIN-0168.jpg","contentUrl":"https:\/\/prefecturadeesmeraldas.gob.ec\/wp-content\/uploads\/2021\/02\/BOLETIN-0168.jpg","width":1235,"height":1235},{"@type":"BreadcrumbList","@id":"https:\/\/prefecturadeesmeraldas.gob.ec\/index.php\/2021\/02\/12\/la-prefectura-de-esmeraldas-inicio-la-construccion-de-2-nuevos-puentes-en-la-parroquia-malimpia\/#breadcrumb","itemListElement":[{"@type":"ListItem","position":1,"name":"Home","item":"https:\/\/prefecturadeesmeraldas.gob.ec\/"},{"@type":"ListItem","position":2,"name":"La Prefectura de Esmeraldas inici\u00f3 la construcci\u00f3n de 2 nuevos puentes en la parroquia Malimpia."}]},{"@type":"WebSite","@id":"https:\/\/prefecturadeesmeraldas.gob.ec\/#website","url":"https:\/\/prefecturadeesmeraldas.gob.ec\/","name":"Gobierno Aut\u00f3nomo Descentralizado de la Provincia de Esmeraldas","description":"Gobierno Aut\u00f3nomo Descentralizado de la Provincia de Esmeraldas","publisher":{"@id":"https:\/\/prefecturadeesmeraldas.gob.ec\/#organization"},"potentialAction":[{"@type":"SearchAction","target":{"@type":"EntryPoint","urlTemplate":"https:\/\/prefecturadeesmeraldas.gob.ec\/?s={search_term_string}"},"query-input":{"@type":"PropertyValueSpecification","valueRequired":true,"valueName":"search_term_string"}}],"inLanguage":"es"},{"@type":"Organization","@id":"https:\/\/prefecturadeesmeraldas.gob.ec\/#organization","name":"Gobierno Aut\u00f3nomo Descentralizado de la Provincia de Esmeraldas","url":"https:\/\/prefecturadeesmeraldas.gob.ec\/","logo":{"@type":"ImageObject","inLanguage":"es","@id":"https:\/\/prefecturadeesmeraldas.gob.ec\/#\/schema\/logo\/image\/","url":"https:\/\/prefecturadeesmeraldas.gob.ec\/wp-content\/uploads\/2019\/06\/logo.png","contentUrl":"https:\/\/prefecturadeesmeraldas.gob.ec\/wp-content\/uploads\/2019\/06\/logo.png","width":859,"height":448,"caption":"Gobierno Aut\u00f3nomo Descentralizado de la Provincia de Esmeraldas"},"image":{"@id":"https:\/\/prefecturadeesmeraldas.gob.ec\/#\/schema\/logo\/image\/"},"sameAs":["https:\/\/www.facebook.com\/PrefecturaEsmeraldas\/"]},{"@type":"Person","@id":"https:\/\/prefecturadeesmeraldas.gob.ec\/#\/schema\/person\/b0c9e7b1ead7725994d1e319e8825234","name":"Direcci\u00f3n de Comunicaci\u00f3n","image":{"@type":"ImageObject","inLanguage":"es","@id":"https:\/\/prefecturadeesmeraldas.gob.ec\/#\/schema\/person\/image\/","url":"https:\/\/secure.gravatar.com\/avatar\/74a3870a946f5d774ade3569af61a72308e07ad3346f370c4b468ee2a9858658?s=96&d=mm&r=g","contentUrl":"https:\/\/secure.gravatar.com\/avatar\/74a3870a946f5d774ade3569af61a72308e07ad3346f370c4b468ee2a9858658?s=96&d=mm&r=g","caption":"Direcci\u00f3n de Comunicaci\u00f3n"}}]}},"_links":{"self":[{"href":"https:\/\/prefecturadeesmeraldas.gob.ec\/index.php\/wp-json\/wp\/v2\/posts\/9495","targetHints":{"allow":["GET"]}}],"collection":[{"href":"https:\/\/prefecturadeesmeraldas.gob.ec\/index.php\/wp-json\/wp\/v2\/posts"}],"about":[{"href":"https:\/\/prefecturadeesmeraldas.gob.ec\/index.php\/wp-json\/wp\/v2\/types\/post"}],"author":[{"embeddable":true,"href":"https:\/\/prefecturadeesmeraldas.gob.ec\/index.php\/wp-json\/wp\/v2\/users\/2"}],"replies":[{"embeddable":true,"href":"https:\/\/prefecturadeesmeraldas.gob.ec\/index.php\/wp-json\/wp\/v2\/comments?post=9495"}],"version-history":[{"count":0,"href":"https:\/\/prefecturadeesmeraldas.gob.ec\/index.php\/wp-json\/wp\/v2\/posts\/9495\/revisions"}],"wp:featuredmedia":[{"embeddable":true,"href":"https:\/\/prefecturadeesmeraldas.gob.ec\/index.php\/wp-json\/wp\/v2\/media\/9489"}],"wp:attachment":[{"href":"https:\/\/prefecturadeesmeraldas.gob.ec\/index.php\/wp-json\/wp\/v2\/media?parent=9495"}],"wp:term":[{"taxonomy":"category","embeddable":true,"href":"https:\/\/prefecturadeesmeraldas.gob.ec\/index.php\/wp-json\/wp\/v2\/categories?post=9495"},{"taxonomy":"post_tag","embeddable":true,"href":"https:\/\/prefecturadeesmeraldas.gob.ec\/index.php\/wp-json\/wp\/v2\/tags?post=9495"}],"curies":[{"name":"wp","href":"https:\/\/api.w.org\/{rel}","templated":true}]}}