{"id":9492,"date":"2021-02-12T09:21:17","date_gmt":"2021-02-12T14:21:17","guid":{"rendered":"http:\/\/prefecturadeesmeraldas.gob.ec\/?p=9492"},"modified":"2021-02-12T09:22:46","modified_gmt":"2021-02-12T14:22:46","slug":"prefectura-de-esmeraldas-tecnifica-a-los-pequenos-y-medianos-ganaderos-de-la-provincia","status":"publish","type":"post","link":"https:\/\/prefecturadeesmeraldas.gob.ec\/index.php\/2021\/02\/12\/prefectura-de-esmeraldas-tecnifica-a-los-pequenos-y-medianos-ganaderos-de-la-provincia\/","title":{"rendered":"Prefectura de Esmeraldas tecnifica a los peque\u00f1os y medianos ganaderos de la provincia."},"content":{"rendered":"\t\t<div data-elementor-type=\"wp-post\" data-elementor-id=\"9492\" class=\"elementor elementor-9492\">\n\t\t\t\t\t\t<section class=\"elementor-section elementor-top-section elementor-element elementor-element-c446465 elementor-section-boxed elementor-section-height-default elementor-section-height-default\" data-id=\"c446465\" data-element_type=\"section\">\n\t\t\t\t\t\t<div class=\"elementor-container elementor-column-gap-default\">\n\t\t\t\t\t<div class=\"elementor-column elementor-col-100 elementor-top-column elementor-element elementor-element-3b674ba\" data-id=\"3b674ba\" data-element_type=\"column\">\n\t\t\t<div class=\"elementor-widget-wrap elementor-element-populated\">\n\t\t\t\t\t\t<div class=\"elementor-element elementor-element-4d0e8b6 elementor-widget elementor-widget-image\" data-id=\"4d0e8b6\" data-element_type=\"widget\" data-widget_type=\"image.default\">\n\t\t\t\t<div class=\"elementor-widget-container\">\n\t\t\t\t\t\t\t\t\t\t\t\t\t\t\t<img fetchpriority=\"high\" decoding=\"async\" width=\"566\" height=\"566\" src=\"https:\/\/prefecturadeesmeraldas.gob.ec\/wp-content\/uploads\/2021\/02\/BOLETIN-0167.jpg\" class=\"attachment-large size-large wp-image-9468\" alt=\"\" srcset=\"https:\/\/prefecturadeesmeraldas.gob.ec\/wp-content\/uploads\/2021\/02\/BOLETIN-0167.jpg 566w, https:\/\/prefecturadeesmeraldas.gob.ec\/wp-content\/uploads\/2021\/02\/BOLETIN-0167-240x240.jpg 240w, https:\/\/prefecturadeesmeraldas.gob.ec\/wp-content\/uploads\/2021\/02\/BOLETIN-0167-150x150.jpg 150w, https:\/\/prefecturadeesmeraldas.gob.ec\/wp-content\/uploads\/2021\/02\/BOLETIN-0167-300x300.jpg 300w\" sizes=\"(max-width: 566px) 100vw, 566px\" \/>\t\t\t\t\t\t\t\t\t\t\t\t\t\t\t<\/div>\n\t\t\t\t<\/div>\n\t\t\t\t\t<\/div>\n\t\t<\/div>\n\t\t\t\t\t<\/div>\n\t\t<\/section>\n\t\t\t\t<section class=\"elementor-section elementor-top-section elementor-element elementor-element-bf3586e elementor-section-boxed elementor-section-height-default elementor-section-height-default\" data-id=\"bf3586e\" data-element_type=\"section\">\n\t\t\t\t\t\t<div class=\"elementor-container elementor-column-gap-default\">\n\t\t\t\t\t<div class=\"elementor-column elementor-col-100 elementor-top-column elementor-element elementor-element-84660ba\" data-id=\"84660ba\" data-element_type=\"column\">\n\t\t\t<div class=\"elementor-widget-wrap elementor-element-populated\">\n\t\t\t\t\t\t<div class=\"elementor-element elementor-element-7b441e8 elementor-widget elementor-widget-text-editor\" data-id=\"7b441e8\" data-element_type=\"widget\" data-widget_type=\"text-editor.default\">\n\t\t\t\t<div class=\"elementor-widget-container\">\n\t\t\t\t\t\t\t\t\t<p>Con el objetivo de lograr la tecnificaci\u00f3n de las fincas de peque\u00f1os y medianos ganaderos, y que logren aumentar la producci\u00f3n y mejorar la gen\u00e9tica, la <strong>Prefectura de Esmeraldas<\/strong> lleva a delante el proyecto de instalaci\u00f3n gratuita de cercas el\u00e9ctricas en la provincia.<\/p><p>El proyecto ya ha logrado entregar e instalar, <strong>40 cercas el\u00e9ctricas, 23 en Quinind\u00e9 y 17 en Rioverde<\/strong>, con capacitaciones a los beneficiados durante 6 meses, mediante las Escuelas de Campo Ganaderas y, la donaci\u00f3n adicional, a cada uno de los beneficiados, de 1 kit para sembrar 5 hect\u00e1reas de pasto mejorado.<\/p><p>Cada cerca el\u00e9ctrica donada, cubre un \u00e1rea de 35 hect\u00e1reas y con este proyecto, la <strong>Prefectura de Esmeraldas<\/strong>, a trav\u00e9s de la Direcci\u00f3n de Fomento Productivo, insemin\u00f3 10 vacas a cada uno de los peque\u00f1os ganaderos que se acogieron al mismo, con lo cual, se trabaja adicionalmente en el mejoramiento gen\u00e9tico del ganado con miras a aumentar el volumen y calidad de la leche y la carne.<\/p><p>De los 40 beneficiados, 17 de ellos recibieron tambi\u00e9n, en sus fincas, sistemas h\u00eddricos para bebederos del ganado, con lo cual la tecnificaci\u00f3n se hace realidad dentro de un ambicioso proyecto que desarrolla la Prefectura de Esmeraldas buscando, no solo aumentar la producci\u00f3n, sino, adem\u00e1s, mejorar la calidad del producto con miras a su exportaci\u00f3n.<\/p><p>Las Escuelas Ganaderas de Campo siguen realiz\u00e1ndose, capacitando a los productores ganaderos en t\u00e9cnicas de inseminaci\u00f3n, siembra de pasto mejorado y alimentaci\u00f3n del ganado.<\/p><p>Para la <strong>Prefectura de Esmeraldas<\/strong>, es muy importante trabajar en la capacitaci\u00f3n de los ganaderos, para continuar ampliando la cantidad de peque\u00f1as fincas ganaderas que se acojan a este sistema, de tal manera que, se logre masificar el uso de cercas el\u00e9ctricas aprovechando as\u00ed el espacio y lograr criar m\u00e1s animales por hect\u00e1rea, mejorando notablemente su calidad.<\/p>\t\t\t\t\t\t\t\t<\/div>\n\t\t\t\t<\/div>\n\t\t\t\t\t<\/div>\n\t\t<\/div>\n\t\t\t\t\t<\/div>\n\t\t<\/section>\n\t\t\t\t<\/div>\n\t\t","protected":false},"excerpt":{"rendered":"<p>Con el objetivo de lograr la tecnificaci\u00f3n de las fincas de peque\u00f1os y medianos ganaderos, y que logren aumentar la producci\u00f3n y mejorar la gen\u00e9tica, la Prefectura de Esmeraldas lleva a delante el proyecto de instalaci\u00f3n gratuita de cercas el\u00e9ctricas en la provincia. El proyecto ya ha logrado entregar e instalar, 40 cercas el\u00e9ctricas, 23 [&hellip;]<\/p>\n","protected":false},"author":2,"featured_media":9468,"comment_status":"closed","ping_status":"open","sticky":false,"template":"","format":"standard","meta":{"footnotes":""},"categories":[12],"tags":[],"class_list":["post-9492","post","type-post","status-publish","format-standard","has-post-thumbnail","hentry","category-fomento_productivo_2019"],"yoast_head":"<!-- This site is optimized with the Yoast SEO plugin v25.7 - https:\/\/yoast.com\/wordpress\/plugins\/seo\/ -->\n<title>Prefectura de Esmeraldas tecnifica a los peque\u00f1os y medianos ganaderos de la provincia. - Gobierno Aut\u00f3nomo Descentralizado de la Provincia de Esmeraldas<\/title>\n<meta name=\"robots\" content=\"index, follow, max-snippet:-1, max-image-preview:large, max-video-preview:-1\" \/>\n<link rel=\"canonical\" href=\"https:\/\/prefecturadeesmeraldas.gob.ec\/index.php\/2021\/02\/12\/prefectura-de-esmeraldas-tecnifica-a-los-pequenos-y-medianos-ganaderos-de-la-provincia\/\" \/>\n<meta property=\"og:locale\" content=\"es_ES\" \/>\n<meta property=\"og:type\" content=\"article\" \/>\n<meta property=\"og:title\" content=\"Prefectura de Esmeraldas tecnifica a los peque\u00f1os y medianos ganaderos de la provincia. - Gobierno Aut\u00f3nomo Descentralizado de la Provincia de Esmeraldas\" \/>\n<meta property=\"og:description\" content=\"Con el objetivo de lograr la tecnificaci\u00f3n de las fincas de peque\u00f1os y medianos ganaderos, y que logren aumentar la producci\u00f3n y mejorar la gen\u00e9tica, la Prefectura de Esmeraldas lleva a delante el proyecto de instalaci\u00f3n gratuita de cercas el\u00e9ctricas en la provincia. El proyecto ya ha logrado entregar e instalar, 40 cercas el\u00e9ctricas, 23 [&hellip;]\" \/>\n<meta property=\"og:url\" content=\"https:\/\/prefecturadeesmeraldas.gob.ec\/index.php\/2021\/02\/12\/prefectura-de-esmeraldas-tecnifica-a-los-pequenos-y-medianos-ganaderos-de-la-provincia\/\" \/>\n<meta property=\"og:site_name\" content=\"Gobierno Aut\u00f3nomo Descentralizado de la Provincia de Esmeraldas\" \/>\n<meta property=\"article:publisher\" content=\"https:\/\/www.facebook.com\/PrefecturaEsmeraldas\/\" \/>\n<meta property=\"article:published_time\" content=\"2021-02-12T14:21:17+00:00\" \/>\n<meta property=\"article:modified_time\" content=\"2021-02-12T14:22:46+00:00\" \/>\n<meta property=\"og:image\" content=\"https:\/\/prefecturadeesmeraldas.gob.ec\/wp-content\/uploads\/2021\/02\/BOLETIN-0167.jpg\" \/>\n\t<meta property=\"og:image:width\" content=\"566\" \/>\n\t<meta property=\"og:image:height\" content=\"566\" \/>\n\t<meta property=\"og:image:type\" content=\"image\/jpeg\" \/>\n<meta name=\"author\" content=\"Direcci\u00f3n de Comunicaci\u00f3n\" \/>\n<meta name=\"twitter:card\" content=\"summary_large_image\" \/>\n<meta name=\"twitter:label1\" content=\"Escrito por\" \/>\n\t<meta name=\"twitter:data1\" content=\"Direcci\u00f3n de Comunicaci\u00f3n\" \/>\n\t<meta name=\"twitter:label2\" content=\"Tiempo de lectura\" \/>\n\t<meta name=\"twitter:data2\" content=\"2 minutos\" \/>\n<script type=\"application\/ld+json\" class=\"yoast-schema-graph\">{\"@context\":\"https:\/\/schema.org\",\"@graph\":[{\"@type\":\"Article\",\"@id\":\"https:\/\/prefecturadeesmeraldas.gob.ec\/index.php\/2021\/02\/12\/prefectura-de-esmeraldas-tecnifica-a-los-pequenos-y-medianos-ganaderos-de-la-provincia\/#article\",\"isPartOf\":{\"@id\":\"https:\/\/prefecturadeesmeraldas.gob.ec\/index.php\/2021\/02\/12\/prefectura-de-esmeraldas-tecnifica-a-los-pequenos-y-medianos-ganaderos-de-la-provincia\/\"},\"author\":{\"name\":\"Direcci\u00f3n de Comunicaci\u00f3n\",\"@id\":\"https:\/\/prefecturadeesmeraldas.gob.ec\/#\/schema\/person\/b0c9e7b1ead7725994d1e319e8825234\"},\"headline\":\"Prefectura de Esmeraldas tecnifica a los peque\u00f1os y medianos ganaderos de la provincia.\",\"datePublished\":\"2021-02-12T14:21:17+00:00\",\"dateModified\":\"2021-02-12T14:22:46+00:00\",\"mainEntityOfPage\":{\"@id\":\"https:\/\/prefecturadeesmeraldas.gob.ec\/index.php\/2021\/02\/12\/prefectura-de-esmeraldas-tecnifica-a-los-pequenos-y-medianos-ganaderos-de-la-provincia\/\"},\"wordCount\":332,\"publisher\":{\"@id\":\"https:\/\/prefecturadeesmeraldas.gob.ec\/#organization\"},\"image\":{\"@id\":\"https:\/\/prefecturadeesmeraldas.gob.ec\/index.php\/2021\/02\/12\/prefectura-de-esmeraldas-tecnifica-a-los-pequenos-y-medianos-ganaderos-de-la-provincia\/#primaryimage\"},\"thumbnailUrl\":\"https:\/\/prefecturadeesmeraldas.gob.ec\/wp-content\/uploads\/2021\/02\/BOLETIN-0167.jpg\",\"articleSection\":[\"Fomento Productivo\"],\"inLanguage\":\"es\"},{\"@type\":\"WebPage\",\"@id\":\"https:\/\/prefecturadeesmeraldas.gob.ec\/index.php\/2021\/02\/12\/prefectura-de-esmeraldas-tecnifica-a-los-pequenos-y-medianos-ganaderos-de-la-provincia\/\",\"url\":\"https:\/\/prefecturadeesmeraldas.gob.ec\/index.php\/2021\/02\/12\/prefectura-de-esmeraldas-tecnifica-a-los-pequenos-y-medianos-ganaderos-de-la-provincia\/\",\"name\":\"Prefectura de Esmeraldas tecnifica a los peque\u00f1os y medianos ganaderos de la provincia. - Gobierno Aut\u00f3nomo Descentralizado de la Provincia de Esmeraldas\",\"isPartOf\":{\"@id\":\"https:\/\/prefecturadeesmeraldas.gob.ec\/#website\"},\"primaryImageOfPage\":{\"@id\":\"https:\/\/prefecturadeesmeraldas.gob.ec\/index.php\/2021\/02\/12\/prefectura-de-esmeraldas-tecnifica-a-los-pequenos-y-medianos-ganaderos-de-la-provincia\/#primaryimage\"},\"image\":{\"@id\":\"https:\/\/prefecturadeesmeraldas.gob.ec\/index.php\/2021\/02\/12\/prefectura-de-esmeraldas-tecnifica-a-los-pequenos-y-medianos-ganaderos-de-la-provincia\/#primaryimage\"},\"thumbnailUrl\":\"https:\/\/prefecturadeesmeraldas.gob.ec\/wp-content\/uploads\/2021\/02\/BOLETIN-0167.jpg\",\"datePublished\":\"2021-02-12T14:21:17+00:00\",\"dateModified\":\"2021-02-12T14:22:46+00:00\",\"breadcrumb\":{\"@id\":\"https:\/\/prefecturadeesmeraldas.gob.ec\/index.php\/2021\/02\/12\/prefectura-de-esmeraldas-tecnifica-a-los-pequenos-y-medianos-ganaderos-de-la-provincia\/#breadcrumb\"},\"inLanguage\":\"es\",\"potentialAction\":[{\"@type\":\"ReadAction\",\"target\":[\"https:\/\/prefecturadeesmeraldas.gob.ec\/index.php\/2021\/02\/12\/prefectura-de-esmeraldas-tecnifica-a-los-pequenos-y-medianos-ganaderos-de-la-provincia\/\"]}]},{\"@type\":\"ImageObject\",\"inLanguage\":\"es\",\"@id\":\"https:\/\/prefecturadeesmeraldas.gob.ec\/index.php\/2021\/02\/12\/prefectura-de-esmeraldas-tecnifica-a-los-pequenos-y-medianos-ganaderos-de-la-provincia\/#primaryimage\",\"url\":\"https:\/\/prefecturadeesmeraldas.gob.ec\/wp-content\/uploads\/2021\/02\/BOLETIN-0167.jpg\",\"contentUrl\":\"https:\/\/prefecturadeesmeraldas.gob.ec\/wp-content\/uploads\/2021\/02\/BOLETIN-0167.jpg\",\"width\":566,\"height\":566},{\"@type\":\"BreadcrumbList\",\"@id\":\"https:\/\/prefecturadeesmeraldas.gob.ec\/index.php\/2021\/02\/12\/prefectura-de-esmeraldas-tecnifica-a-los-pequenos-y-medianos-ganaderos-de-la-provincia\/#breadcrumb\",\"itemListElement\":[{\"@type\":\"ListItem\",\"position\":1,\"name\":\"Home\",\"item\":\"https:\/\/prefecturadeesmeraldas.gob.ec\/\"},{\"@type\":\"ListItem\",\"position\":2,\"name\":\"Prefectura de Esmeraldas tecnifica a los peque\u00f1os y medianos ganaderos de la provincia.\"}]},{\"@type\":\"WebSite\",\"@id\":\"https:\/\/prefecturadeesmeraldas.gob.ec\/#website\",\"url\":\"https:\/\/prefecturadeesmeraldas.gob.ec\/\",\"name\":\"Gobierno Aut\u00f3nomo Descentralizado de la Provincia de Esmeraldas\",\"description\":\"Gobierno Aut\u00f3nomo Descentralizado de la Provincia de Esmeraldas\",\"publisher\":{\"@id\":\"https:\/\/prefecturadeesmeraldas.gob.ec\/#organization\"},\"potentialAction\":[{\"@type\":\"SearchAction\",\"target\":{\"@type\":\"EntryPoint\",\"urlTemplate\":\"https:\/\/prefecturadeesmeraldas.gob.ec\/?s={search_term_string}\"},\"query-input\":{\"@type\":\"PropertyValueSpecification\",\"valueRequired\":true,\"valueName\":\"search_term_string\"}}],\"inLanguage\":\"es\"},{\"@type\":\"Organization\",\"@id\":\"https:\/\/prefecturadeesmeraldas.gob.ec\/#organization\",\"name\":\"Gobierno Aut\u00f3nomo Descentralizado de la Provincia de Esmeraldas\",\"url\":\"https:\/\/prefecturadeesmeraldas.gob.ec\/\",\"logo\":{\"@type\":\"ImageObject\",\"inLanguage\":\"es\",\"@id\":\"https:\/\/prefecturadeesmeraldas.gob.ec\/#\/schema\/logo\/image\/\",\"url\":\"https:\/\/prefecturadeesmeraldas.gob.ec\/wp-content\/uploads\/2019\/06\/logo.png\",\"contentUrl\":\"https:\/\/prefecturadeesmeraldas.gob.ec\/wp-content\/uploads\/2019\/06\/logo.png\",\"width\":859,\"height\":448,\"caption\":\"Gobierno Aut\u00f3nomo Descentralizado de la Provincia de Esmeraldas\"},\"image\":{\"@id\":\"https:\/\/prefecturadeesmeraldas.gob.ec\/#\/schema\/logo\/image\/\"},\"sameAs\":[\"https:\/\/www.facebook.com\/PrefecturaEsmeraldas\/\"]},{\"@type\":\"Person\",\"@id\":\"https:\/\/prefecturadeesmeraldas.gob.ec\/#\/schema\/person\/b0c9e7b1ead7725994d1e319e8825234\",\"name\":\"Direcci\u00f3n de Comunicaci\u00f3n\",\"image\":{\"@type\":\"ImageObject\",\"inLanguage\":\"es\",\"@id\":\"https:\/\/prefecturadeesmeraldas.gob.ec\/#\/schema\/person\/image\/\",\"url\":\"https:\/\/secure.gravatar.com\/avatar\/74a3870a946f5d774ade3569af61a72308e07ad3346f370c4b468ee2a9858658?s=96&d=mm&r=g\",\"contentUrl\":\"https:\/\/secure.gravatar.com\/avatar\/74a3870a946f5d774ade3569af61a72308e07ad3346f370c4b468ee2a9858658?s=96&d=mm&r=g\",\"caption\":\"Direcci\u00f3n de Comunicaci\u00f3n\"}}]}<\/script>\n<!-- \/ Yoast SEO plugin. -->","yoast_head_json":{"title":"Prefectura de Esmeraldas tecnifica a los peque\u00f1os y medianos ganaderos de la provincia. - Gobierno Aut\u00f3nomo Descentralizado de la Provincia de Esmeraldas","robots":{"index":"index","follow":"follow","max-snippet":"max-snippet:-1","max-image-preview":"max-image-preview:large","max-video-preview":"max-video-preview:-1"},"canonical":"https:\/\/prefecturadeesmeraldas.gob.ec\/index.php\/2021\/02\/12\/prefectura-de-esmeraldas-tecnifica-a-los-pequenos-y-medianos-ganaderos-de-la-provincia\/","og_locale":"es_ES","og_type":"article","og_title":"Prefectura de Esmeraldas tecnifica a los peque\u00f1os y medianos ganaderos de la provincia. - Gobierno Aut\u00f3nomo Descentralizado de la Provincia de Esmeraldas","og_description":"Con el objetivo de lograr la tecnificaci\u00f3n de las fincas de peque\u00f1os y medianos ganaderos, y que logren aumentar la producci\u00f3n y mejorar la gen\u00e9tica, la Prefectura de Esmeraldas lleva a delante el proyecto de instalaci\u00f3n gratuita de cercas el\u00e9ctricas en la provincia. El proyecto ya ha logrado entregar e instalar, 40 cercas el\u00e9ctricas, 23 [&hellip;]","og_url":"https:\/\/prefecturadeesmeraldas.gob.ec\/index.php\/2021\/02\/12\/prefectura-de-esmeraldas-tecnifica-a-los-pequenos-y-medianos-ganaderos-de-la-provincia\/","og_site_name":"Gobierno Aut\u00f3nomo Descentralizado de la Provincia de Esmeraldas","article_publisher":"https:\/\/www.facebook.com\/PrefecturaEsmeraldas\/","article_published_time":"2021-02-12T14:21:17+00:00","article_modified_time":"2021-02-12T14:22:46+00:00","og_image":[{"width":566,"height":566,"url":"https:\/\/prefecturadeesmeraldas.gob.ec\/wp-content\/uploads\/2021\/02\/BOLETIN-0167.jpg","type":"image\/jpeg"}],"author":"Direcci\u00f3n de Comunicaci\u00f3n","twitter_card":"summary_large_image","twitter_misc":{"Escrito por":"Direcci\u00f3n de Comunicaci\u00f3n","Tiempo de lectura":"2 minutos"},"schema":{"@context":"https:\/\/schema.org","@graph":[{"@type":"Article","@id":"https:\/\/prefecturadeesmeraldas.gob.ec\/index.php\/2021\/02\/12\/prefectura-de-esmeraldas-tecnifica-a-los-pequenos-y-medianos-ganaderos-de-la-provincia\/#article","isPartOf":{"@id":"https:\/\/prefecturadeesmeraldas.gob.ec\/index.php\/2021\/02\/12\/prefectura-de-esmeraldas-tecnifica-a-los-pequenos-y-medianos-ganaderos-de-la-provincia\/"},"author":{"name":"Direcci\u00f3n de Comunicaci\u00f3n","@id":"https:\/\/prefecturadeesmeraldas.gob.ec\/#\/schema\/person\/b0c9e7b1ead7725994d1e319e8825234"},"headline":"Prefectura de Esmeraldas tecnifica a los peque\u00f1os y medianos ganaderos de la provincia.","datePublished":"2021-02-12T14:21:17+00:00","dateModified":"2021-02-12T14:22:46+00:00","mainEntityOfPage":{"@id":"https:\/\/prefecturadeesmeraldas.gob.ec\/index.php\/2021\/02\/12\/prefectura-de-esmeraldas-tecnifica-a-los-pequenos-y-medianos-ganaderos-de-la-provincia\/"},"wordCount":332,"publisher":{"@id":"https:\/\/prefecturadeesmeraldas.gob.ec\/#organization"},"image":{"@id":"https:\/\/prefecturadeesmeraldas.gob.ec\/index.php\/2021\/02\/12\/prefectura-de-esmeraldas-tecnifica-a-los-pequenos-y-medianos-ganaderos-de-la-provincia\/#primaryimage"},"thumbnailUrl":"https:\/\/prefecturadeesmeraldas.gob.ec\/wp-content\/uploads\/2021\/02\/BOLETIN-0167.jpg","articleSection":["Fomento Productivo"],"inLanguage":"es"},{"@type":"WebPage","@id":"https:\/\/prefecturadeesmeraldas.gob.ec\/index.php\/2021\/02\/12\/prefectura-de-esmeraldas-tecnifica-a-los-pequenos-y-medianos-ganaderos-de-la-provincia\/","url":"https:\/\/prefecturadeesmeraldas.gob.ec\/index.php\/2021\/02\/12\/prefectura-de-esmeraldas-tecnifica-a-los-pequenos-y-medianos-ganaderos-de-la-provincia\/","name":"Prefectura de Esmeraldas tecnifica a los peque\u00f1os y medianos ganaderos de la provincia. - Gobierno Aut\u00f3nomo Descentralizado de la Provincia de Esmeraldas","isPartOf":{"@id":"https:\/\/prefecturadeesmeraldas.gob.ec\/#website"},"primaryImageOfPage":{"@id":"https:\/\/prefecturadeesmeraldas.gob.ec\/index.php\/2021\/02\/12\/prefectura-de-esmeraldas-tecnifica-a-los-pequenos-y-medianos-ganaderos-de-la-provincia\/#primaryimage"},"image":{"@id":"https:\/\/prefecturadeesmeraldas.gob.ec\/index.php\/2021\/02\/12\/prefectura-de-esmeraldas-tecnifica-a-los-pequenos-y-medianos-ganaderos-de-la-provincia\/#primaryimage"},"thumbnailUrl":"https:\/\/prefecturadeesmeraldas.gob.ec\/wp-content\/uploads\/2021\/02\/BOLETIN-0167.jpg","datePublished":"2021-02-12T14:21:17+00:00","dateModified":"2021-02-12T14:22:46+00:00","breadcrumb":{"@id":"https:\/\/prefecturadeesmeraldas.gob.ec\/index.php\/2021\/02\/12\/prefectura-de-esmeraldas-tecnifica-a-los-pequenos-y-medianos-ganaderos-de-la-provincia\/#breadcrumb"},"inLanguage":"es","potentialAction":[{"@type":"ReadAction","target":["https:\/\/prefecturadeesmeraldas.gob.ec\/index.php\/2021\/02\/12\/prefectura-de-esmeraldas-tecnifica-a-los-pequenos-y-medianos-ganaderos-de-la-provincia\/"]}]},{"@type":"ImageObject","inLanguage":"es","@id":"https:\/\/prefecturadeesmeraldas.gob.ec\/index.php\/2021\/02\/12\/prefectura-de-esmeraldas-tecnifica-a-los-pequenos-y-medianos-ganaderos-de-la-provincia\/#primaryimage","url":"https:\/\/prefecturadeesmeraldas.gob.ec\/wp-content\/uploads\/2021\/02\/BOLETIN-0167.jpg","contentUrl":"https:\/\/prefecturadeesmeraldas.gob.ec\/wp-content\/uploads\/2021\/02\/BOLETIN-0167.jpg","width":566,"height":566},{"@type":"BreadcrumbList","@id":"https:\/\/prefecturadeesmeraldas.gob.ec\/index.php\/2021\/02\/12\/prefectura-de-esmeraldas-tecnifica-a-los-pequenos-y-medianos-ganaderos-de-la-provincia\/#breadcrumb","itemListElement":[{"@type":"ListItem","position":1,"name":"Home","item":"https:\/\/prefecturadeesmeraldas.gob.ec\/"},{"@type":"ListItem","position":2,"name":"Prefectura de Esmeraldas tecnifica a los peque\u00f1os y medianos ganaderos de la provincia."}]},{"@type":"WebSite","@id":"https:\/\/prefecturadeesmeraldas.gob.ec\/#website","url":"https:\/\/prefecturadeesmeraldas.gob.ec\/","name":"Gobierno Aut\u00f3nomo Descentralizado de la Provincia de Esmeraldas","description":"Gobierno Aut\u00f3nomo Descentralizado de la Provincia de Esmeraldas","publisher":{"@id":"https:\/\/prefecturadeesmeraldas.gob.ec\/#organization"},"potentialAction":[{"@type":"SearchAction","target":{"@type":"EntryPoint","urlTemplate":"https:\/\/prefecturadeesmeraldas.gob.ec\/?s={search_term_string}"},"query-input":{"@type":"PropertyValueSpecification","valueRequired":true,"valueName":"search_term_string"}}],"inLanguage":"es"},{"@type":"Organization","@id":"https:\/\/prefecturadeesmeraldas.gob.ec\/#organization","name":"Gobierno Aut\u00f3nomo Descentralizado de la Provincia de Esmeraldas","url":"https:\/\/prefecturadeesmeraldas.gob.ec\/","logo":{"@type":"ImageObject","inLanguage":"es","@id":"https:\/\/prefecturadeesmeraldas.gob.ec\/#\/schema\/logo\/image\/","url":"https:\/\/prefecturadeesmeraldas.gob.ec\/wp-content\/uploads\/2019\/06\/logo.png","contentUrl":"https:\/\/prefecturadeesmeraldas.gob.ec\/wp-content\/uploads\/2019\/06\/logo.png","width":859,"height":448,"caption":"Gobierno Aut\u00f3nomo Descentralizado de la Provincia de Esmeraldas"},"image":{"@id":"https:\/\/prefecturadeesmeraldas.gob.ec\/#\/schema\/logo\/image\/"},"sameAs":["https:\/\/www.facebook.com\/PrefecturaEsmeraldas\/"]},{"@type":"Person","@id":"https:\/\/prefecturadeesmeraldas.gob.ec\/#\/schema\/person\/b0c9e7b1ead7725994d1e319e8825234","name":"Direcci\u00f3n de Comunicaci\u00f3n","image":{"@type":"ImageObject","inLanguage":"es","@id":"https:\/\/prefecturadeesmeraldas.gob.ec\/#\/schema\/person\/image\/","url":"https:\/\/secure.gravatar.com\/avatar\/74a3870a946f5d774ade3569af61a72308e07ad3346f370c4b468ee2a9858658?s=96&d=mm&r=g","contentUrl":"https:\/\/secure.gravatar.com\/avatar\/74a3870a946f5d774ade3569af61a72308e07ad3346f370c4b468ee2a9858658?s=96&d=mm&r=g","caption":"Direcci\u00f3n de Comunicaci\u00f3n"}}]}},"_links":{"self":[{"href":"https:\/\/prefecturadeesmeraldas.gob.ec\/index.php\/wp-json\/wp\/v2\/posts\/9492","targetHints":{"allow":["GET"]}}],"collection":[{"href":"https:\/\/prefecturadeesmeraldas.gob.ec\/index.php\/wp-json\/wp\/v2\/posts"}],"about":[{"href":"https:\/\/prefecturadeesmeraldas.gob.ec\/index.php\/wp-json\/wp\/v2\/types\/post"}],"author":[{"embeddable":true,"href":"https:\/\/prefecturadeesmeraldas.gob.ec\/index.php\/wp-json\/wp\/v2\/users\/2"}],"replies":[{"embeddable":true,"href":"https:\/\/prefecturadeesmeraldas.gob.ec\/index.php\/wp-json\/wp\/v2\/comments?post=9492"}],"version-history":[{"count":0,"href":"https:\/\/prefecturadeesmeraldas.gob.ec\/index.php\/wp-json\/wp\/v2\/posts\/9492\/revisions"}],"wp:featuredmedia":[{"embeddable":true,"href":"https:\/\/prefecturadeesmeraldas.gob.ec\/index.php\/wp-json\/wp\/v2\/media\/9468"}],"wp:attachment":[{"href":"https:\/\/prefecturadeesmeraldas.gob.ec\/index.php\/wp-json\/wp\/v2\/media?parent=9492"}],"wp:term":[{"taxonomy":"category","embeddable":true,"href":"https:\/\/prefecturadeesmeraldas.gob.ec\/index.php\/wp-json\/wp\/v2\/categories?post=9492"},{"taxonomy":"post_tag","embeddable":true,"href":"https:\/\/prefecturadeesmeraldas.gob.ec\/index.php\/wp-json\/wp\/v2\/tags?post=9492"}],"curies":[{"name":"wp","href":"https:\/\/api.w.org\/{rel}","templated":true}]}}