{"id":9446,"date":"2021-02-11T14:20:46","date_gmt":"2021-02-11T19:20:46","guid":{"rendered":"http:\/\/prefecturadeesmeraldas.gob.ec\/?p=9446"},"modified":"2021-02-11T14:21:34","modified_gmt":"2021-02-11T19:21:34","slug":"prefectura-de-esmeraldas-junto-a-la-empresa-privada-protege-las-cuencas-hidrograficas","status":"publish","type":"post","link":"https:\/\/prefecturadeesmeraldas.gob.ec\/index.php\/2021\/02\/11\/prefectura-de-esmeraldas-junto-a-la-empresa-privada-protege-las-cuencas-hidrograficas\/","title":{"rendered":"Prefectura de Esmeraldas junto a la empresa privada protege las cuencas hidrogr\u00e1ficas."},"content":{"rendered":"\t\t<div data-elementor-type=\"wp-post\" data-elementor-id=\"9446\" class=\"elementor elementor-9446\">\n\t\t\t\t\t\t<section class=\"elementor-section elementor-top-section elementor-element elementor-element-78ac62f elementor-section-boxed elementor-section-height-default elementor-section-height-default\" data-id=\"78ac62f\" data-element_type=\"section\">\n\t\t\t\t\t\t<div class=\"elementor-container elementor-column-gap-default\">\n\t\t\t\t\t<div class=\"elementor-column elementor-col-100 elementor-top-column elementor-element elementor-element-45b004c\" data-id=\"45b004c\" data-element_type=\"column\">\n\t\t\t<div class=\"elementor-widget-wrap elementor-element-populated\">\n\t\t\t\t\t\t<div class=\"elementor-element elementor-element-1fd14c4 elementor-widget elementor-widget-image\" data-id=\"1fd14c4\" data-element_type=\"widget\" data-widget_type=\"image.default\">\n\t\t\t\t<div class=\"elementor-widget-container\">\n\t\t\t\t\t\t\t\t\t\t\t\t\t\t\t<img fetchpriority=\"high\" decoding=\"async\" width=\"567\" height=\"563\" src=\"https:\/\/prefecturadeesmeraldas.gob.ec\/wp-content\/uploads\/2021\/02\/BOLETIN-0162.jpg\" class=\"attachment-large size-large wp-image-9432\" alt=\"\" srcset=\"https:\/\/prefecturadeesmeraldas.gob.ec\/wp-content\/uploads\/2021\/02\/BOLETIN-0162.jpg 567w, https:\/\/prefecturadeesmeraldas.gob.ec\/wp-content\/uploads\/2021\/02\/BOLETIN-0162-150x150.jpg 150w, https:\/\/prefecturadeesmeraldas.gob.ec\/wp-content\/uploads\/2021\/02\/BOLETIN-0162-300x298.jpg 300w\" sizes=\"(max-width: 567px) 100vw, 567px\" \/>\t\t\t\t\t\t\t\t\t\t\t\t\t\t\t<\/div>\n\t\t\t\t<\/div>\n\t\t\t\t\t<\/div>\n\t\t<\/div>\n\t\t\t\t\t<\/div>\n\t\t<\/section>\n\t\t\t\t<section class=\"elementor-section elementor-top-section elementor-element elementor-element-63fc29c elementor-section-boxed elementor-section-height-default elementor-section-height-default\" data-id=\"63fc29c\" data-element_type=\"section\">\n\t\t\t\t\t\t<div class=\"elementor-container elementor-column-gap-default\">\n\t\t\t\t\t<div class=\"elementor-column elementor-col-100 elementor-top-column elementor-element elementor-element-cc85f1b\" data-id=\"cc85f1b\" data-element_type=\"column\">\n\t\t\t<div class=\"elementor-widget-wrap elementor-element-populated\">\n\t\t\t\t\t\t<div class=\"elementor-element elementor-element-291549a elementor-widget elementor-widget-text-editor\" data-id=\"291549a\" data-element_type=\"widget\" data-widget_type=\"text-editor.default\">\n\t\t\t\t<div class=\"elementor-widget-container\">\n\t\t\t\t\t\t\t\t\t<p>T\u00e9cnicos de la Direcci\u00f3n de Cuencas, Riego y Drenaje junto con trabajadores de la empresa Palmeras de los Andes de Quinind\u00e9, realizaron la reforestaci\u00f3n en una primera etapa con <strong>1250 plantas de Ch\u00edparo, guayac\u00e1n, caoba, dormil\u00f3n y fruta de pan, en las cuencas hidrogr\u00e1ficas de P\u00e1mbula 1, P\u00e1mbula 2 y Laguna Santa Gertrudis.<\/strong><\/p><p>Javier Naranjo, jefe de Gesti\u00f3n de Calidad y Ambiente, dijo que la empresa cumple con su responsabilidad ambiental, adem\u00e1s, destac\u00f3 el apoyo de la Prefectura de Esmeraldas a trav\u00e9s de las plantas donadas.<\/p><p>Naranjo, pidi\u00f3 al sector empresarial de la provincia sumarse a la conservaci\u00f3n del medio ambiente.<\/p><p>Monserrate V\u00e9lez, jefa de Talento Humano de Palmera de los Andes, tild\u00f3 de importante el accionar de protecci\u00f3n de las cuencas h\u00eddricas de la zona.<\/p><p>Tambi\u00e9n, indic\u00f3 que los ciudadanos y empresas deben trabajar en la conservaci\u00f3n del ecosistema y las fuentes de agua, para garantizar la vida en el futuro.<\/p><p>En total, ser\u00e1n cinco mil plantas que la Prefectura de Esmeraldas donar\u00e1 a la empresa palmicultora para protecci\u00f3n de las fuentes de agua que son parte del \u00e1rea de producci\u00f3n.<\/p>\t\t\t\t\t\t\t\t<\/div>\n\t\t\t\t<\/div>\n\t\t\t\t\t<\/div>\n\t\t<\/div>\n\t\t\t\t\t<\/div>\n\t\t<\/section>\n\t\t\t\t<\/div>\n\t\t","protected":false},"excerpt":{"rendered":"<p>T\u00e9cnicos de la Direcci\u00f3n de Cuencas, Riego y Drenaje junto con trabajadores de la empresa Palmeras de los Andes de Quinind\u00e9, realizaron la reforestaci\u00f3n en una primera etapa con 1250 plantas de Ch\u00edparo, guayac\u00e1n, caoba, dormil\u00f3n y fruta de pan, en las cuencas hidrogr\u00e1ficas de P\u00e1mbula 1, P\u00e1mbula 2 y Laguna Santa Gertrudis. Javier Naranjo, [&hellip;]<\/p>\n","protected":false},"author":2,"featured_media":9432,"comment_status":"closed","ping_status":"open","sticky":false,"template":"","format":"standard","meta":{"footnotes":""},"categories":[17],"tags":[],"class_list":["post-9446","post","type-post","status-publish","format-standard","has-post-thumbnail","hentry","category-cuencas-riego-y-drenaje"],"yoast_head":"<!-- This site is optimized with the Yoast SEO plugin v25.7 - https:\/\/yoast.com\/wordpress\/plugins\/seo\/ -->\n<title>Prefectura de Esmeraldas junto a la empresa privada protege las cuencas hidrogr\u00e1ficas. - Gobierno Aut\u00f3nomo Descentralizado de la Provincia de Esmeraldas<\/title>\n<meta name=\"robots\" content=\"index, follow, max-snippet:-1, max-image-preview:large, max-video-preview:-1\" \/>\n<link rel=\"canonical\" href=\"https:\/\/prefecturadeesmeraldas.gob.ec\/index.php\/2021\/02\/11\/prefectura-de-esmeraldas-junto-a-la-empresa-privada-protege-las-cuencas-hidrograficas\/\" \/>\n<meta property=\"og:locale\" content=\"es_ES\" \/>\n<meta property=\"og:type\" content=\"article\" \/>\n<meta property=\"og:title\" content=\"Prefectura de Esmeraldas junto a la empresa privada protege las cuencas hidrogr\u00e1ficas. - Gobierno Aut\u00f3nomo Descentralizado de la Provincia de Esmeraldas\" \/>\n<meta property=\"og:description\" content=\"T\u00e9cnicos de la Direcci\u00f3n de Cuencas, Riego y Drenaje junto con trabajadores de la empresa Palmeras de los Andes de Quinind\u00e9, realizaron la reforestaci\u00f3n en una primera etapa con 1250 plantas de Ch\u00edparo, guayac\u00e1n, caoba, dormil\u00f3n y fruta de pan, en las cuencas hidrogr\u00e1ficas de P\u00e1mbula 1, P\u00e1mbula 2 y Laguna Santa Gertrudis. Javier Naranjo, [&hellip;]\" \/>\n<meta property=\"og:url\" content=\"https:\/\/prefecturadeesmeraldas.gob.ec\/index.php\/2021\/02\/11\/prefectura-de-esmeraldas-junto-a-la-empresa-privada-protege-las-cuencas-hidrograficas\/\" \/>\n<meta property=\"og:site_name\" content=\"Gobierno Aut\u00f3nomo Descentralizado de la Provincia de Esmeraldas\" \/>\n<meta property=\"article:publisher\" content=\"https:\/\/www.facebook.com\/PrefecturaEsmeraldas\/\" \/>\n<meta property=\"article:published_time\" content=\"2021-02-11T19:20:46+00:00\" \/>\n<meta property=\"article:modified_time\" content=\"2021-02-11T19:21:34+00:00\" \/>\n<meta property=\"og:image\" content=\"https:\/\/prefecturadeesmeraldas.gob.ec\/wp-content\/uploads\/2021\/02\/BOLETIN-0162.jpg\" \/>\n\t<meta property=\"og:image:width\" content=\"567\" \/>\n\t<meta property=\"og:image:height\" content=\"563\" \/>\n\t<meta property=\"og:image:type\" content=\"image\/jpeg\" \/>\n<meta name=\"author\" content=\"Direcci\u00f3n de Comunicaci\u00f3n\" \/>\n<meta name=\"twitter:card\" content=\"summary_large_image\" \/>\n<meta name=\"twitter:label1\" content=\"Escrito por\" \/>\n\t<meta name=\"twitter:data1\" content=\"Direcci\u00f3n de Comunicaci\u00f3n\" \/>\n\t<meta name=\"twitter:label2\" content=\"Tiempo de lectura\" \/>\n\t<meta name=\"twitter:data2\" content=\"1 minuto\" \/>\n<script type=\"application\/ld+json\" class=\"yoast-schema-graph\">{\"@context\":\"https:\/\/schema.org\",\"@graph\":[{\"@type\":\"Article\",\"@id\":\"https:\/\/prefecturadeesmeraldas.gob.ec\/index.php\/2021\/02\/11\/prefectura-de-esmeraldas-junto-a-la-empresa-privada-protege-las-cuencas-hidrograficas\/#article\",\"isPartOf\":{\"@id\":\"https:\/\/prefecturadeesmeraldas.gob.ec\/index.php\/2021\/02\/11\/prefectura-de-esmeraldas-junto-a-la-empresa-privada-protege-las-cuencas-hidrograficas\/\"},\"author\":{\"name\":\"Direcci\u00f3n de Comunicaci\u00f3n\",\"@id\":\"https:\/\/prefecturadeesmeraldas.gob.ec\/#\/schema\/person\/b0c9e7b1ead7725994d1e319e8825234\"},\"headline\":\"Prefectura de Esmeraldas junto a la empresa privada protege las cuencas hidrogr\u00e1ficas.\",\"datePublished\":\"2021-02-11T19:20:46+00:00\",\"dateModified\":\"2021-02-11T19:21:34+00:00\",\"mainEntityOfPage\":{\"@id\":\"https:\/\/prefecturadeesmeraldas.gob.ec\/index.php\/2021\/02\/11\/prefectura-de-esmeraldas-junto-a-la-empresa-privada-protege-las-cuencas-hidrograficas\/\"},\"wordCount\":213,\"publisher\":{\"@id\":\"https:\/\/prefecturadeesmeraldas.gob.ec\/#organization\"},\"image\":{\"@id\":\"https:\/\/prefecturadeesmeraldas.gob.ec\/index.php\/2021\/02\/11\/prefectura-de-esmeraldas-junto-a-la-empresa-privada-protege-las-cuencas-hidrograficas\/#primaryimage\"},\"thumbnailUrl\":\"https:\/\/prefecturadeesmeraldas.gob.ec\/wp-content\/uploads\/2021\/02\/BOLETIN-0162.jpg\",\"articleSection\":[\"Cuencas, Riego y Drenaje\"],\"inLanguage\":\"es\"},{\"@type\":\"WebPage\",\"@id\":\"https:\/\/prefecturadeesmeraldas.gob.ec\/index.php\/2021\/02\/11\/prefectura-de-esmeraldas-junto-a-la-empresa-privada-protege-las-cuencas-hidrograficas\/\",\"url\":\"https:\/\/prefecturadeesmeraldas.gob.ec\/index.php\/2021\/02\/11\/prefectura-de-esmeraldas-junto-a-la-empresa-privada-protege-las-cuencas-hidrograficas\/\",\"name\":\"Prefectura de Esmeraldas junto a la empresa privada protege las cuencas hidrogr\u00e1ficas. - Gobierno Aut\u00f3nomo Descentralizado de la Provincia de Esmeraldas\",\"isPartOf\":{\"@id\":\"https:\/\/prefecturadeesmeraldas.gob.ec\/#website\"},\"primaryImageOfPage\":{\"@id\":\"https:\/\/prefecturadeesmeraldas.gob.ec\/index.php\/2021\/02\/11\/prefectura-de-esmeraldas-junto-a-la-empresa-privada-protege-las-cuencas-hidrograficas\/#primaryimage\"},\"image\":{\"@id\":\"https:\/\/prefecturadeesmeraldas.gob.ec\/index.php\/2021\/02\/11\/prefectura-de-esmeraldas-junto-a-la-empresa-privada-protege-las-cuencas-hidrograficas\/#primaryimage\"},\"thumbnailUrl\":\"https:\/\/prefecturadeesmeraldas.gob.ec\/wp-content\/uploads\/2021\/02\/BOLETIN-0162.jpg\",\"datePublished\":\"2021-02-11T19:20:46+00:00\",\"dateModified\":\"2021-02-11T19:21:34+00:00\",\"breadcrumb\":{\"@id\":\"https:\/\/prefecturadeesmeraldas.gob.ec\/index.php\/2021\/02\/11\/prefectura-de-esmeraldas-junto-a-la-empresa-privada-protege-las-cuencas-hidrograficas\/#breadcrumb\"},\"inLanguage\":\"es\",\"potentialAction\":[{\"@type\":\"ReadAction\",\"target\":[\"https:\/\/prefecturadeesmeraldas.gob.ec\/index.php\/2021\/02\/11\/prefectura-de-esmeraldas-junto-a-la-empresa-privada-protege-las-cuencas-hidrograficas\/\"]}]},{\"@type\":\"ImageObject\",\"inLanguage\":\"es\",\"@id\":\"https:\/\/prefecturadeesmeraldas.gob.ec\/index.php\/2021\/02\/11\/prefectura-de-esmeraldas-junto-a-la-empresa-privada-protege-las-cuencas-hidrograficas\/#primaryimage\",\"url\":\"https:\/\/prefecturadeesmeraldas.gob.ec\/wp-content\/uploads\/2021\/02\/BOLETIN-0162.jpg\",\"contentUrl\":\"https:\/\/prefecturadeesmeraldas.gob.ec\/wp-content\/uploads\/2021\/02\/BOLETIN-0162.jpg\",\"width\":567,\"height\":563},{\"@type\":\"BreadcrumbList\",\"@id\":\"https:\/\/prefecturadeesmeraldas.gob.ec\/index.php\/2021\/02\/11\/prefectura-de-esmeraldas-junto-a-la-empresa-privada-protege-las-cuencas-hidrograficas\/#breadcrumb\",\"itemListElement\":[{\"@type\":\"ListItem\",\"position\":1,\"name\":\"Home\",\"item\":\"https:\/\/prefecturadeesmeraldas.gob.ec\/\"},{\"@type\":\"ListItem\",\"position\":2,\"name\":\"Prefectura de Esmeraldas junto a la empresa privada protege las cuencas hidrogr\u00e1ficas.\"}]},{\"@type\":\"WebSite\",\"@id\":\"https:\/\/prefecturadeesmeraldas.gob.ec\/#website\",\"url\":\"https:\/\/prefecturadeesmeraldas.gob.ec\/\",\"name\":\"Gobierno Aut\u00f3nomo Descentralizado de la Provincia de Esmeraldas\",\"description\":\"Gobierno Aut\u00f3nomo Descentralizado de la Provincia de Esmeraldas\",\"publisher\":{\"@id\":\"https:\/\/prefecturadeesmeraldas.gob.ec\/#organization\"},\"potentialAction\":[{\"@type\":\"SearchAction\",\"target\":{\"@type\":\"EntryPoint\",\"urlTemplate\":\"https:\/\/prefecturadeesmeraldas.gob.ec\/?s={search_term_string}\"},\"query-input\":{\"@type\":\"PropertyValueSpecification\",\"valueRequired\":true,\"valueName\":\"search_term_string\"}}],\"inLanguage\":\"es\"},{\"@type\":\"Organization\",\"@id\":\"https:\/\/prefecturadeesmeraldas.gob.ec\/#organization\",\"name\":\"Gobierno Aut\u00f3nomo Descentralizado de la Provincia de Esmeraldas\",\"url\":\"https:\/\/prefecturadeesmeraldas.gob.ec\/\",\"logo\":{\"@type\":\"ImageObject\",\"inLanguage\":\"es\",\"@id\":\"https:\/\/prefecturadeesmeraldas.gob.ec\/#\/schema\/logo\/image\/\",\"url\":\"https:\/\/prefecturadeesmeraldas.gob.ec\/wp-content\/uploads\/2019\/06\/logo.png\",\"contentUrl\":\"https:\/\/prefecturadeesmeraldas.gob.ec\/wp-content\/uploads\/2019\/06\/logo.png\",\"width\":859,\"height\":448,\"caption\":\"Gobierno Aut\u00f3nomo Descentralizado de la Provincia de Esmeraldas\"},\"image\":{\"@id\":\"https:\/\/prefecturadeesmeraldas.gob.ec\/#\/schema\/logo\/image\/\"},\"sameAs\":[\"https:\/\/www.facebook.com\/PrefecturaEsmeraldas\/\"]},{\"@type\":\"Person\",\"@id\":\"https:\/\/prefecturadeesmeraldas.gob.ec\/#\/schema\/person\/b0c9e7b1ead7725994d1e319e8825234\",\"name\":\"Direcci\u00f3n de Comunicaci\u00f3n\",\"image\":{\"@type\":\"ImageObject\",\"inLanguage\":\"es\",\"@id\":\"https:\/\/prefecturadeesmeraldas.gob.ec\/#\/schema\/person\/image\/\",\"url\":\"https:\/\/secure.gravatar.com\/avatar\/74a3870a946f5d774ade3569af61a72308e07ad3346f370c4b468ee2a9858658?s=96&d=mm&r=g\",\"contentUrl\":\"https:\/\/secure.gravatar.com\/avatar\/74a3870a946f5d774ade3569af61a72308e07ad3346f370c4b468ee2a9858658?s=96&d=mm&r=g\",\"caption\":\"Direcci\u00f3n de Comunicaci\u00f3n\"}}]}<\/script>\n<!-- \/ Yoast SEO plugin. -->","yoast_head_json":{"title":"Prefectura de Esmeraldas junto a la empresa privada protege las cuencas hidrogr\u00e1ficas. - Gobierno Aut\u00f3nomo Descentralizado de la Provincia de Esmeraldas","robots":{"index":"index","follow":"follow","max-snippet":"max-snippet:-1","max-image-preview":"max-image-preview:large","max-video-preview":"max-video-preview:-1"},"canonical":"https:\/\/prefecturadeesmeraldas.gob.ec\/index.php\/2021\/02\/11\/prefectura-de-esmeraldas-junto-a-la-empresa-privada-protege-las-cuencas-hidrograficas\/","og_locale":"es_ES","og_type":"article","og_title":"Prefectura de Esmeraldas junto a la empresa privada protege las cuencas hidrogr\u00e1ficas. - Gobierno Aut\u00f3nomo Descentralizado de la Provincia de Esmeraldas","og_description":"T\u00e9cnicos de la Direcci\u00f3n de Cuencas, Riego y Drenaje junto con trabajadores de la empresa Palmeras de los Andes de Quinind\u00e9, realizaron la reforestaci\u00f3n en una primera etapa con 1250 plantas de Ch\u00edparo, guayac\u00e1n, caoba, dormil\u00f3n y fruta de pan, en las cuencas hidrogr\u00e1ficas de P\u00e1mbula 1, P\u00e1mbula 2 y Laguna Santa Gertrudis. Javier Naranjo, [&hellip;]","og_url":"https:\/\/prefecturadeesmeraldas.gob.ec\/index.php\/2021\/02\/11\/prefectura-de-esmeraldas-junto-a-la-empresa-privada-protege-las-cuencas-hidrograficas\/","og_site_name":"Gobierno Aut\u00f3nomo Descentralizado de la Provincia de Esmeraldas","article_publisher":"https:\/\/www.facebook.com\/PrefecturaEsmeraldas\/","article_published_time":"2021-02-11T19:20:46+00:00","article_modified_time":"2021-02-11T19:21:34+00:00","og_image":[{"width":567,"height":563,"url":"https:\/\/prefecturadeesmeraldas.gob.ec\/wp-content\/uploads\/2021\/02\/BOLETIN-0162.jpg","type":"image\/jpeg"}],"author":"Direcci\u00f3n de Comunicaci\u00f3n","twitter_card":"summary_large_image","twitter_misc":{"Escrito por":"Direcci\u00f3n de Comunicaci\u00f3n","Tiempo de lectura":"1 minuto"},"schema":{"@context":"https:\/\/schema.org","@graph":[{"@type":"Article","@id":"https:\/\/prefecturadeesmeraldas.gob.ec\/index.php\/2021\/02\/11\/prefectura-de-esmeraldas-junto-a-la-empresa-privada-protege-las-cuencas-hidrograficas\/#article","isPartOf":{"@id":"https:\/\/prefecturadeesmeraldas.gob.ec\/index.php\/2021\/02\/11\/prefectura-de-esmeraldas-junto-a-la-empresa-privada-protege-las-cuencas-hidrograficas\/"},"author":{"name":"Direcci\u00f3n de Comunicaci\u00f3n","@id":"https:\/\/prefecturadeesmeraldas.gob.ec\/#\/schema\/person\/b0c9e7b1ead7725994d1e319e8825234"},"headline":"Prefectura de Esmeraldas junto a la empresa privada protege las cuencas hidrogr\u00e1ficas.","datePublished":"2021-02-11T19:20:46+00:00","dateModified":"2021-02-11T19:21:34+00:00","mainEntityOfPage":{"@id":"https:\/\/prefecturadeesmeraldas.gob.ec\/index.php\/2021\/02\/11\/prefectura-de-esmeraldas-junto-a-la-empresa-privada-protege-las-cuencas-hidrograficas\/"},"wordCount":213,"publisher":{"@id":"https:\/\/prefecturadeesmeraldas.gob.ec\/#organization"},"image":{"@id":"https:\/\/prefecturadeesmeraldas.gob.ec\/index.php\/2021\/02\/11\/prefectura-de-esmeraldas-junto-a-la-empresa-privada-protege-las-cuencas-hidrograficas\/#primaryimage"},"thumbnailUrl":"https:\/\/prefecturadeesmeraldas.gob.ec\/wp-content\/uploads\/2021\/02\/BOLETIN-0162.jpg","articleSection":["Cuencas, Riego y Drenaje"],"inLanguage":"es"},{"@type":"WebPage","@id":"https:\/\/prefecturadeesmeraldas.gob.ec\/index.php\/2021\/02\/11\/prefectura-de-esmeraldas-junto-a-la-empresa-privada-protege-las-cuencas-hidrograficas\/","url":"https:\/\/prefecturadeesmeraldas.gob.ec\/index.php\/2021\/02\/11\/prefectura-de-esmeraldas-junto-a-la-empresa-privada-protege-las-cuencas-hidrograficas\/","name":"Prefectura de Esmeraldas junto a la empresa privada protege las cuencas hidrogr\u00e1ficas. - Gobierno Aut\u00f3nomo Descentralizado de la Provincia de Esmeraldas","isPartOf":{"@id":"https:\/\/prefecturadeesmeraldas.gob.ec\/#website"},"primaryImageOfPage":{"@id":"https:\/\/prefecturadeesmeraldas.gob.ec\/index.php\/2021\/02\/11\/prefectura-de-esmeraldas-junto-a-la-empresa-privada-protege-las-cuencas-hidrograficas\/#primaryimage"},"image":{"@id":"https:\/\/prefecturadeesmeraldas.gob.ec\/index.php\/2021\/02\/11\/prefectura-de-esmeraldas-junto-a-la-empresa-privada-protege-las-cuencas-hidrograficas\/#primaryimage"},"thumbnailUrl":"https:\/\/prefecturadeesmeraldas.gob.ec\/wp-content\/uploads\/2021\/02\/BOLETIN-0162.jpg","datePublished":"2021-02-11T19:20:46+00:00","dateModified":"2021-02-11T19:21:34+00:00","breadcrumb":{"@id":"https:\/\/prefecturadeesmeraldas.gob.ec\/index.php\/2021\/02\/11\/prefectura-de-esmeraldas-junto-a-la-empresa-privada-protege-las-cuencas-hidrograficas\/#breadcrumb"},"inLanguage":"es","potentialAction":[{"@type":"ReadAction","target":["https:\/\/prefecturadeesmeraldas.gob.ec\/index.php\/2021\/02\/11\/prefectura-de-esmeraldas-junto-a-la-empresa-privada-protege-las-cuencas-hidrograficas\/"]}]},{"@type":"ImageObject","inLanguage":"es","@id":"https:\/\/prefecturadeesmeraldas.gob.ec\/index.php\/2021\/02\/11\/prefectura-de-esmeraldas-junto-a-la-empresa-privada-protege-las-cuencas-hidrograficas\/#primaryimage","url":"https:\/\/prefecturadeesmeraldas.gob.ec\/wp-content\/uploads\/2021\/02\/BOLETIN-0162.jpg","contentUrl":"https:\/\/prefecturadeesmeraldas.gob.ec\/wp-content\/uploads\/2021\/02\/BOLETIN-0162.jpg","width":567,"height":563},{"@type":"BreadcrumbList","@id":"https:\/\/prefecturadeesmeraldas.gob.ec\/index.php\/2021\/02\/11\/prefectura-de-esmeraldas-junto-a-la-empresa-privada-protege-las-cuencas-hidrograficas\/#breadcrumb","itemListElement":[{"@type":"ListItem","position":1,"name":"Home","item":"https:\/\/prefecturadeesmeraldas.gob.ec\/"},{"@type":"ListItem","position":2,"name":"Prefectura de Esmeraldas junto a la empresa privada protege las cuencas hidrogr\u00e1ficas."}]},{"@type":"WebSite","@id":"https:\/\/prefecturadeesmeraldas.gob.ec\/#website","url":"https:\/\/prefecturadeesmeraldas.gob.ec\/","name":"Gobierno Aut\u00f3nomo Descentralizado de la Provincia de Esmeraldas","description":"Gobierno Aut\u00f3nomo Descentralizado de la Provincia de Esmeraldas","publisher":{"@id":"https:\/\/prefecturadeesmeraldas.gob.ec\/#organization"},"potentialAction":[{"@type":"SearchAction","target":{"@type":"EntryPoint","urlTemplate":"https:\/\/prefecturadeesmeraldas.gob.ec\/?s={search_term_string}"},"query-input":{"@type":"PropertyValueSpecification","valueRequired":true,"valueName":"search_term_string"}}],"inLanguage":"es"},{"@type":"Organization","@id":"https:\/\/prefecturadeesmeraldas.gob.ec\/#organization","name":"Gobierno Aut\u00f3nomo Descentralizado de la Provincia de Esmeraldas","url":"https:\/\/prefecturadeesmeraldas.gob.ec\/","logo":{"@type":"ImageObject","inLanguage":"es","@id":"https:\/\/prefecturadeesmeraldas.gob.ec\/#\/schema\/logo\/image\/","url":"https:\/\/prefecturadeesmeraldas.gob.ec\/wp-content\/uploads\/2019\/06\/logo.png","contentUrl":"https:\/\/prefecturadeesmeraldas.gob.ec\/wp-content\/uploads\/2019\/06\/logo.png","width":859,"height":448,"caption":"Gobierno Aut\u00f3nomo Descentralizado de la Provincia de Esmeraldas"},"image":{"@id":"https:\/\/prefecturadeesmeraldas.gob.ec\/#\/schema\/logo\/image\/"},"sameAs":["https:\/\/www.facebook.com\/PrefecturaEsmeraldas\/"]},{"@type":"Person","@id":"https:\/\/prefecturadeesmeraldas.gob.ec\/#\/schema\/person\/b0c9e7b1ead7725994d1e319e8825234","name":"Direcci\u00f3n de Comunicaci\u00f3n","image":{"@type":"ImageObject","inLanguage":"es","@id":"https:\/\/prefecturadeesmeraldas.gob.ec\/#\/schema\/person\/image\/","url":"https:\/\/secure.gravatar.com\/avatar\/74a3870a946f5d774ade3569af61a72308e07ad3346f370c4b468ee2a9858658?s=96&d=mm&r=g","contentUrl":"https:\/\/secure.gravatar.com\/avatar\/74a3870a946f5d774ade3569af61a72308e07ad3346f370c4b468ee2a9858658?s=96&d=mm&r=g","caption":"Direcci\u00f3n de Comunicaci\u00f3n"}}]}},"_links":{"self":[{"href":"https:\/\/prefecturadeesmeraldas.gob.ec\/index.php\/wp-json\/wp\/v2\/posts\/9446","targetHints":{"allow":["GET"]}}],"collection":[{"href":"https:\/\/prefecturadeesmeraldas.gob.ec\/index.php\/wp-json\/wp\/v2\/posts"}],"about":[{"href":"https:\/\/prefecturadeesmeraldas.gob.ec\/index.php\/wp-json\/wp\/v2\/types\/post"}],"author":[{"embeddable":true,"href":"https:\/\/prefecturadeesmeraldas.gob.ec\/index.php\/wp-json\/wp\/v2\/users\/2"}],"replies":[{"embeddable":true,"href":"https:\/\/prefecturadeesmeraldas.gob.ec\/index.php\/wp-json\/wp\/v2\/comments?post=9446"}],"version-history":[{"count":0,"href":"https:\/\/prefecturadeesmeraldas.gob.ec\/index.php\/wp-json\/wp\/v2\/posts\/9446\/revisions"}],"wp:featuredmedia":[{"embeddable":true,"href":"https:\/\/prefecturadeesmeraldas.gob.ec\/index.php\/wp-json\/wp\/v2\/media\/9432"}],"wp:attachment":[{"href":"https:\/\/prefecturadeesmeraldas.gob.ec\/index.php\/wp-json\/wp\/v2\/media?parent=9446"}],"wp:term":[{"taxonomy":"category","embeddable":true,"href":"https:\/\/prefecturadeesmeraldas.gob.ec\/index.php\/wp-json\/wp\/v2\/categories?post=9446"},{"taxonomy":"post_tag","embeddable":true,"href":"https:\/\/prefecturadeesmeraldas.gob.ec\/index.php\/wp-json\/wp\/v2\/tags?post=9446"}],"curies":[{"name":"wp","href":"https:\/\/api.w.org\/{rel}","templated":true}]}}