{"id":9134,"date":"2021-01-25T15:37:55","date_gmt":"2021-01-25T20:37:55","guid":{"rendered":"http:\/\/prefecturadeesmeraldas.gob.ec\/?p=9134"},"modified":"2021-01-25T15:38:29","modified_gmt":"2021-01-25T20:38:29","slug":"prefectura-de-esmeraldas-aporta-al-desarrollo-sostenible-de-la-provincia-verde","status":"publish","type":"post","link":"https:\/\/prefecturadeesmeraldas.gob.ec\/index.php\/2021\/01\/25\/prefectura-de-esmeraldas-aporta-al-desarrollo-sostenible-de-la-provincia-verde\/","title":{"rendered":"Prefectura de Esmeraldas aporta al desarrollo sostenible de la provincia verde."},"content":{"rendered":"\t\t<div data-elementor-type=\"wp-post\" data-elementor-id=\"9134\" class=\"elementor elementor-9134\">\n\t\t\t\t\t\t<section class=\"elementor-section elementor-top-section elementor-element elementor-element-7252998 elementor-section-boxed elementor-section-height-default elementor-section-height-default\" data-id=\"7252998\" data-element_type=\"section\">\n\t\t\t\t\t\t<div class=\"elementor-container elementor-column-gap-default\">\n\t\t\t\t\t<div class=\"elementor-column elementor-col-100 elementor-top-column elementor-element elementor-element-8736de2\" data-id=\"8736de2\" data-element_type=\"column\">\n\t\t\t<div class=\"elementor-widget-wrap elementor-element-populated\">\n\t\t\t\t\t\t<div class=\"elementor-element elementor-element-e10be82 elementor-widget elementor-widget-image\" data-id=\"e10be82\" data-element_type=\"widget\" data-widget_type=\"image.default\">\n\t\t\t\t<div class=\"elementor-widget-container\">\n\t\t\t\t\t\t\t\t\t\t\t\t\t\t\t<img fetchpriority=\"high\" decoding=\"async\" width=\"852\" height=\"852\" src=\"https:\/\/prefecturadeesmeraldas.gob.ec\/wp-content\/uploads\/2021\/01\/BOLETIN-0090.jpg\" class=\"attachment-large size-large wp-image-9129\" alt=\"\" srcset=\"https:\/\/prefecturadeesmeraldas.gob.ec\/wp-content\/uploads\/2021\/01\/BOLETIN-0090.jpg 852w, https:\/\/prefecturadeesmeraldas.gob.ec\/wp-content\/uploads\/2021\/01\/BOLETIN-0090-240x240.jpg 240w, https:\/\/prefecturadeesmeraldas.gob.ec\/wp-content\/uploads\/2021\/01\/BOLETIN-0090-150x150.jpg 150w, https:\/\/prefecturadeesmeraldas.gob.ec\/wp-content\/uploads\/2021\/01\/BOLETIN-0090-300x300.jpg 300w, https:\/\/prefecturadeesmeraldas.gob.ec\/wp-content\/uploads\/2021\/01\/BOLETIN-0090-768x768.jpg 768w\" sizes=\"(max-width: 852px) 100vw, 852px\" \/>\t\t\t\t\t\t\t\t\t\t\t\t\t\t\t<\/div>\n\t\t\t\t<\/div>\n\t\t\t\t\t<\/div>\n\t\t<\/div>\n\t\t\t\t\t<\/div>\n\t\t<\/section>\n\t\t\t\t<section class=\"elementor-section elementor-top-section elementor-element elementor-element-6a6b0e6 elementor-section-boxed elementor-section-height-default elementor-section-height-default\" data-id=\"6a6b0e6\" data-element_type=\"section\">\n\t\t\t\t\t\t<div class=\"elementor-container elementor-column-gap-default\">\n\t\t\t\t\t<div class=\"elementor-column elementor-col-100 elementor-top-column elementor-element elementor-element-02ac93b\" data-id=\"02ac93b\" data-element_type=\"column\">\n\t\t\t<div class=\"elementor-widget-wrap elementor-element-populated\">\n\t\t\t\t\t\t<div class=\"elementor-element elementor-element-d3d94f7 elementor-widget elementor-widget-text-editor\" data-id=\"d3d94f7\" data-element_type=\"widget\" data-widget_type=\"text-editor.default\">\n\t\t\t\t<div class=\"elementor-widget-container\">\n\t\t\t\t\t\t\t\t\t<p>El Bamb\u00fa es un recurso natural, renovable, sostenible, de r\u00e1pido crecimiento, con cualidades ambientales y est\u00e9ticas sobresalientes, que contribuyen con eficacia a las econom\u00edas rurales de los cantones de la provincia de Esmeraldas.<\/p><p><\/p><p>Enfocamos dos ejemplos donde se refleja el desarrollo sostenible y sus beneficiados agradecen el apoyo de la <strong>Prefectura de Esmeraldas<\/strong>, por el asosoramiento, capacitaciones cont\u00ednuas, permitir reactivar la econom\u00eda y fomentar el turismo a lo largo y ancho de Esmeraldas.<\/p><p><\/p><p>Ana Altamirano, junto a su esposo, desde hace 12 a\u00f1os tienen un emprendimiento familiar llamado \u201c<strong>Bambu-Art<\/strong>\u201d, situado en el recinto Guabal, de la parroquia Camarones. Coment\u00f3 que gracias al poyo constante en la administraci\u00f3n de la Prefecta Roberta Zambrano, se han fortalecido las capacidades, logrando un r\u00e1pido crecimiento y mayor productividad de su negocio. Adem\u00e1s, indic\u00f3 que ellos generan fuentes de empleo a personas de la comunidad.<\/p><p><\/p><p>Para Sof\u00eda Salazar, quien apoya desde ni\u00f1a a sus padres, el bamb\u00fa constituye el \u00fanico grupo de gram\u00edneas enteramente adaptada a los bosques, indicando que esta planta tiene un sin\u00famero de servicios ambientales que contribuye a la biodiversidad y sacar ventajas con el ecoturismo.<\/p><p><\/p><p>Adem\u00e1s, en la parroquia San Francisco, del cant\u00f3n Muisne, hace dos meses se inaugur\u00f3 un nuevo sal\u00f3n de usos m\u00faltiples construido en la playita de Bunche, contando con una moderna infraestructura amigable con el medio ambiente, pensando en la conservaci\u00f3n del manglar, gracias a la utilizaci\u00f3n del bamb\u00fa como elemento de construcci\u00f3n, para el beneficio de familias que son parte de Asoprobamb\u00fa.<\/p><p><\/p><p><\/p><p><\/p><p><\/p><p>Por tal motivo, gracias a las iniciativas de la Direcci\u00f3n de Cooperaci\u00f3n Internacional de la <strong>Prefectura de Esmeraldas<\/strong>, se apoya constantemente a emprendedores, asociaciones y comunidades que trabajan con el Bamb\u00fa para la reactivaci\u00f3n econ\u00f3mica y mitigaci\u00f3n del cambio clim\u00e1tico.<\/p>\t\t\t\t\t\t\t\t<\/div>\n\t\t\t\t<\/div>\n\t\t\t\t\t<\/div>\n\t\t<\/div>\n\t\t\t\t\t<\/div>\n\t\t<\/section>\n\t\t\t\t<\/div>\n\t\t","protected":false},"excerpt":{"rendered":"<p>El Bamb\u00fa es un recurso natural, renovable, sostenible, de r\u00e1pido crecimiento, con cualidades ambientales y est\u00e9ticas sobresalientes, que contribuyen con eficacia a las econom\u00edas rurales de los cantones de la provincia de Esmeraldas. Enfocamos dos ejemplos donde se refleja el desarrollo sostenible y sus beneficiados agradecen el apoyo de la Prefectura de Esmeraldas, por el [&hellip;]<\/p>\n","protected":false},"author":2,"featured_media":9129,"comment_status":"closed","ping_status":"open","sticky":false,"template":"","format":"standard","meta":{"footnotes":""},"categories":[24],"tags":[],"class_list":["post-9134","post","type-post","status-publish","format-standard","has-post-thumbnail","hentry","category-cooperacion-internacional"],"yoast_head":"<!-- This site is optimized with the Yoast SEO plugin v25.7 - https:\/\/yoast.com\/wordpress\/plugins\/seo\/ -->\n<title>Prefectura de Esmeraldas aporta al desarrollo sostenible de la provincia verde. - Gobierno Aut\u00f3nomo Descentralizado de la Provincia de Esmeraldas<\/title>\n<meta name=\"robots\" content=\"index, follow, max-snippet:-1, max-image-preview:large, max-video-preview:-1\" \/>\n<link rel=\"canonical\" href=\"https:\/\/prefecturadeesmeraldas.gob.ec\/index.php\/2021\/01\/25\/prefectura-de-esmeraldas-aporta-al-desarrollo-sostenible-de-la-provincia-verde\/\" \/>\n<meta property=\"og:locale\" content=\"es_ES\" \/>\n<meta property=\"og:type\" content=\"article\" \/>\n<meta property=\"og:title\" content=\"Prefectura de Esmeraldas aporta al desarrollo sostenible de la provincia verde. - Gobierno Aut\u00f3nomo Descentralizado de la Provincia de Esmeraldas\" \/>\n<meta property=\"og:description\" content=\"El Bamb\u00fa es un recurso natural, renovable, sostenible, de r\u00e1pido crecimiento, con cualidades ambientales y est\u00e9ticas sobresalientes, que contribuyen con eficacia a las econom\u00edas rurales de los cantones de la provincia de Esmeraldas. Enfocamos dos ejemplos donde se refleja el desarrollo sostenible y sus beneficiados agradecen el apoyo de la Prefectura de Esmeraldas, por el [&hellip;]\" \/>\n<meta property=\"og:url\" content=\"https:\/\/prefecturadeesmeraldas.gob.ec\/index.php\/2021\/01\/25\/prefectura-de-esmeraldas-aporta-al-desarrollo-sostenible-de-la-provincia-verde\/\" \/>\n<meta property=\"og:site_name\" content=\"Gobierno Aut\u00f3nomo Descentralizado de la Provincia de Esmeraldas\" \/>\n<meta property=\"article:publisher\" content=\"https:\/\/www.facebook.com\/PrefecturaEsmeraldas\/\" \/>\n<meta property=\"article:published_time\" content=\"2021-01-25T20:37:55+00:00\" \/>\n<meta property=\"article:modified_time\" content=\"2021-01-25T20:38:29+00:00\" \/>\n<meta property=\"og:image\" content=\"https:\/\/prefecturadeesmeraldas.gob.ec\/wp-content\/uploads\/2021\/01\/BOLETIN-0090.jpg\" \/>\n\t<meta property=\"og:image:width\" content=\"852\" \/>\n\t<meta property=\"og:image:height\" content=\"852\" \/>\n\t<meta property=\"og:image:type\" content=\"image\/jpeg\" \/>\n<meta name=\"author\" content=\"Direcci\u00f3n de Comunicaci\u00f3n\" \/>\n<meta name=\"twitter:card\" content=\"summary_large_image\" \/>\n<meta name=\"twitter:label1\" content=\"Escrito por\" \/>\n\t<meta name=\"twitter:data1\" content=\"Direcci\u00f3n de Comunicaci\u00f3n\" \/>\n\t<meta name=\"twitter:label2\" content=\"Tiempo de lectura\" \/>\n\t<meta name=\"twitter:data2\" content=\"2 minutos\" \/>\n<script type=\"application\/ld+json\" class=\"yoast-schema-graph\">{\"@context\":\"https:\/\/schema.org\",\"@graph\":[{\"@type\":\"Article\",\"@id\":\"https:\/\/prefecturadeesmeraldas.gob.ec\/index.php\/2021\/01\/25\/prefectura-de-esmeraldas-aporta-al-desarrollo-sostenible-de-la-provincia-verde\/#article\",\"isPartOf\":{\"@id\":\"https:\/\/prefecturadeesmeraldas.gob.ec\/index.php\/2021\/01\/25\/prefectura-de-esmeraldas-aporta-al-desarrollo-sostenible-de-la-provincia-verde\/\"},\"author\":{\"name\":\"Direcci\u00f3n de Comunicaci\u00f3n\",\"@id\":\"https:\/\/prefecturadeesmeraldas.gob.ec\/#\/schema\/person\/b0c9e7b1ead7725994d1e319e8825234\"},\"headline\":\"Prefectura de Esmeraldas aporta al desarrollo sostenible de la provincia verde.\",\"datePublished\":\"2021-01-25T20:37:55+00:00\",\"dateModified\":\"2021-01-25T20:38:29+00:00\",\"mainEntityOfPage\":{\"@id\":\"https:\/\/prefecturadeesmeraldas.gob.ec\/index.php\/2021\/01\/25\/prefectura-de-esmeraldas-aporta-al-desarrollo-sostenible-de-la-provincia-verde\/\"},\"wordCount\":322,\"publisher\":{\"@id\":\"https:\/\/prefecturadeesmeraldas.gob.ec\/#organization\"},\"image\":{\"@id\":\"https:\/\/prefecturadeesmeraldas.gob.ec\/index.php\/2021\/01\/25\/prefectura-de-esmeraldas-aporta-al-desarrollo-sostenible-de-la-provincia-verde\/#primaryimage\"},\"thumbnailUrl\":\"https:\/\/prefecturadeesmeraldas.gob.ec\/wp-content\/uploads\/2021\/01\/BOLETIN-0090.jpg\",\"articleSection\":[\"Cooperaci\u00f3n Internacional\"],\"inLanguage\":\"es\"},{\"@type\":\"WebPage\",\"@id\":\"https:\/\/prefecturadeesmeraldas.gob.ec\/index.php\/2021\/01\/25\/prefectura-de-esmeraldas-aporta-al-desarrollo-sostenible-de-la-provincia-verde\/\",\"url\":\"https:\/\/prefecturadeesmeraldas.gob.ec\/index.php\/2021\/01\/25\/prefectura-de-esmeraldas-aporta-al-desarrollo-sostenible-de-la-provincia-verde\/\",\"name\":\"Prefectura de Esmeraldas aporta al desarrollo sostenible de la provincia verde. - Gobierno Aut\u00f3nomo Descentralizado de la Provincia de Esmeraldas\",\"isPartOf\":{\"@id\":\"https:\/\/prefecturadeesmeraldas.gob.ec\/#website\"},\"primaryImageOfPage\":{\"@id\":\"https:\/\/prefecturadeesmeraldas.gob.ec\/index.php\/2021\/01\/25\/prefectura-de-esmeraldas-aporta-al-desarrollo-sostenible-de-la-provincia-verde\/#primaryimage\"},\"image\":{\"@id\":\"https:\/\/prefecturadeesmeraldas.gob.ec\/index.php\/2021\/01\/25\/prefectura-de-esmeraldas-aporta-al-desarrollo-sostenible-de-la-provincia-verde\/#primaryimage\"},\"thumbnailUrl\":\"https:\/\/prefecturadeesmeraldas.gob.ec\/wp-content\/uploads\/2021\/01\/BOLETIN-0090.jpg\",\"datePublished\":\"2021-01-25T20:37:55+00:00\",\"dateModified\":\"2021-01-25T20:38:29+00:00\",\"breadcrumb\":{\"@id\":\"https:\/\/prefecturadeesmeraldas.gob.ec\/index.php\/2021\/01\/25\/prefectura-de-esmeraldas-aporta-al-desarrollo-sostenible-de-la-provincia-verde\/#breadcrumb\"},\"inLanguage\":\"es\",\"potentialAction\":[{\"@type\":\"ReadAction\",\"target\":[\"https:\/\/prefecturadeesmeraldas.gob.ec\/index.php\/2021\/01\/25\/prefectura-de-esmeraldas-aporta-al-desarrollo-sostenible-de-la-provincia-verde\/\"]}]},{\"@type\":\"ImageObject\",\"inLanguage\":\"es\",\"@id\":\"https:\/\/prefecturadeesmeraldas.gob.ec\/index.php\/2021\/01\/25\/prefectura-de-esmeraldas-aporta-al-desarrollo-sostenible-de-la-provincia-verde\/#primaryimage\",\"url\":\"https:\/\/prefecturadeesmeraldas.gob.ec\/wp-content\/uploads\/2021\/01\/BOLETIN-0090.jpg\",\"contentUrl\":\"https:\/\/prefecturadeesmeraldas.gob.ec\/wp-content\/uploads\/2021\/01\/BOLETIN-0090.jpg\",\"width\":852,\"height\":852},{\"@type\":\"BreadcrumbList\",\"@id\":\"https:\/\/prefecturadeesmeraldas.gob.ec\/index.php\/2021\/01\/25\/prefectura-de-esmeraldas-aporta-al-desarrollo-sostenible-de-la-provincia-verde\/#breadcrumb\",\"itemListElement\":[{\"@type\":\"ListItem\",\"position\":1,\"name\":\"Home\",\"item\":\"https:\/\/prefecturadeesmeraldas.gob.ec\/\"},{\"@type\":\"ListItem\",\"position\":2,\"name\":\"Prefectura de Esmeraldas aporta al desarrollo sostenible de la provincia verde.\"}]},{\"@type\":\"WebSite\",\"@id\":\"https:\/\/prefecturadeesmeraldas.gob.ec\/#website\",\"url\":\"https:\/\/prefecturadeesmeraldas.gob.ec\/\",\"name\":\"Gobierno Aut\u00f3nomo Descentralizado de la Provincia de Esmeraldas\",\"description\":\"Gobierno Aut\u00f3nomo Descentralizado de la Provincia de Esmeraldas\",\"publisher\":{\"@id\":\"https:\/\/prefecturadeesmeraldas.gob.ec\/#organization\"},\"potentialAction\":[{\"@type\":\"SearchAction\",\"target\":{\"@type\":\"EntryPoint\",\"urlTemplate\":\"https:\/\/prefecturadeesmeraldas.gob.ec\/?s={search_term_string}\"},\"query-input\":{\"@type\":\"PropertyValueSpecification\",\"valueRequired\":true,\"valueName\":\"search_term_string\"}}],\"inLanguage\":\"es\"},{\"@type\":\"Organization\",\"@id\":\"https:\/\/prefecturadeesmeraldas.gob.ec\/#organization\",\"name\":\"Gobierno Aut\u00f3nomo Descentralizado de la Provincia de Esmeraldas\",\"url\":\"https:\/\/prefecturadeesmeraldas.gob.ec\/\",\"logo\":{\"@type\":\"ImageObject\",\"inLanguage\":\"es\",\"@id\":\"https:\/\/prefecturadeesmeraldas.gob.ec\/#\/schema\/logo\/image\/\",\"url\":\"https:\/\/prefecturadeesmeraldas.gob.ec\/wp-content\/uploads\/2019\/06\/logo.png\",\"contentUrl\":\"https:\/\/prefecturadeesmeraldas.gob.ec\/wp-content\/uploads\/2019\/06\/logo.png\",\"width\":859,\"height\":448,\"caption\":\"Gobierno Aut\u00f3nomo Descentralizado de la Provincia de Esmeraldas\"},\"image\":{\"@id\":\"https:\/\/prefecturadeesmeraldas.gob.ec\/#\/schema\/logo\/image\/\"},\"sameAs\":[\"https:\/\/www.facebook.com\/PrefecturaEsmeraldas\/\"]},{\"@type\":\"Person\",\"@id\":\"https:\/\/prefecturadeesmeraldas.gob.ec\/#\/schema\/person\/b0c9e7b1ead7725994d1e319e8825234\",\"name\":\"Direcci\u00f3n de Comunicaci\u00f3n\",\"image\":{\"@type\":\"ImageObject\",\"inLanguage\":\"es\",\"@id\":\"https:\/\/prefecturadeesmeraldas.gob.ec\/#\/schema\/person\/image\/\",\"url\":\"https:\/\/secure.gravatar.com\/avatar\/74a3870a946f5d774ade3569af61a72308e07ad3346f370c4b468ee2a9858658?s=96&d=mm&r=g\",\"contentUrl\":\"https:\/\/secure.gravatar.com\/avatar\/74a3870a946f5d774ade3569af61a72308e07ad3346f370c4b468ee2a9858658?s=96&d=mm&r=g\",\"caption\":\"Direcci\u00f3n de Comunicaci\u00f3n\"}}]}<\/script>\n<!-- \/ Yoast SEO plugin. -->","yoast_head_json":{"title":"Prefectura de Esmeraldas aporta al desarrollo sostenible de la provincia verde. - Gobierno Aut\u00f3nomo Descentralizado de la Provincia de Esmeraldas","robots":{"index":"index","follow":"follow","max-snippet":"max-snippet:-1","max-image-preview":"max-image-preview:large","max-video-preview":"max-video-preview:-1"},"canonical":"https:\/\/prefecturadeesmeraldas.gob.ec\/index.php\/2021\/01\/25\/prefectura-de-esmeraldas-aporta-al-desarrollo-sostenible-de-la-provincia-verde\/","og_locale":"es_ES","og_type":"article","og_title":"Prefectura de Esmeraldas aporta al desarrollo sostenible de la provincia verde. - Gobierno Aut\u00f3nomo Descentralizado de la Provincia de Esmeraldas","og_description":"El Bamb\u00fa es un recurso natural, renovable, sostenible, de r\u00e1pido crecimiento, con cualidades ambientales y est\u00e9ticas sobresalientes, que contribuyen con eficacia a las econom\u00edas rurales de los cantones de la provincia de Esmeraldas. Enfocamos dos ejemplos donde se refleja el desarrollo sostenible y sus beneficiados agradecen el apoyo de la Prefectura de Esmeraldas, por el [&hellip;]","og_url":"https:\/\/prefecturadeesmeraldas.gob.ec\/index.php\/2021\/01\/25\/prefectura-de-esmeraldas-aporta-al-desarrollo-sostenible-de-la-provincia-verde\/","og_site_name":"Gobierno Aut\u00f3nomo Descentralizado de la Provincia de Esmeraldas","article_publisher":"https:\/\/www.facebook.com\/PrefecturaEsmeraldas\/","article_published_time":"2021-01-25T20:37:55+00:00","article_modified_time":"2021-01-25T20:38:29+00:00","og_image":[{"width":852,"height":852,"url":"https:\/\/prefecturadeesmeraldas.gob.ec\/wp-content\/uploads\/2021\/01\/BOLETIN-0090.jpg","type":"image\/jpeg"}],"author":"Direcci\u00f3n de Comunicaci\u00f3n","twitter_card":"summary_large_image","twitter_misc":{"Escrito por":"Direcci\u00f3n de Comunicaci\u00f3n","Tiempo de lectura":"2 minutos"},"schema":{"@context":"https:\/\/schema.org","@graph":[{"@type":"Article","@id":"https:\/\/prefecturadeesmeraldas.gob.ec\/index.php\/2021\/01\/25\/prefectura-de-esmeraldas-aporta-al-desarrollo-sostenible-de-la-provincia-verde\/#article","isPartOf":{"@id":"https:\/\/prefecturadeesmeraldas.gob.ec\/index.php\/2021\/01\/25\/prefectura-de-esmeraldas-aporta-al-desarrollo-sostenible-de-la-provincia-verde\/"},"author":{"name":"Direcci\u00f3n de Comunicaci\u00f3n","@id":"https:\/\/prefecturadeesmeraldas.gob.ec\/#\/schema\/person\/b0c9e7b1ead7725994d1e319e8825234"},"headline":"Prefectura de Esmeraldas aporta al desarrollo sostenible de la provincia verde.","datePublished":"2021-01-25T20:37:55+00:00","dateModified":"2021-01-25T20:38:29+00:00","mainEntityOfPage":{"@id":"https:\/\/prefecturadeesmeraldas.gob.ec\/index.php\/2021\/01\/25\/prefectura-de-esmeraldas-aporta-al-desarrollo-sostenible-de-la-provincia-verde\/"},"wordCount":322,"publisher":{"@id":"https:\/\/prefecturadeesmeraldas.gob.ec\/#organization"},"image":{"@id":"https:\/\/prefecturadeesmeraldas.gob.ec\/index.php\/2021\/01\/25\/prefectura-de-esmeraldas-aporta-al-desarrollo-sostenible-de-la-provincia-verde\/#primaryimage"},"thumbnailUrl":"https:\/\/prefecturadeesmeraldas.gob.ec\/wp-content\/uploads\/2021\/01\/BOLETIN-0090.jpg","articleSection":["Cooperaci\u00f3n Internacional"],"inLanguage":"es"},{"@type":"WebPage","@id":"https:\/\/prefecturadeesmeraldas.gob.ec\/index.php\/2021\/01\/25\/prefectura-de-esmeraldas-aporta-al-desarrollo-sostenible-de-la-provincia-verde\/","url":"https:\/\/prefecturadeesmeraldas.gob.ec\/index.php\/2021\/01\/25\/prefectura-de-esmeraldas-aporta-al-desarrollo-sostenible-de-la-provincia-verde\/","name":"Prefectura de Esmeraldas aporta al desarrollo sostenible de la provincia verde. - Gobierno Aut\u00f3nomo Descentralizado de la Provincia de Esmeraldas","isPartOf":{"@id":"https:\/\/prefecturadeesmeraldas.gob.ec\/#website"},"primaryImageOfPage":{"@id":"https:\/\/prefecturadeesmeraldas.gob.ec\/index.php\/2021\/01\/25\/prefectura-de-esmeraldas-aporta-al-desarrollo-sostenible-de-la-provincia-verde\/#primaryimage"},"image":{"@id":"https:\/\/prefecturadeesmeraldas.gob.ec\/index.php\/2021\/01\/25\/prefectura-de-esmeraldas-aporta-al-desarrollo-sostenible-de-la-provincia-verde\/#primaryimage"},"thumbnailUrl":"https:\/\/prefecturadeesmeraldas.gob.ec\/wp-content\/uploads\/2021\/01\/BOLETIN-0090.jpg","datePublished":"2021-01-25T20:37:55+00:00","dateModified":"2021-01-25T20:38:29+00:00","breadcrumb":{"@id":"https:\/\/prefecturadeesmeraldas.gob.ec\/index.php\/2021\/01\/25\/prefectura-de-esmeraldas-aporta-al-desarrollo-sostenible-de-la-provincia-verde\/#breadcrumb"},"inLanguage":"es","potentialAction":[{"@type":"ReadAction","target":["https:\/\/prefecturadeesmeraldas.gob.ec\/index.php\/2021\/01\/25\/prefectura-de-esmeraldas-aporta-al-desarrollo-sostenible-de-la-provincia-verde\/"]}]},{"@type":"ImageObject","inLanguage":"es","@id":"https:\/\/prefecturadeesmeraldas.gob.ec\/index.php\/2021\/01\/25\/prefectura-de-esmeraldas-aporta-al-desarrollo-sostenible-de-la-provincia-verde\/#primaryimage","url":"https:\/\/prefecturadeesmeraldas.gob.ec\/wp-content\/uploads\/2021\/01\/BOLETIN-0090.jpg","contentUrl":"https:\/\/prefecturadeesmeraldas.gob.ec\/wp-content\/uploads\/2021\/01\/BOLETIN-0090.jpg","width":852,"height":852},{"@type":"BreadcrumbList","@id":"https:\/\/prefecturadeesmeraldas.gob.ec\/index.php\/2021\/01\/25\/prefectura-de-esmeraldas-aporta-al-desarrollo-sostenible-de-la-provincia-verde\/#breadcrumb","itemListElement":[{"@type":"ListItem","position":1,"name":"Home","item":"https:\/\/prefecturadeesmeraldas.gob.ec\/"},{"@type":"ListItem","position":2,"name":"Prefectura de Esmeraldas aporta al desarrollo sostenible de la provincia verde."}]},{"@type":"WebSite","@id":"https:\/\/prefecturadeesmeraldas.gob.ec\/#website","url":"https:\/\/prefecturadeesmeraldas.gob.ec\/","name":"Gobierno Aut\u00f3nomo Descentralizado de la Provincia de Esmeraldas","description":"Gobierno Aut\u00f3nomo Descentralizado de la Provincia de Esmeraldas","publisher":{"@id":"https:\/\/prefecturadeesmeraldas.gob.ec\/#organization"},"potentialAction":[{"@type":"SearchAction","target":{"@type":"EntryPoint","urlTemplate":"https:\/\/prefecturadeesmeraldas.gob.ec\/?s={search_term_string}"},"query-input":{"@type":"PropertyValueSpecification","valueRequired":true,"valueName":"search_term_string"}}],"inLanguage":"es"},{"@type":"Organization","@id":"https:\/\/prefecturadeesmeraldas.gob.ec\/#organization","name":"Gobierno Aut\u00f3nomo Descentralizado de la Provincia de Esmeraldas","url":"https:\/\/prefecturadeesmeraldas.gob.ec\/","logo":{"@type":"ImageObject","inLanguage":"es","@id":"https:\/\/prefecturadeesmeraldas.gob.ec\/#\/schema\/logo\/image\/","url":"https:\/\/prefecturadeesmeraldas.gob.ec\/wp-content\/uploads\/2019\/06\/logo.png","contentUrl":"https:\/\/prefecturadeesmeraldas.gob.ec\/wp-content\/uploads\/2019\/06\/logo.png","width":859,"height":448,"caption":"Gobierno Aut\u00f3nomo Descentralizado de la Provincia de Esmeraldas"},"image":{"@id":"https:\/\/prefecturadeesmeraldas.gob.ec\/#\/schema\/logo\/image\/"},"sameAs":["https:\/\/www.facebook.com\/PrefecturaEsmeraldas\/"]},{"@type":"Person","@id":"https:\/\/prefecturadeesmeraldas.gob.ec\/#\/schema\/person\/b0c9e7b1ead7725994d1e319e8825234","name":"Direcci\u00f3n de Comunicaci\u00f3n","image":{"@type":"ImageObject","inLanguage":"es","@id":"https:\/\/prefecturadeesmeraldas.gob.ec\/#\/schema\/person\/image\/","url":"https:\/\/secure.gravatar.com\/avatar\/74a3870a946f5d774ade3569af61a72308e07ad3346f370c4b468ee2a9858658?s=96&d=mm&r=g","contentUrl":"https:\/\/secure.gravatar.com\/avatar\/74a3870a946f5d774ade3569af61a72308e07ad3346f370c4b468ee2a9858658?s=96&d=mm&r=g","caption":"Direcci\u00f3n de Comunicaci\u00f3n"}}]}},"_links":{"self":[{"href":"https:\/\/prefecturadeesmeraldas.gob.ec\/index.php\/wp-json\/wp\/v2\/posts\/9134","targetHints":{"allow":["GET"]}}],"collection":[{"href":"https:\/\/prefecturadeesmeraldas.gob.ec\/index.php\/wp-json\/wp\/v2\/posts"}],"about":[{"href":"https:\/\/prefecturadeesmeraldas.gob.ec\/index.php\/wp-json\/wp\/v2\/types\/post"}],"author":[{"embeddable":true,"href":"https:\/\/prefecturadeesmeraldas.gob.ec\/index.php\/wp-json\/wp\/v2\/users\/2"}],"replies":[{"embeddable":true,"href":"https:\/\/prefecturadeesmeraldas.gob.ec\/index.php\/wp-json\/wp\/v2\/comments?post=9134"}],"version-history":[{"count":0,"href":"https:\/\/prefecturadeesmeraldas.gob.ec\/index.php\/wp-json\/wp\/v2\/posts\/9134\/revisions"}],"wp:featuredmedia":[{"embeddable":true,"href":"https:\/\/prefecturadeesmeraldas.gob.ec\/index.php\/wp-json\/wp\/v2\/media\/9129"}],"wp:attachment":[{"href":"https:\/\/prefecturadeesmeraldas.gob.ec\/index.php\/wp-json\/wp\/v2\/media?parent=9134"}],"wp:term":[{"taxonomy":"category","embeddable":true,"href":"https:\/\/prefecturadeesmeraldas.gob.ec\/index.php\/wp-json\/wp\/v2\/categories?post=9134"},{"taxonomy":"post_tag","embeddable":true,"href":"https:\/\/prefecturadeesmeraldas.gob.ec\/index.php\/wp-json\/wp\/v2\/tags?post=9134"}],"curies":[{"name":"wp","href":"https:\/\/api.w.org\/{rel}","templated":true}]}}