{"id":8990,"date":"2021-01-18T11:40:12","date_gmt":"2021-01-18T16:40:12","guid":{"rendered":"http:\/\/prefecturadeesmeraldas.gob.ec\/?p=8990"},"modified":"2021-01-18T11:41:09","modified_gmt":"2021-01-18T16:41:09","slug":"programa-de-mejoramiento-genetico-brinda-beneficios-a-la-finca-la-fortuna","status":"publish","type":"post","link":"https:\/\/prefecturadeesmeraldas.gob.ec\/index.php\/2021\/01\/18\/programa-de-mejoramiento-genetico-brinda-beneficios-a-la-finca-la-fortuna\/","title":{"rendered":"Programa de mejoramiento gen\u00e9tico brinda beneficios a la finca La Fortuna."},"content":{"rendered":"\t\t<div data-elementor-type=\"wp-post\" data-elementor-id=\"8990\" class=\"elementor elementor-8990\">\n\t\t\t\t\t\t<section class=\"elementor-section elementor-top-section elementor-element elementor-element-80e75b2 elementor-section-boxed elementor-section-height-default elementor-section-height-default\" data-id=\"80e75b2\" data-element_type=\"section\">\n\t\t\t\t\t\t<div class=\"elementor-container elementor-column-gap-default\">\n\t\t\t\t\t<div class=\"elementor-column elementor-col-100 elementor-top-column elementor-element elementor-element-37d4929\" data-id=\"37d4929\" data-element_type=\"column\">\n\t\t\t<div class=\"elementor-widget-wrap elementor-element-populated\">\n\t\t\t\t\t\t<div class=\"elementor-element elementor-element-18bc195 elementor-widget elementor-widget-image\" data-id=\"18bc195\" data-element_type=\"widget\" data-widget_type=\"image.default\">\n\t\t\t\t<div class=\"elementor-widget-container\">\n\t\t\t\t\t\t\t\t\t\t\t\t\t\t\t<img fetchpriority=\"high\" decoding=\"async\" width=\"959\" height=\"960\" src=\"https:\/\/prefecturadeesmeraldas.gob.ec\/wp-content\/uploads\/2021\/01\/BOLETIN-0057.jpg\" class=\"attachment-large size-large wp-image-8946\" alt=\"\" srcset=\"https:\/\/prefecturadeesmeraldas.gob.ec\/wp-content\/uploads\/2021\/01\/BOLETIN-0057.jpg 959w, https:\/\/prefecturadeesmeraldas.gob.ec\/wp-content\/uploads\/2021\/01\/BOLETIN-0057-240x240.jpg 240w, https:\/\/prefecturadeesmeraldas.gob.ec\/wp-content\/uploads\/2021\/01\/BOLETIN-0057-150x150.jpg 150w, https:\/\/prefecturadeesmeraldas.gob.ec\/wp-content\/uploads\/2021\/01\/BOLETIN-0057-300x300.jpg 300w, https:\/\/prefecturadeesmeraldas.gob.ec\/wp-content\/uploads\/2021\/01\/BOLETIN-0057-768x769.jpg 768w\" sizes=\"(max-width: 959px) 100vw, 959px\" \/>\t\t\t\t\t\t\t\t\t\t\t\t\t\t\t<\/div>\n\t\t\t\t<\/div>\n\t\t\t\t\t<\/div>\n\t\t<\/div>\n\t\t\t\t\t<\/div>\n\t\t<\/section>\n\t\t\t\t<section class=\"elementor-section elementor-top-section elementor-element elementor-element-93d379b elementor-section-boxed elementor-section-height-default elementor-section-height-default\" data-id=\"93d379b\" data-element_type=\"section\">\n\t\t\t\t\t\t<div class=\"elementor-container elementor-column-gap-default\">\n\t\t\t\t\t<div class=\"elementor-column elementor-col-100 elementor-top-column elementor-element elementor-element-e6b4bc3\" data-id=\"e6b4bc3\" data-element_type=\"column\">\n\t\t\t<div class=\"elementor-widget-wrap elementor-element-populated\">\n\t\t\t\t\t\t<div class=\"elementor-element elementor-element-b551f1c elementor-widget elementor-widget-text-editor\" data-id=\"b551f1c\" data-element_type=\"widget\" data-widget_type=\"text-editor.default\">\n\t\t\t\t<div class=\"elementor-widget-container\">\n\t\t\t\t\t\t\t\t\t<p>Jonny Intriago, es un peque\u00f1o productor de ra\u00edces manabas, nacido y criado en la parroquia Chontaduro, del cant\u00f3n Rioverde. Desde muy peque\u00f1o aprendi\u00f3 a convivir y adaptarse con los animales y la naturaleza.<\/p><p>A sus 61 a\u00f1os, tiene muy clara la idea que en el campo es donde se cultivan frutas, verduras, un sinn\u00famero de hortalizas y es donde se produce carne y leche, que es comercializada y consumida en toda la provincia.<\/p><p>Jhonny, se dedica a la agricultura y cr\u00eda de ganado, desde hace m\u00e1s de 30 a\u00f1os es propietario de la finca \u201cLa Fortuna\u201d, que gracias a la dedicaci\u00f3n y mucho esfuerzo en esta labor le ha permitido sustentar econ\u00f3micamente su hogar.<\/p><p>Luego de muchos intentos fallidos para recibir apoyo por parte de autoridades de turno en periodos pasados, lleg\u00f3 el a\u00f1o 2019 cuando una mujer aguerrida y luchadora llamada Roberta Zambrano, fue posesionada como Prefecta de Esmeraldas, y desde all\u00ed hasta la actualidad no ha parado en trabajar incansablemente por las comunidades rurales, por el bienestar de los agricultores y de los peque\u00f1os productores de la provincia.<\/p><p>Por tal raz\u00f3n, fue invitado a que sea parte de la II Escuela de Campo, para el beneficio de productores en los cantones Esmeraldas y Rioverde. Fue all\u00ed donde aprendi\u00f3 por parte de profesionales en la materia, los conocimientos sobre t\u00e9cnicas actualizadas de producci\u00f3n y recibi\u00f3 cercas el\u00e9ctricas, herramientas e insumos para mejorar el rendimiento de su finca.<\/p><p>\u00c9l, est\u00e1 muy contento porque acaba de recibir la visita de los t\u00e9cnicos de la Direcci\u00f3n de Fomento Productivo, los cuales realizaron la segunda parte de inseminaci\u00f3n artificial en su ganado, lo que permitir\u00e1 mejorar la raza de sus animales y obtener mayor producci\u00f3n de leche en un futuro no tan lejano.<\/p>\t\t\t\t\t\t\t\t<\/div>\n\t\t\t\t<\/div>\n\t\t\t\t\t<\/div>\n\t\t<\/div>\n\t\t\t\t\t<\/div>\n\t\t<\/section>\n\t\t\t\t<\/div>\n\t\t","protected":false},"excerpt":{"rendered":"<p>Jonny Intriago, es un peque\u00f1o productor de ra\u00edces manabas, nacido y criado en la parroquia Chontaduro, del cant\u00f3n Rioverde. Desde muy peque\u00f1o aprendi\u00f3 a convivir y adaptarse con los animales y la naturaleza. A sus 61 a\u00f1os, tiene muy clara la idea que en el campo es donde se cultivan frutas, verduras, un sinn\u00famero de [&hellip;]<\/p>\n","protected":false},"author":2,"featured_media":8946,"comment_status":"closed","ping_status":"open","sticky":false,"template":"","format":"standard","meta":{"footnotes":""},"categories":[12],"tags":[],"class_list":["post-8990","post","type-post","status-publish","format-standard","has-post-thumbnail","hentry","category-fomento_productivo_2019"],"yoast_head":"<!-- This site is optimized with the Yoast SEO plugin v25.7 - https:\/\/yoast.com\/wordpress\/plugins\/seo\/ -->\n<title>Programa de mejoramiento gen\u00e9tico brinda beneficios a la finca La Fortuna. - Gobierno Aut\u00f3nomo Descentralizado de la Provincia de Esmeraldas<\/title>\n<meta name=\"robots\" content=\"index, follow, max-snippet:-1, max-image-preview:large, max-video-preview:-1\" \/>\n<link rel=\"canonical\" href=\"https:\/\/prefecturadeesmeraldas.gob.ec\/index.php\/2021\/01\/18\/programa-de-mejoramiento-genetico-brinda-beneficios-a-la-finca-la-fortuna\/\" \/>\n<meta property=\"og:locale\" content=\"es_ES\" \/>\n<meta property=\"og:type\" content=\"article\" \/>\n<meta property=\"og:title\" content=\"Programa de mejoramiento gen\u00e9tico brinda beneficios a la finca La Fortuna. - Gobierno Aut\u00f3nomo Descentralizado de la Provincia de Esmeraldas\" \/>\n<meta property=\"og:description\" content=\"Jonny Intriago, es un peque\u00f1o productor de ra\u00edces manabas, nacido y criado en la parroquia Chontaduro, del cant\u00f3n Rioverde. Desde muy peque\u00f1o aprendi\u00f3 a convivir y adaptarse con los animales y la naturaleza. A sus 61 a\u00f1os, tiene muy clara la idea que en el campo es donde se cultivan frutas, verduras, un sinn\u00famero de [&hellip;]\" \/>\n<meta property=\"og:url\" content=\"https:\/\/prefecturadeesmeraldas.gob.ec\/index.php\/2021\/01\/18\/programa-de-mejoramiento-genetico-brinda-beneficios-a-la-finca-la-fortuna\/\" \/>\n<meta property=\"og:site_name\" content=\"Gobierno Aut\u00f3nomo Descentralizado de la Provincia de Esmeraldas\" \/>\n<meta property=\"article:publisher\" content=\"https:\/\/www.facebook.com\/PrefecturaEsmeraldas\/\" \/>\n<meta property=\"article:published_time\" content=\"2021-01-18T16:40:12+00:00\" \/>\n<meta property=\"article:modified_time\" content=\"2021-01-18T16:41:09+00:00\" \/>\n<meta property=\"og:image\" content=\"https:\/\/prefecturadeesmeraldas.gob.ec\/wp-content\/uploads\/2021\/01\/BOLETIN-0057.jpg\" \/>\n\t<meta property=\"og:image:width\" content=\"959\" \/>\n\t<meta property=\"og:image:height\" content=\"960\" \/>\n\t<meta property=\"og:image:type\" content=\"image\/jpeg\" \/>\n<meta name=\"author\" content=\"Direcci\u00f3n de Comunicaci\u00f3n\" \/>\n<meta name=\"twitter:card\" content=\"summary_large_image\" \/>\n<meta name=\"twitter:label1\" content=\"Escrito por\" \/>\n\t<meta name=\"twitter:data1\" content=\"Direcci\u00f3n de Comunicaci\u00f3n\" \/>\n\t<meta name=\"twitter:label2\" content=\"Tiempo de lectura\" \/>\n\t<meta name=\"twitter:data2\" content=\"2 minutos\" \/>\n<script type=\"application\/ld+json\" class=\"yoast-schema-graph\">{\"@context\":\"https:\/\/schema.org\",\"@graph\":[{\"@type\":\"Article\",\"@id\":\"https:\/\/prefecturadeesmeraldas.gob.ec\/index.php\/2021\/01\/18\/programa-de-mejoramiento-genetico-brinda-beneficios-a-la-finca-la-fortuna\/#article\",\"isPartOf\":{\"@id\":\"https:\/\/prefecturadeesmeraldas.gob.ec\/index.php\/2021\/01\/18\/programa-de-mejoramiento-genetico-brinda-beneficios-a-la-finca-la-fortuna\/\"},\"author\":{\"name\":\"Direcci\u00f3n de Comunicaci\u00f3n\",\"@id\":\"https:\/\/prefecturadeesmeraldas.gob.ec\/#\/schema\/person\/b0c9e7b1ead7725994d1e319e8825234\"},\"headline\":\"Programa de mejoramiento gen\u00e9tico brinda beneficios a la finca La Fortuna.\",\"datePublished\":\"2021-01-18T16:40:12+00:00\",\"dateModified\":\"2021-01-18T16:41:09+00:00\",\"mainEntityOfPage\":{\"@id\":\"https:\/\/prefecturadeesmeraldas.gob.ec\/index.php\/2021\/01\/18\/programa-de-mejoramiento-genetico-brinda-beneficios-a-la-finca-la-fortuna\/\"},\"wordCount\":320,\"publisher\":{\"@id\":\"https:\/\/prefecturadeesmeraldas.gob.ec\/#organization\"},\"image\":{\"@id\":\"https:\/\/prefecturadeesmeraldas.gob.ec\/index.php\/2021\/01\/18\/programa-de-mejoramiento-genetico-brinda-beneficios-a-la-finca-la-fortuna\/#primaryimage\"},\"thumbnailUrl\":\"https:\/\/prefecturadeesmeraldas.gob.ec\/wp-content\/uploads\/2021\/01\/BOLETIN-0057.jpg\",\"articleSection\":[\"Fomento Productivo\"],\"inLanguage\":\"es\"},{\"@type\":\"WebPage\",\"@id\":\"https:\/\/prefecturadeesmeraldas.gob.ec\/index.php\/2021\/01\/18\/programa-de-mejoramiento-genetico-brinda-beneficios-a-la-finca-la-fortuna\/\",\"url\":\"https:\/\/prefecturadeesmeraldas.gob.ec\/index.php\/2021\/01\/18\/programa-de-mejoramiento-genetico-brinda-beneficios-a-la-finca-la-fortuna\/\",\"name\":\"Programa de mejoramiento gen\u00e9tico brinda beneficios a la finca La Fortuna. - Gobierno Aut\u00f3nomo Descentralizado de la Provincia de Esmeraldas\",\"isPartOf\":{\"@id\":\"https:\/\/prefecturadeesmeraldas.gob.ec\/#website\"},\"primaryImageOfPage\":{\"@id\":\"https:\/\/prefecturadeesmeraldas.gob.ec\/index.php\/2021\/01\/18\/programa-de-mejoramiento-genetico-brinda-beneficios-a-la-finca-la-fortuna\/#primaryimage\"},\"image\":{\"@id\":\"https:\/\/prefecturadeesmeraldas.gob.ec\/index.php\/2021\/01\/18\/programa-de-mejoramiento-genetico-brinda-beneficios-a-la-finca-la-fortuna\/#primaryimage\"},\"thumbnailUrl\":\"https:\/\/prefecturadeesmeraldas.gob.ec\/wp-content\/uploads\/2021\/01\/BOLETIN-0057.jpg\",\"datePublished\":\"2021-01-18T16:40:12+00:00\",\"dateModified\":\"2021-01-18T16:41:09+00:00\",\"breadcrumb\":{\"@id\":\"https:\/\/prefecturadeesmeraldas.gob.ec\/index.php\/2021\/01\/18\/programa-de-mejoramiento-genetico-brinda-beneficios-a-la-finca-la-fortuna\/#breadcrumb\"},\"inLanguage\":\"es\",\"potentialAction\":[{\"@type\":\"ReadAction\",\"target\":[\"https:\/\/prefecturadeesmeraldas.gob.ec\/index.php\/2021\/01\/18\/programa-de-mejoramiento-genetico-brinda-beneficios-a-la-finca-la-fortuna\/\"]}]},{\"@type\":\"ImageObject\",\"inLanguage\":\"es\",\"@id\":\"https:\/\/prefecturadeesmeraldas.gob.ec\/index.php\/2021\/01\/18\/programa-de-mejoramiento-genetico-brinda-beneficios-a-la-finca-la-fortuna\/#primaryimage\",\"url\":\"https:\/\/prefecturadeesmeraldas.gob.ec\/wp-content\/uploads\/2021\/01\/BOLETIN-0057.jpg\",\"contentUrl\":\"https:\/\/prefecturadeesmeraldas.gob.ec\/wp-content\/uploads\/2021\/01\/BOLETIN-0057.jpg\",\"width\":959,\"height\":960},{\"@type\":\"BreadcrumbList\",\"@id\":\"https:\/\/prefecturadeesmeraldas.gob.ec\/index.php\/2021\/01\/18\/programa-de-mejoramiento-genetico-brinda-beneficios-a-la-finca-la-fortuna\/#breadcrumb\",\"itemListElement\":[{\"@type\":\"ListItem\",\"position\":1,\"name\":\"Home\",\"item\":\"https:\/\/prefecturadeesmeraldas.gob.ec\/\"},{\"@type\":\"ListItem\",\"position\":2,\"name\":\"Programa de mejoramiento gen\u00e9tico brinda beneficios a la finca La Fortuna.\"}]},{\"@type\":\"WebSite\",\"@id\":\"https:\/\/prefecturadeesmeraldas.gob.ec\/#website\",\"url\":\"https:\/\/prefecturadeesmeraldas.gob.ec\/\",\"name\":\"Gobierno Aut\u00f3nomo Descentralizado de la Provincia de Esmeraldas\",\"description\":\"Gobierno Aut\u00f3nomo Descentralizado de la Provincia de Esmeraldas\",\"publisher\":{\"@id\":\"https:\/\/prefecturadeesmeraldas.gob.ec\/#organization\"},\"potentialAction\":[{\"@type\":\"SearchAction\",\"target\":{\"@type\":\"EntryPoint\",\"urlTemplate\":\"https:\/\/prefecturadeesmeraldas.gob.ec\/?s={search_term_string}\"},\"query-input\":{\"@type\":\"PropertyValueSpecification\",\"valueRequired\":true,\"valueName\":\"search_term_string\"}}],\"inLanguage\":\"es\"},{\"@type\":\"Organization\",\"@id\":\"https:\/\/prefecturadeesmeraldas.gob.ec\/#organization\",\"name\":\"Gobierno Aut\u00f3nomo Descentralizado de la Provincia de Esmeraldas\",\"url\":\"https:\/\/prefecturadeesmeraldas.gob.ec\/\",\"logo\":{\"@type\":\"ImageObject\",\"inLanguage\":\"es\",\"@id\":\"https:\/\/prefecturadeesmeraldas.gob.ec\/#\/schema\/logo\/image\/\",\"url\":\"https:\/\/prefecturadeesmeraldas.gob.ec\/wp-content\/uploads\/2019\/06\/logo.png\",\"contentUrl\":\"https:\/\/prefecturadeesmeraldas.gob.ec\/wp-content\/uploads\/2019\/06\/logo.png\",\"width\":859,\"height\":448,\"caption\":\"Gobierno Aut\u00f3nomo Descentralizado de la Provincia de Esmeraldas\"},\"image\":{\"@id\":\"https:\/\/prefecturadeesmeraldas.gob.ec\/#\/schema\/logo\/image\/\"},\"sameAs\":[\"https:\/\/www.facebook.com\/PrefecturaEsmeraldas\/\"]},{\"@type\":\"Person\",\"@id\":\"https:\/\/prefecturadeesmeraldas.gob.ec\/#\/schema\/person\/b0c9e7b1ead7725994d1e319e8825234\",\"name\":\"Direcci\u00f3n de Comunicaci\u00f3n\",\"image\":{\"@type\":\"ImageObject\",\"inLanguage\":\"es\",\"@id\":\"https:\/\/prefecturadeesmeraldas.gob.ec\/#\/schema\/person\/image\/\",\"url\":\"https:\/\/secure.gravatar.com\/avatar\/74a3870a946f5d774ade3569af61a72308e07ad3346f370c4b468ee2a9858658?s=96&d=mm&r=g\",\"contentUrl\":\"https:\/\/secure.gravatar.com\/avatar\/74a3870a946f5d774ade3569af61a72308e07ad3346f370c4b468ee2a9858658?s=96&d=mm&r=g\",\"caption\":\"Direcci\u00f3n de Comunicaci\u00f3n\"}}]}<\/script>\n<!-- \/ Yoast SEO plugin. -->","yoast_head_json":{"title":"Programa de mejoramiento gen\u00e9tico brinda beneficios a la finca La Fortuna. - Gobierno Aut\u00f3nomo Descentralizado de la Provincia de Esmeraldas","robots":{"index":"index","follow":"follow","max-snippet":"max-snippet:-1","max-image-preview":"max-image-preview:large","max-video-preview":"max-video-preview:-1"},"canonical":"https:\/\/prefecturadeesmeraldas.gob.ec\/index.php\/2021\/01\/18\/programa-de-mejoramiento-genetico-brinda-beneficios-a-la-finca-la-fortuna\/","og_locale":"es_ES","og_type":"article","og_title":"Programa de mejoramiento gen\u00e9tico brinda beneficios a la finca La Fortuna. - Gobierno Aut\u00f3nomo Descentralizado de la Provincia de Esmeraldas","og_description":"Jonny Intriago, es un peque\u00f1o productor de ra\u00edces manabas, nacido y criado en la parroquia Chontaduro, del cant\u00f3n Rioverde. Desde muy peque\u00f1o aprendi\u00f3 a convivir y adaptarse con los animales y la naturaleza. A sus 61 a\u00f1os, tiene muy clara la idea que en el campo es donde se cultivan frutas, verduras, un sinn\u00famero de [&hellip;]","og_url":"https:\/\/prefecturadeesmeraldas.gob.ec\/index.php\/2021\/01\/18\/programa-de-mejoramiento-genetico-brinda-beneficios-a-la-finca-la-fortuna\/","og_site_name":"Gobierno Aut\u00f3nomo Descentralizado de la Provincia de Esmeraldas","article_publisher":"https:\/\/www.facebook.com\/PrefecturaEsmeraldas\/","article_published_time":"2021-01-18T16:40:12+00:00","article_modified_time":"2021-01-18T16:41:09+00:00","og_image":[{"width":959,"height":960,"url":"https:\/\/prefecturadeesmeraldas.gob.ec\/wp-content\/uploads\/2021\/01\/BOLETIN-0057.jpg","type":"image\/jpeg"}],"author":"Direcci\u00f3n de Comunicaci\u00f3n","twitter_card":"summary_large_image","twitter_misc":{"Escrito por":"Direcci\u00f3n de Comunicaci\u00f3n","Tiempo de lectura":"2 minutos"},"schema":{"@context":"https:\/\/schema.org","@graph":[{"@type":"Article","@id":"https:\/\/prefecturadeesmeraldas.gob.ec\/index.php\/2021\/01\/18\/programa-de-mejoramiento-genetico-brinda-beneficios-a-la-finca-la-fortuna\/#article","isPartOf":{"@id":"https:\/\/prefecturadeesmeraldas.gob.ec\/index.php\/2021\/01\/18\/programa-de-mejoramiento-genetico-brinda-beneficios-a-la-finca-la-fortuna\/"},"author":{"name":"Direcci\u00f3n de Comunicaci\u00f3n","@id":"https:\/\/prefecturadeesmeraldas.gob.ec\/#\/schema\/person\/b0c9e7b1ead7725994d1e319e8825234"},"headline":"Programa de mejoramiento gen\u00e9tico brinda beneficios a la finca La Fortuna.","datePublished":"2021-01-18T16:40:12+00:00","dateModified":"2021-01-18T16:41:09+00:00","mainEntityOfPage":{"@id":"https:\/\/prefecturadeesmeraldas.gob.ec\/index.php\/2021\/01\/18\/programa-de-mejoramiento-genetico-brinda-beneficios-a-la-finca-la-fortuna\/"},"wordCount":320,"publisher":{"@id":"https:\/\/prefecturadeesmeraldas.gob.ec\/#organization"},"image":{"@id":"https:\/\/prefecturadeesmeraldas.gob.ec\/index.php\/2021\/01\/18\/programa-de-mejoramiento-genetico-brinda-beneficios-a-la-finca-la-fortuna\/#primaryimage"},"thumbnailUrl":"https:\/\/prefecturadeesmeraldas.gob.ec\/wp-content\/uploads\/2021\/01\/BOLETIN-0057.jpg","articleSection":["Fomento Productivo"],"inLanguage":"es"},{"@type":"WebPage","@id":"https:\/\/prefecturadeesmeraldas.gob.ec\/index.php\/2021\/01\/18\/programa-de-mejoramiento-genetico-brinda-beneficios-a-la-finca-la-fortuna\/","url":"https:\/\/prefecturadeesmeraldas.gob.ec\/index.php\/2021\/01\/18\/programa-de-mejoramiento-genetico-brinda-beneficios-a-la-finca-la-fortuna\/","name":"Programa de mejoramiento gen\u00e9tico brinda beneficios a la finca La Fortuna. - Gobierno Aut\u00f3nomo Descentralizado de la Provincia de Esmeraldas","isPartOf":{"@id":"https:\/\/prefecturadeesmeraldas.gob.ec\/#website"},"primaryImageOfPage":{"@id":"https:\/\/prefecturadeesmeraldas.gob.ec\/index.php\/2021\/01\/18\/programa-de-mejoramiento-genetico-brinda-beneficios-a-la-finca-la-fortuna\/#primaryimage"},"image":{"@id":"https:\/\/prefecturadeesmeraldas.gob.ec\/index.php\/2021\/01\/18\/programa-de-mejoramiento-genetico-brinda-beneficios-a-la-finca-la-fortuna\/#primaryimage"},"thumbnailUrl":"https:\/\/prefecturadeesmeraldas.gob.ec\/wp-content\/uploads\/2021\/01\/BOLETIN-0057.jpg","datePublished":"2021-01-18T16:40:12+00:00","dateModified":"2021-01-18T16:41:09+00:00","breadcrumb":{"@id":"https:\/\/prefecturadeesmeraldas.gob.ec\/index.php\/2021\/01\/18\/programa-de-mejoramiento-genetico-brinda-beneficios-a-la-finca-la-fortuna\/#breadcrumb"},"inLanguage":"es","potentialAction":[{"@type":"ReadAction","target":["https:\/\/prefecturadeesmeraldas.gob.ec\/index.php\/2021\/01\/18\/programa-de-mejoramiento-genetico-brinda-beneficios-a-la-finca-la-fortuna\/"]}]},{"@type":"ImageObject","inLanguage":"es","@id":"https:\/\/prefecturadeesmeraldas.gob.ec\/index.php\/2021\/01\/18\/programa-de-mejoramiento-genetico-brinda-beneficios-a-la-finca-la-fortuna\/#primaryimage","url":"https:\/\/prefecturadeesmeraldas.gob.ec\/wp-content\/uploads\/2021\/01\/BOLETIN-0057.jpg","contentUrl":"https:\/\/prefecturadeesmeraldas.gob.ec\/wp-content\/uploads\/2021\/01\/BOLETIN-0057.jpg","width":959,"height":960},{"@type":"BreadcrumbList","@id":"https:\/\/prefecturadeesmeraldas.gob.ec\/index.php\/2021\/01\/18\/programa-de-mejoramiento-genetico-brinda-beneficios-a-la-finca-la-fortuna\/#breadcrumb","itemListElement":[{"@type":"ListItem","position":1,"name":"Home","item":"https:\/\/prefecturadeesmeraldas.gob.ec\/"},{"@type":"ListItem","position":2,"name":"Programa de mejoramiento gen\u00e9tico brinda beneficios a la finca La Fortuna."}]},{"@type":"WebSite","@id":"https:\/\/prefecturadeesmeraldas.gob.ec\/#website","url":"https:\/\/prefecturadeesmeraldas.gob.ec\/","name":"Gobierno Aut\u00f3nomo Descentralizado de la Provincia de Esmeraldas","description":"Gobierno Aut\u00f3nomo Descentralizado de la Provincia de Esmeraldas","publisher":{"@id":"https:\/\/prefecturadeesmeraldas.gob.ec\/#organization"},"potentialAction":[{"@type":"SearchAction","target":{"@type":"EntryPoint","urlTemplate":"https:\/\/prefecturadeesmeraldas.gob.ec\/?s={search_term_string}"},"query-input":{"@type":"PropertyValueSpecification","valueRequired":true,"valueName":"search_term_string"}}],"inLanguage":"es"},{"@type":"Organization","@id":"https:\/\/prefecturadeesmeraldas.gob.ec\/#organization","name":"Gobierno Aut\u00f3nomo Descentralizado de la Provincia de Esmeraldas","url":"https:\/\/prefecturadeesmeraldas.gob.ec\/","logo":{"@type":"ImageObject","inLanguage":"es","@id":"https:\/\/prefecturadeesmeraldas.gob.ec\/#\/schema\/logo\/image\/","url":"https:\/\/prefecturadeesmeraldas.gob.ec\/wp-content\/uploads\/2019\/06\/logo.png","contentUrl":"https:\/\/prefecturadeesmeraldas.gob.ec\/wp-content\/uploads\/2019\/06\/logo.png","width":859,"height":448,"caption":"Gobierno Aut\u00f3nomo Descentralizado de la Provincia de Esmeraldas"},"image":{"@id":"https:\/\/prefecturadeesmeraldas.gob.ec\/#\/schema\/logo\/image\/"},"sameAs":["https:\/\/www.facebook.com\/PrefecturaEsmeraldas\/"]},{"@type":"Person","@id":"https:\/\/prefecturadeesmeraldas.gob.ec\/#\/schema\/person\/b0c9e7b1ead7725994d1e319e8825234","name":"Direcci\u00f3n de Comunicaci\u00f3n","image":{"@type":"ImageObject","inLanguage":"es","@id":"https:\/\/prefecturadeesmeraldas.gob.ec\/#\/schema\/person\/image\/","url":"https:\/\/secure.gravatar.com\/avatar\/74a3870a946f5d774ade3569af61a72308e07ad3346f370c4b468ee2a9858658?s=96&d=mm&r=g","contentUrl":"https:\/\/secure.gravatar.com\/avatar\/74a3870a946f5d774ade3569af61a72308e07ad3346f370c4b468ee2a9858658?s=96&d=mm&r=g","caption":"Direcci\u00f3n de Comunicaci\u00f3n"}}]}},"_links":{"self":[{"href":"https:\/\/prefecturadeesmeraldas.gob.ec\/index.php\/wp-json\/wp\/v2\/posts\/8990","targetHints":{"allow":["GET"]}}],"collection":[{"href":"https:\/\/prefecturadeesmeraldas.gob.ec\/index.php\/wp-json\/wp\/v2\/posts"}],"about":[{"href":"https:\/\/prefecturadeesmeraldas.gob.ec\/index.php\/wp-json\/wp\/v2\/types\/post"}],"author":[{"embeddable":true,"href":"https:\/\/prefecturadeesmeraldas.gob.ec\/index.php\/wp-json\/wp\/v2\/users\/2"}],"replies":[{"embeddable":true,"href":"https:\/\/prefecturadeesmeraldas.gob.ec\/index.php\/wp-json\/wp\/v2\/comments?post=8990"}],"version-history":[{"count":0,"href":"https:\/\/prefecturadeesmeraldas.gob.ec\/index.php\/wp-json\/wp\/v2\/posts\/8990\/revisions"}],"wp:featuredmedia":[{"embeddable":true,"href":"https:\/\/prefecturadeesmeraldas.gob.ec\/index.php\/wp-json\/wp\/v2\/media\/8946"}],"wp:attachment":[{"href":"https:\/\/prefecturadeesmeraldas.gob.ec\/index.php\/wp-json\/wp\/v2\/media?parent=8990"}],"wp:term":[{"taxonomy":"category","embeddable":true,"href":"https:\/\/prefecturadeesmeraldas.gob.ec\/index.php\/wp-json\/wp\/v2\/categories?post=8990"},{"taxonomy":"post_tag","embeddable":true,"href":"https:\/\/prefecturadeesmeraldas.gob.ec\/index.php\/wp-json\/wp\/v2\/tags?post=8990"}],"curies":[{"name":"wp","href":"https:\/\/api.w.org\/{rel}","templated":true}]}}