{"id":8528,"date":"2021-01-07T09:24:32","date_gmt":"2021-01-07T14:24:32","guid":{"rendered":"http:\/\/prefecturadeesmeraldas.gob.ec\/?p=8528"},"modified":"2021-01-07T09:25:15","modified_gmt":"2021-01-07T14:25:15","slug":"prefectura-rehabilita-via-que-conecta-a-las-parroquias-san-mateo-y-chura","status":"publish","type":"post","link":"https:\/\/prefecturadeesmeraldas.gob.ec\/index.php\/2021\/01\/07\/prefectura-rehabilita-via-que-conecta-a-las-parroquias-san-mateo-y-chura\/","title":{"rendered":"Prefectura rehabilita v\u00eda que conecta a las parroquias San Mateo y Chura ."},"content":{"rendered":"\t\t<div data-elementor-type=\"wp-post\" data-elementor-id=\"8528\" class=\"elementor elementor-8528\">\n\t\t\t\t\t\t<section class=\"elementor-section elementor-top-section elementor-element elementor-element-975957b elementor-section-boxed elementor-section-height-default elementor-section-height-default\" data-id=\"975957b\" data-element_type=\"section\">\n\t\t\t\t\t\t<div class=\"elementor-container elementor-column-gap-default\">\n\t\t\t\t\t<div class=\"elementor-column elementor-col-100 elementor-top-column elementor-element elementor-element-5aa9742\" data-id=\"5aa9742\" data-element_type=\"column\">\n\t\t\t<div class=\"elementor-widget-wrap elementor-element-populated\">\n\t\t\t\t\t\t<div class=\"elementor-element elementor-element-8b2abc8 elementor-widget elementor-widget-image\" data-id=\"8b2abc8\" data-element_type=\"widget\" data-widget_type=\"image.default\">\n\t\t\t\t<div class=\"elementor-widget-container\">\n\t\t\t\t\t\t\t\t\t\t\t\t\t\t\t<img fetchpriority=\"high\" decoding=\"async\" width=\"1024\" height=\"1016\" src=\"https:\/\/prefecturadeesmeraldas.gob.ec\/wp-content\/uploads\/2021\/01\/BOLETIN-0015...-1024x1016.jpg\" class=\"attachment-large size-large wp-image-8503\" alt=\"\" srcset=\"https:\/\/prefecturadeesmeraldas.gob.ec\/wp-content\/uploads\/2021\/01\/BOLETIN-0015...-1024x1016.jpg 1024w, https:\/\/prefecturadeesmeraldas.gob.ec\/wp-content\/uploads\/2021\/01\/BOLETIN-0015...-1080x1072.jpg 1080w, https:\/\/prefecturadeesmeraldas.gob.ec\/wp-content\/uploads\/2021\/01\/BOLETIN-0015...-150x150.jpg 150w, https:\/\/prefecturadeesmeraldas.gob.ec\/wp-content\/uploads\/2021\/01\/BOLETIN-0015...-300x298.jpg 300w, https:\/\/prefecturadeesmeraldas.gob.ec\/wp-content\/uploads\/2021\/01\/BOLETIN-0015...-768x762.jpg 768w, https:\/\/prefecturadeesmeraldas.gob.ec\/wp-content\/uploads\/2021\/01\/BOLETIN-0015....jpg 1088w\" sizes=\"(max-width: 1024px) 100vw, 1024px\" \/>\t\t\t\t\t\t\t\t\t\t\t\t\t\t\t<\/div>\n\t\t\t\t<\/div>\n\t\t\t\t\t<\/div>\n\t\t<\/div>\n\t\t\t\t\t<\/div>\n\t\t<\/section>\n\t\t\t\t<section class=\"elementor-section elementor-top-section elementor-element elementor-element-10c3b77 elementor-section-boxed elementor-section-height-default elementor-section-height-default\" data-id=\"10c3b77\" data-element_type=\"section\">\n\t\t\t\t\t\t<div class=\"elementor-container elementor-column-gap-default\">\n\t\t\t\t\t<div class=\"elementor-column elementor-col-100 elementor-top-column elementor-element elementor-element-bd6ace8\" data-id=\"bd6ace8\" data-element_type=\"column\">\n\t\t\t<div class=\"elementor-widget-wrap elementor-element-populated\">\n\t\t\t\t\t\t<div class=\"elementor-element elementor-element-2d62b50 elementor-widget elementor-widget-text-editor\" data-id=\"2d62b50\" data-element_type=\"widget\" data-widget_type=\"text-editor.default\">\n\t\t\t\t<div class=\"elementor-widget-container\">\n\t\t\t\t\t\t\t\t\t<p>Avanzan los trabajos de limpieza y reconformaci\u00f3n de la v\u00eda que, desde el recinto Cancha Lagua, de la parroquia San Mateo, en el cant\u00f3n Esmeraldas, conecta con la parroquia Chura, en el cant\u00f3n Quinind\u00e9. En la actualidad hay un avance del 40% y se realiza con maquinaria de la Prefectura de Esmeraldas al servicio de la comunidad rural. Hasta el momento son 10 kil\u00f3metros los que se han intervenido.<\/p><p>\u201cNo ten\u00edamos caminos vecinales, para unir las vecindades\u201d, esas fueron las palabras de <strong>Kerly Tenorio<\/strong>, habitante de uno de los recintos por donde pasa la v\u00eda. El sonido de la maquinaria trabajando, hizo que <strong>Fanny V\u00e9lez<\/strong>, habitante de Colope de la parroquia Chinca, agradeciera la intervenci\u00f3n de la v\u00eda.<\/p><p>Haciendo seguimiento a las labores, <strong>Sergio Pacheco Delgado<\/strong>, vicepresidente del Gobierno Parroquial de San Mateo manifest\u00f3 que, para poder ejecutar los trabajos, existi\u00f3 una coordinaci\u00f3n con el presidente del Gobierno Parroquial de Chinca y otros dirigentes, con el fin de poder completar un anillo vial que conecte a recintos como Chula, La Cabecera de Colope, El Guabal, Matacaballo y Matapalo, entre otros, con la v\u00eda principal.<\/p><p>La esperanza de agricultores como <strong>Franco Bustos<\/strong>, habitante de la Cabecera de Colope, en la parroquia Chinca reaviv\u00f3, al ver avanzar los trabajos que dijo, verdaderamente necesita su comunidad.\u00a0<\/p><p>A futuro, tanto la instituci\u00f3n, como los habitantes, esperan que se pueda aplicar un lastrado a la v\u00eda.<\/p>\t\t\t\t\t\t\t\t<\/div>\n\t\t\t\t<\/div>\n\t\t\t\t\t<\/div>\n\t\t<\/div>\n\t\t\t\t\t<\/div>\n\t\t<\/section>\n\t\t\t\t<\/div>\n\t\t","protected":false},"excerpt":{"rendered":"<p>Avanzan los trabajos de limpieza y reconformaci\u00f3n de la v\u00eda que, desde el recinto Cancha Lagua, de la parroquia San Mateo, en el cant\u00f3n Esmeraldas, conecta con la parroquia Chura, en el cant\u00f3n Quinind\u00e9. En la actualidad hay un avance del 40% y se realiza con maquinaria de la Prefectura de Esmeraldas al servicio de [&hellip;]<\/p>\n","protected":false},"author":2,"featured_media":8503,"comment_status":"closed","ping_status":"open","sticky":false,"template":"","format":"standard","meta":{"footnotes":""},"categories":[14],"tags":[],"class_list":["post-8528","post","type-post","status-publish","format-standard","has-post-thumbnail","hentry","category-vialidad"],"yoast_head":"<!-- This site is optimized with the Yoast SEO plugin v25.7 - https:\/\/yoast.com\/wordpress\/plugins\/seo\/ -->\n<title>Prefectura rehabilita v\u00eda que conecta a las parroquias San Mateo y Chura . - Gobierno Aut\u00f3nomo Descentralizado de la Provincia de Esmeraldas<\/title>\n<meta name=\"robots\" content=\"index, follow, max-snippet:-1, max-image-preview:large, max-video-preview:-1\" \/>\n<link rel=\"canonical\" href=\"https:\/\/prefecturadeesmeraldas.gob.ec\/index.php\/2021\/01\/07\/prefectura-rehabilita-via-que-conecta-a-las-parroquias-san-mateo-y-chura\/\" \/>\n<meta property=\"og:locale\" content=\"es_ES\" \/>\n<meta property=\"og:type\" content=\"article\" \/>\n<meta property=\"og:title\" content=\"Prefectura rehabilita v\u00eda que conecta a las parroquias San Mateo y Chura . - Gobierno Aut\u00f3nomo Descentralizado de la Provincia de Esmeraldas\" \/>\n<meta property=\"og:description\" content=\"Avanzan los trabajos de limpieza y reconformaci\u00f3n de la v\u00eda que, desde el recinto Cancha Lagua, de la parroquia San Mateo, en el cant\u00f3n Esmeraldas, conecta con la parroquia Chura, en el cant\u00f3n Quinind\u00e9. En la actualidad hay un avance del 40% y se realiza con maquinaria de la Prefectura de Esmeraldas al servicio de [&hellip;]\" \/>\n<meta property=\"og:url\" content=\"https:\/\/prefecturadeesmeraldas.gob.ec\/index.php\/2021\/01\/07\/prefectura-rehabilita-via-que-conecta-a-las-parroquias-san-mateo-y-chura\/\" \/>\n<meta property=\"og:site_name\" content=\"Gobierno Aut\u00f3nomo Descentralizado de la Provincia de Esmeraldas\" \/>\n<meta property=\"article:publisher\" content=\"https:\/\/www.facebook.com\/PrefecturaEsmeraldas\/\" \/>\n<meta property=\"article:published_time\" content=\"2021-01-07T14:24:32+00:00\" \/>\n<meta property=\"article:modified_time\" content=\"2021-01-07T14:25:15+00:00\" \/>\n<meta property=\"og:image\" content=\"https:\/\/prefecturadeesmeraldas.gob.ec\/wp-content\/uploads\/2021\/01\/BOLETIN-0015....jpg\" \/>\n\t<meta property=\"og:image:width\" content=\"1088\" \/>\n\t<meta property=\"og:image:height\" content=\"1080\" \/>\n\t<meta property=\"og:image:type\" content=\"image\/jpeg\" \/>\n<meta name=\"author\" content=\"Direcci\u00f3n de Comunicaci\u00f3n\" \/>\n<meta name=\"twitter:card\" content=\"summary_large_image\" \/>\n<meta name=\"twitter:label1\" content=\"Escrito por\" \/>\n\t<meta name=\"twitter:data1\" content=\"Direcci\u00f3n de Comunicaci\u00f3n\" \/>\n\t<meta name=\"twitter:label2\" content=\"Tiempo de lectura\" \/>\n\t<meta name=\"twitter:data2\" content=\"1 minuto\" \/>\n<script type=\"application\/ld+json\" class=\"yoast-schema-graph\">{\"@context\":\"https:\/\/schema.org\",\"@graph\":[{\"@type\":\"Article\",\"@id\":\"https:\/\/prefecturadeesmeraldas.gob.ec\/index.php\/2021\/01\/07\/prefectura-rehabilita-via-que-conecta-a-las-parroquias-san-mateo-y-chura\/#article\",\"isPartOf\":{\"@id\":\"https:\/\/prefecturadeesmeraldas.gob.ec\/index.php\/2021\/01\/07\/prefectura-rehabilita-via-que-conecta-a-las-parroquias-san-mateo-y-chura\/\"},\"author\":{\"name\":\"Direcci\u00f3n de Comunicaci\u00f3n\",\"@id\":\"https:\/\/prefecturadeesmeraldas.gob.ec\/#\/schema\/person\/b0c9e7b1ead7725994d1e319e8825234\"},\"headline\":\"Prefectura rehabilita v\u00eda que conecta a las parroquias San Mateo y Chura .\",\"datePublished\":\"2021-01-07T14:24:32+00:00\",\"dateModified\":\"2021-01-07T14:25:15+00:00\",\"mainEntityOfPage\":{\"@id\":\"https:\/\/prefecturadeesmeraldas.gob.ec\/index.php\/2021\/01\/07\/prefectura-rehabilita-via-que-conecta-a-las-parroquias-san-mateo-y-chura\/\"},\"wordCount\":256,\"publisher\":{\"@id\":\"https:\/\/prefecturadeesmeraldas.gob.ec\/#organization\"},\"image\":{\"@id\":\"https:\/\/prefecturadeesmeraldas.gob.ec\/index.php\/2021\/01\/07\/prefectura-rehabilita-via-que-conecta-a-las-parroquias-san-mateo-y-chura\/#primaryimage\"},\"thumbnailUrl\":\"https:\/\/prefecturadeesmeraldas.gob.ec\/wp-content\/uploads\/2021\/01\/BOLETIN-0015....jpg\",\"articleSection\":[\"Vialidad\"],\"inLanguage\":\"es\"},{\"@type\":\"WebPage\",\"@id\":\"https:\/\/prefecturadeesmeraldas.gob.ec\/index.php\/2021\/01\/07\/prefectura-rehabilita-via-que-conecta-a-las-parroquias-san-mateo-y-chura\/\",\"url\":\"https:\/\/prefecturadeesmeraldas.gob.ec\/index.php\/2021\/01\/07\/prefectura-rehabilita-via-que-conecta-a-las-parroquias-san-mateo-y-chura\/\",\"name\":\"Prefectura rehabilita v\u00eda que conecta a las parroquias San Mateo y Chura . - Gobierno Aut\u00f3nomo Descentralizado de la Provincia de Esmeraldas\",\"isPartOf\":{\"@id\":\"https:\/\/prefecturadeesmeraldas.gob.ec\/#website\"},\"primaryImageOfPage\":{\"@id\":\"https:\/\/prefecturadeesmeraldas.gob.ec\/index.php\/2021\/01\/07\/prefectura-rehabilita-via-que-conecta-a-las-parroquias-san-mateo-y-chura\/#primaryimage\"},\"image\":{\"@id\":\"https:\/\/prefecturadeesmeraldas.gob.ec\/index.php\/2021\/01\/07\/prefectura-rehabilita-via-que-conecta-a-las-parroquias-san-mateo-y-chura\/#primaryimage\"},\"thumbnailUrl\":\"https:\/\/prefecturadeesmeraldas.gob.ec\/wp-content\/uploads\/2021\/01\/BOLETIN-0015....jpg\",\"datePublished\":\"2021-01-07T14:24:32+00:00\",\"dateModified\":\"2021-01-07T14:25:15+00:00\",\"breadcrumb\":{\"@id\":\"https:\/\/prefecturadeesmeraldas.gob.ec\/index.php\/2021\/01\/07\/prefectura-rehabilita-via-que-conecta-a-las-parroquias-san-mateo-y-chura\/#breadcrumb\"},\"inLanguage\":\"es\",\"potentialAction\":[{\"@type\":\"ReadAction\",\"target\":[\"https:\/\/prefecturadeesmeraldas.gob.ec\/index.php\/2021\/01\/07\/prefectura-rehabilita-via-que-conecta-a-las-parroquias-san-mateo-y-chura\/\"]}]},{\"@type\":\"ImageObject\",\"inLanguage\":\"es\",\"@id\":\"https:\/\/prefecturadeesmeraldas.gob.ec\/index.php\/2021\/01\/07\/prefectura-rehabilita-via-que-conecta-a-las-parroquias-san-mateo-y-chura\/#primaryimage\",\"url\":\"https:\/\/prefecturadeesmeraldas.gob.ec\/wp-content\/uploads\/2021\/01\/BOLETIN-0015....jpg\",\"contentUrl\":\"https:\/\/prefecturadeesmeraldas.gob.ec\/wp-content\/uploads\/2021\/01\/BOLETIN-0015....jpg\",\"width\":1088,\"height\":1080},{\"@type\":\"BreadcrumbList\",\"@id\":\"https:\/\/prefecturadeesmeraldas.gob.ec\/index.php\/2021\/01\/07\/prefectura-rehabilita-via-que-conecta-a-las-parroquias-san-mateo-y-chura\/#breadcrumb\",\"itemListElement\":[{\"@type\":\"ListItem\",\"position\":1,\"name\":\"Home\",\"item\":\"https:\/\/prefecturadeesmeraldas.gob.ec\/\"},{\"@type\":\"ListItem\",\"position\":2,\"name\":\"Prefectura rehabilita v\u00eda que conecta a las parroquias San Mateo y Chura .\"}]},{\"@type\":\"WebSite\",\"@id\":\"https:\/\/prefecturadeesmeraldas.gob.ec\/#website\",\"url\":\"https:\/\/prefecturadeesmeraldas.gob.ec\/\",\"name\":\"Gobierno Aut\u00f3nomo Descentralizado de la Provincia de Esmeraldas\",\"description\":\"Gobierno Aut\u00f3nomo Descentralizado de la Provincia de Esmeraldas\",\"publisher\":{\"@id\":\"https:\/\/prefecturadeesmeraldas.gob.ec\/#organization\"},\"potentialAction\":[{\"@type\":\"SearchAction\",\"target\":{\"@type\":\"EntryPoint\",\"urlTemplate\":\"https:\/\/prefecturadeesmeraldas.gob.ec\/?s={search_term_string}\"},\"query-input\":{\"@type\":\"PropertyValueSpecification\",\"valueRequired\":true,\"valueName\":\"search_term_string\"}}],\"inLanguage\":\"es\"},{\"@type\":\"Organization\",\"@id\":\"https:\/\/prefecturadeesmeraldas.gob.ec\/#organization\",\"name\":\"Gobierno Aut\u00f3nomo Descentralizado de la Provincia de Esmeraldas\",\"url\":\"https:\/\/prefecturadeesmeraldas.gob.ec\/\",\"logo\":{\"@type\":\"ImageObject\",\"inLanguage\":\"es\",\"@id\":\"https:\/\/prefecturadeesmeraldas.gob.ec\/#\/schema\/logo\/image\/\",\"url\":\"https:\/\/prefecturadeesmeraldas.gob.ec\/wp-content\/uploads\/2019\/06\/logo.png\",\"contentUrl\":\"https:\/\/prefecturadeesmeraldas.gob.ec\/wp-content\/uploads\/2019\/06\/logo.png\",\"width\":859,\"height\":448,\"caption\":\"Gobierno Aut\u00f3nomo Descentralizado de la Provincia de Esmeraldas\"},\"image\":{\"@id\":\"https:\/\/prefecturadeesmeraldas.gob.ec\/#\/schema\/logo\/image\/\"},\"sameAs\":[\"https:\/\/www.facebook.com\/PrefecturaEsmeraldas\/\"]},{\"@type\":\"Person\",\"@id\":\"https:\/\/prefecturadeesmeraldas.gob.ec\/#\/schema\/person\/b0c9e7b1ead7725994d1e319e8825234\",\"name\":\"Direcci\u00f3n de Comunicaci\u00f3n\",\"image\":{\"@type\":\"ImageObject\",\"inLanguage\":\"es\",\"@id\":\"https:\/\/prefecturadeesmeraldas.gob.ec\/#\/schema\/person\/image\/\",\"url\":\"https:\/\/secure.gravatar.com\/avatar\/74a3870a946f5d774ade3569af61a72308e07ad3346f370c4b468ee2a9858658?s=96&d=mm&r=g\",\"contentUrl\":\"https:\/\/secure.gravatar.com\/avatar\/74a3870a946f5d774ade3569af61a72308e07ad3346f370c4b468ee2a9858658?s=96&d=mm&r=g\",\"caption\":\"Direcci\u00f3n de Comunicaci\u00f3n\"}}]}<\/script>\n<!-- \/ Yoast SEO plugin. -->","yoast_head_json":{"title":"Prefectura rehabilita v\u00eda que conecta a las parroquias San Mateo y Chura . - Gobierno Aut\u00f3nomo Descentralizado de la Provincia de Esmeraldas","robots":{"index":"index","follow":"follow","max-snippet":"max-snippet:-1","max-image-preview":"max-image-preview:large","max-video-preview":"max-video-preview:-1"},"canonical":"https:\/\/prefecturadeesmeraldas.gob.ec\/index.php\/2021\/01\/07\/prefectura-rehabilita-via-que-conecta-a-las-parroquias-san-mateo-y-chura\/","og_locale":"es_ES","og_type":"article","og_title":"Prefectura rehabilita v\u00eda que conecta a las parroquias San Mateo y Chura . - Gobierno Aut\u00f3nomo Descentralizado de la Provincia de Esmeraldas","og_description":"Avanzan los trabajos de limpieza y reconformaci\u00f3n de la v\u00eda que, desde el recinto Cancha Lagua, de la parroquia San Mateo, en el cant\u00f3n Esmeraldas, conecta con la parroquia Chura, en el cant\u00f3n Quinind\u00e9. En la actualidad hay un avance del 40% y se realiza con maquinaria de la Prefectura de Esmeraldas al servicio de [&hellip;]","og_url":"https:\/\/prefecturadeesmeraldas.gob.ec\/index.php\/2021\/01\/07\/prefectura-rehabilita-via-que-conecta-a-las-parroquias-san-mateo-y-chura\/","og_site_name":"Gobierno Aut\u00f3nomo Descentralizado de la Provincia de Esmeraldas","article_publisher":"https:\/\/www.facebook.com\/PrefecturaEsmeraldas\/","article_published_time":"2021-01-07T14:24:32+00:00","article_modified_time":"2021-01-07T14:25:15+00:00","og_image":[{"width":1088,"height":1080,"url":"https:\/\/prefecturadeesmeraldas.gob.ec\/wp-content\/uploads\/2021\/01\/BOLETIN-0015....jpg","type":"image\/jpeg"}],"author":"Direcci\u00f3n de Comunicaci\u00f3n","twitter_card":"summary_large_image","twitter_misc":{"Escrito por":"Direcci\u00f3n de Comunicaci\u00f3n","Tiempo de lectura":"1 minuto"},"schema":{"@context":"https:\/\/schema.org","@graph":[{"@type":"Article","@id":"https:\/\/prefecturadeesmeraldas.gob.ec\/index.php\/2021\/01\/07\/prefectura-rehabilita-via-que-conecta-a-las-parroquias-san-mateo-y-chura\/#article","isPartOf":{"@id":"https:\/\/prefecturadeesmeraldas.gob.ec\/index.php\/2021\/01\/07\/prefectura-rehabilita-via-que-conecta-a-las-parroquias-san-mateo-y-chura\/"},"author":{"name":"Direcci\u00f3n de Comunicaci\u00f3n","@id":"https:\/\/prefecturadeesmeraldas.gob.ec\/#\/schema\/person\/b0c9e7b1ead7725994d1e319e8825234"},"headline":"Prefectura rehabilita v\u00eda que conecta a las parroquias San Mateo y Chura .","datePublished":"2021-01-07T14:24:32+00:00","dateModified":"2021-01-07T14:25:15+00:00","mainEntityOfPage":{"@id":"https:\/\/prefecturadeesmeraldas.gob.ec\/index.php\/2021\/01\/07\/prefectura-rehabilita-via-que-conecta-a-las-parroquias-san-mateo-y-chura\/"},"wordCount":256,"publisher":{"@id":"https:\/\/prefecturadeesmeraldas.gob.ec\/#organization"},"image":{"@id":"https:\/\/prefecturadeesmeraldas.gob.ec\/index.php\/2021\/01\/07\/prefectura-rehabilita-via-que-conecta-a-las-parroquias-san-mateo-y-chura\/#primaryimage"},"thumbnailUrl":"https:\/\/prefecturadeesmeraldas.gob.ec\/wp-content\/uploads\/2021\/01\/BOLETIN-0015....jpg","articleSection":["Vialidad"],"inLanguage":"es"},{"@type":"WebPage","@id":"https:\/\/prefecturadeesmeraldas.gob.ec\/index.php\/2021\/01\/07\/prefectura-rehabilita-via-que-conecta-a-las-parroquias-san-mateo-y-chura\/","url":"https:\/\/prefecturadeesmeraldas.gob.ec\/index.php\/2021\/01\/07\/prefectura-rehabilita-via-que-conecta-a-las-parroquias-san-mateo-y-chura\/","name":"Prefectura rehabilita v\u00eda que conecta a las parroquias San Mateo y Chura . - Gobierno Aut\u00f3nomo Descentralizado de la Provincia de Esmeraldas","isPartOf":{"@id":"https:\/\/prefecturadeesmeraldas.gob.ec\/#website"},"primaryImageOfPage":{"@id":"https:\/\/prefecturadeesmeraldas.gob.ec\/index.php\/2021\/01\/07\/prefectura-rehabilita-via-que-conecta-a-las-parroquias-san-mateo-y-chura\/#primaryimage"},"image":{"@id":"https:\/\/prefecturadeesmeraldas.gob.ec\/index.php\/2021\/01\/07\/prefectura-rehabilita-via-que-conecta-a-las-parroquias-san-mateo-y-chura\/#primaryimage"},"thumbnailUrl":"https:\/\/prefecturadeesmeraldas.gob.ec\/wp-content\/uploads\/2021\/01\/BOLETIN-0015....jpg","datePublished":"2021-01-07T14:24:32+00:00","dateModified":"2021-01-07T14:25:15+00:00","breadcrumb":{"@id":"https:\/\/prefecturadeesmeraldas.gob.ec\/index.php\/2021\/01\/07\/prefectura-rehabilita-via-que-conecta-a-las-parroquias-san-mateo-y-chura\/#breadcrumb"},"inLanguage":"es","potentialAction":[{"@type":"ReadAction","target":["https:\/\/prefecturadeesmeraldas.gob.ec\/index.php\/2021\/01\/07\/prefectura-rehabilita-via-que-conecta-a-las-parroquias-san-mateo-y-chura\/"]}]},{"@type":"ImageObject","inLanguage":"es","@id":"https:\/\/prefecturadeesmeraldas.gob.ec\/index.php\/2021\/01\/07\/prefectura-rehabilita-via-que-conecta-a-las-parroquias-san-mateo-y-chura\/#primaryimage","url":"https:\/\/prefecturadeesmeraldas.gob.ec\/wp-content\/uploads\/2021\/01\/BOLETIN-0015....jpg","contentUrl":"https:\/\/prefecturadeesmeraldas.gob.ec\/wp-content\/uploads\/2021\/01\/BOLETIN-0015....jpg","width":1088,"height":1080},{"@type":"BreadcrumbList","@id":"https:\/\/prefecturadeesmeraldas.gob.ec\/index.php\/2021\/01\/07\/prefectura-rehabilita-via-que-conecta-a-las-parroquias-san-mateo-y-chura\/#breadcrumb","itemListElement":[{"@type":"ListItem","position":1,"name":"Home","item":"https:\/\/prefecturadeesmeraldas.gob.ec\/"},{"@type":"ListItem","position":2,"name":"Prefectura rehabilita v\u00eda que conecta a las parroquias San Mateo y Chura ."}]},{"@type":"WebSite","@id":"https:\/\/prefecturadeesmeraldas.gob.ec\/#website","url":"https:\/\/prefecturadeesmeraldas.gob.ec\/","name":"Gobierno Aut\u00f3nomo Descentralizado de la Provincia de Esmeraldas","description":"Gobierno Aut\u00f3nomo Descentralizado de la Provincia de Esmeraldas","publisher":{"@id":"https:\/\/prefecturadeesmeraldas.gob.ec\/#organization"},"potentialAction":[{"@type":"SearchAction","target":{"@type":"EntryPoint","urlTemplate":"https:\/\/prefecturadeesmeraldas.gob.ec\/?s={search_term_string}"},"query-input":{"@type":"PropertyValueSpecification","valueRequired":true,"valueName":"search_term_string"}}],"inLanguage":"es"},{"@type":"Organization","@id":"https:\/\/prefecturadeesmeraldas.gob.ec\/#organization","name":"Gobierno Aut\u00f3nomo Descentralizado de la Provincia de Esmeraldas","url":"https:\/\/prefecturadeesmeraldas.gob.ec\/","logo":{"@type":"ImageObject","inLanguage":"es","@id":"https:\/\/prefecturadeesmeraldas.gob.ec\/#\/schema\/logo\/image\/","url":"https:\/\/prefecturadeesmeraldas.gob.ec\/wp-content\/uploads\/2019\/06\/logo.png","contentUrl":"https:\/\/prefecturadeesmeraldas.gob.ec\/wp-content\/uploads\/2019\/06\/logo.png","width":859,"height":448,"caption":"Gobierno Aut\u00f3nomo Descentralizado de la Provincia de Esmeraldas"},"image":{"@id":"https:\/\/prefecturadeesmeraldas.gob.ec\/#\/schema\/logo\/image\/"},"sameAs":["https:\/\/www.facebook.com\/PrefecturaEsmeraldas\/"]},{"@type":"Person","@id":"https:\/\/prefecturadeesmeraldas.gob.ec\/#\/schema\/person\/b0c9e7b1ead7725994d1e319e8825234","name":"Direcci\u00f3n de Comunicaci\u00f3n","image":{"@type":"ImageObject","inLanguage":"es","@id":"https:\/\/prefecturadeesmeraldas.gob.ec\/#\/schema\/person\/image\/","url":"https:\/\/secure.gravatar.com\/avatar\/74a3870a946f5d774ade3569af61a72308e07ad3346f370c4b468ee2a9858658?s=96&d=mm&r=g","contentUrl":"https:\/\/secure.gravatar.com\/avatar\/74a3870a946f5d774ade3569af61a72308e07ad3346f370c4b468ee2a9858658?s=96&d=mm&r=g","caption":"Direcci\u00f3n de Comunicaci\u00f3n"}}]}},"_links":{"self":[{"href":"https:\/\/prefecturadeesmeraldas.gob.ec\/index.php\/wp-json\/wp\/v2\/posts\/8528","targetHints":{"allow":["GET"]}}],"collection":[{"href":"https:\/\/prefecturadeesmeraldas.gob.ec\/index.php\/wp-json\/wp\/v2\/posts"}],"about":[{"href":"https:\/\/prefecturadeesmeraldas.gob.ec\/index.php\/wp-json\/wp\/v2\/types\/post"}],"author":[{"embeddable":true,"href":"https:\/\/prefecturadeesmeraldas.gob.ec\/index.php\/wp-json\/wp\/v2\/users\/2"}],"replies":[{"embeddable":true,"href":"https:\/\/prefecturadeesmeraldas.gob.ec\/index.php\/wp-json\/wp\/v2\/comments?post=8528"}],"version-history":[{"count":0,"href":"https:\/\/prefecturadeesmeraldas.gob.ec\/index.php\/wp-json\/wp\/v2\/posts\/8528\/revisions"}],"wp:featuredmedia":[{"embeddable":true,"href":"https:\/\/prefecturadeesmeraldas.gob.ec\/index.php\/wp-json\/wp\/v2\/media\/8503"}],"wp:attachment":[{"href":"https:\/\/prefecturadeesmeraldas.gob.ec\/index.php\/wp-json\/wp\/v2\/media?parent=8528"}],"wp:term":[{"taxonomy":"category","embeddable":true,"href":"https:\/\/prefecturadeesmeraldas.gob.ec\/index.php\/wp-json\/wp\/v2\/categories?post=8528"},{"taxonomy":"post_tag","embeddable":true,"href":"https:\/\/prefecturadeesmeraldas.gob.ec\/index.php\/wp-json\/wp\/v2\/tags?post=8528"}],"curies":[{"name":"wp","href":"https:\/\/api.w.org\/{rel}","templated":true}]}}