{"id":8504,"date":"2021-01-07T08:48:59","date_gmt":"2021-01-07T13:48:59","guid":{"rendered":"http:\/\/prefecturadeesmeraldas.gob.ec\/?p=8504"},"modified":"2021-01-07T08:49:43","modified_gmt":"2021-01-07T13:49:43","slug":"unamydesc-reactivara-su-accionar-para-los-esmeraldenos","status":"publish","type":"post","link":"https:\/\/prefecturadeesmeraldas.gob.ec\/index.php\/2021\/01\/07\/unamydesc-reactivara-su-accionar-para-los-esmeraldenos\/","title":{"rendered":"UNAMYDESC reactivar\u00e1 su accionar para los esmeralde\u00f1os."},"content":{"rendered":"\t\t<div data-elementor-type=\"wp-post\" data-elementor-id=\"8504\" class=\"elementor elementor-8504\">\n\t\t\t\t\t\t<section class=\"elementor-section elementor-top-section elementor-element elementor-element-2e9856f elementor-section-boxed elementor-section-height-default elementor-section-height-default\" data-id=\"2e9856f\" data-element_type=\"section\">\n\t\t\t\t\t\t<div class=\"elementor-container elementor-column-gap-default\">\n\t\t\t\t\t<div class=\"elementor-column elementor-col-100 elementor-top-column elementor-element elementor-element-880788e\" data-id=\"880788e\" data-element_type=\"column\">\n\t\t\t<div class=\"elementor-widget-wrap elementor-element-populated\">\n\t\t\t\t\t\t<div class=\"elementor-element elementor-element-507b23e elementor-widget elementor-widget-image\" data-id=\"507b23e\" data-element_type=\"widget\" data-widget_type=\"image.default\">\n\t\t\t\t<div class=\"elementor-widget-container\">\n\t\t\t\t\t\t\t\t\t\t\t\t\t\t\t<img fetchpriority=\"high\" decoding=\"async\" width=\"1024\" height=\"1024\" src=\"https:\/\/prefecturadeesmeraldas.gob.ec\/wp-content\/uploads\/2021\/01\/BOLETIN-007-1024x1024.jpg\" class=\"attachment-large size-large wp-image-8493\" alt=\"\" srcset=\"https:\/\/prefecturadeesmeraldas.gob.ec\/wp-content\/uploads\/2021\/01\/BOLETIN-007-1024x1024.jpg 1024w, https:\/\/prefecturadeesmeraldas.gob.ec\/wp-content\/uploads\/2021\/01\/BOLETIN-007-240x240.jpg 240w, https:\/\/prefecturadeesmeraldas.gob.ec\/wp-content\/uploads\/2021\/01\/BOLETIN-007-1080x1080.jpg 1080w, https:\/\/prefecturadeesmeraldas.gob.ec\/wp-content\/uploads\/2021\/01\/BOLETIN-007-150x150.jpg 150w, https:\/\/prefecturadeesmeraldas.gob.ec\/wp-content\/uploads\/2021\/01\/BOLETIN-007-300x300.jpg 300w, https:\/\/prefecturadeesmeraldas.gob.ec\/wp-content\/uploads\/2021\/01\/BOLETIN-007-768x768.jpg 768w, https:\/\/prefecturadeesmeraldas.gob.ec\/wp-content\/uploads\/2021\/01\/BOLETIN-007.jpg 1280w\" sizes=\"(max-width: 1024px) 100vw, 1024px\" \/>\t\t\t\t\t\t\t\t\t\t\t\t\t\t\t<\/div>\n\t\t\t\t<\/div>\n\t\t\t\t\t<\/div>\n\t\t<\/div>\n\t\t\t\t\t<\/div>\n\t\t<\/section>\n\t\t\t\t<section class=\"elementor-section elementor-top-section elementor-element elementor-element-c5ad182 elementor-section-boxed elementor-section-height-default elementor-section-height-default\" data-id=\"c5ad182\" data-element_type=\"section\">\n\t\t\t\t\t\t<div class=\"elementor-container elementor-column-gap-default\">\n\t\t\t\t\t<div class=\"elementor-column elementor-col-100 elementor-top-column elementor-element elementor-element-d70da5f\" data-id=\"d70da5f\" data-element_type=\"column\">\n\t\t\t<div class=\"elementor-widget-wrap elementor-element-populated\">\n\t\t\t\t\t\t<div class=\"elementor-element elementor-element-d1d998b elementor-widget elementor-widget-text-editor\" data-id=\"d1d998b\" data-element_type=\"widget\" data-widget_type=\"text-editor.default\">\n\t\t\t\t<div class=\"elementor-widget-container\">\n\t\t\t\t\t\t\t\t\t<p>UNAMYDESC de la Prefectura de Esmeraldas iniciar\u00e1 el 2021 con la repotenciaci\u00f3n del Centro M\u00e9dico, gracias a la Cooperaci\u00f3n Alemana GIZ, que le don\u00f3 equipos de alta tecnolog\u00eda para la atenci\u00f3n en electrocardiograma y un ec\u00f3grafo.<\/p><p><\/p><p>Adem\u00e1s, ya contamos con un equipo de inmunolog\u00eda que servir\u00e1 para realizar ex\u00e1menes de tiroides y otros. Quienes deseen atenderse pueden acercarse hasta la calle 10 de agosto entre Sim\u00f3n Bol\u00edvar y Pedro Vicente Maldonado, en los bajos del edificio de la Prefectura de Esmeraldas.<\/p><p><\/p><p>Este a\u00f1o 2021 ser\u00e1 de las comunidades rurales vulnerables, porque el equipo de <strong>UNAMYDESC<\/strong>, ha planificado realizar tres brigadas m\u00e9dicas cada semana, con la finalidad de llegar a la mayor cantidad de usuarios.<\/p><p><\/p><p>A m\u00e1s de atender en las especialidades b\u00e1sica como medicina general, pediatr\u00eda, ginecolog\u00eda, se ha proyectado entregar el servicio de ecograf\u00eda y cardiolog\u00eda, ya que se cuenta con equipos port\u00e1tiles. Igualmente, se entregar\u00e1 los f\u00e1rmacos de manera gratuita.<\/p><p><\/p><p>El coordinador general de <strong>UNAMYDESC <\/strong>de la Prefectura de Esmeraldas, Lino Espinoza Bazurto, refiri\u00f3 que, en la parte social, desde la primera semana de laborares del 2021 se canalizar\u00e1n la entrega de ayudas t\u00e9cnicas como: bastones, collarines, muletas, sillas de ruedas est\u00e1ndar, posturales y multifuncionales.<\/p><p><\/p><p>Record\u00f3 que, para el acceso a estas ayudas t\u00e9cnicas, s\u00f3lo debe enviar una solicitud ante la presidencia de <strong>UNAMYDESC<\/strong>, con los datos personales del beneficiario, para que las trabajadoras sociales realicen el diagn\u00f3stico socioecon\u00f3mico. La ayuda ser\u00e1 entregada en menos de 20 d\u00edas.<\/p><p><\/p><p>Espinoza Bazurto, a\u00f1adi\u00f3 que, en lo referente a cultura y deportes, que son otras de las competencias de la Unidad, las actividades se desarrollar\u00e1n de acuerdo con las disposiciones del COE Nacional y Cantonal.<\/p>\t\t\t\t\t\t\t\t<\/div>\n\t\t\t\t<\/div>\n\t\t\t\t\t<\/div>\n\t\t<\/div>\n\t\t\t\t\t<\/div>\n\t\t<\/section>\n\t\t\t\t<\/div>\n\t\t","protected":false},"excerpt":{"rendered":"<p>UNAMYDESC de la Prefectura de Esmeraldas iniciar\u00e1 el 2021 con la repotenciaci\u00f3n del Centro M\u00e9dico, gracias a la Cooperaci\u00f3n Alemana GIZ, que le don\u00f3 equipos de alta tecnolog\u00eda para la atenci\u00f3n en electrocardiograma y un ec\u00f3grafo. Adem\u00e1s, ya contamos con un equipo de inmunolog\u00eda que servir\u00e1 para realizar ex\u00e1menes de tiroides y otros. Quienes deseen [&hellip;]<\/p>\n","protected":false},"author":2,"featured_media":8493,"comment_status":"closed","ping_status":"open","sticky":false,"template":"","format":"standard","meta":{"footnotes":""},"categories":[13],"tags":[],"class_list":["post-8504","post","type-post","status-publish","format-standard","has-post-thumbnail","hentry","category-patronato"],"yoast_head":"<!-- This site is optimized with the Yoast SEO plugin v25.7 - https:\/\/yoast.com\/wordpress\/plugins\/seo\/ -->\n<title>UNAMYDESC reactivar\u00e1 su accionar para los esmeralde\u00f1os. - Gobierno Aut\u00f3nomo Descentralizado de la Provincia de Esmeraldas<\/title>\n<meta name=\"robots\" content=\"index, follow, max-snippet:-1, max-image-preview:large, max-video-preview:-1\" \/>\n<link rel=\"canonical\" href=\"https:\/\/prefecturadeesmeraldas.gob.ec\/index.php\/2021\/01\/07\/unamydesc-reactivara-su-accionar-para-los-esmeraldenos\/\" \/>\n<meta property=\"og:locale\" content=\"es_ES\" \/>\n<meta property=\"og:type\" content=\"article\" \/>\n<meta property=\"og:title\" content=\"UNAMYDESC reactivar\u00e1 su accionar para los esmeralde\u00f1os. - Gobierno Aut\u00f3nomo Descentralizado de la Provincia de Esmeraldas\" \/>\n<meta property=\"og:description\" content=\"UNAMYDESC de la Prefectura de Esmeraldas iniciar\u00e1 el 2021 con la repotenciaci\u00f3n del Centro M\u00e9dico, gracias a la Cooperaci\u00f3n Alemana GIZ, que le don\u00f3 equipos de alta tecnolog\u00eda para la atenci\u00f3n en electrocardiograma y un ec\u00f3grafo. Adem\u00e1s, ya contamos con un equipo de inmunolog\u00eda que servir\u00e1 para realizar ex\u00e1menes de tiroides y otros. Quienes deseen [&hellip;]\" \/>\n<meta property=\"og:url\" content=\"https:\/\/prefecturadeesmeraldas.gob.ec\/index.php\/2021\/01\/07\/unamydesc-reactivara-su-accionar-para-los-esmeraldenos\/\" \/>\n<meta property=\"og:site_name\" content=\"Gobierno Aut\u00f3nomo Descentralizado de la Provincia de Esmeraldas\" \/>\n<meta property=\"article:publisher\" content=\"https:\/\/www.facebook.com\/PrefecturaEsmeraldas\/\" \/>\n<meta property=\"article:published_time\" content=\"2021-01-07T13:48:59+00:00\" \/>\n<meta property=\"article:modified_time\" content=\"2021-01-07T13:49:43+00:00\" \/>\n<meta property=\"og:image\" content=\"https:\/\/prefecturadeesmeraldas.gob.ec\/wp-content\/uploads\/2021\/01\/BOLETIN-007.jpg\" \/>\n\t<meta property=\"og:image:width\" content=\"1280\" \/>\n\t<meta property=\"og:image:height\" content=\"1280\" \/>\n\t<meta property=\"og:image:type\" content=\"image\/jpeg\" \/>\n<meta name=\"author\" content=\"Direcci\u00f3n de Comunicaci\u00f3n\" \/>\n<meta name=\"twitter:card\" content=\"summary_large_image\" \/>\n<meta name=\"twitter:label1\" content=\"Escrito por\" \/>\n\t<meta name=\"twitter:data1\" content=\"Direcci\u00f3n de Comunicaci\u00f3n\" \/>\n\t<meta name=\"twitter:label2\" content=\"Tiempo de lectura\" \/>\n\t<meta name=\"twitter:data2\" content=\"2 minutos\" \/>\n<script type=\"application\/ld+json\" class=\"yoast-schema-graph\">{\"@context\":\"https:\/\/schema.org\",\"@graph\":[{\"@type\":\"Article\",\"@id\":\"https:\/\/prefecturadeesmeraldas.gob.ec\/index.php\/2021\/01\/07\/unamydesc-reactivara-su-accionar-para-los-esmeraldenos\/#article\",\"isPartOf\":{\"@id\":\"https:\/\/prefecturadeesmeraldas.gob.ec\/index.php\/2021\/01\/07\/unamydesc-reactivara-su-accionar-para-los-esmeraldenos\/\"},\"author\":{\"name\":\"Direcci\u00f3n de Comunicaci\u00f3n\",\"@id\":\"https:\/\/prefecturadeesmeraldas.gob.ec\/#\/schema\/person\/b0c9e7b1ead7725994d1e319e8825234\"},\"headline\":\"UNAMYDESC reactivar\u00e1 su accionar para los esmeralde\u00f1os.\",\"datePublished\":\"2021-01-07T13:48:59+00:00\",\"dateModified\":\"2021-01-07T13:49:43+00:00\",\"mainEntityOfPage\":{\"@id\":\"https:\/\/prefecturadeesmeraldas.gob.ec\/index.php\/2021\/01\/07\/unamydesc-reactivara-su-accionar-para-los-esmeraldenos\/\"},\"wordCount\":308,\"publisher\":{\"@id\":\"https:\/\/prefecturadeesmeraldas.gob.ec\/#organization\"},\"image\":{\"@id\":\"https:\/\/prefecturadeesmeraldas.gob.ec\/index.php\/2021\/01\/07\/unamydesc-reactivara-su-accionar-para-los-esmeraldenos\/#primaryimage\"},\"thumbnailUrl\":\"https:\/\/prefecturadeesmeraldas.gob.ec\/wp-content\/uploads\/2021\/01\/BOLETIN-007.jpg\",\"articleSection\":[\"UNAMYDESC\"],\"inLanguage\":\"es\"},{\"@type\":\"WebPage\",\"@id\":\"https:\/\/prefecturadeesmeraldas.gob.ec\/index.php\/2021\/01\/07\/unamydesc-reactivara-su-accionar-para-los-esmeraldenos\/\",\"url\":\"https:\/\/prefecturadeesmeraldas.gob.ec\/index.php\/2021\/01\/07\/unamydesc-reactivara-su-accionar-para-los-esmeraldenos\/\",\"name\":\"UNAMYDESC reactivar\u00e1 su accionar para los esmeralde\u00f1os. - Gobierno Aut\u00f3nomo Descentralizado de la Provincia de Esmeraldas\",\"isPartOf\":{\"@id\":\"https:\/\/prefecturadeesmeraldas.gob.ec\/#website\"},\"primaryImageOfPage\":{\"@id\":\"https:\/\/prefecturadeesmeraldas.gob.ec\/index.php\/2021\/01\/07\/unamydesc-reactivara-su-accionar-para-los-esmeraldenos\/#primaryimage\"},\"image\":{\"@id\":\"https:\/\/prefecturadeesmeraldas.gob.ec\/index.php\/2021\/01\/07\/unamydesc-reactivara-su-accionar-para-los-esmeraldenos\/#primaryimage\"},\"thumbnailUrl\":\"https:\/\/prefecturadeesmeraldas.gob.ec\/wp-content\/uploads\/2021\/01\/BOLETIN-007.jpg\",\"datePublished\":\"2021-01-07T13:48:59+00:00\",\"dateModified\":\"2021-01-07T13:49:43+00:00\",\"breadcrumb\":{\"@id\":\"https:\/\/prefecturadeesmeraldas.gob.ec\/index.php\/2021\/01\/07\/unamydesc-reactivara-su-accionar-para-los-esmeraldenos\/#breadcrumb\"},\"inLanguage\":\"es\",\"potentialAction\":[{\"@type\":\"ReadAction\",\"target\":[\"https:\/\/prefecturadeesmeraldas.gob.ec\/index.php\/2021\/01\/07\/unamydesc-reactivara-su-accionar-para-los-esmeraldenos\/\"]}]},{\"@type\":\"ImageObject\",\"inLanguage\":\"es\",\"@id\":\"https:\/\/prefecturadeesmeraldas.gob.ec\/index.php\/2021\/01\/07\/unamydesc-reactivara-su-accionar-para-los-esmeraldenos\/#primaryimage\",\"url\":\"https:\/\/prefecturadeesmeraldas.gob.ec\/wp-content\/uploads\/2021\/01\/BOLETIN-007.jpg\",\"contentUrl\":\"https:\/\/prefecturadeesmeraldas.gob.ec\/wp-content\/uploads\/2021\/01\/BOLETIN-007.jpg\",\"width\":1280,\"height\":1280},{\"@type\":\"BreadcrumbList\",\"@id\":\"https:\/\/prefecturadeesmeraldas.gob.ec\/index.php\/2021\/01\/07\/unamydesc-reactivara-su-accionar-para-los-esmeraldenos\/#breadcrumb\",\"itemListElement\":[{\"@type\":\"ListItem\",\"position\":1,\"name\":\"Home\",\"item\":\"https:\/\/prefecturadeesmeraldas.gob.ec\/\"},{\"@type\":\"ListItem\",\"position\":2,\"name\":\"UNAMYDESC reactivar\u00e1 su accionar para los esmeralde\u00f1os.\"}]},{\"@type\":\"WebSite\",\"@id\":\"https:\/\/prefecturadeesmeraldas.gob.ec\/#website\",\"url\":\"https:\/\/prefecturadeesmeraldas.gob.ec\/\",\"name\":\"Gobierno Aut\u00f3nomo Descentralizado de la Provincia de Esmeraldas\",\"description\":\"Gobierno Aut\u00f3nomo Descentralizado de la Provincia de Esmeraldas\",\"publisher\":{\"@id\":\"https:\/\/prefecturadeesmeraldas.gob.ec\/#organization\"},\"potentialAction\":[{\"@type\":\"SearchAction\",\"target\":{\"@type\":\"EntryPoint\",\"urlTemplate\":\"https:\/\/prefecturadeesmeraldas.gob.ec\/?s={search_term_string}\"},\"query-input\":{\"@type\":\"PropertyValueSpecification\",\"valueRequired\":true,\"valueName\":\"search_term_string\"}}],\"inLanguage\":\"es\"},{\"@type\":\"Organization\",\"@id\":\"https:\/\/prefecturadeesmeraldas.gob.ec\/#organization\",\"name\":\"Gobierno Aut\u00f3nomo Descentralizado de la Provincia de Esmeraldas\",\"url\":\"https:\/\/prefecturadeesmeraldas.gob.ec\/\",\"logo\":{\"@type\":\"ImageObject\",\"inLanguage\":\"es\",\"@id\":\"https:\/\/prefecturadeesmeraldas.gob.ec\/#\/schema\/logo\/image\/\",\"url\":\"https:\/\/prefecturadeesmeraldas.gob.ec\/wp-content\/uploads\/2019\/06\/logo.png\",\"contentUrl\":\"https:\/\/prefecturadeesmeraldas.gob.ec\/wp-content\/uploads\/2019\/06\/logo.png\",\"width\":859,\"height\":448,\"caption\":\"Gobierno Aut\u00f3nomo Descentralizado de la Provincia de Esmeraldas\"},\"image\":{\"@id\":\"https:\/\/prefecturadeesmeraldas.gob.ec\/#\/schema\/logo\/image\/\"},\"sameAs\":[\"https:\/\/www.facebook.com\/PrefecturaEsmeraldas\/\"]},{\"@type\":\"Person\",\"@id\":\"https:\/\/prefecturadeesmeraldas.gob.ec\/#\/schema\/person\/b0c9e7b1ead7725994d1e319e8825234\",\"name\":\"Direcci\u00f3n de Comunicaci\u00f3n\",\"image\":{\"@type\":\"ImageObject\",\"inLanguage\":\"es\",\"@id\":\"https:\/\/prefecturadeesmeraldas.gob.ec\/#\/schema\/person\/image\/\",\"url\":\"https:\/\/secure.gravatar.com\/avatar\/74a3870a946f5d774ade3569af61a72308e07ad3346f370c4b468ee2a9858658?s=96&d=mm&r=g\",\"contentUrl\":\"https:\/\/secure.gravatar.com\/avatar\/74a3870a946f5d774ade3569af61a72308e07ad3346f370c4b468ee2a9858658?s=96&d=mm&r=g\",\"caption\":\"Direcci\u00f3n de Comunicaci\u00f3n\"}}]}<\/script>\n<!-- \/ Yoast SEO plugin. -->","yoast_head_json":{"title":"UNAMYDESC reactivar\u00e1 su accionar para los esmeralde\u00f1os. - Gobierno Aut\u00f3nomo Descentralizado de la Provincia de Esmeraldas","robots":{"index":"index","follow":"follow","max-snippet":"max-snippet:-1","max-image-preview":"max-image-preview:large","max-video-preview":"max-video-preview:-1"},"canonical":"https:\/\/prefecturadeesmeraldas.gob.ec\/index.php\/2021\/01\/07\/unamydesc-reactivara-su-accionar-para-los-esmeraldenos\/","og_locale":"es_ES","og_type":"article","og_title":"UNAMYDESC reactivar\u00e1 su accionar para los esmeralde\u00f1os. - Gobierno Aut\u00f3nomo Descentralizado de la Provincia de Esmeraldas","og_description":"UNAMYDESC de la Prefectura de Esmeraldas iniciar\u00e1 el 2021 con la repotenciaci\u00f3n del Centro M\u00e9dico, gracias a la Cooperaci\u00f3n Alemana GIZ, que le don\u00f3 equipos de alta tecnolog\u00eda para la atenci\u00f3n en electrocardiograma y un ec\u00f3grafo. Adem\u00e1s, ya contamos con un equipo de inmunolog\u00eda que servir\u00e1 para realizar ex\u00e1menes de tiroides y otros. Quienes deseen [&hellip;]","og_url":"https:\/\/prefecturadeesmeraldas.gob.ec\/index.php\/2021\/01\/07\/unamydesc-reactivara-su-accionar-para-los-esmeraldenos\/","og_site_name":"Gobierno Aut\u00f3nomo Descentralizado de la Provincia de Esmeraldas","article_publisher":"https:\/\/www.facebook.com\/PrefecturaEsmeraldas\/","article_published_time":"2021-01-07T13:48:59+00:00","article_modified_time":"2021-01-07T13:49:43+00:00","og_image":[{"width":1280,"height":1280,"url":"https:\/\/prefecturadeesmeraldas.gob.ec\/wp-content\/uploads\/2021\/01\/BOLETIN-007.jpg","type":"image\/jpeg"}],"author":"Direcci\u00f3n de Comunicaci\u00f3n","twitter_card":"summary_large_image","twitter_misc":{"Escrito por":"Direcci\u00f3n de Comunicaci\u00f3n","Tiempo de lectura":"2 minutos"},"schema":{"@context":"https:\/\/schema.org","@graph":[{"@type":"Article","@id":"https:\/\/prefecturadeesmeraldas.gob.ec\/index.php\/2021\/01\/07\/unamydesc-reactivara-su-accionar-para-los-esmeraldenos\/#article","isPartOf":{"@id":"https:\/\/prefecturadeesmeraldas.gob.ec\/index.php\/2021\/01\/07\/unamydesc-reactivara-su-accionar-para-los-esmeraldenos\/"},"author":{"name":"Direcci\u00f3n de Comunicaci\u00f3n","@id":"https:\/\/prefecturadeesmeraldas.gob.ec\/#\/schema\/person\/b0c9e7b1ead7725994d1e319e8825234"},"headline":"UNAMYDESC reactivar\u00e1 su accionar para los esmeralde\u00f1os.","datePublished":"2021-01-07T13:48:59+00:00","dateModified":"2021-01-07T13:49:43+00:00","mainEntityOfPage":{"@id":"https:\/\/prefecturadeesmeraldas.gob.ec\/index.php\/2021\/01\/07\/unamydesc-reactivara-su-accionar-para-los-esmeraldenos\/"},"wordCount":308,"publisher":{"@id":"https:\/\/prefecturadeesmeraldas.gob.ec\/#organization"},"image":{"@id":"https:\/\/prefecturadeesmeraldas.gob.ec\/index.php\/2021\/01\/07\/unamydesc-reactivara-su-accionar-para-los-esmeraldenos\/#primaryimage"},"thumbnailUrl":"https:\/\/prefecturadeesmeraldas.gob.ec\/wp-content\/uploads\/2021\/01\/BOLETIN-007.jpg","articleSection":["UNAMYDESC"],"inLanguage":"es"},{"@type":"WebPage","@id":"https:\/\/prefecturadeesmeraldas.gob.ec\/index.php\/2021\/01\/07\/unamydesc-reactivara-su-accionar-para-los-esmeraldenos\/","url":"https:\/\/prefecturadeesmeraldas.gob.ec\/index.php\/2021\/01\/07\/unamydesc-reactivara-su-accionar-para-los-esmeraldenos\/","name":"UNAMYDESC reactivar\u00e1 su accionar para los esmeralde\u00f1os. - Gobierno Aut\u00f3nomo Descentralizado de la Provincia de Esmeraldas","isPartOf":{"@id":"https:\/\/prefecturadeesmeraldas.gob.ec\/#website"},"primaryImageOfPage":{"@id":"https:\/\/prefecturadeesmeraldas.gob.ec\/index.php\/2021\/01\/07\/unamydesc-reactivara-su-accionar-para-los-esmeraldenos\/#primaryimage"},"image":{"@id":"https:\/\/prefecturadeesmeraldas.gob.ec\/index.php\/2021\/01\/07\/unamydesc-reactivara-su-accionar-para-los-esmeraldenos\/#primaryimage"},"thumbnailUrl":"https:\/\/prefecturadeesmeraldas.gob.ec\/wp-content\/uploads\/2021\/01\/BOLETIN-007.jpg","datePublished":"2021-01-07T13:48:59+00:00","dateModified":"2021-01-07T13:49:43+00:00","breadcrumb":{"@id":"https:\/\/prefecturadeesmeraldas.gob.ec\/index.php\/2021\/01\/07\/unamydesc-reactivara-su-accionar-para-los-esmeraldenos\/#breadcrumb"},"inLanguage":"es","potentialAction":[{"@type":"ReadAction","target":["https:\/\/prefecturadeesmeraldas.gob.ec\/index.php\/2021\/01\/07\/unamydesc-reactivara-su-accionar-para-los-esmeraldenos\/"]}]},{"@type":"ImageObject","inLanguage":"es","@id":"https:\/\/prefecturadeesmeraldas.gob.ec\/index.php\/2021\/01\/07\/unamydesc-reactivara-su-accionar-para-los-esmeraldenos\/#primaryimage","url":"https:\/\/prefecturadeesmeraldas.gob.ec\/wp-content\/uploads\/2021\/01\/BOLETIN-007.jpg","contentUrl":"https:\/\/prefecturadeesmeraldas.gob.ec\/wp-content\/uploads\/2021\/01\/BOLETIN-007.jpg","width":1280,"height":1280},{"@type":"BreadcrumbList","@id":"https:\/\/prefecturadeesmeraldas.gob.ec\/index.php\/2021\/01\/07\/unamydesc-reactivara-su-accionar-para-los-esmeraldenos\/#breadcrumb","itemListElement":[{"@type":"ListItem","position":1,"name":"Home","item":"https:\/\/prefecturadeesmeraldas.gob.ec\/"},{"@type":"ListItem","position":2,"name":"UNAMYDESC reactivar\u00e1 su accionar para los esmeralde\u00f1os."}]},{"@type":"WebSite","@id":"https:\/\/prefecturadeesmeraldas.gob.ec\/#website","url":"https:\/\/prefecturadeesmeraldas.gob.ec\/","name":"Gobierno Aut\u00f3nomo Descentralizado de la Provincia de Esmeraldas","description":"Gobierno Aut\u00f3nomo Descentralizado de la Provincia de Esmeraldas","publisher":{"@id":"https:\/\/prefecturadeesmeraldas.gob.ec\/#organization"},"potentialAction":[{"@type":"SearchAction","target":{"@type":"EntryPoint","urlTemplate":"https:\/\/prefecturadeesmeraldas.gob.ec\/?s={search_term_string}"},"query-input":{"@type":"PropertyValueSpecification","valueRequired":true,"valueName":"search_term_string"}}],"inLanguage":"es"},{"@type":"Organization","@id":"https:\/\/prefecturadeesmeraldas.gob.ec\/#organization","name":"Gobierno Aut\u00f3nomo Descentralizado de la Provincia de Esmeraldas","url":"https:\/\/prefecturadeesmeraldas.gob.ec\/","logo":{"@type":"ImageObject","inLanguage":"es","@id":"https:\/\/prefecturadeesmeraldas.gob.ec\/#\/schema\/logo\/image\/","url":"https:\/\/prefecturadeesmeraldas.gob.ec\/wp-content\/uploads\/2019\/06\/logo.png","contentUrl":"https:\/\/prefecturadeesmeraldas.gob.ec\/wp-content\/uploads\/2019\/06\/logo.png","width":859,"height":448,"caption":"Gobierno Aut\u00f3nomo Descentralizado de la Provincia de Esmeraldas"},"image":{"@id":"https:\/\/prefecturadeesmeraldas.gob.ec\/#\/schema\/logo\/image\/"},"sameAs":["https:\/\/www.facebook.com\/PrefecturaEsmeraldas\/"]},{"@type":"Person","@id":"https:\/\/prefecturadeesmeraldas.gob.ec\/#\/schema\/person\/b0c9e7b1ead7725994d1e319e8825234","name":"Direcci\u00f3n de Comunicaci\u00f3n","image":{"@type":"ImageObject","inLanguage":"es","@id":"https:\/\/prefecturadeesmeraldas.gob.ec\/#\/schema\/person\/image\/","url":"https:\/\/secure.gravatar.com\/avatar\/74a3870a946f5d774ade3569af61a72308e07ad3346f370c4b468ee2a9858658?s=96&d=mm&r=g","contentUrl":"https:\/\/secure.gravatar.com\/avatar\/74a3870a946f5d774ade3569af61a72308e07ad3346f370c4b468ee2a9858658?s=96&d=mm&r=g","caption":"Direcci\u00f3n de Comunicaci\u00f3n"}}]}},"_links":{"self":[{"href":"https:\/\/prefecturadeesmeraldas.gob.ec\/index.php\/wp-json\/wp\/v2\/posts\/8504","targetHints":{"allow":["GET"]}}],"collection":[{"href":"https:\/\/prefecturadeesmeraldas.gob.ec\/index.php\/wp-json\/wp\/v2\/posts"}],"about":[{"href":"https:\/\/prefecturadeesmeraldas.gob.ec\/index.php\/wp-json\/wp\/v2\/types\/post"}],"author":[{"embeddable":true,"href":"https:\/\/prefecturadeesmeraldas.gob.ec\/index.php\/wp-json\/wp\/v2\/users\/2"}],"replies":[{"embeddable":true,"href":"https:\/\/prefecturadeesmeraldas.gob.ec\/index.php\/wp-json\/wp\/v2\/comments?post=8504"}],"version-history":[{"count":0,"href":"https:\/\/prefecturadeesmeraldas.gob.ec\/index.php\/wp-json\/wp\/v2\/posts\/8504\/revisions"}],"wp:featuredmedia":[{"embeddable":true,"href":"https:\/\/prefecturadeesmeraldas.gob.ec\/index.php\/wp-json\/wp\/v2\/media\/8493"}],"wp:attachment":[{"href":"https:\/\/prefecturadeesmeraldas.gob.ec\/index.php\/wp-json\/wp\/v2\/media?parent=8504"}],"wp:term":[{"taxonomy":"category","embeddable":true,"href":"https:\/\/prefecturadeesmeraldas.gob.ec\/index.php\/wp-json\/wp\/v2\/categories?post=8504"},{"taxonomy":"post_tag","embeddable":true,"href":"https:\/\/prefecturadeesmeraldas.gob.ec\/index.php\/wp-json\/wp\/v2\/tags?post=8504"}],"curies":[{"name":"wp","href":"https:\/\/api.w.org\/{rel}","templated":true}]}}