{"id":7978,"date":"2020-12-11T10:23:52","date_gmt":"2020-12-11T15:23:52","guid":{"rendered":"http:\/\/prefecturadeesmeraldas.gob.ec\/?p=7978"},"modified":"2020-12-11T10:24:44","modified_gmt":"2020-12-11T15:24:44","slug":"miembros-de-la-junta-parroquial-de-la-tola-coordinan-acciones-junto-a-la-prefectura-de-esmeraldas-2","status":"publish","type":"post","link":"https:\/\/prefecturadeesmeraldas.gob.ec\/index.php\/2020\/12\/11\/miembros-de-la-junta-parroquial-de-la-tola-coordinan-acciones-junto-a-la-prefectura-de-esmeraldas-2\/","title":{"rendered":"Miembros de la Junta Parroquial de la Tola coordinan acciones junto a la Prefectura de Esmeraldas."},"content":{"rendered":"\t\t<div data-elementor-type=\"wp-post\" data-elementor-id=\"7978\" class=\"elementor elementor-7978\">\n\t\t\t\t\t\t<section class=\"elementor-section elementor-top-section elementor-element elementor-element-4b91821 elementor-section-boxed elementor-section-height-default elementor-section-height-default\" data-id=\"4b91821\" data-element_type=\"section\">\n\t\t\t\t\t\t<div class=\"elementor-container elementor-column-gap-default\">\n\t\t\t\t\t<div class=\"elementor-column elementor-col-100 elementor-top-column elementor-element elementor-element-105a20f\" data-id=\"105a20f\" data-element_type=\"column\">\n\t\t\t<div class=\"elementor-widget-wrap elementor-element-populated\">\n\t\t\t\t\t\t<div class=\"elementor-element elementor-element-37c83ad elementor-widget elementor-widget-image\" data-id=\"37c83ad\" data-element_type=\"widget\" data-widget_type=\"image.default\">\n\t\t\t\t<div class=\"elementor-widget-container\">\n\t\t\t\t\t\t\t\t\t\t\t\t\t\t\t<img fetchpriority=\"high\" decoding=\"async\" width=\"1024\" height=\"1024\" src=\"https:\/\/prefecturadeesmeraldas.gob.ec\/wp-content\/uploads\/2020\/12\/BOLETIN-1196-1024x1024.jpg\" class=\"attachment-large size-large wp-image-7939\" alt=\"\" srcset=\"https:\/\/prefecturadeesmeraldas.gob.ec\/wp-content\/uploads\/2020\/12\/BOLETIN-1196-1024x1024.jpg 1024w, https:\/\/prefecturadeesmeraldas.gob.ec\/wp-content\/uploads\/2020\/12\/BOLETIN-1196-240x240.jpg 240w, https:\/\/prefecturadeesmeraldas.gob.ec\/wp-content\/uploads\/2020\/12\/BOLETIN-1196-1080x1080.jpg 1080w, https:\/\/prefecturadeesmeraldas.gob.ec\/wp-content\/uploads\/2020\/12\/BOLETIN-1196-150x150.jpg 150w, https:\/\/prefecturadeesmeraldas.gob.ec\/wp-content\/uploads\/2020\/12\/BOLETIN-1196-300x300.jpg 300w, https:\/\/prefecturadeesmeraldas.gob.ec\/wp-content\/uploads\/2020\/12\/BOLETIN-1196-768x768.jpg 768w, https:\/\/prefecturadeesmeraldas.gob.ec\/wp-content\/uploads\/2020\/12\/BOLETIN-1196.jpg 1280w\" sizes=\"(max-width: 1024px) 100vw, 1024px\" \/>\t\t\t\t\t\t\t\t\t\t\t\t\t\t\t<\/div>\n\t\t\t\t<\/div>\n\t\t\t\t\t<\/div>\n\t\t<\/div>\n\t\t\t\t\t<\/div>\n\t\t<\/section>\n\t\t\t\t<section class=\"elementor-section elementor-top-section elementor-element elementor-element-f1d71ad elementor-section-boxed elementor-section-height-default elementor-section-height-default\" data-id=\"f1d71ad\" data-element_type=\"section\">\n\t\t\t\t\t\t<div class=\"elementor-container elementor-column-gap-default\">\n\t\t\t\t\t<div class=\"elementor-column elementor-col-100 elementor-top-column elementor-element elementor-element-84c48b0\" data-id=\"84c48b0\" data-element_type=\"column\">\n\t\t\t<div class=\"elementor-widget-wrap elementor-element-populated\">\n\t\t\t\t\t\t<div class=\"elementor-element elementor-element-831d77f elementor-widget elementor-widget-text-editor\" data-id=\"831d77f\" data-element_type=\"widget\" data-widget_type=\"text-editor.default\">\n\t\t\t\t<div class=\"elementor-widget-container\">\n\t\t\t\t\t\t\t\t\t<p>El inicio de los trabajos de mantenimiento de la v\u00eda Borb\u00f3n \u2013 La Tola, en el cant\u00f3n Eloy Alfaro, gener\u00f3 satisfacci\u00f3n entre los miembros de la Junta Parroquial de La Tola. Por tal motivo, el presidente, vicepresidenta y vocales, agradecieron la acci\u00f3n puesta en marcha y detallaron su inter\u00e9s por que se ejecuten otras intervenciones en favor del sector productivo de su parroquia.<\/p><p>Mediante una rueda de prensa, <strong>Arturo Zamora<\/strong>, presidente de la Junta Parroquial de La Tola, inform\u00f3 que, trabajos de mantenimiento fueron puestos en marcha sobre la principal v\u00eda de acceso y ruta de emergencia utilizada por cerca de un 50% de habitantes del cant\u00f3n Eloy Alfaro.<\/p><p><strong>Yesenia Obando<\/strong>, vicepresidenta, explic\u00f3 que, ante la falta de recursos econ\u00f3micos, la coordinaci\u00f3n de acciones positivas se logr\u00f3 a trav\u00e9s del grupo de avanzada del norte, de la Prefectura de Esmeraldas, a quienes adem\u00e1s del mantenimiento de la v\u00eda principal, han propuesto la ejecuci\u00f3n de otros trabajos.<\/p><p><strong>Para Julio M\u00e1rquez<\/strong>, vocal de la Junta, dentro del plan de trabajo propuesto a la Prefectura de Esmeraldas, se encuentra la intervenci\u00f3n de las calles principales de la parroquia, el cementerio, entre otras acciones.<\/p><p>Los trabajos coordinados, ser\u00e1n puestos en marcha de acuerdo con un orden de prioridades, entendiendo estar pr\u00f3ximos al inicio de una etapa invernal.<\/p>\t\t\t\t\t\t\t\t<\/div>\n\t\t\t\t<\/div>\n\t\t\t\t\t<\/div>\n\t\t<\/div>\n\t\t\t\t\t<\/div>\n\t\t<\/section>\n\t\t\t\t<\/div>\n\t\t","protected":false},"excerpt":{"rendered":"<p>El inicio de los trabajos de mantenimiento de la v\u00eda Borb\u00f3n \u2013 La Tola, en el cant\u00f3n Eloy Alfaro, gener\u00f3 satisfacci\u00f3n entre los miembros de la Junta Parroquial de La Tola. Por tal motivo, el presidente, vicepresidenta y vocales, agradecieron la acci\u00f3n puesta en marcha y detallaron su inter\u00e9s por que se ejecuten otras intervenciones [&hellip;]<\/p>\n","protected":false},"author":2,"featured_media":7939,"comment_status":"closed","ping_status":"open","sticky":false,"template":"","format":"standard","meta":{"footnotes":""},"categories":[14],"tags":[],"class_list":["post-7978","post","type-post","status-publish","format-standard","has-post-thumbnail","hentry","category-vialidad"],"yoast_head":"<!-- This site is optimized with the Yoast SEO plugin v25.7 - https:\/\/yoast.com\/wordpress\/plugins\/seo\/ -->\n<title>Miembros de la Junta Parroquial de la Tola coordinan acciones junto a la Prefectura de Esmeraldas. - Gobierno Aut\u00f3nomo Descentralizado de la Provincia de Esmeraldas<\/title>\n<meta name=\"robots\" content=\"index, follow, max-snippet:-1, max-image-preview:large, max-video-preview:-1\" \/>\n<link rel=\"canonical\" href=\"https:\/\/prefecturadeesmeraldas.gob.ec\/index.php\/2020\/12\/11\/miembros-de-la-junta-parroquial-de-la-tola-coordinan-acciones-junto-a-la-prefectura-de-esmeraldas-2\/\" \/>\n<meta property=\"og:locale\" content=\"es_ES\" \/>\n<meta property=\"og:type\" content=\"article\" \/>\n<meta property=\"og:title\" content=\"Miembros de la Junta Parroquial de la Tola coordinan acciones junto a la Prefectura de Esmeraldas. - Gobierno Aut\u00f3nomo Descentralizado de la Provincia de Esmeraldas\" \/>\n<meta property=\"og:description\" content=\"El inicio de los trabajos de mantenimiento de la v\u00eda Borb\u00f3n \u2013 La Tola, en el cant\u00f3n Eloy Alfaro, gener\u00f3 satisfacci\u00f3n entre los miembros de la Junta Parroquial de La Tola. Por tal motivo, el presidente, vicepresidenta y vocales, agradecieron la acci\u00f3n puesta en marcha y detallaron su inter\u00e9s por que se ejecuten otras intervenciones [&hellip;]\" \/>\n<meta property=\"og:url\" content=\"https:\/\/prefecturadeesmeraldas.gob.ec\/index.php\/2020\/12\/11\/miembros-de-la-junta-parroquial-de-la-tola-coordinan-acciones-junto-a-la-prefectura-de-esmeraldas-2\/\" \/>\n<meta property=\"og:site_name\" content=\"Gobierno Aut\u00f3nomo Descentralizado de la Provincia de Esmeraldas\" \/>\n<meta property=\"article:publisher\" content=\"https:\/\/www.facebook.com\/PrefecturaEsmeraldas\/\" \/>\n<meta property=\"article:published_time\" content=\"2020-12-11T15:23:52+00:00\" \/>\n<meta property=\"article:modified_time\" content=\"2020-12-11T15:24:44+00:00\" \/>\n<meta property=\"og:image\" content=\"https:\/\/prefecturadeesmeraldas.gob.ec\/wp-content\/uploads\/2020\/12\/BOLETIN-1196.jpg\" \/>\n\t<meta property=\"og:image:width\" content=\"1280\" \/>\n\t<meta property=\"og:image:height\" content=\"1280\" \/>\n\t<meta property=\"og:image:type\" content=\"image\/jpeg\" \/>\n<meta name=\"author\" content=\"Direcci\u00f3n de Comunicaci\u00f3n\" \/>\n<meta name=\"twitter:card\" content=\"summary_large_image\" \/>\n<meta name=\"twitter:label1\" content=\"Escrito por\" \/>\n\t<meta name=\"twitter:data1\" content=\"Direcci\u00f3n de Comunicaci\u00f3n\" \/>\n\t<meta name=\"twitter:label2\" content=\"Tiempo de lectura\" \/>\n\t<meta name=\"twitter:data2\" content=\"1 minuto\" \/>\n<script type=\"application\/ld+json\" class=\"yoast-schema-graph\">{\"@context\":\"https:\/\/schema.org\",\"@graph\":[{\"@type\":\"Article\",\"@id\":\"https:\/\/prefecturadeesmeraldas.gob.ec\/index.php\/2020\/12\/11\/miembros-de-la-junta-parroquial-de-la-tola-coordinan-acciones-junto-a-la-prefectura-de-esmeraldas-2\/#article\",\"isPartOf\":{\"@id\":\"https:\/\/prefecturadeesmeraldas.gob.ec\/index.php\/2020\/12\/11\/miembros-de-la-junta-parroquial-de-la-tola-coordinan-acciones-junto-a-la-prefectura-de-esmeraldas-2\/\"},\"author\":{\"name\":\"Direcci\u00f3n de Comunicaci\u00f3n\",\"@id\":\"https:\/\/prefecturadeesmeraldas.gob.ec\/#\/schema\/person\/b0c9e7b1ead7725994d1e319e8825234\"},\"headline\":\"Miembros de la Junta Parroquial de la Tola coordinan acciones junto a la Prefectura de Esmeraldas.\",\"datePublished\":\"2020-12-11T15:23:52+00:00\",\"dateModified\":\"2020-12-11T15:24:44+00:00\",\"mainEntityOfPage\":{\"@id\":\"https:\/\/prefecturadeesmeraldas.gob.ec\/index.php\/2020\/12\/11\/miembros-de-la-junta-parroquial-de-la-tola-coordinan-acciones-junto-a-la-prefectura-de-esmeraldas-2\/\"},\"wordCount\":245,\"publisher\":{\"@id\":\"https:\/\/prefecturadeesmeraldas.gob.ec\/#organization\"},\"image\":{\"@id\":\"https:\/\/prefecturadeesmeraldas.gob.ec\/index.php\/2020\/12\/11\/miembros-de-la-junta-parroquial-de-la-tola-coordinan-acciones-junto-a-la-prefectura-de-esmeraldas-2\/#primaryimage\"},\"thumbnailUrl\":\"https:\/\/prefecturadeesmeraldas.gob.ec\/wp-content\/uploads\/2020\/12\/BOLETIN-1196.jpg\",\"articleSection\":[\"Vialidad\"],\"inLanguage\":\"es\"},{\"@type\":\"WebPage\",\"@id\":\"https:\/\/prefecturadeesmeraldas.gob.ec\/index.php\/2020\/12\/11\/miembros-de-la-junta-parroquial-de-la-tola-coordinan-acciones-junto-a-la-prefectura-de-esmeraldas-2\/\",\"url\":\"https:\/\/prefecturadeesmeraldas.gob.ec\/index.php\/2020\/12\/11\/miembros-de-la-junta-parroquial-de-la-tola-coordinan-acciones-junto-a-la-prefectura-de-esmeraldas-2\/\",\"name\":\"Miembros de la Junta Parroquial de la Tola coordinan acciones junto a la Prefectura de Esmeraldas. - Gobierno Aut\u00f3nomo Descentralizado de la Provincia de Esmeraldas\",\"isPartOf\":{\"@id\":\"https:\/\/prefecturadeesmeraldas.gob.ec\/#website\"},\"primaryImageOfPage\":{\"@id\":\"https:\/\/prefecturadeesmeraldas.gob.ec\/index.php\/2020\/12\/11\/miembros-de-la-junta-parroquial-de-la-tola-coordinan-acciones-junto-a-la-prefectura-de-esmeraldas-2\/#primaryimage\"},\"image\":{\"@id\":\"https:\/\/prefecturadeesmeraldas.gob.ec\/index.php\/2020\/12\/11\/miembros-de-la-junta-parroquial-de-la-tola-coordinan-acciones-junto-a-la-prefectura-de-esmeraldas-2\/#primaryimage\"},\"thumbnailUrl\":\"https:\/\/prefecturadeesmeraldas.gob.ec\/wp-content\/uploads\/2020\/12\/BOLETIN-1196.jpg\",\"datePublished\":\"2020-12-11T15:23:52+00:00\",\"dateModified\":\"2020-12-11T15:24:44+00:00\",\"breadcrumb\":{\"@id\":\"https:\/\/prefecturadeesmeraldas.gob.ec\/index.php\/2020\/12\/11\/miembros-de-la-junta-parroquial-de-la-tola-coordinan-acciones-junto-a-la-prefectura-de-esmeraldas-2\/#breadcrumb\"},\"inLanguage\":\"es\",\"potentialAction\":[{\"@type\":\"ReadAction\",\"target\":[\"https:\/\/prefecturadeesmeraldas.gob.ec\/index.php\/2020\/12\/11\/miembros-de-la-junta-parroquial-de-la-tola-coordinan-acciones-junto-a-la-prefectura-de-esmeraldas-2\/\"]}]},{\"@type\":\"ImageObject\",\"inLanguage\":\"es\",\"@id\":\"https:\/\/prefecturadeesmeraldas.gob.ec\/index.php\/2020\/12\/11\/miembros-de-la-junta-parroquial-de-la-tola-coordinan-acciones-junto-a-la-prefectura-de-esmeraldas-2\/#primaryimage\",\"url\":\"https:\/\/prefecturadeesmeraldas.gob.ec\/wp-content\/uploads\/2020\/12\/BOLETIN-1196.jpg\",\"contentUrl\":\"https:\/\/prefecturadeesmeraldas.gob.ec\/wp-content\/uploads\/2020\/12\/BOLETIN-1196.jpg\",\"width\":1280,\"height\":1280},{\"@type\":\"BreadcrumbList\",\"@id\":\"https:\/\/prefecturadeesmeraldas.gob.ec\/index.php\/2020\/12\/11\/miembros-de-la-junta-parroquial-de-la-tola-coordinan-acciones-junto-a-la-prefectura-de-esmeraldas-2\/#breadcrumb\",\"itemListElement\":[{\"@type\":\"ListItem\",\"position\":1,\"name\":\"Home\",\"item\":\"https:\/\/prefecturadeesmeraldas.gob.ec\/\"},{\"@type\":\"ListItem\",\"position\":2,\"name\":\"Miembros de la Junta Parroquial de la Tola coordinan acciones junto a la Prefectura de Esmeraldas.\"}]},{\"@type\":\"WebSite\",\"@id\":\"https:\/\/prefecturadeesmeraldas.gob.ec\/#website\",\"url\":\"https:\/\/prefecturadeesmeraldas.gob.ec\/\",\"name\":\"Gobierno Aut\u00f3nomo Descentralizado de la Provincia de Esmeraldas\",\"description\":\"Gobierno Aut\u00f3nomo Descentralizado de la Provincia de Esmeraldas\",\"publisher\":{\"@id\":\"https:\/\/prefecturadeesmeraldas.gob.ec\/#organization\"},\"potentialAction\":[{\"@type\":\"SearchAction\",\"target\":{\"@type\":\"EntryPoint\",\"urlTemplate\":\"https:\/\/prefecturadeesmeraldas.gob.ec\/?s={search_term_string}\"},\"query-input\":{\"@type\":\"PropertyValueSpecification\",\"valueRequired\":true,\"valueName\":\"search_term_string\"}}],\"inLanguage\":\"es\"},{\"@type\":\"Organization\",\"@id\":\"https:\/\/prefecturadeesmeraldas.gob.ec\/#organization\",\"name\":\"Gobierno Aut\u00f3nomo Descentralizado de la Provincia de Esmeraldas\",\"url\":\"https:\/\/prefecturadeesmeraldas.gob.ec\/\",\"logo\":{\"@type\":\"ImageObject\",\"inLanguage\":\"es\",\"@id\":\"https:\/\/prefecturadeesmeraldas.gob.ec\/#\/schema\/logo\/image\/\",\"url\":\"https:\/\/prefecturadeesmeraldas.gob.ec\/wp-content\/uploads\/2019\/06\/logo.png\",\"contentUrl\":\"https:\/\/prefecturadeesmeraldas.gob.ec\/wp-content\/uploads\/2019\/06\/logo.png\",\"width\":859,\"height\":448,\"caption\":\"Gobierno Aut\u00f3nomo Descentralizado de la Provincia de Esmeraldas\"},\"image\":{\"@id\":\"https:\/\/prefecturadeesmeraldas.gob.ec\/#\/schema\/logo\/image\/\"},\"sameAs\":[\"https:\/\/www.facebook.com\/PrefecturaEsmeraldas\/\"]},{\"@type\":\"Person\",\"@id\":\"https:\/\/prefecturadeesmeraldas.gob.ec\/#\/schema\/person\/b0c9e7b1ead7725994d1e319e8825234\",\"name\":\"Direcci\u00f3n de Comunicaci\u00f3n\",\"image\":{\"@type\":\"ImageObject\",\"inLanguage\":\"es\",\"@id\":\"https:\/\/prefecturadeesmeraldas.gob.ec\/#\/schema\/person\/image\/\",\"url\":\"https:\/\/secure.gravatar.com\/avatar\/74a3870a946f5d774ade3569af61a72308e07ad3346f370c4b468ee2a9858658?s=96&d=mm&r=g\",\"contentUrl\":\"https:\/\/secure.gravatar.com\/avatar\/74a3870a946f5d774ade3569af61a72308e07ad3346f370c4b468ee2a9858658?s=96&d=mm&r=g\",\"caption\":\"Direcci\u00f3n de Comunicaci\u00f3n\"}}]}<\/script>\n<!-- \/ Yoast SEO plugin. -->","yoast_head_json":{"title":"Miembros de la Junta Parroquial de la Tola coordinan acciones junto a la Prefectura de Esmeraldas. - Gobierno Aut\u00f3nomo Descentralizado de la Provincia de Esmeraldas","robots":{"index":"index","follow":"follow","max-snippet":"max-snippet:-1","max-image-preview":"max-image-preview:large","max-video-preview":"max-video-preview:-1"},"canonical":"https:\/\/prefecturadeesmeraldas.gob.ec\/index.php\/2020\/12\/11\/miembros-de-la-junta-parroquial-de-la-tola-coordinan-acciones-junto-a-la-prefectura-de-esmeraldas-2\/","og_locale":"es_ES","og_type":"article","og_title":"Miembros de la Junta Parroquial de la Tola coordinan acciones junto a la Prefectura de Esmeraldas. - Gobierno Aut\u00f3nomo Descentralizado de la Provincia de Esmeraldas","og_description":"El inicio de los trabajos de mantenimiento de la v\u00eda Borb\u00f3n \u2013 La Tola, en el cant\u00f3n Eloy Alfaro, gener\u00f3 satisfacci\u00f3n entre los miembros de la Junta Parroquial de La Tola. Por tal motivo, el presidente, vicepresidenta y vocales, agradecieron la acci\u00f3n puesta en marcha y detallaron su inter\u00e9s por que se ejecuten otras intervenciones [&hellip;]","og_url":"https:\/\/prefecturadeesmeraldas.gob.ec\/index.php\/2020\/12\/11\/miembros-de-la-junta-parroquial-de-la-tola-coordinan-acciones-junto-a-la-prefectura-de-esmeraldas-2\/","og_site_name":"Gobierno Aut\u00f3nomo Descentralizado de la Provincia de Esmeraldas","article_publisher":"https:\/\/www.facebook.com\/PrefecturaEsmeraldas\/","article_published_time":"2020-12-11T15:23:52+00:00","article_modified_time":"2020-12-11T15:24:44+00:00","og_image":[{"width":1280,"height":1280,"url":"https:\/\/prefecturadeesmeraldas.gob.ec\/wp-content\/uploads\/2020\/12\/BOLETIN-1196.jpg","type":"image\/jpeg"}],"author":"Direcci\u00f3n de Comunicaci\u00f3n","twitter_card":"summary_large_image","twitter_misc":{"Escrito por":"Direcci\u00f3n de Comunicaci\u00f3n","Tiempo de lectura":"1 minuto"},"schema":{"@context":"https:\/\/schema.org","@graph":[{"@type":"Article","@id":"https:\/\/prefecturadeesmeraldas.gob.ec\/index.php\/2020\/12\/11\/miembros-de-la-junta-parroquial-de-la-tola-coordinan-acciones-junto-a-la-prefectura-de-esmeraldas-2\/#article","isPartOf":{"@id":"https:\/\/prefecturadeesmeraldas.gob.ec\/index.php\/2020\/12\/11\/miembros-de-la-junta-parroquial-de-la-tola-coordinan-acciones-junto-a-la-prefectura-de-esmeraldas-2\/"},"author":{"name":"Direcci\u00f3n de Comunicaci\u00f3n","@id":"https:\/\/prefecturadeesmeraldas.gob.ec\/#\/schema\/person\/b0c9e7b1ead7725994d1e319e8825234"},"headline":"Miembros de la Junta Parroquial de la Tola coordinan acciones junto a la Prefectura de Esmeraldas.","datePublished":"2020-12-11T15:23:52+00:00","dateModified":"2020-12-11T15:24:44+00:00","mainEntityOfPage":{"@id":"https:\/\/prefecturadeesmeraldas.gob.ec\/index.php\/2020\/12\/11\/miembros-de-la-junta-parroquial-de-la-tola-coordinan-acciones-junto-a-la-prefectura-de-esmeraldas-2\/"},"wordCount":245,"publisher":{"@id":"https:\/\/prefecturadeesmeraldas.gob.ec\/#organization"},"image":{"@id":"https:\/\/prefecturadeesmeraldas.gob.ec\/index.php\/2020\/12\/11\/miembros-de-la-junta-parroquial-de-la-tola-coordinan-acciones-junto-a-la-prefectura-de-esmeraldas-2\/#primaryimage"},"thumbnailUrl":"https:\/\/prefecturadeesmeraldas.gob.ec\/wp-content\/uploads\/2020\/12\/BOLETIN-1196.jpg","articleSection":["Vialidad"],"inLanguage":"es"},{"@type":"WebPage","@id":"https:\/\/prefecturadeesmeraldas.gob.ec\/index.php\/2020\/12\/11\/miembros-de-la-junta-parroquial-de-la-tola-coordinan-acciones-junto-a-la-prefectura-de-esmeraldas-2\/","url":"https:\/\/prefecturadeesmeraldas.gob.ec\/index.php\/2020\/12\/11\/miembros-de-la-junta-parroquial-de-la-tola-coordinan-acciones-junto-a-la-prefectura-de-esmeraldas-2\/","name":"Miembros de la Junta Parroquial de la Tola coordinan acciones junto a la Prefectura de Esmeraldas. - Gobierno Aut\u00f3nomo Descentralizado de la Provincia de Esmeraldas","isPartOf":{"@id":"https:\/\/prefecturadeesmeraldas.gob.ec\/#website"},"primaryImageOfPage":{"@id":"https:\/\/prefecturadeesmeraldas.gob.ec\/index.php\/2020\/12\/11\/miembros-de-la-junta-parroquial-de-la-tola-coordinan-acciones-junto-a-la-prefectura-de-esmeraldas-2\/#primaryimage"},"image":{"@id":"https:\/\/prefecturadeesmeraldas.gob.ec\/index.php\/2020\/12\/11\/miembros-de-la-junta-parroquial-de-la-tola-coordinan-acciones-junto-a-la-prefectura-de-esmeraldas-2\/#primaryimage"},"thumbnailUrl":"https:\/\/prefecturadeesmeraldas.gob.ec\/wp-content\/uploads\/2020\/12\/BOLETIN-1196.jpg","datePublished":"2020-12-11T15:23:52+00:00","dateModified":"2020-12-11T15:24:44+00:00","breadcrumb":{"@id":"https:\/\/prefecturadeesmeraldas.gob.ec\/index.php\/2020\/12\/11\/miembros-de-la-junta-parroquial-de-la-tola-coordinan-acciones-junto-a-la-prefectura-de-esmeraldas-2\/#breadcrumb"},"inLanguage":"es","potentialAction":[{"@type":"ReadAction","target":["https:\/\/prefecturadeesmeraldas.gob.ec\/index.php\/2020\/12\/11\/miembros-de-la-junta-parroquial-de-la-tola-coordinan-acciones-junto-a-la-prefectura-de-esmeraldas-2\/"]}]},{"@type":"ImageObject","inLanguage":"es","@id":"https:\/\/prefecturadeesmeraldas.gob.ec\/index.php\/2020\/12\/11\/miembros-de-la-junta-parroquial-de-la-tola-coordinan-acciones-junto-a-la-prefectura-de-esmeraldas-2\/#primaryimage","url":"https:\/\/prefecturadeesmeraldas.gob.ec\/wp-content\/uploads\/2020\/12\/BOLETIN-1196.jpg","contentUrl":"https:\/\/prefecturadeesmeraldas.gob.ec\/wp-content\/uploads\/2020\/12\/BOLETIN-1196.jpg","width":1280,"height":1280},{"@type":"BreadcrumbList","@id":"https:\/\/prefecturadeesmeraldas.gob.ec\/index.php\/2020\/12\/11\/miembros-de-la-junta-parroquial-de-la-tola-coordinan-acciones-junto-a-la-prefectura-de-esmeraldas-2\/#breadcrumb","itemListElement":[{"@type":"ListItem","position":1,"name":"Home","item":"https:\/\/prefecturadeesmeraldas.gob.ec\/"},{"@type":"ListItem","position":2,"name":"Miembros de la Junta Parroquial de la Tola coordinan acciones junto a la Prefectura de Esmeraldas."}]},{"@type":"WebSite","@id":"https:\/\/prefecturadeesmeraldas.gob.ec\/#website","url":"https:\/\/prefecturadeesmeraldas.gob.ec\/","name":"Gobierno Aut\u00f3nomo Descentralizado de la Provincia de Esmeraldas","description":"Gobierno Aut\u00f3nomo Descentralizado de la Provincia de Esmeraldas","publisher":{"@id":"https:\/\/prefecturadeesmeraldas.gob.ec\/#organization"},"potentialAction":[{"@type":"SearchAction","target":{"@type":"EntryPoint","urlTemplate":"https:\/\/prefecturadeesmeraldas.gob.ec\/?s={search_term_string}"},"query-input":{"@type":"PropertyValueSpecification","valueRequired":true,"valueName":"search_term_string"}}],"inLanguage":"es"},{"@type":"Organization","@id":"https:\/\/prefecturadeesmeraldas.gob.ec\/#organization","name":"Gobierno Aut\u00f3nomo Descentralizado de la Provincia de Esmeraldas","url":"https:\/\/prefecturadeesmeraldas.gob.ec\/","logo":{"@type":"ImageObject","inLanguage":"es","@id":"https:\/\/prefecturadeesmeraldas.gob.ec\/#\/schema\/logo\/image\/","url":"https:\/\/prefecturadeesmeraldas.gob.ec\/wp-content\/uploads\/2019\/06\/logo.png","contentUrl":"https:\/\/prefecturadeesmeraldas.gob.ec\/wp-content\/uploads\/2019\/06\/logo.png","width":859,"height":448,"caption":"Gobierno Aut\u00f3nomo Descentralizado de la Provincia de Esmeraldas"},"image":{"@id":"https:\/\/prefecturadeesmeraldas.gob.ec\/#\/schema\/logo\/image\/"},"sameAs":["https:\/\/www.facebook.com\/PrefecturaEsmeraldas\/"]},{"@type":"Person","@id":"https:\/\/prefecturadeesmeraldas.gob.ec\/#\/schema\/person\/b0c9e7b1ead7725994d1e319e8825234","name":"Direcci\u00f3n de Comunicaci\u00f3n","image":{"@type":"ImageObject","inLanguage":"es","@id":"https:\/\/prefecturadeesmeraldas.gob.ec\/#\/schema\/person\/image\/","url":"https:\/\/secure.gravatar.com\/avatar\/74a3870a946f5d774ade3569af61a72308e07ad3346f370c4b468ee2a9858658?s=96&d=mm&r=g","contentUrl":"https:\/\/secure.gravatar.com\/avatar\/74a3870a946f5d774ade3569af61a72308e07ad3346f370c4b468ee2a9858658?s=96&d=mm&r=g","caption":"Direcci\u00f3n de Comunicaci\u00f3n"}}]}},"_links":{"self":[{"href":"https:\/\/prefecturadeesmeraldas.gob.ec\/index.php\/wp-json\/wp\/v2\/posts\/7978","targetHints":{"allow":["GET"]}}],"collection":[{"href":"https:\/\/prefecturadeesmeraldas.gob.ec\/index.php\/wp-json\/wp\/v2\/posts"}],"about":[{"href":"https:\/\/prefecturadeesmeraldas.gob.ec\/index.php\/wp-json\/wp\/v2\/types\/post"}],"author":[{"embeddable":true,"href":"https:\/\/prefecturadeesmeraldas.gob.ec\/index.php\/wp-json\/wp\/v2\/users\/2"}],"replies":[{"embeddable":true,"href":"https:\/\/prefecturadeesmeraldas.gob.ec\/index.php\/wp-json\/wp\/v2\/comments?post=7978"}],"version-history":[{"count":0,"href":"https:\/\/prefecturadeesmeraldas.gob.ec\/index.php\/wp-json\/wp\/v2\/posts\/7978\/revisions"}],"wp:featuredmedia":[{"embeddable":true,"href":"https:\/\/prefecturadeesmeraldas.gob.ec\/index.php\/wp-json\/wp\/v2\/media\/7939"}],"wp:attachment":[{"href":"https:\/\/prefecturadeesmeraldas.gob.ec\/index.php\/wp-json\/wp\/v2\/media?parent=7978"}],"wp:term":[{"taxonomy":"category","embeddable":true,"href":"https:\/\/prefecturadeesmeraldas.gob.ec\/index.php\/wp-json\/wp\/v2\/categories?post=7978"},{"taxonomy":"post_tag","embeddable":true,"href":"https:\/\/prefecturadeesmeraldas.gob.ec\/index.php\/wp-json\/wp\/v2\/tags?post=7978"}],"curies":[{"name":"wp","href":"https:\/\/api.w.org\/{rel}","templated":true}]}}