{"id":7864,"date":"2020-12-04T10:57:49","date_gmt":"2020-12-04T15:57:49","guid":{"rendered":"http:\/\/prefecturadeesmeraldas.gob.ec\/?p=7864"},"modified":"2020-12-04T10:59:34","modified_gmt":"2020-12-04T15:59:34","slug":"mas-de-150-mujeres-embarazadas-del-canton-esmeraldas-reciben-las-panaleras-de-la-campana-mi-primer-regalo","status":"publish","type":"post","link":"https:\/\/prefecturadeesmeraldas.gob.ec\/index.php\/2020\/12\/04\/mas-de-150-mujeres-embarazadas-del-canton-esmeraldas-reciben-las-panaleras-de-la-campana-mi-primer-regalo\/","title":{"rendered":"M\u00e1s de 150 mujeres embarazadas del cant\u00f3n esmeraldas reciben las pa\u00f1aleras de la campa\u00f1a \u201cMi primer regalo\u201d."},"content":{"rendered":"\t\t<div data-elementor-type=\"wp-post\" data-elementor-id=\"7864\" class=\"elementor elementor-7864\">\n\t\t\t\t\t\t<section class=\"elementor-section elementor-top-section elementor-element elementor-element-6f1d035 elementor-section-boxed elementor-section-height-default elementor-section-height-default\" data-id=\"6f1d035\" data-element_type=\"section\">\n\t\t\t\t\t\t<div class=\"elementor-container elementor-column-gap-default\">\n\t\t\t\t\t<div class=\"elementor-column elementor-col-100 elementor-top-column elementor-element elementor-element-a4756ec\" data-id=\"a4756ec\" data-element_type=\"column\">\n\t\t\t<div class=\"elementor-widget-wrap elementor-element-populated\">\n\t\t\t\t\t\t<div class=\"elementor-element elementor-element-1eee53a elementor-widget elementor-widget-image\" data-id=\"1eee53a\" data-element_type=\"widget\" data-widget_type=\"image.default\">\n\t\t\t\t<div class=\"elementor-widget-container\">\n\t\t\t\t\t\t\t\t\t\t\t\t\t\t\t<img fetchpriority=\"high\" decoding=\"async\" width=\"1024\" height=\"472\" src=\"https:\/\/prefecturadeesmeraldas.gob.ec\/wp-content\/uploads\/2020\/12\/BOLETIN-1172-1024x472.jpg\" class=\"attachment-large size-large wp-image-7849\" alt=\"\" srcset=\"https:\/\/prefecturadeesmeraldas.gob.ec\/wp-content\/uploads\/2020\/12\/BOLETIN-1172-1024x472.jpg 1024w, https:\/\/prefecturadeesmeraldas.gob.ec\/wp-content\/uploads\/2020\/12\/BOLETIN-1172-1080x498.jpg 1080w, https:\/\/prefecturadeesmeraldas.gob.ec\/wp-content\/uploads\/2020\/12\/BOLETIN-1172-300x138.jpg 300w, https:\/\/prefecturadeesmeraldas.gob.ec\/wp-content\/uploads\/2020\/12\/BOLETIN-1172-768x354.jpg 768w, https:\/\/prefecturadeesmeraldas.gob.ec\/wp-content\/uploads\/2020\/12\/BOLETIN-1172.jpg 1280w\" sizes=\"(max-width: 1024px) 100vw, 1024px\" \/>\t\t\t\t\t\t\t\t\t\t\t\t\t\t\t<\/div>\n\t\t\t\t<\/div>\n\t\t\t\t\t<\/div>\n\t\t<\/div>\n\t\t\t\t\t<\/div>\n\t\t<\/section>\n\t\t\t\t<section class=\"elementor-section elementor-top-section elementor-element elementor-element-d083ef7 elementor-section-boxed elementor-section-height-default elementor-section-height-default\" data-id=\"d083ef7\" data-element_type=\"section\">\n\t\t\t\t\t\t<div class=\"elementor-container elementor-column-gap-default\">\n\t\t\t\t\t<div class=\"elementor-column elementor-col-100 elementor-top-column elementor-element elementor-element-83167c5\" data-id=\"83167c5\" data-element_type=\"column\">\n\t\t\t<div class=\"elementor-widget-wrap elementor-element-populated\">\n\t\t\t\t\t\t<div class=\"elementor-element elementor-element-d3226b0 elementor-widget elementor-widget-text-editor\" data-id=\"d3226b0\" data-element_type=\"widget\" data-widget_type=\"text-editor.default\">\n\t\t\t\t<div class=\"elementor-widget-container\">\n\t\t\t\t\t\t\t\t\t<p>M\u00e1s de 150 mujeres embarazadas del cant\u00f3n Esmeraldas, recibieron a trav\u00e9s de la Direcci\u00f3n de Acci\u00f3n Social, Inclusi\u00f3n y Participaci\u00f3n <a href=\"https:\/\/www.facebook.com\/hashtag\/dasip?__eep__=6&amp;__cft__%5b0%5d=AZXrrPIj3h_aWV1Xb5v9Db1t70JoipeVlzYtLwBnBo7tAfuAOmRxhV1FhnMmZ8bgdS1k23aaZCKTuVaN2JW4XH2NFKpf6Cw1QQNbdZ4A5SbB6RY331-Y0TIyrJiQ0BnDbJuL4uUjwBDYWOwYO3-2nZyVKBAyCJR5ZtYdwljslG9kUNZ78lygWazQPeEcqHa4Ln8&amp;__tn__=*NK-R\">DASIP<\/a>, pa\u00f1aleras con implementos para el cuidado de un beb\u00e9 reci\u00e9n nacido, que son parte de la Campa\u00f1a: Mi Primer Regalo que lleva adelante la Prefectura de Esmeraldas.<\/p><p><\/p><p>En el acto, realizado en el Sal\u00f3n C\u00edvico T\u00e1cito Ortiz Urriola, estuvo presente la Prefecta Roberta Zambrano. Tambi\u00e9n se entregaron reconocimientos a la Polic\u00eda de Esmeraldas por impartir charlas de capacitaci\u00f3n a las mujeres, para eliminar la violencia de g\u00e9nero.<\/p><p><\/p><p>Samuel C\u00e9lleri, director de DASIP, dijo que hoy m\u00e1s que nunca se impulsan desde la Prefectura de Esmeraldas, pol\u00edticas inclusivas y a favor de las madres esmeralde\u00f1as. Resalt\u00f3 el acercamiento y gran acogida que ha tenido este programa a nivel de toda la provincia donde m\u00e1s de mil mujeres embarazadas han sido parte de este.<\/p><p><\/p><p>La Prefecta Roberta Zambrano, resalt\u00f3 el rol de la mujer en la sociedad y dijo que desde la Prefectura siempre habr\u00e1 una pol\u00edtica inclusiva y equitativa lo que se refleja en los programas de apoyo a los emprendimientos, a las madres y a las mujeres embarazadas y afirm\u00f3 que este proceso no se detendr\u00e1.<\/p><p><\/p><p>Gioconda Falcones, Carla Charcopa y Jhoana Cheme, agradecieron por la iniciativa que est\u00e1 llevando la Prefectura de Esmeraldas y solicitaron que este tipo de acciones se mantengan en beneficio de las mujeres esmeralde\u00f1as.<\/p>\t\t\t\t\t\t\t\t<\/div>\n\t\t\t\t<\/div>\n\t\t\t\t\t<\/div>\n\t\t<\/div>\n\t\t\t\t\t<\/div>\n\t\t<\/section>\n\t\t\t\t<\/div>\n\t\t","protected":false},"excerpt":{"rendered":"<p>M\u00e1s de 150 mujeres embarazadas del cant\u00f3n Esmeraldas, recibieron a trav\u00e9s de la Direcci\u00f3n de Acci\u00f3n Social, Inclusi\u00f3n y Participaci\u00f3n DASIP, pa\u00f1aleras con implementos para el cuidado de un beb\u00e9 reci\u00e9n nacido, que son parte de la Campa\u00f1a: Mi Primer Regalo que lleva adelante la Prefectura de Esmeraldas. En el acto, realizado en el Sal\u00f3n [&hellip;]<\/p>\n","protected":false},"author":2,"featured_media":7849,"comment_status":"closed","ping_status":"open","sticky":false,"template":"","format":"standard","meta":{"footnotes":""},"categories":[23],"tags":[],"class_list":["post-7864","post","type-post","status-publish","format-standard","has-post-thumbnail","hentry","category-dasip"],"yoast_head":"<!-- This site is optimized with the Yoast SEO plugin v25.7 - https:\/\/yoast.com\/wordpress\/plugins\/seo\/ -->\n<title>M\u00e1s de 150 mujeres embarazadas del cant\u00f3n esmeraldas reciben las pa\u00f1aleras de la campa\u00f1a \u201cMi primer regalo\u201d. - Gobierno Aut\u00f3nomo Descentralizado de la Provincia de Esmeraldas<\/title>\n<meta name=\"robots\" content=\"index, follow, max-snippet:-1, max-image-preview:large, max-video-preview:-1\" \/>\n<link rel=\"canonical\" href=\"https:\/\/prefecturadeesmeraldas.gob.ec\/index.php\/2020\/12\/04\/mas-de-150-mujeres-embarazadas-del-canton-esmeraldas-reciben-las-panaleras-de-la-campana-mi-primer-regalo\/\" \/>\n<meta property=\"og:locale\" content=\"es_ES\" \/>\n<meta property=\"og:type\" content=\"article\" \/>\n<meta property=\"og:title\" content=\"M\u00e1s de 150 mujeres embarazadas del cant\u00f3n esmeraldas reciben las pa\u00f1aleras de la campa\u00f1a \u201cMi primer regalo\u201d. - Gobierno Aut\u00f3nomo Descentralizado de la Provincia de Esmeraldas\" \/>\n<meta property=\"og:description\" content=\"M\u00e1s de 150 mujeres embarazadas del cant\u00f3n Esmeraldas, recibieron a trav\u00e9s de la Direcci\u00f3n de Acci\u00f3n Social, Inclusi\u00f3n y Participaci\u00f3n DASIP, pa\u00f1aleras con implementos para el cuidado de un beb\u00e9 reci\u00e9n nacido, que son parte de la Campa\u00f1a: Mi Primer Regalo que lleva adelante la Prefectura de Esmeraldas. En el acto, realizado en el Sal\u00f3n [&hellip;]\" \/>\n<meta property=\"og:url\" content=\"https:\/\/prefecturadeesmeraldas.gob.ec\/index.php\/2020\/12\/04\/mas-de-150-mujeres-embarazadas-del-canton-esmeraldas-reciben-las-panaleras-de-la-campana-mi-primer-regalo\/\" \/>\n<meta property=\"og:site_name\" content=\"Gobierno Aut\u00f3nomo Descentralizado de la Provincia de Esmeraldas\" \/>\n<meta property=\"article:publisher\" content=\"https:\/\/www.facebook.com\/PrefecturaEsmeraldas\/\" \/>\n<meta property=\"article:published_time\" content=\"2020-12-04T15:57:49+00:00\" \/>\n<meta property=\"article:modified_time\" content=\"2020-12-04T15:59:34+00:00\" \/>\n<meta property=\"og:image\" content=\"https:\/\/prefecturadeesmeraldas.gob.ec\/wp-content\/uploads\/2020\/12\/BOLETIN-1172.jpg\" \/>\n\t<meta property=\"og:image:width\" content=\"1280\" \/>\n\t<meta property=\"og:image:height\" content=\"590\" \/>\n\t<meta property=\"og:image:type\" content=\"image\/jpeg\" \/>\n<meta name=\"author\" content=\"Direcci\u00f3n de Comunicaci\u00f3n\" \/>\n<meta name=\"twitter:card\" content=\"summary_large_image\" \/>\n<meta name=\"twitter:label1\" content=\"Escrito por\" \/>\n\t<meta name=\"twitter:data1\" content=\"Direcci\u00f3n de Comunicaci\u00f3n\" \/>\n\t<meta name=\"twitter:label2\" content=\"Tiempo de lectura\" \/>\n\t<meta name=\"twitter:data2\" content=\"1 minuto\" \/>\n<script type=\"application\/ld+json\" class=\"yoast-schema-graph\">{\"@context\":\"https:\/\/schema.org\",\"@graph\":[{\"@type\":\"Article\",\"@id\":\"https:\/\/prefecturadeesmeraldas.gob.ec\/index.php\/2020\/12\/04\/mas-de-150-mujeres-embarazadas-del-canton-esmeraldas-reciben-las-panaleras-de-la-campana-mi-primer-regalo\/#article\",\"isPartOf\":{\"@id\":\"https:\/\/prefecturadeesmeraldas.gob.ec\/index.php\/2020\/12\/04\/mas-de-150-mujeres-embarazadas-del-canton-esmeraldas-reciben-las-panaleras-de-la-campana-mi-primer-regalo\/\"},\"author\":{\"name\":\"Direcci\u00f3n de Comunicaci\u00f3n\",\"@id\":\"https:\/\/prefecturadeesmeraldas.gob.ec\/#\/schema\/person\/b0c9e7b1ead7725994d1e319e8825234\"},\"headline\":\"M\u00e1s de 150 mujeres embarazadas del cant\u00f3n esmeraldas reciben las pa\u00f1aleras de la campa\u00f1a \u201cMi primer regalo\u201d.\",\"datePublished\":\"2020-12-04T15:57:49+00:00\",\"dateModified\":\"2020-12-04T15:59:34+00:00\",\"mainEntityOfPage\":{\"@id\":\"https:\/\/prefecturadeesmeraldas.gob.ec\/index.php\/2020\/12\/04\/mas-de-150-mujeres-embarazadas-del-canton-esmeraldas-reciben-las-panaleras-de-la-campana-mi-primer-regalo\/\"},\"wordCount\":273,\"publisher\":{\"@id\":\"https:\/\/prefecturadeesmeraldas.gob.ec\/#organization\"},\"image\":{\"@id\":\"https:\/\/prefecturadeesmeraldas.gob.ec\/index.php\/2020\/12\/04\/mas-de-150-mujeres-embarazadas-del-canton-esmeraldas-reciben-las-panaleras-de-la-campana-mi-primer-regalo\/#primaryimage\"},\"thumbnailUrl\":\"https:\/\/prefecturadeesmeraldas.gob.ec\/wp-content\/uploads\/2020\/12\/BOLETIN-1172.jpg\",\"articleSection\":[\"DASIP\"],\"inLanguage\":\"es\"},{\"@type\":\"WebPage\",\"@id\":\"https:\/\/prefecturadeesmeraldas.gob.ec\/index.php\/2020\/12\/04\/mas-de-150-mujeres-embarazadas-del-canton-esmeraldas-reciben-las-panaleras-de-la-campana-mi-primer-regalo\/\",\"url\":\"https:\/\/prefecturadeesmeraldas.gob.ec\/index.php\/2020\/12\/04\/mas-de-150-mujeres-embarazadas-del-canton-esmeraldas-reciben-las-panaleras-de-la-campana-mi-primer-regalo\/\",\"name\":\"M\u00e1s de 150 mujeres embarazadas del cant\u00f3n esmeraldas reciben las pa\u00f1aleras de la campa\u00f1a \u201cMi primer regalo\u201d. - Gobierno Aut\u00f3nomo Descentralizado de la Provincia de Esmeraldas\",\"isPartOf\":{\"@id\":\"https:\/\/prefecturadeesmeraldas.gob.ec\/#website\"},\"primaryImageOfPage\":{\"@id\":\"https:\/\/prefecturadeesmeraldas.gob.ec\/index.php\/2020\/12\/04\/mas-de-150-mujeres-embarazadas-del-canton-esmeraldas-reciben-las-panaleras-de-la-campana-mi-primer-regalo\/#primaryimage\"},\"image\":{\"@id\":\"https:\/\/prefecturadeesmeraldas.gob.ec\/index.php\/2020\/12\/04\/mas-de-150-mujeres-embarazadas-del-canton-esmeraldas-reciben-las-panaleras-de-la-campana-mi-primer-regalo\/#primaryimage\"},\"thumbnailUrl\":\"https:\/\/prefecturadeesmeraldas.gob.ec\/wp-content\/uploads\/2020\/12\/BOLETIN-1172.jpg\",\"datePublished\":\"2020-12-04T15:57:49+00:00\",\"dateModified\":\"2020-12-04T15:59:34+00:00\",\"breadcrumb\":{\"@id\":\"https:\/\/prefecturadeesmeraldas.gob.ec\/index.php\/2020\/12\/04\/mas-de-150-mujeres-embarazadas-del-canton-esmeraldas-reciben-las-panaleras-de-la-campana-mi-primer-regalo\/#breadcrumb\"},\"inLanguage\":\"es\",\"potentialAction\":[{\"@type\":\"ReadAction\",\"target\":[\"https:\/\/prefecturadeesmeraldas.gob.ec\/index.php\/2020\/12\/04\/mas-de-150-mujeres-embarazadas-del-canton-esmeraldas-reciben-las-panaleras-de-la-campana-mi-primer-regalo\/\"]}]},{\"@type\":\"ImageObject\",\"inLanguage\":\"es\",\"@id\":\"https:\/\/prefecturadeesmeraldas.gob.ec\/index.php\/2020\/12\/04\/mas-de-150-mujeres-embarazadas-del-canton-esmeraldas-reciben-las-panaleras-de-la-campana-mi-primer-regalo\/#primaryimage\",\"url\":\"https:\/\/prefecturadeesmeraldas.gob.ec\/wp-content\/uploads\/2020\/12\/BOLETIN-1172.jpg\",\"contentUrl\":\"https:\/\/prefecturadeesmeraldas.gob.ec\/wp-content\/uploads\/2020\/12\/BOLETIN-1172.jpg\",\"width\":1280,\"height\":590},{\"@type\":\"BreadcrumbList\",\"@id\":\"https:\/\/prefecturadeesmeraldas.gob.ec\/index.php\/2020\/12\/04\/mas-de-150-mujeres-embarazadas-del-canton-esmeraldas-reciben-las-panaleras-de-la-campana-mi-primer-regalo\/#breadcrumb\",\"itemListElement\":[{\"@type\":\"ListItem\",\"position\":1,\"name\":\"Home\",\"item\":\"https:\/\/prefecturadeesmeraldas.gob.ec\/\"},{\"@type\":\"ListItem\",\"position\":2,\"name\":\"M\u00e1s de 150 mujeres embarazadas del cant\u00f3n esmeraldas reciben las pa\u00f1aleras de la campa\u00f1a \u201cMi primer regalo\u201d.\"}]},{\"@type\":\"WebSite\",\"@id\":\"https:\/\/prefecturadeesmeraldas.gob.ec\/#website\",\"url\":\"https:\/\/prefecturadeesmeraldas.gob.ec\/\",\"name\":\"Gobierno Aut\u00f3nomo Descentralizado de la Provincia de Esmeraldas\",\"description\":\"Gobierno Aut\u00f3nomo Descentralizado de la Provincia de Esmeraldas\",\"publisher\":{\"@id\":\"https:\/\/prefecturadeesmeraldas.gob.ec\/#organization\"},\"potentialAction\":[{\"@type\":\"SearchAction\",\"target\":{\"@type\":\"EntryPoint\",\"urlTemplate\":\"https:\/\/prefecturadeesmeraldas.gob.ec\/?s={search_term_string}\"},\"query-input\":{\"@type\":\"PropertyValueSpecification\",\"valueRequired\":true,\"valueName\":\"search_term_string\"}}],\"inLanguage\":\"es\"},{\"@type\":\"Organization\",\"@id\":\"https:\/\/prefecturadeesmeraldas.gob.ec\/#organization\",\"name\":\"Gobierno Aut\u00f3nomo Descentralizado de la Provincia de Esmeraldas\",\"url\":\"https:\/\/prefecturadeesmeraldas.gob.ec\/\",\"logo\":{\"@type\":\"ImageObject\",\"inLanguage\":\"es\",\"@id\":\"https:\/\/prefecturadeesmeraldas.gob.ec\/#\/schema\/logo\/image\/\",\"url\":\"https:\/\/prefecturadeesmeraldas.gob.ec\/wp-content\/uploads\/2019\/06\/logo.png\",\"contentUrl\":\"https:\/\/prefecturadeesmeraldas.gob.ec\/wp-content\/uploads\/2019\/06\/logo.png\",\"width\":859,\"height\":448,\"caption\":\"Gobierno Aut\u00f3nomo Descentralizado de la Provincia de Esmeraldas\"},\"image\":{\"@id\":\"https:\/\/prefecturadeesmeraldas.gob.ec\/#\/schema\/logo\/image\/\"},\"sameAs\":[\"https:\/\/www.facebook.com\/PrefecturaEsmeraldas\/\"]},{\"@type\":\"Person\",\"@id\":\"https:\/\/prefecturadeesmeraldas.gob.ec\/#\/schema\/person\/b0c9e7b1ead7725994d1e319e8825234\",\"name\":\"Direcci\u00f3n de Comunicaci\u00f3n\",\"image\":{\"@type\":\"ImageObject\",\"inLanguage\":\"es\",\"@id\":\"https:\/\/prefecturadeesmeraldas.gob.ec\/#\/schema\/person\/image\/\",\"url\":\"https:\/\/secure.gravatar.com\/avatar\/74a3870a946f5d774ade3569af61a72308e07ad3346f370c4b468ee2a9858658?s=96&d=mm&r=g\",\"contentUrl\":\"https:\/\/secure.gravatar.com\/avatar\/74a3870a946f5d774ade3569af61a72308e07ad3346f370c4b468ee2a9858658?s=96&d=mm&r=g\",\"caption\":\"Direcci\u00f3n de Comunicaci\u00f3n\"}}]}<\/script>\n<!-- \/ Yoast SEO plugin. -->","yoast_head_json":{"title":"M\u00e1s de 150 mujeres embarazadas del cant\u00f3n esmeraldas reciben las pa\u00f1aleras de la campa\u00f1a \u201cMi primer regalo\u201d. - Gobierno Aut\u00f3nomo Descentralizado de la Provincia de Esmeraldas","robots":{"index":"index","follow":"follow","max-snippet":"max-snippet:-1","max-image-preview":"max-image-preview:large","max-video-preview":"max-video-preview:-1"},"canonical":"https:\/\/prefecturadeesmeraldas.gob.ec\/index.php\/2020\/12\/04\/mas-de-150-mujeres-embarazadas-del-canton-esmeraldas-reciben-las-panaleras-de-la-campana-mi-primer-regalo\/","og_locale":"es_ES","og_type":"article","og_title":"M\u00e1s de 150 mujeres embarazadas del cant\u00f3n esmeraldas reciben las pa\u00f1aleras de la campa\u00f1a \u201cMi primer regalo\u201d. - Gobierno Aut\u00f3nomo Descentralizado de la Provincia de Esmeraldas","og_description":"M\u00e1s de 150 mujeres embarazadas del cant\u00f3n Esmeraldas, recibieron a trav\u00e9s de la Direcci\u00f3n de Acci\u00f3n Social, Inclusi\u00f3n y Participaci\u00f3n DASIP, pa\u00f1aleras con implementos para el cuidado de un beb\u00e9 reci\u00e9n nacido, que son parte de la Campa\u00f1a: Mi Primer Regalo que lleva adelante la Prefectura de Esmeraldas. En el acto, realizado en el Sal\u00f3n [&hellip;]","og_url":"https:\/\/prefecturadeesmeraldas.gob.ec\/index.php\/2020\/12\/04\/mas-de-150-mujeres-embarazadas-del-canton-esmeraldas-reciben-las-panaleras-de-la-campana-mi-primer-regalo\/","og_site_name":"Gobierno Aut\u00f3nomo Descentralizado de la Provincia de Esmeraldas","article_publisher":"https:\/\/www.facebook.com\/PrefecturaEsmeraldas\/","article_published_time":"2020-12-04T15:57:49+00:00","article_modified_time":"2020-12-04T15:59:34+00:00","og_image":[{"width":1280,"height":590,"url":"https:\/\/prefecturadeesmeraldas.gob.ec\/wp-content\/uploads\/2020\/12\/BOLETIN-1172.jpg","type":"image\/jpeg"}],"author":"Direcci\u00f3n de Comunicaci\u00f3n","twitter_card":"summary_large_image","twitter_misc":{"Escrito por":"Direcci\u00f3n de Comunicaci\u00f3n","Tiempo de lectura":"1 minuto"},"schema":{"@context":"https:\/\/schema.org","@graph":[{"@type":"Article","@id":"https:\/\/prefecturadeesmeraldas.gob.ec\/index.php\/2020\/12\/04\/mas-de-150-mujeres-embarazadas-del-canton-esmeraldas-reciben-las-panaleras-de-la-campana-mi-primer-regalo\/#article","isPartOf":{"@id":"https:\/\/prefecturadeesmeraldas.gob.ec\/index.php\/2020\/12\/04\/mas-de-150-mujeres-embarazadas-del-canton-esmeraldas-reciben-las-panaleras-de-la-campana-mi-primer-regalo\/"},"author":{"name":"Direcci\u00f3n de Comunicaci\u00f3n","@id":"https:\/\/prefecturadeesmeraldas.gob.ec\/#\/schema\/person\/b0c9e7b1ead7725994d1e319e8825234"},"headline":"M\u00e1s de 150 mujeres embarazadas del cant\u00f3n esmeraldas reciben las pa\u00f1aleras de la campa\u00f1a \u201cMi primer regalo\u201d.","datePublished":"2020-12-04T15:57:49+00:00","dateModified":"2020-12-04T15:59:34+00:00","mainEntityOfPage":{"@id":"https:\/\/prefecturadeesmeraldas.gob.ec\/index.php\/2020\/12\/04\/mas-de-150-mujeres-embarazadas-del-canton-esmeraldas-reciben-las-panaleras-de-la-campana-mi-primer-regalo\/"},"wordCount":273,"publisher":{"@id":"https:\/\/prefecturadeesmeraldas.gob.ec\/#organization"},"image":{"@id":"https:\/\/prefecturadeesmeraldas.gob.ec\/index.php\/2020\/12\/04\/mas-de-150-mujeres-embarazadas-del-canton-esmeraldas-reciben-las-panaleras-de-la-campana-mi-primer-regalo\/#primaryimage"},"thumbnailUrl":"https:\/\/prefecturadeesmeraldas.gob.ec\/wp-content\/uploads\/2020\/12\/BOLETIN-1172.jpg","articleSection":["DASIP"],"inLanguage":"es"},{"@type":"WebPage","@id":"https:\/\/prefecturadeesmeraldas.gob.ec\/index.php\/2020\/12\/04\/mas-de-150-mujeres-embarazadas-del-canton-esmeraldas-reciben-las-panaleras-de-la-campana-mi-primer-regalo\/","url":"https:\/\/prefecturadeesmeraldas.gob.ec\/index.php\/2020\/12\/04\/mas-de-150-mujeres-embarazadas-del-canton-esmeraldas-reciben-las-panaleras-de-la-campana-mi-primer-regalo\/","name":"M\u00e1s de 150 mujeres embarazadas del cant\u00f3n esmeraldas reciben las pa\u00f1aleras de la campa\u00f1a \u201cMi primer regalo\u201d. - Gobierno Aut\u00f3nomo Descentralizado de la Provincia de Esmeraldas","isPartOf":{"@id":"https:\/\/prefecturadeesmeraldas.gob.ec\/#website"},"primaryImageOfPage":{"@id":"https:\/\/prefecturadeesmeraldas.gob.ec\/index.php\/2020\/12\/04\/mas-de-150-mujeres-embarazadas-del-canton-esmeraldas-reciben-las-panaleras-de-la-campana-mi-primer-regalo\/#primaryimage"},"image":{"@id":"https:\/\/prefecturadeesmeraldas.gob.ec\/index.php\/2020\/12\/04\/mas-de-150-mujeres-embarazadas-del-canton-esmeraldas-reciben-las-panaleras-de-la-campana-mi-primer-regalo\/#primaryimage"},"thumbnailUrl":"https:\/\/prefecturadeesmeraldas.gob.ec\/wp-content\/uploads\/2020\/12\/BOLETIN-1172.jpg","datePublished":"2020-12-04T15:57:49+00:00","dateModified":"2020-12-04T15:59:34+00:00","breadcrumb":{"@id":"https:\/\/prefecturadeesmeraldas.gob.ec\/index.php\/2020\/12\/04\/mas-de-150-mujeres-embarazadas-del-canton-esmeraldas-reciben-las-panaleras-de-la-campana-mi-primer-regalo\/#breadcrumb"},"inLanguage":"es","potentialAction":[{"@type":"ReadAction","target":["https:\/\/prefecturadeesmeraldas.gob.ec\/index.php\/2020\/12\/04\/mas-de-150-mujeres-embarazadas-del-canton-esmeraldas-reciben-las-panaleras-de-la-campana-mi-primer-regalo\/"]}]},{"@type":"ImageObject","inLanguage":"es","@id":"https:\/\/prefecturadeesmeraldas.gob.ec\/index.php\/2020\/12\/04\/mas-de-150-mujeres-embarazadas-del-canton-esmeraldas-reciben-las-panaleras-de-la-campana-mi-primer-regalo\/#primaryimage","url":"https:\/\/prefecturadeesmeraldas.gob.ec\/wp-content\/uploads\/2020\/12\/BOLETIN-1172.jpg","contentUrl":"https:\/\/prefecturadeesmeraldas.gob.ec\/wp-content\/uploads\/2020\/12\/BOLETIN-1172.jpg","width":1280,"height":590},{"@type":"BreadcrumbList","@id":"https:\/\/prefecturadeesmeraldas.gob.ec\/index.php\/2020\/12\/04\/mas-de-150-mujeres-embarazadas-del-canton-esmeraldas-reciben-las-panaleras-de-la-campana-mi-primer-regalo\/#breadcrumb","itemListElement":[{"@type":"ListItem","position":1,"name":"Home","item":"https:\/\/prefecturadeesmeraldas.gob.ec\/"},{"@type":"ListItem","position":2,"name":"M\u00e1s de 150 mujeres embarazadas del cant\u00f3n esmeraldas reciben las pa\u00f1aleras de la campa\u00f1a \u201cMi primer regalo\u201d."}]},{"@type":"WebSite","@id":"https:\/\/prefecturadeesmeraldas.gob.ec\/#website","url":"https:\/\/prefecturadeesmeraldas.gob.ec\/","name":"Gobierno Aut\u00f3nomo Descentralizado de la Provincia de Esmeraldas","description":"Gobierno Aut\u00f3nomo Descentralizado de la Provincia de Esmeraldas","publisher":{"@id":"https:\/\/prefecturadeesmeraldas.gob.ec\/#organization"},"potentialAction":[{"@type":"SearchAction","target":{"@type":"EntryPoint","urlTemplate":"https:\/\/prefecturadeesmeraldas.gob.ec\/?s={search_term_string}"},"query-input":{"@type":"PropertyValueSpecification","valueRequired":true,"valueName":"search_term_string"}}],"inLanguage":"es"},{"@type":"Organization","@id":"https:\/\/prefecturadeesmeraldas.gob.ec\/#organization","name":"Gobierno Aut\u00f3nomo Descentralizado de la Provincia de Esmeraldas","url":"https:\/\/prefecturadeesmeraldas.gob.ec\/","logo":{"@type":"ImageObject","inLanguage":"es","@id":"https:\/\/prefecturadeesmeraldas.gob.ec\/#\/schema\/logo\/image\/","url":"https:\/\/prefecturadeesmeraldas.gob.ec\/wp-content\/uploads\/2019\/06\/logo.png","contentUrl":"https:\/\/prefecturadeesmeraldas.gob.ec\/wp-content\/uploads\/2019\/06\/logo.png","width":859,"height":448,"caption":"Gobierno Aut\u00f3nomo Descentralizado de la Provincia de Esmeraldas"},"image":{"@id":"https:\/\/prefecturadeesmeraldas.gob.ec\/#\/schema\/logo\/image\/"},"sameAs":["https:\/\/www.facebook.com\/PrefecturaEsmeraldas\/"]},{"@type":"Person","@id":"https:\/\/prefecturadeesmeraldas.gob.ec\/#\/schema\/person\/b0c9e7b1ead7725994d1e319e8825234","name":"Direcci\u00f3n de Comunicaci\u00f3n","image":{"@type":"ImageObject","inLanguage":"es","@id":"https:\/\/prefecturadeesmeraldas.gob.ec\/#\/schema\/person\/image\/","url":"https:\/\/secure.gravatar.com\/avatar\/74a3870a946f5d774ade3569af61a72308e07ad3346f370c4b468ee2a9858658?s=96&d=mm&r=g","contentUrl":"https:\/\/secure.gravatar.com\/avatar\/74a3870a946f5d774ade3569af61a72308e07ad3346f370c4b468ee2a9858658?s=96&d=mm&r=g","caption":"Direcci\u00f3n de Comunicaci\u00f3n"}}]}},"_links":{"self":[{"href":"https:\/\/prefecturadeesmeraldas.gob.ec\/index.php\/wp-json\/wp\/v2\/posts\/7864","targetHints":{"allow":["GET"]}}],"collection":[{"href":"https:\/\/prefecturadeesmeraldas.gob.ec\/index.php\/wp-json\/wp\/v2\/posts"}],"about":[{"href":"https:\/\/prefecturadeesmeraldas.gob.ec\/index.php\/wp-json\/wp\/v2\/types\/post"}],"author":[{"embeddable":true,"href":"https:\/\/prefecturadeesmeraldas.gob.ec\/index.php\/wp-json\/wp\/v2\/users\/2"}],"replies":[{"embeddable":true,"href":"https:\/\/prefecturadeesmeraldas.gob.ec\/index.php\/wp-json\/wp\/v2\/comments?post=7864"}],"version-history":[{"count":0,"href":"https:\/\/prefecturadeesmeraldas.gob.ec\/index.php\/wp-json\/wp\/v2\/posts\/7864\/revisions"}],"wp:featuredmedia":[{"embeddable":true,"href":"https:\/\/prefecturadeesmeraldas.gob.ec\/index.php\/wp-json\/wp\/v2\/media\/7849"}],"wp:attachment":[{"href":"https:\/\/prefecturadeesmeraldas.gob.ec\/index.php\/wp-json\/wp\/v2\/media?parent=7864"}],"wp:term":[{"taxonomy":"category","embeddable":true,"href":"https:\/\/prefecturadeesmeraldas.gob.ec\/index.php\/wp-json\/wp\/v2\/categories?post=7864"},{"taxonomy":"post_tag","embeddable":true,"href":"https:\/\/prefecturadeesmeraldas.gob.ec\/index.php\/wp-json\/wp\/v2\/tags?post=7864"}],"curies":[{"name":"wp","href":"https:\/\/api.w.org\/{rel}","templated":true}]}}