{"id":7793,"date":"2020-12-01T15:37:26","date_gmt":"2020-12-01T20:37:26","guid":{"rendered":"http:\/\/prefecturadeesmeraldas.gob.ec\/?p=7793"},"modified":"2020-12-01T15:40:25","modified_gmt":"2020-12-01T20:40:25","slug":"gestion-ambiental-de-la-prefectura-dona-contenedores-a-juntas-parroquiales-del-canton-rioverde","status":"publish","type":"post","link":"https:\/\/prefecturadeesmeraldas.gob.ec\/index.php\/2020\/12\/01\/gestion-ambiental-de-la-prefectura-dona-contenedores-a-juntas-parroquiales-del-canton-rioverde\/","title":{"rendered":"Gesti\u00f3n Ambiental de la Prefectura dona contenedores a juntas parroquiales del cant\u00f3n Rioverde."},"content":{"rendered":"\t\t<div data-elementor-type=\"wp-post\" data-elementor-id=\"7793\" class=\"elementor elementor-7793\">\n\t\t\t\t\t\t<section class=\"elementor-section elementor-top-section elementor-element elementor-element-2866da7 elementor-section-boxed elementor-section-height-default elementor-section-height-default\" data-id=\"2866da7\" data-element_type=\"section\">\n\t\t\t\t\t\t<div class=\"elementor-container elementor-column-gap-default\">\n\t\t\t\t\t<div class=\"elementor-column elementor-col-100 elementor-top-column elementor-element elementor-element-435c0c7\" data-id=\"435c0c7\" data-element_type=\"column\">\n\t\t\t<div class=\"elementor-widget-wrap elementor-element-populated\">\n\t\t\t\t\t\t<div class=\"elementor-element elementor-element-f412a53 elementor-widget elementor-widget-image\" data-id=\"f412a53\" data-element_type=\"widget\" data-widget_type=\"image.default\">\n\t\t\t\t<div class=\"elementor-widget-container\">\n\t\t\t\t\t\t\t\t\t\t\t\t\t\t\t<img fetchpriority=\"high\" decoding=\"async\" width=\"992\" height=\"1024\" src=\"https:\/\/prefecturadeesmeraldas.gob.ec\/wp-content\/uploads\/2020\/12\/boletin-1164-992x1024.jpg\" class=\"attachment-large size-large wp-image-7792\" alt=\"\" srcset=\"https:\/\/prefecturadeesmeraldas.gob.ec\/wp-content\/uploads\/2020\/12\/boletin-1164-992x1024.jpg 992w, https:\/\/prefecturadeesmeraldas.gob.ec\/wp-content\/uploads\/2020\/12\/boletin-1164-1080x1115.jpg 1080w, https:\/\/prefecturadeesmeraldas.gob.ec\/wp-content\/uploads\/2020\/12\/boletin-1164-291x300.jpg 291w, https:\/\/prefecturadeesmeraldas.gob.ec\/wp-content\/uploads\/2020\/12\/boletin-1164-768x793.jpg 768w, https:\/\/prefecturadeesmeraldas.gob.ec\/wp-content\/uploads\/2020\/12\/boletin-1164.jpg 1240w\" sizes=\"(max-width: 992px) 100vw, 992px\" \/>\t\t\t\t\t\t\t\t\t\t\t\t\t\t\t<\/div>\n\t\t\t\t<\/div>\n\t\t\t\t\t<\/div>\n\t\t<\/div>\n\t\t\t\t\t<\/div>\n\t\t<\/section>\n\t\t\t\t<section class=\"elementor-section elementor-top-section elementor-element elementor-element-ffb6a6a elementor-section-boxed elementor-section-height-default elementor-section-height-default\" data-id=\"ffb6a6a\" data-element_type=\"section\">\n\t\t\t\t\t\t<div class=\"elementor-container elementor-column-gap-default\">\n\t\t\t\t\t<div class=\"elementor-column elementor-col-100 elementor-top-column elementor-element elementor-element-ca6a7b6\" data-id=\"ca6a7b6\" data-element_type=\"column\">\n\t\t\t<div class=\"elementor-widget-wrap elementor-element-populated\">\n\t\t\t\t\t\t<div class=\"elementor-element elementor-element-7cfbe89 elementor-widget elementor-widget-text-editor\" data-id=\"7cfbe89\" data-element_type=\"widget\" data-widget_type=\"text-editor.default\">\n\t\t\t\t<div class=\"elementor-widget-container\">\n\t\t\t\t\t\t\t\t\t<p>Contenedores para la recolecci\u00f3n de desechos s\u00f3lidos, fueron donados a varias juntas parroquiales del cant\u00f3n Rioverde. La acci\u00f3n fue dada a conocer a trav\u00e9s del representante de la Direcci\u00f3n de Gesti\u00f3n Ambiental de la Prefectura de Esmeraldas, el pasado s\u00e1bado 28 de noviembre, durante la inauguraci\u00f3n de los trabajos de rehabilitaci\u00f3n y asfaltado de la v\u00eda Palestina &#8211; Chontaduro en el cant\u00f3n Rioverde. El objetivo de este programa es el de ayudar a preservar los recursos naturales de la provincia.<\/p><p><\/p><p><strong>Daniel Bravo<\/strong>, director de Gesti\u00f3n Ambiental de la instituci\u00f3n provincial, fue el encargado de realizar la entrega en donaci\u00f3n de los contenedores, as\u00ed como los certificados de transferencia a cada uno de los presidentes de las Juntas Parroquiales presentes en el acto.<\/p><p><\/p><p><strong>Bravo<\/strong>, manifest\u00f3 que, con esta medida, lo Gobiernos Parroquiales de Rocafuerte, Lagarto, Chumund\u00e9, Palestina, Chontaduro y Montalvo, se beneficiar\u00e1n con una herramienta para la recolecci\u00f3n de la basura, pese a que no esto no es una competencia directa de la Prefectura.<\/p><p><\/p><p>El objetivo de este programa de apoyo es lograr la disminuci\u00f3n de la contaminaci\u00f3n de ecosistemas naturales de la provincia de Esmeraldas, brindando herramientas que permitan dar un manejo adecuado de los desechos s\u00f3lidos, orden, limpieza y cuidado del medio ambiente a trav\u00e9s de las juntas parroquiales.<\/p>\t\t\t\t\t\t\t\t<\/div>\n\t\t\t\t<\/div>\n\t\t\t\t\t<\/div>\n\t\t<\/div>\n\t\t\t\t\t<\/div>\n\t\t<\/section>\n\t\t\t\t<\/div>\n\t\t","protected":false},"excerpt":{"rendered":"<p>Contenedores para la recolecci\u00f3n de desechos s\u00f3lidos, fueron donados a varias juntas parroquiales del cant\u00f3n Rioverde. La acci\u00f3n fue dada a conocer a trav\u00e9s del representante de la Direcci\u00f3n de Gesti\u00f3n Ambiental de la Prefectura de Esmeraldas, el pasado s\u00e1bado 28 de noviembre, durante la inauguraci\u00f3n de los trabajos de rehabilitaci\u00f3n y asfaltado de la [&hellip;]<\/p>\n","protected":false},"author":2,"featured_media":7792,"comment_status":"closed","ping_status":"open","sticky":false,"template":"","format":"standard","meta":{"footnotes":""},"categories":[16],"tags":[],"class_list":["post-7793","post","type-post","status-publish","format-standard","has-post-thumbnail","hentry","category-ambiental"],"yoast_head":"<!-- This site is optimized with the Yoast SEO plugin v25.7 - https:\/\/yoast.com\/wordpress\/plugins\/seo\/ -->\n<title>Gesti\u00f3n Ambiental de la Prefectura dona contenedores a juntas parroquiales del cant\u00f3n Rioverde. - Gobierno Aut\u00f3nomo Descentralizado de la Provincia de Esmeraldas<\/title>\n<meta name=\"robots\" content=\"index, follow, max-snippet:-1, max-image-preview:large, max-video-preview:-1\" \/>\n<link rel=\"canonical\" href=\"https:\/\/prefecturadeesmeraldas.gob.ec\/index.php\/2020\/12\/01\/gestion-ambiental-de-la-prefectura-dona-contenedores-a-juntas-parroquiales-del-canton-rioverde\/\" \/>\n<meta property=\"og:locale\" content=\"es_ES\" \/>\n<meta property=\"og:type\" content=\"article\" \/>\n<meta property=\"og:title\" content=\"Gesti\u00f3n Ambiental de la Prefectura dona contenedores a juntas parroquiales del cant\u00f3n Rioverde. - Gobierno Aut\u00f3nomo Descentralizado de la Provincia de Esmeraldas\" \/>\n<meta property=\"og:description\" content=\"Contenedores para la recolecci\u00f3n de desechos s\u00f3lidos, fueron donados a varias juntas parroquiales del cant\u00f3n Rioverde. La acci\u00f3n fue dada a conocer a trav\u00e9s del representante de la Direcci\u00f3n de Gesti\u00f3n Ambiental de la Prefectura de Esmeraldas, el pasado s\u00e1bado 28 de noviembre, durante la inauguraci\u00f3n de los trabajos de rehabilitaci\u00f3n y asfaltado de la [&hellip;]\" \/>\n<meta property=\"og:url\" content=\"https:\/\/prefecturadeesmeraldas.gob.ec\/index.php\/2020\/12\/01\/gestion-ambiental-de-la-prefectura-dona-contenedores-a-juntas-parroquiales-del-canton-rioverde\/\" \/>\n<meta property=\"og:site_name\" content=\"Gobierno Aut\u00f3nomo Descentralizado de la Provincia de Esmeraldas\" \/>\n<meta property=\"article:publisher\" content=\"https:\/\/www.facebook.com\/PrefecturaEsmeraldas\/\" \/>\n<meta property=\"article:published_time\" content=\"2020-12-01T20:37:26+00:00\" \/>\n<meta property=\"article:modified_time\" content=\"2020-12-01T20:40:25+00:00\" \/>\n<meta property=\"og:image\" content=\"https:\/\/prefecturadeesmeraldas.gob.ec\/wp-content\/uploads\/2020\/12\/boletin-1164.jpg\" \/>\n\t<meta property=\"og:image:width\" content=\"1240\" \/>\n\t<meta property=\"og:image:height\" content=\"1280\" \/>\n\t<meta property=\"og:image:type\" content=\"image\/jpeg\" \/>\n<meta name=\"author\" content=\"Direcci\u00f3n de Comunicaci\u00f3n\" \/>\n<meta name=\"twitter:card\" content=\"summary_large_image\" \/>\n<meta name=\"twitter:label1\" content=\"Escrito por\" \/>\n\t<meta name=\"twitter:data1\" content=\"Direcci\u00f3n de Comunicaci\u00f3n\" \/>\n\t<meta name=\"twitter:label2\" content=\"Tiempo de lectura\" \/>\n\t<meta name=\"twitter:data2\" content=\"1 minuto\" \/>\n<script type=\"application\/ld+json\" class=\"yoast-schema-graph\">{\"@context\":\"https:\/\/schema.org\",\"@graph\":[{\"@type\":\"Article\",\"@id\":\"https:\/\/prefecturadeesmeraldas.gob.ec\/index.php\/2020\/12\/01\/gestion-ambiental-de-la-prefectura-dona-contenedores-a-juntas-parroquiales-del-canton-rioverde\/#article\",\"isPartOf\":{\"@id\":\"https:\/\/prefecturadeesmeraldas.gob.ec\/index.php\/2020\/12\/01\/gestion-ambiental-de-la-prefectura-dona-contenedores-a-juntas-parroquiales-del-canton-rioverde\/\"},\"author\":{\"name\":\"Direcci\u00f3n de Comunicaci\u00f3n\",\"@id\":\"https:\/\/prefecturadeesmeraldas.gob.ec\/#\/schema\/person\/b0c9e7b1ead7725994d1e319e8825234\"},\"headline\":\"Gesti\u00f3n Ambiental de la Prefectura dona contenedores a juntas parroquiales del cant\u00f3n Rioverde.\",\"datePublished\":\"2020-12-01T20:37:26+00:00\",\"dateModified\":\"2020-12-01T20:40:25+00:00\",\"mainEntityOfPage\":{\"@id\":\"https:\/\/prefecturadeesmeraldas.gob.ec\/index.php\/2020\/12\/01\/gestion-ambiental-de-la-prefectura-dona-contenedores-a-juntas-parroquiales-del-canton-rioverde\/\"},\"wordCount\":245,\"publisher\":{\"@id\":\"https:\/\/prefecturadeesmeraldas.gob.ec\/#organization\"},\"image\":{\"@id\":\"https:\/\/prefecturadeesmeraldas.gob.ec\/index.php\/2020\/12\/01\/gestion-ambiental-de-la-prefectura-dona-contenedores-a-juntas-parroquiales-del-canton-rioverde\/#primaryimage\"},\"thumbnailUrl\":\"https:\/\/prefecturadeesmeraldas.gob.ec\/wp-content\/uploads\/2020\/12\/boletin-1164.jpg\",\"articleSection\":[\"Ambiental\"],\"inLanguage\":\"es\"},{\"@type\":\"WebPage\",\"@id\":\"https:\/\/prefecturadeesmeraldas.gob.ec\/index.php\/2020\/12\/01\/gestion-ambiental-de-la-prefectura-dona-contenedores-a-juntas-parroquiales-del-canton-rioverde\/\",\"url\":\"https:\/\/prefecturadeesmeraldas.gob.ec\/index.php\/2020\/12\/01\/gestion-ambiental-de-la-prefectura-dona-contenedores-a-juntas-parroquiales-del-canton-rioverde\/\",\"name\":\"Gesti\u00f3n Ambiental de la Prefectura dona contenedores a juntas parroquiales del cant\u00f3n Rioverde. - Gobierno Aut\u00f3nomo Descentralizado de la Provincia de Esmeraldas\",\"isPartOf\":{\"@id\":\"https:\/\/prefecturadeesmeraldas.gob.ec\/#website\"},\"primaryImageOfPage\":{\"@id\":\"https:\/\/prefecturadeesmeraldas.gob.ec\/index.php\/2020\/12\/01\/gestion-ambiental-de-la-prefectura-dona-contenedores-a-juntas-parroquiales-del-canton-rioverde\/#primaryimage\"},\"image\":{\"@id\":\"https:\/\/prefecturadeesmeraldas.gob.ec\/index.php\/2020\/12\/01\/gestion-ambiental-de-la-prefectura-dona-contenedores-a-juntas-parroquiales-del-canton-rioverde\/#primaryimage\"},\"thumbnailUrl\":\"https:\/\/prefecturadeesmeraldas.gob.ec\/wp-content\/uploads\/2020\/12\/boletin-1164.jpg\",\"datePublished\":\"2020-12-01T20:37:26+00:00\",\"dateModified\":\"2020-12-01T20:40:25+00:00\",\"breadcrumb\":{\"@id\":\"https:\/\/prefecturadeesmeraldas.gob.ec\/index.php\/2020\/12\/01\/gestion-ambiental-de-la-prefectura-dona-contenedores-a-juntas-parroquiales-del-canton-rioverde\/#breadcrumb\"},\"inLanguage\":\"es\",\"potentialAction\":[{\"@type\":\"ReadAction\",\"target\":[\"https:\/\/prefecturadeesmeraldas.gob.ec\/index.php\/2020\/12\/01\/gestion-ambiental-de-la-prefectura-dona-contenedores-a-juntas-parroquiales-del-canton-rioverde\/\"]}]},{\"@type\":\"ImageObject\",\"inLanguage\":\"es\",\"@id\":\"https:\/\/prefecturadeesmeraldas.gob.ec\/index.php\/2020\/12\/01\/gestion-ambiental-de-la-prefectura-dona-contenedores-a-juntas-parroquiales-del-canton-rioverde\/#primaryimage\",\"url\":\"https:\/\/prefecturadeesmeraldas.gob.ec\/wp-content\/uploads\/2020\/12\/boletin-1164.jpg\",\"contentUrl\":\"https:\/\/prefecturadeesmeraldas.gob.ec\/wp-content\/uploads\/2020\/12\/boletin-1164.jpg\",\"width\":1240,\"height\":1280},{\"@type\":\"BreadcrumbList\",\"@id\":\"https:\/\/prefecturadeesmeraldas.gob.ec\/index.php\/2020\/12\/01\/gestion-ambiental-de-la-prefectura-dona-contenedores-a-juntas-parroquiales-del-canton-rioverde\/#breadcrumb\",\"itemListElement\":[{\"@type\":\"ListItem\",\"position\":1,\"name\":\"Home\",\"item\":\"https:\/\/prefecturadeesmeraldas.gob.ec\/\"},{\"@type\":\"ListItem\",\"position\":2,\"name\":\"Gesti\u00f3n Ambiental de la Prefectura dona contenedores a juntas parroquiales del cant\u00f3n Rioverde.\"}]},{\"@type\":\"WebSite\",\"@id\":\"https:\/\/prefecturadeesmeraldas.gob.ec\/#website\",\"url\":\"https:\/\/prefecturadeesmeraldas.gob.ec\/\",\"name\":\"Gobierno Aut\u00f3nomo Descentralizado de la Provincia de Esmeraldas\",\"description\":\"Gobierno Aut\u00f3nomo Descentralizado de la Provincia de Esmeraldas\",\"publisher\":{\"@id\":\"https:\/\/prefecturadeesmeraldas.gob.ec\/#organization\"},\"potentialAction\":[{\"@type\":\"SearchAction\",\"target\":{\"@type\":\"EntryPoint\",\"urlTemplate\":\"https:\/\/prefecturadeesmeraldas.gob.ec\/?s={search_term_string}\"},\"query-input\":{\"@type\":\"PropertyValueSpecification\",\"valueRequired\":true,\"valueName\":\"search_term_string\"}}],\"inLanguage\":\"es\"},{\"@type\":\"Organization\",\"@id\":\"https:\/\/prefecturadeesmeraldas.gob.ec\/#organization\",\"name\":\"Gobierno Aut\u00f3nomo Descentralizado de la Provincia de Esmeraldas\",\"url\":\"https:\/\/prefecturadeesmeraldas.gob.ec\/\",\"logo\":{\"@type\":\"ImageObject\",\"inLanguage\":\"es\",\"@id\":\"https:\/\/prefecturadeesmeraldas.gob.ec\/#\/schema\/logo\/image\/\",\"url\":\"https:\/\/prefecturadeesmeraldas.gob.ec\/wp-content\/uploads\/2019\/06\/logo.png\",\"contentUrl\":\"https:\/\/prefecturadeesmeraldas.gob.ec\/wp-content\/uploads\/2019\/06\/logo.png\",\"width\":859,\"height\":448,\"caption\":\"Gobierno Aut\u00f3nomo Descentralizado de la Provincia de Esmeraldas\"},\"image\":{\"@id\":\"https:\/\/prefecturadeesmeraldas.gob.ec\/#\/schema\/logo\/image\/\"},\"sameAs\":[\"https:\/\/www.facebook.com\/PrefecturaEsmeraldas\/\"]},{\"@type\":\"Person\",\"@id\":\"https:\/\/prefecturadeesmeraldas.gob.ec\/#\/schema\/person\/b0c9e7b1ead7725994d1e319e8825234\",\"name\":\"Direcci\u00f3n de Comunicaci\u00f3n\",\"image\":{\"@type\":\"ImageObject\",\"inLanguage\":\"es\",\"@id\":\"https:\/\/prefecturadeesmeraldas.gob.ec\/#\/schema\/person\/image\/\",\"url\":\"https:\/\/secure.gravatar.com\/avatar\/74a3870a946f5d774ade3569af61a72308e07ad3346f370c4b468ee2a9858658?s=96&d=mm&r=g\",\"contentUrl\":\"https:\/\/secure.gravatar.com\/avatar\/74a3870a946f5d774ade3569af61a72308e07ad3346f370c4b468ee2a9858658?s=96&d=mm&r=g\",\"caption\":\"Direcci\u00f3n de Comunicaci\u00f3n\"}}]}<\/script>\n<!-- \/ Yoast SEO plugin. -->","yoast_head_json":{"title":"Gesti\u00f3n Ambiental de la Prefectura dona contenedores a juntas parroquiales del cant\u00f3n Rioverde. - Gobierno Aut\u00f3nomo Descentralizado de la Provincia de Esmeraldas","robots":{"index":"index","follow":"follow","max-snippet":"max-snippet:-1","max-image-preview":"max-image-preview:large","max-video-preview":"max-video-preview:-1"},"canonical":"https:\/\/prefecturadeesmeraldas.gob.ec\/index.php\/2020\/12\/01\/gestion-ambiental-de-la-prefectura-dona-contenedores-a-juntas-parroquiales-del-canton-rioverde\/","og_locale":"es_ES","og_type":"article","og_title":"Gesti\u00f3n Ambiental de la Prefectura dona contenedores a juntas parroquiales del cant\u00f3n Rioverde. - Gobierno Aut\u00f3nomo Descentralizado de la Provincia de Esmeraldas","og_description":"Contenedores para la recolecci\u00f3n de desechos s\u00f3lidos, fueron donados a varias juntas parroquiales del cant\u00f3n Rioverde. La acci\u00f3n fue dada a conocer a trav\u00e9s del representante de la Direcci\u00f3n de Gesti\u00f3n Ambiental de la Prefectura de Esmeraldas, el pasado s\u00e1bado 28 de noviembre, durante la inauguraci\u00f3n de los trabajos de rehabilitaci\u00f3n y asfaltado de la [&hellip;]","og_url":"https:\/\/prefecturadeesmeraldas.gob.ec\/index.php\/2020\/12\/01\/gestion-ambiental-de-la-prefectura-dona-contenedores-a-juntas-parroquiales-del-canton-rioverde\/","og_site_name":"Gobierno Aut\u00f3nomo Descentralizado de la Provincia de Esmeraldas","article_publisher":"https:\/\/www.facebook.com\/PrefecturaEsmeraldas\/","article_published_time":"2020-12-01T20:37:26+00:00","article_modified_time":"2020-12-01T20:40:25+00:00","og_image":[{"width":1240,"height":1280,"url":"https:\/\/prefecturadeesmeraldas.gob.ec\/wp-content\/uploads\/2020\/12\/boletin-1164.jpg","type":"image\/jpeg"}],"author":"Direcci\u00f3n de Comunicaci\u00f3n","twitter_card":"summary_large_image","twitter_misc":{"Escrito por":"Direcci\u00f3n de Comunicaci\u00f3n","Tiempo de lectura":"1 minuto"},"schema":{"@context":"https:\/\/schema.org","@graph":[{"@type":"Article","@id":"https:\/\/prefecturadeesmeraldas.gob.ec\/index.php\/2020\/12\/01\/gestion-ambiental-de-la-prefectura-dona-contenedores-a-juntas-parroquiales-del-canton-rioverde\/#article","isPartOf":{"@id":"https:\/\/prefecturadeesmeraldas.gob.ec\/index.php\/2020\/12\/01\/gestion-ambiental-de-la-prefectura-dona-contenedores-a-juntas-parroquiales-del-canton-rioverde\/"},"author":{"name":"Direcci\u00f3n de Comunicaci\u00f3n","@id":"https:\/\/prefecturadeesmeraldas.gob.ec\/#\/schema\/person\/b0c9e7b1ead7725994d1e319e8825234"},"headline":"Gesti\u00f3n Ambiental de la Prefectura dona contenedores a juntas parroquiales del cant\u00f3n Rioverde.","datePublished":"2020-12-01T20:37:26+00:00","dateModified":"2020-12-01T20:40:25+00:00","mainEntityOfPage":{"@id":"https:\/\/prefecturadeesmeraldas.gob.ec\/index.php\/2020\/12\/01\/gestion-ambiental-de-la-prefectura-dona-contenedores-a-juntas-parroquiales-del-canton-rioverde\/"},"wordCount":245,"publisher":{"@id":"https:\/\/prefecturadeesmeraldas.gob.ec\/#organization"},"image":{"@id":"https:\/\/prefecturadeesmeraldas.gob.ec\/index.php\/2020\/12\/01\/gestion-ambiental-de-la-prefectura-dona-contenedores-a-juntas-parroquiales-del-canton-rioverde\/#primaryimage"},"thumbnailUrl":"https:\/\/prefecturadeesmeraldas.gob.ec\/wp-content\/uploads\/2020\/12\/boletin-1164.jpg","articleSection":["Ambiental"],"inLanguage":"es"},{"@type":"WebPage","@id":"https:\/\/prefecturadeesmeraldas.gob.ec\/index.php\/2020\/12\/01\/gestion-ambiental-de-la-prefectura-dona-contenedores-a-juntas-parroquiales-del-canton-rioverde\/","url":"https:\/\/prefecturadeesmeraldas.gob.ec\/index.php\/2020\/12\/01\/gestion-ambiental-de-la-prefectura-dona-contenedores-a-juntas-parroquiales-del-canton-rioverde\/","name":"Gesti\u00f3n Ambiental de la Prefectura dona contenedores a juntas parroquiales del cant\u00f3n Rioverde. - Gobierno Aut\u00f3nomo Descentralizado de la Provincia de Esmeraldas","isPartOf":{"@id":"https:\/\/prefecturadeesmeraldas.gob.ec\/#website"},"primaryImageOfPage":{"@id":"https:\/\/prefecturadeesmeraldas.gob.ec\/index.php\/2020\/12\/01\/gestion-ambiental-de-la-prefectura-dona-contenedores-a-juntas-parroquiales-del-canton-rioverde\/#primaryimage"},"image":{"@id":"https:\/\/prefecturadeesmeraldas.gob.ec\/index.php\/2020\/12\/01\/gestion-ambiental-de-la-prefectura-dona-contenedores-a-juntas-parroquiales-del-canton-rioverde\/#primaryimage"},"thumbnailUrl":"https:\/\/prefecturadeesmeraldas.gob.ec\/wp-content\/uploads\/2020\/12\/boletin-1164.jpg","datePublished":"2020-12-01T20:37:26+00:00","dateModified":"2020-12-01T20:40:25+00:00","breadcrumb":{"@id":"https:\/\/prefecturadeesmeraldas.gob.ec\/index.php\/2020\/12\/01\/gestion-ambiental-de-la-prefectura-dona-contenedores-a-juntas-parroquiales-del-canton-rioverde\/#breadcrumb"},"inLanguage":"es","potentialAction":[{"@type":"ReadAction","target":["https:\/\/prefecturadeesmeraldas.gob.ec\/index.php\/2020\/12\/01\/gestion-ambiental-de-la-prefectura-dona-contenedores-a-juntas-parroquiales-del-canton-rioverde\/"]}]},{"@type":"ImageObject","inLanguage":"es","@id":"https:\/\/prefecturadeesmeraldas.gob.ec\/index.php\/2020\/12\/01\/gestion-ambiental-de-la-prefectura-dona-contenedores-a-juntas-parroquiales-del-canton-rioverde\/#primaryimage","url":"https:\/\/prefecturadeesmeraldas.gob.ec\/wp-content\/uploads\/2020\/12\/boletin-1164.jpg","contentUrl":"https:\/\/prefecturadeesmeraldas.gob.ec\/wp-content\/uploads\/2020\/12\/boletin-1164.jpg","width":1240,"height":1280},{"@type":"BreadcrumbList","@id":"https:\/\/prefecturadeesmeraldas.gob.ec\/index.php\/2020\/12\/01\/gestion-ambiental-de-la-prefectura-dona-contenedores-a-juntas-parroquiales-del-canton-rioverde\/#breadcrumb","itemListElement":[{"@type":"ListItem","position":1,"name":"Home","item":"https:\/\/prefecturadeesmeraldas.gob.ec\/"},{"@type":"ListItem","position":2,"name":"Gesti\u00f3n Ambiental de la Prefectura dona contenedores a juntas parroquiales del cant\u00f3n Rioverde."}]},{"@type":"WebSite","@id":"https:\/\/prefecturadeesmeraldas.gob.ec\/#website","url":"https:\/\/prefecturadeesmeraldas.gob.ec\/","name":"Gobierno Aut\u00f3nomo Descentralizado de la Provincia de Esmeraldas","description":"Gobierno Aut\u00f3nomo Descentralizado de la Provincia de Esmeraldas","publisher":{"@id":"https:\/\/prefecturadeesmeraldas.gob.ec\/#organization"},"potentialAction":[{"@type":"SearchAction","target":{"@type":"EntryPoint","urlTemplate":"https:\/\/prefecturadeesmeraldas.gob.ec\/?s={search_term_string}"},"query-input":{"@type":"PropertyValueSpecification","valueRequired":true,"valueName":"search_term_string"}}],"inLanguage":"es"},{"@type":"Organization","@id":"https:\/\/prefecturadeesmeraldas.gob.ec\/#organization","name":"Gobierno Aut\u00f3nomo Descentralizado de la Provincia de Esmeraldas","url":"https:\/\/prefecturadeesmeraldas.gob.ec\/","logo":{"@type":"ImageObject","inLanguage":"es","@id":"https:\/\/prefecturadeesmeraldas.gob.ec\/#\/schema\/logo\/image\/","url":"https:\/\/prefecturadeesmeraldas.gob.ec\/wp-content\/uploads\/2019\/06\/logo.png","contentUrl":"https:\/\/prefecturadeesmeraldas.gob.ec\/wp-content\/uploads\/2019\/06\/logo.png","width":859,"height":448,"caption":"Gobierno Aut\u00f3nomo Descentralizado de la Provincia de Esmeraldas"},"image":{"@id":"https:\/\/prefecturadeesmeraldas.gob.ec\/#\/schema\/logo\/image\/"},"sameAs":["https:\/\/www.facebook.com\/PrefecturaEsmeraldas\/"]},{"@type":"Person","@id":"https:\/\/prefecturadeesmeraldas.gob.ec\/#\/schema\/person\/b0c9e7b1ead7725994d1e319e8825234","name":"Direcci\u00f3n de Comunicaci\u00f3n","image":{"@type":"ImageObject","inLanguage":"es","@id":"https:\/\/prefecturadeesmeraldas.gob.ec\/#\/schema\/person\/image\/","url":"https:\/\/secure.gravatar.com\/avatar\/74a3870a946f5d774ade3569af61a72308e07ad3346f370c4b468ee2a9858658?s=96&d=mm&r=g","contentUrl":"https:\/\/secure.gravatar.com\/avatar\/74a3870a946f5d774ade3569af61a72308e07ad3346f370c4b468ee2a9858658?s=96&d=mm&r=g","caption":"Direcci\u00f3n de Comunicaci\u00f3n"}}]}},"_links":{"self":[{"href":"https:\/\/prefecturadeesmeraldas.gob.ec\/index.php\/wp-json\/wp\/v2\/posts\/7793","targetHints":{"allow":["GET"]}}],"collection":[{"href":"https:\/\/prefecturadeesmeraldas.gob.ec\/index.php\/wp-json\/wp\/v2\/posts"}],"about":[{"href":"https:\/\/prefecturadeesmeraldas.gob.ec\/index.php\/wp-json\/wp\/v2\/types\/post"}],"author":[{"embeddable":true,"href":"https:\/\/prefecturadeesmeraldas.gob.ec\/index.php\/wp-json\/wp\/v2\/users\/2"}],"replies":[{"embeddable":true,"href":"https:\/\/prefecturadeesmeraldas.gob.ec\/index.php\/wp-json\/wp\/v2\/comments?post=7793"}],"version-history":[{"count":0,"href":"https:\/\/prefecturadeesmeraldas.gob.ec\/index.php\/wp-json\/wp\/v2\/posts\/7793\/revisions"}],"wp:featuredmedia":[{"embeddable":true,"href":"https:\/\/prefecturadeesmeraldas.gob.ec\/index.php\/wp-json\/wp\/v2\/media\/7792"}],"wp:attachment":[{"href":"https:\/\/prefecturadeesmeraldas.gob.ec\/index.php\/wp-json\/wp\/v2\/media?parent=7793"}],"wp:term":[{"taxonomy":"category","embeddable":true,"href":"https:\/\/prefecturadeesmeraldas.gob.ec\/index.php\/wp-json\/wp\/v2\/categories?post=7793"},{"taxonomy":"post_tag","embeddable":true,"href":"https:\/\/prefecturadeesmeraldas.gob.ec\/index.php\/wp-json\/wp\/v2\/tags?post=7793"}],"curies":[{"name":"wp","href":"https:\/\/api.w.org\/{rel}","templated":true}]}}