{"id":7766,"date":"2020-11-30T11:27:15","date_gmt":"2020-11-30T16:27:15","guid":{"rendered":"http:\/\/prefecturadeesmeraldas.gob.ec\/?p=7766"},"modified":"2020-11-30T11:28:46","modified_gmt":"2020-11-30T16:28:46","slug":"prefecta-y-vice-prefecto-fueron-entrevistados-en-quininde-television","status":"publish","type":"post","link":"https:\/\/prefecturadeesmeraldas.gob.ec\/index.php\/2020\/11\/30\/prefecta-y-vice-prefecto-fueron-entrevistados-en-quininde-television\/","title":{"rendered":"Prefecta y vice Prefecto fueron entrevistados en Quinind\u00e9 televisi\u00f3n."},"content":{"rendered":"\t\t<div data-elementor-type=\"wp-post\" data-elementor-id=\"7766\" class=\"elementor elementor-7766\">\n\t\t\t\t\t\t<section class=\"elementor-section elementor-top-section elementor-element elementor-element-c996f3a elementor-section-boxed elementor-section-height-default elementor-section-height-default\" data-id=\"c996f3a\" data-element_type=\"section\">\n\t\t\t\t\t\t<div class=\"elementor-container elementor-column-gap-default\">\n\t\t\t\t\t<div class=\"elementor-column elementor-col-100 elementor-top-column elementor-element elementor-element-588994a\" data-id=\"588994a\" data-element_type=\"column\">\n\t\t\t<div class=\"elementor-widget-wrap elementor-element-populated\">\n\t\t\t\t\t\t<div class=\"elementor-element elementor-element-d6fd968 elementor-widget elementor-widget-image\" data-id=\"d6fd968\" data-element_type=\"widget\" data-widget_type=\"image.default\">\n\t\t\t\t<div class=\"elementor-widget-container\">\n\t\t\t\t\t\t\t\t\t\t\t\t\t\t\t<img fetchpriority=\"high\" decoding=\"async\" width=\"1024\" height=\"1024\" src=\"https:\/\/prefecturadeesmeraldas.gob.ec\/wp-content\/uploads\/2020\/11\/boletin-1155-1024x1024.jpg\" class=\"attachment-large size-large wp-image-7767\" alt=\"\" srcset=\"https:\/\/prefecturadeesmeraldas.gob.ec\/wp-content\/uploads\/2020\/11\/boletin-1155-1024x1024.jpg 1024w, https:\/\/prefecturadeesmeraldas.gob.ec\/wp-content\/uploads\/2020\/11\/boletin-1155-240x240.jpg 240w, https:\/\/prefecturadeesmeraldas.gob.ec\/wp-content\/uploads\/2020\/11\/boletin-1155-1080x1080.jpg 1080w, https:\/\/prefecturadeesmeraldas.gob.ec\/wp-content\/uploads\/2020\/11\/boletin-1155-150x150.jpg 150w, https:\/\/prefecturadeesmeraldas.gob.ec\/wp-content\/uploads\/2020\/11\/boletin-1155-300x300.jpg 300w, https:\/\/prefecturadeesmeraldas.gob.ec\/wp-content\/uploads\/2020\/11\/boletin-1155-768x768.jpg 768w, https:\/\/prefecturadeesmeraldas.gob.ec\/wp-content\/uploads\/2020\/11\/boletin-1155.jpg 1280w\" sizes=\"(max-width: 1024px) 100vw, 1024px\" \/>\t\t\t\t\t\t\t\t\t\t\t\t\t\t\t<\/div>\n\t\t\t\t<\/div>\n\t\t\t\t\t<\/div>\n\t\t<\/div>\n\t\t\t\t\t<\/div>\n\t\t<\/section>\n\t\t\t\t<section class=\"elementor-section elementor-top-section elementor-element elementor-element-f2ca8bd elementor-section-boxed elementor-section-height-default elementor-section-height-default\" data-id=\"f2ca8bd\" data-element_type=\"section\">\n\t\t\t\t\t\t<div class=\"elementor-container elementor-column-gap-default\">\n\t\t\t\t\t<div class=\"elementor-column elementor-col-100 elementor-top-column elementor-element elementor-element-6224a32\" data-id=\"6224a32\" data-element_type=\"column\">\n\t\t\t<div class=\"elementor-widget-wrap elementor-element-populated\">\n\t\t\t\t\t\t<div class=\"elementor-element elementor-element-8d05c43 elementor-widget elementor-widget-text-editor\" data-id=\"8d05c43\" data-element_type=\"widget\" data-widget_type=\"text-editor.default\">\n\t\t\t\t<div class=\"elementor-widget-container\">\n\t\t\t\t\t\t\t\t\t<p>En atenci\u00f3n a una invitaci\u00f3n realizada, la Prefecta y el Vice prefecto de Esmeraldas fueron entrevistados en el canal Quinind\u00e9 Televisi\u00f3n. Ambas autoridades dieron un informe de las actividades ejecutadas durante noviembre, mes en que se conmemoraron 173 a\u00f1os de provincializaci\u00f3n. Esta festividad se propuso en 2020, ser festejada con obras, tras la pandemia.<\/p><p>La Prefecta Roberta Zambrano, destac\u00f3, entre las obras m\u00e1s recientes y en proceso de construcci\u00f3n, la del puente sobre el Estero Vinsade. Adem\u00e1s, nombr\u00f3 cada uno de los m\u00e1s de diez nuevos puntos wifi que instalar\u00e1 la Prefectura de Esmeraldas para el cant\u00f3n Quinind\u00e9.<\/p><p>&#8220;Una lluvia de obras para el 2021&#8221;, esa fue la frase utilizada por la <strong>Prefecta de Esmeraldas<\/strong>, quien tambi\u00e9n expuso cada uno de los diez convenios para el mejoramiento de v\u00edas en la provincia, destacando especialmente las ejecutadas en Quinind\u00e9.<\/p><p>En este medio de comunicaci\u00f3n, el <strong>Vice Prefecto<\/strong>, fue consultado respecto a la inversi\u00f3n social y productiva en el sector campesino. Diego Zambrano, explic\u00f3 cada una de las actividades realizadas durante en el a\u00f1o 2020, enfocadas en el fomento productivo, acciones entre las que se destac\u00f3 la entrega de m\u00e1s de 100 mil plantas de cacao, insumos agropecuarios, entrega de kits de inseminaci\u00f3n artificial entre otros.<\/p><p>Anunci\u00f3 la entrega de 40 contenedores para la recolecci\u00f3n de residuos s\u00f3lidos, la intervenci\u00f3n de la v\u00eda T de Zapallo y otras obras de mejoramiento vial.<\/p>\t\t\t\t\t\t\t\t<\/div>\n\t\t\t\t<\/div>\n\t\t\t\t\t<\/div>\n\t\t<\/div>\n\t\t\t\t\t<\/div>\n\t\t<\/section>\n\t\t\t\t<\/div>\n\t\t","protected":false},"excerpt":{"rendered":"<p>En atenci\u00f3n a una invitaci\u00f3n realizada, la Prefecta y el Vice prefecto de Esmeraldas fueron entrevistados en el canal Quinind\u00e9 Televisi\u00f3n. Ambas autoridades dieron un informe de las actividades ejecutadas durante noviembre, mes en que se conmemoraron 173 a\u00f1os de provincializaci\u00f3n. Esta festividad se propuso en 2020, ser festejada con obras, tras la pandemia. La [&hellip;]<\/p>\n","protected":false},"author":2,"featured_media":7767,"comment_status":"closed","ping_status":"open","sticky":false,"template":"","format":"standard","meta":{"footnotes":""},"categories":[25],"tags":[],"class_list":["post-7766","post","type-post","status-publish","format-standard","has-post-thumbnail","hentry","category-comunicacion-social"],"yoast_head":"<!-- This site is optimized with the Yoast SEO plugin v25.7 - https:\/\/yoast.com\/wordpress\/plugins\/seo\/ -->\n<title>Prefecta y vice Prefecto fueron entrevistados en Quinind\u00e9 televisi\u00f3n. - Gobierno Aut\u00f3nomo Descentralizado de la Provincia de Esmeraldas<\/title>\n<meta name=\"robots\" content=\"index, follow, max-snippet:-1, max-image-preview:large, max-video-preview:-1\" \/>\n<link rel=\"canonical\" href=\"https:\/\/prefecturadeesmeraldas.gob.ec\/index.php\/2020\/11\/30\/prefecta-y-vice-prefecto-fueron-entrevistados-en-quininde-television\/\" \/>\n<meta property=\"og:locale\" content=\"es_ES\" \/>\n<meta property=\"og:type\" content=\"article\" \/>\n<meta property=\"og:title\" content=\"Prefecta y vice Prefecto fueron entrevistados en Quinind\u00e9 televisi\u00f3n. - Gobierno Aut\u00f3nomo Descentralizado de la Provincia de Esmeraldas\" \/>\n<meta property=\"og:description\" content=\"En atenci\u00f3n a una invitaci\u00f3n realizada, la Prefecta y el Vice prefecto de Esmeraldas fueron entrevistados en el canal Quinind\u00e9 Televisi\u00f3n. Ambas autoridades dieron un informe de las actividades ejecutadas durante noviembre, mes en que se conmemoraron 173 a\u00f1os de provincializaci\u00f3n. Esta festividad se propuso en 2020, ser festejada con obras, tras la pandemia. La [&hellip;]\" \/>\n<meta property=\"og:url\" content=\"https:\/\/prefecturadeesmeraldas.gob.ec\/index.php\/2020\/11\/30\/prefecta-y-vice-prefecto-fueron-entrevistados-en-quininde-television\/\" \/>\n<meta property=\"og:site_name\" content=\"Gobierno Aut\u00f3nomo Descentralizado de la Provincia de Esmeraldas\" \/>\n<meta property=\"article:publisher\" content=\"https:\/\/www.facebook.com\/PrefecturaEsmeraldas\/\" \/>\n<meta property=\"article:published_time\" content=\"2020-11-30T16:27:15+00:00\" \/>\n<meta property=\"article:modified_time\" content=\"2020-11-30T16:28:46+00:00\" \/>\n<meta property=\"og:image\" content=\"https:\/\/prefecturadeesmeraldas.gob.ec\/wp-content\/uploads\/2020\/11\/boletin-1155.jpg\" \/>\n\t<meta property=\"og:image:width\" content=\"1280\" \/>\n\t<meta property=\"og:image:height\" content=\"1280\" \/>\n\t<meta property=\"og:image:type\" content=\"image\/jpeg\" \/>\n<meta name=\"author\" content=\"Direcci\u00f3n de Comunicaci\u00f3n\" \/>\n<meta name=\"twitter:card\" content=\"summary_large_image\" \/>\n<meta name=\"twitter:label1\" content=\"Escrito por\" \/>\n\t<meta name=\"twitter:data1\" content=\"Direcci\u00f3n de Comunicaci\u00f3n\" \/>\n\t<meta name=\"twitter:label2\" content=\"Tiempo de lectura\" \/>\n\t<meta name=\"twitter:data2\" content=\"1 minuto\" \/>\n<script type=\"application\/ld+json\" class=\"yoast-schema-graph\">{\"@context\":\"https:\/\/schema.org\",\"@graph\":[{\"@type\":\"Article\",\"@id\":\"https:\/\/prefecturadeesmeraldas.gob.ec\/index.php\/2020\/11\/30\/prefecta-y-vice-prefecto-fueron-entrevistados-en-quininde-television\/#article\",\"isPartOf\":{\"@id\":\"https:\/\/prefecturadeesmeraldas.gob.ec\/index.php\/2020\/11\/30\/prefecta-y-vice-prefecto-fueron-entrevistados-en-quininde-television\/\"},\"author\":{\"name\":\"Direcci\u00f3n de Comunicaci\u00f3n\",\"@id\":\"https:\/\/prefecturadeesmeraldas.gob.ec\/#\/schema\/person\/b0c9e7b1ead7725994d1e319e8825234\"},\"headline\":\"Prefecta y vice Prefecto fueron entrevistados en Quinind\u00e9 televisi\u00f3n.\",\"datePublished\":\"2020-11-30T16:27:15+00:00\",\"dateModified\":\"2020-11-30T16:28:46+00:00\",\"mainEntityOfPage\":{\"@id\":\"https:\/\/prefecturadeesmeraldas.gob.ec\/index.php\/2020\/11\/30\/prefecta-y-vice-prefecto-fueron-entrevistados-en-quininde-television\/\"},\"wordCount\":255,\"publisher\":{\"@id\":\"https:\/\/prefecturadeesmeraldas.gob.ec\/#organization\"},\"image\":{\"@id\":\"https:\/\/prefecturadeesmeraldas.gob.ec\/index.php\/2020\/11\/30\/prefecta-y-vice-prefecto-fueron-entrevistados-en-quininde-television\/#primaryimage\"},\"thumbnailUrl\":\"https:\/\/prefecturadeesmeraldas.gob.ec\/wp-content\/uploads\/2020\/11\/boletin-1155.jpg\",\"articleSection\":[\"Comunicaci\u00f3n Social\"],\"inLanguage\":\"es\"},{\"@type\":\"WebPage\",\"@id\":\"https:\/\/prefecturadeesmeraldas.gob.ec\/index.php\/2020\/11\/30\/prefecta-y-vice-prefecto-fueron-entrevistados-en-quininde-television\/\",\"url\":\"https:\/\/prefecturadeesmeraldas.gob.ec\/index.php\/2020\/11\/30\/prefecta-y-vice-prefecto-fueron-entrevistados-en-quininde-television\/\",\"name\":\"Prefecta y vice Prefecto fueron entrevistados en Quinind\u00e9 televisi\u00f3n. - Gobierno Aut\u00f3nomo Descentralizado de la Provincia de Esmeraldas\",\"isPartOf\":{\"@id\":\"https:\/\/prefecturadeesmeraldas.gob.ec\/#website\"},\"primaryImageOfPage\":{\"@id\":\"https:\/\/prefecturadeesmeraldas.gob.ec\/index.php\/2020\/11\/30\/prefecta-y-vice-prefecto-fueron-entrevistados-en-quininde-television\/#primaryimage\"},\"image\":{\"@id\":\"https:\/\/prefecturadeesmeraldas.gob.ec\/index.php\/2020\/11\/30\/prefecta-y-vice-prefecto-fueron-entrevistados-en-quininde-television\/#primaryimage\"},\"thumbnailUrl\":\"https:\/\/prefecturadeesmeraldas.gob.ec\/wp-content\/uploads\/2020\/11\/boletin-1155.jpg\",\"datePublished\":\"2020-11-30T16:27:15+00:00\",\"dateModified\":\"2020-11-30T16:28:46+00:00\",\"breadcrumb\":{\"@id\":\"https:\/\/prefecturadeesmeraldas.gob.ec\/index.php\/2020\/11\/30\/prefecta-y-vice-prefecto-fueron-entrevistados-en-quininde-television\/#breadcrumb\"},\"inLanguage\":\"es\",\"potentialAction\":[{\"@type\":\"ReadAction\",\"target\":[\"https:\/\/prefecturadeesmeraldas.gob.ec\/index.php\/2020\/11\/30\/prefecta-y-vice-prefecto-fueron-entrevistados-en-quininde-television\/\"]}]},{\"@type\":\"ImageObject\",\"inLanguage\":\"es\",\"@id\":\"https:\/\/prefecturadeesmeraldas.gob.ec\/index.php\/2020\/11\/30\/prefecta-y-vice-prefecto-fueron-entrevistados-en-quininde-television\/#primaryimage\",\"url\":\"https:\/\/prefecturadeesmeraldas.gob.ec\/wp-content\/uploads\/2020\/11\/boletin-1155.jpg\",\"contentUrl\":\"https:\/\/prefecturadeesmeraldas.gob.ec\/wp-content\/uploads\/2020\/11\/boletin-1155.jpg\",\"width\":1280,\"height\":1280},{\"@type\":\"BreadcrumbList\",\"@id\":\"https:\/\/prefecturadeesmeraldas.gob.ec\/index.php\/2020\/11\/30\/prefecta-y-vice-prefecto-fueron-entrevistados-en-quininde-television\/#breadcrumb\",\"itemListElement\":[{\"@type\":\"ListItem\",\"position\":1,\"name\":\"Home\",\"item\":\"https:\/\/prefecturadeesmeraldas.gob.ec\/\"},{\"@type\":\"ListItem\",\"position\":2,\"name\":\"Prefecta y vice Prefecto fueron entrevistados en Quinind\u00e9 televisi\u00f3n.\"}]},{\"@type\":\"WebSite\",\"@id\":\"https:\/\/prefecturadeesmeraldas.gob.ec\/#website\",\"url\":\"https:\/\/prefecturadeesmeraldas.gob.ec\/\",\"name\":\"Gobierno Aut\u00f3nomo Descentralizado de la Provincia de Esmeraldas\",\"description\":\"Gobierno Aut\u00f3nomo Descentralizado de la Provincia de Esmeraldas\",\"publisher\":{\"@id\":\"https:\/\/prefecturadeesmeraldas.gob.ec\/#organization\"},\"potentialAction\":[{\"@type\":\"SearchAction\",\"target\":{\"@type\":\"EntryPoint\",\"urlTemplate\":\"https:\/\/prefecturadeesmeraldas.gob.ec\/?s={search_term_string}\"},\"query-input\":{\"@type\":\"PropertyValueSpecification\",\"valueRequired\":true,\"valueName\":\"search_term_string\"}}],\"inLanguage\":\"es\"},{\"@type\":\"Organization\",\"@id\":\"https:\/\/prefecturadeesmeraldas.gob.ec\/#organization\",\"name\":\"Gobierno Aut\u00f3nomo Descentralizado de la Provincia de Esmeraldas\",\"url\":\"https:\/\/prefecturadeesmeraldas.gob.ec\/\",\"logo\":{\"@type\":\"ImageObject\",\"inLanguage\":\"es\",\"@id\":\"https:\/\/prefecturadeesmeraldas.gob.ec\/#\/schema\/logo\/image\/\",\"url\":\"https:\/\/prefecturadeesmeraldas.gob.ec\/wp-content\/uploads\/2019\/06\/logo.png\",\"contentUrl\":\"https:\/\/prefecturadeesmeraldas.gob.ec\/wp-content\/uploads\/2019\/06\/logo.png\",\"width\":859,\"height\":448,\"caption\":\"Gobierno Aut\u00f3nomo Descentralizado de la Provincia de Esmeraldas\"},\"image\":{\"@id\":\"https:\/\/prefecturadeesmeraldas.gob.ec\/#\/schema\/logo\/image\/\"},\"sameAs\":[\"https:\/\/www.facebook.com\/PrefecturaEsmeraldas\/\"]},{\"@type\":\"Person\",\"@id\":\"https:\/\/prefecturadeesmeraldas.gob.ec\/#\/schema\/person\/b0c9e7b1ead7725994d1e319e8825234\",\"name\":\"Direcci\u00f3n de Comunicaci\u00f3n\",\"image\":{\"@type\":\"ImageObject\",\"inLanguage\":\"es\",\"@id\":\"https:\/\/prefecturadeesmeraldas.gob.ec\/#\/schema\/person\/image\/\",\"url\":\"https:\/\/secure.gravatar.com\/avatar\/74a3870a946f5d774ade3569af61a72308e07ad3346f370c4b468ee2a9858658?s=96&d=mm&r=g\",\"contentUrl\":\"https:\/\/secure.gravatar.com\/avatar\/74a3870a946f5d774ade3569af61a72308e07ad3346f370c4b468ee2a9858658?s=96&d=mm&r=g\",\"caption\":\"Direcci\u00f3n de Comunicaci\u00f3n\"}}]}<\/script>\n<!-- \/ Yoast SEO plugin. -->","yoast_head_json":{"title":"Prefecta y vice Prefecto fueron entrevistados en Quinind\u00e9 televisi\u00f3n. - Gobierno Aut\u00f3nomo Descentralizado de la Provincia de Esmeraldas","robots":{"index":"index","follow":"follow","max-snippet":"max-snippet:-1","max-image-preview":"max-image-preview:large","max-video-preview":"max-video-preview:-1"},"canonical":"https:\/\/prefecturadeesmeraldas.gob.ec\/index.php\/2020\/11\/30\/prefecta-y-vice-prefecto-fueron-entrevistados-en-quininde-television\/","og_locale":"es_ES","og_type":"article","og_title":"Prefecta y vice Prefecto fueron entrevistados en Quinind\u00e9 televisi\u00f3n. - Gobierno Aut\u00f3nomo Descentralizado de la Provincia de Esmeraldas","og_description":"En atenci\u00f3n a una invitaci\u00f3n realizada, la Prefecta y el Vice prefecto de Esmeraldas fueron entrevistados en el canal Quinind\u00e9 Televisi\u00f3n. Ambas autoridades dieron un informe de las actividades ejecutadas durante noviembre, mes en que se conmemoraron 173 a\u00f1os de provincializaci\u00f3n. Esta festividad se propuso en 2020, ser festejada con obras, tras la pandemia. La [&hellip;]","og_url":"https:\/\/prefecturadeesmeraldas.gob.ec\/index.php\/2020\/11\/30\/prefecta-y-vice-prefecto-fueron-entrevistados-en-quininde-television\/","og_site_name":"Gobierno Aut\u00f3nomo Descentralizado de la Provincia de Esmeraldas","article_publisher":"https:\/\/www.facebook.com\/PrefecturaEsmeraldas\/","article_published_time":"2020-11-30T16:27:15+00:00","article_modified_time":"2020-11-30T16:28:46+00:00","og_image":[{"width":1280,"height":1280,"url":"https:\/\/prefecturadeesmeraldas.gob.ec\/wp-content\/uploads\/2020\/11\/boletin-1155.jpg","type":"image\/jpeg"}],"author":"Direcci\u00f3n de Comunicaci\u00f3n","twitter_card":"summary_large_image","twitter_misc":{"Escrito por":"Direcci\u00f3n de Comunicaci\u00f3n","Tiempo de lectura":"1 minuto"},"schema":{"@context":"https:\/\/schema.org","@graph":[{"@type":"Article","@id":"https:\/\/prefecturadeesmeraldas.gob.ec\/index.php\/2020\/11\/30\/prefecta-y-vice-prefecto-fueron-entrevistados-en-quininde-television\/#article","isPartOf":{"@id":"https:\/\/prefecturadeesmeraldas.gob.ec\/index.php\/2020\/11\/30\/prefecta-y-vice-prefecto-fueron-entrevistados-en-quininde-television\/"},"author":{"name":"Direcci\u00f3n de Comunicaci\u00f3n","@id":"https:\/\/prefecturadeesmeraldas.gob.ec\/#\/schema\/person\/b0c9e7b1ead7725994d1e319e8825234"},"headline":"Prefecta y vice Prefecto fueron entrevistados en Quinind\u00e9 televisi\u00f3n.","datePublished":"2020-11-30T16:27:15+00:00","dateModified":"2020-11-30T16:28:46+00:00","mainEntityOfPage":{"@id":"https:\/\/prefecturadeesmeraldas.gob.ec\/index.php\/2020\/11\/30\/prefecta-y-vice-prefecto-fueron-entrevistados-en-quininde-television\/"},"wordCount":255,"publisher":{"@id":"https:\/\/prefecturadeesmeraldas.gob.ec\/#organization"},"image":{"@id":"https:\/\/prefecturadeesmeraldas.gob.ec\/index.php\/2020\/11\/30\/prefecta-y-vice-prefecto-fueron-entrevistados-en-quininde-television\/#primaryimage"},"thumbnailUrl":"https:\/\/prefecturadeesmeraldas.gob.ec\/wp-content\/uploads\/2020\/11\/boletin-1155.jpg","articleSection":["Comunicaci\u00f3n Social"],"inLanguage":"es"},{"@type":"WebPage","@id":"https:\/\/prefecturadeesmeraldas.gob.ec\/index.php\/2020\/11\/30\/prefecta-y-vice-prefecto-fueron-entrevistados-en-quininde-television\/","url":"https:\/\/prefecturadeesmeraldas.gob.ec\/index.php\/2020\/11\/30\/prefecta-y-vice-prefecto-fueron-entrevistados-en-quininde-television\/","name":"Prefecta y vice Prefecto fueron entrevistados en Quinind\u00e9 televisi\u00f3n. - Gobierno Aut\u00f3nomo Descentralizado de la Provincia de Esmeraldas","isPartOf":{"@id":"https:\/\/prefecturadeesmeraldas.gob.ec\/#website"},"primaryImageOfPage":{"@id":"https:\/\/prefecturadeesmeraldas.gob.ec\/index.php\/2020\/11\/30\/prefecta-y-vice-prefecto-fueron-entrevistados-en-quininde-television\/#primaryimage"},"image":{"@id":"https:\/\/prefecturadeesmeraldas.gob.ec\/index.php\/2020\/11\/30\/prefecta-y-vice-prefecto-fueron-entrevistados-en-quininde-television\/#primaryimage"},"thumbnailUrl":"https:\/\/prefecturadeesmeraldas.gob.ec\/wp-content\/uploads\/2020\/11\/boletin-1155.jpg","datePublished":"2020-11-30T16:27:15+00:00","dateModified":"2020-11-30T16:28:46+00:00","breadcrumb":{"@id":"https:\/\/prefecturadeesmeraldas.gob.ec\/index.php\/2020\/11\/30\/prefecta-y-vice-prefecto-fueron-entrevistados-en-quininde-television\/#breadcrumb"},"inLanguage":"es","potentialAction":[{"@type":"ReadAction","target":["https:\/\/prefecturadeesmeraldas.gob.ec\/index.php\/2020\/11\/30\/prefecta-y-vice-prefecto-fueron-entrevistados-en-quininde-television\/"]}]},{"@type":"ImageObject","inLanguage":"es","@id":"https:\/\/prefecturadeesmeraldas.gob.ec\/index.php\/2020\/11\/30\/prefecta-y-vice-prefecto-fueron-entrevistados-en-quininde-television\/#primaryimage","url":"https:\/\/prefecturadeesmeraldas.gob.ec\/wp-content\/uploads\/2020\/11\/boletin-1155.jpg","contentUrl":"https:\/\/prefecturadeesmeraldas.gob.ec\/wp-content\/uploads\/2020\/11\/boletin-1155.jpg","width":1280,"height":1280},{"@type":"BreadcrumbList","@id":"https:\/\/prefecturadeesmeraldas.gob.ec\/index.php\/2020\/11\/30\/prefecta-y-vice-prefecto-fueron-entrevistados-en-quininde-television\/#breadcrumb","itemListElement":[{"@type":"ListItem","position":1,"name":"Home","item":"https:\/\/prefecturadeesmeraldas.gob.ec\/"},{"@type":"ListItem","position":2,"name":"Prefecta y vice Prefecto fueron entrevistados en Quinind\u00e9 televisi\u00f3n."}]},{"@type":"WebSite","@id":"https:\/\/prefecturadeesmeraldas.gob.ec\/#website","url":"https:\/\/prefecturadeesmeraldas.gob.ec\/","name":"Gobierno Aut\u00f3nomo Descentralizado de la Provincia de Esmeraldas","description":"Gobierno Aut\u00f3nomo Descentralizado de la Provincia de Esmeraldas","publisher":{"@id":"https:\/\/prefecturadeesmeraldas.gob.ec\/#organization"},"potentialAction":[{"@type":"SearchAction","target":{"@type":"EntryPoint","urlTemplate":"https:\/\/prefecturadeesmeraldas.gob.ec\/?s={search_term_string}"},"query-input":{"@type":"PropertyValueSpecification","valueRequired":true,"valueName":"search_term_string"}}],"inLanguage":"es"},{"@type":"Organization","@id":"https:\/\/prefecturadeesmeraldas.gob.ec\/#organization","name":"Gobierno Aut\u00f3nomo Descentralizado de la Provincia de Esmeraldas","url":"https:\/\/prefecturadeesmeraldas.gob.ec\/","logo":{"@type":"ImageObject","inLanguage":"es","@id":"https:\/\/prefecturadeesmeraldas.gob.ec\/#\/schema\/logo\/image\/","url":"https:\/\/prefecturadeesmeraldas.gob.ec\/wp-content\/uploads\/2019\/06\/logo.png","contentUrl":"https:\/\/prefecturadeesmeraldas.gob.ec\/wp-content\/uploads\/2019\/06\/logo.png","width":859,"height":448,"caption":"Gobierno Aut\u00f3nomo Descentralizado de la Provincia de Esmeraldas"},"image":{"@id":"https:\/\/prefecturadeesmeraldas.gob.ec\/#\/schema\/logo\/image\/"},"sameAs":["https:\/\/www.facebook.com\/PrefecturaEsmeraldas\/"]},{"@type":"Person","@id":"https:\/\/prefecturadeesmeraldas.gob.ec\/#\/schema\/person\/b0c9e7b1ead7725994d1e319e8825234","name":"Direcci\u00f3n de Comunicaci\u00f3n","image":{"@type":"ImageObject","inLanguage":"es","@id":"https:\/\/prefecturadeesmeraldas.gob.ec\/#\/schema\/person\/image\/","url":"https:\/\/secure.gravatar.com\/avatar\/74a3870a946f5d774ade3569af61a72308e07ad3346f370c4b468ee2a9858658?s=96&d=mm&r=g","contentUrl":"https:\/\/secure.gravatar.com\/avatar\/74a3870a946f5d774ade3569af61a72308e07ad3346f370c4b468ee2a9858658?s=96&d=mm&r=g","caption":"Direcci\u00f3n de Comunicaci\u00f3n"}}]}},"_links":{"self":[{"href":"https:\/\/prefecturadeesmeraldas.gob.ec\/index.php\/wp-json\/wp\/v2\/posts\/7766","targetHints":{"allow":["GET"]}}],"collection":[{"href":"https:\/\/prefecturadeesmeraldas.gob.ec\/index.php\/wp-json\/wp\/v2\/posts"}],"about":[{"href":"https:\/\/prefecturadeesmeraldas.gob.ec\/index.php\/wp-json\/wp\/v2\/types\/post"}],"author":[{"embeddable":true,"href":"https:\/\/prefecturadeesmeraldas.gob.ec\/index.php\/wp-json\/wp\/v2\/users\/2"}],"replies":[{"embeddable":true,"href":"https:\/\/prefecturadeesmeraldas.gob.ec\/index.php\/wp-json\/wp\/v2\/comments?post=7766"}],"version-history":[{"count":0,"href":"https:\/\/prefecturadeesmeraldas.gob.ec\/index.php\/wp-json\/wp\/v2\/posts\/7766\/revisions"}],"wp:featuredmedia":[{"embeddable":true,"href":"https:\/\/prefecturadeesmeraldas.gob.ec\/index.php\/wp-json\/wp\/v2\/media\/7767"}],"wp:attachment":[{"href":"https:\/\/prefecturadeesmeraldas.gob.ec\/index.php\/wp-json\/wp\/v2\/media?parent=7766"}],"wp:term":[{"taxonomy":"category","embeddable":true,"href":"https:\/\/prefecturadeesmeraldas.gob.ec\/index.php\/wp-json\/wp\/v2\/categories?post=7766"},{"taxonomy":"post_tag","embeddable":true,"href":"https:\/\/prefecturadeesmeraldas.gob.ec\/index.php\/wp-json\/wp\/v2\/tags?post=7766"}],"curies":[{"name":"wp","href":"https:\/\/api.w.org\/{rel}","templated":true}]}}