{"id":7650,"date":"2020-11-24T15:07:38","date_gmt":"2020-11-24T20:07:38","guid":{"rendered":"http:\/\/prefecturadeesmeraldas.gob.ec\/?p=7650"},"modified":"2020-11-24T15:10:00","modified_gmt":"2020-11-24T20:10:00","slug":"prefectura-firma-acta-transaccional-que-mejora-la-subsistencia-de-mas-de-300-trabajadores","status":"publish","type":"post","link":"https:\/\/prefecturadeesmeraldas.gob.ec\/index.php\/2020\/11\/24\/prefectura-firma-acta-transaccional-que-mejora-la-subsistencia-de-mas-de-300-trabajadores\/","title":{"rendered":"Prefectura firma acta transaccional que mejora la subsistencia de m\u00e1s de 300 trabajadores."},"content":{"rendered":"\t\t<div data-elementor-type=\"wp-post\" data-elementor-id=\"7650\" class=\"elementor elementor-7650\">\n\t\t\t\t\t\t<section class=\"elementor-section elementor-top-section elementor-element elementor-element-32cd0ed elementor-section-boxed elementor-section-height-default elementor-section-height-default\" data-id=\"32cd0ed\" data-element_type=\"section\">\n\t\t\t\t\t\t<div class=\"elementor-container elementor-column-gap-default\">\n\t\t\t\t\t<div class=\"elementor-column elementor-col-100 elementor-top-column elementor-element elementor-element-dbfd7b1\" data-id=\"dbfd7b1\" data-element_type=\"column\">\n\t\t\t<div class=\"elementor-widget-wrap elementor-element-populated\">\n\t\t\t\t\t\t<div class=\"elementor-element elementor-element-19f54ff elementor-widget elementor-widget-image\" data-id=\"19f54ff\" data-element_type=\"widget\" data-widget_type=\"image.default\">\n\t\t\t\t<div class=\"elementor-widget-container\">\n\t\t\t\t\t\t\t\t\t\t\t\t\t\t\t<img fetchpriority=\"high\" decoding=\"async\" width=\"1024\" height=\"768\" src=\"https:\/\/prefecturadeesmeraldas.gob.ec\/wp-content\/uploads\/2020\/11\/WhatsApp-Image-2020-11-22-at-08.26.20-1024x768.jpeg\" class=\"attachment-large size-large wp-image-7651\" alt=\"\" srcset=\"https:\/\/prefecturadeesmeraldas.gob.ec\/wp-content\/uploads\/2020\/11\/WhatsApp-Image-2020-11-22-at-08.26.20-1024x768.jpeg 1024w, https:\/\/prefecturadeesmeraldas.gob.ec\/wp-content\/uploads\/2020\/11\/WhatsApp-Image-2020-11-22-at-08.26.20-1080x810.jpeg 1080w, https:\/\/prefecturadeesmeraldas.gob.ec\/wp-content\/uploads\/2020\/11\/WhatsApp-Image-2020-11-22-at-08.26.20-300x225.jpeg 300w, https:\/\/prefecturadeesmeraldas.gob.ec\/wp-content\/uploads\/2020\/11\/WhatsApp-Image-2020-11-22-at-08.26.20-768x576.jpeg 768w, https:\/\/prefecturadeesmeraldas.gob.ec\/wp-content\/uploads\/2020\/11\/WhatsApp-Image-2020-11-22-at-08.26.20.jpeg 1280w\" sizes=\"(max-width: 1024px) 100vw, 1024px\" \/>\t\t\t\t\t\t\t\t\t\t\t\t\t\t\t<\/div>\n\t\t\t\t<\/div>\n\t\t\t\t\t<\/div>\n\t\t<\/div>\n\t\t\t\t\t<\/div>\n\t\t<\/section>\n\t\t\t\t<section class=\"elementor-section elementor-top-section elementor-element elementor-element-4c69a64 elementor-section-boxed elementor-section-height-default elementor-section-height-default\" data-id=\"4c69a64\" data-element_type=\"section\">\n\t\t\t\t\t\t<div class=\"elementor-container elementor-column-gap-default\">\n\t\t\t\t\t<div class=\"elementor-column elementor-col-100 elementor-top-column elementor-element elementor-element-bb157d7\" data-id=\"bb157d7\" data-element_type=\"column\">\n\t\t\t<div class=\"elementor-widget-wrap elementor-element-populated\">\n\t\t\t\t\t\t<div class=\"elementor-element elementor-element-d0ce524 elementor-widget elementor-widget-text-editor\" data-id=\"d0ce524\" data-element_type=\"widget\" data-widget_type=\"text-editor.default\">\n\t\t\t\t<div class=\"elementor-widget-container\">\n\t\t\t\t\t\t\t\t\t<p>La Prefectura de Esmeraldas realiz\u00f3 la firma del Acta Transaccional, con el Comit\u00e9 Central de Obreros. La acci\u00f3n llevada a cabo durante la ceremonia por los 173 a\u00f1os de Provincializaci\u00f3n pone en contexto un aumento de 5 d\u00f3lares, en la taza para el pago de la subsistencia a m\u00e1s de 300 trabajadores, medida denominada por los obreros, como una conquista laboral, que gener\u00f3 gran motivaci\u00f3n y alegr\u00eda.<\/p><p><\/p><p><strong>Alan M\u00e9ndez<\/strong>, Secretario General de la instituci\u00f3n provincial, detall\u00f3 el marco del acuerdo firmado de manera acorde por ambas partes, lo cual permite que el derecho al pago de la subsistencia haya pasado de 8 d\u00f3lares, a 13 d\u00f3lares con 50 centavos, desde el pasado mes de septiembre del 2020.<\/p><p><\/p><p>Durante su intervenci\u00f3n, <strong>Eddy Salazar<\/strong>, abogado y presidente del Comit\u00e9 Central de Obreros, exalt\u00f3 y elogi\u00f3 la voluntad pol\u00edtica, acompa\u00f1ada del inter\u00e9s de hacer justicia con los trabajadores, mostrada por la actual administraci\u00f3n de la Prefectura.<\/p><p><\/p><p>El proceso suscrito entre quienes lideran la actual administraci\u00f3n de la instituci\u00f3n y los trabajadores evidenci\u00f3 una arm\u00f3nica relaci\u00f3n para quienes conforman la Prefectura de Esmeraldas. <strong>\u00a0<\/strong><\/p>\t\t\t\t\t\t\t\t<\/div>\n\t\t\t\t<\/div>\n\t\t\t\t\t<\/div>\n\t\t<\/div>\n\t\t\t\t\t<\/div>\n\t\t<\/section>\n\t\t\t\t<\/div>\n\t\t","protected":false},"excerpt":{"rendered":"<p>La Prefectura de Esmeraldas realiz\u00f3 la firma del Acta Transaccional, con el Comit\u00e9 Central de Obreros. La acci\u00f3n llevada a cabo durante la ceremonia por los 173 a\u00f1os de Provincializaci\u00f3n pone en contexto un aumento de 5 d\u00f3lares, en la taza para el pago de la subsistencia a m\u00e1s de 300 trabajadores, medida denominada por [&hellip;]<\/p>\n","protected":false},"author":2,"featured_media":7651,"comment_status":"closed","ping_status":"open","sticky":false,"template":"","format":"standard","meta":{"footnotes":""},"categories":[3],"tags":[],"class_list":["post-7650","post","type-post","status-publish","format-standard","has-post-thumbnail","hentry","category-institucional"],"yoast_head":"<!-- This site is optimized with the Yoast SEO plugin v25.7 - https:\/\/yoast.com\/wordpress\/plugins\/seo\/ -->\n<title>Prefectura firma acta transaccional que mejora la subsistencia de m\u00e1s de 300 trabajadores. - Gobierno Aut\u00f3nomo Descentralizado de la Provincia de Esmeraldas<\/title>\n<meta name=\"robots\" content=\"index, follow, max-snippet:-1, max-image-preview:large, max-video-preview:-1\" \/>\n<link rel=\"canonical\" href=\"https:\/\/prefecturadeesmeraldas.gob.ec\/index.php\/2020\/11\/24\/prefectura-firma-acta-transaccional-que-mejora-la-subsistencia-de-mas-de-300-trabajadores\/\" \/>\n<meta property=\"og:locale\" content=\"es_ES\" \/>\n<meta property=\"og:type\" content=\"article\" \/>\n<meta property=\"og:title\" content=\"Prefectura firma acta transaccional que mejora la subsistencia de m\u00e1s de 300 trabajadores. - Gobierno Aut\u00f3nomo Descentralizado de la Provincia de Esmeraldas\" \/>\n<meta property=\"og:description\" content=\"La Prefectura de Esmeraldas realiz\u00f3 la firma del Acta Transaccional, con el Comit\u00e9 Central de Obreros. La acci\u00f3n llevada a cabo durante la ceremonia por los 173 a\u00f1os de Provincializaci\u00f3n pone en contexto un aumento de 5 d\u00f3lares, en la taza para el pago de la subsistencia a m\u00e1s de 300 trabajadores, medida denominada por [&hellip;]\" \/>\n<meta property=\"og:url\" content=\"https:\/\/prefecturadeesmeraldas.gob.ec\/index.php\/2020\/11\/24\/prefectura-firma-acta-transaccional-que-mejora-la-subsistencia-de-mas-de-300-trabajadores\/\" \/>\n<meta property=\"og:site_name\" content=\"Gobierno Aut\u00f3nomo Descentralizado de la Provincia de Esmeraldas\" \/>\n<meta property=\"article:publisher\" content=\"https:\/\/www.facebook.com\/PrefecturaEsmeraldas\/\" \/>\n<meta property=\"article:published_time\" content=\"2020-11-24T20:07:38+00:00\" \/>\n<meta property=\"article:modified_time\" content=\"2020-11-24T20:10:00+00:00\" \/>\n<meta property=\"og:image\" content=\"https:\/\/prefecturadeesmeraldas.gob.ec\/wp-content\/uploads\/2020\/11\/WhatsApp-Image-2020-11-22-at-08.26.20.jpeg\" \/>\n\t<meta property=\"og:image:width\" content=\"1280\" \/>\n\t<meta property=\"og:image:height\" content=\"960\" \/>\n\t<meta property=\"og:image:type\" content=\"image\/jpeg\" \/>\n<meta name=\"author\" content=\"Direcci\u00f3n de Comunicaci\u00f3n\" \/>\n<meta name=\"twitter:card\" content=\"summary_large_image\" \/>\n<meta name=\"twitter:label1\" content=\"Escrito por\" \/>\n\t<meta name=\"twitter:data1\" content=\"Direcci\u00f3n de Comunicaci\u00f3n\" \/>\n\t<meta name=\"twitter:label2\" content=\"Tiempo de lectura\" \/>\n\t<meta name=\"twitter:data2\" content=\"1 minuto\" \/>\n<script type=\"application\/ld+json\" class=\"yoast-schema-graph\">{\"@context\":\"https:\/\/schema.org\",\"@graph\":[{\"@type\":\"Article\",\"@id\":\"https:\/\/prefecturadeesmeraldas.gob.ec\/index.php\/2020\/11\/24\/prefectura-firma-acta-transaccional-que-mejora-la-subsistencia-de-mas-de-300-trabajadores\/#article\",\"isPartOf\":{\"@id\":\"https:\/\/prefecturadeesmeraldas.gob.ec\/index.php\/2020\/11\/24\/prefectura-firma-acta-transaccional-que-mejora-la-subsistencia-de-mas-de-300-trabajadores\/\"},\"author\":{\"name\":\"Direcci\u00f3n de Comunicaci\u00f3n\",\"@id\":\"https:\/\/prefecturadeesmeraldas.gob.ec\/#\/schema\/person\/b0c9e7b1ead7725994d1e319e8825234\"},\"headline\":\"Prefectura firma acta transaccional que mejora la subsistencia de m\u00e1s de 300 trabajadores.\",\"datePublished\":\"2020-11-24T20:07:38+00:00\",\"dateModified\":\"2020-11-24T20:10:00+00:00\",\"mainEntityOfPage\":{\"@id\":\"https:\/\/prefecturadeesmeraldas.gob.ec\/index.php\/2020\/11\/24\/prefectura-firma-acta-transaccional-que-mejora-la-subsistencia-de-mas-de-300-trabajadores\/\"},\"wordCount\":205,\"publisher\":{\"@id\":\"https:\/\/prefecturadeesmeraldas.gob.ec\/#organization\"},\"image\":{\"@id\":\"https:\/\/prefecturadeesmeraldas.gob.ec\/index.php\/2020\/11\/24\/prefectura-firma-acta-transaccional-que-mejora-la-subsistencia-de-mas-de-300-trabajadores\/#primaryimage\"},\"thumbnailUrl\":\"https:\/\/prefecturadeesmeraldas.gob.ec\/wp-content\/uploads\/2020\/11\/WhatsApp-Image-2020-11-22-at-08.26.20.jpeg\",\"articleSection\":[\"Institucional\"],\"inLanguage\":\"es\"},{\"@type\":\"WebPage\",\"@id\":\"https:\/\/prefecturadeesmeraldas.gob.ec\/index.php\/2020\/11\/24\/prefectura-firma-acta-transaccional-que-mejora-la-subsistencia-de-mas-de-300-trabajadores\/\",\"url\":\"https:\/\/prefecturadeesmeraldas.gob.ec\/index.php\/2020\/11\/24\/prefectura-firma-acta-transaccional-que-mejora-la-subsistencia-de-mas-de-300-trabajadores\/\",\"name\":\"Prefectura firma acta transaccional que mejora la subsistencia de m\u00e1s de 300 trabajadores. - Gobierno Aut\u00f3nomo Descentralizado de la Provincia de Esmeraldas\",\"isPartOf\":{\"@id\":\"https:\/\/prefecturadeesmeraldas.gob.ec\/#website\"},\"primaryImageOfPage\":{\"@id\":\"https:\/\/prefecturadeesmeraldas.gob.ec\/index.php\/2020\/11\/24\/prefectura-firma-acta-transaccional-que-mejora-la-subsistencia-de-mas-de-300-trabajadores\/#primaryimage\"},\"image\":{\"@id\":\"https:\/\/prefecturadeesmeraldas.gob.ec\/index.php\/2020\/11\/24\/prefectura-firma-acta-transaccional-que-mejora-la-subsistencia-de-mas-de-300-trabajadores\/#primaryimage\"},\"thumbnailUrl\":\"https:\/\/prefecturadeesmeraldas.gob.ec\/wp-content\/uploads\/2020\/11\/WhatsApp-Image-2020-11-22-at-08.26.20.jpeg\",\"datePublished\":\"2020-11-24T20:07:38+00:00\",\"dateModified\":\"2020-11-24T20:10:00+00:00\",\"breadcrumb\":{\"@id\":\"https:\/\/prefecturadeesmeraldas.gob.ec\/index.php\/2020\/11\/24\/prefectura-firma-acta-transaccional-que-mejora-la-subsistencia-de-mas-de-300-trabajadores\/#breadcrumb\"},\"inLanguage\":\"es\",\"potentialAction\":[{\"@type\":\"ReadAction\",\"target\":[\"https:\/\/prefecturadeesmeraldas.gob.ec\/index.php\/2020\/11\/24\/prefectura-firma-acta-transaccional-que-mejora-la-subsistencia-de-mas-de-300-trabajadores\/\"]}]},{\"@type\":\"ImageObject\",\"inLanguage\":\"es\",\"@id\":\"https:\/\/prefecturadeesmeraldas.gob.ec\/index.php\/2020\/11\/24\/prefectura-firma-acta-transaccional-que-mejora-la-subsistencia-de-mas-de-300-trabajadores\/#primaryimage\",\"url\":\"https:\/\/prefecturadeesmeraldas.gob.ec\/wp-content\/uploads\/2020\/11\/WhatsApp-Image-2020-11-22-at-08.26.20.jpeg\",\"contentUrl\":\"https:\/\/prefecturadeesmeraldas.gob.ec\/wp-content\/uploads\/2020\/11\/WhatsApp-Image-2020-11-22-at-08.26.20.jpeg\",\"width\":1280,\"height\":960},{\"@type\":\"BreadcrumbList\",\"@id\":\"https:\/\/prefecturadeesmeraldas.gob.ec\/index.php\/2020\/11\/24\/prefectura-firma-acta-transaccional-que-mejora-la-subsistencia-de-mas-de-300-trabajadores\/#breadcrumb\",\"itemListElement\":[{\"@type\":\"ListItem\",\"position\":1,\"name\":\"Home\",\"item\":\"https:\/\/prefecturadeesmeraldas.gob.ec\/\"},{\"@type\":\"ListItem\",\"position\":2,\"name\":\"Prefectura firma acta transaccional que mejora la subsistencia de m\u00e1s de 300 trabajadores.\"}]},{\"@type\":\"WebSite\",\"@id\":\"https:\/\/prefecturadeesmeraldas.gob.ec\/#website\",\"url\":\"https:\/\/prefecturadeesmeraldas.gob.ec\/\",\"name\":\"Gobierno Aut\u00f3nomo Descentralizado de la Provincia de Esmeraldas\",\"description\":\"Gobierno Aut\u00f3nomo Descentralizado de la Provincia de Esmeraldas\",\"publisher\":{\"@id\":\"https:\/\/prefecturadeesmeraldas.gob.ec\/#organization\"},\"potentialAction\":[{\"@type\":\"SearchAction\",\"target\":{\"@type\":\"EntryPoint\",\"urlTemplate\":\"https:\/\/prefecturadeesmeraldas.gob.ec\/?s={search_term_string}\"},\"query-input\":{\"@type\":\"PropertyValueSpecification\",\"valueRequired\":true,\"valueName\":\"search_term_string\"}}],\"inLanguage\":\"es\"},{\"@type\":\"Organization\",\"@id\":\"https:\/\/prefecturadeesmeraldas.gob.ec\/#organization\",\"name\":\"Gobierno Aut\u00f3nomo Descentralizado de la Provincia de Esmeraldas\",\"url\":\"https:\/\/prefecturadeesmeraldas.gob.ec\/\",\"logo\":{\"@type\":\"ImageObject\",\"inLanguage\":\"es\",\"@id\":\"https:\/\/prefecturadeesmeraldas.gob.ec\/#\/schema\/logo\/image\/\",\"url\":\"https:\/\/prefecturadeesmeraldas.gob.ec\/wp-content\/uploads\/2019\/06\/logo.png\",\"contentUrl\":\"https:\/\/prefecturadeesmeraldas.gob.ec\/wp-content\/uploads\/2019\/06\/logo.png\",\"width\":859,\"height\":448,\"caption\":\"Gobierno Aut\u00f3nomo Descentralizado de la Provincia de Esmeraldas\"},\"image\":{\"@id\":\"https:\/\/prefecturadeesmeraldas.gob.ec\/#\/schema\/logo\/image\/\"},\"sameAs\":[\"https:\/\/www.facebook.com\/PrefecturaEsmeraldas\/\"]},{\"@type\":\"Person\",\"@id\":\"https:\/\/prefecturadeesmeraldas.gob.ec\/#\/schema\/person\/b0c9e7b1ead7725994d1e319e8825234\",\"name\":\"Direcci\u00f3n de Comunicaci\u00f3n\",\"image\":{\"@type\":\"ImageObject\",\"inLanguage\":\"es\",\"@id\":\"https:\/\/prefecturadeesmeraldas.gob.ec\/#\/schema\/person\/image\/\",\"url\":\"https:\/\/secure.gravatar.com\/avatar\/74a3870a946f5d774ade3569af61a72308e07ad3346f370c4b468ee2a9858658?s=96&d=mm&r=g\",\"contentUrl\":\"https:\/\/secure.gravatar.com\/avatar\/74a3870a946f5d774ade3569af61a72308e07ad3346f370c4b468ee2a9858658?s=96&d=mm&r=g\",\"caption\":\"Direcci\u00f3n de Comunicaci\u00f3n\"}}]}<\/script>\n<!-- \/ Yoast SEO plugin. -->","yoast_head_json":{"title":"Prefectura firma acta transaccional que mejora la subsistencia de m\u00e1s de 300 trabajadores. - Gobierno Aut\u00f3nomo Descentralizado de la Provincia de Esmeraldas","robots":{"index":"index","follow":"follow","max-snippet":"max-snippet:-1","max-image-preview":"max-image-preview:large","max-video-preview":"max-video-preview:-1"},"canonical":"https:\/\/prefecturadeesmeraldas.gob.ec\/index.php\/2020\/11\/24\/prefectura-firma-acta-transaccional-que-mejora-la-subsistencia-de-mas-de-300-trabajadores\/","og_locale":"es_ES","og_type":"article","og_title":"Prefectura firma acta transaccional que mejora la subsistencia de m\u00e1s de 300 trabajadores. - Gobierno Aut\u00f3nomo Descentralizado de la Provincia de Esmeraldas","og_description":"La Prefectura de Esmeraldas realiz\u00f3 la firma del Acta Transaccional, con el Comit\u00e9 Central de Obreros. La acci\u00f3n llevada a cabo durante la ceremonia por los 173 a\u00f1os de Provincializaci\u00f3n pone en contexto un aumento de 5 d\u00f3lares, en la taza para el pago de la subsistencia a m\u00e1s de 300 trabajadores, medida denominada por [&hellip;]","og_url":"https:\/\/prefecturadeesmeraldas.gob.ec\/index.php\/2020\/11\/24\/prefectura-firma-acta-transaccional-que-mejora-la-subsistencia-de-mas-de-300-trabajadores\/","og_site_name":"Gobierno Aut\u00f3nomo Descentralizado de la Provincia de Esmeraldas","article_publisher":"https:\/\/www.facebook.com\/PrefecturaEsmeraldas\/","article_published_time":"2020-11-24T20:07:38+00:00","article_modified_time":"2020-11-24T20:10:00+00:00","og_image":[{"width":1280,"height":960,"url":"https:\/\/prefecturadeesmeraldas.gob.ec\/wp-content\/uploads\/2020\/11\/WhatsApp-Image-2020-11-22-at-08.26.20.jpeg","type":"image\/jpeg"}],"author":"Direcci\u00f3n de Comunicaci\u00f3n","twitter_card":"summary_large_image","twitter_misc":{"Escrito por":"Direcci\u00f3n de Comunicaci\u00f3n","Tiempo de lectura":"1 minuto"},"schema":{"@context":"https:\/\/schema.org","@graph":[{"@type":"Article","@id":"https:\/\/prefecturadeesmeraldas.gob.ec\/index.php\/2020\/11\/24\/prefectura-firma-acta-transaccional-que-mejora-la-subsistencia-de-mas-de-300-trabajadores\/#article","isPartOf":{"@id":"https:\/\/prefecturadeesmeraldas.gob.ec\/index.php\/2020\/11\/24\/prefectura-firma-acta-transaccional-que-mejora-la-subsistencia-de-mas-de-300-trabajadores\/"},"author":{"name":"Direcci\u00f3n de Comunicaci\u00f3n","@id":"https:\/\/prefecturadeesmeraldas.gob.ec\/#\/schema\/person\/b0c9e7b1ead7725994d1e319e8825234"},"headline":"Prefectura firma acta transaccional que mejora la subsistencia de m\u00e1s de 300 trabajadores.","datePublished":"2020-11-24T20:07:38+00:00","dateModified":"2020-11-24T20:10:00+00:00","mainEntityOfPage":{"@id":"https:\/\/prefecturadeesmeraldas.gob.ec\/index.php\/2020\/11\/24\/prefectura-firma-acta-transaccional-que-mejora-la-subsistencia-de-mas-de-300-trabajadores\/"},"wordCount":205,"publisher":{"@id":"https:\/\/prefecturadeesmeraldas.gob.ec\/#organization"},"image":{"@id":"https:\/\/prefecturadeesmeraldas.gob.ec\/index.php\/2020\/11\/24\/prefectura-firma-acta-transaccional-que-mejora-la-subsistencia-de-mas-de-300-trabajadores\/#primaryimage"},"thumbnailUrl":"https:\/\/prefecturadeesmeraldas.gob.ec\/wp-content\/uploads\/2020\/11\/WhatsApp-Image-2020-11-22-at-08.26.20.jpeg","articleSection":["Institucional"],"inLanguage":"es"},{"@type":"WebPage","@id":"https:\/\/prefecturadeesmeraldas.gob.ec\/index.php\/2020\/11\/24\/prefectura-firma-acta-transaccional-que-mejora-la-subsistencia-de-mas-de-300-trabajadores\/","url":"https:\/\/prefecturadeesmeraldas.gob.ec\/index.php\/2020\/11\/24\/prefectura-firma-acta-transaccional-que-mejora-la-subsistencia-de-mas-de-300-trabajadores\/","name":"Prefectura firma acta transaccional que mejora la subsistencia de m\u00e1s de 300 trabajadores. - Gobierno Aut\u00f3nomo Descentralizado de la Provincia de Esmeraldas","isPartOf":{"@id":"https:\/\/prefecturadeesmeraldas.gob.ec\/#website"},"primaryImageOfPage":{"@id":"https:\/\/prefecturadeesmeraldas.gob.ec\/index.php\/2020\/11\/24\/prefectura-firma-acta-transaccional-que-mejora-la-subsistencia-de-mas-de-300-trabajadores\/#primaryimage"},"image":{"@id":"https:\/\/prefecturadeesmeraldas.gob.ec\/index.php\/2020\/11\/24\/prefectura-firma-acta-transaccional-que-mejora-la-subsistencia-de-mas-de-300-trabajadores\/#primaryimage"},"thumbnailUrl":"https:\/\/prefecturadeesmeraldas.gob.ec\/wp-content\/uploads\/2020\/11\/WhatsApp-Image-2020-11-22-at-08.26.20.jpeg","datePublished":"2020-11-24T20:07:38+00:00","dateModified":"2020-11-24T20:10:00+00:00","breadcrumb":{"@id":"https:\/\/prefecturadeesmeraldas.gob.ec\/index.php\/2020\/11\/24\/prefectura-firma-acta-transaccional-que-mejora-la-subsistencia-de-mas-de-300-trabajadores\/#breadcrumb"},"inLanguage":"es","potentialAction":[{"@type":"ReadAction","target":["https:\/\/prefecturadeesmeraldas.gob.ec\/index.php\/2020\/11\/24\/prefectura-firma-acta-transaccional-que-mejora-la-subsistencia-de-mas-de-300-trabajadores\/"]}]},{"@type":"ImageObject","inLanguage":"es","@id":"https:\/\/prefecturadeesmeraldas.gob.ec\/index.php\/2020\/11\/24\/prefectura-firma-acta-transaccional-que-mejora-la-subsistencia-de-mas-de-300-trabajadores\/#primaryimage","url":"https:\/\/prefecturadeesmeraldas.gob.ec\/wp-content\/uploads\/2020\/11\/WhatsApp-Image-2020-11-22-at-08.26.20.jpeg","contentUrl":"https:\/\/prefecturadeesmeraldas.gob.ec\/wp-content\/uploads\/2020\/11\/WhatsApp-Image-2020-11-22-at-08.26.20.jpeg","width":1280,"height":960},{"@type":"BreadcrumbList","@id":"https:\/\/prefecturadeesmeraldas.gob.ec\/index.php\/2020\/11\/24\/prefectura-firma-acta-transaccional-que-mejora-la-subsistencia-de-mas-de-300-trabajadores\/#breadcrumb","itemListElement":[{"@type":"ListItem","position":1,"name":"Home","item":"https:\/\/prefecturadeesmeraldas.gob.ec\/"},{"@type":"ListItem","position":2,"name":"Prefectura firma acta transaccional que mejora la subsistencia de m\u00e1s de 300 trabajadores."}]},{"@type":"WebSite","@id":"https:\/\/prefecturadeesmeraldas.gob.ec\/#website","url":"https:\/\/prefecturadeesmeraldas.gob.ec\/","name":"Gobierno Aut\u00f3nomo Descentralizado de la Provincia de Esmeraldas","description":"Gobierno Aut\u00f3nomo Descentralizado de la Provincia de Esmeraldas","publisher":{"@id":"https:\/\/prefecturadeesmeraldas.gob.ec\/#organization"},"potentialAction":[{"@type":"SearchAction","target":{"@type":"EntryPoint","urlTemplate":"https:\/\/prefecturadeesmeraldas.gob.ec\/?s={search_term_string}"},"query-input":{"@type":"PropertyValueSpecification","valueRequired":true,"valueName":"search_term_string"}}],"inLanguage":"es"},{"@type":"Organization","@id":"https:\/\/prefecturadeesmeraldas.gob.ec\/#organization","name":"Gobierno Aut\u00f3nomo Descentralizado de la Provincia de Esmeraldas","url":"https:\/\/prefecturadeesmeraldas.gob.ec\/","logo":{"@type":"ImageObject","inLanguage":"es","@id":"https:\/\/prefecturadeesmeraldas.gob.ec\/#\/schema\/logo\/image\/","url":"https:\/\/prefecturadeesmeraldas.gob.ec\/wp-content\/uploads\/2019\/06\/logo.png","contentUrl":"https:\/\/prefecturadeesmeraldas.gob.ec\/wp-content\/uploads\/2019\/06\/logo.png","width":859,"height":448,"caption":"Gobierno Aut\u00f3nomo Descentralizado de la Provincia de Esmeraldas"},"image":{"@id":"https:\/\/prefecturadeesmeraldas.gob.ec\/#\/schema\/logo\/image\/"},"sameAs":["https:\/\/www.facebook.com\/PrefecturaEsmeraldas\/"]},{"@type":"Person","@id":"https:\/\/prefecturadeesmeraldas.gob.ec\/#\/schema\/person\/b0c9e7b1ead7725994d1e319e8825234","name":"Direcci\u00f3n de Comunicaci\u00f3n","image":{"@type":"ImageObject","inLanguage":"es","@id":"https:\/\/prefecturadeesmeraldas.gob.ec\/#\/schema\/person\/image\/","url":"https:\/\/secure.gravatar.com\/avatar\/74a3870a946f5d774ade3569af61a72308e07ad3346f370c4b468ee2a9858658?s=96&d=mm&r=g","contentUrl":"https:\/\/secure.gravatar.com\/avatar\/74a3870a946f5d774ade3569af61a72308e07ad3346f370c4b468ee2a9858658?s=96&d=mm&r=g","caption":"Direcci\u00f3n de Comunicaci\u00f3n"}}]}},"_links":{"self":[{"href":"https:\/\/prefecturadeesmeraldas.gob.ec\/index.php\/wp-json\/wp\/v2\/posts\/7650","targetHints":{"allow":["GET"]}}],"collection":[{"href":"https:\/\/prefecturadeesmeraldas.gob.ec\/index.php\/wp-json\/wp\/v2\/posts"}],"about":[{"href":"https:\/\/prefecturadeesmeraldas.gob.ec\/index.php\/wp-json\/wp\/v2\/types\/post"}],"author":[{"embeddable":true,"href":"https:\/\/prefecturadeesmeraldas.gob.ec\/index.php\/wp-json\/wp\/v2\/users\/2"}],"replies":[{"embeddable":true,"href":"https:\/\/prefecturadeesmeraldas.gob.ec\/index.php\/wp-json\/wp\/v2\/comments?post=7650"}],"version-history":[{"count":0,"href":"https:\/\/prefecturadeesmeraldas.gob.ec\/index.php\/wp-json\/wp\/v2\/posts\/7650\/revisions"}],"wp:featuredmedia":[{"embeddable":true,"href":"https:\/\/prefecturadeesmeraldas.gob.ec\/index.php\/wp-json\/wp\/v2\/media\/7651"}],"wp:attachment":[{"href":"https:\/\/prefecturadeesmeraldas.gob.ec\/index.php\/wp-json\/wp\/v2\/media?parent=7650"}],"wp:term":[{"taxonomy":"category","embeddable":true,"href":"https:\/\/prefecturadeesmeraldas.gob.ec\/index.php\/wp-json\/wp\/v2\/categories?post=7650"},{"taxonomy":"post_tag","embeddable":true,"href":"https:\/\/prefecturadeesmeraldas.gob.ec\/index.php\/wp-json\/wp\/v2\/tags?post=7650"}],"curies":[{"name":"wp","href":"https:\/\/api.w.org\/{rel}","templated":true}]}}