{"id":761,"date":"2019-08-08T13:39:56","date_gmt":"2019-08-08T18:39:56","guid":{"rendered":"http:\/\/prefecturadeesmeraldas.gob.ec\/?p=761"},"modified":"2019-08-08T15:34:12","modified_gmt":"2019-08-08T20:34:12","slug":"prefecta-llama-a-reunion-urgente-para-conformar-comite-civico","status":"publish","type":"post","link":"https:\/\/prefecturadeesmeraldas.gob.ec\/index.php\/2019\/08\/08\/prefecta-llama-a-reunion-urgente-para-conformar-comite-civico\/","title":{"rendered":"Prefecta convoca reuni\u00f3n urgente para conformar comit\u00e9 c\u00edvico ante anuncio de cierre de refiner\u00eda y privatizaci\u00f3n de autoridad portuaria"},"content":{"rendered":"\t\t<div data-elementor-type=\"wp-post\" data-elementor-id=\"761\" class=\"elementor elementor-761\">\n\t\t\t\t\t\t<section class=\"elementor-section elementor-top-section elementor-element elementor-element-e88a38e elementor-section-boxed elementor-section-height-default elementor-section-height-default\" data-id=\"e88a38e\" data-element_type=\"section\">\n\t\t\t\t\t\t<div class=\"elementor-container elementor-column-gap-default\">\n\t\t\t\t\t<div class=\"elementor-column elementor-col-100 elementor-top-column elementor-element elementor-element-1396839\" data-id=\"1396839\" data-element_type=\"column\">\n\t\t\t<div class=\"elementor-widget-wrap elementor-element-populated\">\n\t\t\t\t\t\t<div class=\"elementor-element elementor-element-2372b3b elementor-widget elementor-widget-text-editor\" data-id=\"2372b3b\" data-element_type=\"widget\" data-widget_type=\"text-editor.default\">\n\t\t\t\t<div class=\"elementor-widget-container\">\n\t\t\t\t\t\t\t\t\t<p><strong>Trabajadores y dirigentes de la Refiner\u00eda, de Autoridad Portuaria de Esmeraldas y la Prefecta Roberta Zambrano<\/strong>, ofrecieron la ma\u00f1ana de este jueves 8 de agosto, una rueda de prensa conjunta para denunciar las intenciones del Gobierno Nacional de cerrar la Refiner\u00eda y de privatizar el Puerto Internacional de Esmeraldas, para lo cual llamaron a la <strong>conformaci\u00f3n de un Comit\u00e9 C\u00edvico que defienda los intereses de la provincia<\/strong>.<\/p><p>La Prefecta, Roberta Zambrano, dijo estar en completo desacuerdo con el cierre de Refiner\u00eda y ofreci\u00f3 p\u00fablicamente su <strong>respaldo a los trabajadores a quienes invit\u00f3 para que se sumen al nuevo Comit\u00e9 C\u00edvico<\/strong>.<\/p><p>En el tema de Autoridad Portuaria, la Prefecta asever\u00f3 que se pretende arrebatar a los esmeralde\u00f1os de uno de sus \u00edconos emblem\u00e1ticos y a su vez, eliminar a las 2 \u00fanicas empresas estatales que generan trabajo para los esmeralde\u00f1os.<\/p><p>\u201cYo soy Prefecta de la provincia de Esmeraldas, mi deber es velar por el bienestar de todos, en los 7 cantones, y no voy a permitir que se nos pretenda arrebatar las dos \u00fanicas fuentes de ingresos para los esmeralde\u00f1os. <strong>Por eso convoco al pueblo, a los colegios de profesionales, a los alcaldes, a los maestros, a los dirigentes barriales, a los presidentes de los Gobiernos Parroquiales, a las amas de casa, a todos, para que asistan este jueves 15 de agosto al Teatro C\u00edvico T\u00e1cito Ortiz para conformar el Comit\u00e9 C\u00edvico\u201d<\/strong>, dijo.<\/p><p>\u201cTodos los Gobiernos que han pasado tienen una deuda hist\u00f3rica con la provincia de Esmeraldas. Estamos en contra de la contaminaci\u00f3n que genera esta planta, pero no estamos de acuerdo con el cierre de la planta, ya que esto va a dejar en la calle a casi <strong>12 mil familias<\/strong>, con eso nunca estaremos de acuerdo\u201d, enfatiz\u00f3.<\/p><p>Miller Qui\u00f1\u00f3nez, ex dirigente de los trabajadores petroleros, llam\u00f3 a la unidad de todos los esmeralde\u00f1os para defender a la planta petrolera ya que de la Refiner\u00eda dependen directa e indirectamente miles de familias esmeralde\u00f1as.<\/p><p>\u201cVamos a ver qui\u00e9nes est\u00e1n de acuerdo con las privatizaciones y qui\u00e9nes est\u00e1n junto al pueblo\u201d, dijo el dirigente petrolero.<\/p><p>Los trabajadores petroleros dicen que la soluci\u00f3n es invertir en un plan para mitigar los efectos contaminantes de la planta.<\/p><p><strong> \u201cSabemos que hay contaminaci\u00f3n, pero los esmeralde\u00f1os no somos los culpables, sino los directivos de la empresa que no han invertido en prevenci\u00f3n\u201d<\/strong>, dijo.<\/p><p>Jefferson Villavicencio, secretario del Comit\u00e9 de Defensa de los trabajadores de Autoridad Portuaria, dijo que las pol\u00edticas p\u00fablicas buscan afectar a los esmeralde\u00f1os. <strong>\u201cComo trabajadores rechazamos este tipo de pol\u00edticas anti obreras y no nos pueden quitar el derecho al trabajo\u201d<\/strong>, agreg\u00f3.<\/p>\t\t\t\t\t\t\t\t<\/div>\n\t\t\t\t<\/div>\n\t\t\t\t\t<\/div>\n\t\t<\/div>\n\t\t\t\t\t<\/div>\n\t\t<\/section>\n\t\t\t\t<section class=\"elementor-section elementor-top-section elementor-element elementor-element-458061b elementor-section-boxed elementor-section-height-default elementor-section-height-default\" data-id=\"458061b\" data-element_type=\"section\">\n\t\t\t\t\t\t<div class=\"elementor-container elementor-column-gap-default\">\n\t\t\t\t\t<div class=\"elementor-column elementor-col-100 elementor-top-column elementor-element elementor-element-bedf7ee\" data-id=\"bedf7ee\" data-element_type=\"column\">\n\t\t\t<div class=\"elementor-widget-wrap elementor-element-populated\">\n\t\t\t\t\t\t<div class=\"elementor-element elementor-element-2072a5b elementor-widget elementor-widget-image\" data-id=\"2072a5b\" data-element_type=\"widget\" data-widget_type=\"image.default\">\n\t\t\t\t<div class=\"elementor-widget-container\">\n\t\t\t\t\t\t\t\t\t\t\t\t\t\t\t<img fetchpriority=\"high\" decoding=\"async\" width=\"1024\" height=\"768\" src=\"https:\/\/prefecturadeesmeraldas.gob.ec\/wp-content\/uploads\/2019\/08\/WhatsApp-Image-2019-08-08-at-12.44.27-1-1024x768.jpeg\" class=\"attachment-large size-large wp-image-762\" alt=\"\" srcset=\"https:\/\/prefecturadeesmeraldas.gob.ec\/wp-content\/uploads\/2019\/08\/WhatsApp-Image-2019-08-08-at-12.44.27-1-1024x768.jpeg 1024w, https:\/\/prefecturadeesmeraldas.gob.ec\/wp-content\/uploads\/2019\/08\/WhatsApp-Image-2019-08-08-at-12.44.27-1-1080x810.jpeg 1080w, https:\/\/prefecturadeesmeraldas.gob.ec\/wp-content\/uploads\/2019\/08\/WhatsApp-Image-2019-08-08-at-12.44.27-1-300x225.jpeg 300w, https:\/\/prefecturadeesmeraldas.gob.ec\/wp-content\/uploads\/2019\/08\/WhatsApp-Image-2019-08-08-at-12.44.27-1-768x576.jpeg 768w, https:\/\/prefecturadeesmeraldas.gob.ec\/wp-content\/uploads\/2019\/08\/WhatsApp-Image-2019-08-08-at-12.44.27-1.jpeg 1280w\" sizes=\"(max-width: 1024px) 100vw, 1024px\" \/>\t\t\t\t\t\t\t\t\t\t\t\t\t\t\t<\/div>\n\t\t\t\t<\/div>\n\t\t\t\t\t<\/div>\n\t\t<\/div>\n\t\t\t\t\t<\/div>\n\t\t<\/section>\n\t\t\t\t<section class=\"elementor-section elementor-top-section elementor-element elementor-element-574153c elementor-section-boxed elementor-section-height-default elementor-section-height-default\" data-id=\"574153c\" data-element_type=\"section\">\n\t\t\t\t\t\t<div class=\"elementor-container elementor-column-gap-default\">\n\t\t\t\t\t<div class=\"elementor-column elementor-col-100 elementor-top-column elementor-element elementor-element-7ead3e7\" data-id=\"7ead3e7\" data-element_type=\"column\">\n\t\t\t<div class=\"elementor-widget-wrap\">\n\t\t\t\t\t\t\t<\/div>\n\t\t<\/div>\n\t\t\t\t\t<\/div>\n\t\t<\/section>\n\t\t\t\t<\/div>\n\t\t","protected":false},"excerpt":{"rendered":"<p>Trabajadores y dirigentes de la Refiner\u00eda, de Autoridad Portuaria de Esmeraldas y la Prefecta Roberta Zambrano, ofrecieron la ma\u00f1ana de este jueves 8 de agosto, una rueda de prensa conjunta para denunciar las intenciones del Gobierno Nacional de cerrar la Refiner\u00eda y de privatizar el Puerto Internacional de Esmeraldas, para lo cual llamaron a la [&hellip;]<\/p>\n","protected":false},"author":2,"featured_media":762,"comment_status":"closed","ping_status":"open","sticky":false,"template":"","format":"standard","meta":{"footnotes":""},"categories":[11],"tags":[],"class_list":["post-761","post","type-post","status-publish","format-standard","has-post-thumbnail","hentry","category-noticias"],"yoast_head":"<!-- This site is optimized with the Yoast SEO plugin v25.7 - https:\/\/yoast.com\/wordpress\/plugins\/seo\/ -->\n<title>Prefecta convoca reuni\u00f3n urgente para conformar comit\u00e9 c\u00edvico ante anuncio de cierre de refiner\u00eda y privatizaci\u00f3n de autoridad portuaria - Gobierno Aut\u00f3nomo Descentralizado de la Provincia de Esmeraldas<\/title>\n<meta name=\"robots\" content=\"index, follow, max-snippet:-1, max-image-preview:large, max-video-preview:-1\" \/>\n<link rel=\"canonical\" href=\"https:\/\/prefecturadeesmeraldas.gob.ec\/index.php\/2019\/08\/08\/prefecta-llama-a-reunion-urgente-para-conformar-comite-civico\/\" \/>\n<meta property=\"og:locale\" content=\"es_ES\" \/>\n<meta property=\"og:type\" content=\"article\" \/>\n<meta property=\"og:title\" content=\"Prefecta convoca reuni\u00f3n urgente para conformar comit\u00e9 c\u00edvico ante anuncio de cierre de refiner\u00eda y privatizaci\u00f3n de autoridad portuaria - Gobierno Aut\u00f3nomo Descentralizado de la Provincia de Esmeraldas\" \/>\n<meta property=\"og:description\" content=\"Trabajadores y dirigentes de la Refiner\u00eda, de Autoridad Portuaria de Esmeraldas y la Prefecta Roberta Zambrano, ofrecieron la ma\u00f1ana de este jueves 8 de agosto, una rueda de prensa conjunta para denunciar las intenciones del Gobierno Nacional de cerrar la Refiner\u00eda y de privatizar el Puerto Internacional de Esmeraldas, para lo cual llamaron a la [&hellip;]\" \/>\n<meta property=\"og:url\" content=\"https:\/\/prefecturadeesmeraldas.gob.ec\/index.php\/2019\/08\/08\/prefecta-llama-a-reunion-urgente-para-conformar-comite-civico\/\" \/>\n<meta property=\"og:site_name\" content=\"Gobierno Aut\u00f3nomo Descentralizado de la Provincia de Esmeraldas\" \/>\n<meta property=\"article:publisher\" content=\"https:\/\/www.facebook.com\/PrefecturaEsmeraldas\/\" \/>\n<meta property=\"article:published_time\" content=\"2019-08-08T18:39:56+00:00\" \/>\n<meta property=\"article:modified_time\" content=\"2019-08-08T20:34:12+00:00\" \/>\n<meta property=\"og:image\" content=\"https:\/\/prefecturadeesmeraldas.gob.ec\/wp-content\/uploads\/2019\/08\/WhatsApp-Image-2019-08-08-at-12.44.27-1.jpeg\" \/>\n\t<meta property=\"og:image:width\" content=\"1280\" \/>\n\t<meta property=\"og:image:height\" content=\"960\" \/>\n\t<meta property=\"og:image:type\" content=\"image\/jpeg\" \/>\n<meta name=\"author\" content=\"Direcci\u00f3n de Comunicaci\u00f3n\" \/>\n<meta name=\"twitter:card\" content=\"summary_large_image\" \/>\n<meta name=\"twitter:label1\" content=\"Escrito por\" \/>\n\t<meta name=\"twitter:data1\" content=\"Direcci\u00f3n de Comunicaci\u00f3n\" \/>\n\t<meta name=\"twitter:label2\" content=\"Tiempo de lectura\" \/>\n\t<meta name=\"twitter:data2\" content=\"2 minutos\" \/>\n<script type=\"application\/ld+json\" class=\"yoast-schema-graph\">{\"@context\":\"https:\/\/schema.org\",\"@graph\":[{\"@type\":\"Article\",\"@id\":\"https:\/\/prefecturadeesmeraldas.gob.ec\/index.php\/2019\/08\/08\/prefecta-llama-a-reunion-urgente-para-conformar-comite-civico\/#article\",\"isPartOf\":{\"@id\":\"https:\/\/prefecturadeesmeraldas.gob.ec\/index.php\/2019\/08\/08\/prefecta-llama-a-reunion-urgente-para-conformar-comite-civico\/\"},\"author\":{\"name\":\"Direcci\u00f3n de Comunicaci\u00f3n\",\"@id\":\"https:\/\/prefecturadeesmeraldas.gob.ec\/#\/schema\/person\/b0c9e7b1ead7725994d1e319e8825234\"},\"headline\":\"Prefecta convoca reuni\u00f3n urgente para conformar comit\u00e9 c\u00edvico ante anuncio de cierre de refiner\u00eda y privatizaci\u00f3n de autoridad portuaria\",\"datePublished\":\"2019-08-08T18:39:56+00:00\",\"dateModified\":\"2019-08-08T20:34:12+00:00\",\"mainEntityOfPage\":{\"@id\":\"https:\/\/prefecturadeesmeraldas.gob.ec\/index.php\/2019\/08\/08\/prefecta-llama-a-reunion-urgente-para-conformar-comite-civico\/\"},\"wordCount\":481,\"publisher\":{\"@id\":\"https:\/\/prefecturadeesmeraldas.gob.ec\/#organization\"},\"image\":{\"@id\":\"https:\/\/prefecturadeesmeraldas.gob.ec\/index.php\/2019\/08\/08\/prefecta-llama-a-reunion-urgente-para-conformar-comite-civico\/#primaryimage\"},\"thumbnailUrl\":\"https:\/\/prefecturadeesmeraldas.gob.ec\/wp-content\/uploads\/2019\/08\/WhatsApp-Image-2019-08-08-at-12.44.27-1.jpeg\",\"articleSection\":[\"Noticias\"],\"inLanguage\":\"es\"},{\"@type\":\"WebPage\",\"@id\":\"https:\/\/prefecturadeesmeraldas.gob.ec\/index.php\/2019\/08\/08\/prefecta-llama-a-reunion-urgente-para-conformar-comite-civico\/\",\"url\":\"https:\/\/prefecturadeesmeraldas.gob.ec\/index.php\/2019\/08\/08\/prefecta-llama-a-reunion-urgente-para-conformar-comite-civico\/\",\"name\":\"Prefecta convoca reuni\u00f3n urgente para conformar comit\u00e9 c\u00edvico ante anuncio de cierre de refiner\u00eda y privatizaci\u00f3n de autoridad portuaria - Gobierno Aut\u00f3nomo Descentralizado de la Provincia de Esmeraldas\",\"isPartOf\":{\"@id\":\"https:\/\/prefecturadeesmeraldas.gob.ec\/#website\"},\"primaryImageOfPage\":{\"@id\":\"https:\/\/prefecturadeesmeraldas.gob.ec\/index.php\/2019\/08\/08\/prefecta-llama-a-reunion-urgente-para-conformar-comite-civico\/#primaryimage\"},\"image\":{\"@id\":\"https:\/\/prefecturadeesmeraldas.gob.ec\/index.php\/2019\/08\/08\/prefecta-llama-a-reunion-urgente-para-conformar-comite-civico\/#primaryimage\"},\"thumbnailUrl\":\"https:\/\/prefecturadeesmeraldas.gob.ec\/wp-content\/uploads\/2019\/08\/WhatsApp-Image-2019-08-08-at-12.44.27-1.jpeg\",\"datePublished\":\"2019-08-08T18:39:56+00:00\",\"dateModified\":\"2019-08-08T20:34:12+00:00\",\"breadcrumb\":{\"@id\":\"https:\/\/prefecturadeesmeraldas.gob.ec\/index.php\/2019\/08\/08\/prefecta-llama-a-reunion-urgente-para-conformar-comite-civico\/#breadcrumb\"},\"inLanguage\":\"es\",\"potentialAction\":[{\"@type\":\"ReadAction\",\"target\":[\"https:\/\/prefecturadeesmeraldas.gob.ec\/index.php\/2019\/08\/08\/prefecta-llama-a-reunion-urgente-para-conformar-comite-civico\/\"]}]},{\"@type\":\"ImageObject\",\"inLanguage\":\"es\",\"@id\":\"https:\/\/prefecturadeesmeraldas.gob.ec\/index.php\/2019\/08\/08\/prefecta-llama-a-reunion-urgente-para-conformar-comite-civico\/#primaryimage\",\"url\":\"https:\/\/prefecturadeesmeraldas.gob.ec\/wp-content\/uploads\/2019\/08\/WhatsApp-Image-2019-08-08-at-12.44.27-1.jpeg\",\"contentUrl\":\"https:\/\/prefecturadeesmeraldas.gob.ec\/wp-content\/uploads\/2019\/08\/WhatsApp-Image-2019-08-08-at-12.44.27-1.jpeg\",\"width\":1280,\"height\":960},{\"@type\":\"BreadcrumbList\",\"@id\":\"https:\/\/prefecturadeesmeraldas.gob.ec\/index.php\/2019\/08\/08\/prefecta-llama-a-reunion-urgente-para-conformar-comite-civico\/#breadcrumb\",\"itemListElement\":[{\"@type\":\"ListItem\",\"position\":1,\"name\":\"Home\",\"item\":\"https:\/\/prefecturadeesmeraldas.gob.ec\/\"},{\"@type\":\"ListItem\",\"position\":2,\"name\":\"Prefecta convoca reuni\u00f3n urgente para conformar comit\u00e9 c\u00edvico ante anuncio de cierre de refiner\u00eda y privatizaci\u00f3n de autoridad portuaria\"}]},{\"@type\":\"WebSite\",\"@id\":\"https:\/\/prefecturadeesmeraldas.gob.ec\/#website\",\"url\":\"https:\/\/prefecturadeesmeraldas.gob.ec\/\",\"name\":\"Gobierno Aut\u00f3nomo Descentralizado de la Provincia de Esmeraldas\",\"description\":\"Gobierno Aut\u00f3nomo Descentralizado de la Provincia de Esmeraldas\",\"publisher\":{\"@id\":\"https:\/\/prefecturadeesmeraldas.gob.ec\/#organization\"},\"potentialAction\":[{\"@type\":\"SearchAction\",\"target\":{\"@type\":\"EntryPoint\",\"urlTemplate\":\"https:\/\/prefecturadeesmeraldas.gob.ec\/?s={search_term_string}\"},\"query-input\":{\"@type\":\"PropertyValueSpecification\",\"valueRequired\":true,\"valueName\":\"search_term_string\"}}],\"inLanguage\":\"es\"},{\"@type\":\"Organization\",\"@id\":\"https:\/\/prefecturadeesmeraldas.gob.ec\/#organization\",\"name\":\"Gobierno Aut\u00f3nomo Descentralizado de la Provincia de Esmeraldas\",\"url\":\"https:\/\/prefecturadeesmeraldas.gob.ec\/\",\"logo\":{\"@type\":\"ImageObject\",\"inLanguage\":\"es\",\"@id\":\"https:\/\/prefecturadeesmeraldas.gob.ec\/#\/schema\/logo\/image\/\",\"url\":\"https:\/\/prefecturadeesmeraldas.gob.ec\/wp-content\/uploads\/2019\/06\/logo.png\",\"contentUrl\":\"https:\/\/prefecturadeesmeraldas.gob.ec\/wp-content\/uploads\/2019\/06\/logo.png\",\"width\":859,\"height\":448,\"caption\":\"Gobierno Aut\u00f3nomo Descentralizado de la Provincia de Esmeraldas\"},\"image\":{\"@id\":\"https:\/\/prefecturadeesmeraldas.gob.ec\/#\/schema\/logo\/image\/\"},\"sameAs\":[\"https:\/\/www.facebook.com\/PrefecturaEsmeraldas\/\"]},{\"@type\":\"Person\",\"@id\":\"https:\/\/prefecturadeesmeraldas.gob.ec\/#\/schema\/person\/b0c9e7b1ead7725994d1e319e8825234\",\"name\":\"Direcci\u00f3n de Comunicaci\u00f3n\",\"image\":{\"@type\":\"ImageObject\",\"inLanguage\":\"es\",\"@id\":\"https:\/\/prefecturadeesmeraldas.gob.ec\/#\/schema\/person\/image\/\",\"url\":\"https:\/\/secure.gravatar.com\/avatar\/74a3870a946f5d774ade3569af61a72308e07ad3346f370c4b468ee2a9858658?s=96&d=mm&r=g\",\"contentUrl\":\"https:\/\/secure.gravatar.com\/avatar\/74a3870a946f5d774ade3569af61a72308e07ad3346f370c4b468ee2a9858658?s=96&d=mm&r=g\",\"caption\":\"Direcci\u00f3n de Comunicaci\u00f3n\"}}]}<\/script>\n<!-- \/ Yoast SEO plugin. -->","yoast_head_json":{"title":"Prefecta convoca reuni\u00f3n urgente para conformar comit\u00e9 c\u00edvico ante anuncio de cierre de refiner\u00eda y privatizaci\u00f3n de autoridad portuaria - Gobierno Aut\u00f3nomo Descentralizado de la Provincia de Esmeraldas","robots":{"index":"index","follow":"follow","max-snippet":"max-snippet:-1","max-image-preview":"max-image-preview:large","max-video-preview":"max-video-preview:-1"},"canonical":"https:\/\/prefecturadeesmeraldas.gob.ec\/index.php\/2019\/08\/08\/prefecta-llama-a-reunion-urgente-para-conformar-comite-civico\/","og_locale":"es_ES","og_type":"article","og_title":"Prefecta convoca reuni\u00f3n urgente para conformar comit\u00e9 c\u00edvico ante anuncio de cierre de refiner\u00eda y privatizaci\u00f3n de autoridad portuaria - Gobierno Aut\u00f3nomo Descentralizado de la Provincia de Esmeraldas","og_description":"Trabajadores y dirigentes de la Refiner\u00eda, de Autoridad Portuaria de Esmeraldas y la Prefecta Roberta Zambrano, ofrecieron la ma\u00f1ana de este jueves 8 de agosto, una rueda de prensa conjunta para denunciar las intenciones del Gobierno Nacional de cerrar la Refiner\u00eda y de privatizar el Puerto Internacional de Esmeraldas, para lo cual llamaron a la [&hellip;]","og_url":"https:\/\/prefecturadeesmeraldas.gob.ec\/index.php\/2019\/08\/08\/prefecta-llama-a-reunion-urgente-para-conformar-comite-civico\/","og_site_name":"Gobierno Aut\u00f3nomo Descentralizado de la Provincia de Esmeraldas","article_publisher":"https:\/\/www.facebook.com\/PrefecturaEsmeraldas\/","article_published_time":"2019-08-08T18:39:56+00:00","article_modified_time":"2019-08-08T20:34:12+00:00","og_image":[{"width":1280,"height":960,"url":"https:\/\/prefecturadeesmeraldas.gob.ec\/wp-content\/uploads\/2019\/08\/WhatsApp-Image-2019-08-08-at-12.44.27-1.jpeg","type":"image\/jpeg"}],"author":"Direcci\u00f3n de Comunicaci\u00f3n","twitter_card":"summary_large_image","twitter_misc":{"Escrito por":"Direcci\u00f3n de Comunicaci\u00f3n","Tiempo de lectura":"2 minutos"},"schema":{"@context":"https:\/\/schema.org","@graph":[{"@type":"Article","@id":"https:\/\/prefecturadeesmeraldas.gob.ec\/index.php\/2019\/08\/08\/prefecta-llama-a-reunion-urgente-para-conformar-comite-civico\/#article","isPartOf":{"@id":"https:\/\/prefecturadeesmeraldas.gob.ec\/index.php\/2019\/08\/08\/prefecta-llama-a-reunion-urgente-para-conformar-comite-civico\/"},"author":{"name":"Direcci\u00f3n de Comunicaci\u00f3n","@id":"https:\/\/prefecturadeesmeraldas.gob.ec\/#\/schema\/person\/b0c9e7b1ead7725994d1e319e8825234"},"headline":"Prefecta convoca reuni\u00f3n urgente para conformar comit\u00e9 c\u00edvico ante anuncio de cierre de refiner\u00eda y privatizaci\u00f3n de autoridad portuaria","datePublished":"2019-08-08T18:39:56+00:00","dateModified":"2019-08-08T20:34:12+00:00","mainEntityOfPage":{"@id":"https:\/\/prefecturadeesmeraldas.gob.ec\/index.php\/2019\/08\/08\/prefecta-llama-a-reunion-urgente-para-conformar-comite-civico\/"},"wordCount":481,"publisher":{"@id":"https:\/\/prefecturadeesmeraldas.gob.ec\/#organization"},"image":{"@id":"https:\/\/prefecturadeesmeraldas.gob.ec\/index.php\/2019\/08\/08\/prefecta-llama-a-reunion-urgente-para-conformar-comite-civico\/#primaryimage"},"thumbnailUrl":"https:\/\/prefecturadeesmeraldas.gob.ec\/wp-content\/uploads\/2019\/08\/WhatsApp-Image-2019-08-08-at-12.44.27-1.jpeg","articleSection":["Noticias"],"inLanguage":"es"},{"@type":"WebPage","@id":"https:\/\/prefecturadeesmeraldas.gob.ec\/index.php\/2019\/08\/08\/prefecta-llama-a-reunion-urgente-para-conformar-comite-civico\/","url":"https:\/\/prefecturadeesmeraldas.gob.ec\/index.php\/2019\/08\/08\/prefecta-llama-a-reunion-urgente-para-conformar-comite-civico\/","name":"Prefecta convoca reuni\u00f3n urgente para conformar comit\u00e9 c\u00edvico ante anuncio de cierre de refiner\u00eda y privatizaci\u00f3n de autoridad portuaria - Gobierno Aut\u00f3nomo Descentralizado de la Provincia de Esmeraldas","isPartOf":{"@id":"https:\/\/prefecturadeesmeraldas.gob.ec\/#website"},"primaryImageOfPage":{"@id":"https:\/\/prefecturadeesmeraldas.gob.ec\/index.php\/2019\/08\/08\/prefecta-llama-a-reunion-urgente-para-conformar-comite-civico\/#primaryimage"},"image":{"@id":"https:\/\/prefecturadeesmeraldas.gob.ec\/index.php\/2019\/08\/08\/prefecta-llama-a-reunion-urgente-para-conformar-comite-civico\/#primaryimage"},"thumbnailUrl":"https:\/\/prefecturadeesmeraldas.gob.ec\/wp-content\/uploads\/2019\/08\/WhatsApp-Image-2019-08-08-at-12.44.27-1.jpeg","datePublished":"2019-08-08T18:39:56+00:00","dateModified":"2019-08-08T20:34:12+00:00","breadcrumb":{"@id":"https:\/\/prefecturadeesmeraldas.gob.ec\/index.php\/2019\/08\/08\/prefecta-llama-a-reunion-urgente-para-conformar-comite-civico\/#breadcrumb"},"inLanguage":"es","potentialAction":[{"@type":"ReadAction","target":["https:\/\/prefecturadeesmeraldas.gob.ec\/index.php\/2019\/08\/08\/prefecta-llama-a-reunion-urgente-para-conformar-comite-civico\/"]}]},{"@type":"ImageObject","inLanguage":"es","@id":"https:\/\/prefecturadeesmeraldas.gob.ec\/index.php\/2019\/08\/08\/prefecta-llama-a-reunion-urgente-para-conformar-comite-civico\/#primaryimage","url":"https:\/\/prefecturadeesmeraldas.gob.ec\/wp-content\/uploads\/2019\/08\/WhatsApp-Image-2019-08-08-at-12.44.27-1.jpeg","contentUrl":"https:\/\/prefecturadeesmeraldas.gob.ec\/wp-content\/uploads\/2019\/08\/WhatsApp-Image-2019-08-08-at-12.44.27-1.jpeg","width":1280,"height":960},{"@type":"BreadcrumbList","@id":"https:\/\/prefecturadeesmeraldas.gob.ec\/index.php\/2019\/08\/08\/prefecta-llama-a-reunion-urgente-para-conformar-comite-civico\/#breadcrumb","itemListElement":[{"@type":"ListItem","position":1,"name":"Home","item":"https:\/\/prefecturadeesmeraldas.gob.ec\/"},{"@type":"ListItem","position":2,"name":"Prefecta convoca reuni\u00f3n urgente para conformar comit\u00e9 c\u00edvico ante anuncio de cierre de refiner\u00eda y privatizaci\u00f3n de autoridad portuaria"}]},{"@type":"WebSite","@id":"https:\/\/prefecturadeesmeraldas.gob.ec\/#website","url":"https:\/\/prefecturadeesmeraldas.gob.ec\/","name":"Gobierno Aut\u00f3nomo Descentralizado de la Provincia de Esmeraldas","description":"Gobierno Aut\u00f3nomo Descentralizado de la Provincia de Esmeraldas","publisher":{"@id":"https:\/\/prefecturadeesmeraldas.gob.ec\/#organization"},"potentialAction":[{"@type":"SearchAction","target":{"@type":"EntryPoint","urlTemplate":"https:\/\/prefecturadeesmeraldas.gob.ec\/?s={search_term_string}"},"query-input":{"@type":"PropertyValueSpecification","valueRequired":true,"valueName":"search_term_string"}}],"inLanguage":"es"},{"@type":"Organization","@id":"https:\/\/prefecturadeesmeraldas.gob.ec\/#organization","name":"Gobierno Aut\u00f3nomo Descentralizado de la Provincia de Esmeraldas","url":"https:\/\/prefecturadeesmeraldas.gob.ec\/","logo":{"@type":"ImageObject","inLanguage":"es","@id":"https:\/\/prefecturadeesmeraldas.gob.ec\/#\/schema\/logo\/image\/","url":"https:\/\/prefecturadeesmeraldas.gob.ec\/wp-content\/uploads\/2019\/06\/logo.png","contentUrl":"https:\/\/prefecturadeesmeraldas.gob.ec\/wp-content\/uploads\/2019\/06\/logo.png","width":859,"height":448,"caption":"Gobierno Aut\u00f3nomo Descentralizado de la Provincia de Esmeraldas"},"image":{"@id":"https:\/\/prefecturadeesmeraldas.gob.ec\/#\/schema\/logo\/image\/"},"sameAs":["https:\/\/www.facebook.com\/PrefecturaEsmeraldas\/"]},{"@type":"Person","@id":"https:\/\/prefecturadeesmeraldas.gob.ec\/#\/schema\/person\/b0c9e7b1ead7725994d1e319e8825234","name":"Direcci\u00f3n de Comunicaci\u00f3n","image":{"@type":"ImageObject","inLanguage":"es","@id":"https:\/\/prefecturadeesmeraldas.gob.ec\/#\/schema\/person\/image\/","url":"https:\/\/secure.gravatar.com\/avatar\/74a3870a946f5d774ade3569af61a72308e07ad3346f370c4b468ee2a9858658?s=96&d=mm&r=g","contentUrl":"https:\/\/secure.gravatar.com\/avatar\/74a3870a946f5d774ade3569af61a72308e07ad3346f370c4b468ee2a9858658?s=96&d=mm&r=g","caption":"Direcci\u00f3n de Comunicaci\u00f3n"}}]}},"_links":{"self":[{"href":"https:\/\/prefecturadeesmeraldas.gob.ec\/index.php\/wp-json\/wp\/v2\/posts\/761","targetHints":{"allow":["GET"]}}],"collection":[{"href":"https:\/\/prefecturadeesmeraldas.gob.ec\/index.php\/wp-json\/wp\/v2\/posts"}],"about":[{"href":"https:\/\/prefecturadeesmeraldas.gob.ec\/index.php\/wp-json\/wp\/v2\/types\/post"}],"author":[{"embeddable":true,"href":"https:\/\/prefecturadeesmeraldas.gob.ec\/index.php\/wp-json\/wp\/v2\/users\/2"}],"replies":[{"embeddable":true,"href":"https:\/\/prefecturadeesmeraldas.gob.ec\/index.php\/wp-json\/wp\/v2\/comments?post=761"}],"version-history":[{"count":0,"href":"https:\/\/prefecturadeesmeraldas.gob.ec\/index.php\/wp-json\/wp\/v2\/posts\/761\/revisions"}],"wp:featuredmedia":[{"embeddable":true,"href":"https:\/\/prefecturadeesmeraldas.gob.ec\/index.php\/wp-json\/wp\/v2\/media\/762"}],"wp:attachment":[{"href":"https:\/\/prefecturadeesmeraldas.gob.ec\/index.php\/wp-json\/wp\/v2\/media?parent=761"}],"wp:term":[{"taxonomy":"category","embeddable":true,"href":"https:\/\/prefecturadeesmeraldas.gob.ec\/index.php\/wp-json\/wp\/v2\/categories?post=761"},{"taxonomy":"post_tag","embeddable":true,"href":"https:\/\/prefecturadeesmeraldas.gob.ec\/index.php\/wp-json\/wp\/v2\/tags?post=761"}],"curies":[{"name":"wp","href":"https:\/\/api.w.org\/{rel}","templated":true}]}}