{"id":7319,"date":"2020-11-06T14:35:31","date_gmt":"2020-11-06T19:35:31","guid":{"rendered":"http:\/\/prefecturadeesmeraldas.gob.ec\/?p=7319"},"modified":"2020-11-06T14:37:26","modified_gmt":"2020-11-06T19:37:26","slug":"prefectura-mantuvo-activo-sus-frentes-de-trabajo-durante-el-pasado-feriado","status":"publish","type":"post","link":"https:\/\/prefecturadeesmeraldas.gob.ec\/index.php\/2020\/11\/06\/prefectura-mantuvo-activo-sus-frentes-de-trabajo-durante-el-pasado-feriado\/","title":{"rendered":"Prefectura mantuvo activo sus frentes de trabajo durante el pasado feriado."},"content":{"rendered":"\t\t<div data-elementor-type=\"wp-post\" data-elementor-id=\"7319\" class=\"elementor elementor-7319\">\n\t\t\t\t\t\t<section class=\"elementor-section elementor-top-section elementor-element elementor-element-1988fcf elementor-section-boxed elementor-section-height-default elementor-section-height-default\" data-id=\"1988fcf\" data-element_type=\"section\">\n\t\t\t\t\t\t<div class=\"elementor-container elementor-column-gap-default\">\n\t\t\t\t\t<div class=\"elementor-column elementor-col-100 elementor-top-column elementor-element elementor-element-b3b19df\" data-id=\"b3b19df\" data-element_type=\"column\">\n\t\t\t<div class=\"elementor-widget-wrap elementor-element-populated\">\n\t\t\t\t\t\t<div class=\"elementor-element elementor-element-5dea97e elementor-widget elementor-widget-image\" data-id=\"5dea97e\" data-element_type=\"widget\" data-widget_type=\"image.default\">\n\t\t\t\t<div class=\"elementor-widget-container\">\n\t\t\t\t\t\t\t\t\t\t\t\t\t\t\t<img fetchpriority=\"high\" decoding=\"async\" width=\"1024\" height=\"1024\" src=\"https:\/\/prefecturadeesmeraldas.gob.ec\/wp-content\/uploads\/2020\/11\/boletin-1066-1-1024x1024.jpg\" class=\"attachment-large size-large wp-image-7322\" alt=\"\" srcset=\"https:\/\/prefecturadeesmeraldas.gob.ec\/wp-content\/uploads\/2020\/11\/boletin-1066-1-1024x1024.jpg 1024w, https:\/\/prefecturadeesmeraldas.gob.ec\/wp-content\/uploads\/2020\/11\/boletin-1066-1-240x240.jpg 240w, https:\/\/prefecturadeesmeraldas.gob.ec\/wp-content\/uploads\/2020\/11\/boletin-1066-1-1080x1080.jpg 1080w, https:\/\/prefecturadeesmeraldas.gob.ec\/wp-content\/uploads\/2020\/11\/boletin-1066-1-150x150.jpg 150w, https:\/\/prefecturadeesmeraldas.gob.ec\/wp-content\/uploads\/2020\/11\/boletin-1066-1-300x300.jpg 300w, https:\/\/prefecturadeesmeraldas.gob.ec\/wp-content\/uploads\/2020\/11\/boletin-1066-1-768x768.jpg 768w, https:\/\/prefecturadeesmeraldas.gob.ec\/wp-content\/uploads\/2020\/11\/boletin-1066-1.jpg 1280w\" sizes=\"(max-width: 1024px) 100vw, 1024px\" \/>\t\t\t\t\t\t\t\t\t\t\t\t\t\t\t<\/div>\n\t\t\t\t<\/div>\n\t\t\t\t\t<\/div>\n\t\t<\/div>\n\t\t\t\t\t<\/div>\n\t\t<\/section>\n\t\t\t\t<section class=\"elementor-section elementor-top-section elementor-element elementor-element-345bf4c elementor-section-boxed elementor-section-height-default elementor-section-height-default\" data-id=\"345bf4c\" data-element_type=\"section\">\n\t\t\t\t\t\t<div class=\"elementor-container elementor-column-gap-default\">\n\t\t\t\t\t<div class=\"elementor-column elementor-col-100 elementor-top-column elementor-element elementor-element-dd24a0d\" data-id=\"dd24a0d\" data-element_type=\"column\">\n\t\t\t<div class=\"elementor-widget-wrap elementor-element-populated\">\n\t\t\t\t\t\t<div class=\"elementor-element elementor-element-7d96a52 elementor-widget elementor-widget-text-editor\" data-id=\"7d96a52\" data-element_type=\"widget\" data-widget_type=\"text-editor.default\">\n\t\t\t\t<div class=\"elementor-widget-container\">\n\t\t\t\t\t\t\t\t\t<p>Pese al largo feriado que pasamos por el D\u00eda de los Difuntos y la Independencia de Cuenca, en la Prefectura de Esmeraldas se dio cumplimiento del cronograma de actividades semanales por parte del equipo t\u00e9cnico y profesional que conforma la Direcci\u00f3n de Infraestructura Vial.<\/p><p>Durante la semana del lunes 4 al 6 de noviembre de 2020, la ejecuci\u00f3n de trabajos se realiz\u00f3 en 3 zonas de la provincia, dividida en norte, centro y sur.<\/p><p>En la zona norte, se continu\u00f3 con el convenio firmado con el Gobierno Parroquial de Santo Domingo de \u00d3nzole, que consiste en el <strong>mantenimiento de 25 kil\u00f3metros de la v\u00eda situada en el cant\u00f3n Eloy Alfaro.<\/strong> Del mismo modo, avanza la construcci\u00f3n de las variantes sobre la v\u00eda Lagarto \u2013 Anchayacu.<\/p><p>En la zona central, se contin\u00faa con la reposici\u00f3n de material en puntos cr\u00edticos, y la reconformaci\u00f3n total de la <strong>v\u00eda Monterrey \u2013 Bocana del B\u00faa\u00fcen la parroquia La Uni\u00f3n de Quinind\u00e9.<\/strong> Tambi\u00e9n, la reposici\u00f3n de material de afirmado, <strong>limpieza y construcci\u00f3n de cunetas, en v\u00eda la Uni\u00f3n Manabita &#8211; Macayare, parroquia Rosa Z\u00e1rate<\/strong>.\u00a0 As\u00ed mismo, se realiz\u00f3 la limpieza y reconformaci\u00f3n de la v\u00eda <strong>Pircuta \u2013 Barbudal<\/strong> en la parroquia <strong>Cube,<\/strong> y la limpieza y reconformaci\u00f3n de la v\u00eda Timbre 2 \u2013 San Pedro \u2013 Buenos Aires, en el cant\u00f3n Esmeraldas.<\/p><p>Mientras que, en la zona sur, se mantiene la ejecuci\u00f3n del convenio suscrito con el Gobierno parroquial de Tabiazo, cant\u00f3n Esmeraldas, para la colocaci\u00f3n de material base, subbase y doble tratamiento bituminoso. De la misma manera, siguen los trabajos de asfaltado de la v\u00eda La Uni\u00f3n de Atacames \u2013 Las Vegas \u2013 Tazone, en la parroquia La Uni\u00f3n del cant\u00f3n Atacames.<\/p><p>Finalmente, inici\u00f3 la planificaci\u00f3n de los trabajos de bacheo de la v\u00eda Tonchig\u00fce &#8211; San Francisco \u2013 Quing\u00fce, acci\u00f3n de mantenimiento ejecutada entre las parroquias Tonchig\u00fce y San Francisco, de los cantones Atacames y Muisne, respectivamente.<\/p>\t\t\t\t\t\t\t\t<\/div>\n\t\t\t\t<\/div>\n\t\t\t\t\t<\/div>\n\t\t<\/div>\n\t\t\t\t\t<\/div>\n\t\t<\/section>\n\t\t\t\t<\/div>\n\t\t","protected":false},"excerpt":{"rendered":"<p>Pese al largo feriado que pasamos por el D\u00eda de los Difuntos y la Independencia de Cuenca, en la Prefectura de Esmeraldas se dio cumplimiento del cronograma de actividades semanales por parte del equipo t\u00e9cnico y profesional que conforma la Direcci\u00f3n de Infraestructura Vial. Durante la semana del lunes 4 al 6 de noviembre de [&hellip;]<\/p>\n","protected":false},"author":2,"featured_media":7320,"comment_status":"closed","ping_status":"open","sticky":false,"template":"","format":"standard","meta":{"footnotes":""},"categories":[14],"tags":[],"class_list":["post-7319","post","type-post","status-publish","format-standard","has-post-thumbnail","hentry","category-vialidad"],"yoast_head":"<!-- This site is optimized with the Yoast SEO plugin v25.7 - https:\/\/yoast.com\/wordpress\/plugins\/seo\/ -->\n<title>Prefectura mantuvo activo sus frentes de trabajo durante el pasado feriado. - Gobierno Aut\u00f3nomo Descentralizado de la Provincia de Esmeraldas<\/title>\n<meta name=\"robots\" content=\"index, follow, max-snippet:-1, max-image-preview:large, max-video-preview:-1\" \/>\n<link rel=\"canonical\" href=\"https:\/\/prefecturadeesmeraldas.gob.ec\/index.php\/2020\/11\/06\/prefectura-mantuvo-activo-sus-frentes-de-trabajo-durante-el-pasado-feriado\/\" \/>\n<meta property=\"og:locale\" content=\"es_ES\" \/>\n<meta property=\"og:type\" content=\"article\" \/>\n<meta property=\"og:title\" content=\"Prefectura mantuvo activo sus frentes de trabajo durante el pasado feriado. - Gobierno Aut\u00f3nomo Descentralizado de la Provincia de Esmeraldas\" \/>\n<meta property=\"og:description\" content=\"Pese al largo feriado que pasamos por el D\u00eda de los Difuntos y la Independencia de Cuenca, en la Prefectura de Esmeraldas se dio cumplimiento del cronograma de actividades semanales por parte del equipo t\u00e9cnico y profesional que conforma la Direcci\u00f3n de Infraestructura Vial. Durante la semana del lunes 4 al 6 de noviembre de [&hellip;]\" \/>\n<meta property=\"og:url\" content=\"https:\/\/prefecturadeesmeraldas.gob.ec\/index.php\/2020\/11\/06\/prefectura-mantuvo-activo-sus-frentes-de-trabajo-durante-el-pasado-feriado\/\" \/>\n<meta property=\"og:site_name\" content=\"Gobierno Aut\u00f3nomo Descentralizado de la Provincia de Esmeraldas\" \/>\n<meta property=\"article:publisher\" content=\"https:\/\/www.facebook.com\/PrefecturaEsmeraldas\/\" \/>\n<meta property=\"article:published_time\" content=\"2020-11-06T19:35:31+00:00\" \/>\n<meta property=\"article:modified_time\" content=\"2020-11-06T19:37:26+00:00\" \/>\n<meta property=\"og:image\" content=\"https:\/\/prefecturadeesmeraldas.gob.ec\/wp-content\/uploads\/2020\/11\/boletin-1066.jpg\" \/>\n\t<meta property=\"og:image:width\" content=\"1280\" \/>\n\t<meta property=\"og:image:height\" content=\"1280\" \/>\n\t<meta property=\"og:image:type\" content=\"image\/jpeg\" \/>\n<meta name=\"author\" content=\"Direcci\u00f3n de Comunicaci\u00f3n\" \/>\n<meta name=\"twitter:card\" content=\"summary_large_image\" \/>\n<meta name=\"twitter:label1\" content=\"Escrito por\" \/>\n\t<meta name=\"twitter:data1\" content=\"Direcci\u00f3n de Comunicaci\u00f3n\" \/>\n\t<meta name=\"twitter:label2\" content=\"Tiempo de lectura\" \/>\n\t<meta name=\"twitter:data2\" content=\"2 minutos\" \/>\n<script type=\"application\/ld+json\" class=\"yoast-schema-graph\">{\"@context\":\"https:\/\/schema.org\",\"@graph\":[{\"@type\":\"Article\",\"@id\":\"https:\/\/prefecturadeesmeraldas.gob.ec\/index.php\/2020\/11\/06\/prefectura-mantuvo-activo-sus-frentes-de-trabajo-durante-el-pasado-feriado\/#article\",\"isPartOf\":{\"@id\":\"https:\/\/prefecturadeesmeraldas.gob.ec\/index.php\/2020\/11\/06\/prefectura-mantuvo-activo-sus-frentes-de-trabajo-durante-el-pasado-feriado\/\"},\"author\":{\"name\":\"Direcci\u00f3n de Comunicaci\u00f3n\",\"@id\":\"https:\/\/prefecturadeesmeraldas.gob.ec\/#\/schema\/person\/b0c9e7b1ead7725994d1e319e8825234\"},\"headline\":\"Prefectura mantuvo activo sus frentes de trabajo durante el pasado feriado.\",\"datePublished\":\"2020-11-06T19:35:31+00:00\",\"dateModified\":\"2020-11-06T19:37:26+00:00\",\"mainEntityOfPage\":{\"@id\":\"https:\/\/prefecturadeesmeraldas.gob.ec\/index.php\/2020\/11\/06\/prefectura-mantuvo-activo-sus-frentes-de-trabajo-durante-el-pasado-feriado\/\"},\"wordCount\":352,\"publisher\":{\"@id\":\"https:\/\/prefecturadeesmeraldas.gob.ec\/#organization\"},\"image\":{\"@id\":\"https:\/\/prefecturadeesmeraldas.gob.ec\/index.php\/2020\/11\/06\/prefectura-mantuvo-activo-sus-frentes-de-trabajo-durante-el-pasado-feriado\/#primaryimage\"},\"thumbnailUrl\":\"https:\/\/prefecturadeesmeraldas.gob.ec\/wp-content\/uploads\/2020\/11\/boletin-1066.jpg\",\"articleSection\":[\"Vialidad\"],\"inLanguage\":\"es\"},{\"@type\":\"WebPage\",\"@id\":\"https:\/\/prefecturadeesmeraldas.gob.ec\/index.php\/2020\/11\/06\/prefectura-mantuvo-activo-sus-frentes-de-trabajo-durante-el-pasado-feriado\/\",\"url\":\"https:\/\/prefecturadeesmeraldas.gob.ec\/index.php\/2020\/11\/06\/prefectura-mantuvo-activo-sus-frentes-de-trabajo-durante-el-pasado-feriado\/\",\"name\":\"Prefectura mantuvo activo sus frentes de trabajo durante el pasado feriado. - Gobierno Aut\u00f3nomo Descentralizado de la Provincia de Esmeraldas\",\"isPartOf\":{\"@id\":\"https:\/\/prefecturadeesmeraldas.gob.ec\/#website\"},\"primaryImageOfPage\":{\"@id\":\"https:\/\/prefecturadeesmeraldas.gob.ec\/index.php\/2020\/11\/06\/prefectura-mantuvo-activo-sus-frentes-de-trabajo-durante-el-pasado-feriado\/#primaryimage\"},\"image\":{\"@id\":\"https:\/\/prefecturadeesmeraldas.gob.ec\/index.php\/2020\/11\/06\/prefectura-mantuvo-activo-sus-frentes-de-trabajo-durante-el-pasado-feriado\/#primaryimage\"},\"thumbnailUrl\":\"https:\/\/prefecturadeesmeraldas.gob.ec\/wp-content\/uploads\/2020\/11\/boletin-1066.jpg\",\"datePublished\":\"2020-11-06T19:35:31+00:00\",\"dateModified\":\"2020-11-06T19:37:26+00:00\",\"breadcrumb\":{\"@id\":\"https:\/\/prefecturadeesmeraldas.gob.ec\/index.php\/2020\/11\/06\/prefectura-mantuvo-activo-sus-frentes-de-trabajo-durante-el-pasado-feriado\/#breadcrumb\"},\"inLanguage\":\"es\",\"potentialAction\":[{\"@type\":\"ReadAction\",\"target\":[\"https:\/\/prefecturadeesmeraldas.gob.ec\/index.php\/2020\/11\/06\/prefectura-mantuvo-activo-sus-frentes-de-trabajo-durante-el-pasado-feriado\/\"]}]},{\"@type\":\"ImageObject\",\"inLanguage\":\"es\",\"@id\":\"https:\/\/prefecturadeesmeraldas.gob.ec\/index.php\/2020\/11\/06\/prefectura-mantuvo-activo-sus-frentes-de-trabajo-durante-el-pasado-feriado\/#primaryimage\",\"url\":\"https:\/\/prefecturadeesmeraldas.gob.ec\/wp-content\/uploads\/2020\/11\/boletin-1066.jpg\",\"contentUrl\":\"https:\/\/prefecturadeesmeraldas.gob.ec\/wp-content\/uploads\/2020\/11\/boletin-1066.jpg\",\"width\":1280,\"height\":1280},{\"@type\":\"BreadcrumbList\",\"@id\":\"https:\/\/prefecturadeesmeraldas.gob.ec\/index.php\/2020\/11\/06\/prefectura-mantuvo-activo-sus-frentes-de-trabajo-durante-el-pasado-feriado\/#breadcrumb\",\"itemListElement\":[{\"@type\":\"ListItem\",\"position\":1,\"name\":\"Home\",\"item\":\"https:\/\/prefecturadeesmeraldas.gob.ec\/\"},{\"@type\":\"ListItem\",\"position\":2,\"name\":\"Prefectura mantuvo activo sus frentes de trabajo durante el pasado feriado.\"}]},{\"@type\":\"WebSite\",\"@id\":\"https:\/\/prefecturadeesmeraldas.gob.ec\/#website\",\"url\":\"https:\/\/prefecturadeesmeraldas.gob.ec\/\",\"name\":\"Gobierno Aut\u00f3nomo Descentralizado de la Provincia de Esmeraldas\",\"description\":\"Gobierno Aut\u00f3nomo Descentralizado de la Provincia de Esmeraldas\",\"publisher\":{\"@id\":\"https:\/\/prefecturadeesmeraldas.gob.ec\/#organization\"},\"potentialAction\":[{\"@type\":\"SearchAction\",\"target\":{\"@type\":\"EntryPoint\",\"urlTemplate\":\"https:\/\/prefecturadeesmeraldas.gob.ec\/?s={search_term_string}\"},\"query-input\":{\"@type\":\"PropertyValueSpecification\",\"valueRequired\":true,\"valueName\":\"search_term_string\"}}],\"inLanguage\":\"es\"},{\"@type\":\"Organization\",\"@id\":\"https:\/\/prefecturadeesmeraldas.gob.ec\/#organization\",\"name\":\"Gobierno Aut\u00f3nomo Descentralizado de la Provincia de Esmeraldas\",\"url\":\"https:\/\/prefecturadeesmeraldas.gob.ec\/\",\"logo\":{\"@type\":\"ImageObject\",\"inLanguage\":\"es\",\"@id\":\"https:\/\/prefecturadeesmeraldas.gob.ec\/#\/schema\/logo\/image\/\",\"url\":\"https:\/\/prefecturadeesmeraldas.gob.ec\/wp-content\/uploads\/2019\/06\/logo.png\",\"contentUrl\":\"https:\/\/prefecturadeesmeraldas.gob.ec\/wp-content\/uploads\/2019\/06\/logo.png\",\"width\":859,\"height\":448,\"caption\":\"Gobierno Aut\u00f3nomo Descentralizado de la Provincia de Esmeraldas\"},\"image\":{\"@id\":\"https:\/\/prefecturadeesmeraldas.gob.ec\/#\/schema\/logo\/image\/\"},\"sameAs\":[\"https:\/\/www.facebook.com\/PrefecturaEsmeraldas\/\"]},{\"@type\":\"Person\",\"@id\":\"https:\/\/prefecturadeesmeraldas.gob.ec\/#\/schema\/person\/b0c9e7b1ead7725994d1e319e8825234\",\"name\":\"Direcci\u00f3n de Comunicaci\u00f3n\",\"image\":{\"@type\":\"ImageObject\",\"inLanguage\":\"es\",\"@id\":\"https:\/\/prefecturadeesmeraldas.gob.ec\/#\/schema\/person\/image\/\",\"url\":\"https:\/\/secure.gravatar.com\/avatar\/74a3870a946f5d774ade3569af61a72308e07ad3346f370c4b468ee2a9858658?s=96&d=mm&r=g\",\"contentUrl\":\"https:\/\/secure.gravatar.com\/avatar\/74a3870a946f5d774ade3569af61a72308e07ad3346f370c4b468ee2a9858658?s=96&d=mm&r=g\",\"caption\":\"Direcci\u00f3n de Comunicaci\u00f3n\"}}]}<\/script>\n<!-- \/ Yoast SEO plugin. -->","yoast_head_json":{"title":"Prefectura mantuvo activo sus frentes de trabajo durante el pasado feriado. - Gobierno Aut\u00f3nomo Descentralizado de la Provincia de Esmeraldas","robots":{"index":"index","follow":"follow","max-snippet":"max-snippet:-1","max-image-preview":"max-image-preview:large","max-video-preview":"max-video-preview:-1"},"canonical":"https:\/\/prefecturadeesmeraldas.gob.ec\/index.php\/2020\/11\/06\/prefectura-mantuvo-activo-sus-frentes-de-trabajo-durante-el-pasado-feriado\/","og_locale":"es_ES","og_type":"article","og_title":"Prefectura mantuvo activo sus frentes de trabajo durante el pasado feriado. - Gobierno Aut\u00f3nomo Descentralizado de la Provincia de Esmeraldas","og_description":"Pese al largo feriado que pasamos por el D\u00eda de los Difuntos y la Independencia de Cuenca, en la Prefectura de Esmeraldas se dio cumplimiento del cronograma de actividades semanales por parte del equipo t\u00e9cnico y profesional que conforma la Direcci\u00f3n de Infraestructura Vial. Durante la semana del lunes 4 al 6 de noviembre de [&hellip;]","og_url":"https:\/\/prefecturadeesmeraldas.gob.ec\/index.php\/2020\/11\/06\/prefectura-mantuvo-activo-sus-frentes-de-trabajo-durante-el-pasado-feriado\/","og_site_name":"Gobierno Aut\u00f3nomo Descentralizado de la Provincia de Esmeraldas","article_publisher":"https:\/\/www.facebook.com\/PrefecturaEsmeraldas\/","article_published_time":"2020-11-06T19:35:31+00:00","article_modified_time":"2020-11-06T19:37:26+00:00","og_image":[{"width":1280,"height":1280,"url":"https:\/\/prefecturadeesmeraldas.gob.ec\/wp-content\/uploads\/2020\/11\/boletin-1066.jpg","type":"image\/jpeg"}],"author":"Direcci\u00f3n de Comunicaci\u00f3n","twitter_card":"summary_large_image","twitter_misc":{"Escrito por":"Direcci\u00f3n de Comunicaci\u00f3n","Tiempo de lectura":"2 minutos"},"schema":{"@context":"https:\/\/schema.org","@graph":[{"@type":"Article","@id":"https:\/\/prefecturadeesmeraldas.gob.ec\/index.php\/2020\/11\/06\/prefectura-mantuvo-activo-sus-frentes-de-trabajo-durante-el-pasado-feriado\/#article","isPartOf":{"@id":"https:\/\/prefecturadeesmeraldas.gob.ec\/index.php\/2020\/11\/06\/prefectura-mantuvo-activo-sus-frentes-de-trabajo-durante-el-pasado-feriado\/"},"author":{"name":"Direcci\u00f3n de Comunicaci\u00f3n","@id":"https:\/\/prefecturadeesmeraldas.gob.ec\/#\/schema\/person\/b0c9e7b1ead7725994d1e319e8825234"},"headline":"Prefectura mantuvo activo sus frentes de trabajo durante el pasado feriado.","datePublished":"2020-11-06T19:35:31+00:00","dateModified":"2020-11-06T19:37:26+00:00","mainEntityOfPage":{"@id":"https:\/\/prefecturadeesmeraldas.gob.ec\/index.php\/2020\/11\/06\/prefectura-mantuvo-activo-sus-frentes-de-trabajo-durante-el-pasado-feriado\/"},"wordCount":352,"publisher":{"@id":"https:\/\/prefecturadeesmeraldas.gob.ec\/#organization"},"image":{"@id":"https:\/\/prefecturadeesmeraldas.gob.ec\/index.php\/2020\/11\/06\/prefectura-mantuvo-activo-sus-frentes-de-trabajo-durante-el-pasado-feriado\/#primaryimage"},"thumbnailUrl":"https:\/\/prefecturadeesmeraldas.gob.ec\/wp-content\/uploads\/2020\/11\/boletin-1066.jpg","articleSection":["Vialidad"],"inLanguage":"es"},{"@type":"WebPage","@id":"https:\/\/prefecturadeesmeraldas.gob.ec\/index.php\/2020\/11\/06\/prefectura-mantuvo-activo-sus-frentes-de-trabajo-durante-el-pasado-feriado\/","url":"https:\/\/prefecturadeesmeraldas.gob.ec\/index.php\/2020\/11\/06\/prefectura-mantuvo-activo-sus-frentes-de-trabajo-durante-el-pasado-feriado\/","name":"Prefectura mantuvo activo sus frentes de trabajo durante el pasado feriado. - Gobierno Aut\u00f3nomo Descentralizado de la Provincia de Esmeraldas","isPartOf":{"@id":"https:\/\/prefecturadeesmeraldas.gob.ec\/#website"},"primaryImageOfPage":{"@id":"https:\/\/prefecturadeesmeraldas.gob.ec\/index.php\/2020\/11\/06\/prefectura-mantuvo-activo-sus-frentes-de-trabajo-durante-el-pasado-feriado\/#primaryimage"},"image":{"@id":"https:\/\/prefecturadeesmeraldas.gob.ec\/index.php\/2020\/11\/06\/prefectura-mantuvo-activo-sus-frentes-de-trabajo-durante-el-pasado-feriado\/#primaryimage"},"thumbnailUrl":"https:\/\/prefecturadeesmeraldas.gob.ec\/wp-content\/uploads\/2020\/11\/boletin-1066.jpg","datePublished":"2020-11-06T19:35:31+00:00","dateModified":"2020-11-06T19:37:26+00:00","breadcrumb":{"@id":"https:\/\/prefecturadeesmeraldas.gob.ec\/index.php\/2020\/11\/06\/prefectura-mantuvo-activo-sus-frentes-de-trabajo-durante-el-pasado-feriado\/#breadcrumb"},"inLanguage":"es","potentialAction":[{"@type":"ReadAction","target":["https:\/\/prefecturadeesmeraldas.gob.ec\/index.php\/2020\/11\/06\/prefectura-mantuvo-activo-sus-frentes-de-trabajo-durante-el-pasado-feriado\/"]}]},{"@type":"ImageObject","inLanguage":"es","@id":"https:\/\/prefecturadeesmeraldas.gob.ec\/index.php\/2020\/11\/06\/prefectura-mantuvo-activo-sus-frentes-de-trabajo-durante-el-pasado-feriado\/#primaryimage","url":"https:\/\/prefecturadeesmeraldas.gob.ec\/wp-content\/uploads\/2020\/11\/boletin-1066.jpg","contentUrl":"https:\/\/prefecturadeesmeraldas.gob.ec\/wp-content\/uploads\/2020\/11\/boletin-1066.jpg","width":1280,"height":1280},{"@type":"BreadcrumbList","@id":"https:\/\/prefecturadeesmeraldas.gob.ec\/index.php\/2020\/11\/06\/prefectura-mantuvo-activo-sus-frentes-de-trabajo-durante-el-pasado-feriado\/#breadcrumb","itemListElement":[{"@type":"ListItem","position":1,"name":"Home","item":"https:\/\/prefecturadeesmeraldas.gob.ec\/"},{"@type":"ListItem","position":2,"name":"Prefectura mantuvo activo sus frentes de trabajo durante el pasado feriado."}]},{"@type":"WebSite","@id":"https:\/\/prefecturadeesmeraldas.gob.ec\/#website","url":"https:\/\/prefecturadeesmeraldas.gob.ec\/","name":"Gobierno Aut\u00f3nomo Descentralizado de la Provincia de Esmeraldas","description":"Gobierno Aut\u00f3nomo Descentralizado de la Provincia de Esmeraldas","publisher":{"@id":"https:\/\/prefecturadeesmeraldas.gob.ec\/#organization"},"potentialAction":[{"@type":"SearchAction","target":{"@type":"EntryPoint","urlTemplate":"https:\/\/prefecturadeesmeraldas.gob.ec\/?s={search_term_string}"},"query-input":{"@type":"PropertyValueSpecification","valueRequired":true,"valueName":"search_term_string"}}],"inLanguage":"es"},{"@type":"Organization","@id":"https:\/\/prefecturadeesmeraldas.gob.ec\/#organization","name":"Gobierno Aut\u00f3nomo Descentralizado de la Provincia de Esmeraldas","url":"https:\/\/prefecturadeesmeraldas.gob.ec\/","logo":{"@type":"ImageObject","inLanguage":"es","@id":"https:\/\/prefecturadeesmeraldas.gob.ec\/#\/schema\/logo\/image\/","url":"https:\/\/prefecturadeesmeraldas.gob.ec\/wp-content\/uploads\/2019\/06\/logo.png","contentUrl":"https:\/\/prefecturadeesmeraldas.gob.ec\/wp-content\/uploads\/2019\/06\/logo.png","width":859,"height":448,"caption":"Gobierno Aut\u00f3nomo Descentralizado de la Provincia de Esmeraldas"},"image":{"@id":"https:\/\/prefecturadeesmeraldas.gob.ec\/#\/schema\/logo\/image\/"},"sameAs":["https:\/\/www.facebook.com\/PrefecturaEsmeraldas\/"]},{"@type":"Person","@id":"https:\/\/prefecturadeesmeraldas.gob.ec\/#\/schema\/person\/b0c9e7b1ead7725994d1e319e8825234","name":"Direcci\u00f3n de Comunicaci\u00f3n","image":{"@type":"ImageObject","inLanguage":"es","@id":"https:\/\/prefecturadeesmeraldas.gob.ec\/#\/schema\/person\/image\/","url":"https:\/\/secure.gravatar.com\/avatar\/74a3870a946f5d774ade3569af61a72308e07ad3346f370c4b468ee2a9858658?s=96&d=mm&r=g","contentUrl":"https:\/\/secure.gravatar.com\/avatar\/74a3870a946f5d774ade3569af61a72308e07ad3346f370c4b468ee2a9858658?s=96&d=mm&r=g","caption":"Direcci\u00f3n de Comunicaci\u00f3n"}}]}},"_links":{"self":[{"href":"https:\/\/prefecturadeesmeraldas.gob.ec\/index.php\/wp-json\/wp\/v2\/posts\/7319","targetHints":{"allow":["GET"]}}],"collection":[{"href":"https:\/\/prefecturadeesmeraldas.gob.ec\/index.php\/wp-json\/wp\/v2\/posts"}],"about":[{"href":"https:\/\/prefecturadeesmeraldas.gob.ec\/index.php\/wp-json\/wp\/v2\/types\/post"}],"author":[{"embeddable":true,"href":"https:\/\/prefecturadeesmeraldas.gob.ec\/index.php\/wp-json\/wp\/v2\/users\/2"}],"replies":[{"embeddable":true,"href":"https:\/\/prefecturadeesmeraldas.gob.ec\/index.php\/wp-json\/wp\/v2\/comments?post=7319"}],"version-history":[{"count":0,"href":"https:\/\/prefecturadeesmeraldas.gob.ec\/index.php\/wp-json\/wp\/v2\/posts\/7319\/revisions"}],"wp:featuredmedia":[{"embeddable":true,"href":"https:\/\/prefecturadeesmeraldas.gob.ec\/index.php\/wp-json\/wp\/v2\/media\/7320"}],"wp:attachment":[{"href":"https:\/\/prefecturadeesmeraldas.gob.ec\/index.php\/wp-json\/wp\/v2\/media?parent=7319"}],"wp:term":[{"taxonomy":"category","embeddable":true,"href":"https:\/\/prefecturadeesmeraldas.gob.ec\/index.php\/wp-json\/wp\/v2\/categories?post=7319"},{"taxonomy":"post_tag","embeddable":true,"href":"https:\/\/prefecturadeesmeraldas.gob.ec\/index.php\/wp-json\/wp\/v2\/tags?post=7319"}],"curies":[{"name":"wp","href":"https:\/\/api.w.org\/{rel}","templated":true}]}}