{"id":7086,"date":"2020-10-29T10:57:31","date_gmt":"2020-10-29T15:57:31","guid":{"rendered":"http:\/\/prefecturadeesmeraldas.gob.ec\/?p=7086"},"modified":"2020-10-29T10:57:56","modified_gmt":"2020-10-29T15:57:56","slug":"prefecta-roberta-zambrano-en-su-calidad-de-vicepresidenta-del-coe-provincial-llama-a-no-bajar-la-guardia-durante-este-feriado","status":"publish","type":"post","link":"https:\/\/prefecturadeesmeraldas.gob.ec\/index.php\/2020\/10\/29\/prefecta-roberta-zambrano-en-su-calidad-de-vicepresidenta-del-coe-provincial-llama-a-no-bajar-la-guardia-durante-este-feriado\/","title":{"rendered":"Prefecta Roberta Zambrano, en su calidad de vicepresidenta del COE provincial llama a \u201cno bajar la guardia\u201d durante este feriado."},"content":{"rendered":"\t\t<div data-elementor-type=\"wp-post\" data-elementor-id=\"7086\" class=\"elementor elementor-7086\">\n\t\t\t\t\t\t<section class=\"elementor-section elementor-top-section elementor-element elementor-element-7ba795e elementor-section-boxed elementor-section-height-default elementor-section-height-default\" data-id=\"7ba795e\" data-element_type=\"section\">\n\t\t\t\t\t\t<div class=\"elementor-container elementor-column-gap-default\">\n\t\t\t\t\t<div class=\"elementor-column elementor-col-100 elementor-top-column elementor-element elementor-element-65a7d38\" data-id=\"65a7d38\" data-element_type=\"column\">\n\t\t\t<div class=\"elementor-widget-wrap elementor-element-populated\">\n\t\t\t\t\t\t<div class=\"elementor-element elementor-element-8915152 elementor-widget elementor-widget-image\" data-id=\"8915152\" data-element_type=\"widget\" data-widget_type=\"image.default\">\n\t\t\t\t<div class=\"elementor-widget-container\">\n\t\t\t\t\t\t\t\t\t\t\t\t\t\t\t<img fetchpriority=\"high\" decoding=\"async\" width=\"1024\" height=\"683\" src=\"https:\/\/prefecturadeesmeraldas.gob.ec\/wp-content\/uploads\/2020\/10\/MEDIOS-1024x683.jpg\" class=\"attachment-large size-large wp-image-7087\" alt=\"\" srcset=\"https:\/\/prefecturadeesmeraldas.gob.ec\/wp-content\/uploads\/2020\/10\/MEDIOS-1024x683.jpg 1024w, https:\/\/prefecturadeesmeraldas.gob.ec\/wp-content\/uploads\/2020\/10\/MEDIOS-1080x720.jpg 1080w, https:\/\/prefecturadeesmeraldas.gob.ec\/wp-content\/uploads\/2020\/10\/MEDIOS-300x200.jpg 300w, https:\/\/prefecturadeesmeraldas.gob.ec\/wp-content\/uploads\/2020\/10\/MEDIOS-768x512.jpg 768w, https:\/\/prefecturadeesmeraldas.gob.ec\/wp-content\/uploads\/2020\/10\/MEDIOS-360x240.jpg 360w, https:\/\/prefecturadeesmeraldas.gob.ec\/wp-content\/uploads\/2020\/10\/MEDIOS.jpg 1128w\" sizes=\"(max-width: 1024px) 100vw, 1024px\" \/>\t\t\t\t\t\t\t\t\t\t\t\t\t\t\t<\/div>\n\t\t\t\t<\/div>\n\t\t\t\t\t<\/div>\n\t\t<\/div>\n\t\t\t\t\t<\/div>\n\t\t<\/section>\n\t\t\t\t<section class=\"elementor-section elementor-top-section elementor-element elementor-element-7244ca7 elementor-section-boxed elementor-section-height-default elementor-section-height-default\" data-id=\"7244ca7\" data-element_type=\"section\">\n\t\t\t\t\t\t<div class=\"elementor-container elementor-column-gap-default\">\n\t\t\t\t\t<div class=\"elementor-column elementor-col-100 elementor-top-column elementor-element elementor-element-9e5ed6b\" data-id=\"9e5ed6b\" data-element_type=\"column\">\n\t\t\t<div class=\"elementor-widget-wrap elementor-element-populated\">\n\t\t\t\t\t\t<div class=\"elementor-element elementor-element-eca8c73 elementor-widget elementor-widget-text-editor\" data-id=\"eca8c73\" data-element_type=\"widget\" data-widget_type=\"text-editor.default\">\n\t\t\t\t<div class=\"elementor-widget-container\">\n\t\t\t\t\t\t\t\t\t<p>En su calidad de vicepresidenta del COE Provincial, la <strong>Prefecta Roberta Zambrano<\/strong> realiz\u00f3 un llamado a los alcaldes de los 7 cantones de Esmeraldas, para que acojan las recomendaciones que se han realizado desde el COE Nacional, con la finalidad de <strong>evitar mayores contagios de casos de Covid-19<\/strong>, en virtud de que se avecina el feriado por el D\u00eda de los Fieles Difuntos.<\/p><p>La abogada Roberta Zambrano insisti\u00f3 en que, m\u00e1s importante que el dinero es la vida de las personas, por lo que dijo que, si bien es importante la reactivaci\u00f3n econ\u00f3mica, lo mejor en <strong>recomendar a las personas que mantengan todas las medidas de bioseguridad y el distanciamiento social durante el feriado, de manera ordenada y en lo posible, evitando asistir a lugares donde existan concentraciones masivas de personas.<\/strong><\/p><p>\u201cA los representantes y a los alcaldes, ante el dilema de si se abren o no los cementerios, les pido que se hagan responsables de evitar aglomeraciones. Es responsabilidad de los alcaldes esta decisi\u00f3n y mi \u00faltima palabra es, recomendarles que se acogen a la sugerencia del COE Nacional\u201d, dijo Roberta Zambrano.<\/p><p>Durante su intervenci\u00f3n, la vicepresidenta del COE Provincial dijo que, en su calidad de Prefecta, va a realizar una inversi\u00f3n de 250 mil d\u00f3lares para dotar de implementos de bioseguridad a los hospitales y las Junta Parroquiales, dot\u00e1ndolas adem\u00e1s de elementos b\u00e1sicos como moto mochilas, trajes de bioseguridad, mascarillas KN95, alcohol en gel, medicinas y m\u00e1s, todo esto para contribuir a evitar que ocurran m\u00e1s muertes producto del Covid-19.<\/p>\t\t\t\t\t\t\t\t<\/div>\n\t\t\t\t<\/div>\n\t\t\t\t\t<\/div>\n\t\t<\/div>\n\t\t\t\t\t<\/div>\n\t\t<\/section>\n\t\t\t\t<\/div>\n\t\t","protected":false},"excerpt":{"rendered":"<p>En su calidad de vicepresidenta del COE Provincial, la Prefecta Roberta Zambrano realiz\u00f3 un llamado a los alcaldes de los 7 cantones de Esmeraldas, para que acojan las recomendaciones que se han realizado desde el COE Nacional, con la finalidad de evitar mayores contagios de casos de Covid-19, en virtud de que se avecina el [&hellip;]<\/p>\n","protected":false},"author":2,"featured_media":7087,"comment_status":"closed","ping_status":"open","sticky":false,"template":"","format":"standard","meta":{"footnotes":""},"categories":[3],"tags":[],"class_list":["post-7086","post","type-post","status-publish","format-standard","has-post-thumbnail","hentry","category-institucional"],"yoast_head":"<!-- This site is optimized with the Yoast SEO plugin v25.7 - https:\/\/yoast.com\/wordpress\/plugins\/seo\/ -->\n<title>Prefecta Roberta Zambrano, en su calidad de vicepresidenta del COE provincial llama a \u201cno bajar la guardia\u201d durante este feriado. - Gobierno Aut\u00f3nomo Descentralizado de la Provincia de Esmeraldas<\/title>\n<meta name=\"robots\" content=\"index, follow, max-snippet:-1, max-image-preview:large, max-video-preview:-1\" \/>\n<link rel=\"canonical\" href=\"https:\/\/prefecturadeesmeraldas.gob.ec\/index.php\/2020\/10\/29\/prefecta-roberta-zambrano-en-su-calidad-de-vicepresidenta-del-coe-provincial-llama-a-no-bajar-la-guardia-durante-este-feriado\/\" \/>\n<meta property=\"og:locale\" content=\"es_ES\" \/>\n<meta property=\"og:type\" content=\"article\" \/>\n<meta property=\"og:title\" content=\"Prefecta Roberta Zambrano, en su calidad de vicepresidenta del COE provincial llama a \u201cno bajar la guardia\u201d durante este feriado. - Gobierno Aut\u00f3nomo Descentralizado de la Provincia de Esmeraldas\" \/>\n<meta property=\"og:description\" content=\"En su calidad de vicepresidenta del COE Provincial, la Prefecta Roberta Zambrano realiz\u00f3 un llamado a los alcaldes de los 7 cantones de Esmeraldas, para que acojan las recomendaciones que se han realizado desde el COE Nacional, con la finalidad de evitar mayores contagios de casos de Covid-19, en virtud de que se avecina el [&hellip;]\" \/>\n<meta property=\"og:url\" content=\"https:\/\/prefecturadeesmeraldas.gob.ec\/index.php\/2020\/10\/29\/prefecta-roberta-zambrano-en-su-calidad-de-vicepresidenta-del-coe-provincial-llama-a-no-bajar-la-guardia-durante-este-feriado\/\" \/>\n<meta property=\"og:site_name\" content=\"Gobierno Aut\u00f3nomo Descentralizado de la Provincia de Esmeraldas\" \/>\n<meta property=\"article:publisher\" content=\"https:\/\/www.facebook.com\/PrefecturaEsmeraldas\/\" \/>\n<meta property=\"article:published_time\" content=\"2020-10-29T15:57:31+00:00\" \/>\n<meta property=\"article:modified_time\" content=\"2020-10-29T15:57:56+00:00\" \/>\n<meta property=\"og:image\" content=\"https:\/\/prefecturadeesmeraldas.gob.ec\/wp-content\/uploads\/2020\/10\/MEDIOS.jpg\" \/>\n\t<meta property=\"og:image:width\" content=\"1128\" \/>\n\t<meta property=\"og:image:height\" content=\"752\" \/>\n\t<meta property=\"og:image:type\" content=\"image\/jpeg\" \/>\n<meta name=\"author\" content=\"Direcci\u00f3n de Comunicaci\u00f3n\" \/>\n<meta name=\"twitter:card\" content=\"summary_large_image\" \/>\n<meta name=\"twitter:label1\" content=\"Escrito por\" \/>\n\t<meta name=\"twitter:data1\" content=\"Direcci\u00f3n de Comunicaci\u00f3n\" \/>\n\t<meta name=\"twitter:label2\" content=\"Tiempo de lectura\" \/>\n\t<meta name=\"twitter:data2\" content=\"1 minuto\" \/>\n<script type=\"application\/ld+json\" class=\"yoast-schema-graph\">{\"@context\":\"https:\/\/schema.org\",\"@graph\":[{\"@type\":\"Article\",\"@id\":\"https:\/\/prefecturadeesmeraldas.gob.ec\/index.php\/2020\/10\/29\/prefecta-roberta-zambrano-en-su-calidad-de-vicepresidenta-del-coe-provincial-llama-a-no-bajar-la-guardia-durante-este-feriado\/#article\",\"isPartOf\":{\"@id\":\"https:\/\/prefecturadeesmeraldas.gob.ec\/index.php\/2020\/10\/29\/prefecta-roberta-zambrano-en-su-calidad-de-vicepresidenta-del-coe-provincial-llama-a-no-bajar-la-guardia-durante-este-feriado\/\"},\"author\":{\"name\":\"Direcci\u00f3n de Comunicaci\u00f3n\",\"@id\":\"https:\/\/prefecturadeesmeraldas.gob.ec\/#\/schema\/person\/b0c9e7b1ead7725994d1e319e8825234\"},\"headline\":\"Prefecta Roberta Zambrano, en su calidad de vicepresidenta del COE provincial llama a \u201cno bajar la guardia\u201d durante este feriado.\",\"datePublished\":\"2020-10-29T15:57:31+00:00\",\"dateModified\":\"2020-10-29T15:57:56+00:00\",\"mainEntityOfPage\":{\"@id\":\"https:\/\/prefecturadeesmeraldas.gob.ec\/index.php\/2020\/10\/29\/prefecta-roberta-zambrano-en-su-calidad-de-vicepresidenta-del-coe-provincial-llama-a-no-bajar-la-guardia-durante-este-feriado\/\"},\"wordCount\":283,\"publisher\":{\"@id\":\"https:\/\/prefecturadeesmeraldas.gob.ec\/#organization\"},\"image\":{\"@id\":\"https:\/\/prefecturadeesmeraldas.gob.ec\/index.php\/2020\/10\/29\/prefecta-roberta-zambrano-en-su-calidad-de-vicepresidenta-del-coe-provincial-llama-a-no-bajar-la-guardia-durante-este-feriado\/#primaryimage\"},\"thumbnailUrl\":\"https:\/\/prefecturadeesmeraldas.gob.ec\/wp-content\/uploads\/2020\/10\/MEDIOS.jpg\",\"articleSection\":[\"Institucional\"],\"inLanguage\":\"es\"},{\"@type\":\"WebPage\",\"@id\":\"https:\/\/prefecturadeesmeraldas.gob.ec\/index.php\/2020\/10\/29\/prefecta-roberta-zambrano-en-su-calidad-de-vicepresidenta-del-coe-provincial-llama-a-no-bajar-la-guardia-durante-este-feriado\/\",\"url\":\"https:\/\/prefecturadeesmeraldas.gob.ec\/index.php\/2020\/10\/29\/prefecta-roberta-zambrano-en-su-calidad-de-vicepresidenta-del-coe-provincial-llama-a-no-bajar-la-guardia-durante-este-feriado\/\",\"name\":\"Prefecta Roberta Zambrano, en su calidad de vicepresidenta del COE provincial llama a \u201cno bajar la guardia\u201d durante este feriado. - Gobierno Aut\u00f3nomo Descentralizado de la Provincia de Esmeraldas\",\"isPartOf\":{\"@id\":\"https:\/\/prefecturadeesmeraldas.gob.ec\/#website\"},\"primaryImageOfPage\":{\"@id\":\"https:\/\/prefecturadeesmeraldas.gob.ec\/index.php\/2020\/10\/29\/prefecta-roberta-zambrano-en-su-calidad-de-vicepresidenta-del-coe-provincial-llama-a-no-bajar-la-guardia-durante-este-feriado\/#primaryimage\"},\"image\":{\"@id\":\"https:\/\/prefecturadeesmeraldas.gob.ec\/index.php\/2020\/10\/29\/prefecta-roberta-zambrano-en-su-calidad-de-vicepresidenta-del-coe-provincial-llama-a-no-bajar-la-guardia-durante-este-feriado\/#primaryimage\"},\"thumbnailUrl\":\"https:\/\/prefecturadeesmeraldas.gob.ec\/wp-content\/uploads\/2020\/10\/MEDIOS.jpg\",\"datePublished\":\"2020-10-29T15:57:31+00:00\",\"dateModified\":\"2020-10-29T15:57:56+00:00\",\"breadcrumb\":{\"@id\":\"https:\/\/prefecturadeesmeraldas.gob.ec\/index.php\/2020\/10\/29\/prefecta-roberta-zambrano-en-su-calidad-de-vicepresidenta-del-coe-provincial-llama-a-no-bajar-la-guardia-durante-este-feriado\/#breadcrumb\"},\"inLanguage\":\"es\",\"potentialAction\":[{\"@type\":\"ReadAction\",\"target\":[\"https:\/\/prefecturadeesmeraldas.gob.ec\/index.php\/2020\/10\/29\/prefecta-roberta-zambrano-en-su-calidad-de-vicepresidenta-del-coe-provincial-llama-a-no-bajar-la-guardia-durante-este-feriado\/\"]}]},{\"@type\":\"ImageObject\",\"inLanguage\":\"es\",\"@id\":\"https:\/\/prefecturadeesmeraldas.gob.ec\/index.php\/2020\/10\/29\/prefecta-roberta-zambrano-en-su-calidad-de-vicepresidenta-del-coe-provincial-llama-a-no-bajar-la-guardia-durante-este-feriado\/#primaryimage\",\"url\":\"https:\/\/prefecturadeesmeraldas.gob.ec\/wp-content\/uploads\/2020\/10\/MEDIOS.jpg\",\"contentUrl\":\"https:\/\/prefecturadeesmeraldas.gob.ec\/wp-content\/uploads\/2020\/10\/MEDIOS.jpg\",\"width\":1128,\"height\":752},{\"@type\":\"BreadcrumbList\",\"@id\":\"https:\/\/prefecturadeesmeraldas.gob.ec\/index.php\/2020\/10\/29\/prefecta-roberta-zambrano-en-su-calidad-de-vicepresidenta-del-coe-provincial-llama-a-no-bajar-la-guardia-durante-este-feriado\/#breadcrumb\",\"itemListElement\":[{\"@type\":\"ListItem\",\"position\":1,\"name\":\"Home\",\"item\":\"https:\/\/prefecturadeesmeraldas.gob.ec\/\"},{\"@type\":\"ListItem\",\"position\":2,\"name\":\"Prefecta Roberta Zambrano, en su calidad de vicepresidenta del COE provincial llama a \u201cno bajar la guardia\u201d durante este feriado.\"}]},{\"@type\":\"WebSite\",\"@id\":\"https:\/\/prefecturadeesmeraldas.gob.ec\/#website\",\"url\":\"https:\/\/prefecturadeesmeraldas.gob.ec\/\",\"name\":\"Gobierno Aut\u00f3nomo Descentralizado de la Provincia de Esmeraldas\",\"description\":\"Gobierno Aut\u00f3nomo Descentralizado de la Provincia de Esmeraldas\",\"publisher\":{\"@id\":\"https:\/\/prefecturadeesmeraldas.gob.ec\/#organization\"},\"potentialAction\":[{\"@type\":\"SearchAction\",\"target\":{\"@type\":\"EntryPoint\",\"urlTemplate\":\"https:\/\/prefecturadeesmeraldas.gob.ec\/?s={search_term_string}\"},\"query-input\":{\"@type\":\"PropertyValueSpecification\",\"valueRequired\":true,\"valueName\":\"search_term_string\"}}],\"inLanguage\":\"es\"},{\"@type\":\"Organization\",\"@id\":\"https:\/\/prefecturadeesmeraldas.gob.ec\/#organization\",\"name\":\"Gobierno Aut\u00f3nomo Descentralizado de la Provincia de Esmeraldas\",\"url\":\"https:\/\/prefecturadeesmeraldas.gob.ec\/\",\"logo\":{\"@type\":\"ImageObject\",\"inLanguage\":\"es\",\"@id\":\"https:\/\/prefecturadeesmeraldas.gob.ec\/#\/schema\/logo\/image\/\",\"url\":\"https:\/\/prefecturadeesmeraldas.gob.ec\/wp-content\/uploads\/2019\/06\/logo.png\",\"contentUrl\":\"https:\/\/prefecturadeesmeraldas.gob.ec\/wp-content\/uploads\/2019\/06\/logo.png\",\"width\":859,\"height\":448,\"caption\":\"Gobierno Aut\u00f3nomo Descentralizado de la Provincia de Esmeraldas\"},\"image\":{\"@id\":\"https:\/\/prefecturadeesmeraldas.gob.ec\/#\/schema\/logo\/image\/\"},\"sameAs\":[\"https:\/\/www.facebook.com\/PrefecturaEsmeraldas\/\"]},{\"@type\":\"Person\",\"@id\":\"https:\/\/prefecturadeesmeraldas.gob.ec\/#\/schema\/person\/b0c9e7b1ead7725994d1e319e8825234\",\"name\":\"Direcci\u00f3n de Comunicaci\u00f3n\",\"image\":{\"@type\":\"ImageObject\",\"inLanguage\":\"es\",\"@id\":\"https:\/\/prefecturadeesmeraldas.gob.ec\/#\/schema\/person\/image\/\",\"url\":\"https:\/\/secure.gravatar.com\/avatar\/74a3870a946f5d774ade3569af61a72308e07ad3346f370c4b468ee2a9858658?s=96&d=mm&r=g\",\"contentUrl\":\"https:\/\/secure.gravatar.com\/avatar\/74a3870a946f5d774ade3569af61a72308e07ad3346f370c4b468ee2a9858658?s=96&d=mm&r=g\",\"caption\":\"Direcci\u00f3n de Comunicaci\u00f3n\"}}]}<\/script>\n<!-- \/ Yoast SEO plugin. -->","yoast_head_json":{"title":"Prefecta Roberta Zambrano, en su calidad de vicepresidenta del COE provincial llama a \u201cno bajar la guardia\u201d durante este feriado. - Gobierno Aut\u00f3nomo Descentralizado de la Provincia de Esmeraldas","robots":{"index":"index","follow":"follow","max-snippet":"max-snippet:-1","max-image-preview":"max-image-preview:large","max-video-preview":"max-video-preview:-1"},"canonical":"https:\/\/prefecturadeesmeraldas.gob.ec\/index.php\/2020\/10\/29\/prefecta-roberta-zambrano-en-su-calidad-de-vicepresidenta-del-coe-provincial-llama-a-no-bajar-la-guardia-durante-este-feriado\/","og_locale":"es_ES","og_type":"article","og_title":"Prefecta Roberta Zambrano, en su calidad de vicepresidenta del COE provincial llama a \u201cno bajar la guardia\u201d durante este feriado. - Gobierno Aut\u00f3nomo Descentralizado de la Provincia de Esmeraldas","og_description":"En su calidad de vicepresidenta del COE Provincial, la Prefecta Roberta Zambrano realiz\u00f3 un llamado a los alcaldes de los 7 cantones de Esmeraldas, para que acojan las recomendaciones que se han realizado desde el COE Nacional, con la finalidad de evitar mayores contagios de casos de Covid-19, en virtud de que se avecina el [&hellip;]","og_url":"https:\/\/prefecturadeesmeraldas.gob.ec\/index.php\/2020\/10\/29\/prefecta-roberta-zambrano-en-su-calidad-de-vicepresidenta-del-coe-provincial-llama-a-no-bajar-la-guardia-durante-este-feriado\/","og_site_name":"Gobierno Aut\u00f3nomo Descentralizado de la Provincia de Esmeraldas","article_publisher":"https:\/\/www.facebook.com\/PrefecturaEsmeraldas\/","article_published_time":"2020-10-29T15:57:31+00:00","article_modified_time":"2020-10-29T15:57:56+00:00","og_image":[{"width":1128,"height":752,"url":"https:\/\/prefecturadeesmeraldas.gob.ec\/wp-content\/uploads\/2020\/10\/MEDIOS.jpg","type":"image\/jpeg"}],"author":"Direcci\u00f3n de Comunicaci\u00f3n","twitter_card":"summary_large_image","twitter_misc":{"Escrito por":"Direcci\u00f3n de Comunicaci\u00f3n","Tiempo de lectura":"1 minuto"},"schema":{"@context":"https:\/\/schema.org","@graph":[{"@type":"Article","@id":"https:\/\/prefecturadeesmeraldas.gob.ec\/index.php\/2020\/10\/29\/prefecta-roberta-zambrano-en-su-calidad-de-vicepresidenta-del-coe-provincial-llama-a-no-bajar-la-guardia-durante-este-feriado\/#article","isPartOf":{"@id":"https:\/\/prefecturadeesmeraldas.gob.ec\/index.php\/2020\/10\/29\/prefecta-roberta-zambrano-en-su-calidad-de-vicepresidenta-del-coe-provincial-llama-a-no-bajar-la-guardia-durante-este-feriado\/"},"author":{"name":"Direcci\u00f3n de Comunicaci\u00f3n","@id":"https:\/\/prefecturadeesmeraldas.gob.ec\/#\/schema\/person\/b0c9e7b1ead7725994d1e319e8825234"},"headline":"Prefecta Roberta Zambrano, en su calidad de vicepresidenta del COE provincial llama a \u201cno bajar la guardia\u201d durante este feriado.","datePublished":"2020-10-29T15:57:31+00:00","dateModified":"2020-10-29T15:57:56+00:00","mainEntityOfPage":{"@id":"https:\/\/prefecturadeesmeraldas.gob.ec\/index.php\/2020\/10\/29\/prefecta-roberta-zambrano-en-su-calidad-de-vicepresidenta-del-coe-provincial-llama-a-no-bajar-la-guardia-durante-este-feriado\/"},"wordCount":283,"publisher":{"@id":"https:\/\/prefecturadeesmeraldas.gob.ec\/#organization"},"image":{"@id":"https:\/\/prefecturadeesmeraldas.gob.ec\/index.php\/2020\/10\/29\/prefecta-roberta-zambrano-en-su-calidad-de-vicepresidenta-del-coe-provincial-llama-a-no-bajar-la-guardia-durante-este-feriado\/#primaryimage"},"thumbnailUrl":"https:\/\/prefecturadeesmeraldas.gob.ec\/wp-content\/uploads\/2020\/10\/MEDIOS.jpg","articleSection":["Institucional"],"inLanguage":"es"},{"@type":"WebPage","@id":"https:\/\/prefecturadeesmeraldas.gob.ec\/index.php\/2020\/10\/29\/prefecta-roberta-zambrano-en-su-calidad-de-vicepresidenta-del-coe-provincial-llama-a-no-bajar-la-guardia-durante-este-feriado\/","url":"https:\/\/prefecturadeesmeraldas.gob.ec\/index.php\/2020\/10\/29\/prefecta-roberta-zambrano-en-su-calidad-de-vicepresidenta-del-coe-provincial-llama-a-no-bajar-la-guardia-durante-este-feriado\/","name":"Prefecta Roberta Zambrano, en su calidad de vicepresidenta del COE provincial llama a \u201cno bajar la guardia\u201d durante este feriado. - Gobierno Aut\u00f3nomo Descentralizado de la Provincia de Esmeraldas","isPartOf":{"@id":"https:\/\/prefecturadeesmeraldas.gob.ec\/#website"},"primaryImageOfPage":{"@id":"https:\/\/prefecturadeesmeraldas.gob.ec\/index.php\/2020\/10\/29\/prefecta-roberta-zambrano-en-su-calidad-de-vicepresidenta-del-coe-provincial-llama-a-no-bajar-la-guardia-durante-este-feriado\/#primaryimage"},"image":{"@id":"https:\/\/prefecturadeesmeraldas.gob.ec\/index.php\/2020\/10\/29\/prefecta-roberta-zambrano-en-su-calidad-de-vicepresidenta-del-coe-provincial-llama-a-no-bajar-la-guardia-durante-este-feriado\/#primaryimage"},"thumbnailUrl":"https:\/\/prefecturadeesmeraldas.gob.ec\/wp-content\/uploads\/2020\/10\/MEDIOS.jpg","datePublished":"2020-10-29T15:57:31+00:00","dateModified":"2020-10-29T15:57:56+00:00","breadcrumb":{"@id":"https:\/\/prefecturadeesmeraldas.gob.ec\/index.php\/2020\/10\/29\/prefecta-roberta-zambrano-en-su-calidad-de-vicepresidenta-del-coe-provincial-llama-a-no-bajar-la-guardia-durante-este-feriado\/#breadcrumb"},"inLanguage":"es","potentialAction":[{"@type":"ReadAction","target":["https:\/\/prefecturadeesmeraldas.gob.ec\/index.php\/2020\/10\/29\/prefecta-roberta-zambrano-en-su-calidad-de-vicepresidenta-del-coe-provincial-llama-a-no-bajar-la-guardia-durante-este-feriado\/"]}]},{"@type":"ImageObject","inLanguage":"es","@id":"https:\/\/prefecturadeesmeraldas.gob.ec\/index.php\/2020\/10\/29\/prefecta-roberta-zambrano-en-su-calidad-de-vicepresidenta-del-coe-provincial-llama-a-no-bajar-la-guardia-durante-este-feriado\/#primaryimage","url":"https:\/\/prefecturadeesmeraldas.gob.ec\/wp-content\/uploads\/2020\/10\/MEDIOS.jpg","contentUrl":"https:\/\/prefecturadeesmeraldas.gob.ec\/wp-content\/uploads\/2020\/10\/MEDIOS.jpg","width":1128,"height":752},{"@type":"BreadcrumbList","@id":"https:\/\/prefecturadeesmeraldas.gob.ec\/index.php\/2020\/10\/29\/prefecta-roberta-zambrano-en-su-calidad-de-vicepresidenta-del-coe-provincial-llama-a-no-bajar-la-guardia-durante-este-feriado\/#breadcrumb","itemListElement":[{"@type":"ListItem","position":1,"name":"Home","item":"https:\/\/prefecturadeesmeraldas.gob.ec\/"},{"@type":"ListItem","position":2,"name":"Prefecta Roberta Zambrano, en su calidad de vicepresidenta del COE provincial llama a \u201cno bajar la guardia\u201d durante este feriado."}]},{"@type":"WebSite","@id":"https:\/\/prefecturadeesmeraldas.gob.ec\/#website","url":"https:\/\/prefecturadeesmeraldas.gob.ec\/","name":"Gobierno Aut\u00f3nomo Descentralizado de la Provincia de Esmeraldas","description":"Gobierno Aut\u00f3nomo Descentralizado de la Provincia de Esmeraldas","publisher":{"@id":"https:\/\/prefecturadeesmeraldas.gob.ec\/#organization"},"potentialAction":[{"@type":"SearchAction","target":{"@type":"EntryPoint","urlTemplate":"https:\/\/prefecturadeesmeraldas.gob.ec\/?s={search_term_string}"},"query-input":{"@type":"PropertyValueSpecification","valueRequired":true,"valueName":"search_term_string"}}],"inLanguage":"es"},{"@type":"Organization","@id":"https:\/\/prefecturadeesmeraldas.gob.ec\/#organization","name":"Gobierno Aut\u00f3nomo Descentralizado de la Provincia de Esmeraldas","url":"https:\/\/prefecturadeesmeraldas.gob.ec\/","logo":{"@type":"ImageObject","inLanguage":"es","@id":"https:\/\/prefecturadeesmeraldas.gob.ec\/#\/schema\/logo\/image\/","url":"https:\/\/prefecturadeesmeraldas.gob.ec\/wp-content\/uploads\/2019\/06\/logo.png","contentUrl":"https:\/\/prefecturadeesmeraldas.gob.ec\/wp-content\/uploads\/2019\/06\/logo.png","width":859,"height":448,"caption":"Gobierno Aut\u00f3nomo Descentralizado de la Provincia de Esmeraldas"},"image":{"@id":"https:\/\/prefecturadeesmeraldas.gob.ec\/#\/schema\/logo\/image\/"},"sameAs":["https:\/\/www.facebook.com\/PrefecturaEsmeraldas\/"]},{"@type":"Person","@id":"https:\/\/prefecturadeesmeraldas.gob.ec\/#\/schema\/person\/b0c9e7b1ead7725994d1e319e8825234","name":"Direcci\u00f3n de Comunicaci\u00f3n","image":{"@type":"ImageObject","inLanguage":"es","@id":"https:\/\/prefecturadeesmeraldas.gob.ec\/#\/schema\/person\/image\/","url":"https:\/\/secure.gravatar.com\/avatar\/74a3870a946f5d774ade3569af61a72308e07ad3346f370c4b468ee2a9858658?s=96&d=mm&r=g","contentUrl":"https:\/\/secure.gravatar.com\/avatar\/74a3870a946f5d774ade3569af61a72308e07ad3346f370c4b468ee2a9858658?s=96&d=mm&r=g","caption":"Direcci\u00f3n de Comunicaci\u00f3n"}}]}},"_links":{"self":[{"href":"https:\/\/prefecturadeesmeraldas.gob.ec\/index.php\/wp-json\/wp\/v2\/posts\/7086","targetHints":{"allow":["GET"]}}],"collection":[{"href":"https:\/\/prefecturadeesmeraldas.gob.ec\/index.php\/wp-json\/wp\/v2\/posts"}],"about":[{"href":"https:\/\/prefecturadeesmeraldas.gob.ec\/index.php\/wp-json\/wp\/v2\/types\/post"}],"author":[{"embeddable":true,"href":"https:\/\/prefecturadeesmeraldas.gob.ec\/index.php\/wp-json\/wp\/v2\/users\/2"}],"replies":[{"embeddable":true,"href":"https:\/\/prefecturadeesmeraldas.gob.ec\/index.php\/wp-json\/wp\/v2\/comments?post=7086"}],"version-history":[{"count":0,"href":"https:\/\/prefecturadeesmeraldas.gob.ec\/index.php\/wp-json\/wp\/v2\/posts\/7086\/revisions"}],"wp:featuredmedia":[{"embeddable":true,"href":"https:\/\/prefecturadeesmeraldas.gob.ec\/index.php\/wp-json\/wp\/v2\/media\/7087"}],"wp:attachment":[{"href":"https:\/\/prefecturadeesmeraldas.gob.ec\/index.php\/wp-json\/wp\/v2\/media?parent=7086"}],"wp:term":[{"taxonomy":"category","embeddable":true,"href":"https:\/\/prefecturadeesmeraldas.gob.ec\/index.php\/wp-json\/wp\/v2\/categories?post=7086"},{"taxonomy":"post_tag","embeddable":true,"href":"https:\/\/prefecturadeesmeraldas.gob.ec\/index.php\/wp-json\/wp\/v2\/tags?post=7086"}],"curies":[{"name":"wp","href":"https:\/\/api.w.org\/{rel}","templated":true}]}}