{"id":7070,"date":"2020-10-28T09:43:06","date_gmt":"2020-10-28T14:43:06","guid":{"rendered":"http:\/\/prefecturadeesmeraldas.gob.ec\/?p=7070"},"modified":"2020-10-28T09:43:20","modified_gmt":"2020-10-28T14:43:20","slug":"proyecto-de-rehabilitacion-y-asfaltado-de-la-via-palestina-chontaduro-entra-en-su-etapa-final","status":"publish","type":"post","link":"https:\/\/prefecturadeesmeraldas.gob.ec\/index.php\/2020\/10\/28\/proyecto-de-rehabilitacion-y-asfaltado-de-la-via-palestina-chontaduro-entra-en-su-etapa-final\/","title":{"rendered":"Proyecto de rehabilitaci\u00f3n y asfaltado de la v\u00eda Palestina Chontaduro entra en su etapa final."},"content":{"rendered":"\t\t<div data-elementor-type=\"wp-post\" data-elementor-id=\"7070\" class=\"elementor elementor-7070\">\n\t\t\t\t\t\t<section class=\"elementor-section elementor-top-section elementor-element elementor-element-05013b8 elementor-section-boxed elementor-section-height-default elementor-section-height-default\" data-id=\"05013b8\" data-element_type=\"section\">\n\t\t\t\t\t\t<div class=\"elementor-container elementor-column-gap-default\">\n\t\t\t\t\t<div class=\"elementor-column elementor-col-100 elementor-top-column elementor-element elementor-element-b403179\" data-id=\"b403179\" data-element_type=\"column\">\n\t\t\t<div class=\"elementor-widget-wrap elementor-element-populated\">\n\t\t\t\t\t\t<div class=\"elementor-element elementor-element-a5ffcc2 elementor-widget elementor-widget-image\" data-id=\"a5ffcc2\" data-element_type=\"widget\" data-widget_type=\"image.default\">\n\t\t\t\t<div class=\"elementor-widget-container\">\n\t\t\t\t\t\t\t\t\t\t\t\t\t\t\t<img fetchpriority=\"high\" decoding=\"async\" width=\"1024\" height=\"1016\" src=\"https:\/\/prefecturadeesmeraldas.gob.ec\/wp-content\/uploads\/2020\/10\/boletin-1044-1024x1016.jpg\" class=\"attachment-large size-large wp-image-7071\" alt=\"\" srcset=\"https:\/\/prefecturadeesmeraldas.gob.ec\/wp-content\/uploads\/2020\/10\/boletin-1044-1024x1016.jpg 1024w, https:\/\/prefecturadeesmeraldas.gob.ec\/wp-content\/uploads\/2020\/10\/boletin-1044-1080x1072.jpg 1080w, https:\/\/prefecturadeesmeraldas.gob.ec\/wp-content\/uploads\/2020\/10\/boletin-1044-150x150.jpg 150w, https:\/\/prefecturadeesmeraldas.gob.ec\/wp-content\/uploads\/2020\/10\/boletin-1044-300x298.jpg 300w, https:\/\/prefecturadeesmeraldas.gob.ec\/wp-content\/uploads\/2020\/10\/boletin-1044-768x762.jpg 768w, https:\/\/prefecturadeesmeraldas.gob.ec\/wp-content\/uploads\/2020\/10\/boletin-1044.jpg 1088w\" sizes=\"(max-width: 1024px) 100vw, 1024px\" \/>\t\t\t\t\t\t\t\t\t\t\t\t\t\t\t<\/div>\n\t\t\t\t<\/div>\n\t\t\t\t\t<\/div>\n\t\t<\/div>\n\t\t\t\t\t<\/div>\n\t\t<\/section>\n\t\t\t\t<section class=\"elementor-section elementor-top-section elementor-element elementor-element-b5742f2 elementor-section-boxed elementor-section-height-default elementor-section-height-default\" data-id=\"b5742f2\" data-element_type=\"section\">\n\t\t\t\t\t\t<div class=\"elementor-container elementor-column-gap-default\">\n\t\t\t\t\t<div class=\"elementor-column elementor-col-100 elementor-top-column elementor-element elementor-element-6ae0308\" data-id=\"6ae0308\" data-element_type=\"column\">\n\t\t\t<div class=\"elementor-widget-wrap elementor-element-populated\">\n\t\t\t\t\t\t<div class=\"elementor-element elementor-element-0ef356b elementor-widget elementor-widget-text-editor\" data-id=\"0ef356b\" data-element_type=\"widget\" data-widget_type=\"text-editor.default\">\n\t\t\t\t<div class=\"elementor-widget-container\">\n\t\t\t\t\t\t\t\t\t<p>Los 22.7 kil\u00f3metros de la v\u00eda Palestina \u2013 Chontaduro, est\u00e1n siendo se\u00f1alizados, gracias al importante avance que tiene la obra. Los trabajos de pintura e instalaci\u00f3n de se\u00f1al\u00e9tica son realizados por trabajadores de la empresa Obraciv, contratada por la Prefectura de Esmeraldas para la rehabilitaci\u00f3n y asfaltado de esta v\u00eda, perteneciente al cant\u00f3n Rioverde. <strong>Los trabajos benefician de forma directa a m\u00e1s de 10 mil habitantes de esta zona de la provincia.<\/strong><\/p><p><strong>Washington Lara, <\/strong>uno de los ingenieros fiscalizadores del proyecto, manifest\u00f3 que los trabajos presentan un porcentaje del 95% de avance y que, precisamente este resultado, permitir\u00e1 que la obra sea culminada y entregada a los esmeralde\u00f1os en el mes de noviembre de 2020. Fecha en que se conmemoran 173 a\u00f1os de provincializaci\u00f3n.<\/p><p>Para <strong>Luis Bone<\/strong>, habitante del sector de Zapallo, la implementaci\u00f3n de la se\u00f1al\u00e9tica dentro de los trabajos de mejoramiento de la v\u00eda demuestra la ejecuci\u00f3n de trabajos de calidad, pensados en el aspecto social y de prevenci\u00f3n.<\/p><p>Por otro lado, muy sorprendido con el estado que hoy presenta la v\u00eda, <strong>Otoniel Alvear<\/strong>, turista proveniente de otro cant\u00f3n de la provincia, dijo ver con satisfacci\u00f3n c\u00f3mo se est\u00e1 trabajando en favor de la comunidad rural, generando seguridad y desarrollo para los agricultores en la provincia.<\/p><p>Los trabajos ejecutados incluyeron la implementaci\u00f3n de se\u00f1al\u00e9tica horizontal y vertical de advertencia, l\u00edmites de velocidad, as\u00ed como tambi\u00e9n la construcci\u00f3n de cunetas en hormig\u00f3n por tramos, as\u00ed como mejora al proceso de evacuaci\u00f3n de aguas lluvias.\u00a0<\/p>\t\t\t\t\t\t\t\t<\/div>\n\t\t\t\t<\/div>\n\t\t\t\t\t<\/div>\n\t\t<\/div>\n\t\t\t\t\t<\/div>\n\t\t<\/section>\n\t\t\t\t<\/div>\n\t\t","protected":false},"excerpt":{"rendered":"<p>Los 22.7 kil\u00f3metros de la v\u00eda Palestina \u2013 Chontaduro, est\u00e1n siendo se\u00f1alizados, gracias al importante avance que tiene la obra. Los trabajos de pintura e instalaci\u00f3n de se\u00f1al\u00e9tica son realizados por trabajadores de la empresa Obraciv, contratada por la Prefectura de Esmeraldas para la rehabilitaci\u00f3n y asfaltado de esta v\u00eda, perteneciente al cant\u00f3n Rioverde. Los [&hellip;]<\/p>\n","protected":false},"author":2,"featured_media":7071,"comment_status":"closed","ping_status":"open","sticky":false,"template":"","format":"standard","meta":{"footnotes":""},"categories":[14],"tags":[],"class_list":["post-7070","post","type-post","status-publish","format-standard","has-post-thumbnail","hentry","category-vialidad"],"yoast_head":"<!-- This site is optimized with the Yoast SEO plugin v25.7 - https:\/\/yoast.com\/wordpress\/plugins\/seo\/ -->\n<title>Proyecto de rehabilitaci\u00f3n y asfaltado de la v\u00eda Palestina Chontaduro entra en su etapa final. - Gobierno Aut\u00f3nomo Descentralizado de la Provincia de Esmeraldas<\/title>\n<meta name=\"robots\" content=\"index, follow, max-snippet:-1, max-image-preview:large, max-video-preview:-1\" \/>\n<link rel=\"canonical\" href=\"https:\/\/prefecturadeesmeraldas.gob.ec\/index.php\/2020\/10\/28\/proyecto-de-rehabilitacion-y-asfaltado-de-la-via-palestina-chontaduro-entra-en-su-etapa-final\/\" \/>\n<meta property=\"og:locale\" content=\"es_ES\" \/>\n<meta property=\"og:type\" content=\"article\" \/>\n<meta property=\"og:title\" content=\"Proyecto de rehabilitaci\u00f3n y asfaltado de la v\u00eda Palestina Chontaduro entra en su etapa final. - Gobierno Aut\u00f3nomo Descentralizado de la Provincia de Esmeraldas\" \/>\n<meta property=\"og:description\" content=\"Los 22.7 kil\u00f3metros de la v\u00eda Palestina \u2013 Chontaduro, est\u00e1n siendo se\u00f1alizados, gracias al importante avance que tiene la obra. Los trabajos de pintura e instalaci\u00f3n de se\u00f1al\u00e9tica son realizados por trabajadores de la empresa Obraciv, contratada por la Prefectura de Esmeraldas para la rehabilitaci\u00f3n y asfaltado de esta v\u00eda, perteneciente al cant\u00f3n Rioverde. Los [&hellip;]\" \/>\n<meta property=\"og:url\" content=\"https:\/\/prefecturadeesmeraldas.gob.ec\/index.php\/2020\/10\/28\/proyecto-de-rehabilitacion-y-asfaltado-de-la-via-palestina-chontaduro-entra-en-su-etapa-final\/\" \/>\n<meta property=\"og:site_name\" content=\"Gobierno Aut\u00f3nomo Descentralizado de la Provincia de Esmeraldas\" \/>\n<meta property=\"article:publisher\" content=\"https:\/\/www.facebook.com\/PrefecturaEsmeraldas\/\" \/>\n<meta property=\"article:published_time\" content=\"2020-10-28T14:43:06+00:00\" \/>\n<meta property=\"article:modified_time\" content=\"2020-10-28T14:43:20+00:00\" \/>\n<meta property=\"og:image\" content=\"https:\/\/prefecturadeesmeraldas.gob.ec\/wp-content\/uploads\/2020\/10\/boletin-1044.jpg\" \/>\n\t<meta property=\"og:image:width\" content=\"1088\" \/>\n\t<meta property=\"og:image:height\" content=\"1080\" \/>\n\t<meta property=\"og:image:type\" content=\"image\/jpeg\" \/>\n<meta name=\"author\" content=\"Direcci\u00f3n de Comunicaci\u00f3n\" \/>\n<meta name=\"twitter:card\" content=\"summary_large_image\" \/>\n<meta name=\"twitter:label1\" content=\"Escrito por\" \/>\n\t<meta name=\"twitter:data1\" content=\"Direcci\u00f3n de Comunicaci\u00f3n\" \/>\n\t<meta name=\"twitter:label2\" content=\"Tiempo de lectura\" \/>\n\t<meta name=\"twitter:data2\" content=\"1 minuto\" \/>\n<script type=\"application\/ld+json\" class=\"yoast-schema-graph\">{\"@context\":\"https:\/\/schema.org\",\"@graph\":[{\"@type\":\"Article\",\"@id\":\"https:\/\/prefecturadeesmeraldas.gob.ec\/index.php\/2020\/10\/28\/proyecto-de-rehabilitacion-y-asfaltado-de-la-via-palestina-chontaduro-entra-en-su-etapa-final\/#article\",\"isPartOf\":{\"@id\":\"https:\/\/prefecturadeesmeraldas.gob.ec\/index.php\/2020\/10\/28\/proyecto-de-rehabilitacion-y-asfaltado-de-la-via-palestina-chontaduro-entra-en-su-etapa-final\/\"},\"author\":{\"name\":\"Direcci\u00f3n de Comunicaci\u00f3n\",\"@id\":\"https:\/\/prefecturadeesmeraldas.gob.ec\/#\/schema\/person\/b0c9e7b1ead7725994d1e319e8825234\"},\"headline\":\"Proyecto de rehabilitaci\u00f3n y asfaltado de la v\u00eda Palestina Chontaduro entra en su etapa final.\",\"datePublished\":\"2020-10-28T14:43:06+00:00\",\"dateModified\":\"2020-10-28T14:43:20+00:00\",\"mainEntityOfPage\":{\"@id\":\"https:\/\/prefecturadeesmeraldas.gob.ec\/index.php\/2020\/10\/28\/proyecto-de-rehabilitacion-y-asfaltado-de-la-via-palestina-chontaduro-entra-en-su-etapa-final\/\"},\"wordCount\":288,\"publisher\":{\"@id\":\"https:\/\/prefecturadeesmeraldas.gob.ec\/#organization\"},\"image\":{\"@id\":\"https:\/\/prefecturadeesmeraldas.gob.ec\/index.php\/2020\/10\/28\/proyecto-de-rehabilitacion-y-asfaltado-de-la-via-palestina-chontaduro-entra-en-su-etapa-final\/#primaryimage\"},\"thumbnailUrl\":\"https:\/\/prefecturadeesmeraldas.gob.ec\/wp-content\/uploads\/2020\/10\/boletin-1044.jpg\",\"articleSection\":[\"Vialidad\"],\"inLanguage\":\"es\"},{\"@type\":\"WebPage\",\"@id\":\"https:\/\/prefecturadeesmeraldas.gob.ec\/index.php\/2020\/10\/28\/proyecto-de-rehabilitacion-y-asfaltado-de-la-via-palestina-chontaduro-entra-en-su-etapa-final\/\",\"url\":\"https:\/\/prefecturadeesmeraldas.gob.ec\/index.php\/2020\/10\/28\/proyecto-de-rehabilitacion-y-asfaltado-de-la-via-palestina-chontaduro-entra-en-su-etapa-final\/\",\"name\":\"Proyecto de rehabilitaci\u00f3n y asfaltado de la v\u00eda Palestina Chontaduro entra en su etapa final. - Gobierno Aut\u00f3nomo Descentralizado de la Provincia de Esmeraldas\",\"isPartOf\":{\"@id\":\"https:\/\/prefecturadeesmeraldas.gob.ec\/#website\"},\"primaryImageOfPage\":{\"@id\":\"https:\/\/prefecturadeesmeraldas.gob.ec\/index.php\/2020\/10\/28\/proyecto-de-rehabilitacion-y-asfaltado-de-la-via-palestina-chontaduro-entra-en-su-etapa-final\/#primaryimage\"},\"image\":{\"@id\":\"https:\/\/prefecturadeesmeraldas.gob.ec\/index.php\/2020\/10\/28\/proyecto-de-rehabilitacion-y-asfaltado-de-la-via-palestina-chontaduro-entra-en-su-etapa-final\/#primaryimage\"},\"thumbnailUrl\":\"https:\/\/prefecturadeesmeraldas.gob.ec\/wp-content\/uploads\/2020\/10\/boletin-1044.jpg\",\"datePublished\":\"2020-10-28T14:43:06+00:00\",\"dateModified\":\"2020-10-28T14:43:20+00:00\",\"breadcrumb\":{\"@id\":\"https:\/\/prefecturadeesmeraldas.gob.ec\/index.php\/2020\/10\/28\/proyecto-de-rehabilitacion-y-asfaltado-de-la-via-palestina-chontaduro-entra-en-su-etapa-final\/#breadcrumb\"},\"inLanguage\":\"es\",\"potentialAction\":[{\"@type\":\"ReadAction\",\"target\":[\"https:\/\/prefecturadeesmeraldas.gob.ec\/index.php\/2020\/10\/28\/proyecto-de-rehabilitacion-y-asfaltado-de-la-via-palestina-chontaduro-entra-en-su-etapa-final\/\"]}]},{\"@type\":\"ImageObject\",\"inLanguage\":\"es\",\"@id\":\"https:\/\/prefecturadeesmeraldas.gob.ec\/index.php\/2020\/10\/28\/proyecto-de-rehabilitacion-y-asfaltado-de-la-via-palestina-chontaduro-entra-en-su-etapa-final\/#primaryimage\",\"url\":\"https:\/\/prefecturadeesmeraldas.gob.ec\/wp-content\/uploads\/2020\/10\/boletin-1044.jpg\",\"contentUrl\":\"https:\/\/prefecturadeesmeraldas.gob.ec\/wp-content\/uploads\/2020\/10\/boletin-1044.jpg\",\"width\":1088,\"height\":1080},{\"@type\":\"BreadcrumbList\",\"@id\":\"https:\/\/prefecturadeesmeraldas.gob.ec\/index.php\/2020\/10\/28\/proyecto-de-rehabilitacion-y-asfaltado-de-la-via-palestina-chontaduro-entra-en-su-etapa-final\/#breadcrumb\",\"itemListElement\":[{\"@type\":\"ListItem\",\"position\":1,\"name\":\"Home\",\"item\":\"https:\/\/prefecturadeesmeraldas.gob.ec\/\"},{\"@type\":\"ListItem\",\"position\":2,\"name\":\"Proyecto de rehabilitaci\u00f3n y asfaltado de la v\u00eda Palestina Chontaduro entra en su etapa final.\"}]},{\"@type\":\"WebSite\",\"@id\":\"https:\/\/prefecturadeesmeraldas.gob.ec\/#website\",\"url\":\"https:\/\/prefecturadeesmeraldas.gob.ec\/\",\"name\":\"Gobierno Aut\u00f3nomo Descentralizado de la Provincia de Esmeraldas\",\"description\":\"Gobierno Aut\u00f3nomo Descentralizado de la Provincia de Esmeraldas\",\"publisher\":{\"@id\":\"https:\/\/prefecturadeesmeraldas.gob.ec\/#organization\"},\"potentialAction\":[{\"@type\":\"SearchAction\",\"target\":{\"@type\":\"EntryPoint\",\"urlTemplate\":\"https:\/\/prefecturadeesmeraldas.gob.ec\/?s={search_term_string}\"},\"query-input\":{\"@type\":\"PropertyValueSpecification\",\"valueRequired\":true,\"valueName\":\"search_term_string\"}}],\"inLanguage\":\"es\"},{\"@type\":\"Organization\",\"@id\":\"https:\/\/prefecturadeesmeraldas.gob.ec\/#organization\",\"name\":\"Gobierno Aut\u00f3nomo Descentralizado de la Provincia de Esmeraldas\",\"url\":\"https:\/\/prefecturadeesmeraldas.gob.ec\/\",\"logo\":{\"@type\":\"ImageObject\",\"inLanguage\":\"es\",\"@id\":\"https:\/\/prefecturadeesmeraldas.gob.ec\/#\/schema\/logo\/image\/\",\"url\":\"https:\/\/prefecturadeesmeraldas.gob.ec\/wp-content\/uploads\/2019\/06\/logo.png\",\"contentUrl\":\"https:\/\/prefecturadeesmeraldas.gob.ec\/wp-content\/uploads\/2019\/06\/logo.png\",\"width\":859,\"height\":448,\"caption\":\"Gobierno Aut\u00f3nomo Descentralizado de la Provincia de Esmeraldas\"},\"image\":{\"@id\":\"https:\/\/prefecturadeesmeraldas.gob.ec\/#\/schema\/logo\/image\/\"},\"sameAs\":[\"https:\/\/www.facebook.com\/PrefecturaEsmeraldas\/\"]},{\"@type\":\"Person\",\"@id\":\"https:\/\/prefecturadeesmeraldas.gob.ec\/#\/schema\/person\/b0c9e7b1ead7725994d1e319e8825234\",\"name\":\"Direcci\u00f3n de Comunicaci\u00f3n\",\"image\":{\"@type\":\"ImageObject\",\"inLanguage\":\"es\",\"@id\":\"https:\/\/prefecturadeesmeraldas.gob.ec\/#\/schema\/person\/image\/\",\"url\":\"https:\/\/secure.gravatar.com\/avatar\/74a3870a946f5d774ade3569af61a72308e07ad3346f370c4b468ee2a9858658?s=96&d=mm&r=g\",\"contentUrl\":\"https:\/\/secure.gravatar.com\/avatar\/74a3870a946f5d774ade3569af61a72308e07ad3346f370c4b468ee2a9858658?s=96&d=mm&r=g\",\"caption\":\"Direcci\u00f3n de Comunicaci\u00f3n\"}}]}<\/script>\n<!-- \/ Yoast SEO plugin. -->","yoast_head_json":{"title":"Proyecto de rehabilitaci\u00f3n y asfaltado de la v\u00eda Palestina Chontaduro entra en su etapa final. - Gobierno Aut\u00f3nomo Descentralizado de la Provincia de Esmeraldas","robots":{"index":"index","follow":"follow","max-snippet":"max-snippet:-1","max-image-preview":"max-image-preview:large","max-video-preview":"max-video-preview:-1"},"canonical":"https:\/\/prefecturadeesmeraldas.gob.ec\/index.php\/2020\/10\/28\/proyecto-de-rehabilitacion-y-asfaltado-de-la-via-palestina-chontaduro-entra-en-su-etapa-final\/","og_locale":"es_ES","og_type":"article","og_title":"Proyecto de rehabilitaci\u00f3n y asfaltado de la v\u00eda Palestina Chontaduro entra en su etapa final. - Gobierno Aut\u00f3nomo Descentralizado de la Provincia de Esmeraldas","og_description":"Los 22.7 kil\u00f3metros de la v\u00eda Palestina \u2013 Chontaduro, est\u00e1n siendo se\u00f1alizados, gracias al importante avance que tiene la obra. Los trabajos de pintura e instalaci\u00f3n de se\u00f1al\u00e9tica son realizados por trabajadores de la empresa Obraciv, contratada por la Prefectura de Esmeraldas para la rehabilitaci\u00f3n y asfaltado de esta v\u00eda, perteneciente al cant\u00f3n Rioverde. Los [&hellip;]","og_url":"https:\/\/prefecturadeesmeraldas.gob.ec\/index.php\/2020\/10\/28\/proyecto-de-rehabilitacion-y-asfaltado-de-la-via-palestina-chontaduro-entra-en-su-etapa-final\/","og_site_name":"Gobierno Aut\u00f3nomo Descentralizado de la Provincia de Esmeraldas","article_publisher":"https:\/\/www.facebook.com\/PrefecturaEsmeraldas\/","article_published_time":"2020-10-28T14:43:06+00:00","article_modified_time":"2020-10-28T14:43:20+00:00","og_image":[{"width":1088,"height":1080,"url":"https:\/\/prefecturadeesmeraldas.gob.ec\/wp-content\/uploads\/2020\/10\/boletin-1044.jpg","type":"image\/jpeg"}],"author":"Direcci\u00f3n de Comunicaci\u00f3n","twitter_card":"summary_large_image","twitter_misc":{"Escrito por":"Direcci\u00f3n de Comunicaci\u00f3n","Tiempo de lectura":"1 minuto"},"schema":{"@context":"https:\/\/schema.org","@graph":[{"@type":"Article","@id":"https:\/\/prefecturadeesmeraldas.gob.ec\/index.php\/2020\/10\/28\/proyecto-de-rehabilitacion-y-asfaltado-de-la-via-palestina-chontaduro-entra-en-su-etapa-final\/#article","isPartOf":{"@id":"https:\/\/prefecturadeesmeraldas.gob.ec\/index.php\/2020\/10\/28\/proyecto-de-rehabilitacion-y-asfaltado-de-la-via-palestina-chontaduro-entra-en-su-etapa-final\/"},"author":{"name":"Direcci\u00f3n de Comunicaci\u00f3n","@id":"https:\/\/prefecturadeesmeraldas.gob.ec\/#\/schema\/person\/b0c9e7b1ead7725994d1e319e8825234"},"headline":"Proyecto de rehabilitaci\u00f3n y asfaltado de la v\u00eda Palestina Chontaduro entra en su etapa final.","datePublished":"2020-10-28T14:43:06+00:00","dateModified":"2020-10-28T14:43:20+00:00","mainEntityOfPage":{"@id":"https:\/\/prefecturadeesmeraldas.gob.ec\/index.php\/2020\/10\/28\/proyecto-de-rehabilitacion-y-asfaltado-de-la-via-palestina-chontaduro-entra-en-su-etapa-final\/"},"wordCount":288,"publisher":{"@id":"https:\/\/prefecturadeesmeraldas.gob.ec\/#organization"},"image":{"@id":"https:\/\/prefecturadeesmeraldas.gob.ec\/index.php\/2020\/10\/28\/proyecto-de-rehabilitacion-y-asfaltado-de-la-via-palestina-chontaduro-entra-en-su-etapa-final\/#primaryimage"},"thumbnailUrl":"https:\/\/prefecturadeesmeraldas.gob.ec\/wp-content\/uploads\/2020\/10\/boletin-1044.jpg","articleSection":["Vialidad"],"inLanguage":"es"},{"@type":"WebPage","@id":"https:\/\/prefecturadeesmeraldas.gob.ec\/index.php\/2020\/10\/28\/proyecto-de-rehabilitacion-y-asfaltado-de-la-via-palestina-chontaduro-entra-en-su-etapa-final\/","url":"https:\/\/prefecturadeesmeraldas.gob.ec\/index.php\/2020\/10\/28\/proyecto-de-rehabilitacion-y-asfaltado-de-la-via-palestina-chontaduro-entra-en-su-etapa-final\/","name":"Proyecto de rehabilitaci\u00f3n y asfaltado de la v\u00eda Palestina Chontaduro entra en su etapa final. - Gobierno Aut\u00f3nomo Descentralizado de la Provincia de Esmeraldas","isPartOf":{"@id":"https:\/\/prefecturadeesmeraldas.gob.ec\/#website"},"primaryImageOfPage":{"@id":"https:\/\/prefecturadeesmeraldas.gob.ec\/index.php\/2020\/10\/28\/proyecto-de-rehabilitacion-y-asfaltado-de-la-via-palestina-chontaduro-entra-en-su-etapa-final\/#primaryimage"},"image":{"@id":"https:\/\/prefecturadeesmeraldas.gob.ec\/index.php\/2020\/10\/28\/proyecto-de-rehabilitacion-y-asfaltado-de-la-via-palestina-chontaduro-entra-en-su-etapa-final\/#primaryimage"},"thumbnailUrl":"https:\/\/prefecturadeesmeraldas.gob.ec\/wp-content\/uploads\/2020\/10\/boletin-1044.jpg","datePublished":"2020-10-28T14:43:06+00:00","dateModified":"2020-10-28T14:43:20+00:00","breadcrumb":{"@id":"https:\/\/prefecturadeesmeraldas.gob.ec\/index.php\/2020\/10\/28\/proyecto-de-rehabilitacion-y-asfaltado-de-la-via-palestina-chontaduro-entra-en-su-etapa-final\/#breadcrumb"},"inLanguage":"es","potentialAction":[{"@type":"ReadAction","target":["https:\/\/prefecturadeesmeraldas.gob.ec\/index.php\/2020\/10\/28\/proyecto-de-rehabilitacion-y-asfaltado-de-la-via-palestina-chontaduro-entra-en-su-etapa-final\/"]}]},{"@type":"ImageObject","inLanguage":"es","@id":"https:\/\/prefecturadeesmeraldas.gob.ec\/index.php\/2020\/10\/28\/proyecto-de-rehabilitacion-y-asfaltado-de-la-via-palestina-chontaduro-entra-en-su-etapa-final\/#primaryimage","url":"https:\/\/prefecturadeesmeraldas.gob.ec\/wp-content\/uploads\/2020\/10\/boletin-1044.jpg","contentUrl":"https:\/\/prefecturadeesmeraldas.gob.ec\/wp-content\/uploads\/2020\/10\/boletin-1044.jpg","width":1088,"height":1080},{"@type":"BreadcrumbList","@id":"https:\/\/prefecturadeesmeraldas.gob.ec\/index.php\/2020\/10\/28\/proyecto-de-rehabilitacion-y-asfaltado-de-la-via-palestina-chontaduro-entra-en-su-etapa-final\/#breadcrumb","itemListElement":[{"@type":"ListItem","position":1,"name":"Home","item":"https:\/\/prefecturadeesmeraldas.gob.ec\/"},{"@type":"ListItem","position":2,"name":"Proyecto de rehabilitaci\u00f3n y asfaltado de la v\u00eda Palestina Chontaduro entra en su etapa final."}]},{"@type":"WebSite","@id":"https:\/\/prefecturadeesmeraldas.gob.ec\/#website","url":"https:\/\/prefecturadeesmeraldas.gob.ec\/","name":"Gobierno Aut\u00f3nomo Descentralizado de la Provincia de Esmeraldas","description":"Gobierno Aut\u00f3nomo Descentralizado de la Provincia de Esmeraldas","publisher":{"@id":"https:\/\/prefecturadeesmeraldas.gob.ec\/#organization"},"potentialAction":[{"@type":"SearchAction","target":{"@type":"EntryPoint","urlTemplate":"https:\/\/prefecturadeesmeraldas.gob.ec\/?s={search_term_string}"},"query-input":{"@type":"PropertyValueSpecification","valueRequired":true,"valueName":"search_term_string"}}],"inLanguage":"es"},{"@type":"Organization","@id":"https:\/\/prefecturadeesmeraldas.gob.ec\/#organization","name":"Gobierno Aut\u00f3nomo Descentralizado de la Provincia de Esmeraldas","url":"https:\/\/prefecturadeesmeraldas.gob.ec\/","logo":{"@type":"ImageObject","inLanguage":"es","@id":"https:\/\/prefecturadeesmeraldas.gob.ec\/#\/schema\/logo\/image\/","url":"https:\/\/prefecturadeesmeraldas.gob.ec\/wp-content\/uploads\/2019\/06\/logo.png","contentUrl":"https:\/\/prefecturadeesmeraldas.gob.ec\/wp-content\/uploads\/2019\/06\/logo.png","width":859,"height":448,"caption":"Gobierno Aut\u00f3nomo Descentralizado de la Provincia de Esmeraldas"},"image":{"@id":"https:\/\/prefecturadeesmeraldas.gob.ec\/#\/schema\/logo\/image\/"},"sameAs":["https:\/\/www.facebook.com\/PrefecturaEsmeraldas\/"]},{"@type":"Person","@id":"https:\/\/prefecturadeesmeraldas.gob.ec\/#\/schema\/person\/b0c9e7b1ead7725994d1e319e8825234","name":"Direcci\u00f3n de Comunicaci\u00f3n","image":{"@type":"ImageObject","inLanguage":"es","@id":"https:\/\/prefecturadeesmeraldas.gob.ec\/#\/schema\/person\/image\/","url":"https:\/\/secure.gravatar.com\/avatar\/74a3870a946f5d774ade3569af61a72308e07ad3346f370c4b468ee2a9858658?s=96&d=mm&r=g","contentUrl":"https:\/\/secure.gravatar.com\/avatar\/74a3870a946f5d774ade3569af61a72308e07ad3346f370c4b468ee2a9858658?s=96&d=mm&r=g","caption":"Direcci\u00f3n de Comunicaci\u00f3n"}}]}},"_links":{"self":[{"href":"https:\/\/prefecturadeesmeraldas.gob.ec\/index.php\/wp-json\/wp\/v2\/posts\/7070","targetHints":{"allow":["GET"]}}],"collection":[{"href":"https:\/\/prefecturadeesmeraldas.gob.ec\/index.php\/wp-json\/wp\/v2\/posts"}],"about":[{"href":"https:\/\/prefecturadeesmeraldas.gob.ec\/index.php\/wp-json\/wp\/v2\/types\/post"}],"author":[{"embeddable":true,"href":"https:\/\/prefecturadeesmeraldas.gob.ec\/index.php\/wp-json\/wp\/v2\/users\/2"}],"replies":[{"embeddable":true,"href":"https:\/\/prefecturadeesmeraldas.gob.ec\/index.php\/wp-json\/wp\/v2\/comments?post=7070"}],"version-history":[{"count":0,"href":"https:\/\/prefecturadeesmeraldas.gob.ec\/index.php\/wp-json\/wp\/v2\/posts\/7070\/revisions"}],"wp:featuredmedia":[{"embeddable":true,"href":"https:\/\/prefecturadeesmeraldas.gob.ec\/index.php\/wp-json\/wp\/v2\/media\/7071"}],"wp:attachment":[{"href":"https:\/\/prefecturadeesmeraldas.gob.ec\/index.php\/wp-json\/wp\/v2\/media?parent=7070"}],"wp:term":[{"taxonomy":"category","embeddable":true,"href":"https:\/\/prefecturadeesmeraldas.gob.ec\/index.php\/wp-json\/wp\/v2\/categories?post=7070"},{"taxonomy":"post_tag","embeddable":true,"href":"https:\/\/prefecturadeesmeraldas.gob.ec\/index.php\/wp-json\/wp\/v2\/tags?post=7070"}],"curies":[{"name":"wp","href":"https:\/\/api.w.org\/{rel}","templated":true}]}}