{"id":6797,"date":"2020-10-12T11:54:27","date_gmt":"2020-10-12T16:54:27","guid":{"rendered":"http:\/\/prefecturadeesmeraldas.gob.ec\/?p=6797"},"modified":"2020-10-12T11:55:25","modified_gmt":"2020-10-12T16:55:25","slug":"dasip-realizo-evaluacion-del-impacto-de-varias-obras-en-el-sector-rural","status":"publish","type":"post","link":"https:\/\/prefecturadeesmeraldas.gob.ec\/index.php\/2020\/10\/12\/dasip-realizo-evaluacion-del-impacto-de-varias-obras-en-el-sector-rural\/","title":{"rendered":"DASIP realiz\u00f3 evaluaci\u00f3n del impacto de varias obras en el sector rural."},"content":{"rendered":"\t\t<div data-elementor-type=\"wp-post\" data-elementor-id=\"6797\" class=\"elementor elementor-6797\">\n\t\t\t\t\t\t<section class=\"elementor-section elementor-top-section elementor-element elementor-element-0c372e1 elementor-section-boxed elementor-section-height-default elementor-section-height-default\" data-id=\"0c372e1\" data-element_type=\"section\">\n\t\t\t\t\t\t<div class=\"elementor-container elementor-column-gap-default\">\n\t\t\t\t\t<div class=\"elementor-column elementor-col-100 elementor-top-column elementor-element elementor-element-327d7d0\" data-id=\"327d7d0\" data-element_type=\"column\">\n\t\t\t<div class=\"elementor-widget-wrap elementor-element-populated\">\n\t\t\t\t\t\t<div class=\"elementor-element elementor-element-5fbefec elementor-widget elementor-widget-image\" data-id=\"5fbefec\" data-element_type=\"widget\" data-widget_type=\"image.default\">\n\t\t\t\t<div class=\"elementor-widget-container\">\n\t\t\t\t\t\t\t\t\t\t\t\t\t\t\t<img fetchpriority=\"high\" decoding=\"async\" width=\"1024\" height=\"1024\" src=\"https:\/\/prefecturadeesmeraldas.gob.ec\/wp-content\/uploads\/2020\/10\/WhatsApp-Image-2020-10-11-at-12.13.21-1024x1024.jpeg\" class=\"attachment-large size-large wp-image-6798\" alt=\"\" srcset=\"https:\/\/prefecturadeesmeraldas.gob.ec\/wp-content\/uploads\/2020\/10\/WhatsApp-Image-2020-10-11-at-12.13.21-1024x1024.jpeg 1024w, https:\/\/prefecturadeesmeraldas.gob.ec\/wp-content\/uploads\/2020\/10\/WhatsApp-Image-2020-10-11-at-12.13.21-240x240.jpeg 240w, https:\/\/prefecturadeesmeraldas.gob.ec\/wp-content\/uploads\/2020\/10\/WhatsApp-Image-2020-10-11-at-12.13.21-1080x1080.jpeg 1080w, https:\/\/prefecturadeesmeraldas.gob.ec\/wp-content\/uploads\/2020\/10\/WhatsApp-Image-2020-10-11-at-12.13.21-150x150.jpeg 150w, https:\/\/prefecturadeesmeraldas.gob.ec\/wp-content\/uploads\/2020\/10\/WhatsApp-Image-2020-10-11-at-12.13.21-300x300.jpeg 300w, https:\/\/prefecturadeesmeraldas.gob.ec\/wp-content\/uploads\/2020\/10\/WhatsApp-Image-2020-10-11-at-12.13.21-768x768.jpeg 768w, https:\/\/prefecturadeesmeraldas.gob.ec\/wp-content\/uploads\/2020\/10\/WhatsApp-Image-2020-10-11-at-12.13.21.jpeg 1280w\" sizes=\"(max-width: 1024px) 100vw, 1024px\" \/>\t\t\t\t\t\t\t\t\t\t\t\t\t\t\t<\/div>\n\t\t\t\t<\/div>\n\t\t\t\t\t<\/div>\n\t\t<\/div>\n\t\t\t\t\t<\/div>\n\t\t<\/section>\n\t\t\t\t<section class=\"elementor-section elementor-top-section elementor-element elementor-element-afc9f38 elementor-section-boxed elementor-section-height-default elementor-section-height-default\" data-id=\"afc9f38\" data-element_type=\"section\">\n\t\t\t\t\t\t<div class=\"elementor-container elementor-column-gap-default\">\n\t\t\t\t\t<div class=\"elementor-column elementor-col-100 elementor-top-column elementor-element elementor-element-a4b8e6d\" data-id=\"a4b8e6d\" data-element_type=\"column\">\n\t\t\t<div class=\"elementor-widget-wrap elementor-element-populated\">\n\t\t\t\t\t\t<div class=\"elementor-element elementor-element-2f8cc56 elementor-widget elementor-widget-text-editor\" data-id=\"2f8cc56\" data-element_type=\"widget\" data-widget_type=\"text-editor.default\">\n\t\t\t\t<div class=\"elementor-widget-container\">\n\t\t\t\t\t\t\t\t\t<p>T\u00e9cnicos de Participaci\u00f3n Ciudadana de la Prefectura de Esmeraldas, se trasladaron hasta la cabecera parroquial de Anchayacu, para evaluar las necesidades de desarrollo, tras el cumplimiento de convenios de trabajo para la intervenci\u00f3n en 2 v\u00edas, suscritos entre la Junta Parroquial y la Prefectura de Esmeraldas. El reciente recorrido, permiti\u00f3 verificar trabajos de mejoras, los cuales, tienen una incidencia directa en el desarrollo social de las personas.<\/p><p><strong>Elsa Qui\u00f1ones<\/strong>, t\u00e9cnica de la Direcci\u00f3n de Acci\u00f3n Social, Inclusi\u00f3n y Participaci\u00f3n (DASIP) de la Prefectura de Esmeraldas, declar\u00f3 que la disminuci\u00f3n de necesidades b\u00e1sicas como el transporte y vialidad permitir\u00e1 que ni\u00f1os, mujeres y hombres, puedan acceder a los sistemas de educaci\u00f3n, salud, y alumbrado el\u00e9ctrico, de mejor manera.<\/p><p><strong>Qui\u00f1ones<\/strong>, resalt\u00f3 el valor de la honestidad en la ejecuci\u00f3n de los trabajos, sin exigir nada a cambio. \u00danicamente enfocados en el cumplimiento de las competencias que tiene la instituci\u00f3n provincial.<\/p><p>Por su parte, <strong>Patricio Medina<\/strong>, presidente del Gobierno Parroquial de Anchayacu, record\u00f3 que, tras 14 a\u00f1os de falta de trabajos, son m\u00faltiples las comunidades que requieren obras y acciones de calidad, motivo por el cual dijo estar dispuesto en continuar con la suscripci\u00f3n de nuevos convenios que permitan dar soluciones a la poblaci\u00f3n que hoy representa.<\/p>\t\t\t\t\t\t\t\t<\/div>\n\t\t\t\t<\/div>\n\t\t\t\t\t<\/div>\n\t\t<\/div>\n\t\t\t\t\t<\/div>\n\t\t<\/section>\n\t\t\t\t<\/div>\n\t\t","protected":false},"excerpt":{"rendered":"<p>T\u00e9cnicos de Participaci\u00f3n Ciudadana de la Prefectura de Esmeraldas, se trasladaron hasta la cabecera parroquial de Anchayacu, para evaluar las necesidades de desarrollo, tras el cumplimiento de convenios de trabajo para la intervenci\u00f3n en 2 v\u00edas, suscritos entre la Junta Parroquial y la Prefectura de Esmeraldas. El reciente recorrido, permiti\u00f3 verificar trabajos de mejoras, los [&hellip;]<\/p>\n","protected":false},"author":2,"featured_media":6798,"comment_status":"closed","ping_status":"open","sticky":false,"template":"","format":"standard","meta":{"footnotes":""},"categories":[23],"tags":[],"class_list":["post-6797","post","type-post","status-publish","format-standard","has-post-thumbnail","hentry","category-dasip"],"yoast_head":"<!-- This site is optimized with the Yoast SEO plugin v25.7 - https:\/\/yoast.com\/wordpress\/plugins\/seo\/ -->\n<title>DASIP realiz\u00f3 evaluaci\u00f3n del impacto de varias obras en el sector rural. - Gobierno Aut\u00f3nomo Descentralizado de la Provincia de Esmeraldas<\/title>\n<meta name=\"robots\" content=\"index, follow, max-snippet:-1, max-image-preview:large, max-video-preview:-1\" \/>\n<link rel=\"canonical\" href=\"https:\/\/prefecturadeesmeraldas.gob.ec\/index.php\/2020\/10\/12\/dasip-realizo-evaluacion-del-impacto-de-varias-obras-en-el-sector-rural\/\" \/>\n<meta property=\"og:locale\" content=\"es_ES\" \/>\n<meta property=\"og:type\" content=\"article\" \/>\n<meta property=\"og:title\" content=\"DASIP realiz\u00f3 evaluaci\u00f3n del impacto de varias obras en el sector rural. - Gobierno Aut\u00f3nomo Descentralizado de la Provincia de Esmeraldas\" \/>\n<meta property=\"og:description\" content=\"T\u00e9cnicos de Participaci\u00f3n Ciudadana de la Prefectura de Esmeraldas, se trasladaron hasta la cabecera parroquial de Anchayacu, para evaluar las necesidades de desarrollo, tras el cumplimiento de convenios de trabajo para la intervenci\u00f3n en 2 v\u00edas, suscritos entre la Junta Parroquial y la Prefectura de Esmeraldas. El reciente recorrido, permiti\u00f3 verificar trabajos de mejoras, los [&hellip;]\" \/>\n<meta property=\"og:url\" content=\"https:\/\/prefecturadeesmeraldas.gob.ec\/index.php\/2020\/10\/12\/dasip-realizo-evaluacion-del-impacto-de-varias-obras-en-el-sector-rural\/\" \/>\n<meta property=\"og:site_name\" content=\"Gobierno Aut\u00f3nomo Descentralizado de la Provincia de Esmeraldas\" \/>\n<meta property=\"article:publisher\" content=\"https:\/\/www.facebook.com\/PrefecturaEsmeraldas\/\" \/>\n<meta property=\"article:published_time\" content=\"2020-10-12T16:54:27+00:00\" \/>\n<meta property=\"article:modified_time\" content=\"2020-10-12T16:55:25+00:00\" \/>\n<meta property=\"og:image\" content=\"https:\/\/prefecturadeesmeraldas.gob.ec\/wp-content\/uploads\/2020\/10\/WhatsApp-Image-2020-10-11-at-12.13.21.jpeg\" \/>\n\t<meta property=\"og:image:width\" content=\"1280\" \/>\n\t<meta property=\"og:image:height\" content=\"1280\" \/>\n\t<meta property=\"og:image:type\" content=\"image\/jpeg\" \/>\n<meta name=\"author\" content=\"Direcci\u00f3n de Comunicaci\u00f3n\" \/>\n<meta name=\"twitter:card\" content=\"summary_large_image\" \/>\n<meta name=\"twitter:label1\" content=\"Escrito por\" \/>\n\t<meta name=\"twitter:data1\" content=\"Direcci\u00f3n de Comunicaci\u00f3n\" \/>\n\t<meta name=\"twitter:label2\" content=\"Tiempo de lectura\" \/>\n\t<meta name=\"twitter:data2\" content=\"1 minuto\" \/>\n<script type=\"application\/ld+json\" class=\"yoast-schema-graph\">{\"@context\":\"https:\/\/schema.org\",\"@graph\":[{\"@type\":\"Article\",\"@id\":\"https:\/\/prefecturadeesmeraldas.gob.ec\/index.php\/2020\/10\/12\/dasip-realizo-evaluacion-del-impacto-de-varias-obras-en-el-sector-rural\/#article\",\"isPartOf\":{\"@id\":\"https:\/\/prefecturadeesmeraldas.gob.ec\/index.php\/2020\/10\/12\/dasip-realizo-evaluacion-del-impacto-de-varias-obras-en-el-sector-rural\/\"},\"author\":{\"name\":\"Direcci\u00f3n de Comunicaci\u00f3n\",\"@id\":\"https:\/\/prefecturadeesmeraldas.gob.ec\/#\/schema\/person\/b0c9e7b1ead7725994d1e319e8825234\"},\"headline\":\"DASIP realiz\u00f3 evaluaci\u00f3n del impacto de varias obras en el sector rural.\",\"datePublished\":\"2020-10-12T16:54:27+00:00\",\"dateModified\":\"2020-10-12T16:55:25+00:00\",\"mainEntityOfPage\":{\"@id\":\"https:\/\/prefecturadeesmeraldas.gob.ec\/index.php\/2020\/10\/12\/dasip-realizo-evaluacion-del-impacto-de-varias-obras-en-el-sector-rural\/\"},\"wordCount\":237,\"publisher\":{\"@id\":\"https:\/\/prefecturadeesmeraldas.gob.ec\/#organization\"},\"image\":{\"@id\":\"https:\/\/prefecturadeesmeraldas.gob.ec\/index.php\/2020\/10\/12\/dasip-realizo-evaluacion-del-impacto-de-varias-obras-en-el-sector-rural\/#primaryimage\"},\"thumbnailUrl\":\"https:\/\/prefecturadeesmeraldas.gob.ec\/wp-content\/uploads\/2020\/10\/WhatsApp-Image-2020-10-11-at-12.13.21.jpeg\",\"articleSection\":[\"DASIP\"],\"inLanguage\":\"es\"},{\"@type\":\"WebPage\",\"@id\":\"https:\/\/prefecturadeesmeraldas.gob.ec\/index.php\/2020\/10\/12\/dasip-realizo-evaluacion-del-impacto-de-varias-obras-en-el-sector-rural\/\",\"url\":\"https:\/\/prefecturadeesmeraldas.gob.ec\/index.php\/2020\/10\/12\/dasip-realizo-evaluacion-del-impacto-de-varias-obras-en-el-sector-rural\/\",\"name\":\"DASIP realiz\u00f3 evaluaci\u00f3n del impacto de varias obras en el sector rural. - Gobierno Aut\u00f3nomo Descentralizado de la Provincia de Esmeraldas\",\"isPartOf\":{\"@id\":\"https:\/\/prefecturadeesmeraldas.gob.ec\/#website\"},\"primaryImageOfPage\":{\"@id\":\"https:\/\/prefecturadeesmeraldas.gob.ec\/index.php\/2020\/10\/12\/dasip-realizo-evaluacion-del-impacto-de-varias-obras-en-el-sector-rural\/#primaryimage\"},\"image\":{\"@id\":\"https:\/\/prefecturadeesmeraldas.gob.ec\/index.php\/2020\/10\/12\/dasip-realizo-evaluacion-del-impacto-de-varias-obras-en-el-sector-rural\/#primaryimage\"},\"thumbnailUrl\":\"https:\/\/prefecturadeesmeraldas.gob.ec\/wp-content\/uploads\/2020\/10\/WhatsApp-Image-2020-10-11-at-12.13.21.jpeg\",\"datePublished\":\"2020-10-12T16:54:27+00:00\",\"dateModified\":\"2020-10-12T16:55:25+00:00\",\"breadcrumb\":{\"@id\":\"https:\/\/prefecturadeesmeraldas.gob.ec\/index.php\/2020\/10\/12\/dasip-realizo-evaluacion-del-impacto-de-varias-obras-en-el-sector-rural\/#breadcrumb\"},\"inLanguage\":\"es\",\"potentialAction\":[{\"@type\":\"ReadAction\",\"target\":[\"https:\/\/prefecturadeesmeraldas.gob.ec\/index.php\/2020\/10\/12\/dasip-realizo-evaluacion-del-impacto-de-varias-obras-en-el-sector-rural\/\"]}]},{\"@type\":\"ImageObject\",\"inLanguage\":\"es\",\"@id\":\"https:\/\/prefecturadeesmeraldas.gob.ec\/index.php\/2020\/10\/12\/dasip-realizo-evaluacion-del-impacto-de-varias-obras-en-el-sector-rural\/#primaryimage\",\"url\":\"https:\/\/prefecturadeesmeraldas.gob.ec\/wp-content\/uploads\/2020\/10\/WhatsApp-Image-2020-10-11-at-12.13.21.jpeg\",\"contentUrl\":\"https:\/\/prefecturadeesmeraldas.gob.ec\/wp-content\/uploads\/2020\/10\/WhatsApp-Image-2020-10-11-at-12.13.21.jpeg\",\"width\":1280,\"height\":1280},{\"@type\":\"BreadcrumbList\",\"@id\":\"https:\/\/prefecturadeesmeraldas.gob.ec\/index.php\/2020\/10\/12\/dasip-realizo-evaluacion-del-impacto-de-varias-obras-en-el-sector-rural\/#breadcrumb\",\"itemListElement\":[{\"@type\":\"ListItem\",\"position\":1,\"name\":\"Home\",\"item\":\"https:\/\/prefecturadeesmeraldas.gob.ec\/\"},{\"@type\":\"ListItem\",\"position\":2,\"name\":\"DASIP realiz\u00f3 evaluaci\u00f3n del impacto de varias obras en el sector rural.\"}]},{\"@type\":\"WebSite\",\"@id\":\"https:\/\/prefecturadeesmeraldas.gob.ec\/#website\",\"url\":\"https:\/\/prefecturadeesmeraldas.gob.ec\/\",\"name\":\"Gobierno Aut\u00f3nomo Descentralizado de la Provincia de Esmeraldas\",\"description\":\"Gobierno Aut\u00f3nomo Descentralizado de la Provincia de Esmeraldas\",\"publisher\":{\"@id\":\"https:\/\/prefecturadeesmeraldas.gob.ec\/#organization\"},\"potentialAction\":[{\"@type\":\"SearchAction\",\"target\":{\"@type\":\"EntryPoint\",\"urlTemplate\":\"https:\/\/prefecturadeesmeraldas.gob.ec\/?s={search_term_string}\"},\"query-input\":{\"@type\":\"PropertyValueSpecification\",\"valueRequired\":true,\"valueName\":\"search_term_string\"}}],\"inLanguage\":\"es\"},{\"@type\":\"Organization\",\"@id\":\"https:\/\/prefecturadeesmeraldas.gob.ec\/#organization\",\"name\":\"Gobierno Aut\u00f3nomo Descentralizado de la Provincia de Esmeraldas\",\"url\":\"https:\/\/prefecturadeesmeraldas.gob.ec\/\",\"logo\":{\"@type\":\"ImageObject\",\"inLanguage\":\"es\",\"@id\":\"https:\/\/prefecturadeesmeraldas.gob.ec\/#\/schema\/logo\/image\/\",\"url\":\"https:\/\/prefecturadeesmeraldas.gob.ec\/wp-content\/uploads\/2019\/06\/logo.png\",\"contentUrl\":\"https:\/\/prefecturadeesmeraldas.gob.ec\/wp-content\/uploads\/2019\/06\/logo.png\",\"width\":859,\"height\":448,\"caption\":\"Gobierno Aut\u00f3nomo Descentralizado de la Provincia de Esmeraldas\"},\"image\":{\"@id\":\"https:\/\/prefecturadeesmeraldas.gob.ec\/#\/schema\/logo\/image\/\"},\"sameAs\":[\"https:\/\/www.facebook.com\/PrefecturaEsmeraldas\/\"]},{\"@type\":\"Person\",\"@id\":\"https:\/\/prefecturadeesmeraldas.gob.ec\/#\/schema\/person\/b0c9e7b1ead7725994d1e319e8825234\",\"name\":\"Direcci\u00f3n de Comunicaci\u00f3n\",\"image\":{\"@type\":\"ImageObject\",\"inLanguage\":\"es\",\"@id\":\"https:\/\/prefecturadeesmeraldas.gob.ec\/#\/schema\/person\/image\/\",\"url\":\"https:\/\/secure.gravatar.com\/avatar\/74a3870a946f5d774ade3569af61a72308e07ad3346f370c4b468ee2a9858658?s=96&d=mm&r=g\",\"contentUrl\":\"https:\/\/secure.gravatar.com\/avatar\/74a3870a946f5d774ade3569af61a72308e07ad3346f370c4b468ee2a9858658?s=96&d=mm&r=g\",\"caption\":\"Direcci\u00f3n de Comunicaci\u00f3n\"}}]}<\/script>\n<!-- \/ Yoast SEO plugin. -->","yoast_head_json":{"title":"DASIP realiz\u00f3 evaluaci\u00f3n del impacto de varias obras en el sector rural. - Gobierno Aut\u00f3nomo Descentralizado de la Provincia de Esmeraldas","robots":{"index":"index","follow":"follow","max-snippet":"max-snippet:-1","max-image-preview":"max-image-preview:large","max-video-preview":"max-video-preview:-1"},"canonical":"https:\/\/prefecturadeesmeraldas.gob.ec\/index.php\/2020\/10\/12\/dasip-realizo-evaluacion-del-impacto-de-varias-obras-en-el-sector-rural\/","og_locale":"es_ES","og_type":"article","og_title":"DASIP realiz\u00f3 evaluaci\u00f3n del impacto de varias obras en el sector rural. - Gobierno Aut\u00f3nomo Descentralizado de la Provincia de Esmeraldas","og_description":"T\u00e9cnicos de Participaci\u00f3n Ciudadana de la Prefectura de Esmeraldas, se trasladaron hasta la cabecera parroquial de Anchayacu, para evaluar las necesidades de desarrollo, tras el cumplimiento de convenios de trabajo para la intervenci\u00f3n en 2 v\u00edas, suscritos entre la Junta Parroquial y la Prefectura de Esmeraldas. El reciente recorrido, permiti\u00f3 verificar trabajos de mejoras, los [&hellip;]","og_url":"https:\/\/prefecturadeesmeraldas.gob.ec\/index.php\/2020\/10\/12\/dasip-realizo-evaluacion-del-impacto-de-varias-obras-en-el-sector-rural\/","og_site_name":"Gobierno Aut\u00f3nomo Descentralizado de la Provincia de Esmeraldas","article_publisher":"https:\/\/www.facebook.com\/PrefecturaEsmeraldas\/","article_published_time":"2020-10-12T16:54:27+00:00","article_modified_time":"2020-10-12T16:55:25+00:00","og_image":[{"width":1280,"height":1280,"url":"https:\/\/prefecturadeesmeraldas.gob.ec\/wp-content\/uploads\/2020\/10\/WhatsApp-Image-2020-10-11-at-12.13.21.jpeg","type":"image\/jpeg"}],"author":"Direcci\u00f3n de Comunicaci\u00f3n","twitter_card":"summary_large_image","twitter_misc":{"Escrito por":"Direcci\u00f3n de Comunicaci\u00f3n","Tiempo de lectura":"1 minuto"},"schema":{"@context":"https:\/\/schema.org","@graph":[{"@type":"Article","@id":"https:\/\/prefecturadeesmeraldas.gob.ec\/index.php\/2020\/10\/12\/dasip-realizo-evaluacion-del-impacto-de-varias-obras-en-el-sector-rural\/#article","isPartOf":{"@id":"https:\/\/prefecturadeesmeraldas.gob.ec\/index.php\/2020\/10\/12\/dasip-realizo-evaluacion-del-impacto-de-varias-obras-en-el-sector-rural\/"},"author":{"name":"Direcci\u00f3n de Comunicaci\u00f3n","@id":"https:\/\/prefecturadeesmeraldas.gob.ec\/#\/schema\/person\/b0c9e7b1ead7725994d1e319e8825234"},"headline":"DASIP realiz\u00f3 evaluaci\u00f3n del impacto de varias obras en el sector rural.","datePublished":"2020-10-12T16:54:27+00:00","dateModified":"2020-10-12T16:55:25+00:00","mainEntityOfPage":{"@id":"https:\/\/prefecturadeesmeraldas.gob.ec\/index.php\/2020\/10\/12\/dasip-realizo-evaluacion-del-impacto-de-varias-obras-en-el-sector-rural\/"},"wordCount":237,"publisher":{"@id":"https:\/\/prefecturadeesmeraldas.gob.ec\/#organization"},"image":{"@id":"https:\/\/prefecturadeesmeraldas.gob.ec\/index.php\/2020\/10\/12\/dasip-realizo-evaluacion-del-impacto-de-varias-obras-en-el-sector-rural\/#primaryimage"},"thumbnailUrl":"https:\/\/prefecturadeesmeraldas.gob.ec\/wp-content\/uploads\/2020\/10\/WhatsApp-Image-2020-10-11-at-12.13.21.jpeg","articleSection":["DASIP"],"inLanguage":"es"},{"@type":"WebPage","@id":"https:\/\/prefecturadeesmeraldas.gob.ec\/index.php\/2020\/10\/12\/dasip-realizo-evaluacion-del-impacto-de-varias-obras-en-el-sector-rural\/","url":"https:\/\/prefecturadeesmeraldas.gob.ec\/index.php\/2020\/10\/12\/dasip-realizo-evaluacion-del-impacto-de-varias-obras-en-el-sector-rural\/","name":"DASIP realiz\u00f3 evaluaci\u00f3n del impacto de varias obras en el sector rural. - Gobierno Aut\u00f3nomo Descentralizado de la Provincia de Esmeraldas","isPartOf":{"@id":"https:\/\/prefecturadeesmeraldas.gob.ec\/#website"},"primaryImageOfPage":{"@id":"https:\/\/prefecturadeesmeraldas.gob.ec\/index.php\/2020\/10\/12\/dasip-realizo-evaluacion-del-impacto-de-varias-obras-en-el-sector-rural\/#primaryimage"},"image":{"@id":"https:\/\/prefecturadeesmeraldas.gob.ec\/index.php\/2020\/10\/12\/dasip-realizo-evaluacion-del-impacto-de-varias-obras-en-el-sector-rural\/#primaryimage"},"thumbnailUrl":"https:\/\/prefecturadeesmeraldas.gob.ec\/wp-content\/uploads\/2020\/10\/WhatsApp-Image-2020-10-11-at-12.13.21.jpeg","datePublished":"2020-10-12T16:54:27+00:00","dateModified":"2020-10-12T16:55:25+00:00","breadcrumb":{"@id":"https:\/\/prefecturadeesmeraldas.gob.ec\/index.php\/2020\/10\/12\/dasip-realizo-evaluacion-del-impacto-de-varias-obras-en-el-sector-rural\/#breadcrumb"},"inLanguage":"es","potentialAction":[{"@type":"ReadAction","target":["https:\/\/prefecturadeesmeraldas.gob.ec\/index.php\/2020\/10\/12\/dasip-realizo-evaluacion-del-impacto-de-varias-obras-en-el-sector-rural\/"]}]},{"@type":"ImageObject","inLanguage":"es","@id":"https:\/\/prefecturadeesmeraldas.gob.ec\/index.php\/2020\/10\/12\/dasip-realizo-evaluacion-del-impacto-de-varias-obras-en-el-sector-rural\/#primaryimage","url":"https:\/\/prefecturadeesmeraldas.gob.ec\/wp-content\/uploads\/2020\/10\/WhatsApp-Image-2020-10-11-at-12.13.21.jpeg","contentUrl":"https:\/\/prefecturadeesmeraldas.gob.ec\/wp-content\/uploads\/2020\/10\/WhatsApp-Image-2020-10-11-at-12.13.21.jpeg","width":1280,"height":1280},{"@type":"BreadcrumbList","@id":"https:\/\/prefecturadeesmeraldas.gob.ec\/index.php\/2020\/10\/12\/dasip-realizo-evaluacion-del-impacto-de-varias-obras-en-el-sector-rural\/#breadcrumb","itemListElement":[{"@type":"ListItem","position":1,"name":"Home","item":"https:\/\/prefecturadeesmeraldas.gob.ec\/"},{"@type":"ListItem","position":2,"name":"DASIP realiz\u00f3 evaluaci\u00f3n del impacto de varias obras en el sector rural."}]},{"@type":"WebSite","@id":"https:\/\/prefecturadeesmeraldas.gob.ec\/#website","url":"https:\/\/prefecturadeesmeraldas.gob.ec\/","name":"Gobierno Aut\u00f3nomo Descentralizado de la Provincia de Esmeraldas","description":"Gobierno Aut\u00f3nomo Descentralizado de la Provincia de Esmeraldas","publisher":{"@id":"https:\/\/prefecturadeesmeraldas.gob.ec\/#organization"},"potentialAction":[{"@type":"SearchAction","target":{"@type":"EntryPoint","urlTemplate":"https:\/\/prefecturadeesmeraldas.gob.ec\/?s={search_term_string}"},"query-input":{"@type":"PropertyValueSpecification","valueRequired":true,"valueName":"search_term_string"}}],"inLanguage":"es"},{"@type":"Organization","@id":"https:\/\/prefecturadeesmeraldas.gob.ec\/#organization","name":"Gobierno Aut\u00f3nomo Descentralizado de la Provincia de Esmeraldas","url":"https:\/\/prefecturadeesmeraldas.gob.ec\/","logo":{"@type":"ImageObject","inLanguage":"es","@id":"https:\/\/prefecturadeesmeraldas.gob.ec\/#\/schema\/logo\/image\/","url":"https:\/\/prefecturadeesmeraldas.gob.ec\/wp-content\/uploads\/2019\/06\/logo.png","contentUrl":"https:\/\/prefecturadeesmeraldas.gob.ec\/wp-content\/uploads\/2019\/06\/logo.png","width":859,"height":448,"caption":"Gobierno Aut\u00f3nomo Descentralizado de la Provincia de Esmeraldas"},"image":{"@id":"https:\/\/prefecturadeesmeraldas.gob.ec\/#\/schema\/logo\/image\/"},"sameAs":["https:\/\/www.facebook.com\/PrefecturaEsmeraldas\/"]},{"@type":"Person","@id":"https:\/\/prefecturadeesmeraldas.gob.ec\/#\/schema\/person\/b0c9e7b1ead7725994d1e319e8825234","name":"Direcci\u00f3n de Comunicaci\u00f3n","image":{"@type":"ImageObject","inLanguage":"es","@id":"https:\/\/prefecturadeesmeraldas.gob.ec\/#\/schema\/person\/image\/","url":"https:\/\/secure.gravatar.com\/avatar\/74a3870a946f5d774ade3569af61a72308e07ad3346f370c4b468ee2a9858658?s=96&d=mm&r=g","contentUrl":"https:\/\/secure.gravatar.com\/avatar\/74a3870a946f5d774ade3569af61a72308e07ad3346f370c4b468ee2a9858658?s=96&d=mm&r=g","caption":"Direcci\u00f3n de Comunicaci\u00f3n"}}]}},"_links":{"self":[{"href":"https:\/\/prefecturadeesmeraldas.gob.ec\/index.php\/wp-json\/wp\/v2\/posts\/6797","targetHints":{"allow":["GET"]}}],"collection":[{"href":"https:\/\/prefecturadeesmeraldas.gob.ec\/index.php\/wp-json\/wp\/v2\/posts"}],"about":[{"href":"https:\/\/prefecturadeesmeraldas.gob.ec\/index.php\/wp-json\/wp\/v2\/types\/post"}],"author":[{"embeddable":true,"href":"https:\/\/prefecturadeesmeraldas.gob.ec\/index.php\/wp-json\/wp\/v2\/users\/2"}],"replies":[{"embeddable":true,"href":"https:\/\/prefecturadeesmeraldas.gob.ec\/index.php\/wp-json\/wp\/v2\/comments?post=6797"}],"version-history":[{"count":0,"href":"https:\/\/prefecturadeesmeraldas.gob.ec\/index.php\/wp-json\/wp\/v2\/posts\/6797\/revisions"}],"wp:featuredmedia":[{"embeddable":true,"href":"https:\/\/prefecturadeesmeraldas.gob.ec\/index.php\/wp-json\/wp\/v2\/media\/6798"}],"wp:attachment":[{"href":"https:\/\/prefecturadeesmeraldas.gob.ec\/index.php\/wp-json\/wp\/v2\/media?parent=6797"}],"wp:term":[{"taxonomy":"category","embeddable":true,"href":"https:\/\/prefecturadeesmeraldas.gob.ec\/index.php\/wp-json\/wp\/v2\/categories?post=6797"},{"taxonomy":"post_tag","embeddable":true,"href":"https:\/\/prefecturadeesmeraldas.gob.ec\/index.php\/wp-json\/wp\/v2\/tags?post=6797"}],"curies":[{"name":"wp","href":"https:\/\/api.w.org\/{rel}","templated":true}]}}