{"id":6568,"date":"2020-09-28T14:23:34","date_gmt":"2020-09-28T19:23:34","guid":{"rendered":"http:\/\/prefecturadeesmeraldas.gob.ec\/?p=6568"},"modified":"2020-09-28T14:31:23","modified_gmt":"2020-09-28T19:31:23","slug":"una-nueva-mega-obra-enorgullece-a-los-esmeraldenos","status":"publish","type":"post","link":"https:\/\/prefecturadeesmeraldas.gob.ec\/index.php\/2020\/09\/28\/una-nueva-mega-obra-enorgullece-a-los-esmeraldenos\/","title":{"rendered":"Una nueva mega obra enorgullece a los esmeralde\u00f1os."},"content":{"rendered":"\t\t<div data-elementor-type=\"wp-post\" data-elementor-id=\"6568\" class=\"elementor elementor-6568\">\n\t\t\t\t\t\t<section class=\"elementor-section elementor-top-section elementor-element elementor-element-7de5a73 elementor-section-boxed elementor-section-height-default elementor-section-height-default\" data-id=\"7de5a73\" data-element_type=\"section\">\n\t\t\t\t\t\t<div class=\"elementor-container elementor-column-gap-default\">\n\t\t\t\t\t<div class=\"elementor-column elementor-col-100 elementor-top-column elementor-element elementor-element-b59947b\" data-id=\"b59947b\" data-element_type=\"column\">\n\t\t\t<div class=\"elementor-widget-wrap elementor-element-populated\">\n\t\t\t\t\t\t<div class=\"elementor-element elementor-element-1e6cd7a elementor-widget elementor-widget-image\" data-id=\"1e6cd7a\" data-element_type=\"widget\" data-widget_type=\"image.default\">\n\t\t\t\t<div class=\"elementor-widget-container\">\n\t\t\t\t\t\t\t\t\t\t\t\t\t\t\t<img fetchpriority=\"high\" decoding=\"async\" width=\"1024\" height=\"1024\" src=\"https:\/\/prefecturadeesmeraldas.gob.ec\/wp-content\/uploads\/2020\/09\/WhatsApp-Image-2020-09-27-at-16.10.01-1.jpeg\" class=\"attachment-large size-large wp-image-6571\" alt=\"\" srcset=\"https:\/\/prefecturadeesmeraldas.gob.ec\/wp-content\/uploads\/2020\/09\/WhatsApp-Image-2020-09-27-at-16.10.01-1.jpeg 1024w, https:\/\/prefecturadeesmeraldas.gob.ec\/wp-content\/uploads\/2020\/09\/WhatsApp-Image-2020-09-27-at-16.10.01-1-240x240.jpeg 240w, https:\/\/prefecturadeesmeraldas.gob.ec\/wp-content\/uploads\/2020\/09\/WhatsApp-Image-2020-09-27-at-16.10.01-1-150x150.jpeg 150w, https:\/\/prefecturadeesmeraldas.gob.ec\/wp-content\/uploads\/2020\/09\/WhatsApp-Image-2020-09-27-at-16.10.01-1-300x300.jpeg 300w, https:\/\/prefecturadeesmeraldas.gob.ec\/wp-content\/uploads\/2020\/09\/WhatsApp-Image-2020-09-27-at-16.10.01-1-768x768.jpeg 768w\" sizes=\"(max-width: 1024px) 100vw, 1024px\" \/>\t\t\t\t\t\t\t\t\t\t\t\t\t\t\t<\/div>\n\t\t\t\t<\/div>\n\t\t\t\t\t<\/div>\n\t\t<\/div>\n\t\t\t\t\t<\/div>\n\t\t<\/section>\n\t\t\t\t<section class=\"elementor-section elementor-top-section elementor-element elementor-element-037feb2 elementor-section-boxed elementor-section-height-default elementor-section-height-default\" data-id=\"037feb2\" data-element_type=\"section\">\n\t\t\t\t\t\t<div class=\"elementor-container elementor-column-gap-default\">\n\t\t\t\t\t<div class=\"elementor-column elementor-col-100 elementor-top-column elementor-element elementor-element-4bbda87\" data-id=\"4bbda87\" data-element_type=\"column\">\n\t\t\t<div class=\"elementor-widget-wrap elementor-element-populated\">\n\t\t\t\t\t\t<div class=\"elementor-element elementor-element-8568c99 elementor-widget elementor-widget-text-editor\" data-id=\"8568c99\" data-element_type=\"widget\" data-widget_type=\"text-editor.default\">\n\t\t\t\t<div class=\"elementor-widget-container\">\n\t\t\t\t\t\t\t\t\t<p>\u201c<strong>La construcci\u00f3n del nuevo puente sobre el estero Vinsade, avanza sin contratiempos<\/strong>\u201d, as\u00ed lo manifestaron la Prefecta <strong>Roberta Zambrano<\/strong> y el viceprefecto <strong>Diego Zambrano<\/strong>, quienes el pasado 25 de septiembre, inspeccionaron el estado de la obra, construida en la parroquia Viche del cant\u00f3n Quinind\u00e9. Se trata del sue\u00f1o de una decena de comunidades y miles de campesinos, que esperan la obra ya que se encontraban desmotivados debido a la falta de atenci\u00f3n del sector rural en anteriores administraciones.<\/p><p>La mega obra de infraestructura, representa, para la Prefecta de Esmeraldas <strong>Roberta Zambrano<\/strong>, un avance sustancial en la modernizaci\u00f3n de la red vial de la provincia, sumergida por m\u00e1s de una d\u00e9cada en el atraso.<\/p><p><strong>Marco Guest\u00e1n<\/strong>, ingeniero residente de la empresa contratista, describi\u00f3 que, el proyecto total, tambi\u00e9n contar\u00e1 con el mejoramiento de 220 metros de las v\u00edas de acceso al puente. Una construcci\u00f3n que, desde ya, genera ocupaci\u00f3n de la mano de obra local.<\/p><p><strong>Diego Zambrano<\/strong>, vice prefecto de Esmeraldas, resalt\u00f3 la seriedad y el cumplimiento del cronograma de ejecuci\u00f3n de las tareas enmarcadas dentro del contrato, ejecutado con orgullo por profesionales esmeralde\u00f1os.<\/p><p>El nuevo puente tendr\u00e1 28 metros de largo. Estar\u00e1 asentado sobre estribos de hormig\u00f3n armado, construidos encima de pilotes cimentados, 3 vigas met\u00e1licas, (al ser de construcci\u00f3n mixta), y tendr\u00eda la capacidad de soportar hasta 48 toneladas, cuyo costo rodea los cerca de 624 mil d\u00f3lares.<\/p>\t\t\t\t\t\t\t\t<\/div>\n\t\t\t\t<\/div>\n\t\t\t\t\t<\/div>\n\t\t<\/div>\n\t\t\t\t\t<\/div>\n\t\t<\/section>\n\t\t\t\t<\/div>\n\t\t","protected":false},"excerpt":{"rendered":"<p>\u201cLa construcci\u00f3n del nuevo puente sobre el estero Vinsade, avanza sin contratiempos\u201d, as\u00ed lo manifestaron la Prefecta Roberta Zambrano y el viceprefecto Diego Zambrano, quienes el pasado 25 de septiembre, inspeccionaron el estado de la obra, construida en la parroquia Viche del cant\u00f3n Quinind\u00e9. Se trata del sue\u00f1o de una decena de comunidades y miles [&hellip;]<\/p>\n","protected":false},"author":2,"featured_media":6569,"comment_status":"closed","ping_status":"open","sticky":false,"template":"","format":"standard","meta":{"footnotes":""},"categories":[14],"tags":[],"class_list":["post-6568","post","type-post","status-publish","format-standard","has-post-thumbnail","hentry","category-vialidad"],"yoast_head":"<!-- This site is optimized with the Yoast SEO plugin v25.7 - https:\/\/yoast.com\/wordpress\/plugins\/seo\/ -->\n<title>Una nueva mega obra enorgullece a los esmeralde\u00f1os. - Gobierno Aut\u00f3nomo Descentralizado de la Provincia de Esmeraldas<\/title>\n<meta name=\"robots\" content=\"index, follow, max-snippet:-1, max-image-preview:large, max-video-preview:-1\" \/>\n<link rel=\"canonical\" href=\"https:\/\/prefecturadeesmeraldas.gob.ec\/index.php\/2020\/09\/28\/una-nueva-mega-obra-enorgullece-a-los-esmeraldenos\/\" \/>\n<meta property=\"og:locale\" content=\"es_ES\" \/>\n<meta property=\"og:type\" content=\"article\" \/>\n<meta property=\"og:title\" content=\"Una nueva mega obra enorgullece a los esmeralde\u00f1os. - Gobierno Aut\u00f3nomo Descentralizado de la Provincia de Esmeraldas\" \/>\n<meta property=\"og:description\" content=\"\u201cLa construcci\u00f3n del nuevo puente sobre el estero Vinsade, avanza sin contratiempos\u201d, as\u00ed lo manifestaron la Prefecta Roberta Zambrano y el viceprefecto Diego Zambrano, quienes el pasado 25 de septiembre, inspeccionaron el estado de la obra, construida en la parroquia Viche del cant\u00f3n Quinind\u00e9. Se trata del sue\u00f1o de una decena de comunidades y miles [&hellip;]\" \/>\n<meta property=\"og:url\" content=\"https:\/\/prefecturadeesmeraldas.gob.ec\/index.php\/2020\/09\/28\/una-nueva-mega-obra-enorgullece-a-los-esmeraldenos\/\" \/>\n<meta property=\"og:site_name\" content=\"Gobierno Aut\u00f3nomo Descentralizado de la Provincia de Esmeraldas\" \/>\n<meta property=\"article:publisher\" content=\"https:\/\/www.facebook.com\/PrefecturaEsmeraldas\/\" \/>\n<meta property=\"article:published_time\" content=\"2020-09-28T19:23:34+00:00\" \/>\n<meta property=\"article:modified_time\" content=\"2020-09-28T19:31:23+00:00\" \/>\n<meta property=\"og:image\" content=\"https:\/\/prefecturadeesmeraldas.gob.ec\/wp-content\/uploads\/2020\/09\/WhatsApp-Image-2020-09-27-at-16.10.01.jpeg\" \/>\n\t<meta property=\"og:image:width\" content=\"1280\" \/>\n\t<meta property=\"og:image:height\" content=\"1280\" \/>\n\t<meta property=\"og:image:type\" content=\"image\/jpeg\" \/>\n<meta name=\"author\" content=\"Direcci\u00f3n de Comunicaci\u00f3n\" \/>\n<meta name=\"twitter:card\" content=\"summary_large_image\" \/>\n<meta name=\"twitter:label1\" content=\"Escrito por\" \/>\n\t<meta name=\"twitter:data1\" content=\"Direcci\u00f3n de Comunicaci\u00f3n\" \/>\n\t<meta name=\"twitter:label2\" content=\"Tiempo de lectura\" \/>\n\t<meta name=\"twitter:data2\" content=\"1 minuto\" \/>\n<script type=\"application\/ld+json\" class=\"yoast-schema-graph\">{\"@context\":\"https:\/\/schema.org\",\"@graph\":[{\"@type\":\"Article\",\"@id\":\"https:\/\/prefecturadeesmeraldas.gob.ec\/index.php\/2020\/09\/28\/una-nueva-mega-obra-enorgullece-a-los-esmeraldenos\/#article\",\"isPartOf\":{\"@id\":\"https:\/\/prefecturadeesmeraldas.gob.ec\/index.php\/2020\/09\/28\/una-nueva-mega-obra-enorgullece-a-los-esmeraldenos\/\"},\"author\":{\"name\":\"Direcci\u00f3n de Comunicaci\u00f3n\",\"@id\":\"https:\/\/prefecturadeesmeraldas.gob.ec\/#\/schema\/person\/b0c9e7b1ead7725994d1e319e8825234\"},\"headline\":\"Una nueva mega obra enorgullece a los esmeralde\u00f1os.\",\"datePublished\":\"2020-09-28T19:23:34+00:00\",\"dateModified\":\"2020-09-28T19:31:23+00:00\",\"mainEntityOfPage\":{\"@id\":\"https:\/\/prefecturadeesmeraldas.gob.ec\/index.php\/2020\/09\/28\/una-nueva-mega-obra-enorgullece-a-los-esmeraldenos\/\"},\"wordCount\":251,\"publisher\":{\"@id\":\"https:\/\/prefecturadeesmeraldas.gob.ec\/#organization\"},\"image\":{\"@id\":\"https:\/\/prefecturadeesmeraldas.gob.ec\/index.php\/2020\/09\/28\/una-nueva-mega-obra-enorgullece-a-los-esmeraldenos\/#primaryimage\"},\"thumbnailUrl\":\"https:\/\/prefecturadeesmeraldas.gob.ec\/wp-content\/uploads\/2020\/09\/WhatsApp-Image-2020-09-27-at-16.10.01.jpeg\",\"articleSection\":[\"Vialidad\"],\"inLanguage\":\"es\"},{\"@type\":\"WebPage\",\"@id\":\"https:\/\/prefecturadeesmeraldas.gob.ec\/index.php\/2020\/09\/28\/una-nueva-mega-obra-enorgullece-a-los-esmeraldenos\/\",\"url\":\"https:\/\/prefecturadeesmeraldas.gob.ec\/index.php\/2020\/09\/28\/una-nueva-mega-obra-enorgullece-a-los-esmeraldenos\/\",\"name\":\"Una nueva mega obra enorgullece a los esmeralde\u00f1os. - Gobierno Aut\u00f3nomo Descentralizado de la Provincia de Esmeraldas\",\"isPartOf\":{\"@id\":\"https:\/\/prefecturadeesmeraldas.gob.ec\/#website\"},\"primaryImageOfPage\":{\"@id\":\"https:\/\/prefecturadeesmeraldas.gob.ec\/index.php\/2020\/09\/28\/una-nueva-mega-obra-enorgullece-a-los-esmeraldenos\/#primaryimage\"},\"image\":{\"@id\":\"https:\/\/prefecturadeesmeraldas.gob.ec\/index.php\/2020\/09\/28\/una-nueva-mega-obra-enorgullece-a-los-esmeraldenos\/#primaryimage\"},\"thumbnailUrl\":\"https:\/\/prefecturadeesmeraldas.gob.ec\/wp-content\/uploads\/2020\/09\/WhatsApp-Image-2020-09-27-at-16.10.01.jpeg\",\"datePublished\":\"2020-09-28T19:23:34+00:00\",\"dateModified\":\"2020-09-28T19:31:23+00:00\",\"breadcrumb\":{\"@id\":\"https:\/\/prefecturadeesmeraldas.gob.ec\/index.php\/2020\/09\/28\/una-nueva-mega-obra-enorgullece-a-los-esmeraldenos\/#breadcrumb\"},\"inLanguage\":\"es\",\"potentialAction\":[{\"@type\":\"ReadAction\",\"target\":[\"https:\/\/prefecturadeesmeraldas.gob.ec\/index.php\/2020\/09\/28\/una-nueva-mega-obra-enorgullece-a-los-esmeraldenos\/\"]}]},{\"@type\":\"ImageObject\",\"inLanguage\":\"es\",\"@id\":\"https:\/\/prefecturadeesmeraldas.gob.ec\/index.php\/2020\/09\/28\/una-nueva-mega-obra-enorgullece-a-los-esmeraldenos\/#primaryimage\",\"url\":\"https:\/\/prefecturadeesmeraldas.gob.ec\/wp-content\/uploads\/2020\/09\/WhatsApp-Image-2020-09-27-at-16.10.01.jpeg\",\"contentUrl\":\"https:\/\/prefecturadeesmeraldas.gob.ec\/wp-content\/uploads\/2020\/09\/WhatsApp-Image-2020-09-27-at-16.10.01.jpeg\",\"width\":1280,\"height\":1280},{\"@type\":\"BreadcrumbList\",\"@id\":\"https:\/\/prefecturadeesmeraldas.gob.ec\/index.php\/2020\/09\/28\/una-nueva-mega-obra-enorgullece-a-los-esmeraldenos\/#breadcrumb\",\"itemListElement\":[{\"@type\":\"ListItem\",\"position\":1,\"name\":\"Home\",\"item\":\"https:\/\/prefecturadeesmeraldas.gob.ec\/\"},{\"@type\":\"ListItem\",\"position\":2,\"name\":\"Una nueva mega obra enorgullece a los esmeralde\u00f1os.\"}]},{\"@type\":\"WebSite\",\"@id\":\"https:\/\/prefecturadeesmeraldas.gob.ec\/#website\",\"url\":\"https:\/\/prefecturadeesmeraldas.gob.ec\/\",\"name\":\"Gobierno Aut\u00f3nomo Descentralizado de la Provincia de Esmeraldas\",\"description\":\"Gobierno Aut\u00f3nomo Descentralizado de la Provincia de Esmeraldas\",\"publisher\":{\"@id\":\"https:\/\/prefecturadeesmeraldas.gob.ec\/#organization\"},\"potentialAction\":[{\"@type\":\"SearchAction\",\"target\":{\"@type\":\"EntryPoint\",\"urlTemplate\":\"https:\/\/prefecturadeesmeraldas.gob.ec\/?s={search_term_string}\"},\"query-input\":{\"@type\":\"PropertyValueSpecification\",\"valueRequired\":true,\"valueName\":\"search_term_string\"}}],\"inLanguage\":\"es\"},{\"@type\":\"Organization\",\"@id\":\"https:\/\/prefecturadeesmeraldas.gob.ec\/#organization\",\"name\":\"Gobierno Aut\u00f3nomo Descentralizado de la Provincia de Esmeraldas\",\"url\":\"https:\/\/prefecturadeesmeraldas.gob.ec\/\",\"logo\":{\"@type\":\"ImageObject\",\"inLanguage\":\"es\",\"@id\":\"https:\/\/prefecturadeesmeraldas.gob.ec\/#\/schema\/logo\/image\/\",\"url\":\"https:\/\/prefecturadeesmeraldas.gob.ec\/wp-content\/uploads\/2019\/06\/logo.png\",\"contentUrl\":\"https:\/\/prefecturadeesmeraldas.gob.ec\/wp-content\/uploads\/2019\/06\/logo.png\",\"width\":859,\"height\":448,\"caption\":\"Gobierno Aut\u00f3nomo Descentralizado de la Provincia de Esmeraldas\"},\"image\":{\"@id\":\"https:\/\/prefecturadeesmeraldas.gob.ec\/#\/schema\/logo\/image\/\"},\"sameAs\":[\"https:\/\/www.facebook.com\/PrefecturaEsmeraldas\/\"]},{\"@type\":\"Person\",\"@id\":\"https:\/\/prefecturadeesmeraldas.gob.ec\/#\/schema\/person\/b0c9e7b1ead7725994d1e319e8825234\",\"name\":\"Direcci\u00f3n de Comunicaci\u00f3n\",\"image\":{\"@type\":\"ImageObject\",\"inLanguage\":\"es\",\"@id\":\"https:\/\/prefecturadeesmeraldas.gob.ec\/#\/schema\/person\/image\/\",\"url\":\"https:\/\/secure.gravatar.com\/avatar\/74a3870a946f5d774ade3569af61a72308e07ad3346f370c4b468ee2a9858658?s=96&d=mm&r=g\",\"contentUrl\":\"https:\/\/secure.gravatar.com\/avatar\/74a3870a946f5d774ade3569af61a72308e07ad3346f370c4b468ee2a9858658?s=96&d=mm&r=g\",\"caption\":\"Direcci\u00f3n de Comunicaci\u00f3n\"}}]}<\/script>\n<!-- \/ Yoast SEO plugin. -->","yoast_head_json":{"title":"Una nueva mega obra enorgullece a los esmeralde\u00f1os. - Gobierno Aut\u00f3nomo Descentralizado de la Provincia de Esmeraldas","robots":{"index":"index","follow":"follow","max-snippet":"max-snippet:-1","max-image-preview":"max-image-preview:large","max-video-preview":"max-video-preview:-1"},"canonical":"https:\/\/prefecturadeesmeraldas.gob.ec\/index.php\/2020\/09\/28\/una-nueva-mega-obra-enorgullece-a-los-esmeraldenos\/","og_locale":"es_ES","og_type":"article","og_title":"Una nueva mega obra enorgullece a los esmeralde\u00f1os. - Gobierno Aut\u00f3nomo Descentralizado de la Provincia de Esmeraldas","og_description":"\u201cLa construcci\u00f3n del nuevo puente sobre el estero Vinsade, avanza sin contratiempos\u201d, as\u00ed lo manifestaron la Prefecta Roberta Zambrano y el viceprefecto Diego Zambrano, quienes el pasado 25 de septiembre, inspeccionaron el estado de la obra, construida en la parroquia Viche del cant\u00f3n Quinind\u00e9. Se trata del sue\u00f1o de una decena de comunidades y miles [&hellip;]","og_url":"https:\/\/prefecturadeesmeraldas.gob.ec\/index.php\/2020\/09\/28\/una-nueva-mega-obra-enorgullece-a-los-esmeraldenos\/","og_site_name":"Gobierno Aut\u00f3nomo Descentralizado de la Provincia de Esmeraldas","article_publisher":"https:\/\/www.facebook.com\/PrefecturaEsmeraldas\/","article_published_time":"2020-09-28T19:23:34+00:00","article_modified_time":"2020-09-28T19:31:23+00:00","og_image":[{"width":1280,"height":1280,"url":"https:\/\/prefecturadeesmeraldas.gob.ec\/wp-content\/uploads\/2020\/09\/WhatsApp-Image-2020-09-27-at-16.10.01.jpeg","type":"image\/jpeg"}],"author":"Direcci\u00f3n de Comunicaci\u00f3n","twitter_card":"summary_large_image","twitter_misc":{"Escrito por":"Direcci\u00f3n de Comunicaci\u00f3n","Tiempo de lectura":"1 minuto"},"schema":{"@context":"https:\/\/schema.org","@graph":[{"@type":"Article","@id":"https:\/\/prefecturadeesmeraldas.gob.ec\/index.php\/2020\/09\/28\/una-nueva-mega-obra-enorgullece-a-los-esmeraldenos\/#article","isPartOf":{"@id":"https:\/\/prefecturadeesmeraldas.gob.ec\/index.php\/2020\/09\/28\/una-nueva-mega-obra-enorgullece-a-los-esmeraldenos\/"},"author":{"name":"Direcci\u00f3n de Comunicaci\u00f3n","@id":"https:\/\/prefecturadeesmeraldas.gob.ec\/#\/schema\/person\/b0c9e7b1ead7725994d1e319e8825234"},"headline":"Una nueva mega obra enorgullece a los esmeralde\u00f1os.","datePublished":"2020-09-28T19:23:34+00:00","dateModified":"2020-09-28T19:31:23+00:00","mainEntityOfPage":{"@id":"https:\/\/prefecturadeesmeraldas.gob.ec\/index.php\/2020\/09\/28\/una-nueva-mega-obra-enorgullece-a-los-esmeraldenos\/"},"wordCount":251,"publisher":{"@id":"https:\/\/prefecturadeesmeraldas.gob.ec\/#organization"},"image":{"@id":"https:\/\/prefecturadeesmeraldas.gob.ec\/index.php\/2020\/09\/28\/una-nueva-mega-obra-enorgullece-a-los-esmeraldenos\/#primaryimage"},"thumbnailUrl":"https:\/\/prefecturadeesmeraldas.gob.ec\/wp-content\/uploads\/2020\/09\/WhatsApp-Image-2020-09-27-at-16.10.01.jpeg","articleSection":["Vialidad"],"inLanguage":"es"},{"@type":"WebPage","@id":"https:\/\/prefecturadeesmeraldas.gob.ec\/index.php\/2020\/09\/28\/una-nueva-mega-obra-enorgullece-a-los-esmeraldenos\/","url":"https:\/\/prefecturadeesmeraldas.gob.ec\/index.php\/2020\/09\/28\/una-nueva-mega-obra-enorgullece-a-los-esmeraldenos\/","name":"Una nueva mega obra enorgullece a los esmeralde\u00f1os. - Gobierno Aut\u00f3nomo Descentralizado de la Provincia de Esmeraldas","isPartOf":{"@id":"https:\/\/prefecturadeesmeraldas.gob.ec\/#website"},"primaryImageOfPage":{"@id":"https:\/\/prefecturadeesmeraldas.gob.ec\/index.php\/2020\/09\/28\/una-nueva-mega-obra-enorgullece-a-los-esmeraldenos\/#primaryimage"},"image":{"@id":"https:\/\/prefecturadeesmeraldas.gob.ec\/index.php\/2020\/09\/28\/una-nueva-mega-obra-enorgullece-a-los-esmeraldenos\/#primaryimage"},"thumbnailUrl":"https:\/\/prefecturadeesmeraldas.gob.ec\/wp-content\/uploads\/2020\/09\/WhatsApp-Image-2020-09-27-at-16.10.01.jpeg","datePublished":"2020-09-28T19:23:34+00:00","dateModified":"2020-09-28T19:31:23+00:00","breadcrumb":{"@id":"https:\/\/prefecturadeesmeraldas.gob.ec\/index.php\/2020\/09\/28\/una-nueva-mega-obra-enorgullece-a-los-esmeraldenos\/#breadcrumb"},"inLanguage":"es","potentialAction":[{"@type":"ReadAction","target":["https:\/\/prefecturadeesmeraldas.gob.ec\/index.php\/2020\/09\/28\/una-nueva-mega-obra-enorgullece-a-los-esmeraldenos\/"]}]},{"@type":"ImageObject","inLanguage":"es","@id":"https:\/\/prefecturadeesmeraldas.gob.ec\/index.php\/2020\/09\/28\/una-nueva-mega-obra-enorgullece-a-los-esmeraldenos\/#primaryimage","url":"https:\/\/prefecturadeesmeraldas.gob.ec\/wp-content\/uploads\/2020\/09\/WhatsApp-Image-2020-09-27-at-16.10.01.jpeg","contentUrl":"https:\/\/prefecturadeesmeraldas.gob.ec\/wp-content\/uploads\/2020\/09\/WhatsApp-Image-2020-09-27-at-16.10.01.jpeg","width":1280,"height":1280},{"@type":"BreadcrumbList","@id":"https:\/\/prefecturadeesmeraldas.gob.ec\/index.php\/2020\/09\/28\/una-nueva-mega-obra-enorgullece-a-los-esmeraldenos\/#breadcrumb","itemListElement":[{"@type":"ListItem","position":1,"name":"Home","item":"https:\/\/prefecturadeesmeraldas.gob.ec\/"},{"@type":"ListItem","position":2,"name":"Una nueva mega obra enorgullece a los esmeralde\u00f1os."}]},{"@type":"WebSite","@id":"https:\/\/prefecturadeesmeraldas.gob.ec\/#website","url":"https:\/\/prefecturadeesmeraldas.gob.ec\/","name":"Gobierno Aut\u00f3nomo Descentralizado de la Provincia de Esmeraldas","description":"Gobierno Aut\u00f3nomo Descentralizado de la Provincia de Esmeraldas","publisher":{"@id":"https:\/\/prefecturadeesmeraldas.gob.ec\/#organization"},"potentialAction":[{"@type":"SearchAction","target":{"@type":"EntryPoint","urlTemplate":"https:\/\/prefecturadeesmeraldas.gob.ec\/?s={search_term_string}"},"query-input":{"@type":"PropertyValueSpecification","valueRequired":true,"valueName":"search_term_string"}}],"inLanguage":"es"},{"@type":"Organization","@id":"https:\/\/prefecturadeesmeraldas.gob.ec\/#organization","name":"Gobierno Aut\u00f3nomo Descentralizado de la Provincia de Esmeraldas","url":"https:\/\/prefecturadeesmeraldas.gob.ec\/","logo":{"@type":"ImageObject","inLanguage":"es","@id":"https:\/\/prefecturadeesmeraldas.gob.ec\/#\/schema\/logo\/image\/","url":"https:\/\/prefecturadeesmeraldas.gob.ec\/wp-content\/uploads\/2019\/06\/logo.png","contentUrl":"https:\/\/prefecturadeesmeraldas.gob.ec\/wp-content\/uploads\/2019\/06\/logo.png","width":859,"height":448,"caption":"Gobierno Aut\u00f3nomo Descentralizado de la Provincia de Esmeraldas"},"image":{"@id":"https:\/\/prefecturadeesmeraldas.gob.ec\/#\/schema\/logo\/image\/"},"sameAs":["https:\/\/www.facebook.com\/PrefecturaEsmeraldas\/"]},{"@type":"Person","@id":"https:\/\/prefecturadeesmeraldas.gob.ec\/#\/schema\/person\/b0c9e7b1ead7725994d1e319e8825234","name":"Direcci\u00f3n de Comunicaci\u00f3n","image":{"@type":"ImageObject","inLanguage":"es","@id":"https:\/\/prefecturadeesmeraldas.gob.ec\/#\/schema\/person\/image\/","url":"https:\/\/secure.gravatar.com\/avatar\/74a3870a946f5d774ade3569af61a72308e07ad3346f370c4b468ee2a9858658?s=96&d=mm&r=g","contentUrl":"https:\/\/secure.gravatar.com\/avatar\/74a3870a946f5d774ade3569af61a72308e07ad3346f370c4b468ee2a9858658?s=96&d=mm&r=g","caption":"Direcci\u00f3n de Comunicaci\u00f3n"}}]}},"_links":{"self":[{"href":"https:\/\/prefecturadeesmeraldas.gob.ec\/index.php\/wp-json\/wp\/v2\/posts\/6568","targetHints":{"allow":["GET"]}}],"collection":[{"href":"https:\/\/prefecturadeesmeraldas.gob.ec\/index.php\/wp-json\/wp\/v2\/posts"}],"about":[{"href":"https:\/\/prefecturadeesmeraldas.gob.ec\/index.php\/wp-json\/wp\/v2\/types\/post"}],"author":[{"embeddable":true,"href":"https:\/\/prefecturadeesmeraldas.gob.ec\/index.php\/wp-json\/wp\/v2\/users\/2"}],"replies":[{"embeddable":true,"href":"https:\/\/prefecturadeesmeraldas.gob.ec\/index.php\/wp-json\/wp\/v2\/comments?post=6568"}],"version-history":[{"count":0,"href":"https:\/\/prefecturadeesmeraldas.gob.ec\/index.php\/wp-json\/wp\/v2\/posts\/6568\/revisions"}],"wp:featuredmedia":[{"embeddable":true,"href":"https:\/\/prefecturadeesmeraldas.gob.ec\/index.php\/wp-json\/wp\/v2\/media\/6569"}],"wp:attachment":[{"href":"https:\/\/prefecturadeesmeraldas.gob.ec\/index.php\/wp-json\/wp\/v2\/media?parent=6568"}],"wp:term":[{"taxonomy":"category","embeddable":true,"href":"https:\/\/prefecturadeesmeraldas.gob.ec\/index.php\/wp-json\/wp\/v2\/categories?post=6568"},{"taxonomy":"post_tag","embeddable":true,"href":"https:\/\/prefecturadeesmeraldas.gob.ec\/index.php\/wp-json\/wp\/v2\/tags?post=6568"}],"curies":[{"name":"wp","href":"https:\/\/api.w.org\/{rel}","templated":true}]}}