{"id":6192,"date":"2020-09-11T16:07:55","date_gmt":"2020-09-11T21:07:55","guid":{"rendered":"http:\/\/prefecturadeesmeraldas.gob.ec\/?p=6192"},"modified":"2020-09-11T16:10:05","modified_gmt":"2020-09-11T21:10:05","slug":"prefecta-participo-de-ceremonia-de-ascensos","status":"publish","type":"post","link":"https:\/\/prefecturadeesmeraldas.gob.ec\/index.php\/2020\/09\/11\/prefecta-participo-de-ceremonia-de-ascensos\/","title":{"rendered":"Prefecta particip\u00f3 de ceremonia de ascensos."},"content":{"rendered":"\t\t<div data-elementor-type=\"wp-post\" data-elementor-id=\"6192\" class=\"elementor elementor-6192\">\n\t\t\t\t\t\t<section class=\"elementor-section elementor-top-section elementor-element elementor-element-b2b9da2 elementor-section-boxed elementor-section-height-default elementor-section-height-default\" data-id=\"b2b9da2\" data-element_type=\"section\">\n\t\t\t\t\t\t<div class=\"elementor-container elementor-column-gap-default\">\n\t\t\t\t\t<div class=\"elementor-column elementor-col-100 elementor-top-column elementor-element elementor-element-5635648\" data-id=\"5635648\" data-element_type=\"column\">\n\t\t\t<div class=\"elementor-widget-wrap elementor-element-populated\">\n\t\t\t\t\t\t<div class=\"elementor-element elementor-element-fce4803 elementor-widget elementor-widget-image\" data-id=\"fce4803\" data-element_type=\"widget\" data-widget_type=\"image.default\">\n\t\t\t\t<div class=\"elementor-widget-container\">\n\t\t\t\t\t\t\t\t\t\t\t\t\t\t\t<img fetchpriority=\"high\" decoding=\"async\" width=\"1024\" height=\"1024\" src=\"https:\/\/prefecturadeesmeraldas.gob.ec\/wp-content\/uploads\/2020\/09\/BOLETIN-861-1024x1024.jpg\" class=\"attachment-large size-large wp-image-6159\" alt=\"\" srcset=\"https:\/\/prefecturadeesmeraldas.gob.ec\/wp-content\/uploads\/2020\/09\/BOLETIN-861-1024x1024.jpg 1024w, https:\/\/prefecturadeesmeraldas.gob.ec\/wp-content\/uploads\/2020\/09\/BOLETIN-861-240x240.jpg 240w, https:\/\/prefecturadeesmeraldas.gob.ec\/wp-content\/uploads\/2020\/09\/BOLETIN-861-1080x1080.jpg 1080w, https:\/\/prefecturadeesmeraldas.gob.ec\/wp-content\/uploads\/2020\/09\/BOLETIN-861-150x150.jpg 150w, https:\/\/prefecturadeesmeraldas.gob.ec\/wp-content\/uploads\/2020\/09\/BOLETIN-861-300x300.jpg 300w, https:\/\/prefecturadeesmeraldas.gob.ec\/wp-content\/uploads\/2020\/09\/BOLETIN-861-768x768.jpg 768w, https:\/\/prefecturadeesmeraldas.gob.ec\/wp-content\/uploads\/2020\/09\/BOLETIN-861.jpg 1280w\" sizes=\"(max-width: 1024px) 100vw, 1024px\" \/>\t\t\t\t\t\t\t\t\t\t\t\t\t\t\t<\/div>\n\t\t\t\t<\/div>\n\t\t\t\t\t<\/div>\n\t\t<\/div>\n\t\t\t\t\t<\/div>\n\t\t<\/section>\n\t\t\t\t<section class=\"elementor-section elementor-top-section elementor-element elementor-element-a485e97 elementor-section-boxed elementor-section-height-default elementor-section-height-default\" data-id=\"a485e97\" data-element_type=\"section\">\n\t\t\t\t\t\t<div class=\"elementor-container elementor-column-gap-default\">\n\t\t\t\t\t<div class=\"elementor-column elementor-col-100 elementor-top-column elementor-element elementor-element-026c1f2\" data-id=\"026c1f2\" data-element_type=\"column\">\n\t\t\t<div class=\"elementor-widget-wrap elementor-element-populated\">\n\t\t\t\t\t\t<div class=\"elementor-element elementor-element-1d373f7 elementor-widget elementor-widget-text-editor\" data-id=\"1d373f7\" data-element_type=\"widget\" data-widget_type=\"text-editor.default\">\n\t\t\t\t<div class=\"elementor-widget-container\">\n\t\t\t\t\t\t\t\t\t<p>Se cumpli\u00f3 la ceremonia de ascenso de 53 clases y polic\u00edas. El acto cont\u00f3 con la participaci\u00f3n de Roberta Zambrano, Prefecta de Esmeraldas, quien estuvo acompa\u00f1ada de autoridades provinciales y altos mandos de las Fuerzas Armadas del Ecuador. El evento se realiz\u00f3 el jueves 10 de septiembre, en el subcomando de la polic\u00eda acantonada en Esmeraldas.<\/p><p>Como autoridad provincial, <strong>Roberta Zambrano<\/strong>, agradeci\u00f3 el gesto de apoyo brindado por los hombres y mujeres de la instituci\u00f3n, que participaron durante las jornadas de distribuci\u00f3n de ayudas humanitarias, en los momentos m\u00e1s cr\u00edticos de la pandemia.<\/p><p>Junto a Zambrano, estuvieron presentes: Cecilia \u00c1ngulo, Gobernadora de Esmeraldas, Alain Luna Villavicencio, coronel de la polic\u00eda zona 1, (quien anunci\u00f3 su retiro); Patricio P\u00e9rez Flores, jefe de la Subzona numero 8 Esmeraldas, y el contraalmirante Oscar Noboa Estrella, comandante del Comando de Operaciones Norte (COOPNO).<\/p><p>Con el ascenso al grado de Sargentos, la presencia de las autoridades provinciales, y familiares de los polic\u00edas, se condecor\u00f3 el esfuerzo, la constancia y la responsabilidad que tiene entre sus manos esta instituci\u00f3n, encargada de aportar al desarrollo desde el campo de la seguridad, el orden, el control y la regulaci\u00f3n.<\/p>\t\t\t\t\t\t\t\t<\/div>\n\t\t\t\t<\/div>\n\t\t\t\t\t<\/div>\n\t\t<\/div>\n\t\t\t\t\t<\/div>\n\t\t<\/section>\n\t\t\t\t<\/div>\n\t\t","protected":false},"excerpt":{"rendered":"<p>Se cumpli\u00f3 la ceremonia de ascenso de 53 clases y polic\u00edas. El acto cont\u00f3 con la participaci\u00f3n de Roberta Zambrano, Prefecta de Esmeraldas, quien estuvo acompa\u00f1ada de autoridades provinciales y altos mandos de las Fuerzas Armadas del Ecuador. El evento se realiz\u00f3 el jueves 10 de septiembre, en el subcomando de la polic\u00eda acantonada en [&hellip;]<\/p>\n","protected":false},"author":2,"featured_media":6159,"comment_status":"closed","ping_status":"open","sticky":false,"template":"","format":"standard","meta":{"footnotes":""},"categories":[3],"tags":[],"class_list":["post-6192","post","type-post","status-publish","format-standard","has-post-thumbnail","hentry","category-institucional"],"yoast_head":"<!-- This site is optimized with the Yoast SEO plugin v25.7 - https:\/\/yoast.com\/wordpress\/plugins\/seo\/ -->\n<title>Prefecta particip\u00f3 de ceremonia de ascensos. - Gobierno Aut\u00f3nomo Descentralizado de la Provincia de Esmeraldas<\/title>\n<meta name=\"robots\" content=\"index, follow, max-snippet:-1, max-image-preview:large, max-video-preview:-1\" \/>\n<link rel=\"canonical\" href=\"https:\/\/prefecturadeesmeraldas.gob.ec\/index.php\/2020\/09\/11\/prefecta-participo-de-ceremonia-de-ascensos\/\" \/>\n<meta property=\"og:locale\" content=\"es_ES\" \/>\n<meta property=\"og:type\" content=\"article\" \/>\n<meta property=\"og:title\" content=\"Prefecta particip\u00f3 de ceremonia de ascensos. - Gobierno Aut\u00f3nomo Descentralizado de la Provincia de Esmeraldas\" \/>\n<meta property=\"og:description\" content=\"Se cumpli\u00f3 la ceremonia de ascenso de 53 clases y polic\u00edas. El acto cont\u00f3 con la participaci\u00f3n de Roberta Zambrano, Prefecta de Esmeraldas, quien estuvo acompa\u00f1ada de autoridades provinciales y altos mandos de las Fuerzas Armadas del Ecuador. El evento se realiz\u00f3 el jueves 10 de septiembre, en el subcomando de la polic\u00eda acantonada en [&hellip;]\" \/>\n<meta property=\"og:url\" content=\"https:\/\/prefecturadeesmeraldas.gob.ec\/index.php\/2020\/09\/11\/prefecta-participo-de-ceremonia-de-ascensos\/\" \/>\n<meta property=\"og:site_name\" content=\"Gobierno Aut\u00f3nomo Descentralizado de la Provincia de Esmeraldas\" \/>\n<meta property=\"article:publisher\" content=\"https:\/\/www.facebook.com\/PrefecturaEsmeraldas\/\" \/>\n<meta property=\"article:published_time\" content=\"2020-09-11T21:07:55+00:00\" \/>\n<meta property=\"article:modified_time\" content=\"2020-09-11T21:10:05+00:00\" \/>\n<meta property=\"og:image\" content=\"https:\/\/prefecturadeesmeraldas.gob.ec\/wp-content\/uploads\/2020\/09\/BOLETIN-861.jpg\" \/>\n\t<meta property=\"og:image:width\" content=\"1280\" \/>\n\t<meta property=\"og:image:height\" content=\"1280\" \/>\n\t<meta property=\"og:image:type\" content=\"image\/jpeg\" \/>\n<meta name=\"author\" content=\"Direcci\u00f3n de Comunicaci\u00f3n\" \/>\n<meta name=\"twitter:card\" content=\"summary_large_image\" \/>\n<meta name=\"twitter:label1\" content=\"Escrito por\" \/>\n\t<meta name=\"twitter:data1\" content=\"Direcci\u00f3n de Comunicaci\u00f3n\" \/>\n\t<meta name=\"twitter:label2\" content=\"Tiempo de lectura\" \/>\n\t<meta name=\"twitter:data2\" content=\"1 minuto\" \/>\n<script type=\"application\/ld+json\" class=\"yoast-schema-graph\">{\"@context\":\"https:\/\/schema.org\",\"@graph\":[{\"@type\":\"Article\",\"@id\":\"https:\/\/prefecturadeesmeraldas.gob.ec\/index.php\/2020\/09\/11\/prefecta-participo-de-ceremonia-de-ascensos\/#article\",\"isPartOf\":{\"@id\":\"https:\/\/prefecturadeesmeraldas.gob.ec\/index.php\/2020\/09\/11\/prefecta-participo-de-ceremonia-de-ascensos\/\"},\"author\":{\"name\":\"Direcci\u00f3n de Comunicaci\u00f3n\",\"@id\":\"https:\/\/prefecturadeesmeraldas.gob.ec\/#\/schema\/person\/b0c9e7b1ead7725994d1e319e8825234\"},\"headline\":\"Prefecta particip\u00f3 de ceremonia de ascensos.\",\"datePublished\":\"2020-09-11T21:07:55+00:00\",\"dateModified\":\"2020-09-11T21:10:05+00:00\",\"mainEntityOfPage\":{\"@id\":\"https:\/\/prefecturadeesmeraldas.gob.ec\/index.php\/2020\/09\/11\/prefecta-participo-de-ceremonia-de-ascensos\/\"},\"wordCount\":206,\"publisher\":{\"@id\":\"https:\/\/prefecturadeesmeraldas.gob.ec\/#organization\"},\"image\":{\"@id\":\"https:\/\/prefecturadeesmeraldas.gob.ec\/index.php\/2020\/09\/11\/prefecta-participo-de-ceremonia-de-ascensos\/#primaryimage\"},\"thumbnailUrl\":\"https:\/\/prefecturadeesmeraldas.gob.ec\/wp-content\/uploads\/2020\/09\/BOLETIN-861.jpg\",\"articleSection\":[\"Institucional\"],\"inLanguage\":\"es\"},{\"@type\":\"WebPage\",\"@id\":\"https:\/\/prefecturadeesmeraldas.gob.ec\/index.php\/2020\/09\/11\/prefecta-participo-de-ceremonia-de-ascensos\/\",\"url\":\"https:\/\/prefecturadeesmeraldas.gob.ec\/index.php\/2020\/09\/11\/prefecta-participo-de-ceremonia-de-ascensos\/\",\"name\":\"Prefecta particip\u00f3 de ceremonia de ascensos. - Gobierno Aut\u00f3nomo Descentralizado de la Provincia de Esmeraldas\",\"isPartOf\":{\"@id\":\"https:\/\/prefecturadeesmeraldas.gob.ec\/#website\"},\"primaryImageOfPage\":{\"@id\":\"https:\/\/prefecturadeesmeraldas.gob.ec\/index.php\/2020\/09\/11\/prefecta-participo-de-ceremonia-de-ascensos\/#primaryimage\"},\"image\":{\"@id\":\"https:\/\/prefecturadeesmeraldas.gob.ec\/index.php\/2020\/09\/11\/prefecta-participo-de-ceremonia-de-ascensos\/#primaryimage\"},\"thumbnailUrl\":\"https:\/\/prefecturadeesmeraldas.gob.ec\/wp-content\/uploads\/2020\/09\/BOLETIN-861.jpg\",\"datePublished\":\"2020-09-11T21:07:55+00:00\",\"dateModified\":\"2020-09-11T21:10:05+00:00\",\"breadcrumb\":{\"@id\":\"https:\/\/prefecturadeesmeraldas.gob.ec\/index.php\/2020\/09\/11\/prefecta-participo-de-ceremonia-de-ascensos\/#breadcrumb\"},\"inLanguage\":\"es\",\"potentialAction\":[{\"@type\":\"ReadAction\",\"target\":[\"https:\/\/prefecturadeesmeraldas.gob.ec\/index.php\/2020\/09\/11\/prefecta-participo-de-ceremonia-de-ascensos\/\"]}]},{\"@type\":\"ImageObject\",\"inLanguage\":\"es\",\"@id\":\"https:\/\/prefecturadeesmeraldas.gob.ec\/index.php\/2020\/09\/11\/prefecta-participo-de-ceremonia-de-ascensos\/#primaryimage\",\"url\":\"https:\/\/prefecturadeesmeraldas.gob.ec\/wp-content\/uploads\/2020\/09\/BOLETIN-861.jpg\",\"contentUrl\":\"https:\/\/prefecturadeesmeraldas.gob.ec\/wp-content\/uploads\/2020\/09\/BOLETIN-861.jpg\",\"width\":1280,\"height\":1280},{\"@type\":\"BreadcrumbList\",\"@id\":\"https:\/\/prefecturadeesmeraldas.gob.ec\/index.php\/2020\/09\/11\/prefecta-participo-de-ceremonia-de-ascensos\/#breadcrumb\",\"itemListElement\":[{\"@type\":\"ListItem\",\"position\":1,\"name\":\"Home\",\"item\":\"https:\/\/prefecturadeesmeraldas.gob.ec\/\"},{\"@type\":\"ListItem\",\"position\":2,\"name\":\"Prefecta particip\u00f3 de ceremonia de ascensos.\"}]},{\"@type\":\"WebSite\",\"@id\":\"https:\/\/prefecturadeesmeraldas.gob.ec\/#website\",\"url\":\"https:\/\/prefecturadeesmeraldas.gob.ec\/\",\"name\":\"Gobierno Aut\u00f3nomo Descentralizado de la Provincia de Esmeraldas\",\"description\":\"Gobierno Aut\u00f3nomo Descentralizado de la Provincia de Esmeraldas\",\"publisher\":{\"@id\":\"https:\/\/prefecturadeesmeraldas.gob.ec\/#organization\"},\"potentialAction\":[{\"@type\":\"SearchAction\",\"target\":{\"@type\":\"EntryPoint\",\"urlTemplate\":\"https:\/\/prefecturadeesmeraldas.gob.ec\/?s={search_term_string}\"},\"query-input\":{\"@type\":\"PropertyValueSpecification\",\"valueRequired\":true,\"valueName\":\"search_term_string\"}}],\"inLanguage\":\"es\"},{\"@type\":\"Organization\",\"@id\":\"https:\/\/prefecturadeesmeraldas.gob.ec\/#organization\",\"name\":\"Gobierno Aut\u00f3nomo Descentralizado de la Provincia de Esmeraldas\",\"url\":\"https:\/\/prefecturadeesmeraldas.gob.ec\/\",\"logo\":{\"@type\":\"ImageObject\",\"inLanguage\":\"es\",\"@id\":\"https:\/\/prefecturadeesmeraldas.gob.ec\/#\/schema\/logo\/image\/\",\"url\":\"https:\/\/prefecturadeesmeraldas.gob.ec\/wp-content\/uploads\/2019\/06\/logo.png\",\"contentUrl\":\"https:\/\/prefecturadeesmeraldas.gob.ec\/wp-content\/uploads\/2019\/06\/logo.png\",\"width\":859,\"height\":448,\"caption\":\"Gobierno Aut\u00f3nomo Descentralizado de la Provincia de Esmeraldas\"},\"image\":{\"@id\":\"https:\/\/prefecturadeesmeraldas.gob.ec\/#\/schema\/logo\/image\/\"},\"sameAs\":[\"https:\/\/www.facebook.com\/PrefecturaEsmeraldas\/\"]},{\"@type\":\"Person\",\"@id\":\"https:\/\/prefecturadeesmeraldas.gob.ec\/#\/schema\/person\/b0c9e7b1ead7725994d1e319e8825234\",\"name\":\"Direcci\u00f3n de Comunicaci\u00f3n\",\"image\":{\"@type\":\"ImageObject\",\"inLanguage\":\"es\",\"@id\":\"https:\/\/prefecturadeesmeraldas.gob.ec\/#\/schema\/person\/image\/\",\"url\":\"https:\/\/secure.gravatar.com\/avatar\/74a3870a946f5d774ade3569af61a72308e07ad3346f370c4b468ee2a9858658?s=96&d=mm&r=g\",\"contentUrl\":\"https:\/\/secure.gravatar.com\/avatar\/74a3870a946f5d774ade3569af61a72308e07ad3346f370c4b468ee2a9858658?s=96&d=mm&r=g\",\"caption\":\"Direcci\u00f3n de Comunicaci\u00f3n\"}}]}<\/script>\n<!-- \/ Yoast SEO plugin. -->","yoast_head_json":{"title":"Prefecta particip\u00f3 de ceremonia de ascensos. - Gobierno Aut\u00f3nomo Descentralizado de la Provincia de Esmeraldas","robots":{"index":"index","follow":"follow","max-snippet":"max-snippet:-1","max-image-preview":"max-image-preview:large","max-video-preview":"max-video-preview:-1"},"canonical":"https:\/\/prefecturadeesmeraldas.gob.ec\/index.php\/2020\/09\/11\/prefecta-participo-de-ceremonia-de-ascensos\/","og_locale":"es_ES","og_type":"article","og_title":"Prefecta particip\u00f3 de ceremonia de ascensos. - Gobierno Aut\u00f3nomo Descentralizado de la Provincia de Esmeraldas","og_description":"Se cumpli\u00f3 la ceremonia de ascenso de 53 clases y polic\u00edas. El acto cont\u00f3 con la participaci\u00f3n de Roberta Zambrano, Prefecta de Esmeraldas, quien estuvo acompa\u00f1ada de autoridades provinciales y altos mandos de las Fuerzas Armadas del Ecuador. El evento se realiz\u00f3 el jueves 10 de septiembre, en el subcomando de la polic\u00eda acantonada en [&hellip;]","og_url":"https:\/\/prefecturadeesmeraldas.gob.ec\/index.php\/2020\/09\/11\/prefecta-participo-de-ceremonia-de-ascensos\/","og_site_name":"Gobierno Aut\u00f3nomo Descentralizado de la Provincia de Esmeraldas","article_publisher":"https:\/\/www.facebook.com\/PrefecturaEsmeraldas\/","article_published_time":"2020-09-11T21:07:55+00:00","article_modified_time":"2020-09-11T21:10:05+00:00","og_image":[{"width":1280,"height":1280,"url":"https:\/\/prefecturadeesmeraldas.gob.ec\/wp-content\/uploads\/2020\/09\/BOLETIN-861.jpg","type":"image\/jpeg"}],"author":"Direcci\u00f3n de Comunicaci\u00f3n","twitter_card":"summary_large_image","twitter_misc":{"Escrito por":"Direcci\u00f3n de Comunicaci\u00f3n","Tiempo de lectura":"1 minuto"},"schema":{"@context":"https:\/\/schema.org","@graph":[{"@type":"Article","@id":"https:\/\/prefecturadeesmeraldas.gob.ec\/index.php\/2020\/09\/11\/prefecta-participo-de-ceremonia-de-ascensos\/#article","isPartOf":{"@id":"https:\/\/prefecturadeesmeraldas.gob.ec\/index.php\/2020\/09\/11\/prefecta-participo-de-ceremonia-de-ascensos\/"},"author":{"name":"Direcci\u00f3n de Comunicaci\u00f3n","@id":"https:\/\/prefecturadeesmeraldas.gob.ec\/#\/schema\/person\/b0c9e7b1ead7725994d1e319e8825234"},"headline":"Prefecta particip\u00f3 de ceremonia de ascensos.","datePublished":"2020-09-11T21:07:55+00:00","dateModified":"2020-09-11T21:10:05+00:00","mainEntityOfPage":{"@id":"https:\/\/prefecturadeesmeraldas.gob.ec\/index.php\/2020\/09\/11\/prefecta-participo-de-ceremonia-de-ascensos\/"},"wordCount":206,"publisher":{"@id":"https:\/\/prefecturadeesmeraldas.gob.ec\/#organization"},"image":{"@id":"https:\/\/prefecturadeesmeraldas.gob.ec\/index.php\/2020\/09\/11\/prefecta-participo-de-ceremonia-de-ascensos\/#primaryimage"},"thumbnailUrl":"https:\/\/prefecturadeesmeraldas.gob.ec\/wp-content\/uploads\/2020\/09\/BOLETIN-861.jpg","articleSection":["Institucional"],"inLanguage":"es"},{"@type":"WebPage","@id":"https:\/\/prefecturadeesmeraldas.gob.ec\/index.php\/2020\/09\/11\/prefecta-participo-de-ceremonia-de-ascensos\/","url":"https:\/\/prefecturadeesmeraldas.gob.ec\/index.php\/2020\/09\/11\/prefecta-participo-de-ceremonia-de-ascensos\/","name":"Prefecta particip\u00f3 de ceremonia de ascensos. - Gobierno Aut\u00f3nomo Descentralizado de la Provincia de Esmeraldas","isPartOf":{"@id":"https:\/\/prefecturadeesmeraldas.gob.ec\/#website"},"primaryImageOfPage":{"@id":"https:\/\/prefecturadeesmeraldas.gob.ec\/index.php\/2020\/09\/11\/prefecta-participo-de-ceremonia-de-ascensos\/#primaryimage"},"image":{"@id":"https:\/\/prefecturadeesmeraldas.gob.ec\/index.php\/2020\/09\/11\/prefecta-participo-de-ceremonia-de-ascensos\/#primaryimage"},"thumbnailUrl":"https:\/\/prefecturadeesmeraldas.gob.ec\/wp-content\/uploads\/2020\/09\/BOLETIN-861.jpg","datePublished":"2020-09-11T21:07:55+00:00","dateModified":"2020-09-11T21:10:05+00:00","breadcrumb":{"@id":"https:\/\/prefecturadeesmeraldas.gob.ec\/index.php\/2020\/09\/11\/prefecta-participo-de-ceremonia-de-ascensos\/#breadcrumb"},"inLanguage":"es","potentialAction":[{"@type":"ReadAction","target":["https:\/\/prefecturadeesmeraldas.gob.ec\/index.php\/2020\/09\/11\/prefecta-participo-de-ceremonia-de-ascensos\/"]}]},{"@type":"ImageObject","inLanguage":"es","@id":"https:\/\/prefecturadeesmeraldas.gob.ec\/index.php\/2020\/09\/11\/prefecta-participo-de-ceremonia-de-ascensos\/#primaryimage","url":"https:\/\/prefecturadeesmeraldas.gob.ec\/wp-content\/uploads\/2020\/09\/BOLETIN-861.jpg","contentUrl":"https:\/\/prefecturadeesmeraldas.gob.ec\/wp-content\/uploads\/2020\/09\/BOLETIN-861.jpg","width":1280,"height":1280},{"@type":"BreadcrumbList","@id":"https:\/\/prefecturadeesmeraldas.gob.ec\/index.php\/2020\/09\/11\/prefecta-participo-de-ceremonia-de-ascensos\/#breadcrumb","itemListElement":[{"@type":"ListItem","position":1,"name":"Home","item":"https:\/\/prefecturadeesmeraldas.gob.ec\/"},{"@type":"ListItem","position":2,"name":"Prefecta particip\u00f3 de ceremonia de ascensos."}]},{"@type":"WebSite","@id":"https:\/\/prefecturadeesmeraldas.gob.ec\/#website","url":"https:\/\/prefecturadeesmeraldas.gob.ec\/","name":"Gobierno Aut\u00f3nomo Descentralizado de la Provincia de Esmeraldas","description":"Gobierno Aut\u00f3nomo Descentralizado de la Provincia de Esmeraldas","publisher":{"@id":"https:\/\/prefecturadeesmeraldas.gob.ec\/#organization"},"potentialAction":[{"@type":"SearchAction","target":{"@type":"EntryPoint","urlTemplate":"https:\/\/prefecturadeesmeraldas.gob.ec\/?s={search_term_string}"},"query-input":{"@type":"PropertyValueSpecification","valueRequired":true,"valueName":"search_term_string"}}],"inLanguage":"es"},{"@type":"Organization","@id":"https:\/\/prefecturadeesmeraldas.gob.ec\/#organization","name":"Gobierno Aut\u00f3nomo Descentralizado de la Provincia de Esmeraldas","url":"https:\/\/prefecturadeesmeraldas.gob.ec\/","logo":{"@type":"ImageObject","inLanguage":"es","@id":"https:\/\/prefecturadeesmeraldas.gob.ec\/#\/schema\/logo\/image\/","url":"https:\/\/prefecturadeesmeraldas.gob.ec\/wp-content\/uploads\/2019\/06\/logo.png","contentUrl":"https:\/\/prefecturadeesmeraldas.gob.ec\/wp-content\/uploads\/2019\/06\/logo.png","width":859,"height":448,"caption":"Gobierno Aut\u00f3nomo Descentralizado de la Provincia de Esmeraldas"},"image":{"@id":"https:\/\/prefecturadeesmeraldas.gob.ec\/#\/schema\/logo\/image\/"},"sameAs":["https:\/\/www.facebook.com\/PrefecturaEsmeraldas\/"]},{"@type":"Person","@id":"https:\/\/prefecturadeesmeraldas.gob.ec\/#\/schema\/person\/b0c9e7b1ead7725994d1e319e8825234","name":"Direcci\u00f3n de Comunicaci\u00f3n","image":{"@type":"ImageObject","inLanguage":"es","@id":"https:\/\/prefecturadeesmeraldas.gob.ec\/#\/schema\/person\/image\/","url":"https:\/\/secure.gravatar.com\/avatar\/74a3870a946f5d774ade3569af61a72308e07ad3346f370c4b468ee2a9858658?s=96&d=mm&r=g","contentUrl":"https:\/\/secure.gravatar.com\/avatar\/74a3870a946f5d774ade3569af61a72308e07ad3346f370c4b468ee2a9858658?s=96&d=mm&r=g","caption":"Direcci\u00f3n de Comunicaci\u00f3n"}}]}},"_links":{"self":[{"href":"https:\/\/prefecturadeesmeraldas.gob.ec\/index.php\/wp-json\/wp\/v2\/posts\/6192","targetHints":{"allow":["GET"]}}],"collection":[{"href":"https:\/\/prefecturadeesmeraldas.gob.ec\/index.php\/wp-json\/wp\/v2\/posts"}],"about":[{"href":"https:\/\/prefecturadeesmeraldas.gob.ec\/index.php\/wp-json\/wp\/v2\/types\/post"}],"author":[{"embeddable":true,"href":"https:\/\/prefecturadeesmeraldas.gob.ec\/index.php\/wp-json\/wp\/v2\/users\/2"}],"replies":[{"embeddable":true,"href":"https:\/\/prefecturadeesmeraldas.gob.ec\/index.php\/wp-json\/wp\/v2\/comments?post=6192"}],"version-history":[{"count":0,"href":"https:\/\/prefecturadeesmeraldas.gob.ec\/index.php\/wp-json\/wp\/v2\/posts\/6192\/revisions"}],"wp:featuredmedia":[{"embeddable":true,"href":"https:\/\/prefecturadeesmeraldas.gob.ec\/index.php\/wp-json\/wp\/v2\/media\/6159"}],"wp:attachment":[{"href":"https:\/\/prefecturadeesmeraldas.gob.ec\/index.php\/wp-json\/wp\/v2\/media?parent=6192"}],"wp:term":[{"taxonomy":"category","embeddable":true,"href":"https:\/\/prefecturadeesmeraldas.gob.ec\/index.php\/wp-json\/wp\/v2\/categories?post=6192"},{"taxonomy":"post_tag","embeddable":true,"href":"https:\/\/prefecturadeesmeraldas.gob.ec\/index.php\/wp-json\/wp\/v2\/tags?post=6192"}],"curies":[{"name":"wp","href":"https:\/\/api.w.org\/{rel}","templated":true}]}}