{"id":6103,"date":"2020-09-10T11:38:23","date_gmt":"2020-09-10T16:38:23","guid":{"rendered":"http:\/\/prefecturadeesmeraldas.gob.ec\/?p=6103"},"modified":"2020-09-10T11:40:18","modified_gmt":"2020-09-10T16:40:18","slug":"el-banco-de-desarrollo-verifica-la-correcta-inversion-de-recurso","status":"publish","type":"post","link":"https:\/\/prefecturadeesmeraldas.gob.ec\/index.php\/2020\/09\/10\/el-banco-de-desarrollo-verifica-la-correcta-inversion-de-recurso\/","title":{"rendered":"El Banco de Desarrollo verifica la correcta inversi\u00f3n de recurso."},"content":{"rendered":"\t\t<div data-elementor-type=\"wp-post\" data-elementor-id=\"6103\" class=\"elementor elementor-6103\">\n\t\t\t\t\t\t<section class=\"elementor-section elementor-top-section elementor-element elementor-element-921637b elementor-section-boxed elementor-section-height-default elementor-section-height-default\" data-id=\"921637b\" data-element_type=\"section\">\n\t\t\t\t\t\t<div class=\"elementor-container elementor-column-gap-default\">\n\t\t\t\t\t<div class=\"elementor-column elementor-col-100 elementor-top-column elementor-element elementor-element-bb9b9c1\" data-id=\"bb9b9c1\" data-element_type=\"column\">\n\t\t\t<div class=\"elementor-widget-wrap elementor-element-populated\">\n\t\t\t\t\t\t<div class=\"elementor-element elementor-element-2f97ca0 elementor-widget elementor-widget-image\" data-id=\"2f97ca0\" data-element_type=\"widget\" data-widget_type=\"image.default\">\n\t\t\t\t<div class=\"elementor-widget-container\">\n\t\t\t\t\t\t\t\t\t\t\t\t\t\t\t<img fetchpriority=\"high\" decoding=\"async\" width=\"1024\" height=\"1024\" src=\"https:\/\/prefecturadeesmeraldas.gob.ec\/wp-content\/uploads\/2020\/09\/boletin-819-1024x1024.jpg\" class=\"attachment-large size-large wp-image-5990\" alt=\"\" srcset=\"https:\/\/prefecturadeesmeraldas.gob.ec\/wp-content\/uploads\/2020\/09\/boletin-819-1024x1024.jpg 1024w, https:\/\/prefecturadeesmeraldas.gob.ec\/wp-content\/uploads\/2020\/09\/boletin-819-240x240.jpg 240w, https:\/\/prefecturadeesmeraldas.gob.ec\/wp-content\/uploads\/2020\/09\/boletin-819-1080x1080.jpg 1080w, https:\/\/prefecturadeesmeraldas.gob.ec\/wp-content\/uploads\/2020\/09\/boletin-819-150x150.jpg 150w, https:\/\/prefecturadeesmeraldas.gob.ec\/wp-content\/uploads\/2020\/09\/boletin-819-300x300.jpg 300w, https:\/\/prefecturadeesmeraldas.gob.ec\/wp-content\/uploads\/2020\/09\/boletin-819-768x768.jpg 768w, https:\/\/prefecturadeesmeraldas.gob.ec\/wp-content\/uploads\/2020\/09\/boletin-819.jpg 1280w\" sizes=\"(max-width: 1024px) 100vw, 1024px\" \/>\t\t\t\t\t\t\t\t\t\t\t\t\t\t\t<\/div>\n\t\t\t\t<\/div>\n\t\t\t\t\t<\/div>\n\t\t<\/div>\n\t\t\t\t\t<\/div>\n\t\t<\/section>\n\t\t\t\t<section class=\"elementor-section elementor-top-section elementor-element elementor-element-93d7fa1 elementor-section-boxed elementor-section-height-default elementor-section-height-default\" data-id=\"93d7fa1\" data-element_type=\"section\">\n\t\t\t\t\t\t<div class=\"elementor-container elementor-column-gap-default\">\n\t\t\t\t\t<div class=\"elementor-column elementor-col-100 elementor-top-column elementor-element elementor-element-007c85e\" data-id=\"007c85e\" data-element_type=\"column\">\n\t\t\t<div class=\"elementor-widget-wrap elementor-element-populated\">\n\t\t\t\t\t\t<div class=\"elementor-element elementor-element-09598f3 elementor-widget elementor-widget-text-editor\" data-id=\"09598f3\" data-element_type=\"widget\" data-widget_type=\"text-editor.default\">\n\t\t\t\t<div class=\"elementor-widget-container\">\n\t\t\t\t\t\t\t\t\t<p>Los habitantes del recinto Timbre, de la parroquia San Mateo, cant\u00f3n Esmeraldas, recibieron la visita del representante del Banco de Desarrollo del Ecuador. Su objetivo fue, verificar la correcta inversi\u00f3n de recursos econ\u00f3micos otorgados a la Prefectura, para la construcci\u00f3n del sistema de riego Timbre \u2018Fase 2\u2019. Roberta Zambrano, prefecta de la provincia, acompa\u00f1\u00f3 en el recorrido por la obra que, gracias al buen desempe\u00f1o evidenciado, dar\u00e1 paso a nuevos desembolsos para la culminaci\u00f3n del proyecto, que se encuentra en un 60% de su ejecuci\u00f3n.<\/p><p>Seg\u00fan manifest\u00f3 durante su visita, <strong>Gustavo Pilla,<\/strong> Gerente Regional de la sucursal norte del Banco de Desarrollo, la instituci\u00f3n financiera, comprometida con el apoyo a los distintos gobiernos aut\u00f3nomos descentralizados, busca reactivar la econom\u00eda, con las obras ya financiadas, para tramitar desembolsos y nuevos financiamientos.<\/p><p><strong>William Cede\u00f1o<\/strong>, contratista de la obra, observ\u00f3 de forma positiva el inter\u00e9s mostrado por Roberta Zambrano, prefecta de Esmeraldas, que, acompa\u00f1ada del Gerente de la Sucursal norte del Banco de Desarrollo, acudieron hasta el sitio para verificar el avance del importante proyecto de riego, que, durante su construcci\u00f3n, genera cerca de 100 plazas de empleo directo y beneficiar\u00e1 a m\u00e1s de 1000 personas.<\/p>\t\t\t\t\t\t\t\t<\/div>\n\t\t\t\t<\/div>\n\t\t\t\t\t<\/div>\n\t\t<\/div>\n\t\t\t\t\t<\/div>\n\t\t<\/section>\n\t\t\t\t<\/div>\n\t\t","protected":false},"excerpt":{"rendered":"<p>Los habitantes del recinto Timbre, de la parroquia San Mateo, cant\u00f3n Esmeraldas, recibieron la visita del representante del Banco de Desarrollo del Ecuador. Su objetivo fue, verificar la correcta inversi\u00f3n de recursos econ\u00f3micos otorgados a la Prefectura, para la construcci\u00f3n del sistema de riego Timbre \u2018Fase 2\u2019. Roberta Zambrano, prefecta de la provincia, acompa\u00f1\u00f3 en [&hellip;]<\/p>\n","protected":false},"author":2,"featured_media":5990,"comment_status":"closed","ping_status":"open","sticky":false,"template":"","format":"standard","meta":{"footnotes":""},"categories":[17],"tags":[],"class_list":["post-6103","post","type-post","status-publish","format-standard","has-post-thumbnail","hentry","category-cuencas-riego-y-drenaje"],"yoast_head":"<!-- This site is optimized with the Yoast SEO plugin v25.7 - https:\/\/yoast.com\/wordpress\/plugins\/seo\/ -->\n<title>El Banco de Desarrollo verifica la correcta inversi\u00f3n de recurso. - Gobierno Aut\u00f3nomo Descentralizado de la Provincia de Esmeraldas<\/title>\n<meta name=\"robots\" content=\"index, follow, max-snippet:-1, max-image-preview:large, max-video-preview:-1\" \/>\n<link rel=\"canonical\" href=\"https:\/\/prefecturadeesmeraldas.gob.ec\/index.php\/2020\/09\/10\/el-banco-de-desarrollo-verifica-la-correcta-inversion-de-recurso\/\" \/>\n<meta property=\"og:locale\" content=\"es_ES\" \/>\n<meta property=\"og:type\" content=\"article\" \/>\n<meta property=\"og:title\" content=\"El Banco de Desarrollo verifica la correcta inversi\u00f3n de recurso. - Gobierno Aut\u00f3nomo Descentralizado de la Provincia de Esmeraldas\" \/>\n<meta property=\"og:description\" content=\"Los habitantes del recinto Timbre, de la parroquia San Mateo, cant\u00f3n Esmeraldas, recibieron la visita del representante del Banco de Desarrollo del Ecuador. Su objetivo fue, verificar la correcta inversi\u00f3n de recursos econ\u00f3micos otorgados a la Prefectura, para la construcci\u00f3n del sistema de riego Timbre \u2018Fase 2\u2019. Roberta Zambrano, prefecta de la provincia, acompa\u00f1\u00f3 en [&hellip;]\" \/>\n<meta property=\"og:url\" content=\"https:\/\/prefecturadeesmeraldas.gob.ec\/index.php\/2020\/09\/10\/el-banco-de-desarrollo-verifica-la-correcta-inversion-de-recurso\/\" \/>\n<meta property=\"og:site_name\" content=\"Gobierno Aut\u00f3nomo Descentralizado de la Provincia de Esmeraldas\" \/>\n<meta property=\"article:publisher\" content=\"https:\/\/www.facebook.com\/PrefecturaEsmeraldas\/\" \/>\n<meta property=\"article:published_time\" content=\"2020-09-10T16:38:23+00:00\" \/>\n<meta property=\"article:modified_time\" content=\"2020-09-10T16:40:18+00:00\" \/>\n<meta property=\"og:image\" content=\"https:\/\/prefecturadeesmeraldas.gob.ec\/wp-content\/uploads\/2020\/09\/boletin-819.jpg\" \/>\n\t<meta property=\"og:image:width\" content=\"1280\" \/>\n\t<meta property=\"og:image:height\" content=\"1280\" \/>\n\t<meta property=\"og:image:type\" content=\"image\/jpeg\" \/>\n<meta name=\"author\" content=\"Direcci\u00f3n de Comunicaci\u00f3n\" \/>\n<meta name=\"twitter:card\" content=\"summary_large_image\" \/>\n<meta name=\"twitter:label1\" content=\"Escrito por\" \/>\n\t<meta name=\"twitter:data1\" content=\"Direcci\u00f3n de Comunicaci\u00f3n\" \/>\n\t<meta name=\"twitter:label2\" content=\"Tiempo de lectura\" \/>\n\t<meta name=\"twitter:data2\" content=\"1 minuto\" \/>\n<script type=\"application\/ld+json\" class=\"yoast-schema-graph\">{\"@context\":\"https:\/\/schema.org\",\"@graph\":[{\"@type\":\"Article\",\"@id\":\"https:\/\/prefecturadeesmeraldas.gob.ec\/index.php\/2020\/09\/10\/el-banco-de-desarrollo-verifica-la-correcta-inversion-de-recurso\/#article\",\"isPartOf\":{\"@id\":\"https:\/\/prefecturadeesmeraldas.gob.ec\/index.php\/2020\/09\/10\/el-banco-de-desarrollo-verifica-la-correcta-inversion-de-recurso\/\"},\"author\":{\"name\":\"Direcci\u00f3n de Comunicaci\u00f3n\",\"@id\":\"https:\/\/prefecturadeesmeraldas.gob.ec\/#\/schema\/person\/b0c9e7b1ead7725994d1e319e8825234\"},\"headline\":\"El Banco de Desarrollo verifica la correcta inversi\u00f3n de recurso.\",\"datePublished\":\"2020-09-10T16:38:23+00:00\",\"dateModified\":\"2020-09-10T16:40:18+00:00\",\"mainEntityOfPage\":{\"@id\":\"https:\/\/prefecturadeesmeraldas.gob.ec\/index.php\/2020\/09\/10\/el-banco-de-desarrollo-verifica-la-correcta-inversion-de-recurso\/\"},\"wordCount\":216,\"publisher\":{\"@id\":\"https:\/\/prefecturadeesmeraldas.gob.ec\/#organization\"},\"image\":{\"@id\":\"https:\/\/prefecturadeesmeraldas.gob.ec\/index.php\/2020\/09\/10\/el-banco-de-desarrollo-verifica-la-correcta-inversion-de-recurso\/#primaryimage\"},\"thumbnailUrl\":\"https:\/\/prefecturadeesmeraldas.gob.ec\/wp-content\/uploads\/2020\/09\/boletin-819.jpg\",\"articleSection\":[\"Cuencas, Riego y Drenaje\"],\"inLanguage\":\"es\"},{\"@type\":\"WebPage\",\"@id\":\"https:\/\/prefecturadeesmeraldas.gob.ec\/index.php\/2020\/09\/10\/el-banco-de-desarrollo-verifica-la-correcta-inversion-de-recurso\/\",\"url\":\"https:\/\/prefecturadeesmeraldas.gob.ec\/index.php\/2020\/09\/10\/el-banco-de-desarrollo-verifica-la-correcta-inversion-de-recurso\/\",\"name\":\"El Banco de Desarrollo verifica la correcta inversi\u00f3n de recurso. - Gobierno Aut\u00f3nomo Descentralizado de la Provincia de Esmeraldas\",\"isPartOf\":{\"@id\":\"https:\/\/prefecturadeesmeraldas.gob.ec\/#website\"},\"primaryImageOfPage\":{\"@id\":\"https:\/\/prefecturadeesmeraldas.gob.ec\/index.php\/2020\/09\/10\/el-banco-de-desarrollo-verifica-la-correcta-inversion-de-recurso\/#primaryimage\"},\"image\":{\"@id\":\"https:\/\/prefecturadeesmeraldas.gob.ec\/index.php\/2020\/09\/10\/el-banco-de-desarrollo-verifica-la-correcta-inversion-de-recurso\/#primaryimage\"},\"thumbnailUrl\":\"https:\/\/prefecturadeesmeraldas.gob.ec\/wp-content\/uploads\/2020\/09\/boletin-819.jpg\",\"datePublished\":\"2020-09-10T16:38:23+00:00\",\"dateModified\":\"2020-09-10T16:40:18+00:00\",\"breadcrumb\":{\"@id\":\"https:\/\/prefecturadeesmeraldas.gob.ec\/index.php\/2020\/09\/10\/el-banco-de-desarrollo-verifica-la-correcta-inversion-de-recurso\/#breadcrumb\"},\"inLanguage\":\"es\",\"potentialAction\":[{\"@type\":\"ReadAction\",\"target\":[\"https:\/\/prefecturadeesmeraldas.gob.ec\/index.php\/2020\/09\/10\/el-banco-de-desarrollo-verifica-la-correcta-inversion-de-recurso\/\"]}]},{\"@type\":\"ImageObject\",\"inLanguage\":\"es\",\"@id\":\"https:\/\/prefecturadeesmeraldas.gob.ec\/index.php\/2020\/09\/10\/el-banco-de-desarrollo-verifica-la-correcta-inversion-de-recurso\/#primaryimage\",\"url\":\"https:\/\/prefecturadeesmeraldas.gob.ec\/wp-content\/uploads\/2020\/09\/boletin-819.jpg\",\"contentUrl\":\"https:\/\/prefecturadeesmeraldas.gob.ec\/wp-content\/uploads\/2020\/09\/boletin-819.jpg\",\"width\":1280,\"height\":1280},{\"@type\":\"BreadcrumbList\",\"@id\":\"https:\/\/prefecturadeesmeraldas.gob.ec\/index.php\/2020\/09\/10\/el-banco-de-desarrollo-verifica-la-correcta-inversion-de-recurso\/#breadcrumb\",\"itemListElement\":[{\"@type\":\"ListItem\",\"position\":1,\"name\":\"Home\",\"item\":\"https:\/\/prefecturadeesmeraldas.gob.ec\/\"},{\"@type\":\"ListItem\",\"position\":2,\"name\":\"El Banco de Desarrollo verifica la correcta inversi\u00f3n de recurso.\"}]},{\"@type\":\"WebSite\",\"@id\":\"https:\/\/prefecturadeesmeraldas.gob.ec\/#website\",\"url\":\"https:\/\/prefecturadeesmeraldas.gob.ec\/\",\"name\":\"Gobierno Aut\u00f3nomo Descentralizado de la Provincia de Esmeraldas\",\"description\":\"Gobierno Aut\u00f3nomo Descentralizado de la Provincia de Esmeraldas\",\"publisher\":{\"@id\":\"https:\/\/prefecturadeesmeraldas.gob.ec\/#organization\"},\"potentialAction\":[{\"@type\":\"SearchAction\",\"target\":{\"@type\":\"EntryPoint\",\"urlTemplate\":\"https:\/\/prefecturadeesmeraldas.gob.ec\/?s={search_term_string}\"},\"query-input\":{\"@type\":\"PropertyValueSpecification\",\"valueRequired\":true,\"valueName\":\"search_term_string\"}}],\"inLanguage\":\"es\"},{\"@type\":\"Organization\",\"@id\":\"https:\/\/prefecturadeesmeraldas.gob.ec\/#organization\",\"name\":\"Gobierno Aut\u00f3nomo Descentralizado de la Provincia de Esmeraldas\",\"url\":\"https:\/\/prefecturadeesmeraldas.gob.ec\/\",\"logo\":{\"@type\":\"ImageObject\",\"inLanguage\":\"es\",\"@id\":\"https:\/\/prefecturadeesmeraldas.gob.ec\/#\/schema\/logo\/image\/\",\"url\":\"https:\/\/prefecturadeesmeraldas.gob.ec\/wp-content\/uploads\/2019\/06\/logo.png\",\"contentUrl\":\"https:\/\/prefecturadeesmeraldas.gob.ec\/wp-content\/uploads\/2019\/06\/logo.png\",\"width\":859,\"height\":448,\"caption\":\"Gobierno Aut\u00f3nomo Descentralizado de la Provincia de Esmeraldas\"},\"image\":{\"@id\":\"https:\/\/prefecturadeesmeraldas.gob.ec\/#\/schema\/logo\/image\/\"},\"sameAs\":[\"https:\/\/www.facebook.com\/PrefecturaEsmeraldas\/\"]},{\"@type\":\"Person\",\"@id\":\"https:\/\/prefecturadeesmeraldas.gob.ec\/#\/schema\/person\/b0c9e7b1ead7725994d1e319e8825234\",\"name\":\"Direcci\u00f3n de Comunicaci\u00f3n\",\"image\":{\"@type\":\"ImageObject\",\"inLanguage\":\"es\",\"@id\":\"https:\/\/prefecturadeesmeraldas.gob.ec\/#\/schema\/person\/image\/\",\"url\":\"https:\/\/secure.gravatar.com\/avatar\/74a3870a946f5d774ade3569af61a72308e07ad3346f370c4b468ee2a9858658?s=96&d=mm&r=g\",\"contentUrl\":\"https:\/\/secure.gravatar.com\/avatar\/74a3870a946f5d774ade3569af61a72308e07ad3346f370c4b468ee2a9858658?s=96&d=mm&r=g\",\"caption\":\"Direcci\u00f3n de Comunicaci\u00f3n\"}}]}<\/script>\n<!-- \/ Yoast SEO plugin. -->","yoast_head_json":{"title":"El Banco de Desarrollo verifica la correcta inversi\u00f3n de recurso. - Gobierno Aut\u00f3nomo Descentralizado de la Provincia de Esmeraldas","robots":{"index":"index","follow":"follow","max-snippet":"max-snippet:-1","max-image-preview":"max-image-preview:large","max-video-preview":"max-video-preview:-1"},"canonical":"https:\/\/prefecturadeesmeraldas.gob.ec\/index.php\/2020\/09\/10\/el-banco-de-desarrollo-verifica-la-correcta-inversion-de-recurso\/","og_locale":"es_ES","og_type":"article","og_title":"El Banco de Desarrollo verifica la correcta inversi\u00f3n de recurso. - Gobierno Aut\u00f3nomo Descentralizado de la Provincia de Esmeraldas","og_description":"Los habitantes del recinto Timbre, de la parroquia San Mateo, cant\u00f3n Esmeraldas, recibieron la visita del representante del Banco de Desarrollo del Ecuador. Su objetivo fue, verificar la correcta inversi\u00f3n de recursos econ\u00f3micos otorgados a la Prefectura, para la construcci\u00f3n del sistema de riego Timbre \u2018Fase 2\u2019. Roberta Zambrano, prefecta de la provincia, acompa\u00f1\u00f3 en [&hellip;]","og_url":"https:\/\/prefecturadeesmeraldas.gob.ec\/index.php\/2020\/09\/10\/el-banco-de-desarrollo-verifica-la-correcta-inversion-de-recurso\/","og_site_name":"Gobierno Aut\u00f3nomo Descentralizado de la Provincia de Esmeraldas","article_publisher":"https:\/\/www.facebook.com\/PrefecturaEsmeraldas\/","article_published_time":"2020-09-10T16:38:23+00:00","article_modified_time":"2020-09-10T16:40:18+00:00","og_image":[{"width":1280,"height":1280,"url":"https:\/\/prefecturadeesmeraldas.gob.ec\/wp-content\/uploads\/2020\/09\/boletin-819.jpg","type":"image\/jpeg"}],"author":"Direcci\u00f3n de Comunicaci\u00f3n","twitter_card":"summary_large_image","twitter_misc":{"Escrito por":"Direcci\u00f3n de Comunicaci\u00f3n","Tiempo de lectura":"1 minuto"},"schema":{"@context":"https:\/\/schema.org","@graph":[{"@type":"Article","@id":"https:\/\/prefecturadeesmeraldas.gob.ec\/index.php\/2020\/09\/10\/el-banco-de-desarrollo-verifica-la-correcta-inversion-de-recurso\/#article","isPartOf":{"@id":"https:\/\/prefecturadeesmeraldas.gob.ec\/index.php\/2020\/09\/10\/el-banco-de-desarrollo-verifica-la-correcta-inversion-de-recurso\/"},"author":{"name":"Direcci\u00f3n de Comunicaci\u00f3n","@id":"https:\/\/prefecturadeesmeraldas.gob.ec\/#\/schema\/person\/b0c9e7b1ead7725994d1e319e8825234"},"headline":"El Banco de Desarrollo verifica la correcta inversi\u00f3n de recurso.","datePublished":"2020-09-10T16:38:23+00:00","dateModified":"2020-09-10T16:40:18+00:00","mainEntityOfPage":{"@id":"https:\/\/prefecturadeesmeraldas.gob.ec\/index.php\/2020\/09\/10\/el-banco-de-desarrollo-verifica-la-correcta-inversion-de-recurso\/"},"wordCount":216,"publisher":{"@id":"https:\/\/prefecturadeesmeraldas.gob.ec\/#organization"},"image":{"@id":"https:\/\/prefecturadeesmeraldas.gob.ec\/index.php\/2020\/09\/10\/el-banco-de-desarrollo-verifica-la-correcta-inversion-de-recurso\/#primaryimage"},"thumbnailUrl":"https:\/\/prefecturadeesmeraldas.gob.ec\/wp-content\/uploads\/2020\/09\/boletin-819.jpg","articleSection":["Cuencas, Riego y Drenaje"],"inLanguage":"es"},{"@type":"WebPage","@id":"https:\/\/prefecturadeesmeraldas.gob.ec\/index.php\/2020\/09\/10\/el-banco-de-desarrollo-verifica-la-correcta-inversion-de-recurso\/","url":"https:\/\/prefecturadeesmeraldas.gob.ec\/index.php\/2020\/09\/10\/el-banco-de-desarrollo-verifica-la-correcta-inversion-de-recurso\/","name":"El Banco de Desarrollo verifica la correcta inversi\u00f3n de recurso. - Gobierno Aut\u00f3nomo Descentralizado de la Provincia de Esmeraldas","isPartOf":{"@id":"https:\/\/prefecturadeesmeraldas.gob.ec\/#website"},"primaryImageOfPage":{"@id":"https:\/\/prefecturadeesmeraldas.gob.ec\/index.php\/2020\/09\/10\/el-banco-de-desarrollo-verifica-la-correcta-inversion-de-recurso\/#primaryimage"},"image":{"@id":"https:\/\/prefecturadeesmeraldas.gob.ec\/index.php\/2020\/09\/10\/el-banco-de-desarrollo-verifica-la-correcta-inversion-de-recurso\/#primaryimage"},"thumbnailUrl":"https:\/\/prefecturadeesmeraldas.gob.ec\/wp-content\/uploads\/2020\/09\/boletin-819.jpg","datePublished":"2020-09-10T16:38:23+00:00","dateModified":"2020-09-10T16:40:18+00:00","breadcrumb":{"@id":"https:\/\/prefecturadeesmeraldas.gob.ec\/index.php\/2020\/09\/10\/el-banco-de-desarrollo-verifica-la-correcta-inversion-de-recurso\/#breadcrumb"},"inLanguage":"es","potentialAction":[{"@type":"ReadAction","target":["https:\/\/prefecturadeesmeraldas.gob.ec\/index.php\/2020\/09\/10\/el-banco-de-desarrollo-verifica-la-correcta-inversion-de-recurso\/"]}]},{"@type":"ImageObject","inLanguage":"es","@id":"https:\/\/prefecturadeesmeraldas.gob.ec\/index.php\/2020\/09\/10\/el-banco-de-desarrollo-verifica-la-correcta-inversion-de-recurso\/#primaryimage","url":"https:\/\/prefecturadeesmeraldas.gob.ec\/wp-content\/uploads\/2020\/09\/boletin-819.jpg","contentUrl":"https:\/\/prefecturadeesmeraldas.gob.ec\/wp-content\/uploads\/2020\/09\/boletin-819.jpg","width":1280,"height":1280},{"@type":"BreadcrumbList","@id":"https:\/\/prefecturadeesmeraldas.gob.ec\/index.php\/2020\/09\/10\/el-banco-de-desarrollo-verifica-la-correcta-inversion-de-recurso\/#breadcrumb","itemListElement":[{"@type":"ListItem","position":1,"name":"Home","item":"https:\/\/prefecturadeesmeraldas.gob.ec\/"},{"@type":"ListItem","position":2,"name":"El Banco de Desarrollo verifica la correcta inversi\u00f3n de recurso."}]},{"@type":"WebSite","@id":"https:\/\/prefecturadeesmeraldas.gob.ec\/#website","url":"https:\/\/prefecturadeesmeraldas.gob.ec\/","name":"Gobierno Aut\u00f3nomo Descentralizado de la Provincia de Esmeraldas","description":"Gobierno Aut\u00f3nomo Descentralizado de la Provincia de Esmeraldas","publisher":{"@id":"https:\/\/prefecturadeesmeraldas.gob.ec\/#organization"},"potentialAction":[{"@type":"SearchAction","target":{"@type":"EntryPoint","urlTemplate":"https:\/\/prefecturadeesmeraldas.gob.ec\/?s={search_term_string}"},"query-input":{"@type":"PropertyValueSpecification","valueRequired":true,"valueName":"search_term_string"}}],"inLanguage":"es"},{"@type":"Organization","@id":"https:\/\/prefecturadeesmeraldas.gob.ec\/#organization","name":"Gobierno Aut\u00f3nomo Descentralizado de la Provincia de Esmeraldas","url":"https:\/\/prefecturadeesmeraldas.gob.ec\/","logo":{"@type":"ImageObject","inLanguage":"es","@id":"https:\/\/prefecturadeesmeraldas.gob.ec\/#\/schema\/logo\/image\/","url":"https:\/\/prefecturadeesmeraldas.gob.ec\/wp-content\/uploads\/2019\/06\/logo.png","contentUrl":"https:\/\/prefecturadeesmeraldas.gob.ec\/wp-content\/uploads\/2019\/06\/logo.png","width":859,"height":448,"caption":"Gobierno Aut\u00f3nomo Descentralizado de la Provincia de Esmeraldas"},"image":{"@id":"https:\/\/prefecturadeesmeraldas.gob.ec\/#\/schema\/logo\/image\/"},"sameAs":["https:\/\/www.facebook.com\/PrefecturaEsmeraldas\/"]},{"@type":"Person","@id":"https:\/\/prefecturadeesmeraldas.gob.ec\/#\/schema\/person\/b0c9e7b1ead7725994d1e319e8825234","name":"Direcci\u00f3n de Comunicaci\u00f3n","image":{"@type":"ImageObject","inLanguage":"es","@id":"https:\/\/prefecturadeesmeraldas.gob.ec\/#\/schema\/person\/image\/","url":"https:\/\/secure.gravatar.com\/avatar\/74a3870a946f5d774ade3569af61a72308e07ad3346f370c4b468ee2a9858658?s=96&d=mm&r=g","contentUrl":"https:\/\/secure.gravatar.com\/avatar\/74a3870a946f5d774ade3569af61a72308e07ad3346f370c4b468ee2a9858658?s=96&d=mm&r=g","caption":"Direcci\u00f3n de Comunicaci\u00f3n"}}]}},"_links":{"self":[{"href":"https:\/\/prefecturadeesmeraldas.gob.ec\/index.php\/wp-json\/wp\/v2\/posts\/6103","targetHints":{"allow":["GET"]}}],"collection":[{"href":"https:\/\/prefecturadeesmeraldas.gob.ec\/index.php\/wp-json\/wp\/v2\/posts"}],"about":[{"href":"https:\/\/prefecturadeesmeraldas.gob.ec\/index.php\/wp-json\/wp\/v2\/types\/post"}],"author":[{"embeddable":true,"href":"https:\/\/prefecturadeesmeraldas.gob.ec\/index.php\/wp-json\/wp\/v2\/users\/2"}],"replies":[{"embeddable":true,"href":"https:\/\/prefecturadeesmeraldas.gob.ec\/index.php\/wp-json\/wp\/v2\/comments?post=6103"}],"version-history":[{"count":0,"href":"https:\/\/prefecturadeesmeraldas.gob.ec\/index.php\/wp-json\/wp\/v2\/posts\/6103\/revisions"}],"wp:featuredmedia":[{"embeddable":true,"href":"https:\/\/prefecturadeesmeraldas.gob.ec\/index.php\/wp-json\/wp\/v2\/media\/5990"}],"wp:attachment":[{"href":"https:\/\/prefecturadeesmeraldas.gob.ec\/index.php\/wp-json\/wp\/v2\/media?parent=6103"}],"wp:term":[{"taxonomy":"category","embeddable":true,"href":"https:\/\/prefecturadeesmeraldas.gob.ec\/index.php\/wp-json\/wp\/v2\/categories?post=6103"},{"taxonomy":"post_tag","embeddable":true,"href":"https:\/\/prefecturadeesmeraldas.gob.ec\/index.php\/wp-json\/wp\/v2\/tags?post=6103"}],"curies":[{"name":"wp","href":"https:\/\/api.w.org\/{rel}","templated":true}]}}