{"id":5707,"date":"2020-08-13T11:07:55","date_gmt":"2020-08-13T16:07:55","guid":{"rendered":"http:\/\/prefecturadeesmeraldas.gob.ec\/?p=5707"},"modified":"2020-08-13T11:09:17","modified_gmt":"2020-08-13T16:09:17","slug":"trabajos-en-ejecucion-y-nuevas-obras-para-quininde","status":"publish","type":"post","link":"https:\/\/prefecturadeesmeraldas.gob.ec\/index.php\/2020\/08\/13\/trabajos-en-ejecucion-y-nuevas-obras-para-quininde\/","title":{"rendered":"Trabajos en ejecuci\u00f3n y nuevas obras para Quinind\u00e9."},"content":{"rendered":"\t\t<div data-elementor-type=\"wp-post\" data-elementor-id=\"5707\" class=\"elementor elementor-5707\">\n\t\t\t\t\t\t<section class=\"elementor-section elementor-top-section elementor-element elementor-element-318d8c9 elementor-section-boxed elementor-section-height-default elementor-section-height-default\" data-id=\"318d8c9\" data-element_type=\"section\">\n\t\t\t\t\t\t<div class=\"elementor-container elementor-column-gap-default\">\n\t\t\t\t\t<div class=\"elementor-column elementor-col-100 elementor-top-column elementor-element elementor-element-442e01c\" data-id=\"442e01c\" data-element_type=\"column\">\n\t\t\t<div class=\"elementor-widget-wrap elementor-element-populated\">\n\t\t\t\t\t\t<div class=\"elementor-element elementor-element-cd12397 elementor-widget elementor-widget-image\" data-id=\"cd12397\" data-element_type=\"widget\" data-widget_type=\"image.default\">\n\t\t\t\t<div class=\"elementor-widget-container\">\n\t\t\t\t\t\t\t\t\t\t\t\t\t\t\t<img fetchpriority=\"high\" decoding=\"async\" width=\"1024\" height=\"1024\" src=\"https:\/\/prefecturadeesmeraldas.gob.ec\/wp-content\/uploads\/2020\/08\/WhatsApp-Image-2020-08-12-at-10.26.12-1024x1024.jpeg\" class=\"attachment-large size-large wp-image-5709\" alt=\"\" srcset=\"https:\/\/prefecturadeesmeraldas.gob.ec\/wp-content\/uploads\/2020\/08\/WhatsApp-Image-2020-08-12-at-10.26.12-1024x1024.jpeg 1024w, https:\/\/prefecturadeesmeraldas.gob.ec\/wp-content\/uploads\/2020\/08\/WhatsApp-Image-2020-08-12-at-10.26.12-240x240.jpeg 240w, https:\/\/prefecturadeesmeraldas.gob.ec\/wp-content\/uploads\/2020\/08\/WhatsApp-Image-2020-08-12-at-10.26.12-1080x1080.jpeg 1080w, https:\/\/prefecturadeesmeraldas.gob.ec\/wp-content\/uploads\/2020\/08\/WhatsApp-Image-2020-08-12-at-10.26.12-150x150.jpeg 150w, https:\/\/prefecturadeesmeraldas.gob.ec\/wp-content\/uploads\/2020\/08\/WhatsApp-Image-2020-08-12-at-10.26.12-300x300.jpeg 300w, https:\/\/prefecturadeesmeraldas.gob.ec\/wp-content\/uploads\/2020\/08\/WhatsApp-Image-2020-08-12-at-10.26.12-768x768.jpeg 768w, https:\/\/prefecturadeesmeraldas.gob.ec\/wp-content\/uploads\/2020\/08\/WhatsApp-Image-2020-08-12-at-10.26.12.jpeg 1280w\" sizes=\"(max-width: 1024px) 100vw, 1024px\" \/>\t\t\t\t\t\t\t\t\t\t\t\t\t\t\t<\/div>\n\t\t\t\t<\/div>\n\t\t\t\t\t<\/div>\n\t\t<\/div>\n\t\t\t\t\t<\/div>\n\t\t<\/section>\n\t\t\t\t<section class=\"elementor-section elementor-top-section elementor-element elementor-element-f1e3f7f elementor-section-boxed elementor-section-height-default elementor-section-height-default\" data-id=\"f1e3f7f\" data-element_type=\"section\">\n\t\t\t\t\t\t<div class=\"elementor-container elementor-column-gap-default\">\n\t\t\t\t\t<div class=\"elementor-column elementor-col-100 elementor-top-column elementor-element elementor-element-23e3140\" data-id=\"23e3140\" data-element_type=\"column\">\n\t\t\t<div class=\"elementor-widget-wrap elementor-element-populated\">\n\t\t\t\t\t\t<div class=\"elementor-element elementor-element-7439114 elementor-widget elementor-widget-text-editor\" data-id=\"7439114\" data-element_type=\"widget\" data-widget_type=\"text-editor.default\">\n\t\t\t\t<div class=\"elementor-widget-container\">\n\t\t\t\t\t\t\t\t\t<p>La socializaci\u00f3n de nuevos proyectos de mejoramiento vial y la ejecuci\u00f3n de nuevos trabajos, estuvo a cargo de <strong>Roberta Zambrano,<\/strong> Prefecta de Esmeraldas, en entrevista para MEGAVISI\u00d3N, medio de comunicaci\u00f3n del cant\u00f3n Quinind\u00e9. Durante su intervenci\u00f3n, expuso aciertos, inconvenientes y logros obtenidos durante su gesti\u00f3n.<\/p><p>Para comenzar, la Prefecta record\u00f3 que la provincia de Esmeraldas estuvo sometida a un abandono constante durante los \u00faltimos 14 a\u00f1os de administraci\u00f3n, lo cual ampli\u00f3 la brecha de necesidades. Recapitul\u00f3 los trabajos y las gestiones emprendidas hasta el momento por su administraci\u00f3n.<\/p><p><strong>Hizo referencia al programa de mejoramiento de la conectividad, anunciando la instalaci\u00f3n de 27 nuevos puntos gratuititos de internet wifi, como parte de la segunda etapa ya en ejecuci\u00f3n.<\/strong><\/p><p>Record\u00f3 que, pese a las dificultades econ\u00f3micas y deudas que mantiene el Gobierno Nacional con la Prefectura, se siguen atendiendo las obligaciones conforme a la planificaci\u00f3n.<\/p><p>En concordancia, dijo actuar con prudencia y apegada a la realidad, pues las quejas y necesidades acumuladas durante los pasados 14 a\u00f1os de administraci\u00f3n, \u201cson grandes\u201d.<\/p><p>Respecto a los l\u00edmites provinciales, fue directa al decir que son posiciones influenciadas por agentes basados en el inter\u00e9s de cercenar el territorio esmeralde\u00f1o, por lo que ratific\u00f3 su compromiso de llegar con obras de mejoramiento vial y proyectos de asfaltado hasta las comunidades situadas en la zona lim\u00edtrofe con Manab\u00ed y Santo Domingo.<\/p><p>Entorno al <strong>asfaltado de los 9 kil\u00f3metros que comprende la v\u00eda Cupa, Mancha de Ca\u00f1a, El Libertador, revel\u00f3 que ya se tiene el desembolso econ\u00f3mico por parte de Petroecuador.<\/strong><\/p><p>Concluy\u00f3 su entrevista solidariz\u00e1ndose con la vicealcaldesa del cant\u00f3n Quinind\u00e9, tras ser objeto de grotescas ofensas recibidas por parte del concejal &#8220;Monar&#8221;, autoridad de este Municipio, que mediante un audio denigr\u00f3 la dignidad, honra y buen nombre de las mujeres.<\/p>\t\t\t\t\t\t\t\t<\/div>\n\t\t\t\t<\/div>\n\t\t\t\t\t<\/div>\n\t\t<\/div>\n\t\t\t\t\t<\/div>\n\t\t<\/section>\n\t\t\t\t<\/div>\n\t\t","protected":false},"excerpt":{"rendered":"<p>La socializaci\u00f3n de nuevos proyectos de mejoramiento vial y la ejecuci\u00f3n de nuevos trabajos, estuvo a cargo de Roberta Zambrano, Prefecta de Esmeraldas, en entrevista para MEGAVISI\u00d3N, medio de comunicaci\u00f3n del cant\u00f3n Quinind\u00e9. Durante su intervenci\u00f3n, expuso aciertos, inconvenientes y logros obtenidos durante su gesti\u00f3n. Para comenzar, la Prefecta record\u00f3 que la provincia de Esmeraldas [&hellip;]<\/p>\n","protected":false},"author":2,"featured_media":5709,"comment_status":"closed","ping_status":"open","sticky":false,"template":"","format":"standard","meta":{"footnotes":""},"categories":[3],"tags":[],"class_list":["post-5707","post","type-post","status-publish","format-standard","has-post-thumbnail","hentry","category-institucional"],"yoast_head":"<!-- This site is optimized with the Yoast SEO plugin v25.7 - https:\/\/yoast.com\/wordpress\/plugins\/seo\/ -->\n<title>Trabajos en ejecuci\u00f3n y nuevas obras para Quinind\u00e9. - Gobierno Aut\u00f3nomo Descentralizado de la Provincia de Esmeraldas<\/title>\n<meta name=\"robots\" content=\"index, follow, max-snippet:-1, max-image-preview:large, max-video-preview:-1\" \/>\n<link rel=\"canonical\" href=\"https:\/\/prefecturadeesmeraldas.gob.ec\/index.php\/2020\/08\/13\/trabajos-en-ejecucion-y-nuevas-obras-para-quininde\/\" \/>\n<meta property=\"og:locale\" content=\"es_ES\" \/>\n<meta property=\"og:type\" content=\"article\" \/>\n<meta property=\"og:title\" content=\"Trabajos en ejecuci\u00f3n y nuevas obras para Quinind\u00e9. - Gobierno Aut\u00f3nomo Descentralizado de la Provincia de Esmeraldas\" \/>\n<meta property=\"og:description\" content=\"La socializaci\u00f3n de nuevos proyectos de mejoramiento vial y la ejecuci\u00f3n de nuevos trabajos, estuvo a cargo de Roberta Zambrano, Prefecta de Esmeraldas, en entrevista para MEGAVISI\u00d3N, medio de comunicaci\u00f3n del cant\u00f3n Quinind\u00e9. Durante su intervenci\u00f3n, expuso aciertos, inconvenientes y logros obtenidos durante su gesti\u00f3n. Para comenzar, la Prefecta record\u00f3 que la provincia de Esmeraldas [&hellip;]\" \/>\n<meta property=\"og:url\" content=\"https:\/\/prefecturadeesmeraldas.gob.ec\/index.php\/2020\/08\/13\/trabajos-en-ejecucion-y-nuevas-obras-para-quininde\/\" \/>\n<meta property=\"og:site_name\" content=\"Gobierno Aut\u00f3nomo Descentralizado de la Provincia de Esmeraldas\" \/>\n<meta property=\"article:publisher\" content=\"https:\/\/www.facebook.com\/PrefecturaEsmeraldas\/\" \/>\n<meta property=\"article:published_time\" content=\"2020-08-13T16:07:55+00:00\" \/>\n<meta property=\"article:modified_time\" content=\"2020-08-13T16:09:17+00:00\" \/>\n<meta property=\"og:image\" content=\"https:\/\/prefecturadeesmeraldas.gob.ec\/wp-content\/uploads\/2020\/08\/WhatsApp-Image-2020-08-12-at-10.26.12.jpeg\" \/>\n\t<meta property=\"og:image:width\" content=\"1280\" \/>\n\t<meta property=\"og:image:height\" content=\"1280\" \/>\n\t<meta property=\"og:image:type\" content=\"image\/jpeg\" \/>\n<meta name=\"author\" content=\"Direcci\u00f3n de Comunicaci\u00f3n\" \/>\n<meta name=\"twitter:card\" content=\"summary_large_image\" \/>\n<meta name=\"twitter:label1\" content=\"Escrito por\" \/>\n\t<meta name=\"twitter:data1\" content=\"Direcci\u00f3n de Comunicaci\u00f3n\" \/>\n\t<meta name=\"twitter:label2\" content=\"Tiempo de lectura\" \/>\n\t<meta name=\"twitter:data2\" content=\"2 minutos\" \/>\n<script type=\"application\/ld+json\" class=\"yoast-schema-graph\">{\"@context\":\"https:\/\/schema.org\",\"@graph\":[{\"@type\":\"Article\",\"@id\":\"https:\/\/prefecturadeesmeraldas.gob.ec\/index.php\/2020\/08\/13\/trabajos-en-ejecucion-y-nuevas-obras-para-quininde\/#article\",\"isPartOf\":{\"@id\":\"https:\/\/prefecturadeesmeraldas.gob.ec\/index.php\/2020\/08\/13\/trabajos-en-ejecucion-y-nuevas-obras-para-quininde\/\"},\"author\":{\"name\":\"Direcci\u00f3n de Comunicaci\u00f3n\",\"@id\":\"https:\/\/prefecturadeesmeraldas.gob.ec\/#\/schema\/person\/b0c9e7b1ead7725994d1e319e8825234\"},\"headline\":\"Trabajos en ejecuci\u00f3n y nuevas obras para Quinind\u00e9.\",\"datePublished\":\"2020-08-13T16:07:55+00:00\",\"dateModified\":\"2020-08-13T16:09:17+00:00\",\"mainEntityOfPage\":{\"@id\":\"https:\/\/prefecturadeesmeraldas.gob.ec\/index.php\/2020\/08\/13\/trabajos-en-ejecucion-y-nuevas-obras-para-quininde\/\"},\"wordCount\":323,\"publisher\":{\"@id\":\"https:\/\/prefecturadeesmeraldas.gob.ec\/#organization\"},\"image\":{\"@id\":\"https:\/\/prefecturadeesmeraldas.gob.ec\/index.php\/2020\/08\/13\/trabajos-en-ejecucion-y-nuevas-obras-para-quininde\/#primaryimage\"},\"thumbnailUrl\":\"https:\/\/prefecturadeesmeraldas.gob.ec\/wp-content\/uploads\/2020\/08\/WhatsApp-Image-2020-08-12-at-10.26.12.jpeg\",\"articleSection\":[\"Institucional\"],\"inLanguage\":\"es\"},{\"@type\":\"WebPage\",\"@id\":\"https:\/\/prefecturadeesmeraldas.gob.ec\/index.php\/2020\/08\/13\/trabajos-en-ejecucion-y-nuevas-obras-para-quininde\/\",\"url\":\"https:\/\/prefecturadeesmeraldas.gob.ec\/index.php\/2020\/08\/13\/trabajos-en-ejecucion-y-nuevas-obras-para-quininde\/\",\"name\":\"Trabajos en ejecuci\u00f3n y nuevas obras para Quinind\u00e9. - Gobierno Aut\u00f3nomo Descentralizado de la Provincia de Esmeraldas\",\"isPartOf\":{\"@id\":\"https:\/\/prefecturadeesmeraldas.gob.ec\/#website\"},\"primaryImageOfPage\":{\"@id\":\"https:\/\/prefecturadeesmeraldas.gob.ec\/index.php\/2020\/08\/13\/trabajos-en-ejecucion-y-nuevas-obras-para-quininde\/#primaryimage\"},\"image\":{\"@id\":\"https:\/\/prefecturadeesmeraldas.gob.ec\/index.php\/2020\/08\/13\/trabajos-en-ejecucion-y-nuevas-obras-para-quininde\/#primaryimage\"},\"thumbnailUrl\":\"https:\/\/prefecturadeesmeraldas.gob.ec\/wp-content\/uploads\/2020\/08\/WhatsApp-Image-2020-08-12-at-10.26.12.jpeg\",\"datePublished\":\"2020-08-13T16:07:55+00:00\",\"dateModified\":\"2020-08-13T16:09:17+00:00\",\"breadcrumb\":{\"@id\":\"https:\/\/prefecturadeesmeraldas.gob.ec\/index.php\/2020\/08\/13\/trabajos-en-ejecucion-y-nuevas-obras-para-quininde\/#breadcrumb\"},\"inLanguage\":\"es\",\"potentialAction\":[{\"@type\":\"ReadAction\",\"target\":[\"https:\/\/prefecturadeesmeraldas.gob.ec\/index.php\/2020\/08\/13\/trabajos-en-ejecucion-y-nuevas-obras-para-quininde\/\"]}]},{\"@type\":\"ImageObject\",\"inLanguage\":\"es\",\"@id\":\"https:\/\/prefecturadeesmeraldas.gob.ec\/index.php\/2020\/08\/13\/trabajos-en-ejecucion-y-nuevas-obras-para-quininde\/#primaryimage\",\"url\":\"https:\/\/prefecturadeesmeraldas.gob.ec\/wp-content\/uploads\/2020\/08\/WhatsApp-Image-2020-08-12-at-10.26.12.jpeg\",\"contentUrl\":\"https:\/\/prefecturadeesmeraldas.gob.ec\/wp-content\/uploads\/2020\/08\/WhatsApp-Image-2020-08-12-at-10.26.12.jpeg\",\"width\":1280,\"height\":1280},{\"@type\":\"BreadcrumbList\",\"@id\":\"https:\/\/prefecturadeesmeraldas.gob.ec\/index.php\/2020\/08\/13\/trabajos-en-ejecucion-y-nuevas-obras-para-quininde\/#breadcrumb\",\"itemListElement\":[{\"@type\":\"ListItem\",\"position\":1,\"name\":\"Home\",\"item\":\"https:\/\/prefecturadeesmeraldas.gob.ec\/\"},{\"@type\":\"ListItem\",\"position\":2,\"name\":\"Trabajos en ejecuci\u00f3n y nuevas obras para Quinind\u00e9.\"}]},{\"@type\":\"WebSite\",\"@id\":\"https:\/\/prefecturadeesmeraldas.gob.ec\/#website\",\"url\":\"https:\/\/prefecturadeesmeraldas.gob.ec\/\",\"name\":\"Gobierno Aut\u00f3nomo Descentralizado de la Provincia de Esmeraldas\",\"description\":\"Gobierno Aut\u00f3nomo Descentralizado de la Provincia de Esmeraldas\",\"publisher\":{\"@id\":\"https:\/\/prefecturadeesmeraldas.gob.ec\/#organization\"},\"potentialAction\":[{\"@type\":\"SearchAction\",\"target\":{\"@type\":\"EntryPoint\",\"urlTemplate\":\"https:\/\/prefecturadeesmeraldas.gob.ec\/?s={search_term_string}\"},\"query-input\":{\"@type\":\"PropertyValueSpecification\",\"valueRequired\":true,\"valueName\":\"search_term_string\"}}],\"inLanguage\":\"es\"},{\"@type\":\"Organization\",\"@id\":\"https:\/\/prefecturadeesmeraldas.gob.ec\/#organization\",\"name\":\"Gobierno Aut\u00f3nomo Descentralizado de la Provincia de Esmeraldas\",\"url\":\"https:\/\/prefecturadeesmeraldas.gob.ec\/\",\"logo\":{\"@type\":\"ImageObject\",\"inLanguage\":\"es\",\"@id\":\"https:\/\/prefecturadeesmeraldas.gob.ec\/#\/schema\/logo\/image\/\",\"url\":\"https:\/\/prefecturadeesmeraldas.gob.ec\/wp-content\/uploads\/2019\/06\/logo.png\",\"contentUrl\":\"https:\/\/prefecturadeesmeraldas.gob.ec\/wp-content\/uploads\/2019\/06\/logo.png\",\"width\":859,\"height\":448,\"caption\":\"Gobierno Aut\u00f3nomo Descentralizado de la Provincia de Esmeraldas\"},\"image\":{\"@id\":\"https:\/\/prefecturadeesmeraldas.gob.ec\/#\/schema\/logo\/image\/\"},\"sameAs\":[\"https:\/\/www.facebook.com\/PrefecturaEsmeraldas\/\"]},{\"@type\":\"Person\",\"@id\":\"https:\/\/prefecturadeesmeraldas.gob.ec\/#\/schema\/person\/b0c9e7b1ead7725994d1e319e8825234\",\"name\":\"Direcci\u00f3n de Comunicaci\u00f3n\",\"image\":{\"@type\":\"ImageObject\",\"inLanguage\":\"es\",\"@id\":\"https:\/\/prefecturadeesmeraldas.gob.ec\/#\/schema\/person\/image\/\",\"url\":\"https:\/\/secure.gravatar.com\/avatar\/74a3870a946f5d774ade3569af61a72308e07ad3346f370c4b468ee2a9858658?s=96&d=mm&r=g\",\"contentUrl\":\"https:\/\/secure.gravatar.com\/avatar\/74a3870a946f5d774ade3569af61a72308e07ad3346f370c4b468ee2a9858658?s=96&d=mm&r=g\",\"caption\":\"Direcci\u00f3n de Comunicaci\u00f3n\"}}]}<\/script>\n<!-- \/ Yoast SEO plugin. -->","yoast_head_json":{"title":"Trabajos en ejecuci\u00f3n y nuevas obras para Quinind\u00e9. - Gobierno Aut\u00f3nomo Descentralizado de la Provincia de Esmeraldas","robots":{"index":"index","follow":"follow","max-snippet":"max-snippet:-1","max-image-preview":"max-image-preview:large","max-video-preview":"max-video-preview:-1"},"canonical":"https:\/\/prefecturadeesmeraldas.gob.ec\/index.php\/2020\/08\/13\/trabajos-en-ejecucion-y-nuevas-obras-para-quininde\/","og_locale":"es_ES","og_type":"article","og_title":"Trabajos en ejecuci\u00f3n y nuevas obras para Quinind\u00e9. - Gobierno Aut\u00f3nomo Descentralizado de la Provincia de Esmeraldas","og_description":"La socializaci\u00f3n de nuevos proyectos de mejoramiento vial y la ejecuci\u00f3n de nuevos trabajos, estuvo a cargo de Roberta Zambrano, Prefecta de Esmeraldas, en entrevista para MEGAVISI\u00d3N, medio de comunicaci\u00f3n del cant\u00f3n Quinind\u00e9. Durante su intervenci\u00f3n, expuso aciertos, inconvenientes y logros obtenidos durante su gesti\u00f3n. Para comenzar, la Prefecta record\u00f3 que la provincia de Esmeraldas [&hellip;]","og_url":"https:\/\/prefecturadeesmeraldas.gob.ec\/index.php\/2020\/08\/13\/trabajos-en-ejecucion-y-nuevas-obras-para-quininde\/","og_site_name":"Gobierno Aut\u00f3nomo Descentralizado de la Provincia de Esmeraldas","article_publisher":"https:\/\/www.facebook.com\/PrefecturaEsmeraldas\/","article_published_time":"2020-08-13T16:07:55+00:00","article_modified_time":"2020-08-13T16:09:17+00:00","og_image":[{"width":1280,"height":1280,"url":"https:\/\/prefecturadeesmeraldas.gob.ec\/wp-content\/uploads\/2020\/08\/WhatsApp-Image-2020-08-12-at-10.26.12.jpeg","type":"image\/jpeg"}],"author":"Direcci\u00f3n de Comunicaci\u00f3n","twitter_card":"summary_large_image","twitter_misc":{"Escrito por":"Direcci\u00f3n de Comunicaci\u00f3n","Tiempo de lectura":"2 minutos"},"schema":{"@context":"https:\/\/schema.org","@graph":[{"@type":"Article","@id":"https:\/\/prefecturadeesmeraldas.gob.ec\/index.php\/2020\/08\/13\/trabajos-en-ejecucion-y-nuevas-obras-para-quininde\/#article","isPartOf":{"@id":"https:\/\/prefecturadeesmeraldas.gob.ec\/index.php\/2020\/08\/13\/trabajos-en-ejecucion-y-nuevas-obras-para-quininde\/"},"author":{"name":"Direcci\u00f3n de Comunicaci\u00f3n","@id":"https:\/\/prefecturadeesmeraldas.gob.ec\/#\/schema\/person\/b0c9e7b1ead7725994d1e319e8825234"},"headline":"Trabajos en ejecuci\u00f3n y nuevas obras para Quinind\u00e9.","datePublished":"2020-08-13T16:07:55+00:00","dateModified":"2020-08-13T16:09:17+00:00","mainEntityOfPage":{"@id":"https:\/\/prefecturadeesmeraldas.gob.ec\/index.php\/2020\/08\/13\/trabajos-en-ejecucion-y-nuevas-obras-para-quininde\/"},"wordCount":323,"publisher":{"@id":"https:\/\/prefecturadeesmeraldas.gob.ec\/#organization"},"image":{"@id":"https:\/\/prefecturadeesmeraldas.gob.ec\/index.php\/2020\/08\/13\/trabajos-en-ejecucion-y-nuevas-obras-para-quininde\/#primaryimage"},"thumbnailUrl":"https:\/\/prefecturadeesmeraldas.gob.ec\/wp-content\/uploads\/2020\/08\/WhatsApp-Image-2020-08-12-at-10.26.12.jpeg","articleSection":["Institucional"],"inLanguage":"es"},{"@type":"WebPage","@id":"https:\/\/prefecturadeesmeraldas.gob.ec\/index.php\/2020\/08\/13\/trabajos-en-ejecucion-y-nuevas-obras-para-quininde\/","url":"https:\/\/prefecturadeesmeraldas.gob.ec\/index.php\/2020\/08\/13\/trabajos-en-ejecucion-y-nuevas-obras-para-quininde\/","name":"Trabajos en ejecuci\u00f3n y nuevas obras para Quinind\u00e9. - Gobierno Aut\u00f3nomo Descentralizado de la Provincia de Esmeraldas","isPartOf":{"@id":"https:\/\/prefecturadeesmeraldas.gob.ec\/#website"},"primaryImageOfPage":{"@id":"https:\/\/prefecturadeesmeraldas.gob.ec\/index.php\/2020\/08\/13\/trabajos-en-ejecucion-y-nuevas-obras-para-quininde\/#primaryimage"},"image":{"@id":"https:\/\/prefecturadeesmeraldas.gob.ec\/index.php\/2020\/08\/13\/trabajos-en-ejecucion-y-nuevas-obras-para-quininde\/#primaryimage"},"thumbnailUrl":"https:\/\/prefecturadeesmeraldas.gob.ec\/wp-content\/uploads\/2020\/08\/WhatsApp-Image-2020-08-12-at-10.26.12.jpeg","datePublished":"2020-08-13T16:07:55+00:00","dateModified":"2020-08-13T16:09:17+00:00","breadcrumb":{"@id":"https:\/\/prefecturadeesmeraldas.gob.ec\/index.php\/2020\/08\/13\/trabajos-en-ejecucion-y-nuevas-obras-para-quininde\/#breadcrumb"},"inLanguage":"es","potentialAction":[{"@type":"ReadAction","target":["https:\/\/prefecturadeesmeraldas.gob.ec\/index.php\/2020\/08\/13\/trabajos-en-ejecucion-y-nuevas-obras-para-quininde\/"]}]},{"@type":"ImageObject","inLanguage":"es","@id":"https:\/\/prefecturadeesmeraldas.gob.ec\/index.php\/2020\/08\/13\/trabajos-en-ejecucion-y-nuevas-obras-para-quininde\/#primaryimage","url":"https:\/\/prefecturadeesmeraldas.gob.ec\/wp-content\/uploads\/2020\/08\/WhatsApp-Image-2020-08-12-at-10.26.12.jpeg","contentUrl":"https:\/\/prefecturadeesmeraldas.gob.ec\/wp-content\/uploads\/2020\/08\/WhatsApp-Image-2020-08-12-at-10.26.12.jpeg","width":1280,"height":1280},{"@type":"BreadcrumbList","@id":"https:\/\/prefecturadeesmeraldas.gob.ec\/index.php\/2020\/08\/13\/trabajos-en-ejecucion-y-nuevas-obras-para-quininde\/#breadcrumb","itemListElement":[{"@type":"ListItem","position":1,"name":"Home","item":"https:\/\/prefecturadeesmeraldas.gob.ec\/"},{"@type":"ListItem","position":2,"name":"Trabajos en ejecuci\u00f3n y nuevas obras para Quinind\u00e9."}]},{"@type":"WebSite","@id":"https:\/\/prefecturadeesmeraldas.gob.ec\/#website","url":"https:\/\/prefecturadeesmeraldas.gob.ec\/","name":"Gobierno Aut\u00f3nomo Descentralizado de la Provincia de Esmeraldas","description":"Gobierno Aut\u00f3nomo Descentralizado de la Provincia de Esmeraldas","publisher":{"@id":"https:\/\/prefecturadeesmeraldas.gob.ec\/#organization"},"potentialAction":[{"@type":"SearchAction","target":{"@type":"EntryPoint","urlTemplate":"https:\/\/prefecturadeesmeraldas.gob.ec\/?s={search_term_string}"},"query-input":{"@type":"PropertyValueSpecification","valueRequired":true,"valueName":"search_term_string"}}],"inLanguage":"es"},{"@type":"Organization","@id":"https:\/\/prefecturadeesmeraldas.gob.ec\/#organization","name":"Gobierno Aut\u00f3nomo Descentralizado de la Provincia de Esmeraldas","url":"https:\/\/prefecturadeesmeraldas.gob.ec\/","logo":{"@type":"ImageObject","inLanguage":"es","@id":"https:\/\/prefecturadeesmeraldas.gob.ec\/#\/schema\/logo\/image\/","url":"https:\/\/prefecturadeesmeraldas.gob.ec\/wp-content\/uploads\/2019\/06\/logo.png","contentUrl":"https:\/\/prefecturadeesmeraldas.gob.ec\/wp-content\/uploads\/2019\/06\/logo.png","width":859,"height":448,"caption":"Gobierno Aut\u00f3nomo Descentralizado de la Provincia de Esmeraldas"},"image":{"@id":"https:\/\/prefecturadeesmeraldas.gob.ec\/#\/schema\/logo\/image\/"},"sameAs":["https:\/\/www.facebook.com\/PrefecturaEsmeraldas\/"]},{"@type":"Person","@id":"https:\/\/prefecturadeesmeraldas.gob.ec\/#\/schema\/person\/b0c9e7b1ead7725994d1e319e8825234","name":"Direcci\u00f3n de Comunicaci\u00f3n","image":{"@type":"ImageObject","inLanguage":"es","@id":"https:\/\/prefecturadeesmeraldas.gob.ec\/#\/schema\/person\/image\/","url":"https:\/\/secure.gravatar.com\/avatar\/74a3870a946f5d774ade3569af61a72308e07ad3346f370c4b468ee2a9858658?s=96&d=mm&r=g","contentUrl":"https:\/\/secure.gravatar.com\/avatar\/74a3870a946f5d774ade3569af61a72308e07ad3346f370c4b468ee2a9858658?s=96&d=mm&r=g","caption":"Direcci\u00f3n de Comunicaci\u00f3n"}}]}},"_links":{"self":[{"href":"https:\/\/prefecturadeesmeraldas.gob.ec\/index.php\/wp-json\/wp\/v2\/posts\/5707","targetHints":{"allow":["GET"]}}],"collection":[{"href":"https:\/\/prefecturadeesmeraldas.gob.ec\/index.php\/wp-json\/wp\/v2\/posts"}],"about":[{"href":"https:\/\/prefecturadeesmeraldas.gob.ec\/index.php\/wp-json\/wp\/v2\/types\/post"}],"author":[{"embeddable":true,"href":"https:\/\/prefecturadeesmeraldas.gob.ec\/index.php\/wp-json\/wp\/v2\/users\/2"}],"replies":[{"embeddable":true,"href":"https:\/\/prefecturadeesmeraldas.gob.ec\/index.php\/wp-json\/wp\/v2\/comments?post=5707"}],"version-history":[{"count":0,"href":"https:\/\/prefecturadeesmeraldas.gob.ec\/index.php\/wp-json\/wp\/v2\/posts\/5707\/revisions"}],"wp:featuredmedia":[{"embeddable":true,"href":"https:\/\/prefecturadeesmeraldas.gob.ec\/index.php\/wp-json\/wp\/v2\/media\/5709"}],"wp:attachment":[{"href":"https:\/\/prefecturadeesmeraldas.gob.ec\/index.php\/wp-json\/wp\/v2\/media?parent=5707"}],"wp:term":[{"taxonomy":"category","embeddable":true,"href":"https:\/\/prefecturadeesmeraldas.gob.ec\/index.php\/wp-json\/wp\/v2\/categories?post=5707"},{"taxonomy":"post_tag","embeddable":true,"href":"https:\/\/prefecturadeesmeraldas.gob.ec\/index.php\/wp-json\/wp\/v2\/tags?post=5707"}],"curies":[{"name":"wp","href":"https:\/\/api.w.org\/{rel}","templated":true}]}}