{"id":5567,"date":"2020-08-05T08:37:40","date_gmt":"2020-08-05T13:37:40","guid":{"rendered":"http:\/\/prefecturadeesmeraldas.gob.ec\/?p=5567"},"modified":"2020-08-05T08:38:54","modified_gmt":"2020-08-05T13:38:54","slug":"prefectura-reforesta-y-restaura-la-cuenca-del-rio-santiago-cayapas","status":"publish","type":"post","link":"https:\/\/prefecturadeesmeraldas.gob.ec\/index.php\/2020\/08\/05\/prefectura-reforesta-y-restaura-la-cuenca-del-rio-santiago-cayapas\/","title":{"rendered":"Prefectura reforesta y restaura la cuenca del r\u00edo Santiago \u2013 Cayapas."},"content":{"rendered":"\t\t<div data-elementor-type=\"wp-post\" data-elementor-id=\"5567\" class=\"elementor elementor-5567\">\n\t\t\t\t\t\t<section class=\"elementor-section elementor-top-section elementor-element elementor-element-00ff972 elementor-section-boxed elementor-section-height-default elementor-section-height-default\" data-id=\"00ff972\" data-element_type=\"section\">\n\t\t\t\t\t\t<div class=\"elementor-container elementor-column-gap-default\">\n\t\t\t\t\t<div class=\"elementor-column elementor-col-100 elementor-top-column elementor-element elementor-element-fc78746\" data-id=\"fc78746\" data-element_type=\"column\">\n\t\t\t<div class=\"elementor-widget-wrap elementor-element-populated\">\n\t\t\t\t\t\t<div class=\"elementor-element elementor-element-0c421de elementor-widget elementor-widget-image\" data-id=\"0c421de\" data-element_type=\"widget\" data-widget_type=\"image.default\">\n\t\t\t\t<div class=\"elementor-widget-container\">\n\t\t\t\t\t\t\t\t\t\t\t\t\t\t\t<img fetchpriority=\"high\" decoding=\"async\" width=\"793\" height=\"793\" src=\"https:\/\/prefecturadeesmeraldas.gob.ec\/wp-content\/uploads\/2020\/08\/BOLETIN708.jpg\" class=\"attachment-large size-large wp-image-5568\" alt=\"\" srcset=\"https:\/\/prefecturadeesmeraldas.gob.ec\/wp-content\/uploads\/2020\/08\/BOLETIN708.jpg 793w, https:\/\/prefecturadeesmeraldas.gob.ec\/wp-content\/uploads\/2020\/08\/BOLETIN708-240x240.jpg 240w, https:\/\/prefecturadeesmeraldas.gob.ec\/wp-content\/uploads\/2020\/08\/BOLETIN708-150x150.jpg 150w, https:\/\/prefecturadeesmeraldas.gob.ec\/wp-content\/uploads\/2020\/08\/BOLETIN708-300x300.jpg 300w, https:\/\/prefecturadeesmeraldas.gob.ec\/wp-content\/uploads\/2020\/08\/BOLETIN708-768x768.jpg 768w\" sizes=\"(max-width: 793px) 100vw, 793px\" \/>\t\t\t\t\t\t\t\t\t\t\t\t\t\t\t<\/div>\n\t\t\t\t<\/div>\n\t\t\t\t\t<\/div>\n\t\t<\/div>\n\t\t\t\t\t<\/div>\n\t\t<\/section>\n\t\t\t\t<section class=\"elementor-section elementor-top-section elementor-element elementor-element-ae27fe7 elementor-section-boxed elementor-section-height-default elementor-section-height-default\" data-id=\"ae27fe7\" data-element_type=\"section\">\n\t\t\t\t\t\t<div class=\"elementor-container elementor-column-gap-default\">\n\t\t\t\t\t<div class=\"elementor-column elementor-col-100 elementor-top-column elementor-element elementor-element-7769685\" data-id=\"7769685\" data-element_type=\"column\">\n\t\t\t<div class=\"elementor-widget-wrap elementor-element-populated\">\n\t\t\t\t\t\t<div class=\"elementor-element elementor-element-9860b83 elementor-widget elementor-widget-text-editor\" data-id=\"9860b83\" data-element_type=\"widget\" data-widget_type=\"text-editor.default\">\n\t\t\t\t<div class=\"elementor-widget-container\">\n\t\t\t\t\t\t\t\t\t<p>La Direcci\u00f3n de Fomento Productivo de la Prefectura de Esmeraldas, en coordinaci\u00f3n con la Universidad T\u00e9cnica Luis Vargas Torres, continuando con el convenio de reforestaci\u00f3n de las cuencas hidrogr\u00e1ficas, realizaron la <strong>plantaci\u00f3n de m\u00e1s de 2.500 \u00e1rboles maderables<\/strong> y de protecci\u00f3n en ocho recintos de la parroquia Borb\u00f3n, jurisdicci\u00f3n del cant\u00f3n Eloy Alfaro.<\/p><p><\/p><p>Con el compromiso y participaci\u00f3n de las familias beneficiadas, t\u00e9cnicos de la Prefectura de Esmeraldas, estudiantes y docentes de las carreras de Agronom\u00eda, Forestal y Zootecnia de la UTLV, reforestaron las riberas del r\u00edo Santiago \u2013 Cayapas, con la finalidad de recuperar las cuencas h\u00eddricas de la zona norte de la provincia.<\/p><p><\/p><p>Flor Mar\u00eda Espinoza, del recinto Las Pe\u00f1itas, envi\u00f3 un agradecimiento a la Prefecta <strong>Roberta Zambrano<\/strong> por proteger y preservar el medio ambiente de la provincia. Adem\u00e1s, se\u00f1al\u00f3 que con la siembra de las plantas, en el futuro se evitaran las inundaciones en su comunidad.<\/p><p><\/p><p>Benito Guerrero, docente de la Facultad de Ciencias Agropecuarias, manifest\u00f3 que la participaci\u00f3n compartida significa avanzar, por tal motivo las comunidades beneficiadas est\u00e1n apoyadas por instituciones que trabajan en equipo. Tambi\u00e9n indic\u00f3 que 60 familias reciben los beneficios de manera directa y m\u00e1s de 500 de manera indirecta.<\/p>\t\t\t\t\t\t\t\t<\/div>\n\t\t\t\t<\/div>\n\t\t\t\t\t<\/div>\n\t\t<\/div>\n\t\t\t\t\t<\/div>\n\t\t<\/section>\n\t\t\t\t<\/div>\n\t\t","protected":false},"excerpt":{"rendered":"<p>La Direcci\u00f3n de Fomento Productivo de la Prefectura de Esmeraldas, en coordinaci\u00f3n con la Universidad T\u00e9cnica Luis Vargas Torres, continuando con el convenio de reforestaci\u00f3n de las cuencas hidrogr\u00e1ficas, realizaron la plantaci\u00f3n de m\u00e1s de 2.500 \u00e1rboles maderables y de protecci\u00f3n en ocho recintos de la parroquia Borb\u00f3n, jurisdicci\u00f3n del cant\u00f3n Eloy Alfaro. Con el [&hellip;]<\/p>\n","protected":false},"author":2,"featured_media":5568,"comment_status":"closed","ping_status":"open","sticky":false,"template":"","format":"standard","meta":{"footnotes":""},"categories":[12],"tags":[],"class_list":["post-5567","post","type-post","status-publish","format-standard","has-post-thumbnail","hentry","category-fomento_productivo_2019"],"yoast_head":"<!-- This site is optimized with the Yoast SEO plugin v25.7 - https:\/\/yoast.com\/wordpress\/plugins\/seo\/ -->\n<title>Prefectura reforesta y restaura la cuenca del r\u00edo Santiago \u2013 Cayapas. - Gobierno Aut\u00f3nomo Descentralizado de la Provincia de Esmeraldas<\/title>\n<meta name=\"robots\" content=\"index, follow, max-snippet:-1, max-image-preview:large, max-video-preview:-1\" \/>\n<link rel=\"canonical\" href=\"https:\/\/prefecturadeesmeraldas.gob.ec\/index.php\/2020\/08\/05\/prefectura-reforesta-y-restaura-la-cuenca-del-rio-santiago-cayapas\/\" \/>\n<meta property=\"og:locale\" content=\"es_ES\" \/>\n<meta property=\"og:type\" content=\"article\" \/>\n<meta property=\"og:title\" content=\"Prefectura reforesta y restaura la cuenca del r\u00edo Santiago \u2013 Cayapas. - Gobierno Aut\u00f3nomo Descentralizado de la Provincia de Esmeraldas\" \/>\n<meta property=\"og:description\" content=\"La Direcci\u00f3n de Fomento Productivo de la Prefectura de Esmeraldas, en coordinaci\u00f3n con la Universidad T\u00e9cnica Luis Vargas Torres, continuando con el convenio de reforestaci\u00f3n de las cuencas hidrogr\u00e1ficas, realizaron la plantaci\u00f3n de m\u00e1s de 2.500 \u00e1rboles maderables y de protecci\u00f3n en ocho recintos de la parroquia Borb\u00f3n, jurisdicci\u00f3n del cant\u00f3n Eloy Alfaro. Con el [&hellip;]\" \/>\n<meta property=\"og:url\" content=\"https:\/\/prefecturadeesmeraldas.gob.ec\/index.php\/2020\/08\/05\/prefectura-reforesta-y-restaura-la-cuenca-del-rio-santiago-cayapas\/\" \/>\n<meta property=\"og:site_name\" content=\"Gobierno Aut\u00f3nomo Descentralizado de la Provincia de Esmeraldas\" \/>\n<meta property=\"article:publisher\" content=\"https:\/\/www.facebook.com\/PrefecturaEsmeraldas\/\" \/>\n<meta property=\"article:published_time\" content=\"2020-08-05T13:37:40+00:00\" \/>\n<meta property=\"article:modified_time\" content=\"2020-08-05T13:38:54+00:00\" \/>\n<meta property=\"og:image\" content=\"https:\/\/prefecturadeesmeraldas.gob.ec\/wp-content\/uploads\/2020\/08\/BOLETIN708.jpg\" \/>\n\t<meta property=\"og:image:width\" content=\"793\" \/>\n\t<meta property=\"og:image:height\" content=\"793\" \/>\n\t<meta property=\"og:image:type\" content=\"image\/jpeg\" \/>\n<meta name=\"author\" content=\"Direcci\u00f3n de Comunicaci\u00f3n\" \/>\n<meta name=\"twitter:card\" content=\"summary_large_image\" \/>\n<meta name=\"twitter:label1\" content=\"Escrito por\" \/>\n\t<meta name=\"twitter:data1\" content=\"Direcci\u00f3n de Comunicaci\u00f3n\" \/>\n\t<meta name=\"twitter:label2\" content=\"Tiempo de lectura\" \/>\n\t<meta name=\"twitter:data2\" content=\"1 minuto\" \/>\n<script type=\"application\/ld+json\" class=\"yoast-schema-graph\">{\"@context\":\"https:\/\/schema.org\",\"@graph\":[{\"@type\":\"Article\",\"@id\":\"https:\/\/prefecturadeesmeraldas.gob.ec\/index.php\/2020\/08\/05\/prefectura-reforesta-y-restaura-la-cuenca-del-rio-santiago-cayapas\/#article\",\"isPartOf\":{\"@id\":\"https:\/\/prefecturadeesmeraldas.gob.ec\/index.php\/2020\/08\/05\/prefectura-reforesta-y-restaura-la-cuenca-del-rio-santiago-cayapas\/\"},\"author\":{\"name\":\"Direcci\u00f3n de Comunicaci\u00f3n\",\"@id\":\"https:\/\/prefecturadeesmeraldas.gob.ec\/#\/schema\/person\/b0c9e7b1ead7725994d1e319e8825234\"},\"headline\":\"Prefectura reforesta y restaura la cuenca del r\u00edo Santiago \u2013 Cayapas.\",\"datePublished\":\"2020-08-05T13:37:40+00:00\",\"dateModified\":\"2020-08-05T13:38:54+00:00\",\"mainEntityOfPage\":{\"@id\":\"https:\/\/prefecturadeesmeraldas.gob.ec\/index.php\/2020\/08\/05\/prefectura-reforesta-y-restaura-la-cuenca-del-rio-santiago-cayapas\/\"},\"wordCount\":228,\"publisher\":{\"@id\":\"https:\/\/prefecturadeesmeraldas.gob.ec\/#organization\"},\"image\":{\"@id\":\"https:\/\/prefecturadeesmeraldas.gob.ec\/index.php\/2020\/08\/05\/prefectura-reforesta-y-restaura-la-cuenca-del-rio-santiago-cayapas\/#primaryimage\"},\"thumbnailUrl\":\"https:\/\/prefecturadeesmeraldas.gob.ec\/wp-content\/uploads\/2020\/08\/BOLETIN708.jpg\",\"articleSection\":[\"Fomento Productivo\"],\"inLanguage\":\"es\"},{\"@type\":\"WebPage\",\"@id\":\"https:\/\/prefecturadeesmeraldas.gob.ec\/index.php\/2020\/08\/05\/prefectura-reforesta-y-restaura-la-cuenca-del-rio-santiago-cayapas\/\",\"url\":\"https:\/\/prefecturadeesmeraldas.gob.ec\/index.php\/2020\/08\/05\/prefectura-reforesta-y-restaura-la-cuenca-del-rio-santiago-cayapas\/\",\"name\":\"Prefectura reforesta y restaura la cuenca del r\u00edo Santiago \u2013 Cayapas. - Gobierno Aut\u00f3nomo Descentralizado de la Provincia de Esmeraldas\",\"isPartOf\":{\"@id\":\"https:\/\/prefecturadeesmeraldas.gob.ec\/#website\"},\"primaryImageOfPage\":{\"@id\":\"https:\/\/prefecturadeesmeraldas.gob.ec\/index.php\/2020\/08\/05\/prefectura-reforesta-y-restaura-la-cuenca-del-rio-santiago-cayapas\/#primaryimage\"},\"image\":{\"@id\":\"https:\/\/prefecturadeesmeraldas.gob.ec\/index.php\/2020\/08\/05\/prefectura-reforesta-y-restaura-la-cuenca-del-rio-santiago-cayapas\/#primaryimage\"},\"thumbnailUrl\":\"https:\/\/prefecturadeesmeraldas.gob.ec\/wp-content\/uploads\/2020\/08\/BOLETIN708.jpg\",\"datePublished\":\"2020-08-05T13:37:40+00:00\",\"dateModified\":\"2020-08-05T13:38:54+00:00\",\"breadcrumb\":{\"@id\":\"https:\/\/prefecturadeesmeraldas.gob.ec\/index.php\/2020\/08\/05\/prefectura-reforesta-y-restaura-la-cuenca-del-rio-santiago-cayapas\/#breadcrumb\"},\"inLanguage\":\"es\",\"potentialAction\":[{\"@type\":\"ReadAction\",\"target\":[\"https:\/\/prefecturadeesmeraldas.gob.ec\/index.php\/2020\/08\/05\/prefectura-reforesta-y-restaura-la-cuenca-del-rio-santiago-cayapas\/\"]}]},{\"@type\":\"ImageObject\",\"inLanguage\":\"es\",\"@id\":\"https:\/\/prefecturadeesmeraldas.gob.ec\/index.php\/2020\/08\/05\/prefectura-reforesta-y-restaura-la-cuenca-del-rio-santiago-cayapas\/#primaryimage\",\"url\":\"https:\/\/prefecturadeesmeraldas.gob.ec\/wp-content\/uploads\/2020\/08\/BOLETIN708.jpg\",\"contentUrl\":\"https:\/\/prefecturadeesmeraldas.gob.ec\/wp-content\/uploads\/2020\/08\/BOLETIN708.jpg\",\"width\":793,\"height\":793},{\"@type\":\"BreadcrumbList\",\"@id\":\"https:\/\/prefecturadeesmeraldas.gob.ec\/index.php\/2020\/08\/05\/prefectura-reforesta-y-restaura-la-cuenca-del-rio-santiago-cayapas\/#breadcrumb\",\"itemListElement\":[{\"@type\":\"ListItem\",\"position\":1,\"name\":\"Home\",\"item\":\"https:\/\/prefecturadeesmeraldas.gob.ec\/\"},{\"@type\":\"ListItem\",\"position\":2,\"name\":\"Prefectura reforesta y restaura la cuenca del r\u00edo Santiago \u2013 Cayapas.\"}]},{\"@type\":\"WebSite\",\"@id\":\"https:\/\/prefecturadeesmeraldas.gob.ec\/#website\",\"url\":\"https:\/\/prefecturadeesmeraldas.gob.ec\/\",\"name\":\"Gobierno Aut\u00f3nomo Descentralizado de la Provincia de Esmeraldas\",\"description\":\"Gobierno Aut\u00f3nomo Descentralizado de la Provincia de Esmeraldas\",\"publisher\":{\"@id\":\"https:\/\/prefecturadeesmeraldas.gob.ec\/#organization\"},\"potentialAction\":[{\"@type\":\"SearchAction\",\"target\":{\"@type\":\"EntryPoint\",\"urlTemplate\":\"https:\/\/prefecturadeesmeraldas.gob.ec\/?s={search_term_string}\"},\"query-input\":{\"@type\":\"PropertyValueSpecification\",\"valueRequired\":true,\"valueName\":\"search_term_string\"}}],\"inLanguage\":\"es\"},{\"@type\":\"Organization\",\"@id\":\"https:\/\/prefecturadeesmeraldas.gob.ec\/#organization\",\"name\":\"Gobierno Aut\u00f3nomo Descentralizado de la Provincia de Esmeraldas\",\"url\":\"https:\/\/prefecturadeesmeraldas.gob.ec\/\",\"logo\":{\"@type\":\"ImageObject\",\"inLanguage\":\"es\",\"@id\":\"https:\/\/prefecturadeesmeraldas.gob.ec\/#\/schema\/logo\/image\/\",\"url\":\"https:\/\/prefecturadeesmeraldas.gob.ec\/wp-content\/uploads\/2019\/06\/logo.png\",\"contentUrl\":\"https:\/\/prefecturadeesmeraldas.gob.ec\/wp-content\/uploads\/2019\/06\/logo.png\",\"width\":859,\"height\":448,\"caption\":\"Gobierno Aut\u00f3nomo Descentralizado de la Provincia de Esmeraldas\"},\"image\":{\"@id\":\"https:\/\/prefecturadeesmeraldas.gob.ec\/#\/schema\/logo\/image\/\"},\"sameAs\":[\"https:\/\/www.facebook.com\/PrefecturaEsmeraldas\/\"]},{\"@type\":\"Person\",\"@id\":\"https:\/\/prefecturadeesmeraldas.gob.ec\/#\/schema\/person\/b0c9e7b1ead7725994d1e319e8825234\",\"name\":\"Direcci\u00f3n de Comunicaci\u00f3n\",\"image\":{\"@type\":\"ImageObject\",\"inLanguage\":\"es\",\"@id\":\"https:\/\/prefecturadeesmeraldas.gob.ec\/#\/schema\/person\/image\/\",\"url\":\"https:\/\/secure.gravatar.com\/avatar\/74a3870a946f5d774ade3569af61a72308e07ad3346f370c4b468ee2a9858658?s=96&d=mm&r=g\",\"contentUrl\":\"https:\/\/secure.gravatar.com\/avatar\/74a3870a946f5d774ade3569af61a72308e07ad3346f370c4b468ee2a9858658?s=96&d=mm&r=g\",\"caption\":\"Direcci\u00f3n de Comunicaci\u00f3n\"}}]}<\/script>\n<!-- \/ Yoast SEO plugin. -->","yoast_head_json":{"title":"Prefectura reforesta y restaura la cuenca del r\u00edo Santiago \u2013 Cayapas. - Gobierno Aut\u00f3nomo Descentralizado de la Provincia de Esmeraldas","robots":{"index":"index","follow":"follow","max-snippet":"max-snippet:-1","max-image-preview":"max-image-preview:large","max-video-preview":"max-video-preview:-1"},"canonical":"https:\/\/prefecturadeesmeraldas.gob.ec\/index.php\/2020\/08\/05\/prefectura-reforesta-y-restaura-la-cuenca-del-rio-santiago-cayapas\/","og_locale":"es_ES","og_type":"article","og_title":"Prefectura reforesta y restaura la cuenca del r\u00edo Santiago \u2013 Cayapas. - Gobierno Aut\u00f3nomo Descentralizado de la Provincia de Esmeraldas","og_description":"La Direcci\u00f3n de Fomento Productivo de la Prefectura de Esmeraldas, en coordinaci\u00f3n con la Universidad T\u00e9cnica Luis Vargas Torres, continuando con el convenio de reforestaci\u00f3n de las cuencas hidrogr\u00e1ficas, realizaron la plantaci\u00f3n de m\u00e1s de 2.500 \u00e1rboles maderables y de protecci\u00f3n en ocho recintos de la parroquia Borb\u00f3n, jurisdicci\u00f3n del cant\u00f3n Eloy Alfaro. Con el [&hellip;]","og_url":"https:\/\/prefecturadeesmeraldas.gob.ec\/index.php\/2020\/08\/05\/prefectura-reforesta-y-restaura-la-cuenca-del-rio-santiago-cayapas\/","og_site_name":"Gobierno Aut\u00f3nomo Descentralizado de la Provincia de Esmeraldas","article_publisher":"https:\/\/www.facebook.com\/PrefecturaEsmeraldas\/","article_published_time":"2020-08-05T13:37:40+00:00","article_modified_time":"2020-08-05T13:38:54+00:00","og_image":[{"width":793,"height":793,"url":"https:\/\/prefecturadeesmeraldas.gob.ec\/wp-content\/uploads\/2020\/08\/BOLETIN708.jpg","type":"image\/jpeg"}],"author":"Direcci\u00f3n de Comunicaci\u00f3n","twitter_card":"summary_large_image","twitter_misc":{"Escrito por":"Direcci\u00f3n de Comunicaci\u00f3n","Tiempo de lectura":"1 minuto"},"schema":{"@context":"https:\/\/schema.org","@graph":[{"@type":"Article","@id":"https:\/\/prefecturadeesmeraldas.gob.ec\/index.php\/2020\/08\/05\/prefectura-reforesta-y-restaura-la-cuenca-del-rio-santiago-cayapas\/#article","isPartOf":{"@id":"https:\/\/prefecturadeesmeraldas.gob.ec\/index.php\/2020\/08\/05\/prefectura-reforesta-y-restaura-la-cuenca-del-rio-santiago-cayapas\/"},"author":{"name":"Direcci\u00f3n de Comunicaci\u00f3n","@id":"https:\/\/prefecturadeesmeraldas.gob.ec\/#\/schema\/person\/b0c9e7b1ead7725994d1e319e8825234"},"headline":"Prefectura reforesta y restaura la cuenca del r\u00edo Santiago \u2013 Cayapas.","datePublished":"2020-08-05T13:37:40+00:00","dateModified":"2020-08-05T13:38:54+00:00","mainEntityOfPage":{"@id":"https:\/\/prefecturadeesmeraldas.gob.ec\/index.php\/2020\/08\/05\/prefectura-reforesta-y-restaura-la-cuenca-del-rio-santiago-cayapas\/"},"wordCount":228,"publisher":{"@id":"https:\/\/prefecturadeesmeraldas.gob.ec\/#organization"},"image":{"@id":"https:\/\/prefecturadeesmeraldas.gob.ec\/index.php\/2020\/08\/05\/prefectura-reforesta-y-restaura-la-cuenca-del-rio-santiago-cayapas\/#primaryimage"},"thumbnailUrl":"https:\/\/prefecturadeesmeraldas.gob.ec\/wp-content\/uploads\/2020\/08\/BOLETIN708.jpg","articleSection":["Fomento Productivo"],"inLanguage":"es"},{"@type":"WebPage","@id":"https:\/\/prefecturadeesmeraldas.gob.ec\/index.php\/2020\/08\/05\/prefectura-reforesta-y-restaura-la-cuenca-del-rio-santiago-cayapas\/","url":"https:\/\/prefecturadeesmeraldas.gob.ec\/index.php\/2020\/08\/05\/prefectura-reforesta-y-restaura-la-cuenca-del-rio-santiago-cayapas\/","name":"Prefectura reforesta y restaura la cuenca del r\u00edo Santiago \u2013 Cayapas. - Gobierno Aut\u00f3nomo Descentralizado de la Provincia de Esmeraldas","isPartOf":{"@id":"https:\/\/prefecturadeesmeraldas.gob.ec\/#website"},"primaryImageOfPage":{"@id":"https:\/\/prefecturadeesmeraldas.gob.ec\/index.php\/2020\/08\/05\/prefectura-reforesta-y-restaura-la-cuenca-del-rio-santiago-cayapas\/#primaryimage"},"image":{"@id":"https:\/\/prefecturadeesmeraldas.gob.ec\/index.php\/2020\/08\/05\/prefectura-reforesta-y-restaura-la-cuenca-del-rio-santiago-cayapas\/#primaryimage"},"thumbnailUrl":"https:\/\/prefecturadeesmeraldas.gob.ec\/wp-content\/uploads\/2020\/08\/BOLETIN708.jpg","datePublished":"2020-08-05T13:37:40+00:00","dateModified":"2020-08-05T13:38:54+00:00","breadcrumb":{"@id":"https:\/\/prefecturadeesmeraldas.gob.ec\/index.php\/2020\/08\/05\/prefectura-reforesta-y-restaura-la-cuenca-del-rio-santiago-cayapas\/#breadcrumb"},"inLanguage":"es","potentialAction":[{"@type":"ReadAction","target":["https:\/\/prefecturadeesmeraldas.gob.ec\/index.php\/2020\/08\/05\/prefectura-reforesta-y-restaura-la-cuenca-del-rio-santiago-cayapas\/"]}]},{"@type":"ImageObject","inLanguage":"es","@id":"https:\/\/prefecturadeesmeraldas.gob.ec\/index.php\/2020\/08\/05\/prefectura-reforesta-y-restaura-la-cuenca-del-rio-santiago-cayapas\/#primaryimage","url":"https:\/\/prefecturadeesmeraldas.gob.ec\/wp-content\/uploads\/2020\/08\/BOLETIN708.jpg","contentUrl":"https:\/\/prefecturadeesmeraldas.gob.ec\/wp-content\/uploads\/2020\/08\/BOLETIN708.jpg","width":793,"height":793},{"@type":"BreadcrumbList","@id":"https:\/\/prefecturadeesmeraldas.gob.ec\/index.php\/2020\/08\/05\/prefectura-reforesta-y-restaura-la-cuenca-del-rio-santiago-cayapas\/#breadcrumb","itemListElement":[{"@type":"ListItem","position":1,"name":"Home","item":"https:\/\/prefecturadeesmeraldas.gob.ec\/"},{"@type":"ListItem","position":2,"name":"Prefectura reforesta y restaura la cuenca del r\u00edo Santiago \u2013 Cayapas."}]},{"@type":"WebSite","@id":"https:\/\/prefecturadeesmeraldas.gob.ec\/#website","url":"https:\/\/prefecturadeesmeraldas.gob.ec\/","name":"Gobierno Aut\u00f3nomo Descentralizado de la Provincia de Esmeraldas","description":"Gobierno Aut\u00f3nomo Descentralizado de la Provincia de Esmeraldas","publisher":{"@id":"https:\/\/prefecturadeesmeraldas.gob.ec\/#organization"},"potentialAction":[{"@type":"SearchAction","target":{"@type":"EntryPoint","urlTemplate":"https:\/\/prefecturadeesmeraldas.gob.ec\/?s={search_term_string}"},"query-input":{"@type":"PropertyValueSpecification","valueRequired":true,"valueName":"search_term_string"}}],"inLanguage":"es"},{"@type":"Organization","@id":"https:\/\/prefecturadeesmeraldas.gob.ec\/#organization","name":"Gobierno Aut\u00f3nomo Descentralizado de la Provincia de Esmeraldas","url":"https:\/\/prefecturadeesmeraldas.gob.ec\/","logo":{"@type":"ImageObject","inLanguage":"es","@id":"https:\/\/prefecturadeesmeraldas.gob.ec\/#\/schema\/logo\/image\/","url":"https:\/\/prefecturadeesmeraldas.gob.ec\/wp-content\/uploads\/2019\/06\/logo.png","contentUrl":"https:\/\/prefecturadeesmeraldas.gob.ec\/wp-content\/uploads\/2019\/06\/logo.png","width":859,"height":448,"caption":"Gobierno Aut\u00f3nomo Descentralizado de la Provincia de Esmeraldas"},"image":{"@id":"https:\/\/prefecturadeesmeraldas.gob.ec\/#\/schema\/logo\/image\/"},"sameAs":["https:\/\/www.facebook.com\/PrefecturaEsmeraldas\/"]},{"@type":"Person","@id":"https:\/\/prefecturadeesmeraldas.gob.ec\/#\/schema\/person\/b0c9e7b1ead7725994d1e319e8825234","name":"Direcci\u00f3n de Comunicaci\u00f3n","image":{"@type":"ImageObject","inLanguage":"es","@id":"https:\/\/prefecturadeesmeraldas.gob.ec\/#\/schema\/person\/image\/","url":"https:\/\/secure.gravatar.com\/avatar\/74a3870a946f5d774ade3569af61a72308e07ad3346f370c4b468ee2a9858658?s=96&d=mm&r=g","contentUrl":"https:\/\/secure.gravatar.com\/avatar\/74a3870a946f5d774ade3569af61a72308e07ad3346f370c4b468ee2a9858658?s=96&d=mm&r=g","caption":"Direcci\u00f3n de Comunicaci\u00f3n"}}]}},"_links":{"self":[{"href":"https:\/\/prefecturadeesmeraldas.gob.ec\/index.php\/wp-json\/wp\/v2\/posts\/5567","targetHints":{"allow":["GET"]}}],"collection":[{"href":"https:\/\/prefecturadeesmeraldas.gob.ec\/index.php\/wp-json\/wp\/v2\/posts"}],"about":[{"href":"https:\/\/prefecturadeesmeraldas.gob.ec\/index.php\/wp-json\/wp\/v2\/types\/post"}],"author":[{"embeddable":true,"href":"https:\/\/prefecturadeesmeraldas.gob.ec\/index.php\/wp-json\/wp\/v2\/users\/2"}],"replies":[{"embeddable":true,"href":"https:\/\/prefecturadeesmeraldas.gob.ec\/index.php\/wp-json\/wp\/v2\/comments?post=5567"}],"version-history":[{"count":0,"href":"https:\/\/prefecturadeesmeraldas.gob.ec\/index.php\/wp-json\/wp\/v2\/posts\/5567\/revisions"}],"wp:featuredmedia":[{"embeddable":true,"href":"https:\/\/prefecturadeesmeraldas.gob.ec\/index.php\/wp-json\/wp\/v2\/media\/5568"}],"wp:attachment":[{"href":"https:\/\/prefecturadeesmeraldas.gob.ec\/index.php\/wp-json\/wp\/v2\/media?parent=5567"}],"wp:term":[{"taxonomy":"category","embeddable":true,"href":"https:\/\/prefecturadeesmeraldas.gob.ec\/index.php\/wp-json\/wp\/v2\/categories?post=5567"},{"taxonomy":"post_tag","embeddable":true,"href":"https:\/\/prefecturadeesmeraldas.gob.ec\/index.php\/wp-json\/wp\/v2\/tags?post=5567"}],"curies":[{"name":"wp","href":"https:\/\/api.w.org\/{rel}","templated":true}]}}