{"id":5344,"date":"2020-07-16T14:28:56","date_gmt":"2020-07-16T19:28:56","guid":{"rendered":"http:\/\/prefecturadeesmeraldas.gob.ec\/?p=5344"},"modified":"2020-07-16T14:29:33","modified_gmt":"2020-07-16T19:29:33","slug":"habitantes-de-la-isla-de-limones-en-el-canton-eloy-alfaro-recibieron-ayudas-humanitarias","status":"publish","type":"post","link":"https:\/\/prefecturadeesmeraldas.gob.ec\/index.php\/2020\/07\/16\/habitantes-de-la-isla-de-limones-en-el-canton-eloy-alfaro-recibieron-ayudas-humanitarias\/","title":{"rendered":"Habitantes de la isla de Limones en el cant\u00f3n Eloy Alfaro recibieron ayudas humanitarias."},"content":{"rendered":"\t\t<div data-elementor-type=\"wp-post\" data-elementor-id=\"5344\" class=\"elementor elementor-5344\">\n\t\t\t\t\t\t<section class=\"elementor-section elementor-top-section elementor-element elementor-element-ae706bc elementor-section-boxed elementor-section-height-default elementor-section-height-default\" data-id=\"ae706bc\" data-element_type=\"section\">\n\t\t\t\t\t\t<div class=\"elementor-container elementor-column-gap-default\">\n\t\t\t\t\t<div class=\"elementor-column elementor-col-100 elementor-top-column elementor-element elementor-element-c5c6486\" data-id=\"c5c6486\" data-element_type=\"column\">\n\t\t\t<div class=\"elementor-widget-wrap elementor-element-populated\">\n\t\t\t\t\t\t<div class=\"elementor-element elementor-element-afee0d8 elementor-widget elementor-widget-image\" data-id=\"afee0d8\" data-element_type=\"widget\" data-widget_type=\"image.default\">\n\t\t\t\t<div class=\"elementor-widget-container\">\n\t\t\t\t\t\t\t\t\t\t\t\t\t\t\t<img fetchpriority=\"high\" decoding=\"async\" width=\"1024\" height=\"1024\" src=\"https:\/\/prefecturadeesmeraldas.gob.ec\/wp-content\/uploads\/2020\/07\/BOLETIN632-1024x1024.jpg\" class=\"attachment-large size-large wp-image-5345\" alt=\"\" srcset=\"https:\/\/prefecturadeesmeraldas.gob.ec\/wp-content\/uploads\/2020\/07\/BOLETIN632-1024x1024.jpg 1024w, https:\/\/prefecturadeesmeraldas.gob.ec\/wp-content\/uploads\/2020\/07\/BOLETIN632-240x240.jpg 240w, https:\/\/prefecturadeesmeraldas.gob.ec\/wp-content\/uploads\/2020\/07\/BOLETIN632-1080x1080.jpg 1080w, https:\/\/prefecturadeesmeraldas.gob.ec\/wp-content\/uploads\/2020\/07\/BOLETIN632-150x150.jpg 150w, https:\/\/prefecturadeesmeraldas.gob.ec\/wp-content\/uploads\/2020\/07\/BOLETIN632-300x300.jpg 300w, https:\/\/prefecturadeesmeraldas.gob.ec\/wp-content\/uploads\/2020\/07\/BOLETIN632-768x768.jpg 768w, https:\/\/prefecturadeesmeraldas.gob.ec\/wp-content\/uploads\/2020\/07\/BOLETIN632.jpg 1280w\" sizes=\"(max-width: 1024px) 100vw, 1024px\" \/>\t\t\t\t\t\t\t\t\t\t\t\t\t\t\t<\/div>\n\t\t\t\t<\/div>\n\t\t\t\t\t<\/div>\n\t\t<\/div>\n\t\t\t\t\t<\/div>\n\t\t<\/section>\n\t\t\t\t<section class=\"elementor-section elementor-top-section elementor-element elementor-element-cf404da elementor-section-boxed elementor-section-height-default elementor-section-height-default\" data-id=\"cf404da\" data-element_type=\"section\">\n\t\t\t\t\t\t<div class=\"elementor-container elementor-column-gap-default\">\n\t\t\t\t\t<div class=\"elementor-column elementor-col-100 elementor-top-column elementor-element elementor-element-cec800c\" data-id=\"cec800c\" data-element_type=\"column\">\n\t\t\t<div class=\"elementor-widget-wrap elementor-element-populated\">\n\t\t\t\t\t\t<div class=\"elementor-element elementor-element-80f2bf8 elementor-widget elementor-widget-text-editor\" data-id=\"80f2bf8\" data-element_type=\"widget\" data-widget_type=\"text-editor.default\">\n\t\t\t\t<div class=\"elementor-widget-container\">\n\t\t\t\t\t\t\t\t\t<p>Fueron aproximadamente 1300 familias de la isla de Limones, en el cant\u00f3n Eloy Alfaro, las beneficiadas con la entrega de raciones alimenticias. El suceso fue liderado por la Prefecta <strong>Roberta Zambrano<\/strong>, quien el pasado s\u00e1bado 11 de julio de 2020, luego de un recorrido en lancha se desplaz\u00f3 hasta Limones, garantizando la transparencia y organizaci\u00f3n del proceso. Ella record\u00f3 que su principal objetivo es ayudar a los m\u00e1s necesitados en medio de esta pandemia.<\/p><p>Como prefecta de Esmeraldas, <strong>Zambrano<\/strong> aprovech\u00f3 para recordar el compromiso adquirido con los habitantes de esta comunidad, de dejar construido durante su periodo el puente de Canchimalero.<\/p><p><strong>Al\u00ed Corozo,<\/strong> voluntario dentro del proceso de entrega, felicit\u00f3 el comportamiento de los limone\u00f1os, que de manera organizada acudieron hasta el coliseo, situado frente al Parque Central de la poblaci\u00f3n, para retirar cada una de las ayudas.<\/p><p>Entre tanto, <strong>Adolfo Angulo Camacho<\/strong>, concejal del cant\u00f3n Eloy Alfaro presente durante jornada, dio fe que la acci\u00f3n se puso en marcha con el \u00fanico inter\u00e9s de ayudar.<\/p><p><strong>Priscila Ballesteros<\/strong>, una de las 1500 beneficiadas, resalt\u00f3 el gesto ejecutado entorno a la pandemia. Y de igual forma lo hizo <strong>Valeria Ch\u00e1vez<\/strong> ama de casa, quien dijo que con la ayuda recibida podr\u00e1 solventar sus necesidades durante algunos d\u00edas.<\/p>\t\t\t\t\t\t\t\t<\/div>\n\t\t\t\t<\/div>\n\t\t\t\t\t<\/div>\n\t\t<\/div>\n\t\t\t\t\t<\/div>\n\t\t<\/section>\n\t\t\t\t<\/div>\n\t\t","protected":false},"excerpt":{"rendered":"<p>Fueron aproximadamente 1300 familias de la isla de Limones, en el cant\u00f3n Eloy Alfaro, las beneficiadas con la entrega de raciones alimenticias. El suceso fue liderado por la Prefecta Roberta Zambrano, quien el pasado s\u00e1bado 11 de julio de 2020, luego de un recorrido en lancha se desplaz\u00f3 hasta Limones, garantizando la transparencia y organizaci\u00f3n [&hellip;]<\/p>\n","protected":false},"author":2,"featured_media":5345,"comment_status":"closed","ping_status":"open","sticky":false,"template":"","format":"standard","meta":{"footnotes":""},"categories":[21,22,3],"tags":[],"class_list":["post-5344","post","type-post","status-publish","format-standard","has-post-thumbnail","hentry","category-emergencia-covid-19","category-emergencia-sanitaria","category-institucional"],"yoast_head":"<!-- This site is optimized with the Yoast SEO plugin v25.7 - https:\/\/yoast.com\/wordpress\/plugins\/seo\/ -->\n<title>Habitantes de la isla de Limones en el cant\u00f3n Eloy Alfaro recibieron ayudas humanitarias. - Gobierno Aut\u00f3nomo Descentralizado de la Provincia de Esmeraldas<\/title>\n<meta name=\"robots\" content=\"index, follow, max-snippet:-1, max-image-preview:large, max-video-preview:-1\" \/>\n<link rel=\"canonical\" href=\"https:\/\/prefecturadeesmeraldas.gob.ec\/index.php\/2020\/07\/16\/habitantes-de-la-isla-de-limones-en-el-canton-eloy-alfaro-recibieron-ayudas-humanitarias\/\" \/>\n<meta property=\"og:locale\" content=\"es_ES\" \/>\n<meta property=\"og:type\" content=\"article\" \/>\n<meta property=\"og:title\" content=\"Habitantes de la isla de Limones en el cant\u00f3n Eloy Alfaro recibieron ayudas humanitarias. - Gobierno Aut\u00f3nomo Descentralizado de la Provincia de Esmeraldas\" \/>\n<meta property=\"og:description\" content=\"Fueron aproximadamente 1300 familias de la isla de Limones, en el cant\u00f3n Eloy Alfaro, las beneficiadas con la entrega de raciones alimenticias. El suceso fue liderado por la Prefecta Roberta Zambrano, quien el pasado s\u00e1bado 11 de julio de 2020, luego de un recorrido en lancha se desplaz\u00f3 hasta Limones, garantizando la transparencia y organizaci\u00f3n [&hellip;]\" \/>\n<meta property=\"og:url\" content=\"https:\/\/prefecturadeesmeraldas.gob.ec\/index.php\/2020\/07\/16\/habitantes-de-la-isla-de-limones-en-el-canton-eloy-alfaro-recibieron-ayudas-humanitarias\/\" \/>\n<meta property=\"og:site_name\" content=\"Gobierno Aut\u00f3nomo Descentralizado de la Provincia de Esmeraldas\" \/>\n<meta property=\"article:publisher\" content=\"https:\/\/www.facebook.com\/PrefecturaEsmeraldas\/\" \/>\n<meta property=\"article:published_time\" content=\"2020-07-16T19:28:56+00:00\" \/>\n<meta property=\"article:modified_time\" content=\"2020-07-16T19:29:33+00:00\" \/>\n<meta property=\"og:image\" content=\"https:\/\/prefecturadeesmeraldas.gob.ec\/wp-content\/uploads\/2020\/07\/BOLETIN632.jpg\" \/>\n\t<meta property=\"og:image:width\" content=\"1280\" \/>\n\t<meta property=\"og:image:height\" content=\"1280\" \/>\n\t<meta property=\"og:image:type\" content=\"image\/jpeg\" \/>\n<meta name=\"author\" content=\"Direcci\u00f3n de Comunicaci\u00f3n\" \/>\n<meta name=\"twitter:card\" content=\"summary_large_image\" \/>\n<meta name=\"twitter:label1\" content=\"Escrito por\" \/>\n\t<meta name=\"twitter:data1\" content=\"Direcci\u00f3n de Comunicaci\u00f3n\" \/>\n\t<meta name=\"twitter:label2\" content=\"Tiempo de lectura\" \/>\n\t<meta name=\"twitter:data2\" content=\"1 minuto\" \/>\n<script type=\"application\/ld+json\" class=\"yoast-schema-graph\">{\"@context\":\"https:\/\/schema.org\",\"@graph\":[{\"@type\":\"Article\",\"@id\":\"https:\/\/prefecturadeesmeraldas.gob.ec\/index.php\/2020\/07\/16\/habitantes-de-la-isla-de-limones-en-el-canton-eloy-alfaro-recibieron-ayudas-humanitarias\/#article\",\"isPartOf\":{\"@id\":\"https:\/\/prefecturadeesmeraldas.gob.ec\/index.php\/2020\/07\/16\/habitantes-de-la-isla-de-limones-en-el-canton-eloy-alfaro-recibieron-ayudas-humanitarias\/\"},\"author\":{\"name\":\"Direcci\u00f3n de Comunicaci\u00f3n\",\"@id\":\"https:\/\/prefecturadeesmeraldas.gob.ec\/#\/schema\/person\/b0c9e7b1ead7725994d1e319e8825234\"},\"headline\":\"Habitantes de la isla de Limones en el cant\u00f3n Eloy Alfaro recibieron ayudas humanitarias.\",\"datePublished\":\"2020-07-16T19:28:56+00:00\",\"dateModified\":\"2020-07-16T19:29:33+00:00\",\"mainEntityOfPage\":{\"@id\":\"https:\/\/prefecturadeesmeraldas.gob.ec\/index.php\/2020\/07\/16\/habitantes-de-la-isla-de-limones-en-el-canton-eloy-alfaro-recibieron-ayudas-humanitarias\/\"},\"wordCount\":228,\"publisher\":{\"@id\":\"https:\/\/prefecturadeesmeraldas.gob.ec\/#organization\"},\"image\":{\"@id\":\"https:\/\/prefecturadeesmeraldas.gob.ec\/index.php\/2020\/07\/16\/habitantes-de-la-isla-de-limones-en-el-canton-eloy-alfaro-recibieron-ayudas-humanitarias\/#primaryimage\"},\"thumbnailUrl\":\"https:\/\/prefecturadeesmeraldas.gob.ec\/wp-content\/uploads\/2020\/07\/BOLETIN632.jpg\",\"articleSection\":[\"Emergencia Covid-19\",\"Emergencia Sanitaria\",\"Institucional\"],\"inLanguage\":\"es\"},{\"@type\":\"WebPage\",\"@id\":\"https:\/\/prefecturadeesmeraldas.gob.ec\/index.php\/2020\/07\/16\/habitantes-de-la-isla-de-limones-en-el-canton-eloy-alfaro-recibieron-ayudas-humanitarias\/\",\"url\":\"https:\/\/prefecturadeesmeraldas.gob.ec\/index.php\/2020\/07\/16\/habitantes-de-la-isla-de-limones-en-el-canton-eloy-alfaro-recibieron-ayudas-humanitarias\/\",\"name\":\"Habitantes de la isla de Limones en el cant\u00f3n Eloy Alfaro recibieron ayudas humanitarias. - Gobierno Aut\u00f3nomo Descentralizado de la Provincia de Esmeraldas\",\"isPartOf\":{\"@id\":\"https:\/\/prefecturadeesmeraldas.gob.ec\/#website\"},\"primaryImageOfPage\":{\"@id\":\"https:\/\/prefecturadeesmeraldas.gob.ec\/index.php\/2020\/07\/16\/habitantes-de-la-isla-de-limones-en-el-canton-eloy-alfaro-recibieron-ayudas-humanitarias\/#primaryimage\"},\"image\":{\"@id\":\"https:\/\/prefecturadeesmeraldas.gob.ec\/index.php\/2020\/07\/16\/habitantes-de-la-isla-de-limones-en-el-canton-eloy-alfaro-recibieron-ayudas-humanitarias\/#primaryimage\"},\"thumbnailUrl\":\"https:\/\/prefecturadeesmeraldas.gob.ec\/wp-content\/uploads\/2020\/07\/BOLETIN632.jpg\",\"datePublished\":\"2020-07-16T19:28:56+00:00\",\"dateModified\":\"2020-07-16T19:29:33+00:00\",\"breadcrumb\":{\"@id\":\"https:\/\/prefecturadeesmeraldas.gob.ec\/index.php\/2020\/07\/16\/habitantes-de-la-isla-de-limones-en-el-canton-eloy-alfaro-recibieron-ayudas-humanitarias\/#breadcrumb\"},\"inLanguage\":\"es\",\"potentialAction\":[{\"@type\":\"ReadAction\",\"target\":[\"https:\/\/prefecturadeesmeraldas.gob.ec\/index.php\/2020\/07\/16\/habitantes-de-la-isla-de-limones-en-el-canton-eloy-alfaro-recibieron-ayudas-humanitarias\/\"]}]},{\"@type\":\"ImageObject\",\"inLanguage\":\"es\",\"@id\":\"https:\/\/prefecturadeesmeraldas.gob.ec\/index.php\/2020\/07\/16\/habitantes-de-la-isla-de-limones-en-el-canton-eloy-alfaro-recibieron-ayudas-humanitarias\/#primaryimage\",\"url\":\"https:\/\/prefecturadeesmeraldas.gob.ec\/wp-content\/uploads\/2020\/07\/BOLETIN632.jpg\",\"contentUrl\":\"https:\/\/prefecturadeesmeraldas.gob.ec\/wp-content\/uploads\/2020\/07\/BOLETIN632.jpg\",\"width\":1280,\"height\":1280},{\"@type\":\"BreadcrumbList\",\"@id\":\"https:\/\/prefecturadeesmeraldas.gob.ec\/index.php\/2020\/07\/16\/habitantes-de-la-isla-de-limones-en-el-canton-eloy-alfaro-recibieron-ayudas-humanitarias\/#breadcrumb\",\"itemListElement\":[{\"@type\":\"ListItem\",\"position\":1,\"name\":\"Home\",\"item\":\"https:\/\/prefecturadeesmeraldas.gob.ec\/\"},{\"@type\":\"ListItem\",\"position\":2,\"name\":\"Habitantes de la isla de Limones en el cant\u00f3n Eloy Alfaro recibieron ayudas humanitarias.\"}]},{\"@type\":\"WebSite\",\"@id\":\"https:\/\/prefecturadeesmeraldas.gob.ec\/#website\",\"url\":\"https:\/\/prefecturadeesmeraldas.gob.ec\/\",\"name\":\"Gobierno Aut\u00f3nomo Descentralizado de la Provincia de Esmeraldas\",\"description\":\"Gobierno Aut\u00f3nomo Descentralizado de la Provincia de Esmeraldas\",\"publisher\":{\"@id\":\"https:\/\/prefecturadeesmeraldas.gob.ec\/#organization\"},\"potentialAction\":[{\"@type\":\"SearchAction\",\"target\":{\"@type\":\"EntryPoint\",\"urlTemplate\":\"https:\/\/prefecturadeesmeraldas.gob.ec\/?s={search_term_string}\"},\"query-input\":{\"@type\":\"PropertyValueSpecification\",\"valueRequired\":true,\"valueName\":\"search_term_string\"}}],\"inLanguage\":\"es\"},{\"@type\":\"Organization\",\"@id\":\"https:\/\/prefecturadeesmeraldas.gob.ec\/#organization\",\"name\":\"Gobierno Aut\u00f3nomo Descentralizado de la Provincia de Esmeraldas\",\"url\":\"https:\/\/prefecturadeesmeraldas.gob.ec\/\",\"logo\":{\"@type\":\"ImageObject\",\"inLanguage\":\"es\",\"@id\":\"https:\/\/prefecturadeesmeraldas.gob.ec\/#\/schema\/logo\/image\/\",\"url\":\"https:\/\/prefecturadeesmeraldas.gob.ec\/wp-content\/uploads\/2019\/06\/logo.png\",\"contentUrl\":\"https:\/\/prefecturadeesmeraldas.gob.ec\/wp-content\/uploads\/2019\/06\/logo.png\",\"width\":859,\"height\":448,\"caption\":\"Gobierno Aut\u00f3nomo Descentralizado de la Provincia de Esmeraldas\"},\"image\":{\"@id\":\"https:\/\/prefecturadeesmeraldas.gob.ec\/#\/schema\/logo\/image\/\"},\"sameAs\":[\"https:\/\/www.facebook.com\/PrefecturaEsmeraldas\/\"]},{\"@type\":\"Person\",\"@id\":\"https:\/\/prefecturadeesmeraldas.gob.ec\/#\/schema\/person\/b0c9e7b1ead7725994d1e319e8825234\",\"name\":\"Direcci\u00f3n de Comunicaci\u00f3n\",\"image\":{\"@type\":\"ImageObject\",\"inLanguage\":\"es\",\"@id\":\"https:\/\/prefecturadeesmeraldas.gob.ec\/#\/schema\/person\/image\/\",\"url\":\"https:\/\/secure.gravatar.com\/avatar\/74a3870a946f5d774ade3569af61a72308e07ad3346f370c4b468ee2a9858658?s=96&d=mm&r=g\",\"contentUrl\":\"https:\/\/secure.gravatar.com\/avatar\/74a3870a946f5d774ade3569af61a72308e07ad3346f370c4b468ee2a9858658?s=96&d=mm&r=g\",\"caption\":\"Direcci\u00f3n de Comunicaci\u00f3n\"}}]}<\/script>\n<!-- \/ Yoast SEO plugin. -->","yoast_head_json":{"title":"Habitantes de la isla de Limones en el cant\u00f3n Eloy Alfaro recibieron ayudas humanitarias. - Gobierno Aut\u00f3nomo Descentralizado de la Provincia de Esmeraldas","robots":{"index":"index","follow":"follow","max-snippet":"max-snippet:-1","max-image-preview":"max-image-preview:large","max-video-preview":"max-video-preview:-1"},"canonical":"https:\/\/prefecturadeesmeraldas.gob.ec\/index.php\/2020\/07\/16\/habitantes-de-la-isla-de-limones-en-el-canton-eloy-alfaro-recibieron-ayudas-humanitarias\/","og_locale":"es_ES","og_type":"article","og_title":"Habitantes de la isla de Limones en el cant\u00f3n Eloy Alfaro recibieron ayudas humanitarias. - Gobierno Aut\u00f3nomo Descentralizado de la Provincia de Esmeraldas","og_description":"Fueron aproximadamente 1300 familias de la isla de Limones, en el cant\u00f3n Eloy Alfaro, las beneficiadas con la entrega de raciones alimenticias. El suceso fue liderado por la Prefecta Roberta Zambrano, quien el pasado s\u00e1bado 11 de julio de 2020, luego de un recorrido en lancha se desplaz\u00f3 hasta Limones, garantizando la transparencia y organizaci\u00f3n [&hellip;]","og_url":"https:\/\/prefecturadeesmeraldas.gob.ec\/index.php\/2020\/07\/16\/habitantes-de-la-isla-de-limones-en-el-canton-eloy-alfaro-recibieron-ayudas-humanitarias\/","og_site_name":"Gobierno Aut\u00f3nomo Descentralizado de la Provincia de Esmeraldas","article_publisher":"https:\/\/www.facebook.com\/PrefecturaEsmeraldas\/","article_published_time":"2020-07-16T19:28:56+00:00","article_modified_time":"2020-07-16T19:29:33+00:00","og_image":[{"width":1280,"height":1280,"url":"https:\/\/prefecturadeesmeraldas.gob.ec\/wp-content\/uploads\/2020\/07\/BOLETIN632.jpg","type":"image\/jpeg"}],"author":"Direcci\u00f3n de Comunicaci\u00f3n","twitter_card":"summary_large_image","twitter_misc":{"Escrito por":"Direcci\u00f3n de Comunicaci\u00f3n","Tiempo de lectura":"1 minuto"},"schema":{"@context":"https:\/\/schema.org","@graph":[{"@type":"Article","@id":"https:\/\/prefecturadeesmeraldas.gob.ec\/index.php\/2020\/07\/16\/habitantes-de-la-isla-de-limones-en-el-canton-eloy-alfaro-recibieron-ayudas-humanitarias\/#article","isPartOf":{"@id":"https:\/\/prefecturadeesmeraldas.gob.ec\/index.php\/2020\/07\/16\/habitantes-de-la-isla-de-limones-en-el-canton-eloy-alfaro-recibieron-ayudas-humanitarias\/"},"author":{"name":"Direcci\u00f3n de Comunicaci\u00f3n","@id":"https:\/\/prefecturadeesmeraldas.gob.ec\/#\/schema\/person\/b0c9e7b1ead7725994d1e319e8825234"},"headline":"Habitantes de la isla de Limones en el cant\u00f3n Eloy Alfaro recibieron ayudas humanitarias.","datePublished":"2020-07-16T19:28:56+00:00","dateModified":"2020-07-16T19:29:33+00:00","mainEntityOfPage":{"@id":"https:\/\/prefecturadeesmeraldas.gob.ec\/index.php\/2020\/07\/16\/habitantes-de-la-isla-de-limones-en-el-canton-eloy-alfaro-recibieron-ayudas-humanitarias\/"},"wordCount":228,"publisher":{"@id":"https:\/\/prefecturadeesmeraldas.gob.ec\/#organization"},"image":{"@id":"https:\/\/prefecturadeesmeraldas.gob.ec\/index.php\/2020\/07\/16\/habitantes-de-la-isla-de-limones-en-el-canton-eloy-alfaro-recibieron-ayudas-humanitarias\/#primaryimage"},"thumbnailUrl":"https:\/\/prefecturadeesmeraldas.gob.ec\/wp-content\/uploads\/2020\/07\/BOLETIN632.jpg","articleSection":["Emergencia Covid-19","Emergencia Sanitaria","Institucional"],"inLanguage":"es"},{"@type":"WebPage","@id":"https:\/\/prefecturadeesmeraldas.gob.ec\/index.php\/2020\/07\/16\/habitantes-de-la-isla-de-limones-en-el-canton-eloy-alfaro-recibieron-ayudas-humanitarias\/","url":"https:\/\/prefecturadeesmeraldas.gob.ec\/index.php\/2020\/07\/16\/habitantes-de-la-isla-de-limones-en-el-canton-eloy-alfaro-recibieron-ayudas-humanitarias\/","name":"Habitantes de la isla de Limones en el cant\u00f3n Eloy Alfaro recibieron ayudas humanitarias. - Gobierno Aut\u00f3nomo Descentralizado de la Provincia de Esmeraldas","isPartOf":{"@id":"https:\/\/prefecturadeesmeraldas.gob.ec\/#website"},"primaryImageOfPage":{"@id":"https:\/\/prefecturadeesmeraldas.gob.ec\/index.php\/2020\/07\/16\/habitantes-de-la-isla-de-limones-en-el-canton-eloy-alfaro-recibieron-ayudas-humanitarias\/#primaryimage"},"image":{"@id":"https:\/\/prefecturadeesmeraldas.gob.ec\/index.php\/2020\/07\/16\/habitantes-de-la-isla-de-limones-en-el-canton-eloy-alfaro-recibieron-ayudas-humanitarias\/#primaryimage"},"thumbnailUrl":"https:\/\/prefecturadeesmeraldas.gob.ec\/wp-content\/uploads\/2020\/07\/BOLETIN632.jpg","datePublished":"2020-07-16T19:28:56+00:00","dateModified":"2020-07-16T19:29:33+00:00","breadcrumb":{"@id":"https:\/\/prefecturadeesmeraldas.gob.ec\/index.php\/2020\/07\/16\/habitantes-de-la-isla-de-limones-en-el-canton-eloy-alfaro-recibieron-ayudas-humanitarias\/#breadcrumb"},"inLanguage":"es","potentialAction":[{"@type":"ReadAction","target":["https:\/\/prefecturadeesmeraldas.gob.ec\/index.php\/2020\/07\/16\/habitantes-de-la-isla-de-limones-en-el-canton-eloy-alfaro-recibieron-ayudas-humanitarias\/"]}]},{"@type":"ImageObject","inLanguage":"es","@id":"https:\/\/prefecturadeesmeraldas.gob.ec\/index.php\/2020\/07\/16\/habitantes-de-la-isla-de-limones-en-el-canton-eloy-alfaro-recibieron-ayudas-humanitarias\/#primaryimage","url":"https:\/\/prefecturadeesmeraldas.gob.ec\/wp-content\/uploads\/2020\/07\/BOLETIN632.jpg","contentUrl":"https:\/\/prefecturadeesmeraldas.gob.ec\/wp-content\/uploads\/2020\/07\/BOLETIN632.jpg","width":1280,"height":1280},{"@type":"BreadcrumbList","@id":"https:\/\/prefecturadeesmeraldas.gob.ec\/index.php\/2020\/07\/16\/habitantes-de-la-isla-de-limones-en-el-canton-eloy-alfaro-recibieron-ayudas-humanitarias\/#breadcrumb","itemListElement":[{"@type":"ListItem","position":1,"name":"Home","item":"https:\/\/prefecturadeesmeraldas.gob.ec\/"},{"@type":"ListItem","position":2,"name":"Habitantes de la isla de Limones en el cant\u00f3n Eloy Alfaro recibieron ayudas humanitarias."}]},{"@type":"WebSite","@id":"https:\/\/prefecturadeesmeraldas.gob.ec\/#website","url":"https:\/\/prefecturadeesmeraldas.gob.ec\/","name":"Gobierno Aut\u00f3nomo Descentralizado de la Provincia de Esmeraldas","description":"Gobierno Aut\u00f3nomo Descentralizado de la Provincia de Esmeraldas","publisher":{"@id":"https:\/\/prefecturadeesmeraldas.gob.ec\/#organization"},"potentialAction":[{"@type":"SearchAction","target":{"@type":"EntryPoint","urlTemplate":"https:\/\/prefecturadeesmeraldas.gob.ec\/?s={search_term_string}"},"query-input":{"@type":"PropertyValueSpecification","valueRequired":true,"valueName":"search_term_string"}}],"inLanguage":"es"},{"@type":"Organization","@id":"https:\/\/prefecturadeesmeraldas.gob.ec\/#organization","name":"Gobierno Aut\u00f3nomo Descentralizado de la Provincia de Esmeraldas","url":"https:\/\/prefecturadeesmeraldas.gob.ec\/","logo":{"@type":"ImageObject","inLanguage":"es","@id":"https:\/\/prefecturadeesmeraldas.gob.ec\/#\/schema\/logo\/image\/","url":"https:\/\/prefecturadeesmeraldas.gob.ec\/wp-content\/uploads\/2019\/06\/logo.png","contentUrl":"https:\/\/prefecturadeesmeraldas.gob.ec\/wp-content\/uploads\/2019\/06\/logo.png","width":859,"height":448,"caption":"Gobierno Aut\u00f3nomo Descentralizado de la Provincia de Esmeraldas"},"image":{"@id":"https:\/\/prefecturadeesmeraldas.gob.ec\/#\/schema\/logo\/image\/"},"sameAs":["https:\/\/www.facebook.com\/PrefecturaEsmeraldas\/"]},{"@type":"Person","@id":"https:\/\/prefecturadeesmeraldas.gob.ec\/#\/schema\/person\/b0c9e7b1ead7725994d1e319e8825234","name":"Direcci\u00f3n de Comunicaci\u00f3n","image":{"@type":"ImageObject","inLanguage":"es","@id":"https:\/\/prefecturadeesmeraldas.gob.ec\/#\/schema\/person\/image\/","url":"https:\/\/secure.gravatar.com\/avatar\/74a3870a946f5d774ade3569af61a72308e07ad3346f370c4b468ee2a9858658?s=96&d=mm&r=g","contentUrl":"https:\/\/secure.gravatar.com\/avatar\/74a3870a946f5d774ade3569af61a72308e07ad3346f370c4b468ee2a9858658?s=96&d=mm&r=g","caption":"Direcci\u00f3n de Comunicaci\u00f3n"}}]}},"_links":{"self":[{"href":"https:\/\/prefecturadeesmeraldas.gob.ec\/index.php\/wp-json\/wp\/v2\/posts\/5344","targetHints":{"allow":["GET"]}}],"collection":[{"href":"https:\/\/prefecturadeesmeraldas.gob.ec\/index.php\/wp-json\/wp\/v2\/posts"}],"about":[{"href":"https:\/\/prefecturadeesmeraldas.gob.ec\/index.php\/wp-json\/wp\/v2\/types\/post"}],"author":[{"embeddable":true,"href":"https:\/\/prefecturadeesmeraldas.gob.ec\/index.php\/wp-json\/wp\/v2\/users\/2"}],"replies":[{"embeddable":true,"href":"https:\/\/prefecturadeesmeraldas.gob.ec\/index.php\/wp-json\/wp\/v2\/comments?post=5344"}],"version-history":[{"count":0,"href":"https:\/\/prefecturadeesmeraldas.gob.ec\/index.php\/wp-json\/wp\/v2\/posts\/5344\/revisions"}],"wp:featuredmedia":[{"embeddable":true,"href":"https:\/\/prefecturadeesmeraldas.gob.ec\/index.php\/wp-json\/wp\/v2\/media\/5345"}],"wp:attachment":[{"href":"https:\/\/prefecturadeesmeraldas.gob.ec\/index.php\/wp-json\/wp\/v2\/media?parent=5344"}],"wp:term":[{"taxonomy":"category","embeddable":true,"href":"https:\/\/prefecturadeesmeraldas.gob.ec\/index.php\/wp-json\/wp\/v2\/categories?post=5344"},{"taxonomy":"post_tag","embeddable":true,"href":"https:\/\/prefecturadeesmeraldas.gob.ec\/index.php\/wp-json\/wp\/v2\/tags?post=5344"}],"curies":[{"name":"wp","href":"https:\/\/api.w.org\/{rel}","templated":true}]}}