{"id":5254,"date":"2020-07-09T10:36:19","date_gmt":"2020-07-09T15:36:19","guid":{"rendered":"http:\/\/prefecturadeesmeraldas.gob.ec\/?p=5254"},"modified":"2020-07-09T10:37:35","modified_gmt":"2020-07-09T15:37:35","slug":"prefecta-y-viceprefecto-se-reunieron-con-dirigentes-de-la-parroquia-chura-en-el-canton-quininde","status":"publish","type":"post","link":"https:\/\/prefecturadeesmeraldas.gob.ec\/index.php\/2020\/07\/09\/prefecta-y-viceprefecto-se-reunieron-con-dirigentes-de-la-parroquia-chura-en-el-canton-quininde\/","title":{"rendered":"Prefecta y Viceprefecto se reunieron con dirigentes de la parroquia Chura, en el cant\u00f3n Quinind\u00e9."},"content":{"rendered":"\t\t<div data-elementor-type=\"wp-post\" data-elementor-id=\"5254\" class=\"elementor elementor-5254\">\n\t\t\t\t\t\t<section class=\"elementor-section elementor-top-section elementor-element elementor-element-a16a49f elementor-section-boxed elementor-section-height-default elementor-section-height-default\" data-id=\"a16a49f\" data-element_type=\"section\">\n\t\t\t\t\t\t<div class=\"elementor-container elementor-column-gap-default\">\n\t\t\t\t\t<div class=\"elementor-column elementor-col-100 elementor-top-column elementor-element elementor-element-770187d\" data-id=\"770187d\" data-element_type=\"column\">\n\t\t\t<div class=\"elementor-widget-wrap elementor-element-populated\">\n\t\t\t\t\t\t<div class=\"elementor-element elementor-element-9c7a929 elementor-widget elementor-widget-image\" data-id=\"9c7a929\" data-element_type=\"widget\" data-widget_type=\"image.default\">\n\t\t\t\t<div class=\"elementor-widget-container\">\n\t\t\t\t\t\t\t\t\t\t\t\t\t\t\t<img fetchpriority=\"high\" decoding=\"async\" width=\"1024\" height=\"683\" src=\"https:\/\/prefecturadeesmeraldas.gob.ec\/wp-content\/uploads\/2020\/07\/BOLETIN601-1024x683.jpg\" class=\"attachment-large size-large wp-image-5255\" alt=\"\" srcset=\"https:\/\/prefecturadeesmeraldas.gob.ec\/wp-content\/uploads\/2020\/07\/BOLETIN601-1024x683.jpg 1024w, https:\/\/prefecturadeesmeraldas.gob.ec\/wp-content\/uploads\/2020\/07\/BOLETIN601-1080x720.jpg 1080w, https:\/\/prefecturadeesmeraldas.gob.ec\/wp-content\/uploads\/2020\/07\/BOLETIN601-300x200.jpg 300w, https:\/\/prefecturadeesmeraldas.gob.ec\/wp-content\/uploads\/2020\/07\/BOLETIN601-768x512.jpg 768w, https:\/\/prefecturadeesmeraldas.gob.ec\/wp-content\/uploads\/2020\/07\/BOLETIN601-360x240.jpg 360w, https:\/\/prefecturadeesmeraldas.gob.ec\/wp-content\/uploads\/2020\/07\/BOLETIN601.jpg 1350w\" sizes=\"(max-width: 1024px) 100vw, 1024px\" \/>\t\t\t\t\t\t\t\t\t\t\t\t\t\t\t<\/div>\n\t\t\t\t<\/div>\n\t\t\t\t\t<\/div>\n\t\t<\/div>\n\t\t\t\t\t<\/div>\n\t\t<\/section>\n\t\t\t\t<section class=\"elementor-section elementor-top-section elementor-element elementor-element-8af74bb elementor-section-boxed elementor-section-height-default elementor-section-height-default\" data-id=\"8af74bb\" data-element_type=\"section\">\n\t\t\t\t\t\t<div class=\"elementor-container elementor-column-gap-default\">\n\t\t\t\t\t<div class=\"elementor-column elementor-col-100 elementor-top-column elementor-element elementor-element-4bb5bff\" data-id=\"4bb5bff\" data-element_type=\"column\">\n\t\t\t<div class=\"elementor-widget-wrap elementor-element-populated\">\n\t\t\t\t\t\t<div class=\"elementor-element elementor-element-95d864d elementor-widget elementor-widget-text-editor\" data-id=\"95d864d\" data-element_type=\"widget\" data-widget_type=\"text-editor.default\">\n\t\t\t\t<div class=\"elementor-widget-container\">\n\t\t\t\t\t\t\t\t\t<p>Una importante reuni\u00f3n, se desarroll\u00f3 en la parroquia Chura del cant\u00f3n Quinind\u00e9, en el marco del agradecimiento, producto de las obras de mejoramiento vial ejecutadas por la <strong>Prefectura de Esmeraldas<\/strong> durante la actual administraci\u00f3n. Tras un recorrido en camioneta y luego en lancha que tom\u00f3 cerca de 2 horas, la Prefecta y el Viceprefecto se dieron cita el pasado viernes 3 de julio del 2020 en el recinto Zazara para dialogar y planificar la ejecuci\u00f3n de nuevas obras junto a los dirigentes. En esta reuni\u00f3n, se anunci\u00f3 la instalaci\u00f3n de un nuevo punto de internet wifi para beneficio de la comunidad.<\/p><p><strong>Roberta Zambrano<\/strong> prefecta de Esmeraldas, refiri\u00e9ndose a esta visita, manifest\u00f3 la evidente necesidad de seguir trabajando en favor de las comunidades rurales que requieran la intervenci\u00f3n de la Prefectura, en apoyo a la productividad.<\/p><p>Adem\u00e1s, insisti\u00f3 en que su intenci\u00f3n es trabajar por el sector agro productivo de la provincia, que en el caso del recinto Zazara celebr\u00f3 la apertura y mejoramiento de caminos vecinales, que se reflejan en la comercializaci\u00f3n de una gran variedad de productos.<\/p><p><strong>Dany Quiroz<\/strong>, vicepresidente de la Junta Parroquial de Chura, agradeci\u00f3 la presencia de la m\u00e1xima autoridad de la provincia en territorio, para que en di\u00e1logo recibiera los agradecimientos y solicitudes para la ejecuci\u00f3n de nuevos trabajos.<\/p><p>Mientras que,<strong> Ilter Ajilo<\/strong>, dirigente de la comunidad de Zazara, bajo el mismo sentido de agradecimiento, solicit\u00f3 la intervenci\u00f3n de los 3.5 kil\u00f3metros que comprende el camino vecinal Zazara \u2013 Valle Hermoso.<\/p><p>Finalmente, Diego<strong> Zambrano<\/strong>, Viceprefecto de la provincia de Esmeraldas, se comprometi\u00f3 en seguir trabajando en favor de la comunidad, ejecutando los trabajos de mejoramiento de la red vial rural de forma progresiva.<\/p>\t\t\t\t\t\t\t\t<\/div>\n\t\t\t\t<\/div>\n\t\t\t\t\t<\/div>\n\t\t<\/div>\n\t\t\t\t\t<\/div>\n\t\t<\/section>\n\t\t\t\t<\/div>\n\t\t","protected":false},"excerpt":{"rendered":"<p>Una importante reuni\u00f3n, se desarroll\u00f3 en la parroquia Chura del cant\u00f3n Quinind\u00e9, en el marco del agradecimiento, producto de las obras de mejoramiento vial ejecutadas por la Prefectura de Esmeraldas durante la actual administraci\u00f3n. Tras un recorrido en camioneta y luego en lancha que tom\u00f3 cerca de 2 horas, la Prefecta y el Viceprefecto se [&hellip;]<\/p>\n","protected":false},"author":2,"featured_media":5255,"comment_status":"closed","ping_status":"open","sticky":false,"template":"","format":"standard","meta":{"footnotes":""},"categories":[3],"tags":[],"class_list":["post-5254","post","type-post","status-publish","format-standard","has-post-thumbnail","hentry","category-institucional"],"yoast_head":"<!-- This site is optimized with the Yoast SEO plugin v25.7 - https:\/\/yoast.com\/wordpress\/plugins\/seo\/ -->\n<title>Prefecta y Viceprefecto se reunieron con dirigentes de la parroquia Chura, en el cant\u00f3n Quinind\u00e9. - Gobierno Aut\u00f3nomo Descentralizado de la Provincia de Esmeraldas<\/title>\n<meta name=\"robots\" content=\"index, follow, max-snippet:-1, max-image-preview:large, max-video-preview:-1\" \/>\n<link rel=\"canonical\" href=\"https:\/\/prefecturadeesmeraldas.gob.ec\/index.php\/2020\/07\/09\/prefecta-y-viceprefecto-se-reunieron-con-dirigentes-de-la-parroquia-chura-en-el-canton-quininde\/\" \/>\n<meta property=\"og:locale\" content=\"es_ES\" \/>\n<meta property=\"og:type\" content=\"article\" \/>\n<meta property=\"og:title\" content=\"Prefecta y Viceprefecto se reunieron con dirigentes de la parroquia Chura, en el cant\u00f3n Quinind\u00e9. - Gobierno Aut\u00f3nomo Descentralizado de la Provincia de Esmeraldas\" \/>\n<meta property=\"og:description\" content=\"Una importante reuni\u00f3n, se desarroll\u00f3 en la parroquia Chura del cant\u00f3n Quinind\u00e9, en el marco del agradecimiento, producto de las obras de mejoramiento vial ejecutadas por la Prefectura de Esmeraldas durante la actual administraci\u00f3n. Tras un recorrido en camioneta y luego en lancha que tom\u00f3 cerca de 2 horas, la Prefecta y el Viceprefecto se [&hellip;]\" \/>\n<meta property=\"og:url\" content=\"https:\/\/prefecturadeesmeraldas.gob.ec\/index.php\/2020\/07\/09\/prefecta-y-viceprefecto-se-reunieron-con-dirigentes-de-la-parroquia-chura-en-el-canton-quininde\/\" \/>\n<meta property=\"og:site_name\" content=\"Gobierno Aut\u00f3nomo Descentralizado de la Provincia de Esmeraldas\" \/>\n<meta property=\"article:publisher\" content=\"https:\/\/www.facebook.com\/PrefecturaEsmeraldas\/\" \/>\n<meta property=\"article:published_time\" content=\"2020-07-09T15:36:19+00:00\" \/>\n<meta property=\"article:modified_time\" content=\"2020-07-09T15:37:35+00:00\" \/>\n<meta property=\"og:image\" content=\"https:\/\/prefecturadeesmeraldas.gob.ec\/wp-content\/uploads\/2020\/07\/BOLETIN601.jpg\" \/>\n\t<meta property=\"og:image:width\" content=\"1350\" \/>\n\t<meta property=\"og:image:height\" content=\"900\" \/>\n\t<meta property=\"og:image:type\" content=\"image\/jpeg\" \/>\n<meta name=\"author\" content=\"Direcci\u00f3n de Comunicaci\u00f3n\" \/>\n<meta name=\"twitter:card\" content=\"summary_large_image\" \/>\n<meta name=\"twitter:label1\" content=\"Escrito por\" \/>\n\t<meta name=\"twitter:data1\" content=\"Direcci\u00f3n de Comunicaci\u00f3n\" \/>\n\t<meta name=\"twitter:label2\" content=\"Tiempo de lectura\" \/>\n\t<meta name=\"twitter:data2\" content=\"1 minuto\" \/>\n<script type=\"application\/ld+json\" class=\"yoast-schema-graph\">{\"@context\":\"https:\/\/schema.org\",\"@graph\":[{\"@type\":\"Article\",\"@id\":\"https:\/\/prefecturadeesmeraldas.gob.ec\/index.php\/2020\/07\/09\/prefecta-y-viceprefecto-se-reunieron-con-dirigentes-de-la-parroquia-chura-en-el-canton-quininde\/#article\",\"isPartOf\":{\"@id\":\"https:\/\/prefecturadeesmeraldas.gob.ec\/index.php\/2020\/07\/09\/prefecta-y-viceprefecto-se-reunieron-con-dirigentes-de-la-parroquia-chura-en-el-canton-quininde\/\"},\"author\":{\"name\":\"Direcci\u00f3n de Comunicaci\u00f3n\",\"@id\":\"https:\/\/prefecturadeesmeraldas.gob.ec\/#\/schema\/person\/b0c9e7b1ead7725994d1e319e8825234\"},\"headline\":\"Prefecta y Viceprefecto se reunieron con dirigentes de la parroquia Chura, en el cant\u00f3n Quinind\u00e9.\",\"datePublished\":\"2020-07-09T15:36:19+00:00\",\"dateModified\":\"2020-07-09T15:37:35+00:00\",\"mainEntityOfPage\":{\"@id\":\"https:\/\/prefecturadeesmeraldas.gob.ec\/index.php\/2020\/07\/09\/prefecta-y-viceprefecto-se-reunieron-con-dirigentes-de-la-parroquia-chura-en-el-canton-quininde\/\"},\"wordCount\":305,\"publisher\":{\"@id\":\"https:\/\/prefecturadeesmeraldas.gob.ec\/#organization\"},\"image\":{\"@id\":\"https:\/\/prefecturadeesmeraldas.gob.ec\/index.php\/2020\/07\/09\/prefecta-y-viceprefecto-se-reunieron-con-dirigentes-de-la-parroquia-chura-en-el-canton-quininde\/#primaryimage\"},\"thumbnailUrl\":\"https:\/\/prefecturadeesmeraldas.gob.ec\/wp-content\/uploads\/2020\/07\/BOLETIN601.jpg\",\"articleSection\":[\"Institucional\"],\"inLanguage\":\"es\"},{\"@type\":\"WebPage\",\"@id\":\"https:\/\/prefecturadeesmeraldas.gob.ec\/index.php\/2020\/07\/09\/prefecta-y-viceprefecto-se-reunieron-con-dirigentes-de-la-parroquia-chura-en-el-canton-quininde\/\",\"url\":\"https:\/\/prefecturadeesmeraldas.gob.ec\/index.php\/2020\/07\/09\/prefecta-y-viceprefecto-se-reunieron-con-dirigentes-de-la-parroquia-chura-en-el-canton-quininde\/\",\"name\":\"Prefecta y Viceprefecto se reunieron con dirigentes de la parroquia Chura, en el cant\u00f3n Quinind\u00e9. - Gobierno Aut\u00f3nomo Descentralizado de la Provincia de Esmeraldas\",\"isPartOf\":{\"@id\":\"https:\/\/prefecturadeesmeraldas.gob.ec\/#website\"},\"primaryImageOfPage\":{\"@id\":\"https:\/\/prefecturadeesmeraldas.gob.ec\/index.php\/2020\/07\/09\/prefecta-y-viceprefecto-se-reunieron-con-dirigentes-de-la-parroquia-chura-en-el-canton-quininde\/#primaryimage\"},\"image\":{\"@id\":\"https:\/\/prefecturadeesmeraldas.gob.ec\/index.php\/2020\/07\/09\/prefecta-y-viceprefecto-se-reunieron-con-dirigentes-de-la-parroquia-chura-en-el-canton-quininde\/#primaryimage\"},\"thumbnailUrl\":\"https:\/\/prefecturadeesmeraldas.gob.ec\/wp-content\/uploads\/2020\/07\/BOLETIN601.jpg\",\"datePublished\":\"2020-07-09T15:36:19+00:00\",\"dateModified\":\"2020-07-09T15:37:35+00:00\",\"breadcrumb\":{\"@id\":\"https:\/\/prefecturadeesmeraldas.gob.ec\/index.php\/2020\/07\/09\/prefecta-y-viceprefecto-se-reunieron-con-dirigentes-de-la-parroquia-chura-en-el-canton-quininde\/#breadcrumb\"},\"inLanguage\":\"es\",\"potentialAction\":[{\"@type\":\"ReadAction\",\"target\":[\"https:\/\/prefecturadeesmeraldas.gob.ec\/index.php\/2020\/07\/09\/prefecta-y-viceprefecto-se-reunieron-con-dirigentes-de-la-parroquia-chura-en-el-canton-quininde\/\"]}]},{\"@type\":\"ImageObject\",\"inLanguage\":\"es\",\"@id\":\"https:\/\/prefecturadeesmeraldas.gob.ec\/index.php\/2020\/07\/09\/prefecta-y-viceprefecto-se-reunieron-con-dirigentes-de-la-parroquia-chura-en-el-canton-quininde\/#primaryimage\",\"url\":\"https:\/\/prefecturadeesmeraldas.gob.ec\/wp-content\/uploads\/2020\/07\/BOLETIN601.jpg\",\"contentUrl\":\"https:\/\/prefecturadeesmeraldas.gob.ec\/wp-content\/uploads\/2020\/07\/BOLETIN601.jpg\",\"width\":1350,\"height\":900},{\"@type\":\"BreadcrumbList\",\"@id\":\"https:\/\/prefecturadeesmeraldas.gob.ec\/index.php\/2020\/07\/09\/prefecta-y-viceprefecto-se-reunieron-con-dirigentes-de-la-parroquia-chura-en-el-canton-quininde\/#breadcrumb\",\"itemListElement\":[{\"@type\":\"ListItem\",\"position\":1,\"name\":\"Home\",\"item\":\"https:\/\/prefecturadeesmeraldas.gob.ec\/\"},{\"@type\":\"ListItem\",\"position\":2,\"name\":\"Prefecta y Viceprefecto se reunieron con dirigentes de la parroquia Chura, en el cant\u00f3n Quinind\u00e9.\"}]},{\"@type\":\"WebSite\",\"@id\":\"https:\/\/prefecturadeesmeraldas.gob.ec\/#website\",\"url\":\"https:\/\/prefecturadeesmeraldas.gob.ec\/\",\"name\":\"Gobierno Aut\u00f3nomo Descentralizado de la Provincia de Esmeraldas\",\"description\":\"Gobierno Aut\u00f3nomo Descentralizado de la Provincia de Esmeraldas\",\"publisher\":{\"@id\":\"https:\/\/prefecturadeesmeraldas.gob.ec\/#organization\"},\"potentialAction\":[{\"@type\":\"SearchAction\",\"target\":{\"@type\":\"EntryPoint\",\"urlTemplate\":\"https:\/\/prefecturadeesmeraldas.gob.ec\/?s={search_term_string}\"},\"query-input\":{\"@type\":\"PropertyValueSpecification\",\"valueRequired\":true,\"valueName\":\"search_term_string\"}}],\"inLanguage\":\"es\"},{\"@type\":\"Organization\",\"@id\":\"https:\/\/prefecturadeesmeraldas.gob.ec\/#organization\",\"name\":\"Gobierno Aut\u00f3nomo Descentralizado de la Provincia de Esmeraldas\",\"url\":\"https:\/\/prefecturadeesmeraldas.gob.ec\/\",\"logo\":{\"@type\":\"ImageObject\",\"inLanguage\":\"es\",\"@id\":\"https:\/\/prefecturadeesmeraldas.gob.ec\/#\/schema\/logo\/image\/\",\"url\":\"https:\/\/prefecturadeesmeraldas.gob.ec\/wp-content\/uploads\/2019\/06\/logo.png\",\"contentUrl\":\"https:\/\/prefecturadeesmeraldas.gob.ec\/wp-content\/uploads\/2019\/06\/logo.png\",\"width\":859,\"height\":448,\"caption\":\"Gobierno Aut\u00f3nomo Descentralizado de la Provincia de Esmeraldas\"},\"image\":{\"@id\":\"https:\/\/prefecturadeesmeraldas.gob.ec\/#\/schema\/logo\/image\/\"},\"sameAs\":[\"https:\/\/www.facebook.com\/PrefecturaEsmeraldas\/\"]},{\"@type\":\"Person\",\"@id\":\"https:\/\/prefecturadeesmeraldas.gob.ec\/#\/schema\/person\/b0c9e7b1ead7725994d1e319e8825234\",\"name\":\"Direcci\u00f3n de Comunicaci\u00f3n\",\"image\":{\"@type\":\"ImageObject\",\"inLanguage\":\"es\",\"@id\":\"https:\/\/prefecturadeesmeraldas.gob.ec\/#\/schema\/person\/image\/\",\"url\":\"https:\/\/secure.gravatar.com\/avatar\/74a3870a946f5d774ade3569af61a72308e07ad3346f370c4b468ee2a9858658?s=96&d=mm&r=g\",\"contentUrl\":\"https:\/\/secure.gravatar.com\/avatar\/74a3870a946f5d774ade3569af61a72308e07ad3346f370c4b468ee2a9858658?s=96&d=mm&r=g\",\"caption\":\"Direcci\u00f3n de Comunicaci\u00f3n\"}}]}<\/script>\n<!-- \/ Yoast SEO plugin. -->","yoast_head_json":{"title":"Prefecta y Viceprefecto se reunieron con dirigentes de la parroquia Chura, en el cant\u00f3n Quinind\u00e9. - Gobierno Aut\u00f3nomo Descentralizado de la Provincia de Esmeraldas","robots":{"index":"index","follow":"follow","max-snippet":"max-snippet:-1","max-image-preview":"max-image-preview:large","max-video-preview":"max-video-preview:-1"},"canonical":"https:\/\/prefecturadeesmeraldas.gob.ec\/index.php\/2020\/07\/09\/prefecta-y-viceprefecto-se-reunieron-con-dirigentes-de-la-parroquia-chura-en-el-canton-quininde\/","og_locale":"es_ES","og_type":"article","og_title":"Prefecta y Viceprefecto se reunieron con dirigentes de la parroquia Chura, en el cant\u00f3n Quinind\u00e9. - Gobierno Aut\u00f3nomo Descentralizado de la Provincia de Esmeraldas","og_description":"Una importante reuni\u00f3n, se desarroll\u00f3 en la parroquia Chura del cant\u00f3n Quinind\u00e9, en el marco del agradecimiento, producto de las obras de mejoramiento vial ejecutadas por la Prefectura de Esmeraldas durante la actual administraci\u00f3n. Tras un recorrido en camioneta y luego en lancha que tom\u00f3 cerca de 2 horas, la Prefecta y el Viceprefecto se [&hellip;]","og_url":"https:\/\/prefecturadeesmeraldas.gob.ec\/index.php\/2020\/07\/09\/prefecta-y-viceprefecto-se-reunieron-con-dirigentes-de-la-parroquia-chura-en-el-canton-quininde\/","og_site_name":"Gobierno Aut\u00f3nomo Descentralizado de la Provincia de Esmeraldas","article_publisher":"https:\/\/www.facebook.com\/PrefecturaEsmeraldas\/","article_published_time":"2020-07-09T15:36:19+00:00","article_modified_time":"2020-07-09T15:37:35+00:00","og_image":[{"width":1350,"height":900,"url":"https:\/\/prefecturadeesmeraldas.gob.ec\/wp-content\/uploads\/2020\/07\/BOLETIN601.jpg","type":"image\/jpeg"}],"author":"Direcci\u00f3n de Comunicaci\u00f3n","twitter_card":"summary_large_image","twitter_misc":{"Escrito por":"Direcci\u00f3n de Comunicaci\u00f3n","Tiempo de lectura":"1 minuto"},"schema":{"@context":"https:\/\/schema.org","@graph":[{"@type":"Article","@id":"https:\/\/prefecturadeesmeraldas.gob.ec\/index.php\/2020\/07\/09\/prefecta-y-viceprefecto-se-reunieron-con-dirigentes-de-la-parroquia-chura-en-el-canton-quininde\/#article","isPartOf":{"@id":"https:\/\/prefecturadeesmeraldas.gob.ec\/index.php\/2020\/07\/09\/prefecta-y-viceprefecto-se-reunieron-con-dirigentes-de-la-parroquia-chura-en-el-canton-quininde\/"},"author":{"name":"Direcci\u00f3n de Comunicaci\u00f3n","@id":"https:\/\/prefecturadeesmeraldas.gob.ec\/#\/schema\/person\/b0c9e7b1ead7725994d1e319e8825234"},"headline":"Prefecta y Viceprefecto se reunieron con dirigentes de la parroquia Chura, en el cant\u00f3n Quinind\u00e9.","datePublished":"2020-07-09T15:36:19+00:00","dateModified":"2020-07-09T15:37:35+00:00","mainEntityOfPage":{"@id":"https:\/\/prefecturadeesmeraldas.gob.ec\/index.php\/2020\/07\/09\/prefecta-y-viceprefecto-se-reunieron-con-dirigentes-de-la-parroquia-chura-en-el-canton-quininde\/"},"wordCount":305,"publisher":{"@id":"https:\/\/prefecturadeesmeraldas.gob.ec\/#organization"},"image":{"@id":"https:\/\/prefecturadeesmeraldas.gob.ec\/index.php\/2020\/07\/09\/prefecta-y-viceprefecto-se-reunieron-con-dirigentes-de-la-parroquia-chura-en-el-canton-quininde\/#primaryimage"},"thumbnailUrl":"https:\/\/prefecturadeesmeraldas.gob.ec\/wp-content\/uploads\/2020\/07\/BOLETIN601.jpg","articleSection":["Institucional"],"inLanguage":"es"},{"@type":"WebPage","@id":"https:\/\/prefecturadeesmeraldas.gob.ec\/index.php\/2020\/07\/09\/prefecta-y-viceprefecto-se-reunieron-con-dirigentes-de-la-parroquia-chura-en-el-canton-quininde\/","url":"https:\/\/prefecturadeesmeraldas.gob.ec\/index.php\/2020\/07\/09\/prefecta-y-viceprefecto-se-reunieron-con-dirigentes-de-la-parroquia-chura-en-el-canton-quininde\/","name":"Prefecta y Viceprefecto se reunieron con dirigentes de la parroquia Chura, en el cant\u00f3n Quinind\u00e9. - Gobierno Aut\u00f3nomo Descentralizado de la Provincia de Esmeraldas","isPartOf":{"@id":"https:\/\/prefecturadeesmeraldas.gob.ec\/#website"},"primaryImageOfPage":{"@id":"https:\/\/prefecturadeesmeraldas.gob.ec\/index.php\/2020\/07\/09\/prefecta-y-viceprefecto-se-reunieron-con-dirigentes-de-la-parroquia-chura-en-el-canton-quininde\/#primaryimage"},"image":{"@id":"https:\/\/prefecturadeesmeraldas.gob.ec\/index.php\/2020\/07\/09\/prefecta-y-viceprefecto-se-reunieron-con-dirigentes-de-la-parroquia-chura-en-el-canton-quininde\/#primaryimage"},"thumbnailUrl":"https:\/\/prefecturadeesmeraldas.gob.ec\/wp-content\/uploads\/2020\/07\/BOLETIN601.jpg","datePublished":"2020-07-09T15:36:19+00:00","dateModified":"2020-07-09T15:37:35+00:00","breadcrumb":{"@id":"https:\/\/prefecturadeesmeraldas.gob.ec\/index.php\/2020\/07\/09\/prefecta-y-viceprefecto-se-reunieron-con-dirigentes-de-la-parroquia-chura-en-el-canton-quininde\/#breadcrumb"},"inLanguage":"es","potentialAction":[{"@type":"ReadAction","target":["https:\/\/prefecturadeesmeraldas.gob.ec\/index.php\/2020\/07\/09\/prefecta-y-viceprefecto-se-reunieron-con-dirigentes-de-la-parroquia-chura-en-el-canton-quininde\/"]}]},{"@type":"ImageObject","inLanguage":"es","@id":"https:\/\/prefecturadeesmeraldas.gob.ec\/index.php\/2020\/07\/09\/prefecta-y-viceprefecto-se-reunieron-con-dirigentes-de-la-parroquia-chura-en-el-canton-quininde\/#primaryimage","url":"https:\/\/prefecturadeesmeraldas.gob.ec\/wp-content\/uploads\/2020\/07\/BOLETIN601.jpg","contentUrl":"https:\/\/prefecturadeesmeraldas.gob.ec\/wp-content\/uploads\/2020\/07\/BOLETIN601.jpg","width":1350,"height":900},{"@type":"BreadcrumbList","@id":"https:\/\/prefecturadeesmeraldas.gob.ec\/index.php\/2020\/07\/09\/prefecta-y-viceprefecto-se-reunieron-con-dirigentes-de-la-parroquia-chura-en-el-canton-quininde\/#breadcrumb","itemListElement":[{"@type":"ListItem","position":1,"name":"Home","item":"https:\/\/prefecturadeesmeraldas.gob.ec\/"},{"@type":"ListItem","position":2,"name":"Prefecta y Viceprefecto se reunieron con dirigentes de la parroquia Chura, en el cant\u00f3n Quinind\u00e9."}]},{"@type":"WebSite","@id":"https:\/\/prefecturadeesmeraldas.gob.ec\/#website","url":"https:\/\/prefecturadeesmeraldas.gob.ec\/","name":"Gobierno Aut\u00f3nomo Descentralizado de la Provincia de Esmeraldas","description":"Gobierno Aut\u00f3nomo Descentralizado de la Provincia de Esmeraldas","publisher":{"@id":"https:\/\/prefecturadeesmeraldas.gob.ec\/#organization"},"potentialAction":[{"@type":"SearchAction","target":{"@type":"EntryPoint","urlTemplate":"https:\/\/prefecturadeesmeraldas.gob.ec\/?s={search_term_string}"},"query-input":{"@type":"PropertyValueSpecification","valueRequired":true,"valueName":"search_term_string"}}],"inLanguage":"es"},{"@type":"Organization","@id":"https:\/\/prefecturadeesmeraldas.gob.ec\/#organization","name":"Gobierno Aut\u00f3nomo Descentralizado de la Provincia de Esmeraldas","url":"https:\/\/prefecturadeesmeraldas.gob.ec\/","logo":{"@type":"ImageObject","inLanguage":"es","@id":"https:\/\/prefecturadeesmeraldas.gob.ec\/#\/schema\/logo\/image\/","url":"https:\/\/prefecturadeesmeraldas.gob.ec\/wp-content\/uploads\/2019\/06\/logo.png","contentUrl":"https:\/\/prefecturadeesmeraldas.gob.ec\/wp-content\/uploads\/2019\/06\/logo.png","width":859,"height":448,"caption":"Gobierno Aut\u00f3nomo Descentralizado de la Provincia de Esmeraldas"},"image":{"@id":"https:\/\/prefecturadeesmeraldas.gob.ec\/#\/schema\/logo\/image\/"},"sameAs":["https:\/\/www.facebook.com\/PrefecturaEsmeraldas\/"]},{"@type":"Person","@id":"https:\/\/prefecturadeesmeraldas.gob.ec\/#\/schema\/person\/b0c9e7b1ead7725994d1e319e8825234","name":"Direcci\u00f3n de Comunicaci\u00f3n","image":{"@type":"ImageObject","inLanguage":"es","@id":"https:\/\/prefecturadeesmeraldas.gob.ec\/#\/schema\/person\/image\/","url":"https:\/\/secure.gravatar.com\/avatar\/74a3870a946f5d774ade3569af61a72308e07ad3346f370c4b468ee2a9858658?s=96&d=mm&r=g","contentUrl":"https:\/\/secure.gravatar.com\/avatar\/74a3870a946f5d774ade3569af61a72308e07ad3346f370c4b468ee2a9858658?s=96&d=mm&r=g","caption":"Direcci\u00f3n de Comunicaci\u00f3n"}}]}},"_links":{"self":[{"href":"https:\/\/prefecturadeesmeraldas.gob.ec\/index.php\/wp-json\/wp\/v2\/posts\/5254","targetHints":{"allow":["GET"]}}],"collection":[{"href":"https:\/\/prefecturadeesmeraldas.gob.ec\/index.php\/wp-json\/wp\/v2\/posts"}],"about":[{"href":"https:\/\/prefecturadeesmeraldas.gob.ec\/index.php\/wp-json\/wp\/v2\/types\/post"}],"author":[{"embeddable":true,"href":"https:\/\/prefecturadeesmeraldas.gob.ec\/index.php\/wp-json\/wp\/v2\/users\/2"}],"replies":[{"embeddable":true,"href":"https:\/\/prefecturadeesmeraldas.gob.ec\/index.php\/wp-json\/wp\/v2\/comments?post=5254"}],"version-history":[{"count":0,"href":"https:\/\/prefecturadeesmeraldas.gob.ec\/index.php\/wp-json\/wp\/v2\/posts\/5254\/revisions"}],"wp:featuredmedia":[{"embeddable":true,"href":"https:\/\/prefecturadeesmeraldas.gob.ec\/index.php\/wp-json\/wp\/v2\/media\/5255"}],"wp:attachment":[{"href":"https:\/\/prefecturadeesmeraldas.gob.ec\/index.php\/wp-json\/wp\/v2\/media?parent=5254"}],"wp:term":[{"taxonomy":"category","embeddable":true,"href":"https:\/\/prefecturadeesmeraldas.gob.ec\/index.php\/wp-json\/wp\/v2\/categories?post=5254"},{"taxonomy":"post_tag","embeddable":true,"href":"https:\/\/prefecturadeesmeraldas.gob.ec\/index.php\/wp-json\/wp\/v2\/tags?post=5254"}],"curies":[{"name":"wp","href":"https:\/\/api.w.org\/{rel}","templated":true}]}}