{"id":5246,"date":"2020-07-09T10:11:17","date_gmt":"2020-07-09T15:11:17","guid":{"rendered":"http:\/\/prefecturadeesmeraldas.gob.ec\/?p=5246"},"modified":"2020-07-09T10:13:22","modified_gmt":"2020-07-09T15:13:22","slug":"prefectura-inauguro-obra-de-asfaltado-en-la-parroquia-selva-alegre","status":"publish","type":"post","link":"https:\/\/prefecturadeesmeraldas.gob.ec\/index.php\/2020\/07\/09\/prefectura-inauguro-obra-de-asfaltado-en-la-parroquia-selva-alegre\/","title":{"rendered":"Prefectura inaugur\u00f3 obra de asfaltado en la parroquia Selva Alegre."},"content":{"rendered":"\t\t<div data-elementor-type=\"wp-post\" data-elementor-id=\"5246\" class=\"elementor elementor-5246\">\n\t\t\t\t\t\t<section class=\"elementor-section elementor-top-section elementor-element elementor-element-fe02d7a elementor-section-boxed elementor-section-height-default elementor-section-height-default\" data-id=\"fe02d7a\" data-element_type=\"section\">\n\t\t\t\t\t\t<div class=\"elementor-container elementor-column-gap-default\">\n\t\t\t\t\t<div class=\"elementor-column elementor-col-100 elementor-top-column elementor-element elementor-element-53038ea\" data-id=\"53038ea\" data-element_type=\"column\">\n\t\t\t<div class=\"elementor-widget-wrap elementor-element-populated\">\n\t\t\t\t\t\t<div class=\"elementor-element elementor-element-fe2d06a elementor-widget elementor-widget-image\" data-id=\"fe2d06a\" data-element_type=\"widget\" data-widget_type=\"image.default\">\n\t\t\t\t<div class=\"elementor-widget-container\">\n\t\t\t\t\t\t\t\t\t\t\t\t\t\t\t<img fetchpriority=\"high\" decoding=\"async\" width=\"1024\" height=\"1024\" src=\"https:\/\/prefecturadeesmeraldas.gob.ec\/wp-content\/uploads\/2020\/07\/WhatsApp-Image-2020-07-06-at-17.03.24-1024x1024.jpeg\" class=\"attachment-large size-large wp-image-5247\" alt=\"\" srcset=\"https:\/\/prefecturadeesmeraldas.gob.ec\/wp-content\/uploads\/2020\/07\/WhatsApp-Image-2020-07-06-at-17.03.24-1024x1024.jpeg 1024w, https:\/\/prefecturadeesmeraldas.gob.ec\/wp-content\/uploads\/2020\/07\/WhatsApp-Image-2020-07-06-at-17.03.24-240x240.jpeg 240w, https:\/\/prefecturadeesmeraldas.gob.ec\/wp-content\/uploads\/2020\/07\/WhatsApp-Image-2020-07-06-at-17.03.24-1080x1080.jpeg 1080w, https:\/\/prefecturadeesmeraldas.gob.ec\/wp-content\/uploads\/2020\/07\/WhatsApp-Image-2020-07-06-at-17.03.24-150x150.jpeg 150w, https:\/\/prefecturadeesmeraldas.gob.ec\/wp-content\/uploads\/2020\/07\/WhatsApp-Image-2020-07-06-at-17.03.24-300x300.jpeg 300w, https:\/\/prefecturadeesmeraldas.gob.ec\/wp-content\/uploads\/2020\/07\/WhatsApp-Image-2020-07-06-at-17.03.24-768x768.jpeg 768w, https:\/\/prefecturadeesmeraldas.gob.ec\/wp-content\/uploads\/2020\/07\/WhatsApp-Image-2020-07-06-at-17.03.24.jpeg 1280w\" sizes=\"(max-width: 1024px) 100vw, 1024px\" \/>\t\t\t\t\t\t\t\t\t\t\t\t\t\t\t<\/div>\n\t\t\t\t<\/div>\n\t\t\t\t\t<\/div>\n\t\t<\/div>\n\t\t\t\t\t<\/div>\n\t\t<\/section>\n\t\t\t\t<section class=\"elementor-section elementor-top-section elementor-element elementor-element-6408374 elementor-section-boxed elementor-section-height-default elementor-section-height-default\" data-id=\"6408374\" data-element_type=\"section\">\n\t\t\t\t\t\t<div class=\"elementor-container elementor-column-gap-default\">\n\t\t\t\t\t<div class=\"elementor-column elementor-col-100 elementor-top-column elementor-element elementor-element-f335ab0\" data-id=\"f335ab0\" data-element_type=\"column\">\n\t\t\t<div class=\"elementor-widget-wrap elementor-element-populated\">\n\t\t\t\t\t\t<div class=\"elementor-element elementor-element-6f0159f elementor-widget elementor-widget-text-editor\" data-id=\"6f0159f\" data-element_type=\"widget\" data-widget_type=\"text-editor.default\">\n\t\t\t\t<div class=\"elementor-widget-container\">\n\t\t\t\t\t\t\t\t\t<p>Calles y transversales, as\u00ed como la avenida principal de la parroquia Selva Alegre en el cant\u00f3n Eloy Alfaro, fueron asfaltadas por la Prefectura de Esmeraldas. Al acto de inauguraci\u00f3n de la obra asistieron los presidentes de las 15 Juntas Parroquiales, el alcalde del cant\u00f3n Eloy Alfaro y Roberta Zambrano prefecta de la provincia de Esmeraldas. El evento se desarroll\u00f3 el pasado s\u00e1bado 4 de julio de 2020 en los exteriores de la Junta Parroquial de Selva Alegre, en medio de un ambiente de satisfacci\u00f3n entre los habitantes, a ra\u00edz de la mejora a sus condiciones de vida.<\/p><p><strong>Roberta Zambrano<\/strong>, prefecta de la provincia de Esmeraldas, dijo sentirse feliz al inaugurar una obra que por m\u00e1s de una d\u00e9cada se convirti\u00f3 en el sue\u00f1o de los habitantes de la parroquia Selva Alegre, a ra\u00edz de promesas incumplidas.<\/p>\t\t\t\t\t\t\t\t<\/div>\n\t\t\t\t<\/div>\n\t\t\t\t\t<\/div>\n\t\t<\/div>\n\t\t\t\t\t<\/div>\n\t\t<\/section>\n\t\t\t\t<section class=\"elementor-section elementor-top-section elementor-element elementor-element-cdabf31 elementor-section-boxed elementor-section-height-default elementor-section-height-default\" data-id=\"cdabf31\" data-element_type=\"section\">\n\t\t\t\t\t\t<div class=\"elementor-container elementor-column-gap-default\">\n\t\t\t\t\t<div class=\"elementor-column elementor-col-100 elementor-top-column elementor-element elementor-element-2d88904\" data-id=\"2d88904\" data-element_type=\"column\">\n\t\t\t<div class=\"elementor-widget-wrap elementor-element-populated\">\n\t\t\t\t\t\t<div class=\"elementor-element elementor-element-1a1d11f elementor-widget elementor-widget-image\" data-id=\"1a1d11f\" data-element_type=\"widget\" data-widget_type=\"image.default\">\n\t\t\t\t<div class=\"elementor-widget-container\">\n\t\t\t\t\t\t\t\t\t\t\t\t\t\t\t<img decoding=\"async\" width=\"1024\" height=\"768\" src=\"https:\/\/prefecturadeesmeraldas.gob.ec\/wp-content\/uploads\/2020\/06\/WhatsApp-Image-2020-06-22-at-20.49.48-1024x768.jpeg\" class=\"attachment-large size-large wp-image-5050\" alt=\"\" srcset=\"https:\/\/prefecturadeesmeraldas.gob.ec\/wp-content\/uploads\/2020\/06\/WhatsApp-Image-2020-06-22-at-20.49.48-1024x768.jpeg 1024w, https:\/\/prefecturadeesmeraldas.gob.ec\/wp-content\/uploads\/2020\/06\/WhatsApp-Image-2020-06-22-at-20.49.48-1080x810.jpeg 1080w, https:\/\/prefecturadeesmeraldas.gob.ec\/wp-content\/uploads\/2020\/06\/WhatsApp-Image-2020-06-22-at-20.49.48-300x225.jpeg 300w, https:\/\/prefecturadeesmeraldas.gob.ec\/wp-content\/uploads\/2020\/06\/WhatsApp-Image-2020-06-22-at-20.49.48-768x576.jpeg 768w, https:\/\/prefecturadeesmeraldas.gob.ec\/wp-content\/uploads\/2020\/06\/WhatsApp-Image-2020-06-22-at-20.49.48.jpeg 1280w\" sizes=\"(max-width: 1024px) 100vw, 1024px\" \/>\t\t\t\t\t\t\t\t\t\t\t\t\t\t\t<\/div>\n\t\t\t\t<\/div>\n\t\t\t\t\t<\/div>\n\t\t<\/div>\n\t\t\t\t\t<\/div>\n\t\t<\/section>\n\t\t\t\t<section class=\"elementor-section elementor-top-section elementor-element elementor-element-a2d6282 elementor-section-boxed elementor-section-height-default elementor-section-height-default\" data-id=\"a2d6282\" data-element_type=\"section\">\n\t\t\t\t\t\t<div class=\"elementor-container elementor-column-gap-default\">\n\t\t\t\t\t<div class=\"elementor-column elementor-col-100 elementor-top-column elementor-element elementor-element-c13b593\" data-id=\"c13b593\" data-element_type=\"column\">\n\t\t\t<div class=\"elementor-widget-wrap elementor-element-populated\">\n\t\t\t\t\t\t<div class=\"elementor-element elementor-element-2f1ace9 elementor-widget elementor-widget-text-editor\" data-id=\"2f1ace9\" data-element_type=\"widget\" data-widget_type=\"text-editor.default\">\n\t\t\t\t<div class=\"elementor-widget-container\">\n\t\t\t\t\t\t\t\t\t<p>Durante su intervenci\u00f3n en el evento, <strong>Zambrano <\/strong>record\u00f3 que hasta el momento son 13 proyectos de trabajo los que han sido considerados para esta zona del norte de la provincia de Esmeraldas, entre los que se encuentran el mejoramiento de la infraestructura vial y la instalaci\u00f3n de los puntos de internet wifi.<\/p><p>Por su parte<strong> Linder Pae Bacilio<\/strong>, presidente de la Junta Parroquia de Selva Alegre, salud\u00f3 la presencia de las autoridades de este cant\u00f3n, inaugurando una obra de cambio para su comunidad y las ayudas entregadas por parte de la Prefectura de Esmeraldas, para prevenir y detectar a tiempo la presencia del coronavirus.<\/p><p><strong>David Rosero<\/strong>, alcalde del cant\u00f3n Eloy Alfaro, aprovech\u00f3 para resaltar la importancia de realizar un trabajo en equipo entre autoridades, \u00fanicamente pensando en el bienestar de la poblaci\u00f3n.<\/p>\t\t\t\t\t\t\t\t<\/div>\n\t\t\t\t<\/div>\n\t\t\t\t\t<\/div>\n\t\t<\/div>\n\t\t\t\t\t<\/div>\n\t\t<\/section>\n\t\t\t\t<\/div>\n\t\t","protected":false},"excerpt":{"rendered":"<p>Calles y transversales, as\u00ed como la avenida principal de la parroquia Selva Alegre en el cant\u00f3n Eloy Alfaro, fueron asfaltadas por la Prefectura de Esmeraldas. Al acto de inauguraci\u00f3n de la obra asistieron los presidentes de las 15 Juntas Parroquiales, el alcalde del cant\u00f3n Eloy Alfaro y Roberta Zambrano prefecta de la provincia de Esmeraldas. [&hellip;]<\/p>\n","protected":false},"author":2,"featured_media":5247,"comment_status":"closed","ping_status":"open","sticky":false,"template":"","format":"standard","meta":{"footnotes":""},"categories":[14],"tags":[],"class_list":["post-5246","post","type-post","status-publish","format-standard","has-post-thumbnail","hentry","category-vialidad"],"yoast_head":"<!-- This site is optimized with the Yoast SEO plugin v25.7 - https:\/\/yoast.com\/wordpress\/plugins\/seo\/ -->\n<title>Prefectura inaugur\u00f3 obra de asfaltado en la parroquia Selva Alegre. - Gobierno Aut\u00f3nomo Descentralizado de la Provincia de Esmeraldas<\/title>\n<meta name=\"robots\" content=\"index, follow, max-snippet:-1, max-image-preview:large, max-video-preview:-1\" \/>\n<link rel=\"canonical\" href=\"https:\/\/prefecturadeesmeraldas.gob.ec\/index.php\/2020\/07\/09\/prefectura-inauguro-obra-de-asfaltado-en-la-parroquia-selva-alegre\/\" \/>\n<meta property=\"og:locale\" content=\"es_ES\" \/>\n<meta property=\"og:type\" content=\"article\" \/>\n<meta property=\"og:title\" content=\"Prefectura inaugur\u00f3 obra de asfaltado en la parroquia Selva Alegre. - Gobierno Aut\u00f3nomo Descentralizado de la Provincia de Esmeraldas\" \/>\n<meta property=\"og:description\" content=\"Calles y transversales, as\u00ed como la avenida principal de la parroquia Selva Alegre en el cant\u00f3n Eloy Alfaro, fueron asfaltadas por la Prefectura de Esmeraldas. Al acto de inauguraci\u00f3n de la obra asistieron los presidentes de las 15 Juntas Parroquiales, el alcalde del cant\u00f3n Eloy Alfaro y Roberta Zambrano prefecta de la provincia de Esmeraldas. [&hellip;]\" \/>\n<meta property=\"og:url\" content=\"https:\/\/prefecturadeesmeraldas.gob.ec\/index.php\/2020\/07\/09\/prefectura-inauguro-obra-de-asfaltado-en-la-parroquia-selva-alegre\/\" \/>\n<meta property=\"og:site_name\" content=\"Gobierno Aut\u00f3nomo Descentralizado de la Provincia de Esmeraldas\" \/>\n<meta property=\"article:publisher\" content=\"https:\/\/www.facebook.com\/PrefecturaEsmeraldas\/\" \/>\n<meta property=\"article:published_time\" content=\"2020-07-09T15:11:17+00:00\" \/>\n<meta property=\"article:modified_time\" content=\"2020-07-09T15:13:22+00:00\" \/>\n<meta property=\"og:image\" content=\"https:\/\/prefecturadeesmeraldas.gob.ec\/wp-content\/uploads\/2020\/07\/WhatsApp-Image-2020-07-06-at-17.03.24.jpeg\" \/>\n\t<meta property=\"og:image:width\" content=\"1280\" \/>\n\t<meta property=\"og:image:height\" content=\"1280\" \/>\n\t<meta property=\"og:image:type\" content=\"image\/jpeg\" \/>\n<meta name=\"author\" content=\"Direcci\u00f3n de Comunicaci\u00f3n\" \/>\n<meta name=\"twitter:card\" content=\"summary_large_image\" \/>\n<meta name=\"twitter:label1\" content=\"Escrito por\" \/>\n\t<meta name=\"twitter:data1\" content=\"Direcci\u00f3n de Comunicaci\u00f3n\" \/>\n\t<meta name=\"twitter:label2\" content=\"Tiempo de lectura\" \/>\n\t<meta name=\"twitter:data2\" content=\"1 minuto\" \/>\n<script type=\"application\/ld+json\" class=\"yoast-schema-graph\">{\"@context\":\"https:\/\/schema.org\",\"@graph\":[{\"@type\":\"Article\",\"@id\":\"https:\/\/prefecturadeesmeraldas.gob.ec\/index.php\/2020\/07\/09\/prefectura-inauguro-obra-de-asfaltado-en-la-parroquia-selva-alegre\/#article\",\"isPartOf\":{\"@id\":\"https:\/\/prefecturadeesmeraldas.gob.ec\/index.php\/2020\/07\/09\/prefectura-inauguro-obra-de-asfaltado-en-la-parroquia-selva-alegre\/\"},\"author\":{\"name\":\"Direcci\u00f3n de Comunicaci\u00f3n\",\"@id\":\"https:\/\/prefecturadeesmeraldas.gob.ec\/#\/schema\/person\/b0c9e7b1ead7725994d1e319e8825234\"},\"headline\":\"Prefectura inaugur\u00f3 obra de asfaltado en la parroquia Selva Alegre.\",\"datePublished\":\"2020-07-09T15:11:17+00:00\",\"dateModified\":\"2020-07-09T15:13:22+00:00\",\"mainEntityOfPage\":{\"@id\":\"https:\/\/prefecturadeesmeraldas.gob.ec\/index.php\/2020\/07\/09\/prefectura-inauguro-obra-de-asfaltado-en-la-parroquia-selva-alegre\/\"},\"wordCount\":289,\"publisher\":{\"@id\":\"https:\/\/prefecturadeesmeraldas.gob.ec\/#organization\"},\"image\":{\"@id\":\"https:\/\/prefecturadeesmeraldas.gob.ec\/index.php\/2020\/07\/09\/prefectura-inauguro-obra-de-asfaltado-en-la-parroquia-selva-alegre\/#primaryimage\"},\"thumbnailUrl\":\"https:\/\/prefecturadeesmeraldas.gob.ec\/wp-content\/uploads\/2020\/07\/WhatsApp-Image-2020-07-06-at-17.03.24.jpeg\",\"articleSection\":[\"Vialidad\"],\"inLanguage\":\"es\"},{\"@type\":\"WebPage\",\"@id\":\"https:\/\/prefecturadeesmeraldas.gob.ec\/index.php\/2020\/07\/09\/prefectura-inauguro-obra-de-asfaltado-en-la-parroquia-selva-alegre\/\",\"url\":\"https:\/\/prefecturadeesmeraldas.gob.ec\/index.php\/2020\/07\/09\/prefectura-inauguro-obra-de-asfaltado-en-la-parroquia-selva-alegre\/\",\"name\":\"Prefectura inaugur\u00f3 obra de asfaltado en la parroquia Selva Alegre. - Gobierno Aut\u00f3nomo Descentralizado de la Provincia de Esmeraldas\",\"isPartOf\":{\"@id\":\"https:\/\/prefecturadeesmeraldas.gob.ec\/#website\"},\"primaryImageOfPage\":{\"@id\":\"https:\/\/prefecturadeesmeraldas.gob.ec\/index.php\/2020\/07\/09\/prefectura-inauguro-obra-de-asfaltado-en-la-parroquia-selva-alegre\/#primaryimage\"},\"image\":{\"@id\":\"https:\/\/prefecturadeesmeraldas.gob.ec\/index.php\/2020\/07\/09\/prefectura-inauguro-obra-de-asfaltado-en-la-parroquia-selva-alegre\/#primaryimage\"},\"thumbnailUrl\":\"https:\/\/prefecturadeesmeraldas.gob.ec\/wp-content\/uploads\/2020\/07\/WhatsApp-Image-2020-07-06-at-17.03.24.jpeg\",\"datePublished\":\"2020-07-09T15:11:17+00:00\",\"dateModified\":\"2020-07-09T15:13:22+00:00\",\"breadcrumb\":{\"@id\":\"https:\/\/prefecturadeesmeraldas.gob.ec\/index.php\/2020\/07\/09\/prefectura-inauguro-obra-de-asfaltado-en-la-parroquia-selva-alegre\/#breadcrumb\"},\"inLanguage\":\"es\",\"potentialAction\":[{\"@type\":\"ReadAction\",\"target\":[\"https:\/\/prefecturadeesmeraldas.gob.ec\/index.php\/2020\/07\/09\/prefectura-inauguro-obra-de-asfaltado-en-la-parroquia-selva-alegre\/\"]}]},{\"@type\":\"ImageObject\",\"inLanguage\":\"es\",\"@id\":\"https:\/\/prefecturadeesmeraldas.gob.ec\/index.php\/2020\/07\/09\/prefectura-inauguro-obra-de-asfaltado-en-la-parroquia-selva-alegre\/#primaryimage\",\"url\":\"https:\/\/prefecturadeesmeraldas.gob.ec\/wp-content\/uploads\/2020\/07\/WhatsApp-Image-2020-07-06-at-17.03.24.jpeg\",\"contentUrl\":\"https:\/\/prefecturadeesmeraldas.gob.ec\/wp-content\/uploads\/2020\/07\/WhatsApp-Image-2020-07-06-at-17.03.24.jpeg\",\"width\":1280,\"height\":1280},{\"@type\":\"BreadcrumbList\",\"@id\":\"https:\/\/prefecturadeesmeraldas.gob.ec\/index.php\/2020\/07\/09\/prefectura-inauguro-obra-de-asfaltado-en-la-parroquia-selva-alegre\/#breadcrumb\",\"itemListElement\":[{\"@type\":\"ListItem\",\"position\":1,\"name\":\"Home\",\"item\":\"https:\/\/prefecturadeesmeraldas.gob.ec\/\"},{\"@type\":\"ListItem\",\"position\":2,\"name\":\"Prefectura inaugur\u00f3 obra de asfaltado en la parroquia Selva Alegre.\"}]},{\"@type\":\"WebSite\",\"@id\":\"https:\/\/prefecturadeesmeraldas.gob.ec\/#website\",\"url\":\"https:\/\/prefecturadeesmeraldas.gob.ec\/\",\"name\":\"Gobierno Aut\u00f3nomo Descentralizado de la Provincia de Esmeraldas\",\"description\":\"Gobierno Aut\u00f3nomo Descentralizado de la Provincia de Esmeraldas\",\"publisher\":{\"@id\":\"https:\/\/prefecturadeesmeraldas.gob.ec\/#organization\"},\"potentialAction\":[{\"@type\":\"SearchAction\",\"target\":{\"@type\":\"EntryPoint\",\"urlTemplate\":\"https:\/\/prefecturadeesmeraldas.gob.ec\/?s={search_term_string}\"},\"query-input\":{\"@type\":\"PropertyValueSpecification\",\"valueRequired\":true,\"valueName\":\"search_term_string\"}}],\"inLanguage\":\"es\"},{\"@type\":\"Organization\",\"@id\":\"https:\/\/prefecturadeesmeraldas.gob.ec\/#organization\",\"name\":\"Gobierno Aut\u00f3nomo Descentralizado de la Provincia de Esmeraldas\",\"url\":\"https:\/\/prefecturadeesmeraldas.gob.ec\/\",\"logo\":{\"@type\":\"ImageObject\",\"inLanguage\":\"es\",\"@id\":\"https:\/\/prefecturadeesmeraldas.gob.ec\/#\/schema\/logo\/image\/\",\"url\":\"https:\/\/prefecturadeesmeraldas.gob.ec\/wp-content\/uploads\/2019\/06\/logo.png\",\"contentUrl\":\"https:\/\/prefecturadeesmeraldas.gob.ec\/wp-content\/uploads\/2019\/06\/logo.png\",\"width\":859,\"height\":448,\"caption\":\"Gobierno Aut\u00f3nomo Descentralizado de la Provincia de Esmeraldas\"},\"image\":{\"@id\":\"https:\/\/prefecturadeesmeraldas.gob.ec\/#\/schema\/logo\/image\/\"},\"sameAs\":[\"https:\/\/www.facebook.com\/PrefecturaEsmeraldas\/\"]},{\"@type\":\"Person\",\"@id\":\"https:\/\/prefecturadeesmeraldas.gob.ec\/#\/schema\/person\/b0c9e7b1ead7725994d1e319e8825234\",\"name\":\"Direcci\u00f3n de Comunicaci\u00f3n\",\"image\":{\"@type\":\"ImageObject\",\"inLanguage\":\"es\",\"@id\":\"https:\/\/prefecturadeesmeraldas.gob.ec\/#\/schema\/person\/image\/\",\"url\":\"https:\/\/secure.gravatar.com\/avatar\/74a3870a946f5d774ade3569af61a72308e07ad3346f370c4b468ee2a9858658?s=96&d=mm&r=g\",\"contentUrl\":\"https:\/\/secure.gravatar.com\/avatar\/74a3870a946f5d774ade3569af61a72308e07ad3346f370c4b468ee2a9858658?s=96&d=mm&r=g\",\"caption\":\"Direcci\u00f3n de Comunicaci\u00f3n\"}}]}<\/script>\n<!-- \/ Yoast SEO plugin. -->","yoast_head_json":{"title":"Prefectura inaugur\u00f3 obra de asfaltado en la parroquia Selva Alegre. - Gobierno Aut\u00f3nomo Descentralizado de la Provincia de Esmeraldas","robots":{"index":"index","follow":"follow","max-snippet":"max-snippet:-1","max-image-preview":"max-image-preview:large","max-video-preview":"max-video-preview:-1"},"canonical":"https:\/\/prefecturadeesmeraldas.gob.ec\/index.php\/2020\/07\/09\/prefectura-inauguro-obra-de-asfaltado-en-la-parroquia-selva-alegre\/","og_locale":"es_ES","og_type":"article","og_title":"Prefectura inaugur\u00f3 obra de asfaltado en la parroquia Selva Alegre. - Gobierno Aut\u00f3nomo Descentralizado de la Provincia de Esmeraldas","og_description":"Calles y transversales, as\u00ed como la avenida principal de la parroquia Selva Alegre en el cant\u00f3n Eloy Alfaro, fueron asfaltadas por la Prefectura de Esmeraldas. Al acto de inauguraci\u00f3n de la obra asistieron los presidentes de las 15 Juntas Parroquiales, el alcalde del cant\u00f3n Eloy Alfaro y Roberta Zambrano prefecta de la provincia de Esmeraldas. [&hellip;]","og_url":"https:\/\/prefecturadeesmeraldas.gob.ec\/index.php\/2020\/07\/09\/prefectura-inauguro-obra-de-asfaltado-en-la-parroquia-selva-alegre\/","og_site_name":"Gobierno Aut\u00f3nomo Descentralizado de la Provincia de Esmeraldas","article_publisher":"https:\/\/www.facebook.com\/PrefecturaEsmeraldas\/","article_published_time":"2020-07-09T15:11:17+00:00","article_modified_time":"2020-07-09T15:13:22+00:00","og_image":[{"width":1280,"height":1280,"url":"https:\/\/prefecturadeesmeraldas.gob.ec\/wp-content\/uploads\/2020\/07\/WhatsApp-Image-2020-07-06-at-17.03.24.jpeg","type":"image\/jpeg"}],"author":"Direcci\u00f3n de Comunicaci\u00f3n","twitter_card":"summary_large_image","twitter_misc":{"Escrito por":"Direcci\u00f3n de Comunicaci\u00f3n","Tiempo de lectura":"1 minuto"},"schema":{"@context":"https:\/\/schema.org","@graph":[{"@type":"Article","@id":"https:\/\/prefecturadeesmeraldas.gob.ec\/index.php\/2020\/07\/09\/prefectura-inauguro-obra-de-asfaltado-en-la-parroquia-selva-alegre\/#article","isPartOf":{"@id":"https:\/\/prefecturadeesmeraldas.gob.ec\/index.php\/2020\/07\/09\/prefectura-inauguro-obra-de-asfaltado-en-la-parroquia-selva-alegre\/"},"author":{"name":"Direcci\u00f3n de Comunicaci\u00f3n","@id":"https:\/\/prefecturadeesmeraldas.gob.ec\/#\/schema\/person\/b0c9e7b1ead7725994d1e319e8825234"},"headline":"Prefectura inaugur\u00f3 obra de asfaltado en la parroquia Selva Alegre.","datePublished":"2020-07-09T15:11:17+00:00","dateModified":"2020-07-09T15:13:22+00:00","mainEntityOfPage":{"@id":"https:\/\/prefecturadeesmeraldas.gob.ec\/index.php\/2020\/07\/09\/prefectura-inauguro-obra-de-asfaltado-en-la-parroquia-selva-alegre\/"},"wordCount":289,"publisher":{"@id":"https:\/\/prefecturadeesmeraldas.gob.ec\/#organization"},"image":{"@id":"https:\/\/prefecturadeesmeraldas.gob.ec\/index.php\/2020\/07\/09\/prefectura-inauguro-obra-de-asfaltado-en-la-parroquia-selva-alegre\/#primaryimage"},"thumbnailUrl":"https:\/\/prefecturadeesmeraldas.gob.ec\/wp-content\/uploads\/2020\/07\/WhatsApp-Image-2020-07-06-at-17.03.24.jpeg","articleSection":["Vialidad"],"inLanguage":"es"},{"@type":"WebPage","@id":"https:\/\/prefecturadeesmeraldas.gob.ec\/index.php\/2020\/07\/09\/prefectura-inauguro-obra-de-asfaltado-en-la-parroquia-selva-alegre\/","url":"https:\/\/prefecturadeesmeraldas.gob.ec\/index.php\/2020\/07\/09\/prefectura-inauguro-obra-de-asfaltado-en-la-parroquia-selva-alegre\/","name":"Prefectura inaugur\u00f3 obra de asfaltado en la parroquia Selva Alegre. - Gobierno Aut\u00f3nomo Descentralizado de la Provincia de Esmeraldas","isPartOf":{"@id":"https:\/\/prefecturadeesmeraldas.gob.ec\/#website"},"primaryImageOfPage":{"@id":"https:\/\/prefecturadeesmeraldas.gob.ec\/index.php\/2020\/07\/09\/prefectura-inauguro-obra-de-asfaltado-en-la-parroquia-selva-alegre\/#primaryimage"},"image":{"@id":"https:\/\/prefecturadeesmeraldas.gob.ec\/index.php\/2020\/07\/09\/prefectura-inauguro-obra-de-asfaltado-en-la-parroquia-selva-alegre\/#primaryimage"},"thumbnailUrl":"https:\/\/prefecturadeesmeraldas.gob.ec\/wp-content\/uploads\/2020\/07\/WhatsApp-Image-2020-07-06-at-17.03.24.jpeg","datePublished":"2020-07-09T15:11:17+00:00","dateModified":"2020-07-09T15:13:22+00:00","breadcrumb":{"@id":"https:\/\/prefecturadeesmeraldas.gob.ec\/index.php\/2020\/07\/09\/prefectura-inauguro-obra-de-asfaltado-en-la-parroquia-selva-alegre\/#breadcrumb"},"inLanguage":"es","potentialAction":[{"@type":"ReadAction","target":["https:\/\/prefecturadeesmeraldas.gob.ec\/index.php\/2020\/07\/09\/prefectura-inauguro-obra-de-asfaltado-en-la-parroquia-selva-alegre\/"]}]},{"@type":"ImageObject","inLanguage":"es","@id":"https:\/\/prefecturadeesmeraldas.gob.ec\/index.php\/2020\/07\/09\/prefectura-inauguro-obra-de-asfaltado-en-la-parroquia-selva-alegre\/#primaryimage","url":"https:\/\/prefecturadeesmeraldas.gob.ec\/wp-content\/uploads\/2020\/07\/WhatsApp-Image-2020-07-06-at-17.03.24.jpeg","contentUrl":"https:\/\/prefecturadeesmeraldas.gob.ec\/wp-content\/uploads\/2020\/07\/WhatsApp-Image-2020-07-06-at-17.03.24.jpeg","width":1280,"height":1280},{"@type":"BreadcrumbList","@id":"https:\/\/prefecturadeesmeraldas.gob.ec\/index.php\/2020\/07\/09\/prefectura-inauguro-obra-de-asfaltado-en-la-parroquia-selva-alegre\/#breadcrumb","itemListElement":[{"@type":"ListItem","position":1,"name":"Home","item":"https:\/\/prefecturadeesmeraldas.gob.ec\/"},{"@type":"ListItem","position":2,"name":"Prefectura inaugur\u00f3 obra de asfaltado en la parroquia Selva Alegre."}]},{"@type":"WebSite","@id":"https:\/\/prefecturadeesmeraldas.gob.ec\/#website","url":"https:\/\/prefecturadeesmeraldas.gob.ec\/","name":"Gobierno Aut\u00f3nomo Descentralizado de la Provincia de Esmeraldas","description":"Gobierno Aut\u00f3nomo Descentralizado de la Provincia de Esmeraldas","publisher":{"@id":"https:\/\/prefecturadeesmeraldas.gob.ec\/#organization"},"potentialAction":[{"@type":"SearchAction","target":{"@type":"EntryPoint","urlTemplate":"https:\/\/prefecturadeesmeraldas.gob.ec\/?s={search_term_string}"},"query-input":{"@type":"PropertyValueSpecification","valueRequired":true,"valueName":"search_term_string"}}],"inLanguage":"es"},{"@type":"Organization","@id":"https:\/\/prefecturadeesmeraldas.gob.ec\/#organization","name":"Gobierno Aut\u00f3nomo Descentralizado de la Provincia de Esmeraldas","url":"https:\/\/prefecturadeesmeraldas.gob.ec\/","logo":{"@type":"ImageObject","inLanguage":"es","@id":"https:\/\/prefecturadeesmeraldas.gob.ec\/#\/schema\/logo\/image\/","url":"https:\/\/prefecturadeesmeraldas.gob.ec\/wp-content\/uploads\/2019\/06\/logo.png","contentUrl":"https:\/\/prefecturadeesmeraldas.gob.ec\/wp-content\/uploads\/2019\/06\/logo.png","width":859,"height":448,"caption":"Gobierno Aut\u00f3nomo Descentralizado de la Provincia de Esmeraldas"},"image":{"@id":"https:\/\/prefecturadeesmeraldas.gob.ec\/#\/schema\/logo\/image\/"},"sameAs":["https:\/\/www.facebook.com\/PrefecturaEsmeraldas\/"]},{"@type":"Person","@id":"https:\/\/prefecturadeesmeraldas.gob.ec\/#\/schema\/person\/b0c9e7b1ead7725994d1e319e8825234","name":"Direcci\u00f3n de Comunicaci\u00f3n","image":{"@type":"ImageObject","inLanguage":"es","@id":"https:\/\/prefecturadeesmeraldas.gob.ec\/#\/schema\/person\/image\/","url":"https:\/\/secure.gravatar.com\/avatar\/74a3870a946f5d774ade3569af61a72308e07ad3346f370c4b468ee2a9858658?s=96&d=mm&r=g","contentUrl":"https:\/\/secure.gravatar.com\/avatar\/74a3870a946f5d774ade3569af61a72308e07ad3346f370c4b468ee2a9858658?s=96&d=mm&r=g","caption":"Direcci\u00f3n de Comunicaci\u00f3n"}}]}},"_links":{"self":[{"href":"https:\/\/prefecturadeesmeraldas.gob.ec\/index.php\/wp-json\/wp\/v2\/posts\/5246","targetHints":{"allow":["GET"]}}],"collection":[{"href":"https:\/\/prefecturadeesmeraldas.gob.ec\/index.php\/wp-json\/wp\/v2\/posts"}],"about":[{"href":"https:\/\/prefecturadeesmeraldas.gob.ec\/index.php\/wp-json\/wp\/v2\/types\/post"}],"author":[{"embeddable":true,"href":"https:\/\/prefecturadeesmeraldas.gob.ec\/index.php\/wp-json\/wp\/v2\/users\/2"}],"replies":[{"embeddable":true,"href":"https:\/\/prefecturadeesmeraldas.gob.ec\/index.php\/wp-json\/wp\/v2\/comments?post=5246"}],"version-history":[{"count":0,"href":"https:\/\/prefecturadeesmeraldas.gob.ec\/index.php\/wp-json\/wp\/v2\/posts\/5246\/revisions"}],"wp:featuredmedia":[{"embeddable":true,"href":"https:\/\/prefecturadeesmeraldas.gob.ec\/index.php\/wp-json\/wp\/v2\/media\/5247"}],"wp:attachment":[{"href":"https:\/\/prefecturadeesmeraldas.gob.ec\/index.php\/wp-json\/wp\/v2\/media?parent=5246"}],"wp:term":[{"taxonomy":"category","embeddable":true,"href":"https:\/\/prefecturadeesmeraldas.gob.ec\/index.php\/wp-json\/wp\/v2\/categories?post=5246"},{"taxonomy":"post_tag","embeddable":true,"href":"https:\/\/prefecturadeesmeraldas.gob.ec\/index.php\/wp-json\/wp\/v2\/tags?post=5246"}],"curies":[{"name":"wp","href":"https:\/\/api.w.org\/{rel}","templated":true}]}}