{"id":5024,"date":"2020-06-25T18:33:41","date_gmt":"2020-06-25T23:33:41","guid":{"rendered":"http:\/\/prefecturadeesmeraldas.gob.ec\/?p=5024"},"modified":"2020-06-25T18:45:33","modified_gmt":"2020-06-25T23:45:33","slug":"protegemos-la-cuenca-hidrografica-del-canton-quininde","status":"publish","type":"post","link":"https:\/\/prefecturadeesmeraldas.gob.ec\/index.php\/2020\/06\/25\/protegemos-la-cuenca-hidrografica-del-canton-quininde\/","title":{"rendered":"Protegemos la cuenca hidrogr\u00e1fica del cant\u00f3n Quinind\u00e9."},"content":{"rendered":"\t\t<div data-elementor-type=\"wp-post\" data-elementor-id=\"5024\" class=\"elementor elementor-5024\">\n\t\t\t\t\t\t<section class=\"elementor-section elementor-top-section elementor-element elementor-element-f72611a elementor-section-boxed elementor-section-height-default elementor-section-height-default\" data-id=\"f72611a\" data-element_type=\"section\">\n\t\t\t\t\t\t<div class=\"elementor-container elementor-column-gap-default\">\n\t\t\t\t\t<div class=\"elementor-column elementor-col-100 elementor-top-column elementor-element elementor-element-df050bf\" data-id=\"df050bf\" data-element_type=\"column\">\n\t\t\t<div class=\"elementor-widget-wrap elementor-element-populated\">\n\t\t\t\t\t\t<div class=\"elementor-element elementor-element-3a57002 elementor-widget elementor-widget-image\" data-id=\"3a57002\" data-element_type=\"widget\" data-widget_type=\"image.default\">\n\t\t\t\t<div class=\"elementor-widget-container\">\n\t\t\t\t\t\t\t\t\t\t\t\t\t\t\t<img fetchpriority=\"high\" decoding=\"async\" width=\"1024\" height=\"1024\" src=\"https:\/\/prefecturadeesmeraldas.gob.ec\/wp-content\/uploads\/2020\/06\/WhatsApp-Image-2020-06-12-at-18.02.38-2-1024x1024.jpeg\" class=\"attachment-large size-large wp-image-5025\" alt=\"\" srcset=\"https:\/\/prefecturadeesmeraldas.gob.ec\/wp-content\/uploads\/2020\/06\/WhatsApp-Image-2020-06-12-at-18.02.38-2-1024x1024.jpeg 1024w, https:\/\/prefecturadeesmeraldas.gob.ec\/wp-content\/uploads\/2020\/06\/WhatsApp-Image-2020-06-12-at-18.02.38-2-240x240.jpeg 240w, https:\/\/prefecturadeesmeraldas.gob.ec\/wp-content\/uploads\/2020\/06\/WhatsApp-Image-2020-06-12-at-18.02.38-2-1080x1080.jpeg 1080w, https:\/\/prefecturadeesmeraldas.gob.ec\/wp-content\/uploads\/2020\/06\/WhatsApp-Image-2020-06-12-at-18.02.38-2-150x150.jpeg 150w, https:\/\/prefecturadeesmeraldas.gob.ec\/wp-content\/uploads\/2020\/06\/WhatsApp-Image-2020-06-12-at-18.02.38-2-300x300.jpeg 300w, https:\/\/prefecturadeesmeraldas.gob.ec\/wp-content\/uploads\/2020\/06\/WhatsApp-Image-2020-06-12-at-18.02.38-2-768x768.jpeg 768w, https:\/\/prefecturadeesmeraldas.gob.ec\/wp-content\/uploads\/2020\/06\/WhatsApp-Image-2020-06-12-at-18.02.38-2.jpeg 1280w\" sizes=\"(max-width: 1024px) 100vw, 1024px\" \/>\t\t\t\t\t\t\t\t\t\t\t\t\t\t\t<\/div>\n\t\t\t\t<\/div>\n\t\t\t\t\t<\/div>\n\t\t<\/div>\n\t\t\t\t\t<\/div>\n\t\t<\/section>\n\t\t\t\t<section class=\"elementor-section elementor-top-section elementor-element elementor-element-9b6e9ee elementor-section-boxed elementor-section-height-default elementor-section-height-default\" data-id=\"9b6e9ee\" data-element_type=\"section\">\n\t\t\t\t\t\t<div class=\"elementor-container elementor-column-gap-default\">\n\t\t\t\t\t<div class=\"elementor-column elementor-col-100 elementor-top-column elementor-element elementor-element-b1e4520\" data-id=\"b1e4520\" data-element_type=\"column\">\n\t\t\t<div class=\"elementor-widget-wrap elementor-element-populated\">\n\t\t\t\t\t\t<div class=\"elementor-element elementor-element-0922f44 elementor-widget elementor-widget-text-editor\" data-id=\"0922f44\" data-element_type=\"widget\" data-widget_type=\"text-editor.default\">\n\t\t\t\t<div class=\"elementor-widget-container\">\n\t\t\t\t\t\t\t\t\t<p>La Direcci\u00f3n de Cuenca, Riego y Drenaje entreg\u00f3 <strong>600 plantas de especies maderables, frutales y de protecci\u00f3n a agricultores de la comunidad P\u00e1mbula<\/strong>, con la finalidad de proteger las cuencas h\u00eddricas del r\u00edo Quinind\u00e9.<\/p><p>El agricultor Jos\u00e9 Intriago, indic\u00f3 que, con este apoyo impulsado por la Prefecta <strong>Roberta Zambrano<\/strong>, se restaurar\u00e1 y revegetar\u00e1 varias comunidades del cant\u00f3n Quinind\u00e9, adem\u00e1s que tambi\u00e9n se generar\u00e1n recursos econ\u00f3micos en \u00e9poca de cosechas.<\/p><p><\/p><p>Por otro lado, Mar\u00eda Luisa Mina, t\u00e9cnica de la instituci\u00f3n, manifest\u00f3 que las plantas son de especies nativas con fines de protecci\u00f3n para mejorar el sistema agroforestal, las condiciones ambientales y productivas de los agricultores de las zonas beneficiadas.<\/p><p>La campa\u00f1a de reforestaci\u00f3n que impulsa la Prefectura, abarca los cantones: Atacames, Eloy Alfaro, Esmeraldas, Muisne, Quinind\u00e9, Rioverde y San Lorenzo.<\/p>\t\t\t\t\t\t\t\t<\/div>\n\t\t\t\t<\/div>\n\t\t\t\t\t<\/div>\n\t\t<\/div>\n\t\t\t\t\t<\/div>\n\t\t<\/section>\n\t\t\t\t<\/div>\n\t\t","protected":false},"excerpt":{"rendered":"<p>La Direcci\u00f3n de Cuenca, Riego y Drenaje entreg\u00f3 600 plantas de especies maderables, frutales y de protecci\u00f3n a agricultores de la comunidad P\u00e1mbula, con la finalidad de proteger las cuencas h\u00eddricas del r\u00edo Quinind\u00e9. El agricultor Jos\u00e9 Intriago, indic\u00f3 que, con este apoyo impulsado por la Prefecta Roberta Zambrano, se restaurar\u00e1 y revegetar\u00e1 varias comunidades [&hellip;]<\/p>\n","protected":false},"author":2,"featured_media":5028,"comment_status":"closed","ping_status":"open","sticky":false,"template":"","format":"standard","meta":{"footnotes":""},"categories":[17],"tags":[],"class_list":["post-5024","post","type-post","status-publish","format-standard","has-post-thumbnail","hentry","category-cuencas-riego-y-drenaje"],"yoast_head":"<!-- This site is optimized with the Yoast SEO plugin v25.7 - https:\/\/yoast.com\/wordpress\/plugins\/seo\/ -->\n<title>Protegemos la cuenca hidrogr\u00e1fica del cant\u00f3n Quinind\u00e9. - Gobierno Aut\u00f3nomo Descentralizado de la Provincia de Esmeraldas<\/title>\n<meta name=\"robots\" content=\"index, follow, max-snippet:-1, max-image-preview:large, max-video-preview:-1\" \/>\n<link rel=\"canonical\" href=\"https:\/\/prefecturadeesmeraldas.gob.ec\/index.php\/2020\/06\/25\/protegemos-la-cuenca-hidrografica-del-canton-quininde\/\" \/>\n<meta property=\"og:locale\" content=\"es_ES\" \/>\n<meta property=\"og:type\" content=\"article\" \/>\n<meta property=\"og:title\" content=\"Protegemos la cuenca hidrogr\u00e1fica del cant\u00f3n Quinind\u00e9. - Gobierno Aut\u00f3nomo Descentralizado de la Provincia de Esmeraldas\" \/>\n<meta property=\"og:description\" content=\"La Direcci\u00f3n de Cuenca, Riego y Drenaje entreg\u00f3 600 plantas de especies maderables, frutales y de protecci\u00f3n a agricultores de la comunidad P\u00e1mbula, con la finalidad de proteger las cuencas h\u00eddricas del r\u00edo Quinind\u00e9. El agricultor Jos\u00e9 Intriago, indic\u00f3 que, con este apoyo impulsado por la Prefecta Roberta Zambrano, se restaurar\u00e1 y revegetar\u00e1 varias comunidades [&hellip;]\" \/>\n<meta property=\"og:url\" content=\"https:\/\/prefecturadeesmeraldas.gob.ec\/index.php\/2020\/06\/25\/protegemos-la-cuenca-hidrografica-del-canton-quininde\/\" \/>\n<meta property=\"og:site_name\" content=\"Gobierno Aut\u00f3nomo Descentralizado de la Provincia de Esmeraldas\" \/>\n<meta property=\"article:publisher\" content=\"https:\/\/www.facebook.com\/PrefecturaEsmeraldas\/\" \/>\n<meta property=\"article:published_time\" content=\"2020-06-25T23:33:41+00:00\" \/>\n<meta property=\"article:modified_time\" content=\"2020-06-25T23:45:33+00:00\" \/>\n<meta property=\"og:image\" content=\"https:\/\/prefecturadeesmeraldas.gob.ec\/wp-content\/uploads\/2020\/06\/WhatsApp-Image-2020-06-12-at-18.02.38-4.jpeg\" \/>\n\t<meta property=\"og:image:width\" content=\"1280\" \/>\n\t<meta property=\"og:image:height\" content=\"1280\" \/>\n\t<meta property=\"og:image:type\" content=\"image\/jpeg\" \/>\n<meta name=\"author\" content=\"Direcci\u00f3n de Comunicaci\u00f3n\" \/>\n<meta name=\"twitter:card\" content=\"summary_large_image\" \/>\n<meta name=\"twitter:label1\" content=\"Escrito por\" \/>\n\t<meta name=\"twitter:data1\" content=\"Direcci\u00f3n de Comunicaci\u00f3n\" \/>\n\t<meta name=\"twitter:label2\" content=\"Tiempo de lectura\" \/>\n\t<meta name=\"twitter:data2\" content=\"1 minuto\" \/>\n<script type=\"application\/ld+json\" class=\"yoast-schema-graph\">{\"@context\":\"https:\/\/schema.org\",\"@graph\":[{\"@type\":\"Article\",\"@id\":\"https:\/\/prefecturadeesmeraldas.gob.ec\/index.php\/2020\/06\/25\/protegemos-la-cuenca-hidrografica-del-canton-quininde\/#article\",\"isPartOf\":{\"@id\":\"https:\/\/prefecturadeesmeraldas.gob.ec\/index.php\/2020\/06\/25\/protegemos-la-cuenca-hidrografica-del-canton-quininde\/\"},\"author\":{\"name\":\"Direcci\u00f3n de Comunicaci\u00f3n\",\"@id\":\"https:\/\/prefecturadeesmeraldas.gob.ec\/#\/schema\/person\/b0c9e7b1ead7725994d1e319e8825234\"},\"headline\":\"Protegemos la cuenca hidrogr\u00e1fica del cant\u00f3n Quinind\u00e9.\",\"datePublished\":\"2020-06-25T23:33:41+00:00\",\"dateModified\":\"2020-06-25T23:45:33+00:00\",\"mainEntityOfPage\":{\"@id\":\"https:\/\/prefecturadeesmeraldas.gob.ec\/index.php\/2020\/06\/25\/protegemos-la-cuenca-hidrografica-del-canton-quininde\/\"},\"wordCount\":153,\"publisher\":{\"@id\":\"https:\/\/prefecturadeesmeraldas.gob.ec\/#organization\"},\"image\":{\"@id\":\"https:\/\/prefecturadeesmeraldas.gob.ec\/index.php\/2020\/06\/25\/protegemos-la-cuenca-hidrografica-del-canton-quininde\/#primaryimage\"},\"thumbnailUrl\":\"https:\/\/prefecturadeesmeraldas.gob.ec\/wp-content\/uploads\/2020\/06\/WhatsApp-Image-2020-06-12-at-18.02.38-4.jpeg\",\"articleSection\":[\"Cuencas, Riego y Drenaje\"],\"inLanguage\":\"es\"},{\"@type\":\"WebPage\",\"@id\":\"https:\/\/prefecturadeesmeraldas.gob.ec\/index.php\/2020\/06\/25\/protegemos-la-cuenca-hidrografica-del-canton-quininde\/\",\"url\":\"https:\/\/prefecturadeesmeraldas.gob.ec\/index.php\/2020\/06\/25\/protegemos-la-cuenca-hidrografica-del-canton-quininde\/\",\"name\":\"Protegemos la cuenca hidrogr\u00e1fica del cant\u00f3n Quinind\u00e9. - Gobierno Aut\u00f3nomo Descentralizado de la Provincia de Esmeraldas\",\"isPartOf\":{\"@id\":\"https:\/\/prefecturadeesmeraldas.gob.ec\/#website\"},\"primaryImageOfPage\":{\"@id\":\"https:\/\/prefecturadeesmeraldas.gob.ec\/index.php\/2020\/06\/25\/protegemos-la-cuenca-hidrografica-del-canton-quininde\/#primaryimage\"},\"image\":{\"@id\":\"https:\/\/prefecturadeesmeraldas.gob.ec\/index.php\/2020\/06\/25\/protegemos-la-cuenca-hidrografica-del-canton-quininde\/#primaryimage\"},\"thumbnailUrl\":\"https:\/\/prefecturadeesmeraldas.gob.ec\/wp-content\/uploads\/2020\/06\/WhatsApp-Image-2020-06-12-at-18.02.38-4.jpeg\",\"datePublished\":\"2020-06-25T23:33:41+00:00\",\"dateModified\":\"2020-06-25T23:45:33+00:00\",\"breadcrumb\":{\"@id\":\"https:\/\/prefecturadeesmeraldas.gob.ec\/index.php\/2020\/06\/25\/protegemos-la-cuenca-hidrografica-del-canton-quininde\/#breadcrumb\"},\"inLanguage\":\"es\",\"potentialAction\":[{\"@type\":\"ReadAction\",\"target\":[\"https:\/\/prefecturadeesmeraldas.gob.ec\/index.php\/2020\/06\/25\/protegemos-la-cuenca-hidrografica-del-canton-quininde\/\"]}]},{\"@type\":\"ImageObject\",\"inLanguage\":\"es\",\"@id\":\"https:\/\/prefecturadeesmeraldas.gob.ec\/index.php\/2020\/06\/25\/protegemos-la-cuenca-hidrografica-del-canton-quininde\/#primaryimage\",\"url\":\"https:\/\/prefecturadeesmeraldas.gob.ec\/wp-content\/uploads\/2020\/06\/WhatsApp-Image-2020-06-12-at-18.02.38-4.jpeg\",\"contentUrl\":\"https:\/\/prefecturadeesmeraldas.gob.ec\/wp-content\/uploads\/2020\/06\/WhatsApp-Image-2020-06-12-at-18.02.38-4.jpeg\",\"width\":1280,\"height\":1280},{\"@type\":\"BreadcrumbList\",\"@id\":\"https:\/\/prefecturadeesmeraldas.gob.ec\/index.php\/2020\/06\/25\/protegemos-la-cuenca-hidrografica-del-canton-quininde\/#breadcrumb\",\"itemListElement\":[{\"@type\":\"ListItem\",\"position\":1,\"name\":\"Home\",\"item\":\"https:\/\/prefecturadeesmeraldas.gob.ec\/\"},{\"@type\":\"ListItem\",\"position\":2,\"name\":\"Protegemos la cuenca hidrogr\u00e1fica del cant\u00f3n Quinind\u00e9.\"}]},{\"@type\":\"WebSite\",\"@id\":\"https:\/\/prefecturadeesmeraldas.gob.ec\/#website\",\"url\":\"https:\/\/prefecturadeesmeraldas.gob.ec\/\",\"name\":\"Gobierno Aut\u00f3nomo Descentralizado de la Provincia de Esmeraldas\",\"description\":\"Gobierno Aut\u00f3nomo Descentralizado de la Provincia de Esmeraldas\",\"publisher\":{\"@id\":\"https:\/\/prefecturadeesmeraldas.gob.ec\/#organization\"},\"potentialAction\":[{\"@type\":\"SearchAction\",\"target\":{\"@type\":\"EntryPoint\",\"urlTemplate\":\"https:\/\/prefecturadeesmeraldas.gob.ec\/?s={search_term_string}\"},\"query-input\":{\"@type\":\"PropertyValueSpecification\",\"valueRequired\":true,\"valueName\":\"search_term_string\"}}],\"inLanguage\":\"es\"},{\"@type\":\"Organization\",\"@id\":\"https:\/\/prefecturadeesmeraldas.gob.ec\/#organization\",\"name\":\"Gobierno Aut\u00f3nomo Descentralizado de la Provincia de Esmeraldas\",\"url\":\"https:\/\/prefecturadeesmeraldas.gob.ec\/\",\"logo\":{\"@type\":\"ImageObject\",\"inLanguage\":\"es\",\"@id\":\"https:\/\/prefecturadeesmeraldas.gob.ec\/#\/schema\/logo\/image\/\",\"url\":\"https:\/\/prefecturadeesmeraldas.gob.ec\/wp-content\/uploads\/2019\/06\/logo.png\",\"contentUrl\":\"https:\/\/prefecturadeesmeraldas.gob.ec\/wp-content\/uploads\/2019\/06\/logo.png\",\"width\":859,\"height\":448,\"caption\":\"Gobierno Aut\u00f3nomo Descentralizado de la Provincia de Esmeraldas\"},\"image\":{\"@id\":\"https:\/\/prefecturadeesmeraldas.gob.ec\/#\/schema\/logo\/image\/\"},\"sameAs\":[\"https:\/\/www.facebook.com\/PrefecturaEsmeraldas\/\"]},{\"@type\":\"Person\",\"@id\":\"https:\/\/prefecturadeesmeraldas.gob.ec\/#\/schema\/person\/b0c9e7b1ead7725994d1e319e8825234\",\"name\":\"Direcci\u00f3n de Comunicaci\u00f3n\",\"image\":{\"@type\":\"ImageObject\",\"inLanguage\":\"es\",\"@id\":\"https:\/\/prefecturadeesmeraldas.gob.ec\/#\/schema\/person\/image\/\",\"url\":\"https:\/\/secure.gravatar.com\/avatar\/74a3870a946f5d774ade3569af61a72308e07ad3346f370c4b468ee2a9858658?s=96&d=mm&r=g\",\"contentUrl\":\"https:\/\/secure.gravatar.com\/avatar\/74a3870a946f5d774ade3569af61a72308e07ad3346f370c4b468ee2a9858658?s=96&d=mm&r=g\",\"caption\":\"Direcci\u00f3n de Comunicaci\u00f3n\"}}]}<\/script>\n<!-- \/ Yoast SEO plugin. -->","yoast_head_json":{"title":"Protegemos la cuenca hidrogr\u00e1fica del cant\u00f3n Quinind\u00e9. - Gobierno Aut\u00f3nomo Descentralizado de la Provincia de Esmeraldas","robots":{"index":"index","follow":"follow","max-snippet":"max-snippet:-1","max-image-preview":"max-image-preview:large","max-video-preview":"max-video-preview:-1"},"canonical":"https:\/\/prefecturadeesmeraldas.gob.ec\/index.php\/2020\/06\/25\/protegemos-la-cuenca-hidrografica-del-canton-quininde\/","og_locale":"es_ES","og_type":"article","og_title":"Protegemos la cuenca hidrogr\u00e1fica del cant\u00f3n Quinind\u00e9. - Gobierno Aut\u00f3nomo Descentralizado de la Provincia de Esmeraldas","og_description":"La Direcci\u00f3n de Cuenca, Riego y Drenaje entreg\u00f3 600 plantas de especies maderables, frutales y de protecci\u00f3n a agricultores de la comunidad P\u00e1mbula, con la finalidad de proteger las cuencas h\u00eddricas del r\u00edo Quinind\u00e9. El agricultor Jos\u00e9 Intriago, indic\u00f3 que, con este apoyo impulsado por la Prefecta Roberta Zambrano, se restaurar\u00e1 y revegetar\u00e1 varias comunidades [&hellip;]","og_url":"https:\/\/prefecturadeesmeraldas.gob.ec\/index.php\/2020\/06\/25\/protegemos-la-cuenca-hidrografica-del-canton-quininde\/","og_site_name":"Gobierno Aut\u00f3nomo Descentralizado de la Provincia de Esmeraldas","article_publisher":"https:\/\/www.facebook.com\/PrefecturaEsmeraldas\/","article_published_time":"2020-06-25T23:33:41+00:00","article_modified_time":"2020-06-25T23:45:33+00:00","og_image":[{"width":1280,"height":1280,"url":"https:\/\/prefecturadeesmeraldas.gob.ec\/wp-content\/uploads\/2020\/06\/WhatsApp-Image-2020-06-12-at-18.02.38-4.jpeg","type":"image\/jpeg"}],"author":"Direcci\u00f3n de Comunicaci\u00f3n","twitter_card":"summary_large_image","twitter_misc":{"Escrito por":"Direcci\u00f3n de Comunicaci\u00f3n","Tiempo de lectura":"1 minuto"},"schema":{"@context":"https:\/\/schema.org","@graph":[{"@type":"Article","@id":"https:\/\/prefecturadeesmeraldas.gob.ec\/index.php\/2020\/06\/25\/protegemos-la-cuenca-hidrografica-del-canton-quininde\/#article","isPartOf":{"@id":"https:\/\/prefecturadeesmeraldas.gob.ec\/index.php\/2020\/06\/25\/protegemos-la-cuenca-hidrografica-del-canton-quininde\/"},"author":{"name":"Direcci\u00f3n de Comunicaci\u00f3n","@id":"https:\/\/prefecturadeesmeraldas.gob.ec\/#\/schema\/person\/b0c9e7b1ead7725994d1e319e8825234"},"headline":"Protegemos la cuenca hidrogr\u00e1fica del cant\u00f3n Quinind\u00e9.","datePublished":"2020-06-25T23:33:41+00:00","dateModified":"2020-06-25T23:45:33+00:00","mainEntityOfPage":{"@id":"https:\/\/prefecturadeesmeraldas.gob.ec\/index.php\/2020\/06\/25\/protegemos-la-cuenca-hidrografica-del-canton-quininde\/"},"wordCount":153,"publisher":{"@id":"https:\/\/prefecturadeesmeraldas.gob.ec\/#organization"},"image":{"@id":"https:\/\/prefecturadeesmeraldas.gob.ec\/index.php\/2020\/06\/25\/protegemos-la-cuenca-hidrografica-del-canton-quininde\/#primaryimage"},"thumbnailUrl":"https:\/\/prefecturadeesmeraldas.gob.ec\/wp-content\/uploads\/2020\/06\/WhatsApp-Image-2020-06-12-at-18.02.38-4.jpeg","articleSection":["Cuencas, Riego y Drenaje"],"inLanguage":"es"},{"@type":"WebPage","@id":"https:\/\/prefecturadeesmeraldas.gob.ec\/index.php\/2020\/06\/25\/protegemos-la-cuenca-hidrografica-del-canton-quininde\/","url":"https:\/\/prefecturadeesmeraldas.gob.ec\/index.php\/2020\/06\/25\/protegemos-la-cuenca-hidrografica-del-canton-quininde\/","name":"Protegemos la cuenca hidrogr\u00e1fica del cant\u00f3n Quinind\u00e9. - Gobierno Aut\u00f3nomo Descentralizado de la Provincia de Esmeraldas","isPartOf":{"@id":"https:\/\/prefecturadeesmeraldas.gob.ec\/#website"},"primaryImageOfPage":{"@id":"https:\/\/prefecturadeesmeraldas.gob.ec\/index.php\/2020\/06\/25\/protegemos-la-cuenca-hidrografica-del-canton-quininde\/#primaryimage"},"image":{"@id":"https:\/\/prefecturadeesmeraldas.gob.ec\/index.php\/2020\/06\/25\/protegemos-la-cuenca-hidrografica-del-canton-quininde\/#primaryimage"},"thumbnailUrl":"https:\/\/prefecturadeesmeraldas.gob.ec\/wp-content\/uploads\/2020\/06\/WhatsApp-Image-2020-06-12-at-18.02.38-4.jpeg","datePublished":"2020-06-25T23:33:41+00:00","dateModified":"2020-06-25T23:45:33+00:00","breadcrumb":{"@id":"https:\/\/prefecturadeesmeraldas.gob.ec\/index.php\/2020\/06\/25\/protegemos-la-cuenca-hidrografica-del-canton-quininde\/#breadcrumb"},"inLanguage":"es","potentialAction":[{"@type":"ReadAction","target":["https:\/\/prefecturadeesmeraldas.gob.ec\/index.php\/2020\/06\/25\/protegemos-la-cuenca-hidrografica-del-canton-quininde\/"]}]},{"@type":"ImageObject","inLanguage":"es","@id":"https:\/\/prefecturadeesmeraldas.gob.ec\/index.php\/2020\/06\/25\/protegemos-la-cuenca-hidrografica-del-canton-quininde\/#primaryimage","url":"https:\/\/prefecturadeesmeraldas.gob.ec\/wp-content\/uploads\/2020\/06\/WhatsApp-Image-2020-06-12-at-18.02.38-4.jpeg","contentUrl":"https:\/\/prefecturadeesmeraldas.gob.ec\/wp-content\/uploads\/2020\/06\/WhatsApp-Image-2020-06-12-at-18.02.38-4.jpeg","width":1280,"height":1280},{"@type":"BreadcrumbList","@id":"https:\/\/prefecturadeesmeraldas.gob.ec\/index.php\/2020\/06\/25\/protegemos-la-cuenca-hidrografica-del-canton-quininde\/#breadcrumb","itemListElement":[{"@type":"ListItem","position":1,"name":"Home","item":"https:\/\/prefecturadeesmeraldas.gob.ec\/"},{"@type":"ListItem","position":2,"name":"Protegemos la cuenca hidrogr\u00e1fica del cant\u00f3n Quinind\u00e9."}]},{"@type":"WebSite","@id":"https:\/\/prefecturadeesmeraldas.gob.ec\/#website","url":"https:\/\/prefecturadeesmeraldas.gob.ec\/","name":"Gobierno Aut\u00f3nomo Descentralizado de la Provincia de Esmeraldas","description":"Gobierno Aut\u00f3nomo Descentralizado de la Provincia de Esmeraldas","publisher":{"@id":"https:\/\/prefecturadeesmeraldas.gob.ec\/#organization"},"potentialAction":[{"@type":"SearchAction","target":{"@type":"EntryPoint","urlTemplate":"https:\/\/prefecturadeesmeraldas.gob.ec\/?s={search_term_string}"},"query-input":{"@type":"PropertyValueSpecification","valueRequired":true,"valueName":"search_term_string"}}],"inLanguage":"es"},{"@type":"Organization","@id":"https:\/\/prefecturadeesmeraldas.gob.ec\/#organization","name":"Gobierno Aut\u00f3nomo Descentralizado de la Provincia de Esmeraldas","url":"https:\/\/prefecturadeesmeraldas.gob.ec\/","logo":{"@type":"ImageObject","inLanguage":"es","@id":"https:\/\/prefecturadeesmeraldas.gob.ec\/#\/schema\/logo\/image\/","url":"https:\/\/prefecturadeesmeraldas.gob.ec\/wp-content\/uploads\/2019\/06\/logo.png","contentUrl":"https:\/\/prefecturadeesmeraldas.gob.ec\/wp-content\/uploads\/2019\/06\/logo.png","width":859,"height":448,"caption":"Gobierno Aut\u00f3nomo Descentralizado de la Provincia de Esmeraldas"},"image":{"@id":"https:\/\/prefecturadeesmeraldas.gob.ec\/#\/schema\/logo\/image\/"},"sameAs":["https:\/\/www.facebook.com\/PrefecturaEsmeraldas\/"]},{"@type":"Person","@id":"https:\/\/prefecturadeesmeraldas.gob.ec\/#\/schema\/person\/b0c9e7b1ead7725994d1e319e8825234","name":"Direcci\u00f3n de Comunicaci\u00f3n","image":{"@type":"ImageObject","inLanguage":"es","@id":"https:\/\/prefecturadeesmeraldas.gob.ec\/#\/schema\/person\/image\/","url":"https:\/\/secure.gravatar.com\/avatar\/74a3870a946f5d774ade3569af61a72308e07ad3346f370c4b468ee2a9858658?s=96&d=mm&r=g","contentUrl":"https:\/\/secure.gravatar.com\/avatar\/74a3870a946f5d774ade3569af61a72308e07ad3346f370c4b468ee2a9858658?s=96&d=mm&r=g","caption":"Direcci\u00f3n de Comunicaci\u00f3n"}}]}},"_links":{"self":[{"href":"https:\/\/prefecturadeesmeraldas.gob.ec\/index.php\/wp-json\/wp\/v2\/posts\/5024","targetHints":{"allow":["GET"]}}],"collection":[{"href":"https:\/\/prefecturadeesmeraldas.gob.ec\/index.php\/wp-json\/wp\/v2\/posts"}],"about":[{"href":"https:\/\/prefecturadeesmeraldas.gob.ec\/index.php\/wp-json\/wp\/v2\/types\/post"}],"author":[{"embeddable":true,"href":"https:\/\/prefecturadeesmeraldas.gob.ec\/index.php\/wp-json\/wp\/v2\/users\/2"}],"replies":[{"embeddable":true,"href":"https:\/\/prefecturadeesmeraldas.gob.ec\/index.php\/wp-json\/wp\/v2\/comments?post=5024"}],"version-history":[{"count":0,"href":"https:\/\/prefecturadeesmeraldas.gob.ec\/index.php\/wp-json\/wp\/v2\/posts\/5024\/revisions"}],"wp:featuredmedia":[{"embeddable":true,"href":"https:\/\/prefecturadeesmeraldas.gob.ec\/index.php\/wp-json\/wp\/v2\/media\/5028"}],"wp:attachment":[{"href":"https:\/\/prefecturadeesmeraldas.gob.ec\/index.php\/wp-json\/wp\/v2\/media?parent=5024"}],"wp:term":[{"taxonomy":"category","embeddable":true,"href":"https:\/\/prefecturadeesmeraldas.gob.ec\/index.php\/wp-json\/wp\/v2\/categories?post=5024"},{"taxonomy":"post_tag","embeddable":true,"href":"https:\/\/prefecturadeesmeraldas.gob.ec\/index.php\/wp-json\/wp\/v2\/tags?post=5024"}],"curies":[{"name":"wp","href":"https:\/\/api.w.org\/{rel}","templated":true}]}}