{"id":4965,"date":"2020-06-18T16:53:30","date_gmt":"2020-06-18T21:53:30","guid":{"rendered":"http:\/\/prefecturadeesmeraldas.gob.ec\/?p=4965"},"modified":"2020-06-18T16:54:21","modified_gmt":"2020-06-18T21:54:21","slug":"prefectura-inicia-mantenimiento-del-camino-la-y-de-san-francisco-de-onzole-en-eloy-alfaro","status":"publish","type":"post","link":"https:\/\/prefecturadeesmeraldas.gob.ec\/index.php\/2020\/06\/18\/prefectura-inicia-mantenimiento-del-camino-la-y-de-san-francisco-de-onzole-en-eloy-alfaro\/","title":{"rendered":"Prefectura inicia mantenimiento del camino la \u2018Y\u2019 de San Francisco de \u00d3nzole, en Eloy Alfaro."},"content":{"rendered":"\t\t<div data-elementor-type=\"wp-post\" data-elementor-id=\"4965\" class=\"elementor elementor-4965\">\n\t\t\t\t\t\t<section class=\"elementor-section elementor-top-section elementor-element elementor-element-dd7e5f7 elementor-section-boxed elementor-section-height-default elementor-section-height-default\" data-id=\"dd7e5f7\" data-element_type=\"section\">\n\t\t\t\t\t\t<div class=\"elementor-container elementor-column-gap-default\">\n\t\t\t\t\t<div class=\"elementor-column elementor-col-100 elementor-top-column elementor-element elementor-element-afe8b9d\" data-id=\"afe8b9d\" data-element_type=\"column\">\n\t\t\t<div class=\"elementor-widget-wrap elementor-element-populated\">\n\t\t\t\t\t\t<div class=\"elementor-element elementor-element-6cacc83 elementor-widget elementor-widget-image\" data-id=\"6cacc83\" data-element_type=\"widget\" data-widget_type=\"image.default\">\n\t\t\t\t<div class=\"elementor-widget-container\">\n\t\t\t\t\t\t\t\t\t\t\t\t\t\t\t<img fetchpriority=\"high\" decoding=\"async\" width=\"1024\" height=\"1024\" src=\"https:\/\/prefecturadeesmeraldas.gob.ec\/wp-content\/uploads\/2020\/06\/BOLETIN520-1024x1024.jpg\" class=\"attachment-large size-large wp-image-4966\" alt=\"\" srcset=\"https:\/\/prefecturadeesmeraldas.gob.ec\/wp-content\/uploads\/2020\/06\/BOLETIN520-1024x1024.jpg 1024w, https:\/\/prefecturadeesmeraldas.gob.ec\/wp-content\/uploads\/2020\/06\/BOLETIN520-240x240.jpg 240w, https:\/\/prefecturadeesmeraldas.gob.ec\/wp-content\/uploads\/2020\/06\/BOLETIN520-1080x1080.jpg 1080w, https:\/\/prefecturadeesmeraldas.gob.ec\/wp-content\/uploads\/2020\/06\/BOLETIN520-150x150.jpg 150w, https:\/\/prefecturadeesmeraldas.gob.ec\/wp-content\/uploads\/2020\/06\/BOLETIN520-300x300.jpg 300w, https:\/\/prefecturadeesmeraldas.gob.ec\/wp-content\/uploads\/2020\/06\/BOLETIN520-768x768.jpg 768w, https:\/\/prefecturadeesmeraldas.gob.ec\/wp-content\/uploads\/2020\/06\/BOLETIN520.jpg 1280w\" sizes=\"(max-width: 1024px) 100vw, 1024px\" \/>\t\t\t\t\t\t\t\t\t\t\t\t\t\t\t<\/div>\n\t\t\t\t<\/div>\n\t\t\t\t\t<\/div>\n\t\t<\/div>\n\t\t\t\t\t<\/div>\n\t\t<\/section>\n\t\t\t\t<section class=\"elementor-section elementor-top-section elementor-element elementor-element-e57be77 elementor-section-boxed elementor-section-height-default elementor-section-height-default\" data-id=\"e57be77\" data-element_type=\"section\">\n\t\t\t\t\t\t<div class=\"elementor-container elementor-column-gap-default\">\n\t\t\t\t\t<div class=\"elementor-column elementor-col-100 elementor-top-column elementor-element elementor-element-90357a3\" data-id=\"90357a3\" data-element_type=\"column\">\n\t\t\t<div class=\"elementor-widget-wrap elementor-element-populated\">\n\t\t\t\t\t\t<div class=\"elementor-element elementor-element-b0ac558 elementor-widget elementor-widget-text-editor\" data-id=\"b0ac558\" data-element_type=\"widget\" data-widget_type=\"text-editor.default\">\n\t\t\t\t<div class=\"elementor-widget-container\">\n\t\t\t\t\t\t\t\t\t<p>Son 17 kil\u00f3metros de carretera los que ser\u00e1n mejorados durante la semana comprendida del 15 al 20 de junio de 2020 por t\u00e9cnicos de la Prefectura de Esmeraldas, como parte de las acciones emergentes que desarrolla la entidad.<\/p><p>Roberta Zambrano, prefecta de Esmeraldas, junto a su equipo t\u00e9cnico desplegado en territorio, solicit\u00f3 la intervenci\u00f3n inmediata de este camino situado en el cant\u00f3n Eloy Alfaro, en vista de las complicaciones que su estado generaba a la comunidad.<\/p><p><strong>Jos\u00e9 Resabala, <\/strong>quien transitaba por el lugar, describi\u00f3 parte de las dificultades afrontadas, tras obras deficientes ejecutadas a\u00f1os atr\u00e1s, en administraciones anteriores, lo que ocasion\u00f3 el deterioro continuo del camino.<\/p><p><strong>Mientras que Juan Panezo<\/strong>, un conductor del sector, fue testigo del inicio de los trabajos y asegur\u00f3 que existe inter\u00e9s de parte de la Prefectura por desarrollar y generar bienestar a quienes habitan o laboran en el campo.<\/p><p>En medio de la obra y producto de la crisis en la ciudad, encontramos a <strong>Wilter Zambrano<\/strong>, un joven motociclista que tuvo que volver al campo para ganarse la vida. \u00c9l, transport\u00e1ndose desde Lagarto a bordo de una motocicleta, dijo sentirse alegre al notar el cambio.<\/p><p>Y de la misma forma, el ingeniero <strong>Luis Andrade<\/strong>, salud\u00f3 la gesti\u00f3n emprendida por la Prefectura, empe\u00f1ada en trabajar por mejorar las condiciones de vida de las y los esmeralde\u00f1os.\u00a0<\/p>\t\t\t\t\t\t\t\t<\/div>\n\t\t\t\t<\/div>\n\t\t\t\t\t<\/div>\n\t\t<\/div>\n\t\t\t\t\t<\/div>\n\t\t<\/section>\n\t\t\t\t<\/div>\n\t\t","protected":false},"excerpt":{"rendered":"<p>Son 17 kil\u00f3metros de carretera los que ser\u00e1n mejorados durante la semana comprendida del 15 al 20 de junio de 2020 por t\u00e9cnicos de la Prefectura de Esmeraldas, como parte de las acciones emergentes que desarrolla la entidad. Roberta Zambrano, prefecta de Esmeraldas, junto a su equipo t\u00e9cnico desplegado en territorio, solicit\u00f3 la intervenci\u00f3n inmediata [&hellip;]<\/p>\n","protected":false},"author":2,"featured_media":4966,"comment_status":"closed","ping_status":"open","sticky":false,"template":"","format":"standard","meta":{"footnotes":""},"categories":[14],"tags":[],"class_list":["post-4965","post","type-post","status-publish","format-standard","has-post-thumbnail","hentry","category-vialidad"],"yoast_head":"<!-- This site is optimized with the Yoast SEO plugin v25.7 - https:\/\/yoast.com\/wordpress\/plugins\/seo\/ -->\n<title>Prefectura inicia mantenimiento del camino la \u2018Y\u2019 de San Francisco de \u00d3nzole, en Eloy Alfaro. - Gobierno Aut\u00f3nomo Descentralizado de la Provincia de Esmeraldas<\/title>\n<meta name=\"robots\" content=\"index, follow, max-snippet:-1, max-image-preview:large, max-video-preview:-1\" \/>\n<link rel=\"canonical\" href=\"https:\/\/prefecturadeesmeraldas.gob.ec\/index.php\/2020\/06\/18\/prefectura-inicia-mantenimiento-del-camino-la-y-de-san-francisco-de-onzole-en-eloy-alfaro\/\" \/>\n<meta property=\"og:locale\" content=\"es_ES\" \/>\n<meta property=\"og:type\" content=\"article\" \/>\n<meta property=\"og:title\" content=\"Prefectura inicia mantenimiento del camino la \u2018Y\u2019 de San Francisco de \u00d3nzole, en Eloy Alfaro. - Gobierno Aut\u00f3nomo Descentralizado de la Provincia de Esmeraldas\" \/>\n<meta property=\"og:description\" content=\"Son 17 kil\u00f3metros de carretera los que ser\u00e1n mejorados durante la semana comprendida del 15 al 20 de junio de 2020 por t\u00e9cnicos de la Prefectura de Esmeraldas, como parte de las acciones emergentes que desarrolla la entidad. Roberta Zambrano, prefecta de Esmeraldas, junto a su equipo t\u00e9cnico desplegado en territorio, solicit\u00f3 la intervenci\u00f3n inmediata [&hellip;]\" \/>\n<meta property=\"og:url\" content=\"https:\/\/prefecturadeesmeraldas.gob.ec\/index.php\/2020\/06\/18\/prefectura-inicia-mantenimiento-del-camino-la-y-de-san-francisco-de-onzole-en-eloy-alfaro\/\" \/>\n<meta property=\"og:site_name\" content=\"Gobierno Aut\u00f3nomo Descentralizado de la Provincia de Esmeraldas\" \/>\n<meta property=\"article:publisher\" content=\"https:\/\/www.facebook.com\/PrefecturaEsmeraldas\/\" \/>\n<meta property=\"article:published_time\" content=\"2020-06-18T21:53:30+00:00\" \/>\n<meta property=\"article:modified_time\" content=\"2020-06-18T21:54:21+00:00\" \/>\n<meta property=\"og:image\" content=\"https:\/\/prefecturadeesmeraldas.gob.ec\/wp-content\/uploads\/2020\/06\/BOLETIN520.jpg\" \/>\n\t<meta property=\"og:image:width\" content=\"1280\" \/>\n\t<meta property=\"og:image:height\" content=\"1280\" \/>\n\t<meta property=\"og:image:type\" content=\"image\/jpeg\" \/>\n<meta name=\"author\" content=\"Direcci\u00f3n de Comunicaci\u00f3n\" \/>\n<meta name=\"twitter:card\" content=\"summary_large_image\" \/>\n<meta name=\"twitter:label1\" content=\"Escrito por\" \/>\n\t<meta name=\"twitter:data1\" content=\"Direcci\u00f3n de Comunicaci\u00f3n\" \/>\n\t<meta name=\"twitter:label2\" content=\"Tiempo de lectura\" \/>\n\t<meta name=\"twitter:data2\" content=\"1 minuto\" \/>\n<script type=\"application\/ld+json\" class=\"yoast-schema-graph\">{\"@context\":\"https:\/\/schema.org\",\"@graph\":[{\"@type\":\"Article\",\"@id\":\"https:\/\/prefecturadeesmeraldas.gob.ec\/index.php\/2020\/06\/18\/prefectura-inicia-mantenimiento-del-camino-la-y-de-san-francisco-de-onzole-en-eloy-alfaro\/#article\",\"isPartOf\":{\"@id\":\"https:\/\/prefecturadeesmeraldas.gob.ec\/index.php\/2020\/06\/18\/prefectura-inicia-mantenimiento-del-camino-la-y-de-san-francisco-de-onzole-en-eloy-alfaro\/\"},\"author\":{\"name\":\"Direcci\u00f3n de Comunicaci\u00f3n\",\"@id\":\"https:\/\/prefecturadeesmeraldas.gob.ec\/#\/schema\/person\/b0c9e7b1ead7725994d1e319e8825234\"},\"headline\":\"Prefectura inicia mantenimiento del camino la \u2018Y\u2019 de San Francisco de \u00d3nzole, en Eloy Alfaro.\",\"datePublished\":\"2020-06-18T21:53:30+00:00\",\"dateModified\":\"2020-06-18T21:54:21+00:00\",\"mainEntityOfPage\":{\"@id\":\"https:\/\/prefecturadeesmeraldas.gob.ec\/index.php\/2020\/06\/18\/prefectura-inicia-mantenimiento-del-camino-la-y-de-san-francisco-de-onzole-en-eloy-alfaro\/\"},\"wordCount\":244,\"publisher\":{\"@id\":\"https:\/\/prefecturadeesmeraldas.gob.ec\/#organization\"},\"image\":{\"@id\":\"https:\/\/prefecturadeesmeraldas.gob.ec\/index.php\/2020\/06\/18\/prefectura-inicia-mantenimiento-del-camino-la-y-de-san-francisco-de-onzole-en-eloy-alfaro\/#primaryimage\"},\"thumbnailUrl\":\"https:\/\/prefecturadeesmeraldas.gob.ec\/wp-content\/uploads\/2020\/06\/BOLETIN520.jpg\",\"articleSection\":[\"Vialidad\"],\"inLanguage\":\"es\"},{\"@type\":\"WebPage\",\"@id\":\"https:\/\/prefecturadeesmeraldas.gob.ec\/index.php\/2020\/06\/18\/prefectura-inicia-mantenimiento-del-camino-la-y-de-san-francisco-de-onzole-en-eloy-alfaro\/\",\"url\":\"https:\/\/prefecturadeesmeraldas.gob.ec\/index.php\/2020\/06\/18\/prefectura-inicia-mantenimiento-del-camino-la-y-de-san-francisco-de-onzole-en-eloy-alfaro\/\",\"name\":\"Prefectura inicia mantenimiento del camino la \u2018Y\u2019 de San Francisco de \u00d3nzole, en Eloy Alfaro. - Gobierno Aut\u00f3nomo Descentralizado de la Provincia de Esmeraldas\",\"isPartOf\":{\"@id\":\"https:\/\/prefecturadeesmeraldas.gob.ec\/#website\"},\"primaryImageOfPage\":{\"@id\":\"https:\/\/prefecturadeesmeraldas.gob.ec\/index.php\/2020\/06\/18\/prefectura-inicia-mantenimiento-del-camino-la-y-de-san-francisco-de-onzole-en-eloy-alfaro\/#primaryimage\"},\"image\":{\"@id\":\"https:\/\/prefecturadeesmeraldas.gob.ec\/index.php\/2020\/06\/18\/prefectura-inicia-mantenimiento-del-camino-la-y-de-san-francisco-de-onzole-en-eloy-alfaro\/#primaryimage\"},\"thumbnailUrl\":\"https:\/\/prefecturadeesmeraldas.gob.ec\/wp-content\/uploads\/2020\/06\/BOLETIN520.jpg\",\"datePublished\":\"2020-06-18T21:53:30+00:00\",\"dateModified\":\"2020-06-18T21:54:21+00:00\",\"breadcrumb\":{\"@id\":\"https:\/\/prefecturadeesmeraldas.gob.ec\/index.php\/2020\/06\/18\/prefectura-inicia-mantenimiento-del-camino-la-y-de-san-francisco-de-onzole-en-eloy-alfaro\/#breadcrumb\"},\"inLanguage\":\"es\",\"potentialAction\":[{\"@type\":\"ReadAction\",\"target\":[\"https:\/\/prefecturadeesmeraldas.gob.ec\/index.php\/2020\/06\/18\/prefectura-inicia-mantenimiento-del-camino-la-y-de-san-francisco-de-onzole-en-eloy-alfaro\/\"]}]},{\"@type\":\"ImageObject\",\"inLanguage\":\"es\",\"@id\":\"https:\/\/prefecturadeesmeraldas.gob.ec\/index.php\/2020\/06\/18\/prefectura-inicia-mantenimiento-del-camino-la-y-de-san-francisco-de-onzole-en-eloy-alfaro\/#primaryimage\",\"url\":\"https:\/\/prefecturadeesmeraldas.gob.ec\/wp-content\/uploads\/2020\/06\/BOLETIN520.jpg\",\"contentUrl\":\"https:\/\/prefecturadeesmeraldas.gob.ec\/wp-content\/uploads\/2020\/06\/BOLETIN520.jpg\",\"width\":1280,\"height\":1280},{\"@type\":\"BreadcrumbList\",\"@id\":\"https:\/\/prefecturadeesmeraldas.gob.ec\/index.php\/2020\/06\/18\/prefectura-inicia-mantenimiento-del-camino-la-y-de-san-francisco-de-onzole-en-eloy-alfaro\/#breadcrumb\",\"itemListElement\":[{\"@type\":\"ListItem\",\"position\":1,\"name\":\"Home\",\"item\":\"https:\/\/prefecturadeesmeraldas.gob.ec\/\"},{\"@type\":\"ListItem\",\"position\":2,\"name\":\"Prefectura inicia mantenimiento del camino la \u2018Y\u2019 de San Francisco de \u00d3nzole, en Eloy Alfaro.\"}]},{\"@type\":\"WebSite\",\"@id\":\"https:\/\/prefecturadeesmeraldas.gob.ec\/#website\",\"url\":\"https:\/\/prefecturadeesmeraldas.gob.ec\/\",\"name\":\"Gobierno Aut\u00f3nomo Descentralizado de la Provincia de Esmeraldas\",\"description\":\"Gobierno Aut\u00f3nomo Descentralizado de la Provincia de Esmeraldas\",\"publisher\":{\"@id\":\"https:\/\/prefecturadeesmeraldas.gob.ec\/#organization\"},\"potentialAction\":[{\"@type\":\"SearchAction\",\"target\":{\"@type\":\"EntryPoint\",\"urlTemplate\":\"https:\/\/prefecturadeesmeraldas.gob.ec\/?s={search_term_string}\"},\"query-input\":{\"@type\":\"PropertyValueSpecification\",\"valueRequired\":true,\"valueName\":\"search_term_string\"}}],\"inLanguage\":\"es\"},{\"@type\":\"Organization\",\"@id\":\"https:\/\/prefecturadeesmeraldas.gob.ec\/#organization\",\"name\":\"Gobierno Aut\u00f3nomo Descentralizado de la Provincia de Esmeraldas\",\"url\":\"https:\/\/prefecturadeesmeraldas.gob.ec\/\",\"logo\":{\"@type\":\"ImageObject\",\"inLanguage\":\"es\",\"@id\":\"https:\/\/prefecturadeesmeraldas.gob.ec\/#\/schema\/logo\/image\/\",\"url\":\"https:\/\/prefecturadeesmeraldas.gob.ec\/wp-content\/uploads\/2019\/06\/logo.png\",\"contentUrl\":\"https:\/\/prefecturadeesmeraldas.gob.ec\/wp-content\/uploads\/2019\/06\/logo.png\",\"width\":859,\"height\":448,\"caption\":\"Gobierno Aut\u00f3nomo Descentralizado de la Provincia de Esmeraldas\"},\"image\":{\"@id\":\"https:\/\/prefecturadeesmeraldas.gob.ec\/#\/schema\/logo\/image\/\"},\"sameAs\":[\"https:\/\/www.facebook.com\/PrefecturaEsmeraldas\/\"]},{\"@type\":\"Person\",\"@id\":\"https:\/\/prefecturadeesmeraldas.gob.ec\/#\/schema\/person\/b0c9e7b1ead7725994d1e319e8825234\",\"name\":\"Direcci\u00f3n de Comunicaci\u00f3n\",\"image\":{\"@type\":\"ImageObject\",\"inLanguage\":\"es\",\"@id\":\"https:\/\/prefecturadeesmeraldas.gob.ec\/#\/schema\/person\/image\/\",\"url\":\"https:\/\/secure.gravatar.com\/avatar\/74a3870a946f5d774ade3569af61a72308e07ad3346f370c4b468ee2a9858658?s=96&d=mm&r=g\",\"contentUrl\":\"https:\/\/secure.gravatar.com\/avatar\/74a3870a946f5d774ade3569af61a72308e07ad3346f370c4b468ee2a9858658?s=96&d=mm&r=g\",\"caption\":\"Direcci\u00f3n de Comunicaci\u00f3n\"}}]}<\/script>\n<!-- \/ Yoast SEO plugin. -->","yoast_head_json":{"title":"Prefectura inicia mantenimiento del camino la \u2018Y\u2019 de San Francisco de \u00d3nzole, en Eloy Alfaro. - Gobierno Aut\u00f3nomo Descentralizado de la Provincia de Esmeraldas","robots":{"index":"index","follow":"follow","max-snippet":"max-snippet:-1","max-image-preview":"max-image-preview:large","max-video-preview":"max-video-preview:-1"},"canonical":"https:\/\/prefecturadeesmeraldas.gob.ec\/index.php\/2020\/06\/18\/prefectura-inicia-mantenimiento-del-camino-la-y-de-san-francisco-de-onzole-en-eloy-alfaro\/","og_locale":"es_ES","og_type":"article","og_title":"Prefectura inicia mantenimiento del camino la \u2018Y\u2019 de San Francisco de \u00d3nzole, en Eloy Alfaro. - Gobierno Aut\u00f3nomo Descentralizado de la Provincia de Esmeraldas","og_description":"Son 17 kil\u00f3metros de carretera los que ser\u00e1n mejorados durante la semana comprendida del 15 al 20 de junio de 2020 por t\u00e9cnicos de la Prefectura de Esmeraldas, como parte de las acciones emergentes que desarrolla la entidad. Roberta Zambrano, prefecta de Esmeraldas, junto a su equipo t\u00e9cnico desplegado en territorio, solicit\u00f3 la intervenci\u00f3n inmediata [&hellip;]","og_url":"https:\/\/prefecturadeesmeraldas.gob.ec\/index.php\/2020\/06\/18\/prefectura-inicia-mantenimiento-del-camino-la-y-de-san-francisco-de-onzole-en-eloy-alfaro\/","og_site_name":"Gobierno Aut\u00f3nomo Descentralizado de la Provincia de Esmeraldas","article_publisher":"https:\/\/www.facebook.com\/PrefecturaEsmeraldas\/","article_published_time":"2020-06-18T21:53:30+00:00","article_modified_time":"2020-06-18T21:54:21+00:00","og_image":[{"width":1280,"height":1280,"url":"https:\/\/prefecturadeesmeraldas.gob.ec\/wp-content\/uploads\/2020\/06\/BOLETIN520.jpg","type":"image\/jpeg"}],"author":"Direcci\u00f3n de Comunicaci\u00f3n","twitter_card":"summary_large_image","twitter_misc":{"Escrito por":"Direcci\u00f3n de Comunicaci\u00f3n","Tiempo de lectura":"1 minuto"},"schema":{"@context":"https:\/\/schema.org","@graph":[{"@type":"Article","@id":"https:\/\/prefecturadeesmeraldas.gob.ec\/index.php\/2020\/06\/18\/prefectura-inicia-mantenimiento-del-camino-la-y-de-san-francisco-de-onzole-en-eloy-alfaro\/#article","isPartOf":{"@id":"https:\/\/prefecturadeesmeraldas.gob.ec\/index.php\/2020\/06\/18\/prefectura-inicia-mantenimiento-del-camino-la-y-de-san-francisco-de-onzole-en-eloy-alfaro\/"},"author":{"name":"Direcci\u00f3n de Comunicaci\u00f3n","@id":"https:\/\/prefecturadeesmeraldas.gob.ec\/#\/schema\/person\/b0c9e7b1ead7725994d1e319e8825234"},"headline":"Prefectura inicia mantenimiento del camino la \u2018Y\u2019 de San Francisco de \u00d3nzole, en Eloy Alfaro.","datePublished":"2020-06-18T21:53:30+00:00","dateModified":"2020-06-18T21:54:21+00:00","mainEntityOfPage":{"@id":"https:\/\/prefecturadeesmeraldas.gob.ec\/index.php\/2020\/06\/18\/prefectura-inicia-mantenimiento-del-camino-la-y-de-san-francisco-de-onzole-en-eloy-alfaro\/"},"wordCount":244,"publisher":{"@id":"https:\/\/prefecturadeesmeraldas.gob.ec\/#organization"},"image":{"@id":"https:\/\/prefecturadeesmeraldas.gob.ec\/index.php\/2020\/06\/18\/prefectura-inicia-mantenimiento-del-camino-la-y-de-san-francisco-de-onzole-en-eloy-alfaro\/#primaryimage"},"thumbnailUrl":"https:\/\/prefecturadeesmeraldas.gob.ec\/wp-content\/uploads\/2020\/06\/BOLETIN520.jpg","articleSection":["Vialidad"],"inLanguage":"es"},{"@type":"WebPage","@id":"https:\/\/prefecturadeesmeraldas.gob.ec\/index.php\/2020\/06\/18\/prefectura-inicia-mantenimiento-del-camino-la-y-de-san-francisco-de-onzole-en-eloy-alfaro\/","url":"https:\/\/prefecturadeesmeraldas.gob.ec\/index.php\/2020\/06\/18\/prefectura-inicia-mantenimiento-del-camino-la-y-de-san-francisco-de-onzole-en-eloy-alfaro\/","name":"Prefectura inicia mantenimiento del camino la \u2018Y\u2019 de San Francisco de \u00d3nzole, en Eloy Alfaro. - Gobierno Aut\u00f3nomo Descentralizado de la Provincia de Esmeraldas","isPartOf":{"@id":"https:\/\/prefecturadeesmeraldas.gob.ec\/#website"},"primaryImageOfPage":{"@id":"https:\/\/prefecturadeesmeraldas.gob.ec\/index.php\/2020\/06\/18\/prefectura-inicia-mantenimiento-del-camino-la-y-de-san-francisco-de-onzole-en-eloy-alfaro\/#primaryimage"},"image":{"@id":"https:\/\/prefecturadeesmeraldas.gob.ec\/index.php\/2020\/06\/18\/prefectura-inicia-mantenimiento-del-camino-la-y-de-san-francisco-de-onzole-en-eloy-alfaro\/#primaryimage"},"thumbnailUrl":"https:\/\/prefecturadeesmeraldas.gob.ec\/wp-content\/uploads\/2020\/06\/BOLETIN520.jpg","datePublished":"2020-06-18T21:53:30+00:00","dateModified":"2020-06-18T21:54:21+00:00","breadcrumb":{"@id":"https:\/\/prefecturadeesmeraldas.gob.ec\/index.php\/2020\/06\/18\/prefectura-inicia-mantenimiento-del-camino-la-y-de-san-francisco-de-onzole-en-eloy-alfaro\/#breadcrumb"},"inLanguage":"es","potentialAction":[{"@type":"ReadAction","target":["https:\/\/prefecturadeesmeraldas.gob.ec\/index.php\/2020\/06\/18\/prefectura-inicia-mantenimiento-del-camino-la-y-de-san-francisco-de-onzole-en-eloy-alfaro\/"]}]},{"@type":"ImageObject","inLanguage":"es","@id":"https:\/\/prefecturadeesmeraldas.gob.ec\/index.php\/2020\/06\/18\/prefectura-inicia-mantenimiento-del-camino-la-y-de-san-francisco-de-onzole-en-eloy-alfaro\/#primaryimage","url":"https:\/\/prefecturadeesmeraldas.gob.ec\/wp-content\/uploads\/2020\/06\/BOLETIN520.jpg","contentUrl":"https:\/\/prefecturadeesmeraldas.gob.ec\/wp-content\/uploads\/2020\/06\/BOLETIN520.jpg","width":1280,"height":1280},{"@type":"BreadcrumbList","@id":"https:\/\/prefecturadeesmeraldas.gob.ec\/index.php\/2020\/06\/18\/prefectura-inicia-mantenimiento-del-camino-la-y-de-san-francisco-de-onzole-en-eloy-alfaro\/#breadcrumb","itemListElement":[{"@type":"ListItem","position":1,"name":"Home","item":"https:\/\/prefecturadeesmeraldas.gob.ec\/"},{"@type":"ListItem","position":2,"name":"Prefectura inicia mantenimiento del camino la \u2018Y\u2019 de San Francisco de \u00d3nzole, en Eloy Alfaro."}]},{"@type":"WebSite","@id":"https:\/\/prefecturadeesmeraldas.gob.ec\/#website","url":"https:\/\/prefecturadeesmeraldas.gob.ec\/","name":"Gobierno Aut\u00f3nomo Descentralizado de la Provincia de Esmeraldas","description":"Gobierno Aut\u00f3nomo Descentralizado de la Provincia de Esmeraldas","publisher":{"@id":"https:\/\/prefecturadeesmeraldas.gob.ec\/#organization"},"potentialAction":[{"@type":"SearchAction","target":{"@type":"EntryPoint","urlTemplate":"https:\/\/prefecturadeesmeraldas.gob.ec\/?s={search_term_string}"},"query-input":{"@type":"PropertyValueSpecification","valueRequired":true,"valueName":"search_term_string"}}],"inLanguage":"es"},{"@type":"Organization","@id":"https:\/\/prefecturadeesmeraldas.gob.ec\/#organization","name":"Gobierno Aut\u00f3nomo Descentralizado de la Provincia de Esmeraldas","url":"https:\/\/prefecturadeesmeraldas.gob.ec\/","logo":{"@type":"ImageObject","inLanguage":"es","@id":"https:\/\/prefecturadeesmeraldas.gob.ec\/#\/schema\/logo\/image\/","url":"https:\/\/prefecturadeesmeraldas.gob.ec\/wp-content\/uploads\/2019\/06\/logo.png","contentUrl":"https:\/\/prefecturadeesmeraldas.gob.ec\/wp-content\/uploads\/2019\/06\/logo.png","width":859,"height":448,"caption":"Gobierno Aut\u00f3nomo Descentralizado de la Provincia de Esmeraldas"},"image":{"@id":"https:\/\/prefecturadeesmeraldas.gob.ec\/#\/schema\/logo\/image\/"},"sameAs":["https:\/\/www.facebook.com\/PrefecturaEsmeraldas\/"]},{"@type":"Person","@id":"https:\/\/prefecturadeesmeraldas.gob.ec\/#\/schema\/person\/b0c9e7b1ead7725994d1e319e8825234","name":"Direcci\u00f3n de Comunicaci\u00f3n","image":{"@type":"ImageObject","inLanguage":"es","@id":"https:\/\/prefecturadeesmeraldas.gob.ec\/#\/schema\/person\/image\/","url":"https:\/\/secure.gravatar.com\/avatar\/74a3870a946f5d774ade3569af61a72308e07ad3346f370c4b468ee2a9858658?s=96&d=mm&r=g","contentUrl":"https:\/\/secure.gravatar.com\/avatar\/74a3870a946f5d774ade3569af61a72308e07ad3346f370c4b468ee2a9858658?s=96&d=mm&r=g","caption":"Direcci\u00f3n de Comunicaci\u00f3n"}}]}},"_links":{"self":[{"href":"https:\/\/prefecturadeesmeraldas.gob.ec\/index.php\/wp-json\/wp\/v2\/posts\/4965","targetHints":{"allow":["GET"]}}],"collection":[{"href":"https:\/\/prefecturadeesmeraldas.gob.ec\/index.php\/wp-json\/wp\/v2\/posts"}],"about":[{"href":"https:\/\/prefecturadeesmeraldas.gob.ec\/index.php\/wp-json\/wp\/v2\/types\/post"}],"author":[{"embeddable":true,"href":"https:\/\/prefecturadeesmeraldas.gob.ec\/index.php\/wp-json\/wp\/v2\/users\/2"}],"replies":[{"embeddable":true,"href":"https:\/\/prefecturadeesmeraldas.gob.ec\/index.php\/wp-json\/wp\/v2\/comments?post=4965"}],"version-history":[{"count":0,"href":"https:\/\/prefecturadeesmeraldas.gob.ec\/index.php\/wp-json\/wp\/v2\/posts\/4965\/revisions"}],"wp:featuredmedia":[{"embeddable":true,"href":"https:\/\/prefecturadeesmeraldas.gob.ec\/index.php\/wp-json\/wp\/v2\/media\/4966"}],"wp:attachment":[{"href":"https:\/\/prefecturadeesmeraldas.gob.ec\/index.php\/wp-json\/wp\/v2\/media?parent=4965"}],"wp:term":[{"taxonomy":"category","embeddable":true,"href":"https:\/\/prefecturadeesmeraldas.gob.ec\/index.php\/wp-json\/wp\/v2\/categories?post=4965"},{"taxonomy":"post_tag","embeddable":true,"href":"https:\/\/prefecturadeesmeraldas.gob.ec\/index.php\/wp-json\/wp\/v2\/tags?post=4965"}],"curies":[{"name":"wp","href":"https:\/\/api.w.org\/{rel}","templated":true}]}}