{"id":454,"date":"2019-07-19T14:26:57","date_gmt":"2019-07-19T19:26:57","guid":{"rendered":"http:\/\/prefecturadeesmeraldas.gob.ec\/?p=454"},"modified":"2019-07-19T14:37:17","modified_gmt":"2019-07-19T19:37:17","slug":"agricultores-cuentan-con-agua-para-su-produccion","status":"publish","type":"post","link":"https:\/\/prefecturadeesmeraldas.gob.ec\/index.php\/2019\/07\/19\/agricultores-cuentan-con-agua-para-su-produccion\/","title":{"rendered":"Agricultores ya cuentan con agua para mejorar su producci\u00f3n"},"content":{"rendered":"\t\t<div data-elementor-type=\"wp-post\" data-elementor-id=\"454\" class=\"elementor elementor-454\">\n\t\t\t\t\t\t<section class=\"elementor-section elementor-top-section elementor-element elementor-element-4564b43 elementor-section-boxed elementor-section-height-default elementor-section-height-default\" data-id=\"4564b43\" data-element_type=\"section\">\n\t\t\t\t\t\t<div class=\"elementor-container elementor-column-gap-default\">\n\t\t\t\t\t<div class=\"elementor-column elementor-col-100 elementor-top-column elementor-element elementor-element-8cccde4\" data-id=\"8cccde4\" data-element_type=\"column\">\n\t\t\t<div class=\"elementor-widget-wrap elementor-element-populated\">\n\t\t\t\t\t\t<div class=\"elementor-element elementor-element-6562b95 elementor-widget elementor-widget-text-editor\" data-id=\"6562b95\" data-element_type=\"widget\" data-widget_type=\"text-editor.default\">\n\t\t\t\t<div class=\"elementor-widget-container\">\n\t\t\t\t\t\t\t\t\t<p>Alegr\u00eda y satisfacci\u00f3n hay en los agricultores del recinto <strong>Buenos Aires<\/strong> de la <strong>parroquia Borb\u00f3n<\/strong>, en el cant\u00f3n <strong>Eloy Alfaro<\/strong>, ya que ahora gozan del servicio de agua para riego a trav\u00e9s de un sistema de pozo perforado y almacenamiento de l\u00edquido vital, que construy\u00f3 la <strong>Prefectura de Esmeraldas<\/strong> permitiendo a los campesinos mitigar los problemas de sequ\u00eda en \u00e9poca de verano.<\/p><p>Klever Gende, dirigente rural de Buenos Aires, agradeci\u00f3 a la prefecta, <strong>Roberta Zambrano<\/strong>, por el proyecto ejecutado que permite mejorar la producci\u00f3n y generar ingresos econ\u00f3micos a las 24 familias, que se dedican a la siembra y cosecha de cacao, arroz y ma\u00edz.<\/p><p>Mientras que, Onofre Mu\u00f1oz, otro beneficiado con el nuevo sistema de agua, resalt\u00f3 lo importante que es contar con este servicio porque ayudar\u00e1 a mejorar los sembr\u00edos, y felicit\u00f3 a la <strong>Prefecta de Esmeraldas<\/strong> por hacer realidad este sue\u00f1o tan anhelado por muchos a\u00f1os.<\/p><p>Es que los habitantes de esta comunidad ya tienen agua para sus labores agr\u00edcolas y ganaderas despu\u00e9s de mucho tiempo de espera. \u201cVamos a implementar los huertos familiares y, as\u00ed, poder cultivar productos que llevaremos a las ciudades para que sean comercializados\u201d agreg\u00f3.<\/p><p>\u00c1ngel Villavicencio, t\u00e9cnico de <strong>Cuencas, Riegos y Drenajes, del Gobierno Provincial<\/strong>, indic\u00f3, que se provee a las comunidades agua de calidad, y que el proceso de captaci\u00f3n consisti\u00f3 en un estudio de sondeo vertical para conocer la profundidad, despu\u00e9s se procedi\u00f3 a la perforaci\u00f3n de <strong>32 metros<\/strong>, para luego, en un tanque reservorio de <strong>5 mil litros<\/strong>, almacenar el l\u00edquido y mediante gravedad se distribuye a todos las fincas del sector<\/p>\t\t\t\t\t\t\t\t<\/div>\n\t\t\t\t<\/div>\n\t\t\t\t\t<\/div>\n\t\t<\/div>\n\t\t\t\t\t<\/div>\n\t\t<\/section>\n\t\t\t\t<section class=\"elementor-section elementor-top-section elementor-element elementor-element-6ed4dd6 elementor-section-boxed elementor-section-height-default elementor-section-height-default\" data-id=\"6ed4dd6\" data-element_type=\"section\">\n\t\t\t\t\t\t<div class=\"elementor-container elementor-column-gap-default\">\n\t\t\t\t\t<div class=\"elementor-column elementor-col-50 elementor-top-column elementor-element elementor-element-57714ca\" data-id=\"57714ca\" data-element_type=\"column\">\n\t\t\t<div class=\"elementor-widget-wrap elementor-element-populated\">\n\t\t\t\t\t\t<div class=\"elementor-element elementor-element-0f4aebd elementor-widget elementor-widget-image\" data-id=\"0f4aebd\" data-element_type=\"widget\" data-widget_type=\"image.default\">\n\t\t\t\t<div class=\"elementor-widget-container\">\n\t\t\t\t\t\t\t\t\t\t\t\t\t\t\t<img fetchpriority=\"high\" decoding=\"async\" width=\"960\" height=\"856\" src=\"https:\/\/prefecturadeesmeraldas.gob.ec\/wp-content\/uploads\/2019\/07\/WhatsApp-Image-2019-07-19-at-12.25.08.jpeg\" class=\"attachment-large size-large wp-image-457\" alt=\"\" srcset=\"https:\/\/prefecturadeesmeraldas.gob.ec\/wp-content\/uploads\/2019\/07\/WhatsApp-Image-2019-07-19-at-12.25.08.jpeg 960w, https:\/\/prefecturadeesmeraldas.gob.ec\/wp-content\/uploads\/2019\/07\/WhatsApp-Image-2019-07-19-at-12.25.08-300x268.jpeg 300w, https:\/\/prefecturadeesmeraldas.gob.ec\/wp-content\/uploads\/2019\/07\/WhatsApp-Image-2019-07-19-at-12.25.08-768x685.jpeg 768w\" sizes=\"(max-width: 960px) 100vw, 960px\" \/>\t\t\t\t\t\t\t\t\t\t\t\t\t\t\t<\/div>\n\t\t\t\t<\/div>\n\t\t\t\t\t<\/div>\n\t\t<\/div>\n\t\t\t\t<div class=\"elementor-column elementor-col-50 elementor-top-column elementor-element elementor-element-8f4d214\" data-id=\"8f4d214\" data-element_type=\"column\">\n\t\t\t<div class=\"elementor-widget-wrap elementor-element-populated\">\n\t\t\t\t\t\t<div class=\"elementor-element elementor-element-92a7225 elementor-widget elementor-widget-image\" data-id=\"92a7225\" data-element_type=\"widget\" data-widget_type=\"image.default\">\n\t\t\t\t<div class=\"elementor-widget-container\">\n\t\t\t\t\t\t\t\t\t\t\t\t\t\t\t<img decoding=\"async\" width=\"960\" height=\"861\" src=\"https:\/\/prefecturadeesmeraldas.gob.ec\/wp-content\/uploads\/2019\/07\/WhatsApp-Image-2019-07-19-at-14.25.31.jpeg\" class=\"attachment-large size-large wp-image-458\" alt=\"\" srcset=\"https:\/\/prefecturadeesmeraldas.gob.ec\/wp-content\/uploads\/2019\/07\/WhatsApp-Image-2019-07-19-at-14.25.31.jpeg 960w, https:\/\/prefecturadeesmeraldas.gob.ec\/wp-content\/uploads\/2019\/07\/WhatsApp-Image-2019-07-19-at-14.25.31-300x269.jpeg 300w, https:\/\/prefecturadeesmeraldas.gob.ec\/wp-content\/uploads\/2019\/07\/WhatsApp-Image-2019-07-19-at-14.25.31-768x689.jpeg 768w\" sizes=\"(max-width: 960px) 100vw, 960px\" \/>\t\t\t\t\t\t\t\t\t\t\t\t\t\t\t<\/div>\n\t\t\t\t<\/div>\n\t\t\t\t\t<\/div>\n\t\t<\/div>\n\t\t\t\t\t<\/div>\n\t\t<\/section>\n\t\t\t\t<\/div>\n\t\t","protected":false},"excerpt":{"rendered":"<p>Alegr\u00eda y satisfacci\u00f3n hay en los agricultores del recinto Buenos Aires de la parroquia Borb\u00f3n, en el cant\u00f3n Eloy Alfaro, ya que ahora gozan del servicio de agua para riego a trav\u00e9s de un sistema de pozo perforado y almacenamiento de l\u00edquido vital, que construy\u00f3 la Prefectura de Esmeraldas permitiendo a los campesinos mitigar los [&hellip;]<\/p>\n","protected":false},"author":2,"featured_media":455,"comment_status":"closed","ping_status":"open","sticky":false,"template":"","format":"standard","meta":{"footnotes":""},"categories":[11],"tags":[],"class_list":["post-454","post","type-post","status-publish","format-standard","has-post-thumbnail","hentry","category-noticias"],"yoast_head":"<!-- This site is optimized with the Yoast SEO plugin v25.7 - https:\/\/yoast.com\/wordpress\/plugins\/seo\/ -->\n<title>Agricultores ya cuentan con agua para mejorar su producci\u00f3n - Gobierno Aut\u00f3nomo Descentralizado de la Provincia de Esmeraldas<\/title>\n<meta name=\"robots\" content=\"index, follow, max-snippet:-1, max-image-preview:large, max-video-preview:-1\" \/>\n<link rel=\"canonical\" href=\"https:\/\/prefecturadeesmeraldas.gob.ec\/index.php\/2019\/07\/19\/agricultores-cuentan-con-agua-para-su-produccion\/\" \/>\n<meta property=\"og:locale\" content=\"es_ES\" \/>\n<meta property=\"og:type\" content=\"article\" \/>\n<meta property=\"og:title\" content=\"Agricultores ya cuentan con agua para mejorar su producci\u00f3n - Gobierno Aut\u00f3nomo Descentralizado de la Provincia de Esmeraldas\" \/>\n<meta property=\"og:description\" content=\"Alegr\u00eda y satisfacci\u00f3n hay en los agricultores del recinto Buenos Aires de la parroquia Borb\u00f3n, en el cant\u00f3n Eloy Alfaro, ya que ahora gozan del servicio de agua para riego a trav\u00e9s de un sistema de pozo perforado y almacenamiento de l\u00edquido vital, que construy\u00f3 la Prefectura de Esmeraldas permitiendo a los campesinos mitigar los [&hellip;]\" \/>\n<meta property=\"og:url\" content=\"https:\/\/prefecturadeesmeraldas.gob.ec\/index.php\/2019\/07\/19\/agricultores-cuentan-con-agua-para-su-produccion\/\" \/>\n<meta property=\"og:site_name\" content=\"Gobierno Aut\u00f3nomo Descentralizado de la Provincia de Esmeraldas\" \/>\n<meta property=\"article:publisher\" content=\"https:\/\/www.facebook.com\/PrefecturaEsmeraldas\/\" \/>\n<meta property=\"article:published_time\" content=\"2019-07-19T19:26:57+00:00\" \/>\n<meta property=\"article:modified_time\" content=\"2019-07-19T19:37:17+00:00\" \/>\n<meta property=\"og:image\" content=\"https:\/\/prefecturadeesmeraldas.gob.ec\/wp-content\/uploads\/2019\/07\/WhatsApp-Image-2019-07-19-at-12.25.18.jpeg\" \/>\n\t<meta property=\"og:image:width\" content=\"960\" \/>\n\t<meta property=\"og:image:height\" content=\"858\" \/>\n\t<meta property=\"og:image:type\" content=\"image\/jpeg\" \/>\n<meta name=\"author\" content=\"Direcci\u00f3n de Comunicaci\u00f3n\" \/>\n<meta name=\"twitter:card\" content=\"summary_large_image\" \/>\n<meta name=\"twitter:label1\" content=\"Escrito por\" \/>\n\t<meta name=\"twitter:data1\" content=\"Direcci\u00f3n de Comunicaci\u00f3n\" \/>\n\t<meta name=\"twitter:label2\" content=\"Tiempo de lectura\" \/>\n\t<meta name=\"twitter:data2\" content=\"1 minuto\" \/>\n<script type=\"application\/ld+json\" class=\"yoast-schema-graph\">{\"@context\":\"https:\/\/schema.org\",\"@graph\":[{\"@type\":\"Article\",\"@id\":\"https:\/\/prefecturadeesmeraldas.gob.ec\/index.php\/2019\/07\/19\/agricultores-cuentan-con-agua-para-su-produccion\/#article\",\"isPartOf\":{\"@id\":\"https:\/\/prefecturadeesmeraldas.gob.ec\/index.php\/2019\/07\/19\/agricultores-cuentan-con-agua-para-su-produccion\/\"},\"author\":{\"name\":\"Direcci\u00f3n de Comunicaci\u00f3n\",\"@id\":\"https:\/\/prefecturadeesmeraldas.gob.ec\/#\/schema\/person\/b0c9e7b1ead7725994d1e319e8825234\"},\"headline\":\"Agricultores ya cuentan con agua para mejorar su producci\u00f3n\",\"datePublished\":\"2019-07-19T19:26:57+00:00\",\"dateModified\":\"2019-07-19T19:37:17+00:00\",\"mainEntityOfPage\":{\"@id\":\"https:\/\/prefecturadeesmeraldas.gob.ec\/index.php\/2019\/07\/19\/agricultores-cuentan-con-agua-para-su-produccion\/\"},\"wordCount\":291,\"publisher\":{\"@id\":\"https:\/\/prefecturadeesmeraldas.gob.ec\/#organization\"},\"image\":{\"@id\":\"https:\/\/prefecturadeesmeraldas.gob.ec\/index.php\/2019\/07\/19\/agricultores-cuentan-con-agua-para-su-produccion\/#primaryimage\"},\"thumbnailUrl\":\"https:\/\/prefecturadeesmeraldas.gob.ec\/wp-content\/uploads\/2019\/07\/WhatsApp-Image-2019-07-19-at-12.25.18.jpeg\",\"articleSection\":[\"Noticias\"],\"inLanguage\":\"es\"},{\"@type\":\"WebPage\",\"@id\":\"https:\/\/prefecturadeesmeraldas.gob.ec\/index.php\/2019\/07\/19\/agricultores-cuentan-con-agua-para-su-produccion\/\",\"url\":\"https:\/\/prefecturadeesmeraldas.gob.ec\/index.php\/2019\/07\/19\/agricultores-cuentan-con-agua-para-su-produccion\/\",\"name\":\"Agricultores ya cuentan con agua para mejorar su producci\u00f3n - Gobierno Aut\u00f3nomo Descentralizado de la Provincia de Esmeraldas\",\"isPartOf\":{\"@id\":\"https:\/\/prefecturadeesmeraldas.gob.ec\/#website\"},\"primaryImageOfPage\":{\"@id\":\"https:\/\/prefecturadeesmeraldas.gob.ec\/index.php\/2019\/07\/19\/agricultores-cuentan-con-agua-para-su-produccion\/#primaryimage\"},\"image\":{\"@id\":\"https:\/\/prefecturadeesmeraldas.gob.ec\/index.php\/2019\/07\/19\/agricultores-cuentan-con-agua-para-su-produccion\/#primaryimage\"},\"thumbnailUrl\":\"https:\/\/prefecturadeesmeraldas.gob.ec\/wp-content\/uploads\/2019\/07\/WhatsApp-Image-2019-07-19-at-12.25.18.jpeg\",\"datePublished\":\"2019-07-19T19:26:57+00:00\",\"dateModified\":\"2019-07-19T19:37:17+00:00\",\"breadcrumb\":{\"@id\":\"https:\/\/prefecturadeesmeraldas.gob.ec\/index.php\/2019\/07\/19\/agricultores-cuentan-con-agua-para-su-produccion\/#breadcrumb\"},\"inLanguage\":\"es\",\"potentialAction\":[{\"@type\":\"ReadAction\",\"target\":[\"https:\/\/prefecturadeesmeraldas.gob.ec\/index.php\/2019\/07\/19\/agricultores-cuentan-con-agua-para-su-produccion\/\"]}]},{\"@type\":\"ImageObject\",\"inLanguage\":\"es\",\"@id\":\"https:\/\/prefecturadeesmeraldas.gob.ec\/index.php\/2019\/07\/19\/agricultores-cuentan-con-agua-para-su-produccion\/#primaryimage\",\"url\":\"https:\/\/prefecturadeesmeraldas.gob.ec\/wp-content\/uploads\/2019\/07\/WhatsApp-Image-2019-07-19-at-12.25.18.jpeg\",\"contentUrl\":\"https:\/\/prefecturadeesmeraldas.gob.ec\/wp-content\/uploads\/2019\/07\/WhatsApp-Image-2019-07-19-at-12.25.18.jpeg\",\"width\":960,\"height\":858},{\"@type\":\"BreadcrumbList\",\"@id\":\"https:\/\/prefecturadeesmeraldas.gob.ec\/index.php\/2019\/07\/19\/agricultores-cuentan-con-agua-para-su-produccion\/#breadcrumb\",\"itemListElement\":[{\"@type\":\"ListItem\",\"position\":1,\"name\":\"Home\",\"item\":\"https:\/\/prefecturadeesmeraldas.gob.ec\/\"},{\"@type\":\"ListItem\",\"position\":2,\"name\":\"Agricultores ya cuentan con agua para mejorar su producci\u00f3n\"}]},{\"@type\":\"WebSite\",\"@id\":\"https:\/\/prefecturadeesmeraldas.gob.ec\/#website\",\"url\":\"https:\/\/prefecturadeesmeraldas.gob.ec\/\",\"name\":\"Gobierno Aut\u00f3nomo Descentralizado de la Provincia de Esmeraldas\",\"description\":\"Gobierno Aut\u00f3nomo Descentralizado de la Provincia de Esmeraldas\",\"publisher\":{\"@id\":\"https:\/\/prefecturadeesmeraldas.gob.ec\/#organization\"},\"potentialAction\":[{\"@type\":\"SearchAction\",\"target\":{\"@type\":\"EntryPoint\",\"urlTemplate\":\"https:\/\/prefecturadeesmeraldas.gob.ec\/?s={search_term_string}\"},\"query-input\":{\"@type\":\"PropertyValueSpecification\",\"valueRequired\":true,\"valueName\":\"search_term_string\"}}],\"inLanguage\":\"es\"},{\"@type\":\"Organization\",\"@id\":\"https:\/\/prefecturadeesmeraldas.gob.ec\/#organization\",\"name\":\"Gobierno Aut\u00f3nomo Descentralizado de la Provincia de Esmeraldas\",\"url\":\"https:\/\/prefecturadeesmeraldas.gob.ec\/\",\"logo\":{\"@type\":\"ImageObject\",\"inLanguage\":\"es\",\"@id\":\"https:\/\/prefecturadeesmeraldas.gob.ec\/#\/schema\/logo\/image\/\",\"url\":\"https:\/\/prefecturadeesmeraldas.gob.ec\/wp-content\/uploads\/2019\/06\/logo.png\",\"contentUrl\":\"https:\/\/prefecturadeesmeraldas.gob.ec\/wp-content\/uploads\/2019\/06\/logo.png\",\"width\":859,\"height\":448,\"caption\":\"Gobierno Aut\u00f3nomo Descentralizado de la Provincia de Esmeraldas\"},\"image\":{\"@id\":\"https:\/\/prefecturadeesmeraldas.gob.ec\/#\/schema\/logo\/image\/\"},\"sameAs\":[\"https:\/\/www.facebook.com\/PrefecturaEsmeraldas\/\"]},{\"@type\":\"Person\",\"@id\":\"https:\/\/prefecturadeesmeraldas.gob.ec\/#\/schema\/person\/b0c9e7b1ead7725994d1e319e8825234\",\"name\":\"Direcci\u00f3n de Comunicaci\u00f3n\",\"image\":{\"@type\":\"ImageObject\",\"inLanguage\":\"es\",\"@id\":\"https:\/\/prefecturadeesmeraldas.gob.ec\/#\/schema\/person\/image\/\",\"url\":\"https:\/\/secure.gravatar.com\/avatar\/74a3870a946f5d774ade3569af61a72308e07ad3346f370c4b468ee2a9858658?s=96&d=mm&r=g\",\"contentUrl\":\"https:\/\/secure.gravatar.com\/avatar\/74a3870a946f5d774ade3569af61a72308e07ad3346f370c4b468ee2a9858658?s=96&d=mm&r=g\",\"caption\":\"Direcci\u00f3n de Comunicaci\u00f3n\"}}]}<\/script>\n<!-- \/ Yoast SEO plugin. -->","yoast_head_json":{"title":"Agricultores ya cuentan con agua para mejorar su producci\u00f3n - Gobierno Aut\u00f3nomo Descentralizado de la Provincia de Esmeraldas","robots":{"index":"index","follow":"follow","max-snippet":"max-snippet:-1","max-image-preview":"max-image-preview:large","max-video-preview":"max-video-preview:-1"},"canonical":"https:\/\/prefecturadeesmeraldas.gob.ec\/index.php\/2019\/07\/19\/agricultores-cuentan-con-agua-para-su-produccion\/","og_locale":"es_ES","og_type":"article","og_title":"Agricultores ya cuentan con agua para mejorar su producci\u00f3n - Gobierno Aut\u00f3nomo Descentralizado de la Provincia de Esmeraldas","og_description":"Alegr\u00eda y satisfacci\u00f3n hay en los agricultores del recinto Buenos Aires de la parroquia Borb\u00f3n, en el cant\u00f3n Eloy Alfaro, ya que ahora gozan del servicio de agua para riego a trav\u00e9s de un sistema de pozo perforado y almacenamiento de l\u00edquido vital, que construy\u00f3 la Prefectura de Esmeraldas permitiendo a los campesinos mitigar los [&hellip;]","og_url":"https:\/\/prefecturadeesmeraldas.gob.ec\/index.php\/2019\/07\/19\/agricultores-cuentan-con-agua-para-su-produccion\/","og_site_name":"Gobierno Aut\u00f3nomo Descentralizado de la Provincia de Esmeraldas","article_publisher":"https:\/\/www.facebook.com\/PrefecturaEsmeraldas\/","article_published_time":"2019-07-19T19:26:57+00:00","article_modified_time":"2019-07-19T19:37:17+00:00","og_image":[{"width":960,"height":858,"url":"https:\/\/prefecturadeesmeraldas.gob.ec\/wp-content\/uploads\/2019\/07\/WhatsApp-Image-2019-07-19-at-12.25.18.jpeg","type":"image\/jpeg"}],"author":"Direcci\u00f3n de Comunicaci\u00f3n","twitter_card":"summary_large_image","twitter_misc":{"Escrito por":"Direcci\u00f3n de Comunicaci\u00f3n","Tiempo de lectura":"1 minuto"},"schema":{"@context":"https:\/\/schema.org","@graph":[{"@type":"Article","@id":"https:\/\/prefecturadeesmeraldas.gob.ec\/index.php\/2019\/07\/19\/agricultores-cuentan-con-agua-para-su-produccion\/#article","isPartOf":{"@id":"https:\/\/prefecturadeesmeraldas.gob.ec\/index.php\/2019\/07\/19\/agricultores-cuentan-con-agua-para-su-produccion\/"},"author":{"name":"Direcci\u00f3n de Comunicaci\u00f3n","@id":"https:\/\/prefecturadeesmeraldas.gob.ec\/#\/schema\/person\/b0c9e7b1ead7725994d1e319e8825234"},"headline":"Agricultores ya cuentan con agua para mejorar su producci\u00f3n","datePublished":"2019-07-19T19:26:57+00:00","dateModified":"2019-07-19T19:37:17+00:00","mainEntityOfPage":{"@id":"https:\/\/prefecturadeesmeraldas.gob.ec\/index.php\/2019\/07\/19\/agricultores-cuentan-con-agua-para-su-produccion\/"},"wordCount":291,"publisher":{"@id":"https:\/\/prefecturadeesmeraldas.gob.ec\/#organization"},"image":{"@id":"https:\/\/prefecturadeesmeraldas.gob.ec\/index.php\/2019\/07\/19\/agricultores-cuentan-con-agua-para-su-produccion\/#primaryimage"},"thumbnailUrl":"https:\/\/prefecturadeesmeraldas.gob.ec\/wp-content\/uploads\/2019\/07\/WhatsApp-Image-2019-07-19-at-12.25.18.jpeg","articleSection":["Noticias"],"inLanguage":"es"},{"@type":"WebPage","@id":"https:\/\/prefecturadeesmeraldas.gob.ec\/index.php\/2019\/07\/19\/agricultores-cuentan-con-agua-para-su-produccion\/","url":"https:\/\/prefecturadeesmeraldas.gob.ec\/index.php\/2019\/07\/19\/agricultores-cuentan-con-agua-para-su-produccion\/","name":"Agricultores ya cuentan con agua para mejorar su producci\u00f3n - Gobierno Aut\u00f3nomo Descentralizado de la Provincia de Esmeraldas","isPartOf":{"@id":"https:\/\/prefecturadeesmeraldas.gob.ec\/#website"},"primaryImageOfPage":{"@id":"https:\/\/prefecturadeesmeraldas.gob.ec\/index.php\/2019\/07\/19\/agricultores-cuentan-con-agua-para-su-produccion\/#primaryimage"},"image":{"@id":"https:\/\/prefecturadeesmeraldas.gob.ec\/index.php\/2019\/07\/19\/agricultores-cuentan-con-agua-para-su-produccion\/#primaryimage"},"thumbnailUrl":"https:\/\/prefecturadeesmeraldas.gob.ec\/wp-content\/uploads\/2019\/07\/WhatsApp-Image-2019-07-19-at-12.25.18.jpeg","datePublished":"2019-07-19T19:26:57+00:00","dateModified":"2019-07-19T19:37:17+00:00","breadcrumb":{"@id":"https:\/\/prefecturadeesmeraldas.gob.ec\/index.php\/2019\/07\/19\/agricultores-cuentan-con-agua-para-su-produccion\/#breadcrumb"},"inLanguage":"es","potentialAction":[{"@type":"ReadAction","target":["https:\/\/prefecturadeesmeraldas.gob.ec\/index.php\/2019\/07\/19\/agricultores-cuentan-con-agua-para-su-produccion\/"]}]},{"@type":"ImageObject","inLanguage":"es","@id":"https:\/\/prefecturadeesmeraldas.gob.ec\/index.php\/2019\/07\/19\/agricultores-cuentan-con-agua-para-su-produccion\/#primaryimage","url":"https:\/\/prefecturadeesmeraldas.gob.ec\/wp-content\/uploads\/2019\/07\/WhatsApp-Image-2019-07-19-at-12.25.18.jpeg","contentUrl":"https:\/\/prefecturadeesmeraldas.gob.ec\/wp-content\/uploads\/2019\/07\/WhatsApp-Image-2019-07-19-at-12.25.18.jpeg","width":960,"height":858},{"@type":"BreadcrumbList","@id":"https:\/\/prefecturadeesmeraldas.gob.ec\/index.php\/2019\/07\/19\/agricultores-cuentan-con-agua-para-su-produccion\/#breadcrumb","itemListElement":[{"@type":"ListItem","position":1,"name":"Home","item":"https:\/\/prefecturadeesmeraldas.gob.ec\/"},{"@type":"ListItem","position":2,"name":"Agricultores ya cuentan con agua para mejorar su producci\u00f3n"}]},{"@type":"WebSite","@id":"https:\/\/prefecturadeesmeraldas.gob.ec\/#website","url":"https:\/\/prefecturadeesmeraldas.gob.ec\/","name":"Gobierno Aut\u00f3nomo Descentralizado de la Provincia de Esmeraldas","description":"Gobierno Aut\u00f3nomo Descentralizado de la Provincia de Esmeraldas","publisher":{"@id":"https:\/\/prefecturadeesmeraldas.gob.ec\/#organization"},"potentialAction":[{"@type":"SearchAction","target":{"@type":"EntryPoint","urlTemplate":"https:\/\/prefecturadeesmeraldas.gob.ec\/?s={search_term_string}"},"query-input":{"@type":"PropertyValueSpecification","valueRequired":true,"valueName":"search_term_string"}}],"inLanguage":"es"},{"@type":"Organization","@id":"https:\/\/prefecturadeesmeraldas.gob.ec\/#organization","name":"Gobierno Aut\u00f3nomo Descentralizado de la Provincia de Esmeraldas","url":"https:\/\/prefecturadeesmeraldas.gob.ec\/","logo":{"@type":"ImageObject","inLanguage":"es","@id":"https:\/\/prefecturadeesmeraldas.gob.ec\/#\/schema\/logo\/image\/","url":"https:\/\/prefecturadeesmeraldas.gob.ec\/wp-content\/uploads\/2019\/06\/logo.png","contentUrl":"https:\/\/prefecturadeesmeraldas.gob.ec\/wp-content\/uploads\/2019\/06\/logo.png","width":859,"height":448,"caption":"Gobierno Aut\u00f3nomo Descentralizado de la Provincia de Esmeraldas"},"image":{"@id":"https:\/\/prefecturadeesmeraldas.gob.ec\/#\/schema\/logo\/image\/"},"sameAs":["https:\/\/www.facebook.com\/PrefecturaEsmeraldas\/"]},{"@type":"Person","@id":"https:\/\/prefecturadeesmeraldas.gob.ec\/#\/schema\/person\/b0c9e7b1ead7725994d1e319e8825234","name":"Direcci\u00f3n de Comunicaci\u00f3n","image":{"@type":"ImageObject","inLanguage":"es","@id":"https:\/\/prefecturadeesmeraldas.gob.ec\/#\/schema\/person\/image\/","url":"https:\/\/secure.gravatar.com\/avatar\/74a3870a946f5d774ade3569af61a72308e07ad3346f370c4b468ee2a9858658?s=96&d=mm&r=g","contentUrl":"https:\/\/secure.gravatar.com\/avatar\/74a3870a946f5d774ade3569af61a72308e07ad3346f370c4b468ee2a9858658?s=96&d=mm&r=g","caption":"Direcci\u00f3n de Comunicaci\u00f3n"}}]}},"_links":{"self":[{"href":"https:\/\/prefecturadeesmeraldas.gob.ec\/index.php\/wp-json\/wp\/v2\/posts\/454","targetHints":{"allow":["GET"]}}],"collection":[{"href":"https:\/\/prefecturadeesmeraldas.gob.ec\/index.php\/wp-json\/wp\/v2\/posts"}],"about":[{"href":"https:\/\/prefecturadeesmeraldas.gob.ec\/index.php\/wp-json\/wp\/v2\/types\/post"}],"author":[{"embeddable":true,"href":"https:\/\/prefecturadeesmeraldas.gob.ec\/index.php\/wp-json\/wp\/v2\/users\/2"}],"replies":[{"embeddable":true,"href":"https:\/\/prefecturadeesmeraldas.gob.ec\/index.php\/wp-json\/wp\/v2\/comments?post=454"}],"version-history":[{"count":0,"href":"https:\/\/prefecturadeesmeraldas.gob.ec\/index.php\/wp-json\/wp\/v2\/posts\/454\/revisions"}],"wp:featuredmedia":[{"embeddable":true,"href":"https:\/\/prefecturadeesmeraldas.gob.ec\/index.php\/wp-json\/wp\/v2\/media\/455"}],"wp:attachment":[{"href":"https:\/\/prefecturadeesmeraldas.gob.ec\/index.php\/wp-json\/wp\/v2\/media?parent=454"}],"wp:term":[{"taxonomy":"category","embeddable":true,"href":"https:\/\/prefecturadeesmeraldas.gob.ec\/index.php\/wp-json\/wp\/v2\/categories?post=454"},{"taxonomy":"post_tag","embeddable":true,"href":"https:\/\/prefecturadeesmeraldas.gob.ec\/index.php\/wp-json\/wp\/v2\/tags?post=454"}],"curies":[{"name":"wp","href":"https:\/\/api.w.org\/{rel}","templated":true}]}}