{"id":4338,"date":"2020-05-05T12:07:25","date_gmt":"2020-05-05T17:07:25","guid":{"rendered":"http:\/\/prefecturadeesmeraldas.gob.ec\/?p=4338"},"modified":"2020-05-05T12:08:54","modified_gmt":"2020-05-05T17:08:54","slug":"prefectura-de-esmeraldas-y-mies-entregaron-kits-alimenticios-en-tonsupa","status":"publish","type":"post","link":"https:\/\/prefecturadeesmeraldas.gob.ec\/index.php\/2020\/05\/05\/prefectura-de-esmeraldas-y-mies-entregaron-kits-alimenticios-en-tonsupa\/","title":{"rendered":"Prefectura de Esmeraldas y MIES entregaron kits alimenticios en Tonsupa"},"content":{"rendered":"\t\t<div data-elementor-type=\"wp-post\" data-elementor-id=\"4338\" class=\"elementor elementor-4338\">\n\t\t\t\t\t\t<section class=\"elementor-section elementor-top-section elementor-element elementor-element-ecda315 elementor-section-boxed elementor-section-height-default elementor-section-height-default\" data-id=\"ecda315\" data-element_type=\"section\">\n\t\t\t\t\t\t<div class=\"elementor-container elementor-column-gap-default\">\n\t\t\t\t\t<div class=\"elementor-column elementor-col-100 elementor-top-column elementor-element elementor-element-aaed234\" data-id=\"aaed234\" data-element_type=\"column\">\n\t\t\t<div class=\"elementor-widget-wrap elementor-element-populated\">\n\t\t\t\t\t\t<div class=\"elementor-element elementor-element-21f890c elementor-widget elementor-widget-image\" data-id=\"21f890c\" data-element_type=\"widget\" data-widget_type=\"image.default\">\n\t\t\t\t<div class=\"elementor-widget-container\">\n\t\t\t\t\t\t\t\t\t\t\t\t\t\t\t<img fetchpriority=\"high\" decoding=\"async\" width=\"1024\" height=\"1024\" src=\"https:\/\/prefecturadeesmeraldas.gob.ec\/wp-content\/uploads\/2020\/05\/WhatsApp-Image-2020-05-05-at-10.57.12-1024x1024.jpeg\" class=\"attachment-large size-large wp-image-4339\" alt=\"\" srcset=\"https:\/\/prefecturadeesmeraldas.gob.ec\/wp-content\/uploads\/2020\/05\/WhatsApp-Image-2020-05-05-at-10.57.12-1024x1024.jpeg 1024w, https:\/\/prefecturadeesmeraldas.gob.ec\/wp-content\/uploads\/2020\/05\/WhatsApp-Image-2020-05-05-at-10.57.12-240x240.jpeg 240w, https:\/\/prefecturadeesmeraldas.gob.ec\/wp-content\/uploads\/2020\/05\/WhatsApp-Image-2020-05-05-at-10.57.12-1080x1080.jpeg 1080w, https:\/\/prefecturadeesmeraldas.gob.ec\/wp-content\/uploads\/2020\/05\/WhatsApp-Image-2020-05-05-at-10.57.12-150x150.jpeg 150w, https:\/\/prefecturadeesmeraldas.gob.ec\/wp-content\/uploads\/2020\/05\/WhatsApp-Image-2020-05-05-at-10.57.12-300x300.jpeg 300w, https:\/\/prefecturadeesmeraldas.gob.ec\/wp-content\/uploads\/2020\/05\/WhatsApp-Image-2020-05-05-at-10.57.12-768x768.jpeg 768w, https:\/\/prefecturadeesmeraldas.gob.ec\/wp-content\/uploads\/2020\/05\/WhatsApp-Image-2020-05-05-at-10.57.12.jpeg 1280w\" sizes=\"(max-width: 1024px) 100vw, 1024px\" \/>\t\t\t\t\t\t\t\t\t\t\t\t\t\t\t<\/div>\n\t\t\t\t<\/div>\n\t\t\t\t\t<\/div>\n\t\t<\/div>\n\t\t\t\t\t<\/div>\n\t\t<\/section>\n\t\t\t\t<section class=\"elementor-section elementor-top-section elementor-element elementor-element-35f4162 elementor-section-boxed elementor-section-height-default elementor-section-height-default\" data-id=\"35f4162\" data-element_type=\"section\">\n\t\t\t\t\t\t<div class=\"elementor-container elementor-column-gap-default\">\n\t\t\t\t\t<div class=\"elementor-column elementor-col-100 elementor-top-column elementor-element elementor-element-10d6311\" data-id=\"10d6311\" data-element_type=\"column\">\n\t\t\t<div class=\"elementor-widget-wrap elementor-element-populated\">\n\t\t\t\t\t\t<div class=\"elementor-element elementor-element-9109636 elementor-widget elementor-widget-text-editor\" data-id=\"9109636\" data-element_type=\"widget\" data-widget_type=\"text-editor.default\">\n\t\t\t\t<div class=\"elementor-widget-container\">\n\t\t\t\t\t\t\t\t\t<p>El presidente del Gobierno Parroquial de Tonsupa, junto a sus vocales, recibieron raciones alimenticias por parte de la prefecta <strong>Roberta Zambrano<\/strong>. Personas de escasos recursos econ\u00f3micos recibir\u00e1n estos kits alimenticios para, de esta manera, mitigar en algo el impacto socioecon\u00f3mico que deja la pandemia del coronavirus.<\/p><p>Di\u00f3genes Gonz\u00e1lez, presidente del Gad Parroquial, agradeci\u00f3 a la Prefecta de Esmeraldas y dijo que seguir\u00e1 trabajando con ella por el bienestar de los habitantes de su parroquia.<\/p><p>Para el vicealcalde de Atacames, Edhison Manjarr\u00e9s, estos momentos dif\u00edciles ha servido para que las autoridades se unan para ayudar a los que m\u00e1s necesitan. &#8220;Como consejero siempre he apoyado el buen trabajo que viene desempe\u00f1ando la Prefecta&#8221;, agreg\u00f3.<\/p><p>Williams Mendoza, empresario altruista de Atacames destac\u00f3 el buen coraz\u00f3n de la autoridad provincial y que lo ha demostrado desde la Prefectura a favor de los ciudadanos, adem\u00e1s, agradeci\u00f3 a Roberta Zambrano por permitirle ser parte de su equipo solidario.<\/p><p>&#8220;<strong>Aqu\u00ed estamos en Tonsupa cumpliendo con la entrega alimenticia para que nuestros hermanos de este sector puedan tener algo con que alimentarse<\/strong>&#8220;, dijo.<\/p>\t\t\t\t\t\t\t\t<\/div>\n\t\t\t\t<\/div>\n\t\t\t\t\t<\/div>\n\t\t<\/div>\n\t\t\t\t\t<\/div>\n\t\t<\/section>\n\t\t\t\t<\/div>\n\t\t","protected":false},"excerpt":{"rendered":"<p>El presidente del Gobierno Parroquial de Tonsupa, junto a sus vocales, recibieron raciones alimenticias por parte de la prefecta Roberta Zambrano. Personas de escasos recursos econ\u00f3micos recibir\u00e1n estos kits alimenticios para, de esta manera, mitigar en algo el impacto socioecon\u00f3mico que deja la pandemia del coronavirus. Di\u00f3genes Gonz\u00e1lez, presidente del Gad Parroquial, agradeci\u00f3 a la [&hellip;]<\/p>\n","protected":false},"author":2,"featured_media":4339,"comment_status":"closed","ping_status":"open","sticky":false,"template":"","format":"standard","meta":{"footnotes":""},"categories":[21,22,3],"tags":[],"class_list":["post-4338","post","type-post","status-publish","format-standard","has-post-thumbnail","hentry","category-emergencia-covid-19","category-emergencia-sanitaria","category-institucional"],"yoast_head":"<!-- This site is optimized with the Yoast SEO plugin v25.7 - https:\/\/yoast.com\/wordpress\/plugins\/seo\/ -->\n<title>Prefectura de Esmeraldas y MIES entregaron kits alimenticios en Tonsupa - Gobierno Aut\u00f3nomo Descentralizado de la Provincia de Esmeraldas<\/title>\n<meta name=\"robots\" content=\"index, follow, max-snippet:-1, max-image-preview:large, max-video-preview:-1\" \/>\n<link rel=\"canonical\" href=\"https:\/\/prefecturadeesmeraldas.gob.ec\/index.php\/2020\/05\/05\/prefectura-de-esmeraldas-y-mies-entregaron-kits-alimenticios-en-tonsupa\/\" \/>\n<meta property=\"og:locale\" content=\"es_ES\" \/>\n<meta property=\"og:type\" content=\"article\" \/>\n<meta property=\"og:title\" content=\"Prefectura de Esmeraldas y MIES entregaron kits alimenticios en Tonsupa - Gobierno Aut\u00f3nomo Descentralizado de la Provincia de Esmeraldas\" \/>\n<meta property=\"og:description\" content=\"El presidente del Gobierno Parroquial de Tonsupa, junto a sus vocales, recibieron raciones alimenticias por parte de la prefecta Roberta Zambrano. Personas de escasos recursos econ\u00f3micos recibir\u00e1n estos kits alimenticios para, de esta manera, mitigar en algo el impacto socioecon\u00f3mico que deja la pandemia del coronavirus. Di\u00f3genes Gonz\u00e1lez, presidente del Gad Parroquial, agradeci\u00f3 a la [&hellip;]\" \/>\n<meta property=\"og:url\" content=\"https:\/\/prefecturadeesmeraldas.gob.ec\/index.php\/2020\/05\/05\/prefectura-de-esmeraldas-y-mies-entregaron-kits-alimenticios-en-tonsupa\/\" \/>\n<meta property=\"og:site_name\" content=\"Gobierno Aut\u00f3nomo Descentralizado de la Provincia de Esmeraldas\" \/>\n<meta property=\"article:publisher\" content=\"https:\/\/www.facebook.com\/PrefecturaEsmeraldas\/\" \/>\n<meta property=\"article:published_time\" content=\"2020-05-05T17:07:25+00:00\" \/>\n<meta property=\"article:modified_time\" content=\"2020-05-05T17:08:54+00:00\" \/>\n<meta property=\"og:image\" content=\"https:\/\/prefecturadeesmeraldas.gob.ec\/wp-content\/uploads\/2020\/05\/WhatsApp-Image-2020-05-05-at-10.57.12.jpeg\" \/>\n\t<meta property=\"og:image:width\" content=\"1280\" \/>\n\t<meta property=\"og:image:height\" content=\"1280\" \/>\n\t<meta property=\"og:image:type\" content=\"image\/jpeg\" \/>\n<meta name=\"author\" content=\"Direcci\u00f3n de Comunicaci\u00f3n\" \/>\n<meta name=\"twitter:card\" content=\"summary_large_image\" \/>\n<meta name=\"twitter:label1\" content=\"Escrito por\" \/>\n\t<meta name=\"twitter:data1\" content=\"Direcci\u00f3n de Comunicaci\u00f3n\" \/>\n\t<meta name=\"twitter:label2\" content=\"Tiempo de lectura\" \/>\n\t<meta name=\"twitter:data2\" content=\"1 minuto\" \/>\n<script type=\"application\/ld+json\" class=\"yoast-schema-graph\">{\"@context\":\"https:\/\/schema.org\",\"@graph\":[{\"@type\":\"Article\",\"@id\":\"https:\/\/prefecturadeesmeraldas.gob.ec\/index.php\/2020\/05\/05\/prefectura-de-esmeraldas-y-mies-entregaron-kits-alimenticios-en-tonsupa\/#article\",\"isPartOf\":{\"@id\":\"https:\/\/prefecturadeesmeraldas.gob.ec\/index.php\/2020\/05\/05\/prefectura-de-esmeraldas-y-mies-entregaron-kits-alimenticios-en-tonsupa\/\"},\"author\":{\"name\":\"Direcci\u00f3n de Comunicaci\u00f3n\",\"@id\":\"https:\/\/prefecturadeesmeraldas.gob.ec\/#\/schema\/person\/b0c9e7b1ead7725994d1e319e8825234\"},\"headline\":\"Prefectura de Esmeraldas y MIES entregaron kits alimenticios en Tonsupa\",\"datePublished\":\"2020-05-05T17:07:25+00:00\",\"dateModified\":\"2020-05-05T17:08:54+00:00\",\"mainEntityOfPage\":{\"@id\":\"https:\/\/prefecturadeesmeraldas.gob.ec\/index.php\/2020\/05\/05\/prefectura-de-esmeraldas-y-mies-entregaron-kits-alimenticios-en-tonsupa\/\"},\"wordCount\":197,\"publisher\":{\"@id\":\"https:\/\/prefecturadeesmeraldas.gob.ec\/#organization\"},\"image\":{\"@id\":\"https:\/\/prefecturadeesmeraldas.gob.ec\/index.php\/2020\/05\/05\/prefectura-de-esmeraldas-y-mies-entregaron-kits-alimenticios-en-tonsupa\/#primaryimage\"},\"thumbnailUrl\":\"https:\/\/prefecturadeesmeraldas.gob.ec\/wp-content\/uploads\/2020\/05\/WhatsApp-Image-2020-05-05-at-10.57.12.jpeg\",\"articleSection\":[\"Emergencia Covid-19\",\"Emergencia Sanitaria\",\"Institucional\"],\"inLanguage\":\"es\"},{\"@type\":\"WebPage\",\"@id\":\"https:\/\/prefecturadeesmeraldas.gob.ec\/index.php\/2020\/05\/05\/prefectura-de-esmeraldas-y-mies-entregaron-kits-alimenticios-en-tonsupa\/\",\"url\":\"https:\/\/prefecturadeesmeraldas.gob.ec\/index.php\/2020\/05\/05\/prefectura-de-esmeraldas-y-mies-entregaron-kits-alimenticios-en-tonsupa\/\",\"name\":\"Prefectura de Esmeraldas y MIES entregaron kits alimenticios en Tonsupa - Gobierno Aut\u00f3nomo Descentralizado de la Provincia de Esmeraldas\",\"isPartOf\":{\"@id\":\"https:\/\/prefecturadeesmeraldas.gob.ec\/#website\"},\"primaryImageOfPage\":{\"@id\":\"https:\/\/prefecturadeesmeraldas.gob.ec\/index.php\/2020\/05\/05\/prefectura-de-esmeraldas-y-mies-entregaron-kits-alimenticios-en-tonsupa\/#primaryimage\"},\"image\":{\"@id\":\"https:\/\/prefecturadeesmeraldas.gob.ec\/index.php\/2020\/05\/05\/prefectura-de-esmeraldas-y-mies-entregaron-kits-alimenticios-en-tonsupa\/#primaryimage\"},\"thumbnailUrl\":\"https:\/\/prefecturadeesmeraldas.gob.ec\/wp-content\/uploads\/2020\/05\/WhatsApp-Image-2020-05-05-at-10.57.12.jpeg\",\"datePublished\":\"2020-05-05T17:07:25+00:00\",\"dateModified\":\"2020-05-05T17:08:54+00:00\",\"breadcrumb\":{\"@id\":\"https:\/\/prefecturadeesmeraldas.gob.ec\/index.php\/2020\/05\/05\/prefectura-de-esmeraldas-y-mies-entregaron-kits-alimenticios-en-tonsupa\/#breadcrumb\"},\"inLanguage\":\"es\",\"potentialAction\":[{\"@type\":\"ReadAction\",\"target\":[\"https:\/\/prefecturadeesmeraldas.gob.ec\/index.php\/2020\/05\/05\/prefectura-de-esmeraldas-y-mies-entregaron-kits-alimenticios-en-tonsupa\/\"]}]},{\"@type\":\"ImageObject\",\"inLanguage\":\"es\",\"@id\":\"https:\/\/prefecturadeesmeraldas.gob.ec\/index.php\/2020\/05\/05\/prefectura-de-esmeraldas-y-mies-entregaron-kits-alimenticios-en-tonsupa\/#primaryimage\",\"url\":\"https:\/\/prefecturadeesmeraldas.gob.ec\/wp-content\/uploads\/2020\/05\/WhatsApp-Image-2020-05-05-at-10.57.12.jpeg\",\"contentUrl\":\"https:\/\/prefecturadeesmeraldas.gob.ec\/wp-content\/uploads\/2020\/05\/WhatsApp-Image-2020-05-05-at-10.57.12.jpeg\",\"width\":1280,\"height\":1280},{\"@type\":\"BreadcrumbList\",\"@id\":\"https:\/\/prefecturadeesmeraldas.gob.ec\/index.php\/2020\/05\/05\/prefectura-de-esmeraldas-y-mies-entregaron-kits-alimenticios-en-tonsupa\/#breadcrumb\",\"itemListElement\":[{\"@type\":\"ListItem\",\"position\":1,\"name\":\"Home\",\"item\":\"https:\/\/prefecturadeesmeraldas.gob.ec\/\"},{\"@type\":\"ListItem\",\"position\":2,\"name\":\"Prefectura de Esmeraldas y MIES entregaron kits alimenticios en Tonsupa\"}]},{\"@type\":\"WebSite\",\"@id\":\"https:\/\/prefecturadeesmeraldas.gob.ec\/#website\",\"url\":\"https:\/\/prefecturadeesmeraldas.gob.ec\/\",\"name\":\"Gobierno Aut\u00f3nomo Descentralizado de la Provincia de Esmeraldas\",\"description\":\"Gobierno Aut\u00f3nomo Descentralizado de la Provincia de Esmeraldas\",\"publisher\":{\"@id\":\"https:\/\/prefecturadeesmeraldas.gob.ec\/#organization\"},\"potentialAction\":[{\"@type\":\"SearchAction\",\"target\":{\"@type\":\"EntryPoint\",\"urlTemplate\":\"https:\/\/prefecturadeesmeraldas.gob.ec\/?s={search_term_string}\"},\"query-input\":{\"@type\":\"PropertyValueSpecification\",\"valueRequired\":true,\"valueName\":\"search_term_string\"}}],\"inLanguage\":\"es\"},{\"@type\":\"Organization\",\"@id\":\"https:\/\/prefecturadeesmeraldas.gob.ec\/#organization\",\"name\":\"Gobierno Aut\u00f3nomo Descentralizado de la Provincia de Esmeraldas\",\"url\":\"https:\/\/prefecturadeesmeraldas.gob.ec\/\",\"logo\":{\"@type\":\"ImageObject\",\"inLanguage\":\"es\",\"@id\":\"https:\/\/prefecturadeesmeraldas.gob.ec\/#\/schema\/logo\/image\/\",\"url\":\"https:\/\/prefecturadeesmeraldas.gob.ec\/wp-content\/uploads\/2019\/06\/logo.png\",\"contentUrl\":\"https:\/\/prefecturadeesmeraldas.gob.ec\/wp-content\/uploads\/2019\/06\/logo.png\",\"width\":859,\"height\":448,\"caption\":\"Gobierno Aut\u00f3nomo Descentralizado de la Provincia de Esmeraldas\"},\"image\":{\"@id\":\"https:\/\/prefecturadeesmeraldas.gob.ec\/#\/schema\/logo\/image\/\"},\"sameAs\":[\"https:\/\/www.facebook.com\/PrefecturaEsmeraldas\/\"]},{\"@type\":\"Person\",\"@id\":\"https:\/\/prefecturadeesmeraldas.gob.ec\/#\/schema\/person\/b0c9e7b1ead7725994d1e319e8825234\",\"name\":\"Direcci\u00f3n de Comunicaci\u00f3n\",\"image\":{\"@type\":\"ImageObject\",\"inLanguage\":\"es\",\"@id\":\"https:\/\/prefecturadeesmeraldas.gob.ec\/#\/schema\/person\/image\/\",\"url\":\"https:\/\/secure.gravatar.com\/avatar\/74a3870a946f5d774ade3569af61a72308e07ad3346f370c4b468ee2a9858658?s=96&d=mm&r=g\",\"contentUrl\":\"https:\/\/secure.gravatar.com\/avatar\/74a3870a946f5d774ade3569af61a72308e07ad3346f370c4b468ee2a9858658?s=96&d=mm&r=g\",\"caption\":\"Direcci\u00f3n de Comunicaci\u00f3n\"}}]}<\/script>\n<!-- \/ Yoast SEO plugin. -->","yoast_head_json":{"title":"Prefectura de Esmeraldas y MIES entregaron kits alimenticios en Tonsupa - Gobierno Aut\u00f3nomo Descentralizado de la Provincia de Esmeraldas","robots":{"index":"index","follow":"follow","max-snippet":"max-snippet:-1","max-image-preview":"max-image-preview:large","max-video-preview":"max-video-preview:-1"},"canonical":"https:\/\/prefecturadeesmeraldas.gob.ec\/index.php\/2020\/05\/05\/prefectura-de-esmeraldas-y-mies-entregaron-kits-alimenticios-en-tonsupa\/","og_locale":"es_ES","og_type":"article","og_title":"Prefectura de Esmeraldas y MIES entregaron kits alimenticios en Tonsupa - Gobierno Aut\u00f3nomo Descentralizado de la Provincia de Esmeraldas","og_description":"El presidente del Gobierno Parroquial de Tonsupa, junto a sus vocales, recibieron raciones alimenticias por parte de la prefecta Roberta Zambrano. Personas de escasos recursos econ\u00f3micos recibir\u00e1n estos kits alimenticios para, de esta manera, mitigar en algo el impacto socioecon\u00f3mico que deja la pandemia del coronavirus. Di\u00f3genes Gonz\u00e1lez, presidente del Gad Parroquial, agradeci\u00f3 a la [&hellip;]","og_url":"https:\/\/prefecturadeesmeraldas.gob.ec\/index.php\/2020\/05\/05\/prefectura-de-esmeraldas-y-mies-entregaron-kits-alimenticios-en-tonsupa\/","og_site_name":"Gobierno Aut\u00f3nomo Descentralizado de la Provincia de Esmeraldas","article_publisher":"https:\/\/www.facebook.com\/PrefecturaEsmeraldas\/","article_published_time":"2020-05-05T17:07:25+00:00","article_modified_time":"2020-05-05T17:08:54+00:00","og_image":[{"width":1280,"height":1280,"url":"https:\/\/prefecturadeesmeraldas.gob.ec\/wp-content\/uploads\/2020\/05\/WhatsApp-Image-2020-05-05-at-10.57.12.jpeg","type":"image\/jpeg"}],"author":"Direcci\u00f3n de Comunicaci\u00f3n","twitter_card":"summary_large_image","twitter_misc":{"Escrito por":"Direcci\u00f3n de Comunicaci\u00f3n","Tiempo de lectura":"1 minuto"},"schema":{"@context":"https:\/\/schema.org","@graph":[{"@type":"Article","@id":"https:\/\/prefecturadeesmeraldas.gob.ec\/index.php\/2020\/05\/05\/prefectura-de-esmeraldas-y-mies-entregaron-kits-alimenticios-en-tonsupa\/#article","isPartOf":{"@id":"https:\/\/prefecturadeesmeraldas.gob.ec\/index.php\/2020\/05\/05\/prefectura-de-esmeraldas-y-mies-entregaron-kits-alimenticios-en-tonsupa\/"},"author":{"name":"Direcci\u00f3n de Comunicaci\u00f3n","@id":"https:\/\/prefecturadeesmeraldas.gob.ec\/#\/schema\/person\/b0c9e7b1ead7725994d1e319e8825234"},"headline":"Prefectura de Esmeraldas y MIES entregaron kits alimenticios en Tonsupa","datePublished":"2020-05-05T17:07:25+00:00","dateModified":"2020-05-05T17:08:54+00:00","mainEntityOfPage":{"@id":"https:\/\/prefecturadeesmeraldas.gob.ec\/index.php\/2020\/05\/05\/prefectura-de-esmeraldas-y-mies-entregaron-kits-alimenticios-en-tonsupa\/"},"wordCount":197,"publisher":{"@id":"https:\/\/prefecturadeesmeraldas.gob.ec\/#organization"},"image":{"@id":"https:\/\/prefecturadeesmeraldas.gob.ec\/index.php\/2020\/05\/05\/prefectura-de-esmeraldas-y-mies-entregaron-kits-alimenticios-en-tonsupa\/#primaryimage"},"thumbnailUrl":"https:\/\/prefecturadeesmeraldas.gob.ec\/wp-content\/uploads\/2020\/05\/WhatsApp-Image-2020-05-05-at-10.57.12.jpeg","articleSection":["Emergencia Covid-19","Emergencia Sanitaria","Institucional"],"inLanguage":"es"},{"@type":"WebPage","@id":"https:\/\/prefecturadeesmeraldas.gob.ec\/index.php\/2020\/05\/05\/prefectura-de-esmeraldas-y-mies-entregaron-kits-alimenticios-en-tonsupa\/","url":"https:\/\/prefecturadeesmeraldas.gob.ec\/index.php\/2020\/05\/05\/prefectura-de-esmeraldas-y-mies-entregaron-kits-alimenticios-en-tonsupa\/","name":"Prefectura de Esmeraldas y MIES entregaron kits alimenticios en Tonsupa - Gobierno Aut\u00f3nomo Descentralizado de la Provincia de Esmeraldas","isPartOf":{"@id":"https:\/\/prefecturadeesmeraldas.gob.ec\/#website"},"primaryImageOfPage":{"@id":"https:\/\/prefecturadeesmeraldas.gob.ec\/index.php\/2020\/05\/05\/prefectura-de-esmeraldas-y-mies-entregaron-kits-alimenticios-en-tonsupa\/#primaryimage"},"image":{"@id":"https:\/\/prefecturadeesmeraldas.gob.ec\/index.php\/2020\/05\/05\/prefectura-de-esmeraldas-y-mies-entregaron-kits-alimenticios-en-tonsupa\/#primaryimage"},"thumbnailUrl":"https:\/\/prefecturadeesmeraldas.gob.ec\/wp-content\/uploads\/2020\/05\/WhatsApp-Image-2020-05-05-at-10.57.12.jpeg","datePublished":"2020-05-05T17:07:25+00:00","dateModified":"2020-05-05T17:08:54+00:00","breadcrumb":{"@id":"https:\/\/prefecturadeesmeraldas.gob.ec\/index.php\/2020\/05\/05\/prefectura-de-esmeraldas-y-mies-entregaron-kits-alimenticios-en-tonsupa\/#breadcrumb"},"inLanguage":"es","potentialAction":[{"@type":"ReadAction","target":["https:\/\/prefecturadeesmeraldas.gob.ec\/index.php\/2020\/05\/05\/prefectura-de-esmeraldas-y-mies-entregaron-kits-alimenticios-en-tonsupa\/"]}]},{"@type":"ImageObject","inLanguage":"es","@id":"https:\/\/prefecturadeesmeraldas.gob.ec\/index.php\/2020\/05\/05\/prefectura-de-esmeraldas-y-mies-entregaron-kits-alimenticios-en-tonsupa\/#primaryimage","url":"https:\/\/prefecturadeesmeraldas.gob.ec\/wp-content\/uploads\/2020\/05\/WhatsApp-Image-2020-05-05-at-10.57.12.jpeg","contentUrl":"https:\/\/prefecturadeesmeraldas.gob.ec\/wp-content\/uploads\/2020\/05\/WhatsApp-Image-2020-05-05-at-10.57.12.jpeg","width":1280,"height":1280},{"@type":"BreadcrumbList","@id":"https:\/\/prefecturadeesmeraldas.gob.ec\/index.php\/2020\/05\/05\/prefectura-de-esmeraldas-y-mies-entregaron-kits-alimenticios-en-tonsupa\/#breadcrumb","itemListElement":[{"@type":"ListItem","position":1,"name":"Home","item":"https:\/\/prefecturadeesmeraldas.gob.ec\/"},{"@type":"ListItem","position":2,"name":"Prefectura de Esmeraldas y MIES entregaron kits alimenticios en Tonsupa"}]},{"@type":"WebSite","@id":"https:\/\/prefecturadeesmeraldas.gob.ec\/#website","url":"https:\/\/prefecturadeesmeraldas.gob.ec\/","name":"Gobierno Aut\u00f3nomo Descentralizado de la Provincia de Esmeraldas","description":"Gobierno Aut\u00f3nomo Descentralizado de la Provincia de Esmeraldas","publisher":{"@id":"https:\/\/prefecturadeesmeraldas.gob.ec\/#organization"},"potentialAction":[{"@type":"SearchAction","target":{"@type":"EntryPoint","urlTemplate":"https:\/\/prefecturadeesmeraldas.gob.ec\/?s={search_term_string}"},"query-input":{"@type":"PropertyValueSpecification","valueRequired":true,"valueName":"search_term_string"}}],"inLanguage":"es"},{"@type":"Organization","@id":"https:\/\/prefecturadeesmeraldas.gob.ec\/#organization","name":"Gobierno Aut\u00f3nomo Descentralizado de la Provincia de Esmeraldas","url":"https:\/\/prefecturadeesmeraldas.gob.ec\/","logo":{"@type":"ImageObject","inLanguage":"es","@id":"https:\/\/prefecturadeesmeraldas.gob.ec\/#\/schema\/logo\/image\/","url":"https:\/\/prefecturadeesmeraldas.gob.ec\/wp-content\/uploads\/2019\/06\/logo.png","contentUrl":"https:\/\/prefecturadeesmeraldas.gob.ec\/wp-content\/uploads\/2019\/06\/logo.png","width":859,"height":448,"caption":"Gobierno Aut\u00f3nomo Descentralizado de la Provincia de Esmeraldas"},"image":{"@id":"https:\/\/prefecturadeesmeraldas.gob.ec\/#\/schema\/logo\/image\/"},"sameAs":["https:\/\/www.facebook.com\/PrefecturaEsmeraldas\/"]},{"@type":"Person","@id":"https:\/\/prefecturadeesmeraldas.gob.ec\/#\/schema\/person\/b0c9e7b1ead7725994d1e319e8825234","name":"Direcci\u00f3n de Comunicaci\u00f3n","image":{"@type":"ImageObject","inLanguage":"es","@id":"https:\/\/prefecturadeesmeraldas.gob.ec\/#\/schema\/person\/image\/","url":"https:\/\/secure.gravatar.com\/avatar\/74a3870a946f5d774ade3569af61a72308e07ad3346f370c4b468ee2a9858658?s=96&d=mm&r=g","contentUrl":"https:\/\/secure.gravatar.com\/avatar\/74a3870a946f5d774ade3569af61a72308e07ad3346f370c4b468ee2a9858658?s=96&d=mm&r=g","caption":"Direcci\u00f3n de Comunicaci\u00f3n"}}]}},"_links":{"self":[{"href":"https:\/\/prefecturadeesmeraldas.gob.ec\/index.php\/wp-json\/wp\/v2\/posts\/4338","targetHints":{"allow":["GET"]}}],"collection":[{"href":"https:\/\/prefecturadeesmeraldas.gob.ec\/index.php\/wp-json\/wp\/v2\/posts"}],"about":[{"href":"https:\/\/prefecturadeesmeraldas.gob.ec\/index.php\/wp-json\/wp\/v2\/types\/post"}],"author":[{"embeddable":true,"href":"https:\/\/prefecturadeesmeraldas.gob.ec\/index.php\/wp-json\/wp\/v2\/users\/2"}],"replies":[{"embeddable":true,"href":"https:\/\/prefecturadeesmeraldas.gob.ec\/index.php\/wp-json\/wp\/v2\/comments?post=4338"}],"version-history":[{"count":0,"href":"https:\/\/prefecturadeesmeraldas.gob.ec\/index.php\/wp-json\/wp\/v2\/posts\/4338\/revisions"}],"wp:featuredmedia":[{"embeddable":true,"href":"https:\/\/prefecturadeesmeraldas.gob.ec\/index.php\/wp-json\/wp\/v2\/media\/4339"}],"wp:attachment":[{"href":"https:\/\/prefecturadeesmeraldas.gob.ec\/index.php\/wp-json\/wp\/v2\/media?parent=4338"}],"wp:term":[{"taxonomy":"category","embeddable":true,"href":"https:\/\/prefecturadeesmeraldas.gob.ec\/index.php\/wp-json\/wp\/v2\/categories?post=4338"},{"taxonomy":"post_tag","embeddable":true,"href":"https:\/\/prefecturadeesmeraldas.gob.ec\/index.php\/wp-json\/wp\/v2\/tags?post=4338"}],"curies":[{"name":"wp","href":"https:\/\/api.w.org\/{rel}","templated":true}]}}