{"id":4125,"date":"2020-04-17T15:40:41","date_gmt":"2020-04-17T20:40:41","guid":{"rendered":"http:\/\/prefecturadeesmeraldas.gob.ec\/?p=4125"},"modified":"2020-04-17T15:40:55","modified_gmt":"2020-04-17T20:40:55","slug":"prefectura-de-esmeraldas-dona-20-mil-raciones-alimenticias-al-mies","status":"publish","type":"post","link":"https:\/\/prefecturadeesmeraldas.gob.ec\/index.php\/2020\/04\/17\/prefectura-de-esmeraldas-dona-20-mil-raciones-alimenticias-al-mies\/","title":{"rendered":"Prefectura de Esmeraldas dona 20 mil raciones alimenticias al MIES"},"content":{"rendered":"\t\t<div data-elementor-type=\"wp-post\" data-elementor-id=\"4125\" class=\"elementor elementor-4125\">\n\t\t\t\t\t\t<section class=\"elementor-section elementor-top-section elementor-element elementor-element-ef07b23 elementor-section-boxed elementor-section-height-default elementor-section-height-default\" data-id=\"ef07b23\" data-element_type=\"section\">\n\t\t\t\t\t\t<div class=\"elementor-container elementor-column-gap-default\">\n\t\t\t\t\t<div class=\"elementor-column elementor-col-100 elementor-top-column elementor-element elementor-element-3e8c782\" data-id=\"3e8c782\" data-element_type=\"column\">\n\t\t\t<div class=\"elementor-widget-wrap elementor-element-populated\">\n\t\t\t\t\t\t<div class=\"elementor-element elementor-element-c76c782 elementor-widget elementor-widget-image\" data-id=\"c76c782\" data-element_type=\"widget\" data-widget_type=\"image.default\">\n\t\t\t\t<div class=\"elementor-widget-container\">\n\t\t\t\t\t\t\t\t\t\t\t\t<figure class=\"wp-caption\">\n\t\t\t\t\t\t\t\t\t\t<img fetchpriority=\"high\" decoding=\"async\" width=\"1024\" height=\"1024\" src=\"https:\/\/prefecturadeesmeraldas.gob.ec\/wp-content\/uploads\/2020\/04\/WhatsApp-Image-2020-04-17-at-15.34.44-1024x1024.jpeg\" class=\"attachment-large size-large wp-image-4126\" alt=\"\" srcset=\"https:\/\/prefecturadeesmeraldas.gob.ec\/wp-content\/uploads\/2020\/04\/WhatsApp-Image-2020-04-17-at-15.34.44-1024x1024.jpeg 1024w, https:\/\/prefecturadeesmeraldas.gob.ec\/wp-content\/uploads\/2020\/04\/WhatsApp-Image-2020-04-17-at-15.34.44-240x240.jpeg 240w, https:\/\/prefecturadeesmeraldas.gob.ec\/wp-content\/uploads\/2020\/04\/WhatsApp-Image-2020-04-17-at-15.34.44-1080x1080.jpeg 1080w, https:\/\/prefecturadeesmeraldas.gob.ec\/wp-content\/uploads\/2020\/04\/WhatsApp-Image-2020-04-17-at-15.34.44-150x150.jpeg 150w, https:\/\/prefecturadeesmeraldas.gob.ec\/wp-content\/uploads\/2020\/04\/WhatsApp-Image-2020-04-17-at-15.34.44-300x300.jpeg 300w, https:\/\/prefecturadeesmeraldas.gob.ec\/wp-content\/uploads\/2020\/04\/WhatsApp-Image-2020-04-17-at-15.34.44-768x768.jpeg 768w, https:\/\/prefecturadeesmeraldas.gob.ec\/wp-content\/uploads\/2020\/04\/WhatsApp-Image-2020-04-17-at-15.34.44.jpeg 1280w\" sizes=\"(max-width: 1024px) 100vw, 1024px\" \/>\t\t\t\t\t\t\t\t\t\t\t<figcaption class=\"widget-image-caption wp-caption-text\">Firma de un convenio de cooperaci\u00f3n, celebrado entre Roberta Zambrano Ortiz, representante del Gobierno Aut\u00f3nomo Descentralizado de la Provincia y Paolo Calderoni Zerna, Director Distrital del Ministerio de Inclusi\u00f3n Econ\u00f3mica y Social (MIES).<\/figcaption>\n\t\t\t\t\t\t\t\t\t\t<\/figure>\n\t\t\t\t\t\t\t\t\t<\/div>\n\t\t\t\t<\/div>\n\t\t\t\t\t<\/div>\n\t\t<\/div>\n\t\t\t\t\t<\/div>\n\t\t<\/section>\n\t\t\t\t<section class=\"elementor-section elementor-top-section elementor-element elementor-element-d8c97ef elementor-section-boxed elementor-section-height-default elementor-section-height-default\" data-id=\"d8c97ef\" data-element_type=\"section\">\n\t\t\t\t\t\t<div class=\"elementor-container elementor-column-gap-default\">\n\t\t\t\t\t<div class=\"elementor-column elementor-col-100 elementor-top-column elementor-element elementor-element-b7daea5\" data-id=\"b7daea5\" data-element_type=\"column\">\n\t\t\t<div class=\"elementor-widget-wrap elementor-element-populated\">\n\t\t\t\t\t\t<div class=\"elementor-element elementor-element-8613a67 elementor-widget elementor-widget-text-editor\" data-id=\"8613a67\" data-element_type=\"widget\" data-widget_type=\"text-editor.default\">\n\t\t\t\t<div class=\"elementor-widget-container\">\n\t\t\t\t\t\t\t\t\t<p><strong>Veinte mil nuevas raciones alimenticias recibir\u00e1n los esmeralde\u00f1os gracias al aporte de la Prefectura de Esmeraldas<\/strong>. La donaci\u00f3n de estas raciones alimenticias fue realizada, mediante la firma de un convenio de cooperaci\u00f3n, celebrado entre <strong>Roberta Zambrano<\/strong> Ortiz, representante del Gobierno Aut\u00f3nomo Descentralizado de la Provincia y <strong>Paolo Calderoni Zerna<\/strong>, Director Distrital del Ministerio de Inclusi\u00f3n Econ\u00f3mica y Social (MIES de Esmeraldas). Ambas autoridades, son parte de la Mesa T\u00e9cnica n\u00famero 4 para la coordinaci\u00f3n interinstitucional.<\/p><p>La firma del convenio, que valida la donaci\u00f3n de ayudas humanitarias, se oficializ\u00f3 el mi\u00e9rcoles 15 de abril de 2020 en el despacho de la Prefectura. La finalidad, ser\u00e1 la de favorecer a la poblaci\u00f3n afectada por la grave conmoci\u00f3n interna generada a partir de la presencia y propagaci\u00f3n del coronavirus, en base al conocimiento y los estudios de la poblaci\u00f3n que tiene este ministerio, (MIES).<\/p><p><strong>Durante la firma del convenio, Paolo Calderoni, Director Distrital del MIES de Esmeraldas, inform\u00f3 que, hasta la fecha, y gracias a la donaci\u00f3n, son cerca de 26 mil raciones alimenticias las gestionadas, 6 mil de ellas entregadas directamente por el Gobierno Central y las 20 mil restantes por el Gobierno Provincial.<\/strong><\/p><p>En consecuencia, Calderoni hizo un llamado a otros gobiernos seccionales de la provincia, para trabajar de manera conjunta, poniendo como \u00fanica prioridad la entrega de ayudas en base al fortalecimiento del trabajo humanitario. Cit\u00f3 como ejemplo, lo actuado por la Prefectura de Esmeraldas a trav\u00e9s de la reciente donaci\u00f3n.<\/p><p>Agreg\u00f3 mantener conversaciones con el Gobierno Parroquial de Tachina, las alcald\u00edas de Rioverde, Eloy Alfaro, San Loreno, Atacames y Esmeraldas, para aplicar este mismo sistema de trabajo coordinado.<\/p>\t\t\t\t\t\t\t\t<\/div>\n\t\t\t\t<\/div>\n\t\t\t\t\t<\/div>\n\t\t<\/div>\n\t\t\t\t\t<\/div>\n\t\t<\/section>\n\t\t\t\t<\/div>\n\t\t","protected":false},"excerpt":{"rendered":"<p>Firma de un convenio de cooperaci\u00f3n, celebrado entre Roberta Zambrano Ortiz, representante del Gobierno Aut\u00f3nomo Descentralizado de la Provincia y Paolo Calderoni Zerna, Director Distrital del Ministerio de Inclusi\u00f3n Econ\u00f3mica y Social (MIES). Veinte mil nuevas raciones alimenticias recibir\u00e1n los esmeralde\u00f1os gracias al aporte de la Prefectura de Esmeraldas. La donaci\u00f3n de estas raciones alimenticias [&hellip;]<\/p>\n","protected":false},"author":2,"featured_media":4126,"comment_status":"closed","ping_status":"open","sticky":false,"template":"","format":"standard","meta":{"footnotes":""},"categories":[21,3],"tags":[],"class_list":["post-4125","post","type-post","status-publish","format-standard","has-post-thumbnail","hentry","category-emergencia-covid-19","category-institucional"],"yoast_head":"<!-- This site is optimized with the Yoast SEO plugin v25.7 - https:\/\/yoast.com\/wordpress\/plugins\/seo\/ -->\n<title>Prefectura de Esmeraldas dona 20 mil raciones alimenticias al MIES - Gobierno Aut\u00f3nomo Descentralizado de la Provincia de Esmeraldas<\/title>\n<meta name=\"robots\" content=\"index, follow, max-snippet:-1, max-image-preview:large, max-video-preview:-1\" \/>\n<link rel=\"canonical\" href=\"https:\/\/prefecturadeesmeraldas.gob.ec\/index.php\/2020\/04\/17\/prefectura-de-esmeraldas-dona-20-mil-raciones-alimenticias-al-mies\/\" \/>\n<meta property=\"og:locale\" content=\"es_ES\" \/>\n<meta property=\"og:type\" content=\"article\" \/>\n<meta property=\"og:title\" content=\"Prefectura de Esmeraldas dona 20 mil raciones alimenticias al MIES - Gobierno Aut\u00f3nomo Descentralizado de la Provincia de Esmeraldas\" \/>\n<meta property=\"og:description\" content=\"Firma de un convenio de cooperaci\u00f3n, celebrado entre Roberta Zambrano Ortiz, representante del Gobierno Aut\u00f3nomo Descentralizado de la Provincia y Paolo Calderoni Zerna, Director Distrital del Ministerio de Inclusi\u00f3n Econ\u00f3mica y Social (MIES). Veinte mil nuevas raciones alimenticias recibir\u00e1n los esmeralde\u00f1os gracias al aporte de la Prefectura de Esmeraldas. La donaci\u00f3n de estas raciones alimenticias [&hellip;]\" \/>\n<meta property=\"og:url\" content=\"https:\/\/prefecturadeesmeraldas.gob.ec\/index.php\/2020\/04\/17\/prefectura-de-esmeraldas-dona-20-mil-raciones-alimenticias-al-mies\/\" \/>\n<meta property=\"og:site_name\" content=\"Gobierno Aut\u00f3nomo Descentralizado de la Provincia de Esmeraldas\" \/>\n<meta property=\"article:publisher\" content=\"https:\/\/www.facebook.com\/PrefecturaEsmeraldas\/\" \/>\n<meta property=\"article:published_time\" content=\"2020-04-17T20:40:41+00:00\" \/>\n<meta property=\"article:modified_time\" content=\"2020-04-17T20:40:55+00:00\" \/>\n<meta property=\"og:image\" content=\"https:\/\/prefecturadeesmeraldas.gob.ec\/wp-content\/uploads\/2020\/04\/WhatsApp-Image-2020-04-17-at-15.34.44.jpeg\" \/>\n\t<meta property=\"og:image:width\" content=\"1280\" \/>\n\t<meta property=\"og:image:height\" content=\"1280\" \/>\n\t<meta property=\"og:image:type\" content=\"image\/jpeg\" \/>\n<meta name=\"author\" content=\"Direcci\u00f3n de Comunicaci\u00f3n\" \/>\n<meta name=\"twitter:card\" content=\"summary_large_image\" \/>\n<meta name=\"twitter:label1\" content=\"Escrito por\" \/>\n\t<meta name=\"twitter:data1\" content=\"Direcci\u00f3n de Comunicaci\u00f3n\" \/>\n\t<meta name=\"twitter:label2\" content=\"Tiempo de lectura\" \/>\n\t<meta name=\"twitter:data2\" content=\"2 minutos\" \/>\n<script type=\"application\/ld+json\" class=\"yoast-schema-graph\">{\"@context\":\"https:\/\/schema.org\",\"@graph\":[{\"@type\":\"Article\",\"@id\":\"https:\/\/prefecturadeesmeraldas.gob.ec\/index.php\/2020\/04\/17\/prefectura-de-esmeraldas-dona-20-mil-raciones-alimenticias-al-mies\/#article\",\"isPartOf\":{\"@id\":\"https:\/\/prefecturadeesmeraldas.gob.ec\/index.php\/2020\/04\/17\/prefectura-de-esmeraldas-dona-20-mil-raciones-alimenticias-al-mies\/\"},\"author\":{\"name\":\"Direcci\u00f3n de Comunicaci\u00f3n\",\"@id\":\"https:\/\/prefecturadeesmeraldas.gob.ec\/#\/schema\/person\/b0c9e7b1ead7725994d1e319e8825234\"},\"headline\":\"Prefectura de Esmeraldas dona 20 mil raciones alimenticias al MIES\",\"datePublished\":\"2020-04-17T20:40:41+00:00\",\"dateModified\":\"2020-04-17T20:40:55+00:00\",\"mainEntityOfPage\":{\"@id\":\"https:\/\/prefecturadeesmeraldas.gob.ec\/index.php\/2020\/04\/17\/prefectura-de-esmeraldas-dona-20-mil-raciones-alimenticias-al-mies\/\"},\"wordCount\":329,\"publisher\":{\"@id\":\"https:\/\/prefecturadeesmeraldas.gob.ec\/#organization\"},\"image\":{\"@id\":\"https:\/\/prefecturadeesmeraldas.gob.ec\/index.php\/2020\/04\/17\/prefectura-de-esmeraldas-dona-20-mil-raciones-alimenticias-al-mies\/#primaryimage\"},\"thumbnailUrl\":\"https:\/\/prefecturadeesmeraldas.gob.ec\/wp-content\/uploads\/2020\/04\/WhatsApp-Image-2020-04-17-at-15.34.44.jpeg\",\"articleSection\":[\"Emergencia Covid-19\",\"Institucional\"],\"inLanguage\":\"es\"},{\"@type\":\"WebPage\",\"@id\":\"https:\/\/prefecturadeesmeraldas.gob.ec\/index.php\/2020\/04\/17\/prefectura-de-esmeraldas-dona-20-mil-raciones-alimenticias-al-mies\/\",\"url\":\"https:\/\/prefecturadeesmeraldas.gob.ec\/index.php\/2020\/04\/17\/prefectura-de-esmeraldas-dona-20-mil-raciones-alimenticias-al-mies\/\",\"name\":\"Prefectura de Esmeraldas dona 20 mil raciones alimenticias al MIES - Gobierno Aut\u00f3nomo Descentralizado de la Provincia de Esmeraldas\",\"isPartOf\":{\"@id\":\"https:\/\/prefecturadeesmeraldas.gob.ec\/#website\"},\"primaryImageOfPage\":{\"@id\":\"https:\/\/prefecturadeesmeraldas.gob.ec\/index.php\/2020\/04\/17\/prefectura-de-esmeraldas-dona-20-mil-raciones-alimenticias-al-mies\/#primaryimage\"},\"image\":{\"@id\":\"https:\/\/prefecturadeesmeraldas.gob.ec\/index.php\/2020\/04\/17\/prefectura-de-esmeraldas-dona-20-mil-raciones-alimenticias-al-mies\/#primaryimage\"},\"thumbnailUrl\":\"https:\/\/prefecturadeesmeraldas.gob.ec\/wp-content\/uploads\/2020\/04\/WhatsApp-Image-2020-04-17-at-15.34.44.jpeg\",\"datePublished\":\"2020-04-17T20:40:41+00:00\",\"dateModified\":\"2020-04-17T20:40:55+00:00\",\"breadcrumb\":{\"@id\":\"https:\/\/prefecturadeesmeraldas.gob.ec\/index.php\/2020\/04\/17\/prefectura-de-esmeraldas-dona-20-mil-raciones-alimenticias-al-mies\/#breadcrumb\"},\"inLanguage\":\"es\",\"potentialAction\":[{\"@type\":\"ReadAction\",\"target\":[\"https:\/\/prefecturadeesmeraldas.gob.ec\/index.php\/2020\/04\/17\/prefectura-de-esmeraldas-dona-20-mil-raciones-alimenticias-al-mies\/\"]}]},{\"@type\":\"ImageObject\",\"inLanguage\":\"es\",\"@id\":\"https:\/\/prefecturadeesmeraldas.gob.ec\/index.php\/2020\/04\/17\/prefectura-de-esmeraldas-dona-20-mil-raciones-alimenticias-al-mies\/#primaryimage\",\"url\":\"https:\/\/prefecturadeesmeraldas.gob.ec\/wp-content\/uploads\/2020\/04\/WhatsApp-Image-2020-04-17-at-15.34.44.jpeg\",\"contentUrl\":\"https:\/\/prefecturadeesmeraldas.gob.ec\/wp-content\/uploads\/2020\/04\/WhatsApp-Image-2020-04-17-at-15.34.44.jpeg\",\"width\":1280,\"height\":1280},{\"@type\":\"BreadcrumbList\",\"@id\":\"https:\/\/prefecturadeesmeraldas.gob.ec\/index.php\/2020\/04\/17\/prefectura-de-esmeraldas-dona-20-mil-raciones-alimenticias-al-mies\/#breadcrumb\",\"itemListElement\":[{\"@type\":\"ListItem\",\"position\":1,\"name\":\"Home\",\"item\":\"https:\/\/prefecturadeesmeraldas.gob.ec\/\"},{\"@type\":\"ListItem\",\"position\":2,\"name\":\"Prefectura de Esmeraldas dona 20 mil raciones alimenticias al MIES\"}]},{\"@type\":\"WebSite\",\"@id\":\"https:\/\/prefecturadeesmeraldas.gob.ec\/#website\",\"url\":\"https:\/\/prefecturadeesmeraldas.gob.ec\/\",\"name\":\"Gobierno Aut\u00f3nomo Descentralizado de la Provincia de Esmeraldas\",\"description\":\"Gobierno Aut\u00f3nomo Descentralizado de la Provincia de Esmeraldas\",\"publisher\":{\"@id\":\"https:\/\/prefecturadeesmeraldas.gob.ec\/#organization\"},\"potentialAction\":[{\"@type\":\"SearchAction\",\"target\":{\"@type\":\"EntryPoint\",\"urlTemplate\":\"https:\/\/prefecturadeesmeraldas.gob.ec\/?s={search_term_string}\"},\"query-input\":{\"@type\":\"PropertyValueSpecification\",\"valueRequired\":true,\"valueName\":\"search_term_string\"}}],\"inLanguage\":\"es\"},{\"@type\":\"Organization\",\"@id\":\"https:\/\/prefecturadeesmeraldas.gob.ec\/#organization\",\"name\":\"Gobierno Aut\u00f3nomo Descentralizado de la Provincia de Esmeraldas\",\"url\":\"https:\/\/prefecturadeesmeraldas.gob.ec\/\",\"logo\":{\"@type\":\"ImageObject\",\"inLanguage\":\"es\",\"@id\":\"https:\/\/prefecturadeesmeraldas.gob.ec\/#\/schema\/logo\/image\/\",\"url\":\"https:\/\/prefecturadeesmeraldas.gob.ec\/wp-content\/uploads\/2019\/06\/logo.png\",\"contentUrl\":\"https:\/\/prefecturadeesmeraldas.gob.ec\/wp-content\/uploads\/2019\/06\/logo.png\",\"width\":859,\"height\":448,\"caption\":\"Gobierno Aut\u00f3nomo Descentralizado de la Provincia de Esmeraldas\"},\"image\":{\"@id\":\"https:\/\/prefecturadeesmeraldas.gob.ec\/#\/schema\/logo\/image\/\"},\"sameAs\":[\"https:\/\/www.facebook.com\/PrefecturaEsmeraldas\/\"]},{\"@type\":\"Person\",\"@id\":\"https:\/\/prefecturadeesmeraldas.gob.ec\/#\/schema\/person\/b0c9e7b1ead7725994d1e319e8825234\",\"name\":\"Direcci\u00f3n de Comunicaci\u00f3n\",\"image\":{\"@type\":\"ImageObject\",\"inLanguage\":\"es\",\"@id\":\"https:\/\/prefecturadeesmeraldas.gob.ec\/#\/schema\/person\/image\/\",\"url\":\"https:\/\/secure.gravatar.com\/avatar\/74a3870a946f5d774ade3569af61a72308e07ad3346f370c4b468ee2a9858658?s=96&d=mm&r=g\",\"contentUrl\":\"https:\/\/secure.gravatar.com\/avatar\/74a3870a946f5d774ade3569af61a72308e07ad3346f370c4b468ee2a9858658?s=96&d=mm&r=g\",\"caption\":\"Direcci\u00f3n de Comunicaci\u00f3n\"}}]}<\/script>\n<!-- \/ Yoast SEO plugin. -->","yoast_head_json":{"title":"Prefectura de Esmeraldas dona 20 mil raciones alimenticias al MIES - Gobierno Aut\u00f3nomo Descentralizado de la Provincia de Esmeraldas","robots":{"index":"index","follow":"follow","max-snippet":"max-snippet:-1","max-image-preview":"max-image-preview:large","max-video-preview":"max-video-preview:-1"},"canonical":"https:\/\/prefecturadeesmeraldas.gob.ec\/index.php\/2020\/04\/17\/prefectura-de-esmeraldas-dona-20-mil-raciones-alimenticias-al-mies\/","og_locale":"es_ES","og_type":"article","og_title":"Prefectura de Esmeraldas dona 20 mil raciones alimenticias al MIES - Gobierno Aut\u00f3nomo Descentralizado de la Provincia de Esmeraldas","og_description":"Firma de un convenio de cooperaci\u00f3n, celebrado entre Roberta Zambrano Ortiz, representante del Gobierno Aut\u00f3nomo Descentralizado de la Provincia y Paolo Calderoni Zerna, Director Distrital del Ministerio de Inclusi\u00f3n Econ\u00f3mica y Social (MIES). Veinte mil nuevas raciones alimenticias recibir\u00e1n los esmeralde\u00f1os gracias al aporte de la Prefectura de Esmeraldas. La donaci\u00f3n de estas raciones alimenticias [&hellip;]","og_url":"https:\/\/prefecturadeesmeraldas.gob.ec\/index.php\/2020\/04\/17\/prefectura-de-esmeraldas-dona-20-mil-raciones-alimenticias-al-mies\/","og_site_name":"Gobierno Aut\u00f3nomo Descentralizado de la Provincia de Esmeraldas","article_publisher":"https:\/\/www.facebook.com\/PrefecturaEsmeraldas\/","article_published_time":"2020-04-17T20:40:41+00:00","article_modified_time":"2020-04-17T20:40:55+00:00","og_image":[{"width":1280,"height":1280,"url":"https:\/\/prefecturadeesmeraldas.gob.ec\/wp-content\/uploads\/2020\/04\/WhatsApp-Image-2020-04-17-at-15.34.44.jpeg","type":"image\/jpeg"}],"author":"Direcci\u00f3n de Comunicaci\u00f3n","twitter_card":"summary_large_image","twitter_misc":{"Escrito por":"Direcci\u00f3n de Comunicaci\u00f3n","Tiempo de lectura":"2 minutos"},"schema":{"@context":"https:\/\/schema.org","@graph":[{"@type":"Article","@id":"https:\/\/prefecturadeesmeraldas.gob.ec\/index.php\/2020\/04\/17\/prefectura-de-esmeraldas-dona-20-mil-raciones-alimenticias-al-mies\/#article","isPartOf":{"@id":"https:\/\/prefecturadeesmeraldas.gob.ec\/index.php\/2020\/04\/17\/prefectura-de-esmeraldas-dona-20-mil-raciones-alimenticias-al-mies\/"},"author":{"name":"Direcci\u00f3n de Comunicaci\u00f3n","@id":"https:\/\/prefecturadeesmeraldas.gob.ec\/#\/schema\/person\/b0c9e7b1ead7725994d1e319e8825234"},"headline":"Prefectura de Esmeraldas dona 20 mil raciones alimenticias al MIES","datePublished":"2020-04-17T20:40:41+00:00","dateModified":"2020-04-17T20:40:55+00:00","mainEntityOfPage":{"@id":"https:\/\/prefecturadeesmeraldas.gob.ec\/index.php\/2020\/04\/17\/prefectura-de-esmeraldas-dona-20-mil-raciones-alimenticias-al-mies\/"},"wordCount":329,"publisher":{"@id":"https:\/\/prefecturadeesmeraldas.gob.ec\/#organization"},"image":{"@id":"https:\/\/prefecturadeesmeraldas.gob.ec\/index.php\/2020\/04\/17\/prefectura-de-esmeraldas-dona-20-mil-raciones-alimenticias-al-mies\/#primaryimage"},"thumbnailUrl":"https:\/\/prefecturadeesmeraldas.gob.ec\/wp-content\/uploads\/2020\/04\/WhatsApp-Image-2020-04-17-at-15.34.44.jpeg","articleSection":["Emergencia Covid-19","Institucional"],"inLanguage":"es"},{"@type":"WebPage","@id":"https:\/\/prefecturadeesmeraldas.gob.ec\/index.php\/2020\/04\/17\/prefectura-de-esmeraldas-dona-20-mil-raciones-alimenticias-al-mies\/","url":"https:\/\/prefecturadeesmeraldas.gob.ec\/index.php\/2020\/04\/17\/prefectura-de-esmeraldas-dona-20-mil-raciones-alimenticias-al-mies\/","name":"Prefectura de Esmeraldas dona 20 mil raciones alimenticias al MIES - Gobierno Aut\u00f3nomo Descentralizado de la Provincia de Esmeraldas","isPartOf":{"@id":"https:\/\/prefecturadeesmeraldas.gob.ec\/#website"},"primaryImageOfPage":{"@id":"https:\/\/prefecturadeesmeraldas.gob.ec\/index.php\/2020\/04\/17\/prefectura-de-esmeraldas-dona-20-mil-raciones-alimenticias-al-mies\/#primaryimage"},"image":{"@id":"https:\/\/prefecturadeesmeraldas.gob.ec\/index.php\/2020\/04\/17\/prefectura-de-esmeraldas-dona-20-mil-raciones-alimenticias-al-mies\/#primaryimage"},"thumbnailUrl":"https:\/\/prefecturadeesmeraldas.gob.ec\/wp-content\/uploads\/2020\/04\/WhatsApp-Image-2020-04-17-at-15.34.44.jpeg","datePublished":"2020-04-17T20:40:41+00:00","dateModified":"2020-04-17T20:40:55+00:00","breadcrumb":{"@id":"https:\/\/prefecturadeesmeraldas.gob.ec\/index.php\/2020\/04\/17\/prefectura-de-esmeraldas-dona-20-mil-raciones-alimenticias-al-mies\/#breadcrumb"},"inLanguage":"es","potentialAction":[{"@type":"ReadAction","target":["https:\/\/prefecturadeesmeraldas.gob.ec\/index.php\/2020\/04\/17\/prefectura-de-esmeraldas-dona-20-mil-raciones-alimenticias-al-mies\/"]}]},{"@type":"ImageObject","inLanguage":"es","@id":"https:\/\/prefecturadeesmeraldas.gob.ec\/index.php\/2020\/04\/17\/prefectura-de-esmeraldas-dona-20-mil-raciones-alimenticias-al-mies\/#primaryimage","url":"https:\/\/prefecturadeesmeraldas.gob.ec\/wp-content\/uploads\/2020\/04\/WhatsApp-Image-2020-04-17-at-15.34.44.jpeg","contentUrl":"https:\/\/prefecturadeesmeraldas.gob.ec\/wp-content\/uploads\/2020\/04\/WhatsApp-Image-2020-04-17-at-15.34.44.jpeg","width":1280,"height":1280},{"@type":"BreadcrumbList","@id":"https:\/\/prefecturadeesmeraldas.gob.ec\/index.php\/2020\/04\/17\/prefectura-de-esmeraldas-dona-20-mil-raciones-alimenticias-al-mies\/#breadcrumb","itemListElement":[{"@type":"ListItem","position":1,"name":"Home","item":"https:\/\/prefecturadeesmeraldas.gob.ec\/"},{"@type":"ListItem","position":2,"name":"Prefectura de Esmeraldas dona 20 mil raciones alimenticias al MIES"}]},{"@type":"WebSite","@id":"https:\/\/prefecturadeesmeraldas.gob.ec\/#website","url":"https:\/\/prefecturadeesmeraldas.gob.ec\/","name":"Gobierno Aut\u00f3nomo Descentralizado de la Provincia de Esmeraldas","description":"Gobierno Aut\u00f3nomo Descentralizado de la Provincia de Esmeraldas","publisher":{"@id":"https:\/\/prefecturadeesmeraldas.gob.ec\/#organization"},"potentialAction":[{"@type":"SearchAction","target":{"@type":"EntryPoint","urlTemplate":"https:\/\/prefecturadeesmeraldas.gob.ec\/?s={search_term_string}"},"query-input":{"@type":"PropertyValueSpecification","valueRequired":true,"valueName":"search_term_string"}}],"inLanguage":"es"},{"@type":"Organization","@id":"https:\/\/prefecturadeesmeraldas.gob.ec\/#organization","name":"Gobierno Aut\u00f3nomo Descentralizado de la Provincia de Esmeraldas","url":"https:\/\/prefecturadeesmeraldas.gob.ec\/","logo":{"@type":"ImageObject","inLanguage":"es","@id":"https:\/\/prefecturadeesmeraldas.gob.ec\/#\/schema\/logo\/image\/","url":"https:\/\/prefecturadeesmeraldas.gob.ec\/wp-content\/uploads\/2019\/06\/logo.png","contentUrl":"https:\/\/prefecturadeesmeraldas.gob.ec\/wp-content\/uploads\/2019\/06\/logo.png","width":859,"height":448,"caption":"Gobierno Aut\u00f3nomo Descentralizado de la Provincia de Esmeraldas"},"image":{"@id":"https:\/\/prefecturadeesmeraldas.gob.ec\/#\/schema\/logo\/image\/"},"sameAs":["https:\/\/www.facebook.com\/PrefecturaEsmeraldas\/"]},{"@type":"Person","@id":"https:\/\/prefecturadeesmeraldas.gob.ec\/#\/schema\/person\/b0c9e7b1ead7725994d1e319e8825234","name":"Direcci\u00f3n de Comunicaci\u00f3n","image":{"@type":"ImageObject","inLanguage":"es","@id":"https:\/\/prefecturadeesmeraldas.gob.ec\/#\/schema\/person\/image\/","url":"https:\/\/secure.gravatar.com\/avatar\/74a3870a946f5d774ade3569af61a72308e07ad3346f370c4b468ee2a9858658?s=96&d=mm&r=g","contentUrl":"https:\/\/secure.gravatar.com\/avatar\/74a3870a946f5d774ade3569af61a72308e07ad3346f370c4b468ee2a9858658?s=96&d=mm&r=g","caption":"Direcci\u00f3n de Comunicaci\u00f3n"}}]}},"_links":{"self":[{"href":"https:\/\/prefecturadeesmeraldas.gob.ec\/index.php\/wp-json\/wp\/v2\/posts\/4125","targetHints":{"allow":["GET"]}}],"collection":[{"href":"https:\/\/prefecturadeesmeraldas.gob.ec\/index.php\/wp-json\/wp\/v2\/posts"}],"about":[{"href":"https:\/\/prefecturadeesmeraldas.gob.ec\/index.php\/wp-json\/wp\/v2\/types\/post"}],"author":[{"embeddable":true,"href":"https:\/\/prefecturadeesmeraldas.gob.ec\/index.php\/wp-json\/wp\/v2\/users\/2"}],"replies":[{"embeddable":true,"href":"https:\/\/prefecturadeesmeraldas.gob.ec\/index.php\/wp-json\/wp\/v2\/comments?post=4125"}],"version-history":[{"count":0,"href":"https:\/\/prefecturadeesmeraldas.gob.ec\/index.php\/wp-json\/wp\/v2\/posts\/4125\/revisions"}],"wp:featuredmedia":[{"embeddable":true,"href":"https:\/\/prefecturadeesmeraldas.gob.ec\/index.php\/wp-json\/wp\/v2\/media\/4126"}],"wp:attachment":[{"href":"https:\/\/prefecturadeesmeraldas.gob.ec\/index.php\/wp-json\/wp\/v2\/media?parent=4125"}],"wp:term":[{"taxonomy":"category","embeddable":true,"href":"https:\/\/prefecturadeesmeraldas.gob.ec\/index.php\/wp-json\/wp\/v2\/categories?post=4125"},{"taxonomy":"post_tag","embeddable":true,"href":"https:\/\/prefecturadeesmeraldas.gob.ec\/index.php\/wp-json\/wp\/v2\/tags?post=4125"}],"curies":[{"name":"wp","href":"https:\/\/api.w.org\/{rel}","templated":true}]}}