{"id":4047,"date":"2020-04-10T10:12:34","date_gmt":"2020-04-10T15:12:34","guid":{"rendered":"http:\/\/prefecturadeesmeraldas.gob.ec\/?p=4047"},"modified":"2020-04-10T10:12:49","modified_gmt":"2020-04-10T15:12:49","slug":"contratistas-y-fiscalizadores-solicitaron-paralizacion-de-trabajos-debido-a-la-emergencia-sanitaria","status":"publish","type":"post","link":"https:\/\/prefecturadeesmeraldas.gob.ec\/index.php\/2020\/04\/10\/contratistas-y-fiscalizadores-solicitaron-paralizacion-de-trabajos-debido-a-la-emergencia-sanitaria\/","title":{"rendered":"Contratistas y fiscalizadores solicitaron paralizaci\u00f3n de trabajos debido a la emergencia sanitaria"},"content":{"rendered":"\t\t<div data-elementor-type=\"wp-post\" data-elementor-id=\"4047\" class=\"elementor elementor-4047\">\n\t\t\t\t\t\t<section class=\"elementor-section elementor-top-section elementor-element elementor-element-390f86c elementor-section-boxed elementor-section-height-default elementor-section-height-default\" data-id=\"390f86c\" data-element_type=\"section\">\n\t\t\t\t\t\t<div class=\"elementor-container elementor-column-gap-default\">\n\t\t\t\t\t<div class=\"elementor-column elementor-col-100 elementor-top-column elementor-element elementor-element-8b4aabe\" data-id=\"8b4aabe\" data-element_type=\"column\">\n\t\t\t<div class=\"elementor-widget-wrap elementor-element-populated\">\n\t\t\t\t\t\t<div class=\"elementor-element elementor-element-e243a4a elementor-widget elementor-widget-image\" data-id=\"e243a4a\" data-element_type=\"widget\" data-widget_type=\"image.default\">\n\t\t\t\t<div class=\"elementor-widget-container\">\n\t\t\t\t\t\t\t\t\t\t\t\t\t\t\t<img fetchpriority=\"high\" decoding=\"async\" width=\"900\" height=\"661\" src=\"https:\/\/prefecturadeesmeraldas.gob.ec\/wp-content\/uploads\/2020\/04\/WhatsApp-Image-2020-04-09-at-09.58.49.jpeg\" class=\"attachment-large size-large wp-image-4048\" alt=\"\" srcset=\"https:\/\/prefecturadeesmeraldas.gob.ec\/wp-content\/uploads\/2020\/04\/WhatsApp-Image-2020-04-09-at-09.58.49.jpeg 900w, https:\/\/prefecturadeesmeraldas.gob.ec\/wp-content\/uploads\/2020\/04\/WhatsApp-Image-2020-04-09-at-09.58.49-300x220.jpeg 300w, https:\/\/prefecturadeesmeraldas.gob.ec\/wp-content\/uploads\/2020\/04\/WhatsApp-Image-2020-04-09-at-09.58.49-768x564.jpeg 768w\" sizes=\"(max-width: 900px) 100vw, 900px\" \/>\t\t\t\t\t\t\t\t\t\t\t\t\t\t\t<\/div>\n\t\t\t\t<\/div>\n\t\t\t\t\t<\/div>\n\t\t<\/div>\n\t\t\t\t\t<\/div>\n\t\t<\/section>\n\t\t\t\t<section class=\"elementor-section elementor-top-section elementor-element elementor-element-f1e78dc elementor-section-boxed elementor-section-height-default elementor-section-height-default\" data-id=\"f1e78dc\" data-element_type=\"section\">\n\t\t\t\t\t\t<div class=\"elementor-container elementor-column-gap-default\">\n\t\t\t\t\t<div class=\"elementor-column elementor-col-100 elementor-top-column elementor-element elementor-element-c19caf6\" data-id=\"c19caf6\" data-element_type=\"column\">\n\t\t\t<div class=\"elementor-widget-wrap elementor-element-populated\">\n\t\t\t\t\t\t<div class=\"elementor-element elementor-element-76da068 elementor-widget elementor-widget-text-editor\" data-id=\"76da068\" data-element_type=\"widget\" data-widget_type=\"text-editor.default\">\n\t\t\t\t<div class=\"elementor-widget-container\">\n\t\t\t\t\t\t\t\t\t<p>Acogi\u00e9ndose al Decreto de Emergencia Nacional, contratistas solicitaron la paralizaci\u00f3n moment\u00e1nea de algunas obras, debido a la alerta sanitaria emitida por el Gobierno, en estricto acato a los reglamentos constitucionales emitidos desde el pasado 17 de marzo para todo el territorio ecuatoriano, como parte de las acciones puestas en marcha para controlar la propagaci\u00f3n del nuevo coronavirus (COVID19).<\/p><p><strong>Sin embargo, esta medida no es de car\u00e1cter general, ya que seg\u00fan informaci\u00f3n proporcionada por la Direcci\u00f3n de Fiscalizaci\u00f3n de la Prefectura de Esmeraldas, en algunos casos, existieron contratistas de consultor\u00edas que previo a la emergencia<\/strong>, lograron recopilar datos referentes a los proyectos bajo su responsabilidad, raz\u00f3n por la cual han optado por completar los trabajos\u00a0 de an\u00e1lisis, c\u00e1lculo e investigaci\u00f3n, con el compromiso de realizar la entrega sin contratiempos, del primer producto, o alternativas de los estudios viales pactados.<\/p><p>Tambi\u00e9n se especific\u00f3, que aquellos consultores que no lograron recopilar los datos necesarios para continuar con las consultor\u00edas respectivas, justificaron el pedido de paralizaci\u00f3n en base a las medidas de restricci\u00f3n a la movilidad dictadas por el Comit\u00e9 de Operaciones Emergentes a nivel nacional, y a su vez, al no contar con la disponibilidad para poder obtener los materiales e insumos de construcci\u00f3n, as\u00ed como la provisi\u00f3n de alimentos para el personal t\u00e9cnico y obrero encargado de la obra.<\/p><p>Finalmente, a esta solicitud se suma la dificultad mostrada por comunidades que impiden el acceso a los sitios donde se ejecutan obras, por temor y creencia de que tal vez el personal humano que labora, pueda transportar el virus. <\/p>\t\t\t\t\t\t\t\t<\/div>\n\t\t\t\t<\/div>\n\t\t\t\t\t<\/div>\n\t\t<\/div>\n\t\t\t\t\t<\/div>\n\t\t<\/section>\n\t\t\t\t<\/div>\n\t\t","protected":false},"excerpt":{"rendered":"<p>Acogi\u00e9ndose al Decreto de Emergencia Nacional, contratistas solicitaron la paralizaci\u00f3n moment\u00e1nea de algunas obras, debido a la alerta sanitaria emitida por el Gobierno, en estricto acato a los reglamentos constitucionales emitidos desde el pasado 17 de marzo para todo el territorio ecuatoriano, como parte de las acciones puestas en marcha para controlar la propagaci\u00f3n del [&hellip;]<\/p>\n","protected":false},"author":2,"featured_media":4048,"comment_status":"closed","ping_status":"open","sticky":false,"template":"","format":"standard","meta":{"footnotes":""},"categories":[14],"tags":[],"class_list":["post-4047","post","type-post","status-publish","format-standard","has-post-thumbnail","hentry","category-vialidad"],"yoast_head":"<!-- This site is optimized with the Yoast SEO plugin v25.7 - https:\/\/yoast.com\/wordpress\/plugins\/seo\/ -->\n<title>Contratistas y fiscalizadores solicitaron paralizaci\u00f3n de trabajos debido a la emergencia sanitaria - Gobierno Aut\u00f3nomo Descentralizado de la Provincia de Esmeraldas<\/title>\n<meta name=\"robots\" content=\"index, follow, max-snippet:-1, max-image-preview:large, max-video-preview:-1\" \/>\n<link rel=\"canonical\" href=\"https:\/\/prefecturadeesmeraldas.gob.ec\/index.php\/2020\/04\/10\/contratistas-y-fiscalizadores-solicitaron-paralizacion-de-trabajos-debido-a-la-emergencia-sanitaria\/\" \/>\n<meta property=\"og:locale\" content=\"es_ES\" \/>\n<meta property=\"og:type\" content=\"article\" \/>\n<meta property=\"og:title\" content=\"Contratistas y fiscalizadores solicitaron paralizaci\u00f3n de trabajos debido a la emergencia sanitaria - Gobierno Aut\u00f3nomo Descentralizado de la Provincia de Esmeraldas\" \/>\n<meta property=\"og:description\" content=\"Acogi\u00e9ndose al Decreto de Emergencia Nacional, contratistas solicitaron la paralizaci\u00f3n moment\u00e1nea de algunas obras, debido a la alerta sanitaria emitida por el Gobierno, en estricto acato a los reglamentos constitucionales emitidos desde el pasado 17 de marzo para todo el territorio ecuatoriano, como parte de las acciones puestas en marcha para controlar la propagaci\u00f3n del [&hellip;]\" \/>\n<meta property=\"og:url\" content=\"https:\/\/prefecturadeesmeraldas.gob.ec\/index.php\/2020\/04\/10\/contratistas-y-fiscalizadores-solicitaron-paralizacion-de-trabajos-debido-a-la-emergencia-sanitaria\/\" \/>\n<meta property=\"og:site_name\" content=\"Gobierno Aut\u00f3nomo Descentralizado de la Provincia de Esmeraldas\" \/>\n<meta property=\"article:publisher\" content=\"https:\/\/www.facebook.com\/PrefecturaEsmeraldas\/\" \/>\n<meta property=\"article:published_time\" content=\"2020-04-10T15:12:34+00:00\" \/>\n<meta property=\"article:modified_time\" content=\"2020-04-10T15:12:49+00:00\" \/>\n<meta property=\"og:image\" content=\"https:\/\/prefecturadeesmeraldas.gob.ec\/wp-content\/uploads\/2020\/04\/WhatsApp-Image-2020-04-09-at-09.58.49.jpeg\" \/>\n\t<meta property=\"og:image:width\" content=\"900\" \/>\n\t<meta property=\"og:image:height\" content=\"661\" \/>\n\t<meta property=\"og:image:type\" content=\"image\/jpeg\" \/>\n<meta name=\"author\" content=\"Direcci\u00f3n de Comunicaci\u00f3n\" \/>\n<meta name=\"twitter:card\" content=\"summary_large_image\" \/>\n<meta name=\"twitter:label1\" content=\"Escrito por\" \/>\n\t<meta name=\"twitter:data1\" content=\"Direcci\u00f3n de Comunicaci\u00f3n\" \/>\n\t<meta name=\"twitter:label2\" content=\"Tiempo de lectura\" \/>\n\t<meta name=\"twitter:data2\" content=\"1 minuto\" \/>\n<script type=\"application\/ld+json\" class=\"yoast-schema-graph\">{\"@context\":\"https:\/\/schema.org\",\"@graph\":[{\"@type\":\"Article\",\"@id\":\"https:\/\/prefecturadeesmeraldas.gob.ec\/index.php\/2020\/04\/10\/contratistas-y-fiscalizadores-solicitaron-paralizacion-de-trabajos-debido-a-la-emergencia-sanitaria\/#article\",\"isPartOf\":{\"@id\":\"https:\/\/prefecturadeesmeraldas.gob.ec\/index.php\/2020\/04\/10\/contratistas-y-fiscalizadores-solicitaron-paralizacion-de-trabajos-debido-a-la-emergencia-sanitaria\/\"},\"author\":{\"name\":\"Direcci\u00f3n de Comunicaci\u00f3n\",\"@id\":\"https:\/\/prefecturadeesmeraldas.gob.ec\/#\/schema\/person\/b0c9e7b1ead7725994d1e319e8825234\"},\"headline\":\"Contratistas y fiscalizadores solicitaron paralizaci\u00f3n de trabajos debido a la emergencia sanitaria\",\"datePublished\":\"2020-04-10T15:12:34+00:00\",\"dateModified\":\"2020-04-10T15:12:49+00:00\",\"mainEntityOfPage\":{\"@id\":\"https:\/\/prefecturadeesmeraldas.gob.ec\/index.php\/2020\/04\/10\/contratistas-y-fiscalizadores-solicitaron-paralizacion-de-trabajos-debido-a-la-emergencia-sanitaria\/\"},\"wordCount\":289,\"publisher\":{\"@id\":\"https:\/\/prefecturadeesmeraldas.gob.ec\/#organization\"},\"image\":{\"@id\":\"https:\/\/prefecturadeesmeraldas.gob.ec\/index.php\/2020\/04\/10\/contratistas-y-fiscalizadores-solicitaron-paralizacion-de-trabajos-debido-a-la-emergencia-sanitaria\/#primaryimage\"},\"thumbnailUrl\":\"https:\/\/prefecturadeesmeraldas.gob.ec\/wp-content\/uploads\/2020\/04\/WhatsApp-Image-2020-04-09-at-09.58.49.jpeg\",\"articleSection\":[\"Vialidad\"],\"inLanguage\":\"es\"},{\"@type\":\"WebPage\",\"@id\":\"https:\/\/prefecturadeesmeraldas.gob.ec\/index.php\/2020\/04\/10\/contratistas-y-fiscalizadores-solicitaron-paralizacion-de-trabajos-debido-a-la-emergencia-sanitaria\/\",\"url\":\"https:\/\/prefecturadeesmeraldas.gob.ec\/index.php\/2020\/04\/10\/contratistas-y-fiscalizadores-solicitaron-paralizacion-de-trabajos-debido-a-la-emergencia-sanitaria\/\",\"name\":\"Contratistas y fiscalizadores solicitaron paralizaci\u00f3n de trabajos debido a la emergencia sanitaria - Gobierno Aut\u00f3nomo Descentralizado de la Provincia de Esmeraldas\",\"isPartOf\":{\"@id\":\"https:\/\/prefecturadeesmeraldas.gob.ec\/#website\"},\"primaryImageOfPage\":{\"@id\":\"https:\/\/prefecturadeesmeraldas.gob.ec\/index.php\/2020\/04\/10\/contratistas-y-fiscalizadores-solicitaron-paralizacion-de-trabajos-debido-a-la-emergencia-sanitaria\/#primaryimage\"},\"image\":{\"@id\":\"https:\/\/prefecturadeesmeraldas.gob.ec\/index.php\/2020\/04\/10\/contratistas-y-fiscalizadores-solicitaron-paralizacion-de-trabajos-debido-a-la-emergencia-sanitaria\/#primaryimage\"},\"thumbnailUrl\":\"https:\/\/prefecturadeesmeraldas.gob.ec\/wp-content\/uploads\/2020\/04\/WhatsApp-Image-2020-04-09-at-09.58.49.jpeg\",\"datePublished\":\"2020-04-10T15:12:34+00:00\",\"dateModified\":\"2020-04-10T15:12:49+00:00\",\"breadcrumb\":{\"@id\":\"https:\/\/prefecturadeesmeraldas.gob.ec\/index.php\/2020\/04\/10\/contratistas-y-fiscalizadores-solicitaron-paralizacion-de-trabajos-debido-a-la-emergencia-sanitaria\/#breadcrumb\"},\"inLanguage\":\"es\",\"potentialAction\":[{\"@type\":\"ReadAction\",\"target\":[\"https:\/\/prefecturadeesmeraldas.gob.ec\/index.php\/2020\/04\/10\/contratistas-y-fiscalizadores-solicitaron-paralizacion-de-trabajos-debido-a-la-emergencia-sanitaria\/\"]}]},{\"@type\":\"ImageObject\",\"inLanguage\":\"es\",\"@id\":\"https:\/\/prefecturadeesmeraldas.gob.ec\/index.php\/2020\/04\/10\/contratistas-y-fiscalizadores-solicitaron-paralizacion-de-trabajos-debido-a-la-emergencia-sanitaria\/#primaryimage\",\"url\":\"https:\/\/prefecturadeesmeraldas.gob.ec\/wp-content\/uploads\/2020\/04\/WhatsApp-Image-2020-04-09-at-09.58.49.jpeg\",\"contentUrl\":\"https:\/\/prefecturadeesmeraldas.gob.ec\/wp-content\/uploads\/2020\/04\/WhatsApp-Image-2020-04-09-at-09.58.49.jpeg\",\"width\":900,\"height\":661},{\"@type\":\"BreadcrumbList\",\"@id\":\"https:\/\/prefecturadeesmeraldas.gob.ec\/index.php\/2020\/04\/10\/contratistas-y-fiscalizadores-solicitaron-paralizacion-de-trabajos-debido-a-la-emergencia-sanitaria\/#breadcrumb\",\"itemListElement\":[{\"@type\":\"ListItem\",\"position\":1,\"name\":\"Home\",\"item\":\"https:\/\/prefecturadeesmeraldas.gob.ec\/\"},{\"@type\":\"ListItem\",\"position\":2,\"name\":\"Contratistas y fiscalizadores solicitaron paralizaci\u00f3n de trabajos debido a la emergencia sanitaria\"}]},{\"@type\":\"WebSite\",\"@id\":\"https:\/\/prefecturadeesmeraldas.gob.ec\/#website\",\"url\":\"https:\/\/prefecturadeesmeraldas.gob.ec\/\",\"name\":\"Gobierno Aut\u00f3nomo Descentralizado de la Provincia de Esmeraldas\",\"description\":\"Gobierno Aut\u00f3nomo Descentralizado de la Provincia de Esmeraldas\",\"publisher\":{\"@id\":\"https:\/\/prefecturadeesmeraldas.gob.ec\/#organization\"},\"potentialAction\":[{\"@type\":\"SearchAction\",\"target\":{\"@type\":\"EntryPoint\",\"urlTemplate\":\"https:\/\/prefecturadeesmeraldas.gob.ec\/?s={search_term_string}\"},\"query-input\":{\"@type\":\"PropertyValueSpecification\",\"valueRequired\":true,\"valueName\":\"search_term_string\"}}],\"inLanguage\":\"es\"},{\"@type\":\"Organization\",\"@id\":\"https:\/\/prefecturadeesmeraldas.gob.ec\/#organization\",\"name\":\"Gobierno Aut\u00f3nomo Descentralizado de la Provincia de Esmeraldas\",\"url\":\"https:\/\/prefecturadeesmeraldas.gob.ec\/\",\"logo\":{\"@type\":\"ImageObject\",\"inLanguage\":\"es\",\"@id\":\"https:\/\/prefecturadeesmeraldas.gob.ec\/#\/schema\/logo\/image\/\",\"url\":\"https:\/\/prefecturadeesmeraldas.gob.ec\/wp-content\/uploads\/2019\/06\/logo.png\",\"contentUrl\":\"https:\/\/prefecturadeesmeraldas.gob.ec\/wp-content\/uploads\/2019\/06\/logo.png\",\"width\":859,\"height\":448,\"caption\":\"Gobierno Aut\u00f3nomo Descentralizado de la Provincia de Esmeraldas\"},\"image\":{\"@id\":\"https:\/\/prefecturadeesmeraldas.gob.ec\/#\/schema\/logo\/image\/\"},\"sameAs\":[\"https:\/\/www.facebook.com\/PrefecturaEsmeraldas\/\"]},{\"@type\":\"Person\",\"@id\":\"https:\/\/prefecturadeesmeraldas.gob.ec\/#\/schema\/person\/b0c9e7b1ead7725994d1e319e8825234\",\"name\":\"Direcci\u00f3n de Comunicaci\u00f3n\",\"image\":{\"@type\":\"ImageObject\",\"inLanguage\":\"es\",\"@id\":\"https:\/\/prefecturadeesmeraldas.gob.ec\/#\/schema\/person\/image\/\",\"url\":\"https:\/\/secure.gravatar.com\/avatar\/74a3870a946f5d774ade3569af61a72308e07ad3346f370c4b468ee2a9858658?s=96&d=mm&r=g\",\"contentUrl\":\"https:\/\/secure.gravatar.com\/avatar\/74a3870a946f5d774ade3569af61a72308e07ad3346f370c4b468ee2a9858658?s=96&d=mm&r=g\",\"caption\":\"Direcci\u00f3n de Comunicaci\u00f3n\"}}]}<\/script>\n<!-- \/ Yoast SEO plugin. -->","yoast_head_json":{"title":"Contratistas y fiscalizadores solicitaron paralizaci\u00f3n de trabajos debido a la emergencia sanitaria - Gobierno Aut\u00f3nomo Descentralizado de la Provincia de Esmeraldas","robots":{"index":"index","follow":"follow","max-snippet":"max-snippet:-1","max-image-preview":"max-image-preview:large","max-video-preview":"max-video-preview:-1"},"canonical":"https:\/\/prefecturadeesmeraldas.gob.ec\/index.php\/2020\/04\/10\/contratistas-y-fiscalizadores-solicitaron-paralizacion-de-trabajos-debido-a-la-emergencia-sanitaria\/","og_locale":"es_ES","og_type":"article","og_title":"Contratistas y fiscalizadores solicitaron paralizaci\u00f3n de trabajos debido a la emergencia sanitaria - Gobierno Aut\u00f3nomo Descentralizado de la Provincia de Esmeraldas","og_description":"Acogi\u00e9ndose al Decreto de Emergencia Nacional, contratistas solicitaron la paralizaci\u00f3n moment\u00e1nea de algunas obras, debido a la alerta sanitaria emitida por el Gobierno, en estricto acato a los reglamentos constitucionales emitidos desde el pasado 17 de marzo para todo el territorio ecuatoriano, como parte de las acciones puestas en marcha para controlar la propagaci\u00f3n del [&hellip;]","og_url":"https:\/\/prefecturadeesmeraldas.gob.ec\/index.php\/2020\/04\/10\/contratistas-y-fiscalizadores-solicitaron-paralizacion-de-trabajos-debido-a-la-emergencia-sanitaria\/","og_site_name":"Gobierno Aut\u00f3nomo Descentralizado de la Provincia de Esmeraldas","article_publisher":"https:\/\/www.facebook.com\/PrefecturaEsmeraldas\/","article_published_time":"2020-04-10T15:12:34+00:00","article_modified_time":"2020-04-10T15:12:49+00:00","og_image":[{"width":900,"height":661,"url":"https:\/\/prefecturadeesmeraldas.gob.ec\/wp-content\/uploads\/2020\/04\/WhatsApp-Image-2020-04-09-at-09.58.49.jpeg","type":"image\/jpeg"}],"author":"Direcci\u00f3n de Comunicaci\u00f3n","twitter_card":"summary_large_image","twitter_misc":{"Escrito por":"Direcci\u00f3n de Comunicaci\u00f3n","Tiempo de lectura":"1 minuto"},"schema":{"@context":"https:\/\/schema.org","@graph":[{"@type":"Article","@id":"https:\/\/prefecturadeesmeraldas.gob.ec\/index.php\/2020\/04\/10\/contratistas-y-fiscalizadores-solicitaron-paralizacion-de-trabajos-debido-a-la-emergencia-sanitaria\/#article","isPartOf":{"@id":"https:\/\/prefecturadeesmeraldas.gob.ec\/index.php\/2020\/04\/10\/contratistas-y-fiscalizadores-solicitaron-paralizacion-de-trabajos-debido-a-la-emergencia-sanitaria\/"},"author":{"name":"Direcci\u00f3n de Comunicaci\u00f3n","@id":"https:\/\/prefecturadeesmeraldas.gob.ec\/#\/schema\/person\/b0c9e7b1ead7725994d1e319e8825234"},"headline":"Contratistas y fiscalizadores solicitaron paralizaci\u00f3n de trabajos debido a la emergencia sanitaria","datePublished":"2020-04-10T15:12:34+00:00","dateModified":"2020-04-10T15:12:49+00:00","mainEntityOfPage":{"@id":"https:\/\/prefecturadeesmeraldas.gob.ec\/index.php\/2020\/04\/10\/contratistas-y-fiscalizadores-solicitaron-paralizacion-de-trabajos-debido-a-la-emergencia-sanitaria\/"},"wordCount":289,"publisher":{"@id":"https:\/\/prefecturadeesmeraldas.gob.ec\/#organization"},"image":{"@id":"https:\/\/prefecturadeesmeraldas.gob.ec\/index.php\/2020\/04\/10\/contratistas-y-fiscalizadores-solicitaron-paralizacion-de-trabajos-debido-a-la-emergencia-sanitaria\/#primaryimage"},"thumbnailUrl":"https:\/\/prefecturadeesmeraldas.gob.ec\/wp-content\/uploads\/2020\/04\/WhatsApp-Image-2020-04-09-at-09.58.49.jpeg","articleSection":["Vialidad"],"inLanguage":"es"},{"@type":"WebPage","@id":"https:\/\/prefecturadeesmeraldas.gob.ec\/index.php\/2020\/04\/10\/contratistas-y-fiscalizadores-solicitaron-paralizacion-de-trabajos-debido-a-la-emergencia-sanitaria\/","url":"https:\/\/prefecturadeesmeraldas.gob.ec\/index.php\/2020\/04\/10\/contratistas-y-fiscalizadores-solicitaron-paralizacion-de-trabajos-debido-a-la-emergencia-sanitaria\/","name":"Contratistas y fiscalizadores solicitaron paralizaci\u00f3n de trabajos debido a la emergencia sanitaria - Gobierno Aut\u00f3nomo Descentralizado de la Provincia de Esmeraldas","isPartOf":{"@id":"https:\/\/prefecturadeesmeraldas.gob.ec\/#website"},"primaryImageOfPage":{"@id":"https:\/\/prefecturadeesmeraldas.gob.ec\/index.php\/2020\/04\/10\/contratistas-y-fiscalizadores-solicitaron-paralizacion-de-trabajos-debido-a-la-emergencia-sanitaria\/#primaryimage"},"image":{"@id":"https:\/\/prefecturadeesmeraldas.gob.ec\/index.php\/2020\/04\/10\/contratistas-y-fiscalizadores-solicitaron-paralizacion-de-trabajos-debido-a-la-emergencia-sanitaria\/#primaryimage"},"thumbnailUrl":"https:\/\/prefecturadeesmeraldas.gob.ec\/wp-content\/uploads\/2020\/04\/WhatsApp-Image-2020-04-09-at-09.58.49.jpeg","datePublished":"2020-04-10T15:12:34+00:00","dateModified":"2020-04-10T15:12:49+00:00","breadcrumb":{"@id":"https:\/\/prefecturadeesmeraldas.gob.ec\/index.php\/2020\/04\/10\/contratistas-y-fiscalizadores-solicitaron-paralizacion-de-trabajos-debido-a-la-emergencia-sanitaria\/#breadcrumb"},"inLanguage":"es","potentialAction":[{"@type":"ReadAction","target":["https:\/\/prefecturadeesmeraldas.gob.ec\/index.php\/2020\/04\/10\/contratistas-y-fiscalizadores-solicitaron-paralizacion-de-trabajos-debido-a-la-emergencia-sanitaria\/"]}]},{"@type":"ImageObject","inLanguage":"es","@id":"https:\/\/prefecturadeesmeraldas.gob.ec\/index.php\/2020\/04\/10\/contratistas-y-fiscalizadores-solicitaron-paralizacion-de-trabajos-debido-a-la-emergencia-sanitaria\/#primaryimage","url":"https:\/\/prefecturadeesmeraldas.gob.ec\/wp-content\/uploads\/2020\/04\/WhatsApp-Image-2020-04-09-at-09.58.49.jpeg","contentUrl":"https:\/\/prefecturadeesmeraldas.gob.ec\/wp-content\/uploads\/2020\/04\/WhatsApp-Image-2020-04-09-at-09.58.49.jpeg","width":900,"height":661},{"@type":"BreadcrumbList","@id":"https:\/\/prefecturadeesmeraldas.gob.ec\/index.php\/2020\/04\/10\/contratistas-y-fiscalizadores-solicitaron-paralizacion-de-trabajos-debido-a-la-emergencia-sanitaria\/#breadcrumb","itemListElement":[{"@type":"ListItem","position":1,"name":"Home","item":"https:\/\/prefecturadeesmeraldas.gob.ec\/"},{"@type":"ListItem","position":2,"name":"Contratistas y fiscalizadores solicitaron paralizaci\u00f3n de trabajos debido a la emergencia sanitaria"}]},{"@type":"WebSite","@id":"https:\/\/prefecturadeesmeraldas.gob.ec\/#website","url":"https:\/\/prefecturadeesmeraldas.gob.ec\/","name":"Gobierno Aut\u00f3nomo Descentralizado de la Provincia de Esmeraldas","description":"Gobierno Aut\u00f3nomo Descentralizado de la Provincia de Esmeraldas","publisher":{"@id":"https:\/\/prefecturadeesmeraldas.gob.ec\/#organization"},"potentialAction":[{"@type":"SearchAction","target":{"@type":"EntryPoint","urlTemplate":"https:\/\/prefecturadeesmeraldas.gob.ec\/?s={search_term_string}"},"query-input":{"@type":"PropertyValueSpecification","valueRequired":true,"valueName":"search_term_string"}}],"inLanguage":"es"},{"@type":"Organization","@id":"https:\/\/prefecturadeesmeraldas.gob.ec\/#organization","name":"Gobierno Aut\u00f3nomo Descentralizado de la Provincia de Esmeraldas","url":"https:\/\/prefecturadeesmeraldas.gob.ec\/","logo":{"@type":"ImageObject","inLanguage":"es","@id":"https:\/\/prefecturadeesmeraldas.gob.ec\/#\/schema\/logo\/image\/","url":"https:\/\/prefecturadeesmeraldas.gob.ec\/wp-content\/uploads\/2019\/06\/logo.png","contentUrl":"https:\/\/prefecturadeesmeraldas.gob.ec\/wp-content\/uploads\/2019\/06\/logo.png","width":859,"height":448,"caption":"Gobierno Aut\u00f3nomo Descentralizado de la Provincia de Esmeraldas"},"image":{"@id":"https:\/\/prefecturadeesmeraldas.gob.ec\/#\/schema\/logo\/image\/"},"sameAs":["https:\/\/www.facebook.com\/PrefecturaEsmeraldas\/"]},{"@type":"Person","@id":"https:\/\/prefecturadeesmeraldas.gob.ec\/#\/schema\/person\/b0c9e7b1ead7725994d1e319e8825234","name":"Direcci\u00f3n de Comunicaci\u00f3n","image":{"@type":"ImageObject","inLanguage":"es","@id":"https:\/\/prefecturadeesmeraldas.gob.ec\/#\/schema\/person\/image\/","url":"https:\/\/secure.gravatar.com\/avatar\/74a3870a946f5d774ade3569af61a72308e07ad3346f370c4b468ee2a9858658?s=96&d=mm&r=g","contentUrl":"https:\/\/secure.gravatar.com\/avatar\/74a3870a946f5d774ade3569af61a72308e07ad3346f370c4b468ee2a9858658?s=96&d=mm&r=g","caption":"Direcci\u00f3n de Comunicaci\u00f3n"}}]}},"_links":{"self":[{"href":"https:\/\/prefecturadeesmeraldas.gob.ec\/index.php\/wp-json\/wp\/v2\/posts\/4047","targetHints":{"allow":["GET"]}}],"collection":[{"href":"https:\/\/prefecturadeesmeraldas.gob.ec\/index.php\/wp-json\/wp\/v2\/posts"}],"about":[{"href":"https:\/\/prefecturadeesmeraldas.gob.ec\/index.php\/wp-json\/wp\/v2\/types\/post"}],"author":[{"embeddable":true,"href":"https:\/\/prefecturadeesmeraldas.gob.ec\/index.php\/wp-json\/wp\/v2\/users\/2"}],"replies":[{"embeddable":true,"href":"https:\/\/prefecturadeesmeraldas.gob.ec\/index.php\/wp-json\/wp\/v2\/comments?post=4047"}],"version-history":[{"count":0,"href":"https:\/\/prefecturadeesmeraldas.gob.ec\/index.php\/wp-json\/wp\/v2\/posts\/4047\/revisions"}],"wp:featuredmedia":[{"embeddable":true,"href":"https:\/\/prefecturadeesmeraldas.gob.ec\/index.php\/wp-json\/wp\/v2\/media\/4048"}],"wp:attachment":[{"href":"https:\/\/prefecturadeesmeraldas.gob.ec\/index.php\/wp-json\/wp\/v2\/media?parent=4047"}],"wp:term":[{"taxonomy":"category","embeddable":true,"href":"https:\/\/prefecturadeesmeraldas.gob.ec\/index.php\/wp-json\/wp\/v2\/categories?post=4047"},{"taxonomy":"post_tag","embeddable":true,"href":"https:\/\/prefecturadeesmeraldas.gob.ec\/index.php\/wp-json\/wp\/v2\/tags?post=4047"}],"curies":[{"name":"wp","href":"https:\/\/api.w.org\/{rel}","templated":true}]}}