{"id":4025,"date":"2020-04-05T21:05:50","date_gmt":"2020-04-06T02:05:50","guid":{"rendered":"http:\/\/prefecturadeesmeraldas.gob.ec\/?p=4025"},"modified":"2020-04-05T21:08:48","modified_gmt":"2020-04-06T02:08:48","slug":"roberta-zambrano-entrego-1200-raciones-alimenticias-a-personas-de-escasos-recursos-economicos","status":"publish","type":"post","link":"https:\/\/prefecturadeesmeraldas.gob.ec\/index.php\/2020\/04\/05\/roberta-zambrano-entrego-1200-raciones-alimenticias-a-personas-de-escasos-recursos-economicos\/","title":{"rendered":"Roberta Zambrano entreg\u00f3 1200 raciones alimenticias a personas de escasos recursos econ\u00f3micos"},"content":{"rendered":"\t\t<div data-elementor-type=\"wp-post\" data-elementor-id=\"4025\" class=\"elementor elementor-4025\">\n\t\t\t\t\t\t<section class=\"elementor-section elementor-top-section elementor-element elementor-element-331b164 elementor-section-boxed elementor-section-height-default elementor-section-height-default\" data-id=\"331b164\" data-element_type=\"section\">\n\t\t\t\t\t\t<div class=\"elementor-container elementor-column-gap-default\">\n\t\t\t\t\t<div class=\"elementor-column elementor-col-100 elementor-top-column elementor-element elementor-element-bb900e3\" data-id=\"bb900e3\" data-element_type=\"column\">\n\t\t\t<div class=\"elementor-widget-wrap elementor-element-populated\">\n\t\t\t\t\t\t<div class=\"elementor-element elementor-element-8e56880 elementor-widget elementor-widget-image\" data-id=\"8e56880\" data-element_type=\"widget\" data-widget_type=\"image.default\">\n\t\t\t\t<div class=\"elementor-widget-container\">\n\t\t\t\t\t\t\t\t\t\t\t\t<figure class=\"wp-caption\">\n\t\t\t\t\t\t\t\t\t\t<img fetchpriority=\"high\" decoding=\"async\" width=\"1024\" height=\"1024\" src=\"https:\/\/prefecturadeesmeraldas.gob.ec\/wp-content\/uploads\/2020\/04\/WhatsApp-Image-2020-04-04-at-15.30.57-1024x1024.jpeg\" class=\"attachment-large size-large wp-image-4026\" alt=\"\" srcset=\"https:\/\/prefecturadeesmeraldas.gob.ec\/wp-content\/uploads\/2020\/04\/WhatsApp-Image-2020-04-04-at-15.30.57-1024x1024.jpeg 1024w, https:\/\/prefecturadeesmeraldas.gob.ec\/wp-content\/uploads\/2020\/04\/WhatsApp-Image-2020-04-04-at-15.30.57-240x240.jpeg 240w, https:\/\/prefecturadeesmeraldas.gob.ec\/wp-content\/uploads\/2020\/04\/WhatsApp-Image-2020-04-04-at-15.30.57-1080x1080.jpeg 1080w, https:\/\/prefecturadeesmeraldas.gob.ec\/wp-content\/uploads\/2020\/04\/WhatsApp-Image-2020-04-04-at-15.30.57-150x150.jpeg 150w, https:\/\/prefecturadeesmeraldas.gob.ec\/wp-content\/uploads\/2020\/04\/WhatsApp-Image-2020-04-04-at-15.30.57-300x300.jpeg 300w, https:\/\/prefecturadeesmeraldas.gob.ec\/wp-content\/uploads\/2020\/04\/WhatsApp-Image-2020-04-04-at-15.30.57-768x768.jpeg 768w, https:\/\/prefecturadeesmeraldas.gob.ec\/wp-content\/uploads\/2020\/04\/WhatsApp-Image-2020-04-04-at-15.30.57.jpeg 1280w\" sizes=\"(max-width: 1024px) 100vw, 1024px\" \/>\t\t\t\t\t\t\t\t\t\t\t<figcaption class=\"widget-image-caption wp-caption-text\">Entrega de raciones alimenticias en el recinto Tahigue de la parroquia Chinca.<\/figcaption>\n\t\t\t\t\t\t\t\t\t\t<\/figure>\n\t\t\t\t\t\t\t\t\t<\/div>\n\t\t\t\t<\/div>\n\t\t\t\t\t<\/div>\n\t\t<\/div>\n\t\t\t\t\t<\/div>\n\t\t<\/section>\n\t\t\t\t<section class=\"elementor-section elementor-top-section elementor-element elementor-element-7e230d2 elementor-section-boxed elementor-section-height-default elementor-section-height-default\" data-id=\"7e230d2\" data-element_type=\"section\">\n\t\t\t\t\t\t<div class=\"elementor-container elementor-column-gap-default\">\n\t\t\t\t\t<div class=\"elementor-column elementor-col-100 elementor-top-column elementor-element elementor-element-d01e02c\" data-id=\"d01e02c\" data-element_type=\"column\">\n\t\t\t<div class=\"elementor-widget-wrap elementor-element-populated\">\n\t\t\t\t\t\t<div class=\"elementor-element elementor-element-d8ac1ee elementor-widget elementor-widget-text-editor\" data-id=\"d8ac1ee\" data-element_type=\"widget\" data-widget_type=\"text-editor.default\">\n\t\t\t\t<div class=\"elementor-widget-container\">\n\t\t\t\t\t\t\t\t\t<p>En medio de la emergencia sanitaria que vive el pa\u00eds por la pandemia del coronavirus, la prefecta <strong>Roberta Zambrano<\/strong> contin\u00faa entregando raciones alimenticias a las familias de escasos recursos econ\u00f3micos de diferentes sectores rurales de la provincia. Esta entrega se la realiza con la colaboraci\u00f3n de miembros de las Fuerzas Armadas.<\/p><p>Cada kit contiene productos de primera necesidad que abastecer\u00e1 a los beneficiarios por varios d\u00edas. &#8220;<strong>Agradecemos a la prefecta, Roberta Zambrano, por estos alimentos. Para uno que no tiene nada, esto es bastante<\/strong>\u201d, se\u00f1al\u00f3, Kathy Vera, moradora de la parroquia Chinca.<\/p><p>Darwin V\u00e9lez Loor, otro morador del lugar, indic\u00f3 que la Prefecta ha sido la \u00fanica autoridad que se ha hecho presente con ayuda, en estos momentos dif\u00edciles. <strong>Mientras que Jenny Bone, una de las beneficiadas con la entrega de las raciones alimenticias, expres\u00f3 su agradecimiento a la autoridad provincial<\/strong>, por llegar a su comunidad y acordarse de los m\u00e1s necesitados.<\/p>\t\t\t\t\t\t\t\t<\/div>\n\t\t\t\t<\/div>\n\t\t\t\t\t<\/div>\n\t\t<\/div>\n\t\t\t\t\t<\/div>\n\t\t<\/section>\n\t\t\t\t<section class=\"elementor-section elementor-top-section elementor-element elementor-element-f37015d elementor-section-boxed elementor-section-height-default elementor-section-height-default\" data-id=\"f37015d\" data-element_type=\"section\">\n\t\t\t\t\t\t<div class=\"elementor-container elementor-column-gap-default\">\n\t\t\t\t\t<div class=\"elementor-column elementor-col-100 elementor-top-column elementor-element elementor-element-c1ad2ec\" data-id=\"c1ad2ec\" data-element_type=\"column\">\n\t\t\t<div class=\"elementor-widget-wrap elementor-element-populated\">\n\t\t\t\t\t\t<div class=\"elementor-element elementor-element-cceab5f elementor-widget elementor-widget-image\" data-id=\"cceab5f\" data-element_type=\"widget\" data-widget_type=\"image.default\">\n\t\t\t\t<div class=\"elementor-widget-container\">\n\t\t\t\t\t\t\t\t\t\t\t\t<figure class=\"wp-caption\">\n\t\t\t\t\t\t\t\t\t\t<img decoding=\"async\" width=\"1024\" height=\"1024\" src=\"https:\/\/prefecturadeesmeraldas.gob.ec\/wp-content\/uploads\/2020\/04\/WhatsApp-Image-2020-04-05-at-10.35.01-1024x1024.jpeg\" class=\"attachment-large size-large wp-image-4029\" alt=\"\" srcset=\"https:\/\/prefecturadeesmeraldas.gob.ec\/wp-content\/uploads\/2020\/04\/WhatsApp-Image-2020-04-05-at-10.35.01-1024x1024.jpeg 1024w, https:\/\/prefecturadeesmeraldas.gob.ec\/wp-content\/uploads\/2020\/04\/WhatsApp-Image-2020-04-05-at-10.35.01-240x240.jpeg 240w, https:\/\/prefecturadeesmeraldas.gob.ec\/wp-content\/uploads\/2020\/04\/WhatsApp-Image-2020-04-05-at-10.35.01-1080x1080.jpeg 1080w, https:\/\/prefecturadeesmeraldas.gob.ec\/wp-content\/uploads\/2020\/04\/WhatsApp-Image-2020-04-05-at-10.35.01-150x150.jpeg 150w, https:\/\/prefecturadeesmeraldas.gob.ec\/wp-content\/uploads\/2020\/04\/WhatsApp-Image-2020-04-05-at-10.35.01-300x300.jpeg 300w, https:\/\/prefecturadeesmeraldas.gob.ec\/wp-content\/uploads\/2020\/04\/WhatsApp-Image-2020-04-05-at-10.35.01-768x768.jpeg 768w, https:\/\/prefecturadeesmeraldas.gob.ec\/wp-content\/uploads\/2020\/04\/WhatsApp-Image-2020-04-05-at-10.35.01.jpeg 1280w\" sizes=\"(max-width: 1024px) 100vw, 1024px\" \/>\t\t\t\t\t\t\t\t\t\t\t<figcaption class=\"widget-image-caption wp-caption-text\">Entrega de raciones alimenticias en el recinto Chafl\u00fa de la parroquia Chinca.<\/figcaption>\n\t\t\t\t\t\t\t\t\t\t<\/figure>\n\t\t\t\t\t\t\t\t\t<\/div>\n\t\t\t\t<\/div>\n\t\t\t\t\t<\/div>\n\t\t<\/div>\n\t\t\t\t\t<\/div>\n\t\t<\/section>\n\t\t\t\t<section class=\"elementor-section elementor-top-section elementor-element elementor-element-fd3ae02 elementor-section-boxed elementor-section-height-default elementor-section-height-default\" data-id=\"fd3ae02\" data-element_type=\"section\">\n\t\t\t\t\t\t<div class=\"elementor-container elementor-column-gap-default\">\n\t\t\t\t\t<div class=\"elementor-column elementor-col-100 elementor-top-column elementor-element elementor-element-83dfc0b\" data-id=\"83dfc0b\" data-element_type=\"column\">\n\t\t\t<div class=\"elementor-widget-wrap elementor-element-populated\">\n\t\t\t\t\t\t<div class=\"elementor-element elementor-element-7765c61 elementor-widget elementor-widget-text-editor\" data-id=\"7765c61\" data-element_type=\"widget\" data-widget_type=\"text-editor.default\">\n\t\t\t\t<div class=\"elementor-widget-container\">\n\t\t\t\t\t\t\t\t\t<p>&#8220;<strong>Me alegra, porque en realidad estamos pasando por una situaci\u00f3n muy dif\u00edcil, yo no tengo trabajo, sigan adelante<\/strong>&#8220;, manifest\u00f3 Flor Sevillano, morador del sector.<\/p><p>En el recinto Chafl\u00fa, Betty Moreira, dijo que se necesita del apoyo de las autoridades, por lo que reconoci\u00f3 la labor solidaria que lleva a cabo la Prefecta Provincial. Mientras que, en el recinto Tahigue, Walter Esterilla, habitante de la zona, destac\u00f3 la presencia de la Prefecta, y pidi\u00f3 que siga trabajando por el bienestar de todos.<\/p><p><strong>Roberta Zambrano<\/strong>, dijo que se debe llegar hasta los lugares m\u00e1s lejanos, donde existen personas que necesitan ayuda. \u201cDe esta situaci\u00f3n muy dura y dif\u00edcil vamos a salir juntos\u201d, dijo.<\/p>\t\t\t\t\t\t\t\t<\/div>\n\t\t\t\t<\/div>\n\t\t\t\t\t<\/div>\n\t\t<\/div>\n\t\t\t\t\t<\/div>\n\t\t<\/section>\n\t\t\t\t<\/div>\n\t\t","protected":false},"excerpt":{"rendered":"<p>Entrega de raciones alimenticias en el recinto Tahigue de la parroquia Chinca. En medio de la emergencia sanitaria que vive el pa\u00eds por la pandemia del coronavirus, la prefecta Roberta Zambrano contin\u00faa entregando raciones alimenticias a las familias de escasos recursos econ\u00f3micos de diferentes sectores rurales de la provincia. Esta entrega se la realiza con [&hellip;]<\/p>\n","protected":false},"author":2,"featured_media":4026,"comment_status":"closed","ping_status":"open","sticky":false,"template":"","format":"standard","meta":{"footnotes":""},"categories":[21,3],"tags":[],"class_list":["post-4025","post","type-post","status-publish","format-standard","has-post-thumbnail","hentry","category-emergencia-covid-19","category-institucional"],"yoast_head":"<!-- This site is optimized with the Yoast SEO plugin v25.7 - https:\/\/yoast.com\/wordpress\/plugins\/seo\/ -->\n<title>Roberta Zambrano entreg\u00f3 1200 raciones alimenticias a personas de escasos recursos econ\u00f3micos - Gobierno Aut\u00f3nomo Descentralizado de la Provincia de Esmeraldas<\/title>\n<meta name=\"robots\" content=\"index, follow, max-snippet:-1, max-image-preview:large, max-video-preview:-1\" \/>\n<link rel=\"canonical\" href=\"https:\/\/prefecturadeesmeraldas.gob.ec\/index.php\/2020\/04\/05\/roberta-zambrano-entrego-1200-raciones-alimenticias-a-personas-de-escasos-recursos-economicos\/\" \/>\n<meta property=\"og:locale\" content=\"es_ES\" \/>\n<meta property=\"og:type\" content=\"article\" \/>\n<meta property=\"og:title\" content=\"Roberta Zambrano entreg\u00f3 1200 raciones alimenticias a personas de escasos recursos econ\u00f3micos - Gobierno Aut\u00f3nomo Descentralizado de la Provincia de Esmeraldas\" \/>\n<meta property=\"og:description\" content=\"Entrega de raciones alimenticias en el recinto Tahigue de la parroquia Chinca. En medio de la emergencia sanitaria que vive el pa\u00eds por la pandemia del coronavirus, la prefecta Roberta Zambrano contin\u00faa entregando raciones alimenticias a las familias de escasos recursos econ\u00f3micos de diferentes sectores rurales de la provincia. Esta entrega se la realiza con [&hellip;]\" \/>\n<meta property=\"og:url\" content=\"https:\/\/prefecturadeesmeraldas.gob.ec\/index.php\/2020\/04\/05\/roberta-zambrano-entrego-1200-raciones-alimenticias-a-personas-de-escasos-recursos-economicos\/\" \/>\n<meta property=\"og:site_name\" content=\"Gobierno Aut\u00f3nomo Descentralizado de la Provincia de Esmeraldas\" \/>\n<meta property=\"article:publisher\" content=\"https:\/\/www.facebook.com\/PrefecturaEsmeraldas\/\" \/>\n<meta property=\"article:published_time\" content=\"2020-04-06T02:05:50+00:00\" \/>\n<meta property=\"article:modified_time\" content=\"2020-04-06T02:08:48+00:00\" \/>\n<meta property=\"og:image\" content=\"https:\/\/prefecturadeesmeraldas.gob.ec\/wp-content\/uploads\/2020\/04\/WhatsApp-Image-2020-04-04-at-15.30.57.jpeg\" \/>\n\t<meta property=\"og:image:width\" content=\"1280\" \/>\n\t<meta property=\"og:image:height\" content=\"1280\" \/>\n\t<meta property=\"og:image:type\" content=\"image\/jpeg\" \/>\n<meta name=\"author\" content=\"Direcci\u00f3n de Comunicaci\u00f3n\" \/>\n<meta name=\"twitter:card\" content=\"summary_large_image\" \/>\n<meta name=\"twitter:label1\" content=\"Escrito por\" \/>\n\t<meta name=\"twitter:data1\" content=\"Direcci\u00f3n de Comunicaci\u00f3n\" \/>\n\t<meta name=\"twitter:label2\" content=\"Tiempo de lectura\" \/>\n\t<meta name=\"twitter:data2\" content=\"2 minutos\" \/>\n<script type=\"application\/ld+json\" class=\"yoast-schema-graph\">{\"@context\":\"https:\/\/schema.org\",\"@graph\":[{\"@type\":\"Article\",\"@id\":\"https:\/\/prefecturadeesmeraldas.gob.ec\/index.php\/2020\/04\/05\/roberta-zambrano-entrego-1200-raciones-alimenticias-a-personas-de-escasos-recursos-economicos\/#article\",\"isPartOf\":{\"@id\":\"https:\/\/prefecturadeesmeraldas.gob.ec\/index.php\/2020\/04\/05\/roberta-zambrano-entrego-1200-raciones-alimenticias-a-personas-de-escasos-recursos-economicos\/\"},\"author\":{\"name\":\"Direcci\u00f3n de Comunicaci\u00f3n\",\"@id\":\"https:\/\/prefecturadeesmeraldas.gob.ec\/#\/schema\/person\/b0c9e7b1ead7725994d1e319e8825234\"},\"headline\":\"Roberta Zambrano entreg\u00f3 1200 raciones alimenticias a personas de escasos recursos econ\u00f3micos\",\"datePublished\":\"2020-04-06T02:05:50+00:00\",\"dateModified\":\"2020-04-06T02:08:48+00:00\",\"mainEntityOfPage\":{\"@id\":\"https:\/\/prefecturadeesmeraldas.gob.ec\/index.php\/2020\/04\/05\/roberta-zambrano-entrego-1200-raciones-alimenticias-a-personas-de-escasos-recursos-economicos\/\"},\"wordCount\":313,\"publisher\":{\"@id\":\"https:\/\/prefecturadeesmeraldas.gob.ec\/#organization\"},\"image\":{\"@id\":\"https:\/\/prefecturadeesmeraldas.gob.ec\/index.php\/2020\/04\/05\/roberta-zambrano-entrego-1200-raciones-alimenticias-a-personas-de-escasos-recursos-economicos\/#primaryimage\"},\"thumbnailUrl\":\"https:\/\/prefecturadeesmeraldas.gob.ec\/wp-content\/uploads\/2020\/04\/WhatsApp-Image-2020-04-04-at-15.30.57.jpeg\",\"articleSection\":[\"Emergencia Covid-19\",\"Institucional\"],\"inLanguage\":\"es\"},{\"@type\":\"WebPage\",\"@id\":\"https:\/\/prefecturadeesmeraldas.gob.ec\/index.php\/2020\/04\/05\/roberta-zambrano-entrego-1200-raciones-alimenticias-a-personas-de-escasos-recursos-economicos\/\",\"url\":\"https:\/\/prefecturadeesmeraldas.gob.ec\/index.php\/2020\/04\/05\/roberta-zambrano-entrego-1200-raciones-alimenticias-a-personas-de-escasos-recursos-economicos\/\",\"name\":\"Roberta Zambrano entreg\u00f3 1200 raciones alimenticias a personas de escasos recursos econ\u00f3micos - Gobierno Aut\u00f3nomo Descentralizado de la Provincia de Esmeraldas\",\"isPartOf\":{\"@id\":\"https:\/\/prefecturadeesmeraldas.gob.ec\/#website\"},\"primaryImageOfPage\":{\"@id\":\"https:\/\/prefecturadeesmeraldas.gob.ec\/index.php\/2020\/04\/05\/roberta-zambrano-entrego-1200-raciones-alimenticias-a-personas-de-escasos-recursos-economicos\/#primaryimage\"},\"image\":{\"@id\":\"https:\/\/prefecturadeesmeraldas.gob.ec\/index.php\/2020\/04\/05\/roberta-zambrano-entrego-1200-raciones-alimenticias-a-personas-de-escasos-recursos-economicos\/#primaryimage\"},\"thumbnailUrl\":\"https:\/\/prefecturadeesmeraldas.gob.ec\/wp-content\/uploads\/2020\/04\/WhatsApp-Image-2020-04-04-at-15.30.57.jpeg\",\"datePublished\":\"2020-04-06T02:05:50+00:00\",\"dateModified\":\"2020-04-06T02:08:48+00:00\",\"breadcrumb\":{\"@id\":\"https:\/\/prefecturadeesmeraldas.gob.ec\/index.php\/2020\/04\/05\/roberta-zambrano-entrego-1200-raciones-alimenticias-a-personas-de-escasos-recursos-economicos\/#breadcrumb\"},\"inLanguage\":\"es\",\"potentialAction\":[{\"@type\":\"ReadAction\",\"target\":[\"https:\/\/prefecturadeesmeraldas.gob.ec\/index.php\/2020\/04\/05\/roberta-zambrano-entrego-1200-raciones-alimenticias-a-personas-de-escasos-recursos-economicos\/\"]}]},{\"@type\":\"ImageObject\",\"inLanguage\":\"es\",\"@id\":\"https:\/\/prefecturadeesmeraldas.gob.ec\/index.php\/2020\/04\/05\/roberta-zambrano-entrego-1200-raciones-alimenticias-a-personas-de-escasos-recursos-economicos\/#primaryimage\",\"url\":\"https:\/\/prefecturadeesmeraldas.gob.ec\/wp-content\/uploads\/2020\/04\/WhatsApp-Image-2020-04-04-at-15.30.57.jpeg\",\"contentUrl\":\"https:\/\/prefecturadeesmeraldas.gob.ec\/wp-content\/uploads\/2020\/04\/WhatsApp-Image-2020-04-04-at-15.30.57.jpeg\",\"width\":1280,\"height\":1280},{\"@type\":\"BreadcrumbList\",\"@id\":\"https:\/\/prefecturadeesmeraldas.gob.ec\/index.php\/2020\/04\/05\/roberta-zambrano-entrego-1200-raciones-alimenticias-a-personas-de-escasos-recursos-economicos\/#breadcrumb\",\"itemListElement\":[{\"@type\":\"ListItem\",\"position\":1,\"name\":\"Home\",\"item\":\"https:\/\/prefecturadeesmeraldas.gob.ec\/\"},{\"@type\":\"ListItem\",\"position\":2,\"name\":\"Roberta Zambrano entreg\u00f3 1200 raciones alimenticias a personas de escasos recursos econ\u00f3micos\"}]},{\"@type\":\"WebSite\",\"@id\":\"https:\/\/prefecturadeesmeraldas.gob.ec\/#website\",\"url\":\"https:\/\/prefecturadeesmeraldas.gob.ec\/\",\"name\":\"Gobierno Aut\u00f3nomo Descentralizado de la Provincia de Esmeraldas\",\"description\":\"Gobierno Aut\u00f3nomo Descentralizado de la Provincia de Esmeraldas\",\"publisher\":{\"@id\":\"https:\/\/prefecturadeesmeraldas.gob.ec\/#organization\"},\"potentialAction\":[{\"@type\":\"SearchAction\",\"target\":{\"@type\":\"EntryPoint\",\"urlTemplate\":\"https:\/\/prefecturadeesmeraldas.gob.ec\/?s={search_term_string}\"},\"query-input\":{\"@type\":\"PropertyValueSpecification\",\"valueRequired\":true,\"valueName\":\"search_term_string\"}}],\"inLanguage\":\"es\"},{\"@type\":\"Organization\",\"@id\":\"https:\/\/prefecturadeesmeraldas.gob.ec\/#organization\",\"name\":\"Gobierno Aut\u00f3nomo Descentralizado de la Provincia de Esmeraldas\",\"url\":\"https:\/\/prefecturadeesmeraldas.gob.ec\/\",\"logo\":{\"@type\":\"ImageObject\",\"inLanguage\":\"es\",\"@id\":\"https:\/\/prefecturadeesmeraldas.gob.ec\/#\/schema\/logo\/image\/\",\"url\":\"https:\/\/prefecturadeesmeraldas.gob.ec\/wp-content\/uploads\/2019\/06\/logo.png\",\"contentUrl\":\"https:\/\/prefecturadeesmeraldas.gob.ec\/wp-content\/uploads\/2019\/06\/logo.png\",\"width\":859,\"height\":448,\"caption\":\"Gobierno Aut\u00f3nomo Descentralizado de la Provincia de Esmeraldas\"},\"image\":{\"@id\":\"https:\/\/prefecturadeesmeraldas.gob.ec\/#\/schema\/logo\/image\/\"},\"sameAs\":[\"https:\/\/www.facebook.com\/PrefecturaEsmeraldas\/\"]},{\"@type\":\"Person\",\"@id\":\"https:\/\/prefecturadeesmeraldas.gob.ec\/#\/schema\/person\/b0c9e7b1ead7725994d1e319e8825234\",\"name\":\"Direcci\u00f3n de Comunicaci\u00f3n\",\"image\":{\"@type\":\"ImageObject\",\"inLanguage\":\"es\",\"@id\":\"https:\/\/prefecturadeesmeraldas.gob.ec\/#\/schema\/person\/image\/\",\"url\":\"https:\/\/secure.gravatar.com\/avatar\/74a3870a946f5d774ade3569af61a72308e07ad3346f370c4b468ee2a9858658?s=96&d=mm&r=g\",\"contentUrl\":\"https:\/\/secure.gravatar.com\/avatar\/74a3870a946f5d774ade3569af61a72308e07ad3346f370c4b468ee2a9858658?s=96&d=mm&r=g\",\"caption\":\"Direcci\u00f3n de Comunicaci\u00f3n\"}}]}<\/script>\n<!-- \/ Yoast SEO plugin. -->","yoast_head_json":{"title":"Roberta Zambrano entreg\u00f3 1200 raciones alimenticias a personas de escasos recursos econ\u00f3micos - Gobierno Aut\u00f3nomo Descentralizado de la Provincia de Esmeraldas","robots":{"index":"index","follow":"follow","max-snippet":"max-snippet:-1","max-image-preview":"max-image-preview:large","max-video-preview":"max-video-preview:-1"},"canonical":"https:\/\/prefecturadeesmeraldas.gob.ec\/index.php\/2020\/04\/05\/roberta-zambrano-entrego-1200-raciones-alimenticias-a-personas-de-escasos-recursos-economicos\/","og_locale":"es_ES","og_type":"article","og_title":"Roberta Zambrano entreg\u00f3 1200 raciones alimenticias a personas de escasos recursos econ\u00f3micos - Gobierno Aut\u00f3nomo Descentralizado de la Provincia de Esmeraldas","og_description":"Entrega de raciones alimenticias en el recinto Tahigue de la parroquia Chinca. En medio de la emergencia sanitaria que vive el pa\u00eds por la pandemia del coronavirus, la prefecta Roberta Zambrano contin\u00faa entregando raciones alimenticias a las familias de escasos recursos econ\u00f3micos de diferentes sectores rurales de la provincia. Esta entrega se la realiza con [&hellip;]","og_url":"https:\/\/prefecturadeesmeraldas.gob.ec\/index.php\/2020\/04\/05\/roberta-zambrano-entrego-1200-raciones-alimenticias-a-personas-de-escasos-recursos-economicos\/","og_site_name":"Gobierno Aut\u00f3nomo Descentralizado de la Provincia de Esmeraldas","article_publisher":"https:\/\/www.facebook.com\/PrefecturaEsmeraldas\/","article_published_time":"2020-04-06T02:05:50+00:00","article_modified_time":"2020-04-06T02:08:48+00:00","og_image":[{"width":1280,"height":1280,"url":"https:\/\/prefecturadeesmeraldas.gob.ec\/wp-content\/uploads\/2020\/04\/WhatsApp-Image-2020-04-04-at-15.30.57.jpeg","type":"image\/jpeg"}],"author":"Direcci\u00f3n de Comunicaci\u00f3n","twitter_card":"summary_large_image","twitter_misc":{"Escrito por":"Direcci\u00f3n de Comunicaci\u00f3n","Tiempo de lectura":"2 minutos"},"schema":{"@context":"https:\/\/schema.org","@graph":[{"@type":"Article","@id":"https:\/\/prefecturadeesmeraldas.gob.ec\/index.php\/2020\/04\/05\/roberta-zambrano-entrego-1200-raciones-alimenticias-a-personas-de-escasos-recursos-economicos\/#article","isPartOf":{"@id":"https:\/\/prefecturadeesmeraldas.gob.ec\/index.php\/2020\/04\/05\/roberta-zambrano-entrego-1200-raciones-alimenticias-a-personas-de-escasos-recursos-economicos\/"},"author":{"name":"Direcci\u00f3n de Comunicaci\u00f3n","@id":"https:\/\/prefecturadeesmeraldas.gob.ec\/#\/schema\/person\/b0c9e7b1ead7725994d1e319e8825234"},"headline":"Roberta Zambrano entreg\u00f3 1200 raciones alimenticias a personas de escasos recursos econ\u00f3micos","datePublished":"2020-04-06T02:05:50+00:00","dateModified":"2020-04-06T02:08:48+00:00","mainEntityOfPage":{"@id":"https:\/\/prefecturadeesmeraldas.gob.ec\/index.php\/2020\/04\/05\/roberta-zambrano-entrego-1200-raciones-alimenticias-a-personas-de-escasos-recursos-economicos\/"},"wordCount":313,"publisher":{"@id":"https:\/\/prefecturadeesmeraldas.gob.ec\/#organization"},"image":{"@id":"https:\/\/prefecturadeesmeraldas.gob.ec\/index.php\/2020\/04\/05\/roberta-zambrano-entrego-1200-raciones-alimenticias-a-personas-de-escasos-recursos-economicos\/#primaryimage"},"thumbnailUrl":"https:\/\/prefecturadeesmeraldas.gob.ec\/wp-content\/uploads\/2020\/04\/WhatsApp-Image-2020-04-04-at-15.30.57.jpeg","articleSection":["Emergencia Covid-19","Institucional"],"inLanguage":"es"},{"@type":"WebPage","@id":"https:\/\/prefecturadeesmeraldas.gob.ec\/index.php\/2020\/04\/05\/roberta-zambrano-entrego-1200-raciones-alimenticias-a-personas-de-escasos-recursos-economicos\/","url":"https:\/\/prefecturadeesmeraldas.gob.ec\/index.php\/2020\/04\/05\/roberta-zambrano-entrego-1200-raciones-alimenticias-a-personas-de-escasos-recursos-economicos\/","name":"Roberta Zambrano entreg\u00f3 1200 raciones alimenticias a personas de escasos recursos econ\u00f3micos - Gobierno Aut\u00f3nomo Descentralizado de la Provincia de Esmeraldas","isPartOf":{"@id":"https:\/\/prefecturadeesmeraldas.gob.ec\/#website"},"primaryImageOfPage":{"@id":"https:\/\/prefecturadeesmeraldas.gob.ec\/index.php\/2020\/04\/05\/roberta-zambrano-entrego-1200-raciones-alimenticias-a-personas-de-escasos-recursos-economicos\/#primaryimage"},"image":{"@id":"https:\/\/prefecturadeesmeraldas.gob.ec\/index.php\/2020\/04\/05\/roberta-zambrano-entrego-1200-raciones-alimenticias-a-personas-de-escasos-recursos-economicos\/#primaryimage"},"thumbnailUrl":"https:\/\/prefecturadeesmeraldas.gob.ec\/wp-content\/uploads\/2020\/04\/WhatsApp-Image-2020-04-04-at-15.30.57.jpeg","datePublished":"2020-04-06T02:05:50+00:00","dateModified":"2020-04-06T02:08:48+00:00","breadcrumb":{"@id":"https:\/\/prefecturadeesmeraldas.gob.ec\/index.php\/2020\/04\/05\/roberta-zambrano-entrego-1200-raciones-alimenticias-a-personas-de-escasos-recursos-economicos\/#breadcrumb"},"inLanguage":"es","potentialAction":[{"@type":"ReadAction","target":["https:\/\/prefecturadeesmeraldas.gob.ec\/index.php\/2020\/04\/05\/roberta-zambrano-entrego-1200-raciones-alimenticias-a-personas-de-escasos-recursos-economicos\/"]}]},{"@type":"ImageObject","inLanguage":"es","@id":"https:\/\/prefecturadeesmeraldas.gob.ec\/index.php\/2020\/04\/05\/roberta-zambrano-entrego-1200-raciones-alimenticias-a-personas-de-escasos-recursos-economicos\/#primaryimage","url":"https:\/\/prefecturadeesmeraldas.gob.ec\/wp-content\/uploads\/2020\/04\/WhatsApp-Image-2020-04-04-at-15.30.57.jpeg","contentUrl":"https:\/\/prefecturadeesmeraldas.gob.ec\/wp-content\/uploads\/2020\/04\/WhatsApp-Image-2020-04-04-at-15.30.57.jpeg","width":1280,"height":1280},{"@type":"BreadcrumbList","@id":"https:\/\/prefecturadeesmeraldas.gob.ec\/index.php\/2020\/04\/05\/roberta-zambrano-entrego-1200-raciones-alimenticias-a-personas-de-escasos-recursos-economicos\/#breadcrumb","itemListElement":[{"@type":"ListItem","position":1,"name":"Home","item":"https:\/\/prefecturadeesmeraldas.gob.ec\/"},{"@type":"ListItem","position":2,"name":"Roberta Zambrano entreg\u00f3 1200 raciones alimenticias a personas de escasos recursos econ\u00f3micos"}]},{"@type":"WebSite","@id":"https:\/\/prefecturadeesmeraldas.gob.ec\/#website","url":"https:\/\/prefecturadeesmeraldas.gob.ec\/","name":"Gobierno Aut\u00f3nomo Descentralizado de la Provincia de Esmeraldas","description":"Gobierno Aut\u00f3nomo Descentralizado de la Provincia de Esmeraldas","publisher":{"@id":"https:\/\/prefecturadeesmeraldas.gob.ec\/#organization"},"potentialAction":[{"@type":"SearchAction","target":{"@type":"EntryPoint","urlTemplate":"https:\/\/prefecturadeesmeraldas.gob.ec\/?s={search_term_string}"},"query-input":{"@type":"PropertyValueSpecification","valueRequired":true,"valueName":"search_term_string"}}],"inLanguage":"es"},{"@type":"Organization","@id":"https:\/\/prefecturadeesmeraldas.gob.ec\/#organization","name":"Gobierno Aut\u00f3nomo Descentralizado de la Provincia de Esmeraldas","url":"https:\/\/prefecturadeesmeraldas.gob.ec\/","logo":{"@type":"ImageObject","inLanguage":"es","@id":"https:\/\/prefecturadeesmeraldas.gob.ec\/#\/schema\/logo\/image\/","url":"https:\/\/prefecturadeesmeraldas.gob.ec\/wp-content\/uploads\/2019\/06\/logo.png","contentUrl":"https:\/\/prefecturadeesmeraldas.gob.ec\/wp-content\/uploads\/2019\/06\/logo.png","width":859,"height":448,"caption":"Gobierno Aut\u00f3nomo Descentralizado de la Provincia de Esmeraldas"},"image":{"@id":"https:\/\/prefecturadeesmeraldas.gob.ec\/#\/schema\/logo\/image\/"},"sameAs":["https:\/\/www.facebook.com\/PrefecturaEsmeraldas\/"]},{"@type":"Person","@id":"https:\/\/prefecturadeesmeraldas.gob.ec\/#\/schema\/person\/b0c9e7b1ead7725994d1e319e8825234","name":"Direcci\u00f3n de Comunicaci\u00f3n","image":{"@type":"ImageObject","inLanguage":"es","@id":"https:\/\/prefecturadeesmeraldas.gob.ec\/#\/schema\/person\/image\/","url":"https:\/\/secure.gravatar.com\/avatar\/74a3870a946f5d774ade3569af61a72308e07ad3346f370c4b468ee2a9858658?s=96&d=mm&r=g","contentUrl":"https:\/\/secure.gravatar.com\/avatar\/74a3870a946f5d774ade3569af61a72308e07ad3346f370c4b468ee2a9858658?s=96&d=mm&r=g","caption":"Direcci\u00f3n de Comunicaci\u00f3n"}}]}},"_links":{"self":[{"href":"https:\/\/prefecturadeesmeraldas.gob.ec\/index.php\/wp-json\/wp\/v2\/posts\/4025","targetHints":{"allow":["GET"]}}],"collection":[{"href":"https:\/\/prefecturadeesmeraldas.gob.ec\/index.php\/wp-json\/wp\/v2\/posts"}],"about":[{"href":"https:\/\/prefecturadeesmeraldas.gob.ec\/index.php\/wp-json\/wp\/v2\/types\/post"}],"author":[{"embeddable":true,"href":"https:\/\/prefecturadeesmeraldas.gob.ec\/index.php\/wp-json\/wp\/v2\/users\/2"}],"replies":[{"embeddable":true,"href":"https:\/\/prefecturadeesmeraldas.gob.ec\/index.php\/wp-json\/wp\/v2\/comments?post=4025"}],"version-history":[{"count":0,"href":"https:\/\/prefecturadeesmeraldas.gob.ec\/index.php\/wp-json\/wp\/v2\/posts\/4025\/revisions"}],"wp:featuredmedia":[{"embeddable":true,"href":"https:\/\/prefecturadeesmeraldas.gob.ec\/index.php\/wp-json\/wp\/v2\/media\/4026"}],"wp:attachment":[{"href":"https:\/\/prefecturadeesmeraldas.gob.ec\/index.php\/wp-json\/wp\/v2\/media?parent=4025"}],"wp:term":[{"taxonomy":"category","embeddable":true,"href":"https:\/\/prefecturadeesmeraldas.gob.ec\/index.php\/wp-json\/wp\/v2\/categories?post=4025"},{"taxonomy":"post_tag","embeddable":true,"href":"https:\/\/prefecturadeesmeraldas.gob.ec\/index.php\/wp-json\/wp\/v2\/tags?post=4025"}],"curies":[{"name":"wp","href":"https:\/\/api.w.org\/{rel}","templated":true}]}}