{"id":4018,"date":"2020-04-05T20:28:18","date_gmt":"2020-04-06T01:28:18","guid":{"rendered":"http:\/\/prefecturadeesmeraldas.gob.ec\/?p=4018"},"modified":"2020-04-24T19:58:01","modified_gmt":"2020-04-25T00:58:01","slug":"prefectura-sigue-liderando-jornadas-de-fumigacion-en-esmeraldas","status":"publish","type":"post","link":"https:\/\/prefecturadeesmeraldas.gob.ec\/index.php\/2020\/04\/05\/prefectura-sigue-liderando-jornadas-de-fumigacion-en-esmeraldas\/","title":{"rendered":"Prefectura sigue liderando jornadas de fumigaci\u00f3n en Esmeraldas"},"content":{"rendered":"\t\t<div data-elementor-type=\"wp-post\" data-elementor-id=\"4018\" class=\"elementor elementor-4018\">\n\t\t\t\t\t\t<section class=\"elementor-section elementor-top-section elementor-element elementor-element-d3e5deb elementor-section-boxed elementor-section-height-default elementor-section-height-default\" data-id=\"d3e5deb\" data-element_type=\"section\">\n\t\t\t\t\t\t<div class=\"elementor-container elementor-column-gap-default\">\n\t\t\t\t\t<div class=\"elementor-column elementor-col-100 elementor-top-column elementor-element elementor-element-63c50c8\" data-id=\"63c50c8\" data-element_type=\"column\">\n\t\t\t<div class=\"elementor-widget-wrap elementor-element-populated\">\n\t\t\t\t\t\t<div class=\"elementor-element elementor-element-9fb9fe5 elementor-widget elementor-widget-image\" data-id=\"9fb9fe5\" data-element_type=\"widget\" data-widget_type=\"image.default\">\n\t\t\t\t<div class=\"elementor-widget-container\">\n\t\t\t\t\t\t\t\t\t\t\t\t\t\t\t<img fetchpriority=\"high\" decoding=\"async\" width=\"1024\" height=\"768\" src=\"https:\/\/prefecturadeesmeraldas.gob.ec\/wp-content\/uploads\/2020\/04\/WhatsApp-Image-2020-04-04-at-12.02.57-1-1024x768.jpeg\" class=\"attachment-large size-large wp-image-4021\" alt=\"\" srcset=\"https:\/\/prefecturadeesmeraldas.gob.ec\/wp-content\/uploads\/2020\/04\/WhatsApp-Image-2020-04-04-at-12.02.57-1-1024x768.jpeg 1024w, https:\/\/prefecturadeesmeraldas.gob.ec\/wp-content\/uploads\/2020\/04\/WhatsApp-Image-2020-04-04-at-12.02.57-1-1080x810.jpeg 1080w, https:\/\/prefecturadeesmeraldas.gob.ec\/wp-content\/uploads\/2020\/04\/WhatsApp-Image-2020-04-04-at-12.02.57-1-300x225.jpeg 300w, https:\/\/prefecturadeesmeraldas.gob.ec\/wp-content\/uploads\/2020\/04\/WhatsApp-Image-2020-04-04-at-12.02.57-1-768x576.jpeg 768w, https:\/\/prefecturadeesmeraldas.gob.ec\/wp-content\/uploads\/2020\/04\/WhatsApp-Image-2020-04-04-at-12.02.57-1.jpeg 1280w\" sizes=\"(max-width: 1024px) 100vw, 1024px\" \/>\t\t\t\t\t\t\t\t\t\t\t\t\t\t\t<\/div>\n\t\t\t\t<\/div>\n\t\t\t\t\t<\/div>\n\t\t<\/div>\n\t\t\t\t\t<\/div>\n\t\t<\/section>\n\t\t\t\t<section class=\"elementor-section elementor-top-section elementor-element elementor-element-6ca0bbe elementor-section-boxed elementor-section-height-default elementor-section-height-default\" data-id=\"6ca0bbe\" data-element_type=\"section\">\n\t\t\t\t\t\t<div class=\"elementor-container elementor-column-gap-default\">\n\t\t\t\t\t<div class=\"elementor-column elementor-col-100 elementor-top-column elementor-element elementor-element-d9bc321\" data-id=\"d9bc321\" data-element_type=\"column\">\n\t\t\t<div class=\"elementor-widget-wrap elementor-element-populated\">\n\t\t\t\t\t\t<div class=\"elementor-element elementor-element-fcd4f29 elementor-widget elementor-widget-text-editor\" data-id=\"fcd4f29\" data-element_type=\"widget\" data-widget_type=\"text-editor.default\">\n\t\t\t\t<div class=\"elementor-widget-container\">\n\t\t\t\t\t\t\t\t\t<p>Motivados solo por el inter\u00e9s de ayudar a las y los esmeralde\u00f1os, personal t\u00e9cnico de la Prefectura de Esmeraldas, <strong>realiza intensas jornadas de fumigaci\u00f3n en el \u00e1rea urbana de la ciudad<\/strong>. Este trabajo est\u00e1 siendo ejecutado de forma permanente, para minimizar el riesgo de contagio de enfermedades transmitidas por mosquitos transmisores de enfermedades tropicales con s\u00edntomas similares a los del Covid19. Con ello, se busca reducir la afluencia de personas a las casas de salud que actualmente se centran en detectar y atender a tiempo el nuevo coronavirus.<\/p><p><strong>Roberto Ortiz<\/strong>, l\u00edder de estas jornadas, ratific\u00f3 que la labor encomendada por <strong>Roberta Zambrano<\/strong>, prefecta de Esmeraldas, a trav\u00e9s de UNAMYDESC, mantiene una acci\u00f3n constante, fumigando m\u00e1s de una docena de sectores del centro, norte y sur de la ciudad.<\/p>\t\t\t\t\t\t\t\t<\/div>\n\t\t\t\t<\/div>\n\t\t\t\t\t<\/div>\n\t\t<\/div>\n\t\t\t\t\t<\/div>\n\t\t<\/section>\n\t\t\t\t<section class=\"elementor-section elementor-top-section elementor-element elementor-element-222532f elementor-section-boxed elementor-section-height-default elementor-section-height-default\" data-id=\"222532f\" data-element_type=\"section\">\n\t\t\t\t\t\t<div class=\"elementor-container elementor-column-gap-default\">\n\t\t\t\t\t<div class=\"elementor-column elementor-col-100 elementor-top-column elementor-element elementor-element-87a8f8e\" data-id=\"87a8f8e\" data-element_type=\"column\">\n\t\t\t<div class=\"elementor-widget-wrap elementor-element-populated\">\n\t\t\t\t\t\t<div class=\"elementor-element elementor-element-86f1644 elementor-widget elementor-widget-image\" data-id=\"86f1644\" data-element_type=\"widget\" data-widget_type=\"image.default\">\n\t\t\t\t<div class=\"elementor-widget-container\">\n\t\t\t\t\t\t\t\t\t\t\t\t\t\t\t<img decoding=\"async\" width=\"1024\" height=\"768\" src=\"https:\/\/prefecturadeesmeraldas.gob.ec\/wp-content\/uploads\/2020\/04\/WhatsApp-Image-2020-04-04-at-12.02.57-2-1024x768.jpeg\" class=\"attachment-large size-large wp-image-4022\" alt=\"\" srcset=\"https:\/\/prefecturadeesmeraldas.gob.ec\/wp-content\/uploads\/2020\/04\/WhatsApp-Image-2020-04-04-at-12.02.57-2-1024x768.jpeg 1024w, https:\/\/prefecturadeesmeraldas.gob.ec\/wp-content\/uploads\/2020\/04\/WhatsApp-Image-2020-04-04-at-12.02.57-2-1080x810.jpeg 1080w, https:\/\/prefecturadeesmeraldas.gob.ec\/wp-content\/uploads\/2020\/04\/WhatsApp-Image-2020-04-04-at-12.02.57-2-300x225.jpeg 300w, https:\/\/prefecturadeesmeraldas.gob.ec\/wp-content\/uploads\/2020\/04\/WhatsApp-Image-2020-04-04-at-12.02.57-2-768x576.jpeg 768w, https:\/\/prefecturadeesmeraldas.gob.ec\/wp-content\/uploads\/2020\/04\/WhatsApp-Image-2020-04-04-at-12.02.57-2.jpeg 1280w\" sizes=\"(max-width: 1024px) 100vw, 1024px\" \/>\t\t\t\t\t\t\t\t\t\t\t\t\t\t\t<\/div>\n\t\t\t\t<\/div>\n\t\t\t\t\t<\/div>\n\t\t<\/div>\n\t\t\t\t\t<\/div>\n\t\t<\/section>\n\t\t\t\t<section class=\"elementor-section elementor-top-section elementor-element elementor-element-936f86a elementor-section-boxed elementor-section-height-default elementor-section-height-default\" data-id=\"936f86a\" data-element_type=\"section\">\n\t\t\t\t\t\t<div class=\"elementor-container elementor-column-gap-default\">\n\t\t\t\t\t<div class=\"elementor-column elementor-col-100 elementor-top-column elementor-element elementor-element-0f829bc\" data-id=\"0f829bc\" data-element_type=\"column\">\n\t\t\t<div class=\"elementor-widget-wrap elementor-element-populated\">\n\t\t\t\t\t\t<div class=\"elementor-element elementor-element-7606ea4 elementor-widget elementor-widget-text-editor\" data-id=\"7606ea4\" data-element_type=\"widget\" data-widget_type=\"text-editor.default\">\n\t\t\t\t<div class=\"elementor-widget-container\">\n\t\t\t\t\t\t\t\t\t<p>Adem\u00e1s, detall\u00f3 que la atenci\u00f3n se centr\u00f3 en fumigar aquellas zonas en las que se inform\u00f3 la existencia de casos de dengue y paludismo que son igual de preocupantes al Covid19.<\/p><p>Tambi\u00e9n se inform\u00f3 que la Prefectura de Esmeraldas sumar\u00e1 a las fumigaciones con termo nebulizador, una jornada de desinfecci\u00f3n de v\u00edas, mediante la implementaci\u00f3n de un sistema de dispersi\u00f3n de ingredientes a trav\u00e9s de un veh\u00edculo tipo tanquero.<\/p><p>Entre los sitios recientemente intervenidos se registran la isla Luis Vargas Torres y Pianguap\u00ed.\u00a0 Y para concluir, se solicit\u00f3 seguir aplicando las recomendaciones dadas por los expertos en salud y autoridades, de manera tal que se pueda ir superando esta pandemia.\u00a0<\/p>\t\t\t\t\t\t\t\t<\/div>\n\t\t\t\t<\/div>\n\t\t\t\t\t<\/div>\n\t\t<\/div>\n\t\t\t\t\t<\/div>\n\t\t<\/section>\n\t\t\t\t<\/div>\n\t\t","protected":false},"excerpt":{"rendered":"<p>Motivados solo por el inter\u00e9s de ayudar a las y los esmeralde\u00f1os, personal t\u00e9cnico de la Prefectura de Esmeraldas, realiza intensas jornadas de fumigaci\u00f3n en el \u00e1rea urbana de la ciudad. Este trabajo est\u00e1 siendo ejecutado de forma permanente, para minimizar el riesgo de contagio de enfermedades transmitidas por mosquitos transmisores de enfermedades tropicales con [&hellip;]<\/p>\n","protected":false},"author":2,"featured_media":4021,"comment_status":"closed","ping_status":"open","sticky":false,"template":"","format":"standard","meta":{"footnotes":""},"categories":[13],"tags":[],"class_list":["post-4018","post","type-post","status-publish","format-standard","has-post-thumbnail","hentry","category-patronato"],"yoast_head":"<!-- This site is optimized with the Yoast SEO plugin v25.7 - https:\/\/yoast.com\/wordpress\/plugins\/seo\/ -->\n<title>Prefectura sigue liderando jornadas de fumigaci\u00f3n en Esmeraldas - Gobierno Aut\u00f3nomo Descentralizado de la Provincia de Esmeraldas<\/title>\n<meta name=\"robots\" content=\"index, follow, max-snippet:-1, max-image-preview:large, max-video-preview:-1\" \/>\n<link rel=\"canonical\" href=\"https:\/\/prefecturadeesmeraldas.gob.ec\/index.php\/2020\/04\/05\/prefectura-sigue-liderando-jornadas-de-fumigacion-en-esmeraldas\/\" \/>\n<meta property=\"og:locale\" content=\"es_ES\" \/>\n<meta property=\"og:type\" content=\"article\" \/>\n<meta property=\"og:title\" content=\"Prefectura sigue liderando jornadas de fumigaci\u00f3n en Esmeraldas - Gobierno Aut\u00f3nomo Descentralizado de la Provincia de Esmeraldas\" \/>\n<meta property=\"og:description\" content=\"Motivados solo por el inter\u00e9s de ayudar a las y los esmeralde\u00f1os, personal t\u00e9cnico de la Prefectura de Esmeraldas, realiza intensas jornadas de fumigaci\u00f3n en el \u00e1rea urbana de la ciudad. Este trabajo est\u00e1 siendo ejecutado de forma permanente, para minimizar el riesgo de contagio de enfermedades transmitidas por mosquitos transmisores de enfermedades tropicales con [&hellip;]\" \/>\n<meta property=\"og:url\" content=\"https:\/\/prefecturadeesmeraldas.gob.ec\/index.php\/2020\/04\/05\/prefectura-sigue-liderando-jornadas-de-fumigacion-en-esmeraldas\/\" \/>\n<meta property=\"og:site_name\" content=\"Gobierno Aut\u00f3nomo Descentralizado de la Provincia de Esmeraldas\" \/>\n<meta property=\"article:publisher\" content=\"https:\/\/www.facebook.com\/PrefecturaEsmeraldas\/\" \/>\n<meta property=\"article:published_time\" content=\"2020-04-06T01:28:18+00:00\" \/>\n<meta property=\"article:modified_time\" content=\"2020-04-25T00:58:01+00:00\" \/>\n<meta property=\"og:image\" content=\"https:\/\/prefecturadeesmeraldas.gob.ec\/wp-content\/uploads\/2020\/04\/WhatsApp-Image-2020-04-04-at-12.02.57-1.jpeg\" \/>\n\t<meta property=\"og:image:width\" content=\"1280\" \/>\n\t<meta property=\"og:image:height\" content=\"960\" \/>\n\t<meta property=\"og:image:type\" content=\"image\/jpeg\" \/>\n<meta name=\"author\" content=\"Direcci\u00f3n de Comunicaci\u00f3n\" \/>\n<meta name=\"twitter:card\" content=\"summary_large_image\" \/>\n<meta name=\"twitter:label1\" content=\"Escrito por\" \/>\n\t<meta name=\"twitter:data1\" content=\"Direcci\u00f3n de Comunicaci\u00f3n\" \/>\n\t<meta name=\"twitter:label2\" content=\"Tiempo de lectura\" \/>\n\t<meta name=\"twitter:data2\" content=\"1 minuto\" \/>\n<script type=\"application\/ld+json\" class=\"yoast-schema-graph\">{\"@context\":\"https:\/\/schema.org\",\"@graph\":[{\"@type\":\"Article\",\"@id\":\"https:\/\/prefecturadeesmeraldas.gob.ec\/index.php\/2020\/04\/05\/prefectura-sigue-liderando-jornadas-de-fumigacion-en-esmeraldas\/#article\",\"isPartOf\":{\"@id\":\"https:\/\/prefecturadeesmeraldas.gob.ec\/index.php\/2020\/04\/05\/prefectura-sigue-liderando-jornadas-de-fumigacion-en-esmeraldas\/\"},\"author\":{\"name\":\"Direcci\u00f3n de Comunicaci\u00f3n\",\"@id\":\"https:\/\/prefecturadeesmeraldas.gob.ec\/#\/schema\/person\/b0c9e7b1ead7725994d1e319e8825234\"},\"headline\":\"Prefectura sigue liderando jornadas de fumigaci\u00f3n en Esmeraldas\",\"datePublished\":\"2020-04-06T01:28:18+00:00\",\"dateModified\":\"2020-04-25T00:58:01+00:00\",\"mainEntityOfPage\":{\"@id\":\"https:\/\/prefecturadeesmeraldas.gob.ec\/index.php\/2020\/04\/05\/prefectura-sigue-liderando-jornadas-de-fumigacion-en-esmeraldas\/\"},\"wordCount\":267,\"publisher\":{\"@id\":\"https:\/\/prefecturadeesmeraldas.gob.ec\/#organization\"},\"image\":{\"@id\":\"https:\/\/prefecturadeesmeraldas.gob.ec\/index.php\/2020\/04\/05\/prefectura-sigue-liderando-jornadas-de-fumigacion-en-esmeraldas\/#primaryimage\"},\"thumbnailUrl\":\"https:\/\/prefecturadeesmeraldas.gob.ec\/wp-content\/uploads\/2020\/04\/WhatsApp-Image-2020-04-04-at-12.02.57-1.jpeg\",\"articleSection\":[\"UNAMYDESC\"],\"inLanguage\":\"es\"},{\"@type\":\"WebPage\",\"@id\":\"https:\/\/prefecturadeesmeraldas.gob.ec\/index.php\/2020\/04\/05\/prefectura-sigue-liderando-jornadas-de-fumigacion-en-esmeraldas\/\",\"url\":\"https:\/\/prefecturadeesmeraldas.gob.ec\/index.php\/2020\/04\/05\/prefectura-sigue-liderando-jornadas-de-fumigacion-en-esmeraldas\/\",\"name\":\"Prefectura sigue liderando jornadas de fumigaci\u00f3n en Esmeraldas - Gobierno Aut\u00f3nomo Descentralizado de la Provincia de Esmeraldas\",\"isPartOf\":{\"@id\":\"https:\/\/prefecturadeesmeraldas.gob.ec\/#website\"},\"primaryImageOfPage\":{\"@id\":\"https:\/\/prefecturadeesmeraldas.gob.ec\/index.php\/2020\/04\/05\/prefectura-sigue-liderando-jornadas-de-fumigacion-en-esmeraldas\/#primaryimage\"},\"image\":{\"@id\":\"https:\/\/prefecturadeesmeraldas.gob.ec\/index.php\/2020\/04\/05\/prefectura-sigue-liderando-jornadas-de-fumigacion-en-esmeraldas\/#primaryimage\"},\"thumbnailUrl\":\"https:\/\/prefecturadeesmeraldas.gob.ec\/wp-content\/uploads\/2020\/04\/WhatsApp-Image-2020-04-04-at-12.02.57-1.jpeg\",\"datePublished\":\"2020-04-06T01:28:18+00:00\",\"dateModified\":\"2020-04-25T00:58:01+00:00\",\"breadcrumb\":{\"@id\":\"https:\/\/prefecturadeesmeraldas.gob.ec\/index.php\/2020\/04\/05\/prefectura-sigue-liderando-jornadas-de-fumigacion-en-esmeraldas\/#breadcrumb\"},\"inLanguage\":\"es\",\"potentialAction\":[{\"@type\":\"ReadAction\",\"target\":[\"https:\/\/prefecturadeesmeraldas.gob.ec\/index.php\/2020\/04\/05\/prefectura-sigue-liderando-jornadas-de-fumigacion-en-esmeraldas\/\"]}]},{\"@type\":\"ImageObject\",\"inLanguage\":\"es\",\"@id\":\"https:\/\/prefecturadeesmeraldas.gob.ec\/index.php\/2020\/04\/05\/prefectura-sigue-liderando-jornadas-de-fumigacion-en-esmeraldas\/#primaryimage\",\"url\":\"https:\/\/prefecturadeesmeraldas.gob.ec\/wp-content\/uploads\/2020\/04\/WhatsApp-Image-2020-04-04-at-12.02.57-1.jpeg\",\"contentUrl\":\"https:\/\/prefecturadeesmeraldas.gob.ec\/wp-content\/uploads\/2020\/04\/WhatsApp-Image-2020-04-04-at-12.02.57-1.jpeg\",\"width\":1280,\"height\":960},{\"@type\":\"BreadcrumbList\",\"@id\":\"https:\/\/prefecturadeesmeraldas.gob.ec\/index.php\/2020\/04\/05\/prefectura-sigue-liderando-jornadas-de-fumigacion-en-esmeraldas\/#breadcrumb\",\"itemListElement\":[{\"@type\":\"ListItem\",\"position\":1,\"name\":\"Home\",\"item\":\"https:\/\/prefecturadeesmeraldas.gob.ec\/\"},{\"@type\":\"ListItem\",\"position\":2,\"name\":\"Prefectura sigue liderando jornadas de fumigaci\u00f3n en Esmeraldas\"}]},{\"@type\":\"WebSite\",\"@id\":\"https:\/\/prefecturadeesmeraldas.gob.ec\/#website\",\"url\":\"https:\/\/prefecturadeesmeraldas.gob.ec\/\",\"name\":\"Gobierno Aut\u00f3nomo Descentralizado de la Provincia de Esmeraldas\",\"description\":\"Gobierno Aut\u00f3nomo Descentralizado de la Provincia de Esmeraldas\",\"publisher\":{\"@id\":\"https:\/\/prefecturadeesmeraldas.gob.ec\/#organization\"},\"potentialAction\":[{\"@type\":\"SearchAction\",\"target\":{\"@type\":\"EntryPoint\",\"urlTemplate\":\"https:\/\/prefecturadeesmeraldas.gob.ec\/?s={search_term_string}\"},\"query-input\":{\"@type\":\"PropertyValueSpecification\",\"valueRequired\":true,\"valueName\":\"search_term_string\"}}],\"inLanguage\":\"es\"},{\"@type\":\"Organization\",\"@id\":\"https:\/\/prefecturadeesmeraldas.gob.ec\/#organization\",\"name\":\"Gobierno Aut\u00f3nomo Descentralizado de la Provincia de Esmeraldas\",\"url\":\"https:\/\/prefecturadeesmeraldas.gob.ec\/\",\"logo\":{\"@type\":\"ImageObject\",\"inLanguage\":\"es\",\"@id\":\"https:\/\/prefecturadeesmeraldas.gob.ec\/#\/schema\/logo\/image\/\",\"url\":\"https:\/\/prefecturadeesmeraldas.gob.ec\/wp-content\/uploads\/2019\/06\/logo.png\",\"contentUrl\":\"https:\/\/prefecturadeesmeraldas.gob.ec\/wp-content\/uploads\/2019\/06\/logo.png\",\"width\":859,\"height\":448,\"caption\":\"Gobierno Aut\u00f3nomo Descentralizado de la Provincia de Esmeraldas\"},\"image\":{\"@id\":\"https:\/\/prefecturadeesmeraldas.gob.ec\/#\/schema\/logo\/image\/\"},\"sameAs\":[\"https:\/\/www.facebook.com\/PrefecturaEsmeraldas\/\"]},{\"@type\":\"Person\",\"@id\":\"https:\/\/prefecturadeesmeraldas.gob.ec\/#\/schema\/person\/b0c9e7b1ead7725994d1e319e8825234\",\"name\":\"Direcci\u00f3n de Comunicaci\u00f3n\",\"image\":{\"@type\":\"ImageObject\",\"inLanguage\":\"es\",\"@id\":\"https:\/\/prefecturadeesmeraldas.gob.ec\/#\/schema\/person\/image\/\",\"url\":\"https:\/\/secure.gravatar.com\/avatar\/74a3870a946f5d774ade3569af61a72308e07ad3346f370c4b468ee2a9858658?s=96&d=mm&r=g\",\"contentUrl\":\"https:\/\/secure.gravatar.com\/avatar\/74a3870a946f5d774ade3569af61a72308e07ad3346f370c4b468ee2a9858658?s=96&d=mm&r=g\",\"caption\":\"Direcci\u00f3n de Comunicaci\u00f3n\"}}]}<\/script>\n<!-- \/ Yoast SEO plugin. -->","yoast_head_json":{"title":"Prefectura sigue liderando jornadas de fumigaci\u00f3n en Esmeraldas - Gobierno Aut\u00f3nomo Descentralizado de la Provincia de Esmeraldas","robots":{"index":"index","follow":"follow","max-snippet":"max-snippet:-1","max-image-preview":"max-image-preview:large","max-video-preview":"max-video-preview:-1"},"canonical":"https:\/\/prefecturadeesmeraldas.gob.ec\/index.php\/2020\/04\/05\/prefectura-sigue-liderando-jornadas-de-fumigacion-en-esmeraldas\/","og_locale":"es_ES","og_type":"article","og_title":"Prefectura sigue liderando jornadas de fumigaci\u00f3n en Esmeraldas - Gobierno Aut\u00f3nomo Descentralizado de la Provincia de Esmeraldas","og_description":"Motivados solo por el inter\u00e9s de ayudar a las y los esmeralde\u00f1os, personal t\u00e9cnico de la Prefectura de Esmeraldas, realiza intensas jornadas de fumigaci\u00f3n en el \u00e1rea urbana de la ciudad. Este trabajo est\u00e1 siendo ejecutado de forma permanente, para minimizar el riesgo de contagio de enfermedades transmitidas por mosquitos transmisores de enfermedades tropicales con [&hellip;]","og_url":"https:\/\/prefecturadeesmeraldas.gob.ec\/index.php\/2020\/04\/05\/prefectura-sigue-liderando-jornadas-de-fumigacion-en-esmeraldas\/","og_site_name":"Gobierno Aut\u00f3nomo Descentralizado de la Provincia de Esmeraldas","article_publisher":"https:\/\/www.facebook.com\/PrefecturaEsmeraldas\/","article_published_time":"2020-04-06T01:28:18+00:00","article_modified_time":"2020-04-25T00:58:01+00:00","og_image":[{"width":1280,"height":960,"url":"https:\/\/prefecturadeesmeraldas.gob.ec\/wp-content\/uploads\/2020\/04\/WhatsApp-Image-2020-04-04-at-12.02.57-1.jpeg","type":"image\/jpeg"}],"author":"Direcci\u00f3n de Comunicaci\u00f3n","twitter_card":"summary_large_image","twitter_misc":{"Escrito por":"Direcci\u00f3n de Comunicaci\u00f3n","Tiempo de lectura":"1 minuto"},"schema":{"@context":"https:\/\/schema.org","@graph":[{"@type":"Article","@id":"https:\/\/prefecturadeesmeraldas.gob.ec\/index.php\/2020\/04\/05\/prefectura-sigue-liderando-jornadas-de-fumigacion-en-esmeraldas\/#article","isPartOf":{"@id":"https:\/\/prefecturadeesmeraldas.gob.ec\/index.php\/2020\/04\/05\/prefectura-sigue-liderando-jornadas-de-fumigacion-en-esmeraldas\/"},"author":{"name":"Direcci\u00f3n de Comunicaci\u00f3n","@id":"https:\/\/prefecturadeesmeraldas.gob.ec\/#\/schema\/person\/b0c9e7b1ead7725994d1e319e8825234"},"headline":"Prefectura sigue liderando jornadas de fumigaci\u00f3n en Esmeraldas","datePublished":"2020-04-06T01:28:18+00:00","dateModified":"2020-04-25T00:58:01+00:00","mainEntityOfPage":{"@id":"https:\/\/prefecturadeesmeraldas.gob.ec\/index.php\/2020\/04\/05\/prefectura-sigue-liderando-jornadas-de-fumigacion-en-esmeraldas\/"},"wordCount":267,"publisher":{"@id":"https:\/\/prefecturadeesmeraldas.gob.ec\/#organization"},"image":{"@id":"https:\/\/prefecturadeesmeraldas.gob.ec\/index.php\/2020\/04\/05\/prefectura-sigue-liderando-jornadas-de-fumigacion-en-esmeraldas\/#primaryimage"},"thumbnailUrl":"https:\/\/prefecturadeesmeraldas.gob.ec\/wp-content\/uploads\/2020\/04\/WhatsApp-Image-2020-04-04-at-12.02.57-1.jpeg","articleSection":["UNAMYDESC"],"inLanguage":"es"},{"@type":"WebPage","@id":"https:\/\/prefecturadeesmeraldas.gob.ec\/index.php\/2020\/04\/05\/prefectura-sigue-liderando-jornadas-de-fumigacion-en-esmeraldas\/","url":"https:\/\/prefecturadeesmeraldas.gob.ec\/index.php\/2020\/04\/05\/prefectura-sigue-liderando-jornadas-de-fumigacion-en-esmeraldas\/","name":"Prefectura sigue liderando jornadas de fumigaci\u00f3n en Esmeraldas - Gobierno Aut\u00f3nomo Descentralizado de la Provincia de Esmeraldas","isPartOf":{"@id":"https:\/\/prefecturadeesmeraldas.gob.ec\/#website"},"primaryImageOfPage":{"@id":"https:\/\/prefecturadeesmeraldas.gob.ec\/index.php\/2020\/04\/05\/prefectura-sigue-liderando-jornadas-de-fumigacion-en-esmeraldas\/#primaryimage"},"image":{"@id":"https:\/\/prefecturadeesmeraldas.gob.ec\/index.php\/2020\/04\/05\/prefectura-sigue-liderando-jornadas-de-fumigacion-en-esmeraldas\/#primaryimage"},"thumbnailUrl":"https:\/\/prefecturadeesmeraldas.gob.ec\/wp-content\/uploads\/2020\/04\/WhatsApp-Image-2020-04-04-at-12.02.57-1.jpeg","datePublished":"2020-04-06T01:28:18+00:00","dateModified":"2020-04-25T00:58:01+00:00","breadcrumb":{"@id":"https:\/\/prefecturadeesmeraldas.gob.ec\/index.php\/2020\/04\/05\/prefectura-sigue-liderando-jornadas-de-fumigacion-en-esmeraldas\/#breadcrumb"},"inLanguage":"es","potentialAction":[{"@type":"ReadAction","target":["https:\/\/prefecturadeesmeraldas.gob.ec\/index.php\/2020\/04\/05\/prefectura-sigue-liderando-jornadas-de-fumigacion-en-esmeraldas\/"]}]},{"@type":"ImageObject","inLanguage":"es","@id":"https:\/\/prefecturadeesmeraldas.gob.ec\/index.php\/2020\/04\/05\/prefectura-sigue-liderando-jornadas-de-fumigacion-en-esmeraldas\/#primaryimage","url":"https:\/\/prefecturadeesmeraldas.gob.ec\/wp-content\/uploads\/2020\/04\/WhatsApp-Image-2020-04-04-at-12.02.57-1.jpeg","contentUrl":"https:\/\/prefecturadeesmeraldas.gob.ec\/wp-content\/uploads\/2020\/04\/WhatsApp-Image-2020-04-04-at-12.02.57-1.jpeg","width":1280,"height":960},{"@type":"BreadcrumbList","@id":"https:\/\/prefecturadeesmeraldas.gob.ec\/index.php\/2020\/04\/05\/prefectura-sigue-liderando-jornadas-de-fumigacion-en-esmeraldas\/#breadcrumb","itemListElement":[{"@type":"ListItem","position":1,"name":"Home","item":"https:\/\/prefecturadeesmeraldas.gob.ec\/"},{"@type":"ListItem","position":2,"name":"Prefectura sigue liderando jornadas de fumigaci\u00f3n en Esmeraldas"}]},{"@type":"WebSite","@id":"https:\/\/prefecturadeesmeraldas.gob.ec\/#website","url":"https:\/\/prefecturadeesmeraldas.gob.ec\/","name":"Gobierno Aut\u00f3nomo Descentralizado de la Provincia de Esmeraldas","description":"Gobierno Aut\u00f3nomo Descentralizado de la Provincia de Esmeraldas","publisher":{"@id":"https:\/\/prefecturadeesmeraldas.gob.ec\/#organization"},"potentialAction":[{"@type":"SearchAction","target":{"@type":"EntryPoint","urlTemplate":"https:\/\/prefecturadeesmeraldas.gob.ec\/?s={search_term_string}"},"query-input":{"@type":"PropertyValueSpecification","valueRequired":true,"valueName":"search_term_string"}}],"inLanguage":"es"},{"@type":"Organization","@id":"https:\/\/prefecturadeesmeraldas.gob.ec\/#organization","name":"Gobierno Aut\u00f3nomo Descentralizado de la Provincia de Esmeraldas","url":"https:\/\/prefecturadeesmeraldas.gob.ec\/","logo":{"@type":"ImageObject","inLanguage":"es","@id":"https:\/\/prefecturadeesmeraldas.gob.ec\/#\/schema\/logo\/image\/","url":"https:\/\/prefecturadeesmeraldas.gob.ec\/wp-content\/uploads\/2019\/06\/logo.png","contentUrl":"https:\/\/prefecturadeesmeraldas.gob.ec\/wp-content\/uploads\/2019\/06\/logo.png","width":859,"height":448,"caption":"Gobierno Aut\u00f3nomo Descentralizado de la Provincia de Esmeraldas"},"image":{"@id":"https:\/\/prefecturadeesmeraldas.gob.ec\/#\/schema\/logo\/image\/"},"sameAs":["https:\/\/www.facebook.com\/PrefecturaEsmeraldas\/"]},{"@type":"Person","@id":"https:\/\/prefecturadeesmeraldas.gob.ec\/#\/schema\/person\/b0c9e7b1ead7725994d1e319e8825234","name":"Direcci\u00f3n de Comunicaci\u00f3n","image":{"@type":"ImageObject","inLanguage":"es","@id":"https:\/\/prefecturadeesmeraldas.gob.ec\/#\/schema\/person\/image\/","url":"https:\/\/secure.gravatar.com\/avatar\/74a3870a946f5d774ade3569af61a72308e07ad3346f370c4b468ee2a9858658?s=96&d=mm&r=g","contentUrl":"https:\/\/secure.gravatar.com\/avatar\/74a3870a946f5d774ade3569af61a72308e07ad3346f370c4b468ee2a9858658?s=96&d=mm&r=g","caption":"Direcci\u00f3n de Comunicaci\u00f3n"}}]}},"_links":{"self":[{"href":"https:\/\/prefecturadeesmeraldas.gob.ec\/index.php\/wp-json\/wp\/v2\/posts\/4018","targetHints":{"allow":["GET"]}}],"collection":[{"href":"https:\/\/prefecturadeesmeraldas.gob.ec\/index.php\/wp-json\/wp\/v2\/posts"}],"about":[{"href":"https:\/\/prefecturadeesmeraldas.gob.ec\/index.php\/wp-json\/wp\/v2\/types\/post"}],"author":[{"embeddable":true,"href":"https:\/\/prefecturadeesmeraldas.gob.ec\/index.php\/wp-json\/wp\/v2\/users\/2"}],"replies":[{"embeddable":true,"href":"https:\/\/prefecturadeesmeraldas.gob.ec\/index.php\/wp-json\/wp\/v2\/comments?post=4018"}],"version-history":[{"count":0,"href":"https:\/\/prefecturadeesmeraldas.gob.ec\/index.php\/wp-json\/wp\/v2\/posts\/4018\/revisions"}],"wp:featuredmedia":[{"embeddable":true,"href":"https:\/\/prefecturadeesmeraldas.gob.ec\/index.php\/wp-json\/wp\/v2\/media\/4021"}],"wp:attachment":[{"href":"https:\/\/prefecturadeesmeraldas.gob.ec\/index.php\/wp-json\/wp\/v2\/media?parent=4018"}],"wp:term":[{"taxonomy":"category","embeddable":true,"href":"https:\/\/prefecturadeesmeraldas.gob.ec\/index.php\/wp-json\/wp\/v2\/categories?post=4018"},{"taxonomy":"post_tag","embeddable":true,"href":"https:\/\/prefecturadeesmeraldas.gob.ec\/index.php\/wp-json\/wp\/v2\/tags?post=4018"}],"curies":[{"name":"wp","href":"https:\/\/api.w.org\/{rel}","templated":true}]}}