{"id":3957,"date":"2020-03-30T10:55:28","date_gmt":"2020-03-30T15:55:28","guid":{"rendered":"http:\/\/prefecturadeesmeraldas.gob.ec\/?p=3957"},"modified":"2020-03-30T10:56:26","modified_gmt":"2020-03-30T15:56:26","slug":"la-zona-sur-de-la-provincia-tambien-fue-parte-de-la-ejecucion-de-trabajos-de-mejoramiento-vial","status":"publish","type":"post","link":"https:\/\/prefecturadeesmeraldas.gob.ec\/index.php\/2020\/03\/30\/la-zona-sur-de-la-provincia-tambien-fue-parte-de-la-ejecucion-de-trabajos-de-mejoramiento-vial\/","title":{"rendered":"La zona sur de la Provincia tambi\u00e9n fue parte de la ejecuci\u00f3n de trabajos de mejoramiento vial"},"content":{"rendered":"\t\t<div data-elementor-type=\"wp-post\" data-elementor-id=\"3957\" class=\"elementor elementor-3957\">\n\t\t\t\t\t\t<section class=\"elementor-section elementor-top-section elementor-element elementor-element-902af81 elementor-section-boxed elementor-section-height-default elementor-section-height-default\" data-id=\"902af81\" data-element_type=\"section\">\n\t\t\t\t\t\t<div class=\"elementor-container elementor-column-gap-default\">\n\t\t\t\t\t<div class=\"elementor-column elementor-col-100 elementor-top-column elementor-element elementor-element-e31621b\" data-id=\"e31621b\" data-element_type=\"column\">\n\t\t\t<div class=\"elementor-widget-wrap elementor-element-populated\">\n\t\t\t\t\t\t<div class=\"elementor-element elementor-element-30821a8 elementor-widget elementor-widget-image\" data-id=\"30821a8\" data-element_type=\"widget\" data-widget_type=\"image.default\">\n\t\t\t\t<div class=\"elementor-widget-container\">\n\t\t\t\t\t\t\t\t\t\t\t\t\t\t\t<img fetchpriority=\"high\" decoding=\"async\" width=\"1024\" height=\"1015\" src=\"https:\/\/prefecturadeesmeraldas.gob.ec\/wp-content\/uploads\/2020\/03\/WhatsApp-Image-2020-03-30-at-09.12.45-1024x1015.jpeg\" class=\"attachment-large size-large wp-image-3960\" alt=\"\" srcset=\"https:\/\/prefecturadeesmeraldas.gob.ec\/wp-content\/uploads\/2020\/03\/WhatsApp-Image-2020-03-30-at-09.12.45-1024x1015.jpeg 1024w, https:\/\/prefecturadeesmeraldas.gob.ec\/wp-content\/uploads\/2020\/03\/WhatsApp-Image-2020-03-30-at-09.12.45-150x150.jpeg 150w, https:\/\/prefecturadeesmeraldas.gob.ec\/wp-content\/uploads\/2020\/03\/WhatsApp-Image-2020-03-30-at-09.12.45-300x297.jpeg 300w, https:\/\/prefecturadeesmeraldas.gob.ec\/wp-content\/uploads\/2020\/03\/WhatsApp-Image-2020-03-30-at-09.12.45-768x761.jpeg 768w, https:\/\/prefecturadeesmeraldas.gob.ec\/wp-content\/uploads\/2020\/03\/WhatsApp-Image-2020-03-30-at-09.12.45.jpeg 1080w\" sizes=\"(max-width: 1024px) 100vw, 1024px\" \/>\t\t\t\t\t\t\t\t\t\t\t\t\t\t\t<\/div>\n\t\t\t\t<\/div>\n\t\t\t\t\t<\/div>\n\t\t<\/div>\n\t\t\t\t\t<\/div>\n\t\t<\/section>\n\t\t\t\t<section class=\"elementor-section elementor-top-section elementor-element elementor-element-2fd55c9 elementor-section-boxed elementor-section-height-default elementor-section-height-default\" data-id=\"2fd55c9\" data-element_type=\"section\">\n\t\t\t\t\t\t<div class=\"elementor-container elementor-column-gap-default\">\n\t\t\t\t\t<div class=\"elementor-column elementor-col-100 elementor-top-column elementor-element elementor-element-4b5b958\" data-id=\"4b5b958\" data-element_type=\"column\">\n\t\t\t<div class=\"elementor-widget-wrap elementor-element-populated\">\n\t\t\t\t\t\t<div class=\"elementor-element elementor-element-4187c7f elementor-widget elementor-widget-text-editor\" data-id=\"4187c7f\" data-element_type=\"widget\" data-widget_type=\"text-editor.default\">\n\t\t\t\t<div class=\"elementor-widget-container\">\n\t\t\t\t\t\t\t\t\t<p>Habitantes de la zona sur de la provincia de Esmeraldas, tambi\u00e9n fueron beneficiados con la ejecuci\u00f3n de trabajos de mantenimiento y mejoramiento de la infraestructura vial, semanas antes de que se aplicaran las medidas de regulaci\u00f3n y control, ante la propagaci\u00f3n del COVID 19.<\/p><p>Los trabajos se ejecutaron conforme a lo establecido dentro del cronograma semanal de actividades, planificados por el personal t\u00e9cnico del \u00e1rea de infraestructura vial de la prefectura de Esmeraldas, siempre pensando en la necesidad de fortalecer y brindar un mayor bienestar entre los habitantes de la zona rural de la provincia.<\/p><p><strong>Es por eso que, del 16 al 20 de marzo de 2020, se realiz\u00f3 la ejecuci\u00f3n de la limpieza de alcantarillas, sobre el camino vecinal que conecta al recinto Tres V\u00edas con el recinto Buena Vista, en la parroquia San Gregorio<\/strong>, del cant\u00f3n Muisne. En esta obra se emple\u00f3 una excavadora propiedad del GADPE.<\/p><p>Mientras que, en el camino vecinal Balsalito &#8211; La Colorada, concluy\u00f3 el mantenimiento de v\u00edas programadas, mediante el uso de una motoniveladora, un rodillo, una cargadora y una volqueta, pertenecientes al Consejo Provincial puestas al servicio de los esmeralde\u00f1os.<\/p><p><strong>Por lo pronto, la ejecuci\u00f3n de otras actividades se encuentra a la espera de las disposiciones que entregue el Comit\u00e9 de Operaciones Emergentes Nacional, ante la emergencia del coronavirus<\/strong>. \u00danicamente se ejecutan trabajos emergentes por deslaves, derrumbes o taponamientos de alcantarillas que afecten la movilidad o pongan en riesgo la integridad de la poblaci\u00f3n.<\/p>\t\t\t\t\t\t\t\t<\/div>\n\t\t\t\t<\/div>\n\t\t\t\t\t<\/div>\n\t\t<\/div>\n\t\t\t\t\t<\/div>\n\t\t<\/section>\n\t\t\t\t<\/div>\n\t\t","protected":false},"excerpt":{"rendered":"<p>Habitantes de la zona sur de la provincia de Esmeraldas, tambi\u00e9n fueron beneficiados con la ejecuci\u00f3n de trabajos de mantenimiento y mejoramiento de la infraestructura vial, semanas antes de que se aplicaran las medidas de regulaci\u00f3n y control, ante la propagaci\u00f3n del COVID 19. Los trabajos se ejecutaron conforme a lo establecido dentro del cronograma [&hellip;]<\/p>\n","protected":false},"author":2,"featured_media":3960,"comment_status":"closed","ping_status":"open","sticky":false,"template":"","format":"standard","meta":{"footnotes":""},"categories":[14],"tags":[],"class_list":["post-3957","post","type-post","status-publish","format-standard","has-post-thumbnail","hentry","category-vialidad"],"yoast_head":"<!-- This site is optimized with the Yoast SEO plugin v25.7 - https:\/\/yoast.com\/wordpress\/plugins\/seo\/ -->\n<title>La zona sur de la Provincia tambi\u00e9n fue parte de la ejecuci\u00f3n de trabajos de mejoramiento vial - Gobierno Aut\u00f3nomo Descentralizado de la Provincia de Esmeraldas<\/title>\n<meta name=\"robots\" content=\"index, follow, max-snippet:-1, max-image-preview:large, max-video-preview:-1\" \/>\n<link rel=\"canonical\" href=\"https:\/\/prefecturadeesmeraldas.gob.ec\/index.php\/2020\/03\/30\/la-zona-sur-de-la-provincia-tambien-fue-parte-de-la-ejecucion-de-trabajos-de-mejoramiento-vial\/\" \/>\n<meta property=\"og:locale\" content=\"es_ES\" \/>\n<meta property=\"og:type\" content=\"article\" \/>\n<meta property=\"og:title\" content=\"La zona sur de la Provincia tambi\u00e9n fue parte de la ejecuci\u00f3n de trabajos de mejoramiento vial - Gobierno Aut\u00f3nomo Descentralizado de la Provincia de Esmeraldas\" \/>\n<meta property=\"og:description\" content=\"Habitantes de la zona sur de la provincia de Esmeraldas, tambi\u00e9n fueron beneficiados con la ejecuci\u00f3n de trabajos de mantenimiento y mejoramiento de la infraestructura vial, semanas antes de que se aplicaran las medidas de regulaci\u00f3n y control, ante la propagaci\u00f3n del COVID 19. Los trabajos se ejecutaron conforme a lo establecido dentro del cronograma [&hellip;]\" \/>\n<meta property=\"og:url\" content=\"https:\/\/prefecturadeesmeraldas.gob.ec\/index.php\/2020\/03\/30\/la-zona-sur-de-la-provincia-tambien-fue-parte-de-la-ejecucion-de-trabajos-de-mejoramiento-vial\/\" \/>\n<meta property=\"og:site_name\" content=\"Gobierno Aut\u00f3nomo Descentralizado de la Provincia de Esmeraldas\" \/>\n<meta property=\"article:publisher\" content=\"https:\/\/www.facebook.com\/PrefecturaEsmeraldas\/\" \/>\n<meta property=\"article:published_time\" content=\"2020-03-30T15:55:28+00:00\" \/>\n<meta property=\"article:modified_time\" content=\"2020-03-30T15:56:26+00:00\" \/>\n<meta property=\"og:image\" content=\"https:\/\/prefecturadeesmeraldas.gob.ec\/wp-content\/uploads\/2020\/03\/WhatsApp-Image-2020-03-30-at-09.12.45.jpeg\" \/>\n\t<meta property=\"og:image:width\" content=\"1080\" \/>\n\t<meta property=\"og:image:height\" content=\"1070\" \/>\n\t<meta property=\"og:image:type\" content=\"image\/jpeg\" \/>\n<meta name=\"author\" content=\"Direcci\u00f3n de Comunicaci\u00f3n\" \/>\n<meta name=\"twitter:card\" content=\"summary_large_image\" \/>\n<meta name=\"twitter:label1\" content=\"Escrito por\" \/>\n\t<meta name=\"twitter:data1\" content=\"Direcci\u00f3n de Comunicaci\u00f3n\" \/>\n\t<meta name=\"twitter:label2\" content=\"Tiempo de lectura\" \/>\n\t<meta name=\"twitter:data2\" content=\"1 minuto\" \/>\n<script type=\"application\/ld+json\" class=\"yoast-schema-graph\">{\"@context\":\"https:\/\/schema.org\",\"@graph\":[{\"@type\":\"Article\",\"@id\":\"https:\/\/prefecturadeesmeraldas.gob.ec\/index.php\/2020\/03\/30\/la-zona-sur-de-la-provincia-tambien-fue-parte-de-la-ejecucion-de-trabajos-de-mejoramiento-vial\/#article\",\"isPartOf\":{\"@id\":\"https:\/\/prefecturadeesmeraldas.gob.ec\/index.php\/2020\/03\/30\/la-zona-sur-de-la-provincia-tambien-fue-parte-de-la-ejecucion-de-trabajos-de-mejoramiento-vial\/\"},\"author\":{\"name\":\"Direcci\u00f3n de Comunicaci\u00f3n\",\"@id\":\"https:\/\/prefecturadeesmeraldas.gob.ec\/#\/schema\/person\/b0c9e7b1ead7725994d1e319e8825234\"},\"headline\":\"La zona sur de la Provincia tambi\u00e9n fue parte de la ejecuci\u00f3n de trabajos de mejoramiento vial\",\"datePublished\":\"2020-03-30T15:55:28+00:00\",\"dateModified\":\"2020-03-30T15:56:26+00:00\",\"mainEntityOfPage\":{\"@id\":\"https:\/\/prefecturadeesmeraldas.gob.ec\/index.php\/2020\/03\/30\/la-zona-sur-de-la-provincia-tambien-fue-parte-de-la-ejecucion-de-trabajos-de-mejoramiento-vial\/\"},\"wordCount\":269,\"publisher\":{\"@id\":\"https:\/\/prefecturadeesmeraldas.gob.ec\/#organization\"},\"image\":{\"@id\":\"https:\/\/prefecturadeesmeraldas.gob.ec\/index.php\/2020\/03\/30\/la-zona-sur-de-la-provincia-tambien-fue-parte-de-la-ejecucion-de-trabajos-de-mejoramiento-vial\/#primaryimage\"},\"thumbnailUrl\":\"https:\/\/prefecturadeesmeraldas.gob.ec\/wp-content\/uploads\/2020\/03\/WhatsApp-Image-2020-03-30-at-09.12.45.jpeg\",\"articleSection\":[\"Vialidad\"],\"inLanguage\":\"es\"},{\"@type\":\"WebPage\",\"@id\":\"https:\/\/prefecturadeesmeraldas.gob.ec\/index.php\/2020\/03\/30\/la-zona-sur-de-la-provincia-tambien-fue-parte-de-la-ejecucion-de-trabajos-de-mejoramiento-vial\/\",\"url\":\"https:\/\/prefecturadeesmeraldas.gob.ec\/index.php\/2020\/03\/30\/la-zona-sur-de-la-provincia-tambien-fue-parte-de-la-ejecucion-de-trabajos-de-mejoramiento-vial\/\",\"name\":\"La zona sur de la Provincia tambi\u00e9n fue parte de la ejecuci\u00f3n de trabajos de mejoramiento vial - Gobierno Aut\u00f3nomo Descentralizado de la Provincia de Esmeraldas\",\"isPartOf\":{\"@id\":\"https:\/\/prefecturadeesmeraldas.gob.ec\/#website\"},\"primaryImageOfPage\":{\"@id\":\"https:\/\/prefecturadeesmeraldas.gob.ec\/index.php\/2020\/03\/30\/la-zona-sur-de-la-provincia-tambien-fue-parte-de-la-ejecucion-de-trabajos-de-mejoramiento-vial\/#primaryimage\"},\"image\":{\"@id\":\"https:\/\/prefecturadeesmeraldas.gob.ec\/index.php\/2020\/03\/30\/la-zona-sur-de-la-provincia-tambien-fue-parte-de-la-ejecucion-de-trabajos-de-mejoramiento-vial\/#primaryimage\"},\"thumbnailUrl\":\"https:\/\/prefecturadeesmeraldas.gob.ec\/wp-content\/uploads\/2020\/03\/WhatsApp-Image-2020-03-30-at-09.12.45.jpeg\",\"datePublished\":\"2020-03-30T15:55:28+00:00\",\"dateModified\":\"2020-03-30T15:56:26+00:00\",\"breadcrumb\":{\"@id\":\"https:\/\/prefecturadeesmeraldas.gob.ec\/index.php\/2020\/03\/30\/la-zona-sur-de-la-provincia-tambien-fue-parte-de-la-ejecucion-de-trabajos-de-mejoramiento-vial\/#breadcrumb\"},\"inLanguage\":\"es\",\"potentialAction\":[{\"@type\":\"ReadAction\",\"target\":[\"https:\/\/prefecturadeesmeraldas.gob.ec\/index.php\/2020\/03\/30\/la-zona-sur-de-la-provincia-tambien-fue-parte-de-la-ejecucion-de-trabajos-de-mejoramiento-vial\/\"]}]},{\"@type\":\"ImageObject\",\"inLanguage\":\"es\",\"@id\":\"https:\/\/prefecturadeesmeraldas.gob.ec\/index.php\/2020\/03\/30\/la-zona-sur-de-la-provincia-tambien-fue-parte-de-la-ejecucion-de-trabajos-de-mejoramiento-vial\/#primaryimage\",\"url\":\"https:\/\/prefecturadeesmeraldas.gob.ec\/wp-content\/uploads\/2020\/03\/WhatsApp-Image-2020-03-30-at-09.12.45.jpeg\",\"contentUrl\":\"https:\/\/prefecturadeesmeraldas.gob.ec\/wp-content\/uploads\/2020\/03\/WhatsApp-Image-2020-03-30-at-09.12.45.jpeg\",\"width\":1080,\"height\":1070},{\"@type\":\"BreadcrumbList\",\"@id\":\"https:\/\/prefecturadeesmeraldas.gob.ec\/index.php\/2020\/03\/30\/la-zona-sur-de-la-provincia-tambien-fue-parte-de-la-ejecucion-de-trabajos-de-mejoramiento-vial\/#breadcrumb\",\"itemListElement\":[{\"@type\":\"ListItem\",\"position\":1,\"name\":\"Home\",\"item\":\"https:\/\/prefecturadeesmeraldas.gob.ec\/\"},{\"@type\":\"ListItem\",\"position\":2,\"name\":\"La zona sur de la Provincia tambi\u00e9n fue parte de la ejecuci\u00f3n de trabajos de mejoramiento vial\"}]},{\"@type\":\"WebSite\",\"@id\":\"https:\/\/prefecturadeesmeraldas.gob.ec\/#website\",\"url\":\"https:\/\/prefecturadeesmeraldas.gob.ec\/\",\"name\":\"Gobierno Aut\u00f3nomo Descentralizado de la Provincia de Esmeraldas\",\"description\":\"Gobierno Aut\u00f3nomo Descentralizado de la Provincia de Esmeraldas\",\"publisher\":{\"@id\":\"https:\/\/prefecturadeesmeraldas.gob.ec\/#organization\"},\"potentialAction\":[{\"@type\":\"SearchAction\",\"target\":{\"@type\":\"EntryPoint\",\"urlTemplate\":\"https:\/\/prefecturadeesmeraldas.gob.ec\/?s={search_term_string}\"},\"query-input\":{\"@type\":\"PropertyValueSpecification\",\"valueRequired\":true,\"valueName\":\"search_term_string\"}}],\"inLanguage\":\"es\"},{\"@type\":\"Organization\",\"@id\":\"https:\/\/prefecturadeesmeraldas.gob.ec\/#organization\",\"name\":\"Gobierno Aut\u00f3nomo Descentralizado de la Provincia de Esmeraldas\",\"url\":\"https:\/\/prefecturadeesmeraldas.gob.ec\/\",\"logo\":{\"@type\":\"ImageObject\",\"inLanguage\":\"es\",\"@id\":\"https:\/\/prefecturadeesmeraldas.gob.ec\/#\/schema\/logo\/image\/\",\"url\":\"https:\/\/prefecturadeesmeraldas.gob.ec\/wp-content\/uploads\/2019\/06\/logo.png\",\"contentUrl\":\"https:\/\/prefecturadeesmeraldas.gob.ec\/wp-content\/uploads\/2019\/06\/logo.png\",\"width\":859,\"height\":448,\"caption\":\"Gobierno Aut\u00f3nomo Descentralizado de la Provincia de Esmeraldas\"},\"image\":{\"@id\":\"https:\/\/prefecturadeesmeraldas.gob.ec\/#\/schema\/logo\/image\/\"},\"sameAs\":[\"https:\/\/www.facebook.com\/PrefecturaEsmeraldas\/\"]},{\"@type\":\"Person\",\"@id\":\"https:\/\/prefecturadeesmeraldas.gob.ec\/#\/schema\/person\/b0c9e7b1ead7725994d1e319e8825234\",\"name\":\"Direcci\u00f3n de Comunicaci\u00f3n\",\"image\":{\"@type\":\"ImageObject\",\"inLanguage\":\"es\",\"@id\":\"https:\/\/prefecturadeesmeraldas.gob.ec\/#\/schema\/person\/image\/\",\"url\":\"https:\/\/secure.gravatar.com\/avatar\/74a3870a946f5d774ade3569af61a72308e07ad3346f370c4b468ee2a9858658?s=96&d=mm&r=g\",\"contentUrl\":\"https:\/\/secure.gravatar.com\/avatar\/74a3870a946f5d774ade3569af61a72308e07ad3346f370c4b468ee2a9858658?s=96&d=mm&r=g\",\"caption\":\"Direcci\u00f3n de Comunicaci\u00f3n\"}}]}<\/script>\n<!-- \/ Yoast SEO plugin. -->","yoast_head_json":{"title":"La zona sur de la Provincia tambi\u00e9n fue parte de la ejecuci\u00f3n de trabajos de mejoramiento vial - Gobierno Aut\u00f3nomo Descentralizado de la Provincia de Esmeraldas","robots":{"index":"index","follow":"follow","max-snippet":"max-snippet:-1","max-image-preview":"max-image-preview:large","max-video-preview":"max-video-preview:-1"},"canonical":"https:\/\/prefecturadeesmeraldas.gob.ec\/index.php\/2020\/03\/30\/la-zona-sur-de-la-provincia-tambien-fue-parte-de-la-ejecucion-de-trabajos-de-mejoramiento-vial\/","og_locale":"es_ES","og_type":"article","og_title":"La zona sur de la Provincia tambi\u00e9n fue parte de la ejecuci\u00f3n de trabajos de mejoramiento vial - Gobierno Aut\u00f3nomo Descentralizado de la Provincia de Esmeraldas","og_description":"Habitantes de la zona sur de la provincia de Esmeraldas, tambi\u00e9n fueron beneficiados con la ejecuci\u00f3n de trabajos de mantenimiento y mejoramiento de la infraestructura vial, semanas antes de que se aplicaran las medidas de regulaci\u00f3n y control, ante la propagaci\u00f3n del COVID 19. Los trabajos se ejecutaron conforme a lo establecido dentro del cronograma [&hellip;]","og_url":"https:\/\/prefecturadeesmeraldas.gob.ec\/index.php\/2020\/03\/30\/la-zona-sur-de-la-provincia-tambien-fue-parte-de-la-ejecucion-de-trabajos-de-mejoramiento-vial\/","og_site_name":"Gobierno Aut\u00f3nomo Descentralizado de la Provincia de Esmeraldas","article_publisher":"https:\/\/www.facebook.com\/PrefecturaEsmeraldas\/","article_published_time":"2020-03-30T15:55:28+00:00","article_modified_time":"2020-03-30T15:56:26+00:00","og_image":[{"width":1080,"height":1070,"url":"https:\/\/prefecturadeesmeraldas.gob.ec\/wp-content\/uploads\/2020\/03\/WhatsApp-Image-2020-03-30-at-09.12.45.jpeg","type":"image\/jpeg"}],"author":"Direcci\u00f3n de Comunicaci\u00f3n","twitter_card":"summary_large_image","twitter_misc":{"Escrito por":"Direcci\u00f3n de Comunicaci\u00f3n","Tiempo de lectura":"1 minuto"},"schema":{"@context":"https:\/\/schema.org","@graph":[{"@type":"Article","@id":"https:\/\/prefecturadeesmeraldas.gob.ec\/index.php\/2020\/03\/30\/la-zona-sur-de-la-provincia-tambien-fue-parte-de-la-ejecucion-de-trabajos-de-mejoramiento-vial\/#article","isPartOf":{"@id":"https:\/\/prefecturadeesmeraldas.gob.ec\/index.php\/2020\/03\/30\/la-zona-sur-de-la-provincia-tambien-fue-parte-de-la-ejecucion-de-trabajos-de-mejoramiento-vial\/"},"author":{"name":"Direcci\u00f3n de Comunicaci\u00f3n","@id":"https:\/\/prefecturadeesmeraldas.gob.ec\/#\/schema\/person\/b0c9e7b1ead7725994d1e319e8825234"},"headline":"La zona sur de la Provincia tambi\u00e9n fue parte de la ejecuci\u00f3n de trabajos de mejoramiento vial","datePublished":"2020-03-30T15:55:28+00:00","dateModified":"2020-03-30T15:56:26+00:00","mainEntityOfPage":{"@id":"https:\/\/prefecturadeesmeraldas.gob.ec\/index.php\/2020\/03\/30\/la-zona-sur-de-la-provincia-tambien-fue-parte-de-la-ejecucion-de-trabajos-de-mejoramiento-vial\/"},"wordCount":269,"publisher":{"@id":"https:\/\/prefecturadeesmeraldas.gob.ec\/#organization"},"image":{"@id":"https:\/\/prefecturadeesmeraldas.gob.ec\/index.php\/2020\/03\/30\/la-zona-sur-de-la-provincia-tambien-fue-parte-de-la-ejecucion-de-trabajos-de-mejoramiento-vial\/#primaryimage"},"thumbnailUrl":"https:\/\/prefecturadeesmeraldas.gob.ec\/wp-content\/uploads\/2020\/03\/WhatsApp-Image-2020-03-30-at-09.12.45.jpeg","articleSection":["Vialidad"],"inLanguage":"es"},{"@type":"WebPage","@id":"https:\/\/prefecturadeesmeraldas.gob.ec\/index.php\/2020\/03\/30\/la-zona-sur-de-la-provincia-tambien-fue-parte-de-la-ejecucion-de-trabajos-de-mejoramiento-vial\/","url":"https:\/\/prefecturadeesmeraldas.gob.ec\/index.php\/2020\/03\/30\/la-zona-sur-de-la-provincia-tambien-fue-parte-de-la-ejecucion-de-trabajos-de-mejoramiento-vial\/","name":"La zona sur de la Provincia tambi\u00e9n fue parte de la ejecuci\u00f3n de trabajos de mejoramiento vial - Gobierno Aut\u00f3nomo Descentralizado de la Provincia de Esmeraldas","isPartOf":{"@id":"https:\/\/prefecturadeesmeraldas.gob.ec\/#website"},"primaryImageOfPage":{"@id":"https:\/\/prefecturadeesmeraldas.gob.ec\/index.php\/2020\/03\/30\/la-zona-sur-de-la-provincia-tambien-fue-parte-de-la-ejecucion-de-trabajos-de-mejoramiento-vial\/#primaryimage"},"image":{"@id":"https:\/\/prefecturadeesmeraldas.gob.ec\/index.php\/2020\/03\/30\/la-zona-sur-de-la-provincia-tambien-fue-parte-de-la-ejecucion-de-trabajos-de-mejoramiento-vial\/#primaryimage"},"thumbnailUrl":"https:\/\/prefecturadeesmeraldas.gob.ec\/wp-content\/uploads\/2020\/03\/WhatsApp-Image-2020-03-30-at-09.12.45.jpeg","datePublished":"2020-03-30T15:55:28+00:00","dateModified":"2020-03-30T15:56:26+00:00","breadcrumb":{"@id":"https:\/\/prefecturadeesmeraldas.gob.ec\/index.php\/2020\/03\/30\/la-zona-sur-de-la-provincia-tambien-fue-parte-de-la-ejecucion-de-trabajos-de-mejoramiento-vial\/#breadcrumb"},"inLanguage":"es","potentialAction":[{"@type":"ReadAction","target":["https:\/\/prefecturadeesmeraldas.gob.ec\/index.php\/2020\/03\/30\/la-zona-sur-de-la-provincia-tambien-fue-parte-de-la-ejecucion-de-trabajos-de-mejoramiento-vial\/"]}]},{"@type":"ImageObject","inLanguage":"es","@id":"https:\/\/prefecturadeesmeraldas.gob.ec\/index.php\/2020\/03\/30\/la-zona-sur-de-la-provincia-tambien-fue-parte-de-la-ejecucion-de-trabajos-de-mejoramiento-vial\/#primaryimage","url":"https:\/\/prefecturadeesmeraldas.gob.ec\/wp-content\/uploads\/2020\/03\/WhatsApp-Image-2020-03-30-at-09.12.45.jpeg","contentUrl":"https:\/\/prefecturadeesmeraldas.gob.ec\/wp-content\/uploads\/2020\/03\/WhatsApp-Image-2020-03-30-at-09.12.45.jpeg","width":1080,"height":1070},{"@type":"BreadcrumbList","@id":"https:\/\/prefecturadeesmeraldas.gob.ec\/index.php\/2020\/03\/30\/la-zona-sur-de-la-provincia-tambien-fue-parte-de-la-ejecucion-de-trabajos-de-mejoramiento-vial\/#breadcrumb","itemListElement":[{"@type":"ListItem","position":1,"name":"Home","item":"https:\/\/prefecturadeesmeraldas.gob.ec\/"},{"@type":"ListItem","position":2,"name":"La zona sur de la Provincia tambi\u00e9n fue parte de la ejecuci\u00f3n de trabajos de mejoramiento vial"}]},{"@type":"WebSite","@id":"https:\/\/prefecturadeesmeraldas.gob.ec\/#website","url":"https:\/\/prefecturadeesmeraldas.gob.ec\/","name":"Gobierno Aut\u00f3nomo Descentralizado de la Provincia de Esmeraldas","description":"Gobierno Aut\u00f3nomo Descentralizado de la Provincia de Esmeraldas","publisher":{"@id":"https:\/\/prefecturadeesmeraldas.gob.ec\/#organization"},"potentialAction":[{"@type":"SearchAction","target":{"@type":"EntryPoint","urlTemplate":"https:\/\/prefecturadeesmeraldas.gob.ec\/?s={search_term_string}"},"query-input":{"@type":"PropertyValueSpecification","valueRequired":true,"valueName":"search_term_string"}}],"inLanguage":"es"},{"@type":"Organization","@id":"https:\/\/prefecturadeesmeraldas.gob.ec\/#organization","name":"Gobierno Aut\u00f3nomo Descentralizado de la Provincia de Esmeraldas","url":"https:\/\/prefecturadeesmeraldas.gob.ec\/","logo":{"@type":"ImageObject","inLanguage":"es","@id":"https:\/\/prefecturadeesmeraldas.gob.ec\/#\/schema\/logo\/image\/","url":"https:\/\/prefecturadeesmeraldas.gob.ec\/wp-content\/uploads\/2019\/06\/logo.png","contentUrl":"https:\/\/prefecturadeesmeraldas.gob.ec\/wp-content\/uploads\/2019\/06\/logo.png","width":859,"height":448,"caption":"Gobierno Aut\u00f3nomo Descentralizado de la Provincia de Esmeraldas"},"image":{"@id":"https:\/\/prefecturadeesmeraldas.gob.ec\/#\/schema\/logo\/image\/"},"sameAs":["https:\/\/www.facebook.com\/PrefecturaEsmeraldas\/"]},{"@type":"Person","@id":"https:\/\/prefecturadeesmeraldas.gob.ec\/#\/schema\/person\/b0c9e7b1ead7725994d1e319e8825234","name":"Direcci\u00f3n de Comunicaci\u00f3n","image":{"@type":"ImageObject","inLanguage":"es","@id":"https:\/\/prefecturadeesmeraldas.gob.ec\/#\/schema\/person\/image\/","url":"https:\/\/secure.gravatar.com\/avatar\/74a3870a946f5d774ade3569af61a72308e07ad3346f370c4b468ee2a9858658?s=96&d=mm&r=g","contentUrl":"https:\/\/secure.gravatar.com\/avatar\/74a3870a946f5d774ade3569af61a72308e07ad3346f370c4b468ee2a9858658?s=96&d=mm&r=g","caption":"Direcci\u00f3n de Comunicaci\u00f3n"}}]}},"_links":{"self":[{"href":"https:\/\/prefecturadeesmeraldas.gob.ec\/index.php\/wp-json\/wp\/v2\/posts\/3957","targetHints":{"allow":["GET"]}}],"collection":[{"href":"https:\/\/prefecturadeesmeraldas.gob.ec\/index.php\/wp-json\/wp\/v2\/posts"}],"about":[{"href":"https:\/\/prefecturadeesmeraldas.gob.ec\/index.php\/wp-json\/wp\/v2\/types\/post"}],"author":[{"embeddable":true,"href":"https:\/\/prefecturadeesmeraldas.gob.ec\/index.php\/wp-json\/wp\/v2\/users\/2"}],"replies":[{"embeddable":true,"href":"https:\/\/prefecturadeesmeraldas.gob.ec\/index.php\/wp-json\/wp\/v2\/comments?post=3957"}],"version-history":[{"count":0,"href":"https:\/\/prefecturadeesmeraldas.gob.ec\/index.php\/wp-json\/wp\/v2\/posts\/3957\/revisions"}],"wp:featuredmedia":[{"embeddable":true,"href":"https:\/\/prefecturadeesmeraldas.gob.ec\/index.php\/wp-json\/wp\/v2\/media\/3960"}],"wp:attachment":[{"href":"https:\/\/prefecturadeesmeraldas.gob.ec\/index.php\/wp-json\/wp\/v2\/media?parent=3957"}],"wp:term":[{"taxonomy":"category","embeddable":true,"href":"https:\/\/prefecturadeesmeraldas.gob.ec\/index.php\/wp-json\/wp\/v2\/categories?post=3957"},{"taxonomy":"post_tag","embeddable":true,"href":"https:\/\/prefecturadeesmeraldas.gob.ec\/index.php\/wp-json\/wp\/v2\/tags?post=3957"}],"curies":[{"name":"wp","href":"https:\/\/api.w.org\/{rel}","templated":true}]}}