{"id":3511,"date":"2020-03-03T09:20:42","date_gmt":"2020-03-03T14:20:42","guid":{"rendered":"http:\/\/prefecturadeesmeraldas.gob.ec\/?p=3511"},"modified":"2020-03-03T09:22:43","modified_gmt":"2020-03-03T14:22:43","slug":"prefecta-llama-a-la-calma-y-facilita-charla-informativa-sobre-coronavirus","status":"publish","type":"post","link":"https:\/\/prefecturadeesmeraldas.gob.ec\/index.php\/2020\/03\/03\/prefecta-llama-a-la-calma-y-facilita-charla-informativa-sobre-coronavirus\/","title":{"rendered":"Prefecta llama a la calma y facilita charla informativa sobre coronavirus"},"content":{"rendered":"\t\t<div data-elementor-type=\"wp-post\" data-elementor-id=\"3511\" class=\"elementor elementor-3511\">\n\t\t\t\t\t\t<section class=\"elementor-section elementor-top-section elementor-element elementor-element-e3a859e elementor-section-boxed elementor-section-height-default elementor-section-height-default\" data-id=\"e3a859e\" data-element_type=\"section\">\n\t\t\t\t\t\t<div class=\"elementor-container elementor-column-gap-default\">\n\t\t\t\t\t<div class=\"elementor-column elementor-col-100 elementor-top-column elementor-element elementor-element-d9f4111\" data-id=\"d9f4111\" data-element_type=\"column\">\n\t\t\t<div class=\"elementor-widget-wrap elementor-element-populated\">\n\t\t\t\t\t\t<div class=\"elementor-element elementor-element-d0f731d elementor-widget elementor-widget-image\" data-id=\"d0f731d\" data-element_type=\"widget\" data-widget_type=\"image.default\">\n\t\t\t\t<div class=\"elementor-widget-container\">\n\t\t\t\t\t\t\t\t\t\t\t\t<figure class=\"wp-caption\">\n\t\t\t\t\t\t\t\t\t\t<img fetchpriority=\"high\" decoding=\"async\" width=\"1024\" height=\"576\" src=\"https:\/\/prefecturadeesmeraldas.gob.ec\/wp-content\/uploads\/2020\/03\/WhatsApp-Image-2020-03-02-at-14.32.48-1024x576.jpeg\" class=\"attachment-large size-large wp-image-3508\" alt=\"\" srcset=\"https:\/\/prefecturadeesmeraldas.gob.ec\/wp-content\/uploads\/2020\/03\/WhatsApp-Image-2020-03-02-at-14.32.48-1024x576.jpeg 1024w, https:\/\/prefecturadeesmeraldas.gob.ec\/wp-content\/uploads\/2020\/03\/WhatsApp-Image-2020-03-02-at-14.32.48-1080x608.jpeg 1080w, https:\/\/prefecturadeesmeraldas.gob.ec\/wp-content\/uploads\/2020\/03\/WhatsApp-Image-2020-03-02-at-14.32.48-300x169.jpeg 300w, https:\/\/prefecturadeesmeraldas.gob.ec\/wp-content\/uploads\/2020\/03\/WhatsApp-Image-2020-03-02-at-14.32.48-768x432.jpeg 768w, https:\/\/prefecturadeesmeraldas.gob.ec\/wp-content\/uploads\/2020\/03\/WhatsApp-Image-2020-03-02-at-14.32.48.jpeg 1280w\" sizes=\"(max-width: 1024px) 100vw, 1024px\" \/>\t\t\t\t\t\t\t\t\t\t\t<figcaption class=\"widget-image-caption wp-caption-text\">Prefecta, Roberta Zambrano, en rueda de prensa llam\u00f3 a la calma a los habitantes de Esmeraldas ante los primeros casos de Covid-19.<\/figcaption>\n\t\t\t\t\t\t\t\t\t\t<\/figure>\n\t\t\t\t\t\t\t\t\t<\/div>\n\t\t\t\t<\/div>\n\t\t\t\t\t<\/div>\n\t\t<\/div>\n\t\t\t\t\t<\/div>\n\t\t<\/section>\n\t\t\t\t<section class=\"elementor-section elementor-top-section elementor-element elementor-element-106d965 elementor-section-boxed elementor-section-height-default elementor-section-height-default\" data-id=\"106d965\" data-element_type=\"section\">\n\t\t\t\t\t\t<div class=\"elementor-container elementor-column-gap-default\">\n\t\t\t\t\t<div class=\"elementor-column elementor-col-100 elementor-top-column elementor-element elementor-element-5ed7180\" data-id=\"5ed7180\" data-element_type=\"column\">\n\t\t\t<div class=\"elementor-widget-wrap elementor-element-populated\">\n\t\t\t\t\t\t<div class=\"elementor-element elementor-element-952521b elementor-widget elementor-widget-text-editor\" data-id=\"952521b\" data-element_type=\"widget\" data-widget_type=\"text-editor.default\">\n\t\t\t\t<div class=\"elementor-widget-container\">\n\t\t\t\t\t\t\t\t\t<p>La Prefecta <strong>Roberta Zambrano<\/strong>, llam\u00f3 a la calma a los habitantes de Esmeraldas, ante la presencia de los primeros casos de coronavirus en el pa\u00eds y dijo que <strong>es irresponsable alarmar a la poblaci\u00f3n cuando lo que se necesita es informaci\u00f3n y educaci\u00f3n para evitar que el virus se propague.<\/strong><\/p><p>La Prefecta, convoc\u00f3 a los empleados y trabajadores del Consejo Provincial, al Sal\u00f3n C\u00edvico, donde estuvieron 4 especialistas explicando cu\u00e1l es el alcance del virus, c\u00f3mo enfrentarlo y los m\u00e9todos de prevenci\u00f3n que deben aplicarse.<\/p><p>En doctor <strong>Rafael Lemos<\/strong>, Director Distrital de Salud del distrito D08D01- Esmeraldas, habl\u00f3 sobre las medidas que ha adoptado el Ministerio de Salud y asegur\u00f3 que, el coronavirus, identificado como <strong>Covid-19<\/strong>, es muy similar a una influenza normal, m\u00e1s conocida como gripa y, agreg\u00f3, que el \u00edndice de mortalidad es muy bajo en comparaci\u00f3n a otros virus con los cuales ya convivimos desde hace muchos a\u00f1os.<\/p><p>Saskia Lastra, epidemi\u00f3loga del Distrito de Salud en Esmeraldas, ofreci\u00f3 una conferencia detallada de c\u00f3mo evitar ser infectado por el virus, mientras que el doctor <strong>Carlos Ca\u00f1izares<\/strong>, especialista en medicina tropical y m\u00e9dico del subcentro de los trabajadores de la Prefectura en San Mateo, detall\u00f3 sobre las medidas que se deben adoptar dentro del ambiente laboral.<\/p>\t\t\t\t\t\t\t\t<\/div>\n\t\t\t\t<\/div>\n\t\t\t\t\t<\/div>\n\t\t<\/div>\n\t\t\t\t\t<\/div>\n\t\t<\/section>\n\t\t\t\t<section class=\"elementor-section elementor-top-section elementor-element elementor-element-84f2ebf elementor-section-boxed elementor-section-height-default elementor-section-height-default\" data-id=\"84f2ebf\" data-element_type=\"section\">\n\t\t\t\t\t\t<div class=\"elementor-container elementor-column-gap-default\">\n\t\t\t\t\t<div class=\"elementor-column elementor-col-100 elementor-top-column elementor-element elementor-element-eb74b6d\" data-id=\"eb74b6d\" data-element_type=\"column\">\n\t\t\t<div class=\"elementor-widget-wrap elementor-element-populated\">\n\t\t\t\t\t\t<div class=\"elementor-element elementor-element-cdbf454 elementor-widget elementor-widget-image\" data-id=\"cdbf454\" data-element_type=\"widget\" data-widget_type=\"image.default\">\n\t\t\t\t<div class=\"elementor-widget-container\">\n\t\t\t\t\t\t\t\t\t\t\t\t\t\t\t<img decoding=\"async\" width=\"1024\" height=\"576\" src=\"https:\/\/prefecturadeesmeraldas.gob.ec\/wp-content\/uploads\/2020\/03\/WhatsApp-Image-2020-03-02-at-14.33.12-1024x576.jpeg\" class=\"attachment-large size-large wp-image-3513\" alt=\"\" srcset=\"https:\/\/prefecturadeesmeraldas.gob.ec\/wp-content\/uploads\/2020\/03\/WhatsApp-Image-2020-03-02-at-14.33.12-1024x576.jpeg 1024w, https:\/\/prefecturadeesmeraldas.gob.ec\/wp-content\/uploads\/2020\/03\/WhatsApp-Image-2020-03-02-at-14.33.12-1080x608.jpeg 1080w, https:\/\/prefecturadeesmeraldas.gob.ec\/wp-content\/uploads\/2020\/03\/WhatsApp-Image-2020-03-02-at-14.33.12-300x169.jpeg 300w, https:\/\/prefecturadeesmeraldas.gob.ec\/wp-content\/uploads\/2020\/03\/WhatsApp-Image-2020-03-02-at-14.33.12-768x432.jpeg 768w, https:\/\/prefecturadeesmeraldas.gob.ec\/wp-content\/uploads\/2020\/03\/WhatsApp-Image-2020-03-02-at-14.33.12.jpeg 1280w\" sizes=\"(max-width: 1024px) 100vw, 1024px\" \/>\t\t\t\t\t\t\t\t\t\t\t\t\t\t\t<\/div>\n\t\t\t\t<\/div>\n\t\t\t\t\t<\/div>\n\t\t<\/div>\n\t\t\t\t\t<\/div>\n\t\t<\/section>\n\t\t\t\t<section class=\"elementor-section elementor-top-section elementor-element elementor-element-8345821 elementor-section-boxed elementor-section-height-default elementor-section-height-default\" data-id=\"8345821\" data-element_type=\"section\">\n\t\t\t\t\t\t<div class=\"elementor-container elementor-column-gap-default\">\n\t\t\t\t\t<div class=\"elementor-column elementor-col-100 elementor-top-column elementor-element elementor-element-2da7c1b\" data-id=\"2da7c1b\" data-element_type=\"column\">\n\t\t\t<div class=\"elementor-widget-wrap elementor-element-populated\">\n\t\t\t\t\t\t<div class=\"elementor-element elementor-element-1d6c216 elementor-widget elementor-widget-text-editor\" data-id=\"1d6c216\" data-element_type=\"widget\" data-widget_type=\"text-editor.default\">\n\t\t\t\t<div class=\"elementor-widget-container\">\n\t\t\t\t\t\t\t\t\t<p>Eduardo Garc\u00eda, director del dispensario m\u00e9dico de la Prefectura ubicado en las calles Olmedo y Juan Montalvo, llam\u00f3 a <strong>lavarse las manos y a mantener una vida normal, con medidas de higiene y prevenci\u00f3n ya que, el virus no es necesariamente mortal.<\/strong><\/p><p>La prefecta <strong>Roberta Zambrano<\/strong>, alert\u00f3 la necesidad de contar, hoy m\u00e1s que nunca, con el servicio de agua potable en las casas, para que las familias puedan mantener mejores condiciones de higiene. \u201c<strong>Lo que necesitamos ahora mismo es agua potable, no queremos politiqueros que alarmen a la poblaci\u00f3n, tenemos que cumplir con las directrices que nos est\u00e1n dando desde el Ministerio de Salud, tenemos que lavarnos las manos, olvid\u00e9monos de las mascarillas que eso no lo necesitamos<\/strong>\u201d, dijo la prefecta Roberta Zambrano.<\/p>\t\t\t\t\t\t\t\t<\/div>\n\t\t\t\t<\/div>\n\t\t\t\t\t<\/div>\n\t\t<\/div>\n\t\t\t\t\t<\/div>\n\t\t<\/section>\n\t\t\t\t<\/div>\n\t\t","protected":false},"excerpt":{"rendered":"<p>Prefecta, Roberta Zambrano, en rueda de prensa llam\u00f3 a la calma a los habitantes de Esmeraldas ante los primeros casos de Covid-19. La Prefecta Roberta Zambrano, llam\u00f3 a la calma a los habitantes de Esmeraldas, ante la presencia de los primeros casos de coronavirus en el pa\u00eds y dijo que es irresponsable alarmar a la [&hellip;]<\/p>\n","protected":false},"author":2,"featured_media":3508,"comment_status":"closed","ping_status":"open","sticky":false,"template":"","format":"standard","meta":{"footnotes":""},"categories":[3],"tags":[],"class_list":["post-3511","post","type-post","status-publish","format-standard","has-post-thumbnail","hentry","category-institucional"],"yoast_head":"<!-- This site is optimized with the Yoast SEO plugin v25.7 - https:\/\/yoast.com\/wordpress\/plugins\/seo\/ -->\n<title>Prefecta llama a la calma y facilita charla informativa sobre coronavirus - Gobierno Aut\u00f3nomo Descentralizado de la Provincia de Esmeraldas<\/title>\n<meta name=\"robots\" content=\"index, follow, max-snippet:-1, max-image-preview:large, max-video-preview:-1\" \/>\n<link rel=\"canonical\" href=\"https:\/\/prefecturadeesmeraldas.gob.ec\/index.php\/2020\/03\/03\/prefecta-llama-a-la-calma-y-facilita-charla-informativa-sobre-coronavirus\/\" \/>\n<meta property=\"og:locale\" content=\"es_ES\" \/>\n<meta property=\"og:type\" content=\"article\" \/>\n<meta property=\"og:title\" content=\"Prefecta llama a la calma y facilita charla informativa sobre coronavirus - Gobierno Aut\u00f3nomo Descentralizado de la Provincia de Esmeraldas\" \/>\n<meta property=\"og:description\" content=\"Prefecta, Roberta Zambrano, en rueda de prensa llam\u00f3 a la calma a los habitantes de Esmeraldas ante los primeros casos de Covid-19. La Prefecta Roberta Zambrano, llam\u00f3 a la calma a los habitantes de Esmeraldas, ante la presencia de los primeros casos de coronavirus en el pa\u00eds y dijo que es irresponsable alarmar a la [&hellip;]\" \/>\n<meta property=\"og:url\" content=\"https:\/\/prefecturadeesmeraldas.gob.ec\/index.php\/2020\/03\/03\/prefecta-llama-a-la-calma-y-facilita-charla-informativa-sobre-coronavirus\/\" \/>\n<meta property=\"og:site_name\" content=\"Gobierno Aut\u00f3nomo Descentralizado de la Provincia de Esmeraldas\" \/>\n<meta property=\"article:publisher\" content=\"https:\/\/www.facebook.com\/PrefecturaEsmeraldas\/\" \/>\n<meta property=\"article:published_time\" content=\"2020-03-03T14:20:42+00:00\" \/>\n<meta property=\"article:modified_time\" content=\"2020-03-03T14:22:43+00:00\" \/>\n<meta property=\"og:image\" content=\"https:\/\/prefecturadeesmeraldas.gob.ec\/wp-content\/uploads\/2020\/03\/WhatsApp-Image-2020-03-02-at-14.32.48.jpeg\" \/>\n\t<meta property=\"og:image:width\" content=\"1280\" \/>\n\t<meta property=\"og:image:height\" content=\"720\" \/>\n\t<meta property=\"og:image:type\" content=\"image\/jpeg\" \/>\n<meta name=\"author\" content=\"Direcci\u00f3n de Comunicaci\u00f3n\" \/>\n<meta name=\"twitter:card\" content=\"summary_large_image\" \/>\n<meta name=\"twitter:label1\" content=\"Escrito por\" \/>\n\t<meta name=\"twitter:data1\" content=\"Direcci\u00f3n de Comunicaci\u00f3n\" \/>\n\t<meta name=\"twitter:label2\" content=\"Tiempo de lectura\" \/>\n\t<meta name=\"twitter:data2\" content=\"2 minutos\" \/>\n<script type=\"application\/ld+json\" class=\"yoast-schema-graph\">{\"@context\":\"https:\/\/schema.org\",\"@graph\":[{\"@type\":\"Article\",\"@id\":\"https:\/\/prefecturadeesmeraldas.gob.ec\/index.php\/2020\/03\/03\/prefecta-llama-a-la-calma-y-facilita-charla-informativa-sobre-coronavirus\/#article\",\"isPartOf\":{\"@id\":\"https:\/\/prefecturadeesmeraldas.gob.ec\/index.php\/2020\/03\/03\/prefecta-llama-a-la-calma-y-facilita-charla-informativa-sobre-coronavirus\/\"},\"author\":{\"name\":\"Direcci\u00f3n de Comunicaci\u00f3n\",\"@id\":\"https:\/\/prefecturadeesmeraldas.gob.ec\/#\/schema\/person\/b0c9e7b1ead7725994d1e319e8825234\"},\"headline\":\"Prefecta llama a la calma y facilita charla informativa sobre coronavirus\",\"datePublished\":\"2020-03-03T14:20:42+00:00\",\"dateModified\":\"2020-03-03T14:22:43+00:00\",\"mainEntityOfPage\":{\"@id\":\"https:\/\/prefecturadeesmeraldas.gob.ec\/index.php\/2020\/03\/03\/prefecta-llama-a-la-calma-y-facilita-charla-informativa-sobre-coronavirus\/\"},\"wordCount\":389,\"publisher\":{\"@id\":\"https:\/\/prefecturadeesmeraldas.gob.ec\/#organization\"},\"image\":{\"@id\":\"https:\/\/prefecturadeesmeraldas.gob.ec\/index.php\/2020\/03\/03\/prefecta-llama-a-la-calma-y-facilita-charla-informativa-sobre-coronavirus\/#primaryimage\"},\"thumbnailUrl\":\"https:\/\/prefecturadeesmeraldas.gob.ec\/wp-content\/uploads\/2020\/03\/WhatsApp-Image-2020-03-02-at-14.32.48.jpeg\",\"articleSection\":[\"Institucional\"],\"inLanguage\":\"es\"},{\"@type\":\"WebPage\",\"@id\":\"https:\/\/prefecturadeesmeraldas.gob.ec\/index.php\/2020\/03\/03\/prefecta-llama-a-la-calma-y-facilita-charla-informativa-sobre-coronavirus\/\",\"url\":\"https:\/\/prefecturadeesmeraldas.gob.ec\/index.php\/2020\/03\/03\/prefecta-llama-a-la-calma-y-facilita-charla-informativa-sobre-coronavirus\/\",\"name\":\"Prefecta llama a la calma y facilita charla informativa sobre coronavirus - Gobierno Aut\u00f3nomo Descentralizado de la Provincia de Esmeraldas\",\"isPartOf\":{\"@id\":\"https:\/\/prefecturadeesmeraldas.gob.ec\/#website\"},\"primaryImageOfPage\":{\"@id\":\"https:\/\/prefecturadeesmeraldas.gob.ec\/index.php\/2020\/03\/03\/prefecta-llama-a-la-calma-y-facilita-charla-informativa-sobre-coronavirus\/#primaryimage\"},\"image\":{\"@id\":\"https:\/\/prefecturadeesmeraldas.gob.ec\/index.php\/2020\/03\/03\/prefecta-llama-a-la-calma-y-facilita-charla-informativa-sobre-coronavirus\/#primaryimage\"},\"thumbnailUrl\":\"https:\/\/prefecturadeesmeraldas.gob.ec\/wp-content\/uploads\/2020\/03\/WhatsApp-Image-2020-03-02-at-14.32.48.jpeg\",\"datePublished\":\"2020-03-03T14:20:42+00:00\",\"dateModified\":\"2020-03-03T14:22:43+00:00\",\"breadcrumb\":{\"@id\":\"https:\/\/prefecturadeesmeraldas.gob.ec\/index.php\/2020\/03\/03\/prefecta-llama-a-la-calma-y-facilita-charla-informativa-sobre-coronavirus\/#breadcrumb\"},\"inLanguage\":\"es\",\"potentialAction\":[{\"@type\":\"ReadAction\",\"target\":[\"https:\/\/prefecturadeesmeraldas.gob.ec\/index.php\/2020\/03\/03\/prefecta-llama-a-la-calma-y-facilita-charla-informativa-sobre-coronavirus\/\"]}]},{\"@type\":\"ImageObject\",\"inLanguage\":\"es\",\"@id\":\"https:\/\/prefecturadeesmeraldas.gob.ec\/index.php\/2020\/03\/03\/prefecta-llama-a-la-calma-y-facilita-charla-informativa-sobre-coronavirus\/#primaryimage\",\"url\":\"https:\/\/prefecturadeesmeraldas.gob.ec\/wp-content\/uploads\/2020\/03\/WhatsApp-Image-2020-03-02-at-14.32.48.jpeg\",\"contentUrl\":\"https:\/\/prefecturadeesmeraldas.gob.ec\/wp-content\/uploads\/2020\/03\/WhatsApp-Image-2020-03-02-at-14.32.48.jpeg\",\"width\":1280,\"height\":720},{\"@type\":\"BreadcrumbList\",\"@id\":\"https:\/\/prefecturadeesmeraldas.gob.ec\/index.php\/2020\/03\/03\/prefecta-llama-a-la-calma-y-facilita-charla-informativa-sobre-coronavirus\/#breadcrumb\",\"itemListElement\":[{\"@type\":\"ListItem\",\"position\":1,\"name\":\"Home\",\"item\":\"https:\/\/prefecturadeesmeraldas.gob.ec\/\"},{\"@type\":\"ListItem\",\"position\":2,\"name\":\"Prefecta llama a la calma y facilita charla informativa sobre coronavirus\"}]},{\"@type\":\"WebSite\",\"@id\":\"https:\/\/prefecturadeesmeraldas.gob.ec\/#website\",\"url\":\"https:\/\/prefecturadeesmeraldas.gob.ec\/\",\"name\":\"Gobierno Aut\u00f3nomo Descentralizado de la Provincia de Esmeraldas\",\"description\":\"Gobierno Aut\u00f3nomo Descentralizado de la Provincia de Esmeraldas\",\"publisher\":{\"@id\":\"https:\/\/prefecturadeesmeraldas.gob.ec\/#organization\"},\"potentialAction\":[{\"@type\":\"SearchAction\",\"target\":{\"@type\":\"EntryPoint\",\"urlTemplate\":\"https:\/\/prefecturadeesmeraldas.gob.ec\/?s={search_term_string}\"},\"query-input\":{\"@type\":\"PropertyValueSpecification\",\"valueRequired\":true,\"valueName\":\"search_term_string\"}}],\"inLanguage\":\"es\"},{\"@type\":\"Organization\",\"@id\":\"https:\/\/prefecturadeesmeraldas.gob.ec\/#organization\",\"name\":\"Gobierno Aut\u00f3nomo Descentralizado de la Provincia de Esmeraldas\",\"url\":\"https:\/\/prefecturadeesmeraldas.gob.ec\/\",\"logo\":{\"@type\":\"ImageObject\",\"inLanguage\":\"es\",\"@id\":\"https:\/\/prefecturadeesmeraldas.gob.ec\/#\/schema\/logo\/image\/\",\"url\":\"https:\/\/prefecturadeesmeraldas.gob.ec\/wp-content\/uploads\/2019\/06\/logo.png\",\"contentUrl\":\"https:\/\/prefecturadeesmeraldas.gob.ec\/wp-content\/uploads\/2019\/06\/logo.png\",\"width\":859,\"height\":448,\"caption\":\"Gobierno Aut\u00f3nomo Descentralizado de la Provincia de Esmeraldas\"},\"image\":{\"@id\":\"https:\/\/prefecturadeesmeraldas.gob.ec\/#\/schema\/logo\/image\/\"},\"sameAs\":[\"https:\/\/www.facebook.com\/PrefecturaEsmeraldas\/\"]},{\"@type\":\"Person\",\"@id\":\"https:\/\/prefecturadeesmeraldas.gob.ec\/#\/schema\/person\/b0c9e7b1ead7725994d1e319e8825234\",\"name\":\"Direcci\u00f3n de Comunicaci\u00f3n\",\"image\":{\"@type\":\"ImageObject\",\"inLanguage\":\"es\",\"@id\":\"https:\/\/prefecturadeesmeraldas.gob.ec\/#\/schema\/person\/image\/\",\"url\":\"https:\/\/secure.gravatar.com\/avatar\/74a3870a946f5d774ade3569af61a72308e07ad3346f370c4b468ee2a9858658?s=96&d=mm&r=g\",\"contentUrl\":\"https:\/\/secure.gravatar.com\/avatar\/74a3870a946f5d774ade3569af61a72308e07ad3346f370c4b468ee2a9858658?s=96&d=mm&r=g\",\"caption\":\"Direcci\u00f3n de Comunicaci\u00f3n\"}}]}<\/script>\n<!-- \/ Yoast SEO plugin. -->","yoast_head_json":{"title":"Prefecta llama a la calma y facilita charla informativa sobre coronavirus - Gobierno Aut\u00f3nomo Descentralizado de la Provincia de Esmeraldas","robots":{"index":"index","follow":"follow","max-snippet":"max-snippet:-1","max-image-preview":"max-image-preview:large","max-video-preview":"max-video-preview:-1"},"canonical":"https:\/\/prefecturadeesmeraldas.gob.ec\/index.php\/2020\/03\/03\/prefecta-llama-a-la-calma-y-facilita-charla-informativa-sobre-coronavirus\/","og_locale":"es_ES","og_type":"article","og_title":"Prefecta llama a la calma y facilita charla informativa sobre coronavirus - Gobierno Aut\u00f3nomo Descentralizado de la Provincia de Esmeraldas","og_description":"Prefecta, Roberta Zambrano, en rueda de prensa llam\u00f3 a la calma a los habitantes de Esmeraldas ante los primeros casos de Covid-19. La Prefecta Roberta Zambrano, llam\u00f3 a la calma a los habitantes de Esmeraldas, ante la presencia de los primeros casos de coronavirus en el pa\u00eds y dijo que es irresponsable alarmar a la [&hellip;]","og_url":"https:\/\/prefecturadeesmeraldas.gob.ec\/index.php\/2020\/03\/03\/prefecta-llama-a-la-calma-y-facilita-charla-informativa-sobre-coronavirus\/","og_site_name":"Gobierno Aut\u00f3nomo Descentralizado de la Provincia de Esmeraldas","article_publisher":"https:\/\/www.facebook.com\/PrefecturaEsmeraldas\/","article_published_time":"2020-03-03T14:20:42+00:00","article_modified_time":"2020-03-03T14:22:43+00:00","og_image":[{"width":1280,"height":720,"url":"https:\/\/prefecturadeesmeraldas.gob.ec\/wp-content\/uploads\/2020\/03\/WhatsApp-Image-2020-03-02-at-14.32.48.jpeg","type":"image\/jpeg"}],"author":"Direcci\u00f3n de Comunicaci\u00f3n","twitter_card":"summary_large_image","twitter_misc":{"Escrito por":"Direcci\u00f3n de Comunicaci\u00f3n","Tiempo de lectura":"2 minutos"},"schema":{"@context":"https:\/\/schema.org","@graph":[{"@type":"Article","@id":"https:\/\/prefecturadeesmeraldas.gob.ec\/index.php\/2020\/03\/03\/prefecta-llama-a-la-calma-y-facilita-charla-informativa-sobre-coronavirus\/#article","isPartOf":{"@id":"https:\/\/prefecturadeesmeraldas.gob.ec\/index.php\/2020\/03\/03\/prefecta-llama-a-la-calma-y-facilita-charla-informativa-sobre-coronavirus\/"},"author":{"name":"Direcci\u00f3n de Comunicaci\u00f3n","@id":"https:\/\/prefecturadeesmeraldas.gob.ec\/#\/schema\/person\/b0c9e7b1ead7725994d1e319e8825234"},"headline":"Prefecta llama a la calma y facilita charla informativa sobre coronavirus","datePublished":"2020-03-03T14:20:42+00:00","dateModified":"2020-03-03T14:22:43+00:00","mainEntityOfPage":{"@id":"https:\/\/prefecturadeesmeraldas.gob.ec\/index.php\/2020\/03\/03\/prefecta-llama-a-la-calma-y-facilita-charla-informativa-sobre-coronavirus\/"},"wordCount":389,"publisher":{"@id":"https:\/\/prefecturadeesmeraldas.gob.ec\/#organization"},"image":{"@id":"https:\/\/prefecturadeesmeraldas.gob.ec\/index.php\/2020\/03\/03\/prefecta-llama-a-la-calma-y-facilita-charla-informativa-sobre-coronavirus\/#primaryimage"},"thumbnailUrl":"https:\/\/prefecturadeesmeraldas.gob.ec\/wp-content\/uploads\/2020\/03\/WhatsApp-Image-2020-03-02-at-14.32.48.jpeg","articleSection":["Institucional"],"inLanguage":"es"},{"@type":"WebPage","@id":"https:\/\/prefecturadeesmeraldas.gob.ec\/index.php\/2020\/03\/03\/prefecta-llama-a-la-calma-y-facilita-charla-informativa-sobre-coronavirus\/","url":"https:\/\/prefecturadeesmeraldas.gob.ec\/index.php\/2020\/03\/03\/prefecta-llama-a-la-calma-y-facilita-charla-informativa-sobre-coronavirus\/","name":"Prefecta llama a la calma y facilita charla informativa sobre coronavirus - Gobierno Aut\u00f3nomo Descentralizado de la Provincia de Esmeraldas","isPartOf":{"@id":"https:\/\/prefecturadeesmeraldas.gob.ec\/#website"},"primaryImageOfPage":{"@id":"https:\/\/prefecturadeesmeraldas.gob.ec\/index.php\/2020\/03\/03\/prefecta-llama-a-la-calma-y-facilita-charla-informativa-sobre-coronavirus\/#primaryimage"},"image":{"@id":"https:\/\/prefecturadeesmeraldas.gob.ec\/index.php\/2020\/03\/03\/prefecta-llama-a-la-calma-y-facilita-charla-informativa-sobre-coronavirus\/#primaryimage"},"thumbnailUrl":"https:\/\/prefecturadeesmeraldas.gob.ec\/wp-content\/uploads\/2020\/03\/WhatsApp-Image-2020-03-02-at-14.32.48.jpeg","datePublished":"2020-03-03T14:20:42+00:00","dateModified":"2020-03-03T14:22:43+00:00","breadcrumb":{"@id":"https:\/\/prefecturadeesmeraldas.gob.ec\/index.php\/2020\/03\/03\/prefecta-llama-a-la-calma-y-facilita-charla-informativa-sobre-coronavirus\/#breadcrumb"},"inLanguage":"es","potentialAction":[{"@type":"ReadAction","target":["https:\/\/prefecturadeesmeraldas.gob.ec\/index.php\/2020\/03\/03\/prefecta-llama-a-la-calma-y-facilita-charla-informativa-sobre-coronavirus\/"]}]},{"@type":"ImageObject","inLanguage":"es","@id":"https:\/\/prefecturadeesmeraldas.gob.ec\/index.php\/2020\/03\/03\/prefecta-llama-a-la-calma-y-facilita-charla-informativa-sobre-coronavirus\/#primaryimage","url":"https:\/\/prefecturadeesmeraldas.gob.ec\/wp-content\/uploads\/2020\/03\/WhatsApp-Image-2020-03-02-at-14.32.48.jpeg","contentUrl":"https:\/\/prefecturadeesmeraldas.gob.ec\/wp-content\/uploads\/2020\/03\/WhatsApp-Image-2020-03-02-at-14.32.48.jpeg","width":1280,"height":720},{"@type":"BreadcrumbList","@id":"https:\/\/prefecturadeesmeraldas.gob.ec\/index.php\/2020\/03\/03\/prefecta-llama-a-la-calma-y-facilita-charla-informativa-sobre-coronavirus\/#breadcrumb","itemListElement":[{"@type":"ListItem","position":1,"name":"Home","item":"https:\/\/prefecturadeesmeraldas.gob.ec\/"},{"@type":"ListItem","position":2,"name":"Prefecta llama a la calma y facilita charla informativa sobre coronavirus"}]},{"@type":"WebSite","@id":"https:\/\/prefecturadeesmeraldas.gob.ec\/#website","url":"https:\/\/prefecturadeesmeraldas.gob.ec\/","name":"Gobierno Aut\u00f3nomo Descentralizado de la Provincia de Esmeraldas","description":"Gobierno Aut\u00f3nomo Descentralizado de la Provincia de Esmeraldas","publisher":{"@id":"https:\/\/prefecturadeesmeraldas.gob.ec\/#organization"},"potentialAction":[{"@type":"SearchAction","target":{"@type":"EntryPoint","urlTemplate":"https:\/\/prefecturadeesmeraldas.gob.ec\/?s={search_term_string}"},"query-input":{"@type":"PropertyValueSpecification","valueRequired":true,"valueName":"search_term_string"}}],"inLanguage":"es"},{"@type":"Organization","@id":"https:\/\/prefecturadeesmeraldas.gob.ec\/#organization","name":"Gobierno Aut\u00f3nomo Descentralizado de la Provincia de Esmeraldas","url":"https:\/\/prefecturadeesmeraldas.gob.ec\/","logo":{"@type":"ImageObject","inLanguage":"es","@id":"https:\/\/prefecturadeesmeraldas.gob.ec\/#\/schema\/logo\/image\/","url":"https:\/\/prefecturadeesmeraldas.gob.ec\/wp-content\/uploads\/2019\/06\/logo.png","contentUrl":"https:\/\/prefecturadeesmeraldas.gob.ec\/wp-content\/uploads\/2019\/06\/logo.png","width":859,"height":448,"caption":"Gobierno Aut\u00f3nomo Descentralizado de la Provincia de Esmeraldas"},"image":{"@id":"https:\/\/prefecturadeesmeraldas.gob.ec\/#\/schema\/logo\/image\/"},"sameAs":["https:\/\/www.facebook.com\/PrefecturaEsmeraldas\/"]},{"@type":"Person","@id":"https:\/\/prefecturadeesmeraldas.gob.ec\/#\/schema\/person\/b0c9e7b1ead7725994d1e319e8825234","name":"Direcci\u00f3n de Comunicaci\u00f3n","image":{"@type":"ImageObject","inLanguage":"es","@id":"https:\/\/prefecturadeesmeraldas.gob.ec\/#\/schema\/person\/image\/","url":"https:\/\/secure.gravatar.com\/avatar\/74a3870a946f5d774ade3569af61a72308e07ad3346f370c4b468ee2a9858658?s=96&d=mm&r=g","contentUrl":"https:\/\/secure.gravatar.com\/avatar\/74a3870a946f5d774ade3569af61a72308e07ad3346f370c4b468ee2a9858658?s=96&d=mm&r=g","caption":"Direcci\u00f3n de Comunicaci\u00f3n"}}]}},"_links":{"self":[{"href":"https:\/\/prefecturadeesmeraldas.gob.ec\/index.php\/wp-json\/wp\/v2\/posts\/3511","targetHints":{"allow":["GET"]}}],"collection":[{"href":"https:\/\/prefecturadeesmeraldas.gob.ec\/index.php\/wp-json\/wp\/v2\/posts"}],"about":[{"href":"https:\/\/prefecturadeesmeraldas.gob.ec\/index.php\/wp-json\/wp\/v2\/types\/post"}],"author":[{"embeddable":true,"href":"https:\/\/prefecturadeesmeraldas.gob.ec\/index.php\/wp-json\/wp\/v2\/users\/2"}],"replies":[{"embeddable":true,"href":"https:\/\/prefecturadeesmeraldas.gob.ec\/index.php\/wp-json\/wp\/v2\/comments?post=3511"}],"version-history":[{"count":0,"href":"https:\/\/prefecturadeesmeraldas.gob.ec\/index.php\/wp-json\/wp\/v2\/posts\/3511\/revisions"}],"wp:featuredmedia":[{"embeddable":true,"href":"https:\/\/prefecturadeesmeraldas.gob.ec\/index.php\/wp-json\/wp\/v2\/media\/3508"}],"wp:attachment":[{"href":"https:\/\/prefecturadeesmeraldas.gob.ec\/index.php\/wp-json\/wp\/v2\/media?parent=3511"}],"wp:term":[{"taxonomy":"category","embeddable":true,"href":"https:\/\/prefecturadeesmeraldas.gob.ec\/index.php\/wp-json\/wp\/v2\/categories?post=3511"},{"taxonomy":"post_tag","embeddable":true,"href":"https:\/\/prefecturadeesmeraldas.gob.ec\/index.php\/wp-json\/wp\/v2\/tags?post=3511"}],"curies":[{"name":"wp","href":"https:\/\/api.w.org\/{rel}","templated":true}]}}