{"id":3457,"date":"2020-02-28T09:52:12","date_gmt":"2020-02-28T14:52:12","guid":{"rendered":"http:\/\/prefecturadeesmeraldas.gob.ec\/?p=3457"},"modified":"2020-02-28T09:53:46","modified_gmt":"2020-02-28T14:53:46","slug":"prefectura-recibe-reconocimiento-del-proceso-aprendizaje-vinculado-a-resultados-avar","status":"publish","type":"post","link":"https:\/\/prefecturadeesmeraldas.gob.ec\/index.php\/2020\/02\/28\/prefectura-recibe-reconocimiento-del-proceso-aprendizaje-vinculado-a-resultados-avar\/","title":{"rendered":"Prefectura recibe reconocimiento del proceso \u201caprendizaje vinculado a resultados &#8211; AVAR\u201d"},"content":{"rendered":"\t\t<div data-elementor-type=\"wp-post\" data-elementor-id=\"3457\" class=\"elementor elementor-3457\">\n\t\t\t\t\t\t<section class=\"elementor-section elementor-top-section elementor-element elementor-element-ef68d32 elementor-section-boxed elementor-section-height-default elementor-section-height-default\" data-id=\"ef68d32\" data-element_type=\"section\">\n\t\t\t\t\t\t<div class=\"elementor-container elementor-column-gap-default\">\n\t\t\t\t\t<div class=\"elementor-column elementor-col-100 elementor-top-column elementor-element elementor-element-e2935a2\" data-id=\"e2935a2\" data-element_type=\"column\">\n\t\t\t<div class=\"elementor-widget-wrap elementor-element-populated\">\n\t\t\t\t\t\t<div class=\"elementor-element elementor-element-3469d67 elementor-widget elementor-widget-image\" data-id=\"3469d67\" data-element_type=\"widget\" data-widget_type=\"image.default\">\n\t\t\t\t<div class=\"elementor-widget-container\">\n\t\t\t\t\t\t\t\t\t\t\t\t<figure class=\"wp-caption\">\n\t\t\t\t\t\t\t\t\t\t<img fetchpriority=\"high\" decoding=\"async\" width=\"1024\" height=\"768\" src=\"https:\/\/prefecturadeesmeraldas.gob.ec\/wp-content\/uploads\/2020\/02\/BOLETIN188-1024x768.jpg\" class=\"attachment-large size-large wp-image-3448\" alt=\"\" srcset=\"https:\/\/prefecturadeesmeraldas.gob.ec\/wp-content\/uploads\/2020\/02\/BOLETIN188-1024x768.jpg 1024w, https:\/\/prefecturadeesmeraldas.gob.ec\/wp-content\/uploads\/2020\/02\/BOLETIN188-1080x810.jpg 1080w, https:\/\/prefecturadeesmeraldas.gob.ec\/wp-content\/uploads\/2020\/02\/BOLETIN188-300x225.jpg 300w, https:\/\/prefecturadeesmeraldas.gob.ec\/wp-content\/uploads\/2020\/02\/BOLETIN188-768x576.jpg 768w, https:\/\/prefecturadeesmeraldas.gob.ec\/wp-content\/uploads\/2020\/02\/BOLETIN188.jpg 1280w\" sizes=\"(max-width: 1024px) 100vw, 1024px\" \/>\t\t\t\t\t\t\t\t\t\t\t<figcaption class=\"widget-image-caption wp-caption-text\">Viceprefecto, Diego Zambrano, recibi\u00f3 el reconocimiento del proceso \u201caprendizaje vinculado a resultados \u2013 AVAR\u201d<\/figcaption>\n\t\t\t\t\t\t\t\t\t\t<\/figure>\n\t\t\t\t\t\t\t\t\t<\/div>\n\t\t\t\t<\/div>\n\t\t\t\t\t<\/div>\n\t\t<\/div>\n\t\t\t\t\t<\/div>\n\t\t<\/section>\n\t\t\t\t<section class=\"elementor-section elementor-top-section elementor-element elementor-element-9338958 elementor-section-boxed elementor-section-height-default elementor-section-height-default\" data-id=\"9338958\" data-element_type=\"section\">\n\t\t\t\t\t\t<div class=\"elementor-container elementor-column-gap-default\">\n\t\t\t\t\t<div class=\"elementor-column elementor-col-100 elementor-top-column elementor-element elementor-element-78e9a19\" data-id=\"78e9a19\" data-element_type=\"column\">\n\t\t\t<div class=\"elementor-widget-wrap elementor-element-populated\">\n\t\t\t\t\t\t<div class=\"elementor-element elementor-element-f892c06 elementor-widget elementor-widget-text-editor\" data-id=\"f892c06\" data-element_type=\"widget\" data-widget_type=\"text-editor.default\">\n\t\t\t\t<div class=\"elementor-widget-container\">\n\t\t\t\t\t\t\t\t\t<p>Con mucho orgullo, la Prefectura de Esmeraldas recibi\u00f3 un reconocimiento en la premiaci\u00f3n del Aprendizaje Vinculado a Resultados (AVAR), gracias al arduo trabajo que realizamos, aplicando las pol\u00edticas de Movilidad Humana dentro de la provincia.<\/p><p><\/p><p><strong>Diego Zambrano<\/strong>, Viceprefecto, recibi\u00f3 el reconocimiento en la ciudad de Quito. Este proceso es impulsado por el Ministerio de Relaciones Exteriores y la Cooperaci\u00f3n T\u00e9cnica Alemana \u2013 GIZ, en el marco del Programa SI \u2013 Frontera.<\/p><p><\/p><p><strong>Lady Cede\u00f1o<\/strong>, Directora de Gesti\u00f3n de Articulaci\u00f3n, Cooperaci\u00f3n e Internacionalizaci\u00f3n del Territorio, indic\u00f3 que se trabaja para la inserci\u00f3n e integraci\u00f3n de la poblaci\u00f3n migrante, adem\u00e1s, expres\u00f3 que con este reconocimiento la <strong>Prefectura de Esmeraldas continuar\u00e1 fortaleciendo la instituci\u00f3n, elaborar\u00e1 proyectos para fortalecer y solventar la Movilidad Humana en territorio.<\/strong><\/p><p><\/p><p>La Premiaci\u00f3n se lo hizo por el arduo trabajo y apoyo realizado en la Frontera Norte por parte de diecis\u00e9is Gobiernos Aut\u00f3nomos Descentralizados del Ecuador, en beneficio de la poblaci\u00f3n en tema de Movilidad Humana.<\/p>\t\t\t\t\t\t\t\t<\/div>\n\t\t\t\t<\/div>\n\t\t\t\t\t<\/div>\n\t\t<\/div>\n\t\t\t\t\t<\/div>\n\t\t<\/section>\n\t\t\t\t<\/div>\n\t\t","protected":false},"excerpt":{"rendered":"<p>Viceprefecto, Diego Zambrano, recibi\u00f3 el reconocimiento del proceso \u201caprendizaje vinculado a resultados \u2013 AVAR\u201d Con mucho orgullo, la Prefectura de Esmeraldas recibi\u00f3 un reconocimiento en la premiaci\u00f3n del Aprendizaje Vinculado a Resultados (AVAR), gracias al arduo trabajo que realizamos, aplicando las pol\u00edticas de Movilidad Humana dentro de la provincia. Diego Zambrano, Viceprefecto, recibi\u00f3 el reconocimiento [&hellip;]<\/p>\n","protected":false},"author":2,"featured_media":3448,"comment_status":"closed","ping_status":"open","sticky":false,"template":"","format":"standard","meta":{"footnotes":""},"categories":[3],"tags":[],"class_list":["post-3457","post","type-post","status-publish","format-standard","has-post-thumbnail","hentry","category-institucional"],"yoast_head":"<!-- This site is optimized with the Yoast SEO plugin v25.7 - https:\/\/yoast.com\/wordpress\/plugins\/seo\/ -->\n<title>Prefectura recibe reconocimiento del proceso \u201caprendizaje vinculado a resultados - AVAR\u201d - Gobierno Aut\u00f3nomo Descentralizado de la Provincia de Esmeraldas<\/title>\n<meta name=\"robots\" content=\"index, follow, max-snippet:-1, max-image-preview:large, max-video-preview:-1\" \/>\n<link rel=\"canonical\" href=\"https:\/\/prefecturadeesmeraldas.gob.ec\/index.php\/2020\/02\/28\/prefectura-recibe-reconocimiento-del-proceso-aprendizaje-vinculado-a-resultados-avar\/\" \/>\n<meta property=\"og:locale\" content=\"es_ES\" \/>\n<meta property=\"og:type\" content=\"article\" \/>\n<meta property=\"og:title\" content=\"Prefectura recibe reconocimiento del proceso \u201caprendizaje vinculado a resultados - AVAR\u201d - Gobierno Aut\u00f3nomo Descentralizado de la Provincia de Esmeraldas\" \/>\n<meta property=\"og:description\" content=\"Viceprefecto, Diego Zambrano, recibi\u00f3 el reconocimiento del proceso \u201caprendizaje vinculado a resultados \u2013 AVAR\u201d Con mucho orgullo, la Prefectura de Esmeraldas recibi\u00f3 un reconocimiento en la premiaci\u00f3n del Aprendizaje Vinculado a Resultados (AVAR), gracias al arduo trabajo que realizamos, aplicando las pol\u00edticas de Movilidad Humana dentro de la provincia. Diego Zambrano, Viceprefecto, recibi\u00f3 el reconocimiento [&hellip;]\" \/>\n<meta property=\"og:url\" content=\"https:\/\/prefecturadeesmeraldas.gob.ec\/index.php\/2020\/02\/28\/prefectura-recibe-reconocimiento-del-proceso-aprendizaje-vinculado-a-resultados-avar\/\" \/>\n<meta property=\"og:site_name\" content=\"Gobierno Aut\u00f3nomo Descentralizado de la Provincia de Esmeraldas\" \/>\n<meta property=\"article:publisher\" content=\"https:\/\/www.facebook.com\/PrefecturaEsmeraldas\/\" \/>\n<meta property=\"article:published_time\" content=\"2020-02-28T14:52:12+00:00\" \/>\n<meta property=\"article:modified_time\" content=\"2020-02-28T14:53:46+00:00\" \/>\n<meta property=\"og:image\" content=\"https:\/\/prefecturadeesmeraldas.gob.ec\/wp-content\/uploads\/2020\/02\/BOLETIN188.jpg\" \/>\n\t<meta property=\"og:image:width\" content=\"1280\" \/>\n\t<meta property=\"og:image:height\" content=\"960\" \/>\n\t<meta property=\"og:image:type\" content=\"image\/jpeg\" \/>\n<meta name=\"author\" content=\"Direcci\u00f3n de Comunicaci\u00f3n\" \/>\n<meta name=\"twitter:card\" content=\"summary_large_image\" \/>\n<meta name=\"twitter:label1\" content=\"Escrito por\" \/>\n\t<meta name=\"twitter:data1\" content=\"Direcci\u00f3n de Comunicaci\u00f3n\" \/>\n\t<meta name=\"twitter:label2\" content=\"Tiempo de lectura\" \/>\n\t<meta name=\"twitter:data2\" content=\"1 minuto\" \/>\n<script type=\"application\/ld+json\" class=\"yoast-schema-graph\">{\"@context\":\"https:\/\/schema.org\",\"@graph\":[{\"@type\":\"Article\",\"@id\":\"https:\/\/prefecturadeesmeraldas.gob.ec\/index.php\/2020\/02\/28\/prefectura-recibe-reconocimiento-del-proceso-aprendizaje-vinculado-a-resultados-avar\/#article\",\"isPartOf\":{\"@id\":\"https:\/\/prefecturadeesmeraldas.gob.ec\/index.php\/2020\/02\/28\/prefectura-recibe-reconocimiento-del-proceso-aprendizaje-vinculado-a-resultados-avar\/\"},\"author\":{\"name\":\"Direcci\u00f3n de Comunicaci\u00f3n\",\"@id\":\"https:\/\/prefecturadeesmeraldas.gob.ec\/#\/schema\/person\/b0c9e7b1ead7725994d1e319e8825234\"},\"headline\":\"Prefectura recibe reconocimiento del proceso \u201caprendizaje vinculado a resultados &#8211; AVAR\u201d\",\"datePublished\":\"2020-02-28T14:52:12+00:00\",\"dateModified\":\"2020-02-28T14:53:46+00:00\",\"mainEntityOfPage\":{\"@id\":\"https:\/\/prefecturadeesmeraldas.gob.ec\/index.php\/2020\/02\/28\/prefectura-recibe-reconocimiento-del-proceso-aprendizaje-vinculado-a-resultados-avar\/\"},\"wordCount\":196,\"publisher\":{\"@id\":\"https:\/\/prefecturadeesmeraldas.gob.ec\/#organization\"},\"image\":{\"@id\":\"https:\/\/prefecturadeesmeraldas.gob.ec\/index.php\/2020\/02\/28\/prefectura-recibe-reconocimiento-del-proceso-aprendizaje-vinculado-a-resultados-avar\/#primaryimage\"},\"thumbnailUrl\":\"https:\/\/prefecturadeesmeraldas.gob.ec\/wp-content\/uploads\/2020\/02\/BOLETIN188.jpg\",\"articleSection\":[\"Institucional\"],\"inLanguage\":\"es\"},{\"@type\":\"WebPage\",\"@id\":\"https:\/\/prefecturadeesmeraldas.gob.ec\/index.php\/2020\/02\/28\/prefectura-recibe-reconocimiento-del-proceso-aprendizaje-vinculado-a-resultados-avar\/\",\"url\":\"https:\/\/prefecturadeesmeraldas.gob.ec\/index.php\/2020\/02\/28\/prefectura-recibe-reconocimiento-del-proceso-aprendizaje-vinculado-a-resultados-avar\/\",\"name\":\"Prefectura recibe reconocimiento del proceso \u201caprendizaje vinculado a resultados - AVAR\u201d - Gobierno Aut\u00f3nomo Descentralizado de la Provincia de Esmeraldas\",\"isPartOf\":{\"@id\":\"https:\/\/prefecturadeesmeraldas.gob.ec\/#website\"},\"primaryImageOfPage\":{\"@id\":\"https:\/\/prefecturadeesmeraldas.gob.ec\/index.php\/2020\/02\/28\/prefectura-recibe-reconocimiento-del-proceso-aprendizaje-vinculado-a-resultados-avar\/#primaryimage\"},\"image\":{\"@id\":\"https:\/\/prefecturadeesmeraldas.gob.ec\/index.php\/2020\/02\/28\/prefectura-recibe-reconocimiento-del-proceso-aprendizaje-vinculado-a-resultados-avar\/#primaryimage\"},\"thumbnailUrl\":\"https:\/\/prefecturadeesmeraldas.gob.ec\/wp-content\/uploads\/2020\/02\/BOLETIN188.jpg\",\"datePublished\":\"2020-02-28T14:52:12+00:00\",\"dateModified\":\"2020-02-28T14:53:46+00:00\",\"breadcrumb\":{\"@id\":\"https:\/\/prefecturadeesmeraldas.gob.ec\/index.php\/2020\/02\/28\/prefectura-recibe-reconocimiento-del-proceso-aprendizaje-vinculado-a-resultados-avar\/#breadcrumb\"},\"inLanguage\":\"es\",\"potentialAction\":[{\"@type\":\"ReadAction\",\"target\":[\"https:\/\/prefecturadeesmeraldas.gob.ec\/index.php\/2020\/02\/28\/prefectura-recibe-reconocimiento-del-proceso-aprendizaje-vinculado-a-resultados-avar\/\"]}]},{\"@type\":\"ImageObject\",\"inLanguage\":\"es\",\"@id\":\"https:\/\/prefecturadeesmeraldas.gob.ec\/index.php\/2020\/02\/28\/prefectura-recibe-reconocimiento-del-proceso-aprendizaje-vinculado-a-resultados-avar\/#primaryimage\",\"url\":\"https:\/\/prefecturadeesmeraldas.gob.ec\/wp-content\/uploads\/2020\/02\/BOLETIN188.jpg\",\"contentUrl\":\"https:\/\/prefecturadeesmeraldas.gob.ec\/wp-content\/uploads\/2020\/02\/BOLETIN188.jpg\",\"width\":1280,\"height\":960},{\"@type\":\"BreadcrumbList\",\"@id\":\"https:\/\/prefecturadeesmeraldas.gob.ec\/index.php\/2020\/02\/28\/prefectura-recibe-reconocimiento-del-proceso-aprendizaje-vinculado-a-resultados-avar\/#breadcrumb\",\"itemListElement\":[{\"@type\":\"ListItem\",\"position\":1,\"name\":\"Home\",\"item\":\"https:\/\/prefecturadeesmeraldas.gob.ec\/\"},{\"@type\":\"ListItem\",\"position\":2,\"name\":\"Prefectura recibe reconocimiento del proceso \u201caprendizaje vinculado a resultados &#8211; AVAR\u201d\"}]},{\"@type\":\"WebSite\",\"@id\":\"https:\/\/prefecturadeesmeraldas.gob.ec\/#website\",\"url\":\"https:\/\/prefecturadeesmeraldas.gob.ec\/\",\"name\":\"Gobierno Aut\u00f3nomo Descentralizado de la Provincia de Esmeraldas\",\"description\":\"Gobierno Aut\u00f3nomo Descentralizado de la Provincia de Esmeraldas\",\"publisher\":{\"@id\":\"https:\/\/prefecturadeesmeraldas.gob.ec\/#organization\"},\"potentialAction\":[{\"@type\":\"SearchAction\",\"target\":{\"@type\":\"EntryPoint\",\"urlTemplate\":\"https:\/\/prefecturadeesmeraldas.gob.ec\/?s={search_term_string}\"},\"query-input\":{\"@type\":\"PropertyValueSpecification\",\"valueRequired\":true,\"valueName\":\"search_term_string\"}}],\"inLanguage\":\"es\"},{\"@type\":\"Organization\",\"@id\":\"https:\/\/prefecturadeesmeraldas.gob.ec\/#organization\",\"name\":\"Gobierno Aut\u00f3nomo Descentralizado de la Provincia de Esmeraldas\",\"url\":\"https:\/\/prefecturadeesmeraldas.gob.ec\/\",\"logo\":{\"@type\":\"ImageObject\",\"inLanguage\":\"es\",\"@id\":\"https:\/\/prefecturadeesmeraldas.gob.ec\/#\/schema\/logo\/image\/\",\"url\":\"https:\/\/prefecturadeesmeraldas.gob.ec\/wp-content\/uploads\/2019\/06\/logo.png\",\"contentUrl\":\"https:\/\/prefecturadeesmeraldas.gob.ec\/wp-content\/uploads\/2019\/06\/logo.png\",\"width\":859,\"height\":448,\"caption\":\"Gobierno Aut\u00f3nomo Descentralizado de la Provincia de Esmeraldas\"},\"image\":{\"@id\":\"https:\/\/prefecturadeesmeraldas.gob.ec\/#\/schema\/logo\/image\/\"},\"sameAs\":[\"https:\/\/www.facebook.com\/PrefecturaEsmeraldas\/\"]},{\"@type\":\"Person\",\"@id\":\"https:\/\/prefecturadeesmeraldas.gob.ec\/#\/schema\/person\/b0c9e7b1ead7725994d1e319e8825234\",\"name\":\"Direcci\u00f3n de Comunicaci\u00f3n\",\"image\":{\"@type\":\"ImageObject\",\"inLanguage\":\"es\",\"@id\":\"https:\/\/prefecturadeesmeraldas.gob.ec\/#\/schema\/person\/image\/\",\"url\":\"https:\/\/secure.gravatar.com\/avatar\/74a3870a946f5d774ade3569af61a72308e07ad3346f370c4b468ee2a9858658?s=96&d=mm&r=g\",\"contentUrl\":\"https:\/\/secure.gravatar.com\/avatar\/74a3870a946f5d774ade3569af61a72308e07ad3346f370c4b468ee2a9858658?s=96&d=mm&r=g\",\"caption\":\"Direcci\u00f3n de Comunicaci\u00f3n\"}}]}<\/script>\n<!-- \/ Yoast SEO plugin. -->","yoast_head_json":{"title":"Prefectura recibe reconocimiento del proceso \u201caprendizaje vinculado a resultados - AVAR\u201d - Gobierno Aut\u00f3nomo Descentralizado de la Provincia de Esmeraldas","robots":{"index":"index","follow":"follow","max-snippet":"max-snippet:-1","max-image-preview":"max-image-preview:large","max-video-preview":"max-video-preview:-1"},"canonical":"https:\/\/prefecturadeesmeraldas.gob.ec\/index.php\/2020\/02\/28\/prefectura-recibe-reconocimiento-del-proceso-aprendizaje-vinculado-a-resultados-avar\/","og_locale":"es_ES","og_type":"article","og_title":"Prefectura recibe reconocimiento del proceso \u201caprendizaje vinculado a resultados - AVAR\u201d - Gobierno Aut\u00f3nomo Descentralizado de la Provincia de Esmeraldas","og_description":"Viceprefecto, Diego Zambrano, recibi\u00f3 el reconocimiento del proceso \u201caprendizaje vinculado a resultados \u2013 AVAR\u201d Con mucho orgullo, la Prefectura de Esmeraldas recibi\u00f3 un reconocimiento en la premiaci\u00f3n del Aprendizaje Vinculado a Resultados (AVAR), gracias al arduo trabajo que realizamos, aplicando las pol\u00edticas de Movilidad Humana dentro de la provincia. Diego Zambrano, Viceprefecto, recibi\u00f3 el reconocimiento [&hellip;]","og_url":"https:\/\/prefecturadeesmeraldas.gob.ec\/index.php\/2020\/02\/28\/prefectura-recibe-reconocimiento-del-proceso-aprendizaje-vinculado-a-resultados-avar\/","og_site_name":"Gobierno Aut\u00f3nomo Descentralizado de la Provincia de Esmeraldas","article_publisher":"https:\/\/www.facebook.com\/PrefecturaEsmeraldas\/","article_published_time":"2020-02-28T14:52:12+00:00","article_modified_time":"2020-02-28T14:53:46+00:00","og_image":[{"width":1280,"height":960,"url":"https:\/\/prefecturadeesmeraldas.gob.ec\/wp-content\/uploads\/2020\/02\/BOLETIN188.jpg","type":"image\/jpeg"}],"author":"Direcci\u00f3n de Comunicaci\u00f3n","twitter_card":"summary_large_image","twitter_misc":{"Escrito por":"Direcci\u00f3n de Comunicaci\u00f3n","Tiempo de lectura":"1 minuto"},"schema":{"@context":"https:\/\/schema.org","@graph":[{"@type":"Article","@id":"https:\/\/prefecturadeesmeraldas.gob.ec\/index.php\/2020\/02\/28\/prefectura-recibe-reconocimiento-del-proceso-aprendizaje-vinculado-a-resultados-avar\/#article","isPartOf":{"@id":"https:\/\/prefecturadeesmeraldas.gob.ec\/index.php\/2020\/02\/28\/prefectura-recibe-reconocimiento-del-proceso-aprendizaje-vinculado-a-resultados-avar\/"},"author":{"name":"Direcci\u00f3n de Comunicaci\u00f3n","@id":"https:\/\/prefecturadeesmeraldas.gob.ec\/#\/schema\/person\/b0c9e7b1ead7725994d1e319e8825234"},"headline":"Prefectura recibe reconocimiento del proceso \u201caprendizaje vinculado a resultados &#8211; AVAR\u201d","datePublished":"2020-02-28T14:52:12+00:00","dateModified":"2020-02-28T14:53:46+00:00","mainEntityOfPage":{"@id":"https:\/\/prefecturadeesmeraldas.gob.ec\/index.php\/2020\/02\/28\/prefectura-recibe-reconocimiento-del-proceso-aprendizaje-vinculado-a-resultados-avar\/"},"wordCount":196,"publisher":{"@id":"https:\/\/prefecturadeesmeraldas.gob.ec\/#organization"},"image":{"@id":"https:\/\/prefecturadeesmeraldas.gob.ec\/index.php\/2020\/02\/28\/prefectura-recibe-reconocimiento-del-proceso-aprendizaje-vinculado-a-resultados-avar\/#primaryimage"},"thumbnailUrl":"https:\/\/prefecturadeesmeraldas.gob.ec\/wp-content\/uploads\/2020\/02\/BOLETIN188.jpg","articleSection":["Institucional"],"inLanguage":"es"},{"@type":"WebPage","@id":"https:\/\/prefecturadeesmeraldas.gob.ec\/index.php\/2020\/02\/28\/prefectura-recibe-reconocimiento-del-proceso-aprendizaje-vinculado-a-resultados-avar\/","url":"https:\/\/prefecturadeesmeraldas.gob.ec\/index.php\/2020\/02\/28\/prefectura-recibe-reconocimiento-del-proceso-aprendizaje-vinculado-a-resultados-avar\/","name":"Prefectura recibe reconocimiento del proceso \u201caprendizaje vinculado a resultados - AVAR\u201d - Gobierno Aut\u00f3nomo Descentralizado de la Provincia de Esmeraldas","isPartOf":{"@id":"https:\/\/prefecturadeesmeraldas.gob.ec\/#website"},"primaryImageOfPage":{"@id":"https:\/\/prefecturadeesmeraldas.gob.ec\/index.php\/2020\/02\/28\/prefectura-recibe-reconocimiento-del-proceso-aprendizaje-vinculado-a-resultados-avar\/#primaryimage"},"image":{"@id":"https:\/\/prefecturadeesmeraldas.gob.ec\/index.php\/2020\/02\/28\/prefectura-recibe-reconocimiento-del-proceso-aprendizaje-vinculado-a-resultados-avar\/#primaryimage"},"thumbnailUrl":"https:\/\/prefecturadeesmeraldas.gob.ec\/wp-content\/uploads\/2020\/02\/BOLETIN188.jpg","datePublished":"2020-02-28T14:52:12+00:00","dateModified":"2020-02-28T14:53:46+00:00","breadcrumb":{"@id":"https:\/\/prefecturadeesmeraldas.gob.ec\/index.php\/2020\/02\/28\/prefectura-recibe-reconocimiento-del-proceso-aprendizaje-vinculado-a-resultados-avar\/#breadcrumb"},"inLanguage":"es","potentialAction":[{"@type":"ReadAction","target":["https:\/\/prefecturadeesmeraldas.gob.ec\/index.php\/2020\/02\/28\/prefectura-recibe-reconocimiento-del-proceso-aprendizaje-vinculado-a-resultados-avar\/"]}]},{"@type":"ImageObject","inLanguage":"es","@id":"https:\/\/prefecturadeesmeraldas.gob.ec\/index.php\/2020\/02\/28\/prefectura-recibe-reconocimiento-del-proceso-aprendizaje-vinculado-a-resultados-avar\/#primaryimage","url":"https:\/\/prefecturadeesmeraldas.gob.ec\/wp-content\/uploads\/2020\/02\/BOLETIN188.jpg","contentUrl":"https:\/\/prefecturadeesmeraldas.gob.ec\/wp-content\/uploads\/2020\/02\/BOLETIN188.jpg","width":1280,"height":960},{"@type":"BreadcrumbList","@id":"https:\/\/prefecturadeesmeraldas.gob.ec\/index.php\/2020\/02\/28\/prefectura-recibe-reconocimiento-del-proceso-aprendizaje-vinculado-a-resultados-avar\/#breadcrumb","itemListElement":[{"@type":"ListItem","position":1,"name":"Home","item":"https:\/\/prefecturadeesmeraldas.gob.ec\/"},{"@type":"ListItem","position":2,"name":"Prefectura recibe reconocimiento del proceso \u201caprendizaje vinculado a resultados &#8211; AVAR\u201d"}]},{"@type":"WebSite","@id":"https:\/\/prefecturadeesmeraldas.gob.ec\/#website","url":"https:\/\/prefecturadeesmeraldas.gob.ec\/","name":"Gobierno Aut\u00f3nomo Descentralizado de la Provincia de Esmeraldas","description":"Gobierno Aut\u00f3nomo Descentralizado de la Provincia de Esmeraldas","publisher":{"@id":"https:\/\/prefecturadeesmeraldas.gob.ec\/#organization"},"potentialAction":[{"@type":"SearchAction","target":{"@type":"EntryPoint","urlTemplate":"https:\/\/prefecturadeesmeraldas.gob.ec\/?s={search_term_string}"},"query-input":{"@type":"PropertyValueSpecification","valueRequired":true,"valueName":"search_term_string"}}],"inLanguage":"es"},{"@type":"Organization","@id":"https:\/\/prefecturadeesmeraldas.gob.ec\/#organization","name":"Gobierno Aut\u00f3nomo Descentralizado de la Provincia de Esmeraldas","url":"https:\/\/prefecturadeesmeraldas.gob.ec\/","logo":{"@type":"ImageObject","inLanguage":"es","@id":"https:\/\/prefecturadeesmeraldas.gob.ec\/#\/schema\/logo\/image\/","url":"https:\/\/prefecturadeesmeraldas.gob.ec\/wp-content\/uploads\/2019\/06\/logo.png","contentUrl":"https:\/\/prefecturadeesmeraldas.gob.ec\/wp-content\/uploads\/2019\/06\/logo.png","width":859,"height":448,"caption":"Gobierno Aut\u00f3nomo Descentralizado de la Provincia de Esmeraldas"},"image":{"@id":"https:\/\/prefecturadeesmeraldas.gob.ec\/#\/schema\/logo\/image\/"},"sameAs":["https:\/\/www.facebook.com\/PrefecturaEsmeraldas\/"]},{"@type":"Person","@id":"https:\/\/prefecturadeesmeraldas.gob.ec\/#\/schema\/person\/b0c9e7b1ead7725994d1e319e8825234","name":"Direcci\u00f3n de Comunicaci\u00f3n","image":{"@type":"ImageObject","inLanguage":"es","@id":"https:\/\/prefecturadeesmeraldas.gob.ec\/#\/schema\/person\/image\/","url":"https:\/\/secure.gravatar.com\/avatar\/74a3870a946f5d774ade3569af61a72308e07ad3346f370c4b468ee2a9858658?s=96&d=mm&r=g","contentUrl":"https:\/\/secure.gravatar.com\/avatar\/74a3870a946f5d774ade3569af61a72308e07ad3346f370c4b468ee2a9858658?s=96&d=mm&r=g","caption":"Direcci\u00f3n de Comunicaci\u00f3n"}}]}},"_links":{"self":[{"href":"https:\/\/prefecturadeesmeraldas.gob.ec\/index.php\/wp-json\/wp\/v2\/posts\/3457","targetHints":{"allow":["GET"]}}],"collection":[{"href":"https:\/\/prefecturadeesmeraldas.gob.ec\/index.php\/wp-json\/wp\/v2\/posts"}],"about":[{"href":"https:\/\/prefecturadeesmeraldas.gob.ec\/index.php\/wp-json\/wp\/v2\/types\/post"}],"author":[{"embeddable":true,"href":"https:\/\/prefecturadeesmeraldas.gob.ec\/index.php\/wp-json\/wp\/v2\/users\/2"}],"replies":[{"embeddable":true,"href":"https:\/\/prefecturadeesmeraldas.gob.ec\/index.php\/wp-json\/wp\/v2\/comments?post=3457"}],"version-history":[{"count":0,"href":"https:\/\/prefecturadeesmeraldas.gob.ec\/index.php\/wp-json\/wp\/v2\/posts\/3457\/revisions"}],"wp:featuredmedia":[{"embeddable":true,"href":"https:\/\/prefecturadeesmeraldas.gob.ec\/index.php\/wp-json\/wp\/v2\/media\/3448"}],"wp:attachment":[{"href":"https:\/\/prefecturadeesmeraldas.gob.ec\/index.php\/wp-json\/wp\/v2\/media?parent=3457"}],"wp:term":[{"taxonomy":"category","embeddable":true,"href":"https:\/\/prefecturadeesmeraldas.gob.ec\/index.php\/wp-json\/wp\/v2\/categories?post=3457"},{"taxonomy":"post_tag","embeddable":true,"href":"https:\/\/prefecturadeesmeraldas.gob.ec\/index.php\/wp-json\/wp\/v2\/tags?post=3457"}],"curies":[{"name":"wp","href":"https:\/\/api.w.org\/{rel}","templated":true}]}}