{"id":34100,"date":"2026-09-03T10:19:57","date_gmt":"2026-09-03T15:19:57","guid":{"rendered":"https:\/\/prefecturadeesmeraldas.gob.ec\/?p=34100"},"modified":"2026-09-03T10:23:10","modified_gmt":"2026-09-03T15:23:10","slug":"prefectura-fortalece-la-produccion-agricola-con-obras-de-calidad","status":"publish","type":"post","link":"https:\/\/prefecturadeesmeraldas.gob.ec\/index.php\/2026\/09\/03\/prefectura-fortalece-la-produccion-agricola-con-obras-de-calidad\/","title":{"rendered":"Prefectura fortalece la producci\u00f3n agr\u00edcola con obras de calidad."},"content":{"rendered":"\t\t<div data-elementor-type=\"wp-post\" data-elementor-id=\"34100\" class=\"elementor elementor-34100\">\n\t\t\t\t<div class=\"elementor-element elementor-element-c6c6f6d e-flex e-con-boxed e-con e-parent\" data-id=\"c6c6f6d\" data-element_type=\"container\">\n\t\t\t\t\t<div class=\"e-con-inner\">\n\t\t\t\t<div class=\"elementor-element elementor-element-20815b4 elementor-widget elementor-widget-image\" data-id=\"20815b4\" data-element_type=\"widget\" data-widget_type=\"image.default\">\n\t\t\t\t<div class=\"elementor-widget-container\">\n\t\t\t\t\t\t\t\t\t\t\t\t\t\t\t<img fetchpriority=\"high\" decoding=\"async\" width=\"990\" height=\"729\" src=\"https:\/\/prefecturadeesmeraldas.gob.ec\/wp-content\/uploads\/2026\/09\/111-1.jpg\" class=\"attachment-large size-large wp-image-34102\" alt=\"\" srcset=\"https:\/\/prefecturadeesmeraldas.gob.ec\/wp-content\/uploads\/2026\/09\/111-1.jpg 990w, https:\/\/prefecturadeesmeraldas.gob.ec\/wp-content\/uploads\/2026\/09\/111-1-300x221.jpg 300w, https:\/\/prefecturadeesmeraldas.gob.ec\/wp-content\/uploads\/2026\/09\/111-1-768x566.jpg 768w, https:\/\/prefecturadeesmeraldas.gob.ec\/wp-content\/uploads\/2026\/09\/111-1-840x620.jpg 840w\" sizes=\"(max-width: 990px) 100vw, 990px\" \/>\t\t\t\t\t\t\t\t\t\t\t\t\t\t\t<\/div>\n\t\t\t\t<\/div>\n\t\t\t\t\t<\/div>\n\t\t\t\t<\/div>\n\t\t<div class=\"elementor-element elementor-element-b4a2ed5 e-flex e-con-boxed e-con e-parent\" data-id=\"b4a2ed5\" data-element_type=\"container\">\n\t\t\t\t\t<div class=\"e-con-inner\">\n\t\t\t\t<div class=\"elementor-element elementor-element-d048d35 elementor-widget elementor-widget-text-editor\" data-id=\"d048d35\" data-element_type=\"widget\" data-widget_type=\"text-editor.default\">\n\t\t\t\t<div class=\"elementor-widget-container\">\n\t\t\t\t\t\t\t\t\t<p>La Prefectura de Esmeraldas, bajo el liderazgo del prefecto Diego Zambrano<strong>,<\/strong> contin\u00faa fortaleciendo el desarrollo productivo de la provincia mediante la ejecuci\u00f3n de importantes obras de infraestructura h\u00eddrica que benefician directamente a los agricultores.<\/p><p>A trav\u00e9s de la Direcci\u00f3n de Cuencas, Riego y Drenaje<strong>,<\/strong> la instituci\u00f3n trabaja de manera simult\u00e1nea en sistemas de riego, pozos de agua profunda y proyectos estrat\u00e9gicos orientados a garantizar el acceso al recurso h\u00eddrico, mejorar la producci\u00f3n agr\u00edcola y fortalecer la seguridad alimentaria de las comunidades rurales.<\/p><p>Entre las intervenciones prioritarias destacan los sistemas de riego mediante pozos de agua profunda \u201cEl Silencio\u201d y \u201cRocafuerte\u201d<strong>, <\/strong>ubicados en los cantones Quinind\u00e9 y San Lorenzo. Estas obras civiles han sido concebidas para estabilizar el suministro de agua y asegurar la continuidad de las actividades productivas de las familias beneficiarias, especialmente en zonas donde la disponibilidad del recurso h\u00eddrico representa un desaf\u00edo permanente.<\/p><p>Asimismo, avanza de manera significativa la construcci\u00f3n del Sistema de Riego La Chiva<strong>,<\/strong> en el cant\u00f3n Quinind\u00e9, proyecto que registra un 62 % de avance f\u00edsico y un 29,44 % de ejecuci\u00f3n econ\u00f3mica<strong>,<\/strong> reflejando una gesti\u00f3n eficiente de los recursos p\u00fablicos, con resultados tangibles en territorio y un estricto control t\u00e9cnico y presupuestario.<\/p>\t\t\t\t\t\t\t\t<\/div>\n\t\t\t\t<\/div>\n\t\t\t\t\t<\/div>\n\t\t\t\t<\/div>\n\t\t\t\t<\/div>\n\t\t","protected":false},"excerpt":{"rendered":"<p>La Prefectura de Esmeraldas, bajo el liderazgo del prefecto Diego Zambrano, contin\u00faa fortaleciendo el desarrollo productivo de la provincia mediante la ejecuci\u00f3n de importantes obras de infraestructura h\u00eddrica que benefician directamente a los agricultores. A trav\u00e9s de la Direcci\u00f3n de Cuencas, Riego y Drenaje, la instituci\u00f3n trabaja de manera simult\u00e1nea en sistemas de riego, pozos [&hellip;]<\/p>\n","protected":false},"author":2,"featured_media":34102,"comment_status":"closed","ping_status":"open","sticky":false,"template":"","format":"standard","meta":{"footnotes":""},"categories":[17],"tags":[],"class_list":["post-34100","post","type-post","status-publish","format-standard","has-post-thumbnail","hentry","category-cuencas-riego-y-drenaje"],"yoast_head":"<!-- This site is optimized with the Yoast SEO plugin v25.7 - https:\/\/yoast.com\/wordpress\/plugins\/seo\/ -->\n<title>Prefectura fortalece la producci\u00f3n agr\u00edcola con obras de calidad. - Gobierno Aut\u00f3nomo Descentralizado de la Provincia de Esmeraldas<\/title>\n<meta name=\"robots\" content=\"index, follow, max-snippet:-1, max-image-preview:large, max-video-preview:-1\" \/>\n<link rel=\"canonical\" href=\"https:\/\/prefecturadeesmeraldas.gob.ec\/index.php\/2026\/09\/03\/prefectura-fortalece-la-produccion-agricola-con-obras-de-calidad\/\" \/>\n<meta property=\"og:locale\" content=\"es_ES\" \/>\n<meta property=\"og:type\" content=\"article\" \/>\n<meta property=\"og:title\" content=\"Prefectura fortalece la producci\u00f3n agr\u00edcola con obras de calidad. - Gobierno Aut\u00f3nomo Descentralizado de la Provincia de Esmeraldas\" \/>\n<meta property=\"og:description\" content=\"La Prefectura de Esmeraldas, bajo el liderazgo del prefecto Diego Zambrano, contin\u00faa fortaleciendo el desarrollo productivo de la provincia mediante la ejecuci\u00f3n de importantes obras de infraestructura h\u00eddrica que benefician directamente a los agricultores. A trav\u00e9s de la Direcci\u00f3n de Cuencas, Riego y Drenaje, la instituci\u00f3n trabaja de manera simult\u00e1nea en sistemas de riego, pozos [&hellip;]\" \/>\n<meta property=\"og:url\" content=\"https:\/\/prefecturadeesmeraldas.gob.ec\/index.php\/2026\/09\/03\/prefectura-fortalece-la-produccion-agricola-con-obras-de-calidad\/\" \/>\n<meta property=\"og:site_name\" content=\"Gobierno Aut\u00f3nomo Descentralizado de la Provincia de Esmeraldas\" \/>\n<meta property=\"article:publisher\" content=\"https:\/\/www.facebook.com\/PrefecturaEsmeraldas\/\" \/>\n<meta property=\"article:published_time\" content=\"2026-09-03T15:19:57+00:00\" \/>\n<meta property=\"article:modified_time\" content=\"2026-09-03T15:23:10+00:00\" \/>\n<meta property=\"og:image\" content=\"https:\/\/prefecturadeesmeraldas.gob.ec\/wp-content\/uploads\/2026\/09\/111-1.jpg\" \/>\n\t<meta property=\"og:image:width\" content=\"990\" \/>\n\t<meta property=\"og:image:height\" content=\"729\" \/>\n\t<meta property=\"og:image:type\" content=\"image\/jpeg\" \/>\n<meta name=\"author\" content=\"Direcci\u00f3n de Comunicaci\u00f3n\" \/>\n<meta name=\"twitter:card\" content=\"summary_large_image\" \/>\n<meta name=\"twitter:label1\" content=\"Escrito por\" \/>\n\t<meta name=\"twitter:data1\" content=\"Direcci\u00f3n de Comunicaci\u00f3n\" \/>\n\t<meta name=\"twitter:label2\" content=\"Tiempo de lectura\" \/>\n\t<meta name=\"twitter:data2\" content=\"2 minutos\" \/>\n<script type=\"application\/ld+json\" class=\"yoast-schema-graph\">{\"@context\":\"https:\/\/schema.org\",\"@graph\":[{\"@type\":\"Article\",\"@id\":\"https:\/\/prefecturadeesmeraldas.gob.ec\/index.php\/2026\/09\/03\/prefectura-fortalece-la-produccion-agricola-con-obras-de-calidad\/#article\",\"isPartOf\":{\"@id\":\"https:\/\/prefecturadeesmeraldas.gob.ec\/index.php\/2026\/09\/03\/prefectura-fortalece-la-produccion-agricola-con-obras-de-calidad\/\"},\"author\":{\"name\":\"Direcci\u00f3n de Comunicaci\u00f3n\",\"@id\":\"https:\/\/prefecturadeesmeraldas.gob.ec\/#\/schema\/person\/b0c9e7b1ead7725994d1e319e8825234\"},\"headline\":\"Prefectura fortalece la producci\u00f3n agr\u00edcola con obras de calidad.\",\"datePublished\":\"2026-09-03T15:19:57+00:00\",\"dateModified\":\"2026-09-03T15:23:10+00:00\",\"mainEntityOfPage\":{\"@id\":\"https:\/\/prefecturadeesmeraldas.gob.ec\/index.php\/2026\/09\/03\/prefectura-fortalece-la-produccion-agricola-con-obras-de-calidad\/\"},\"wordCount\":226,\"publisher\":{\"@id\":\"https:\/\/prefecturadeesmeraldas.gob.ec\/#organization\"},\"image\":{\"@id\":\"https:\/\/prefecturadeesmeraldas.gob.ec\/index.php\/2026\/09\/03\/prefectura-fortalece-la-produccion-agricola-con-obras-de-calidad\/#primaryimage\"},\"thumbnailUrl\":\"https:\/\/prefecturadeesmeraldas.gob.ec\/wp-content\/uploads\/2026\/09\/111-1.jpg\",\"articleSection\":[\"Cuencas, Riego y Drenaje\"],\"inLanguage\":\"es\"},{\"@type\":\"WebPage\",\"@id\":\"https:\/\/prefecturadeesmeraldas.gob.ec\/index.php\/2026\/09\/03\/prefectura-fortalece-la-produccion-agricola-con-obras-de-calidad\/\",\"url\":\"https:\/\/prefecturadeesmeraldas.gob.ec\/index.php\/2026\/09\/03\/prefectura-fortalece-la-produccion-agricola-con-obras-de-calidad\/\",\"name\":\"Prefectura fortalece la producci\u00f3n agr\u00edcola con obras de calidad. - Gobierno Aut\u00f3nomo Descentralizado de la Provincia de Esmeraldas\",\"isPartOf\":{\"@id\":\"https:\/\/prefecturadeesmeraldas.gob.ec\/#website\"},\"primaryImageOfPage\":{\"@id\":\"https:\/\/prefecturadeesmeraldas.gob.ec\/index.php\/2026\/09\/03\/prefectura-fortalece-la-produccion-agricola-con-obras-de-calidad\/#primaryimage\"},\"image\":{\"@id\":\"https:\/\/prefecturadeesmeraldas.gob.ec\/index.php\/2026\/09\/03\/prefectura-fortalece-la-produccion-agricola-con-obras-de-calidad\/#primaryimage\"},\"thumbnailUrl\":\"https:\/\/prefecturadeesmeraldas.gob.ec\/wp-content\/uploads\/2026\/09\/111-1.jpg\",\"datePublished\":\"2026-09-03T15:19:57+00:00\",\"dateModified\":\"2026-09-03T15:23:10+00:00\",\"breadcrumb\":{\"@id\":\"https:\/\/prefecturadeesmeraldas.gob.ec\/index.php\/2026\/09\/03\/prefectura-fortalece-la-produccion-agricola-con-obras-de-calidad\/#breadcrumb\"},\"inLanguage\":\"es\",\"potentialAction\":[{\"@type\":\"ReadAction\",\"target\":[\"https:\/\/prefecturadeesmeraldas.gob.ec\/index.php\/2026\/09\/03\/prefectura-fortalece-la-produccion-agricola-con-obras-de-calidad\/\"]}]},{\"@type\":\"ImageObject\",\"inLanguage\":\"es\",\"@id\":\"https:\/\/prefecturadeesmeraldas.gob.ec\/index.php\/2026\/09\/03\/prefectura-fortalece-la-produccion-agricola-con-obras-de-calidad\/#primaryimage\",\"url\":\"https:\/\/prefecturadeesmeraldas.gob.ec\/wp-content\/uploads\/2026\/09\/111-1.jpg\",\"contentUrl\":\"https:\/\/prefecturadeesmeraldas.gob.ec\/wp-content\/uploads\/2026\/09\/111-1.jpg\",\"width\":990,\"height\":729},{\"@type\":\"BreadcrumbList\",\"@id\":\"https:\/\/prefecturadeesmeraldas.gob.ec\/index.php\/2026\/09\/03\/prefectura-fortalece-la-produccion-agricola-con-obras-de-calidad\/#breadcrumb\",\"itemListElement\":[{\"@type\":\"ListItem\",\"position\":1,\"name\":\"Home\",\"item\":\"https:\/\/prefecturadeesmeraldas.gob.ec\/\"},{\"@type\":\"ListItem\",\"position\":2,\"name\":\"Prefectura fortalece la producci\u00f3n agr\u00edcola con obras de calidad.\"}]},{\"@type\":\"WebSite\",\"@id\":\"https:\/\/prefecturadeesmeraldas.gob.ec\/#website\",\"url\":\"https:\/\/prefecturadeesmeraldas.gob.ec\/\",\"name\":\"Gobierno Aut\u00f3nomo Descentralizado de la Provincia de Esmeraldas\",\"description\":\"Gobierno Aut\u00f3nomo Descentralizado de la Provincia de Esmeraldas\",\"publisher\":{\"@id\":\"https:\/\/prefecturadeesmeraldas.gob.ec\/#organization\"},\"potentialAction\":[{\"@type\":\"SearchAction\",\"target\":{\"@type\":\"EntryPoint\",\"urlTemplate\":\"https:\/\/prefecturadeesmeraldas.gob.ec\/?s={search_term_string}\"},\"query-input\":{\"@type\":\"PropertyValueSpecification\",\"valueRequired\":true,\"valueName\":\"search_term_string\"}}],\"inLanguage\":\"es\"},{\"@type\":\"Organization\",\"@id\":\"https:\/\/prefecturadeesmeraldas.gob.ec\/#organization\",\"name\":\"Gobierno Aut\u00f3nomo Descentralizado de la Provincia de Esmeraldas\",\"url\":\"https:\/\/prefecturadeesmeraldas.gob.ec\/\",\"logo\":{\"@type\":\"ImageObject\",\"inLanguage\":\"es\",\"@id\":\"https:\/\/prefecturadeesmeraldas.gob.ec\/#\/schema\/logo\/image\/\",\"url\":\"https:\/\/prefecturadeesmeraldas.gob.ec\/wp-content\/uploads\/2019\/06\/logo.png\",\"contentUrl\":\"https:\/\/prefecturadeesmeraldas.gob.ec\/wp-content\/uploads\/2019\/06\/logo.png\",\"width\":859,\"height\":448,\"caption\":\"Gobierno Aut\u00f3nomo Descentralizado de la Provincia de Esmeraldas\"},\"image\":{\"@id\":\"https:\/\/prefecturadeesmeraldas.gob.ec\/#\/schema\/logo\/image\/\"},\"sameAs\":[\"https:\/\/www.facebook.com\/PrefecturaEsmeraldas\/\"]},{\"@type\":\"Person\",\"@id\":\"https:\/\/prefecturadeesmeraldas.gob.ec\/#\/schema\/person\/b0c9e7b1ead7725994d1e319e8825234\",\"name\":\"Direcci\u00f3n de Comunicaci\u00f3n\",\"image\":{\"@type\":\"ImageObject\",\"inLanguage\":\"es\",\"@id\":\"https:\/\/prefecturadeesmeraldas.gob.ec\/#\/schema\/person\/image\/\",\"url\":\"https:\/\/secure.gravatar.com\/avatar\/74a3870a946f5d774ade3569af61a72308e07ad3346f370c4b468ee2a9858658?s=96&d=mm&r=g\",\"contentUrl\":\"https:\/\/secure.gravatar.com\/avatar\/74a3870a946f5d774ade3569af61a72308e07ad3346f370c4b468ee2a9858658?s=96&d=mm&r=g\",\"caption\":\"Direcci\u00f3n de Comunicaci\u00f3n\"}}]}<\/script>\n<!-- \/ Yoast SEO plugin. -->","yoast_head_json":{"title":"Prefectura fortalece la producci\u00f3n agr\u00edcola con obras de calidad. - Gobierno Aut\u00f3nomo Descentralizado de la Provincia de Esmeraldas","robots":{"index":"index","follow":"follow","max-snippet":"max-snippet:-1","max-image-preview":"max-image-preview:large","max-video-preview":"max-video-preview:-1"},"canonical":"https:\/\/prefecturadeesmeraldas.gob.ec\/index.php\/2026\/09\/03\/prefectura-fortalece-la-produccion-agricola-con-obras-de-calidad\/","og_locale":"es_ES","og_type":"article","og_title":"Prefectura fortalece la producci\u00f3n agr\u00edcola con obras de calidad. - Gobierno Aut\u00f3nomo Descentralizado de la Provincia de Esmeraldas","og_description":"La Prefectura de Esmeraldas, bajo el liderazgo del prefecto Diego Zambrano, contin\u00faa fortaleciendo el desarrollo productivo de la provincia mediante la ejecuci\u00f3n de importantes obras de infraestructura h\u00eddrica que benefician directamente a los agricultores. A trav\u00e9s de la Direcci\u00f3n de Cuencas, Riego y Drenaje, la instituci\u00f3n trabaja de manera simult\u00e1nea en sistemas de riego, pozos [&hellip;]","og_url":"https:\/\/prefecturadeesmeraldas.gob.ec\/index.php\/2026\/09\/03\/prefectura-fortalece-la-produccion-agricola-con-obras-de-calidad\/","og_site_name":"Gobierno Aut\u00f3nomo Descentralizado de la Provincia de Esmeraldas","article_publisher":"https:\/\/www.facebook.com\/PrefecturaEsmeraldas\/","article_published_time":"2026-09-03T15:19:57+00:00","article_modified_time":"2026-09-03T15:23:10+00:00","og_image":[{"width":990,"height":729,"url":"https:\/\/prefecturadeesmeraldas.gob.ec\/wp-content\/uploads\/2026\/09\/111-1.jpg","type":"image\/jpeg"}],"author":"Direcci\u00f3n de Comunicaci\u00f3n","twitter_card":"summary_large_image","twitter_misc":{"Escrito por":"Direcci\u00f3n de Comunicaci\u00f3n","Tiempo de lectura":"2 minutos"},"schema":{"@context":"https:\/\/schema.org","@graph":[{"@type":"Article","@id":"https:\/\/prefecturadeesmeraldas.gob.ec\/index.php\/2026\/09\/03\/prefectura-fortalece-la-produccion-agricola-con-obras-de-calidad\/#article","isPartOf":{"@id":"https:\/\/prefecturadeesmeraldas.gob.ec\/index.php\/2026\/09\/03\/prefectura-fortalece-la-produccion-agricola-con-obras-de-calidad\/"},"author":{"name":"Direcci\u00f3n de Comunicaci\u00f3n","@id":"https:\/\/prefecturadeesmeraldas.gob.ec\/#\/schema\/person\/b0c9e7b1ead7725994d1e319e8825234"},"headline":"Prefectura fortalece la producci\u00f3n agr\u00edcola con obras de calidad.","datePublished":"2026-09-03T15:19:57+00:00","dateModified":"2026-09-03T15:23:10+00:00","mainEntityOfPage":{"@id":"https:\/\/prefecturadeesmeraldas.gob.ec\/index.php\/2026\/09\/03\/prefectura-fortalece-la-produccion-agricola-con-obras-de-calidad\/"},"wordCount":226,"publisher":{"@id":"https:\/\/prefecturadeesmeraldas.gob.ec\/#organization"},"image":{"@id":"https:\/\/prefecturadeesmeraldas.gob.ec\/index.php\/2026\/09\/03\/prefectura-fortalece-la-produccion-agricola-con-obras-de-calidad\/#primaryimage"},"thumbnailUrl":"https:\/\/prefecturadeesmeraldas.gob.ec\/wp-content\/uploads\/2026\/09\/111-1.jpg","articleSection":["Cuencas, Riego y Drenaje"],"inLanguage":"es"},{"@type":"WebPage","@id":"https:\/\/prefecturadeesmeraldas.gob.ec\/index.php\/2026\/09\/03\/prefectura-fortalece-la-produccion-agricola-con-obras-de-calidad\/","url":"https:\/\/prefecturadeesmeraldas.gob.ec\/index.php\/2026\/09\/03\/prefectura-fortalece-la-produccion-agricola-con-obras-de-calidad\/","name":"Prefectura fortalece la producci\u00f3n agr\u00edcola con obras de calidad. - Gobierno Aut\u00f3nomo Descentralizado de la Provincia de Esmeraldas","isPartOf":{"@id":"https:\/\/prefecturadeesmeraldas.gob.ec\/#website"},"primaryImageOfPage":{"@id":"https:\/\/prefecturadeesmeraldas.gob.ec\/index.php\/2026\/09\/03\/prefectura-fortalece-la-produccion-agricola-con-obras-de-calidad\/#primaryimage"},"image":{"@id":"https:\/\/prefecturadeesmeraldas.gob.ec\/index.php\/2026\/09\/03\/prefectura-fortalece-la-produccion-agricola-con-obras-de-calidad\/#primaryimage"},"thumbnailUrl":"https:\/\/prefecturadeesmeraldas.gob.ec\/wp-content\/uploads\/2026\/09\/111-1.jpg","datePublished":"2026-09-03T15:19:57+00:00","dateModified":"2026-09-03T15:23:10+00:00","breadcrumb":{"@id":"https:\/\/prefecturadeesmeraldas.gob.ec\/index.php\/2026\/09\/03\/prefectura-fortalece-la-produccion-agricola-con-obras-de-calidad\/#breadcrumb"},"inLanguage":"es","potentialAction":[{"@type":"ReadAction","target":["https:\/\/prefecturadeesmeraldas.gob.ec\/index.php\/2026\/09\/03\/prefectura-fortalece-la-produccion-agricola-con-obras-de-calidad\/"]}]},{"@type":"ImageObject","inLanguage":"es","@id":"https:\/\/prefecturadeesmeraldas.gob.ec\/index.php\/2026\/09\/03\/prefectura-fortalece-la-produccion-agricola-con-obras-de-calidad\/#primaryimage","url":"https:\/\/prefecturadeesmeraldas.gob.ec\/wp-content\/uploads\/2026\/09\/111-1.jpg","contentUrl":"https:\/\/prefecturadeesmeraldas.gob.ec\/wp-content\/uploads\/2026\/09\/111-1.jpg","width":990,"height":729},{"@type":"BreadcrumbList","@id":"https:\/\/prefecturadeesmeraldas.gob.ec\/index.php\/2026\/09\/03\/prefectura-fortalece-la-produccion-agricola-con-obras-de-calidad\/#breadcrumb","itemListElement":[{"@type":"ListItem","position":1,"name":"Home","item":"https:\/\/prefecturadeesmeraldas.gob.ec\/"},{"@type":"ListItem","position":2,"name":"Prefectura fortalece la producci\u00f3n agr\u00edcola con obras de calidad."}]},{"@type":"WebSite","@id":"https:\/\/prefecturadeesmeraldas.gob.ec\/#website","url":"https:\/\/prefecturadeesmeraldas.gob.ec\/","name":"Gobierno Aut\u00f3nomo Descentralizado de la Provincia de Esmeraldas","description":"Gobierno Aut\u00f3nomo Descentralizado de la Provincia de Esmeraldas","publisher":{"@id":"https:\/\/prefecturadeesmeraldas.gob.ec\/#organization"},"potentialAction":[{"@type":"SearchAction","target":{"@type":"EntryPoint","urlTemplate":"https:\/\/prefecturadeesmeraldas.gob.ec\/?s={search_term_string}"},"query-input":{"@type":"PropertyValueSpecification","valueRequired":true,"valueName":"search_term_string"}}],"inLanguage":"es"},{"@type":"Organization","@id":"https:\/\/prefecturadeesmeraldas.gob.ec\/#organization","name":"Gobierno Aut\u00f3nomo Descentralizado de la Provincia de Esmeraldas","url":"https:\/\/prefecturadeesmeraldas.gob.ec\/","logo":{"@type":"ImageObject","inLanguage":"es","@id":"https:\/\/prefecturadeesmeraldas.gob.ec\/#\/schema\/logo\/image\/","url":"https:\/\/prefecturadeesmeraldas.gob.ec\/wp-content\/uploads\/2019\/06\/logo.png","contentUrl":"https:\/\/prefecturadeesmeraldas.gob.ec\/wp-content\/uploads\/2019\/06\/logo.png","width":859,"height":448,"caption":"Gobierno Aut\u00f3nomo Descentralizado de la Provincia de Esmeraldas"},"image":{"@id":"https:\/\/prefecturadeesmeraldas.gob.ec\/#\/schema\/logo\/image\/"},"sameAs":["https:\/\/www.facebook.com\/PrefecturaEsmeraldas\/"]},{"@type":"Person","@id":"https:\/\/prefecturadeesmeraldas.gob.ec\/#\/schema\/person\/b0c9e7b1ead7725994d1e319e8825234","name":"Direcci\u00f3n de Comunicaci\u00f3n","image":{"@type":"ImageObject","inLanguage":"es","@id":"https:\/\/prefecturadeesmeraldas.gob.ec\/#\/schema\/person\/image\/","url":"https:\/\/secure.gravatar.com\/avatar\/74a3870a946f5d774ade3569af61a72308e07ad3346f370c4b468ee2a9858658?s=96&d=mm&r=g","contentUrl":"https:\/\/secure.gravatar.com\/avatar\/74a3870a946f5d774ade3569af61a72308e07ad3346f370c4b468ee2a9858658?s=96&d=mm&r=g","caption":"Direcci\u00f3n de Comunicaci\u00f3n"}}]}},"_links":{"self":[{"href":"https:\/\/prefecturadeesmeraldas.gob.ec\/index.php\/wp-json\/wp\/v2\/posts\/34100","targetHints":{"allow":["GET"]}}],"collection":[{"href":"https:\/\/prefecturadeesmeraldas.gob.ec\/index.php\/wp-json\/wp\/v2\/posts"}],"about":[{"href":"https:\/\/prefecturadeesmeraldas.gob.ec\/index.php\/wp-json\/wp\/v2\/types\/post"}],"author":[{"embeddable":true,"href":"https:\/\/prefecturadeesmeraldas.gob.ec\/index.php\/wp-json\/wp\/v2\/users\/2"}],"replies":[{"embeddable":true,"href":"https:\/\/prefecturadeesmeraldas.gob.ec\/index.php\/wp-json\/wp\/v2\/comments?post=34100"}],"version-history":[{"count":7,"href":"https:\/\/prefecturadeesmeraldas.gob.ec\/index.php\/wp-json\/wp\/v2\/posts\/34100\/revisions"}],"predecessor-version":[{"id":34108,"href":"https:\/\/prefecturadeesmeraldas.gob.ec\/index.php\/wp-json\/wp\/v2\/posts\/34100\/revisions\/34108"}],"wp:featuredmedia":[{"embeddable":true,"href":"https:\/\/prefecturadeesmeraldas.gob.ec\/index.php\/wp-json\/wp\/v2\/media\/34102"}],"wp:attachment":[{"href":"https:\/\/prefecturadeesmeraldas.gob.ec\/index.php\/wp-json\/wp\/v2\/media?parent=34100"}],"wp:term":[{"taxonomy":"category","embeddable":true,"href":"https:\/\/prefecturadeesmeraldas.gob.ec\/index.php\/wp-json\/wp\/v2\/categories?post=34100"},{"taxonomy":"post_tag","embeddable":true,"href":"https:\/\/prefecturadeesmeraldas.gob.ec\/index.php\/wp-json\/wp\/v2\/tags?post=34100"}],"curies":[{"name":"wp","href":"https:\/\/api.w.org\/{rel}","templated":true}]}}