{"id":32689,"date":"2026-01-26T11:03:12","date_gmt":"2026-01-26T16:03:12","guid":{"rendered":"https:\/\/prefecturadeesmeraldas.gob.ec\/?p=32689"},"modified":"2026-01-26T11:09:27","modified_gmt":"2026-01-26T16:09:27","slug":"prefectura-de-esmeraldas-avanza-en-un-83-la-construccion-del-sistema-de-riego-belen-del-dogola","status":"publish","type":"post","link":"https:\/\/prefecturadeesmeraldas.gob.ec\/index.php\/2026\/01\/26\/prefectura-de-esmeraldas-avanza-en-un-83-la-construccion-del-sistema-de-riego-belen-del-dogola\/","title":{"rendered":"Prefectura de Esmeraldas avanza en un 83 % la construcci\u00f3n del Sistema de Riego Bel\u00e9n del D\u00f3gola."},"content":{"rendered":"\t\t<div data-elementor-type=\"wp-post\" data-elementor-id=\"32689\" class=\"elementor elementor-32689\">\n\t\t\t\t<div class=\"elementor-element elementor-element-4d23e5c e-flex e-con-boxed e-con e-parent\" data-id=\"4d23e5c\" data-element_type=\"container\">\n\t\t\t\t\t<div class=\"e-con-inner\">\n\t\t\t\t<div class=\"elementor-element elementor-element-2b70848 elementor-widget elementor-widget-image\" data-id=\"2b70848\" data-element_type=\"widget\" data-widget_type=\"image.default\">\n\t\t\t\t<div class=\"elementor-widget-container\">\n\t\t\t\t\t\t\t\t\t\t\t\t\t\t\t<img fetchpriority=\"high\" decoding=\"async\" width=\"568\" height=\"426\" src=\"https:\/\/prefecturadeesmeraldas.gob.ec\/wp-content\/uploads\/2026\/01\/111.enc_-22.jpg\" class=\"attachment-large size-large wp-image-32690\" alt=\"\" srcset=\"https:\/\/prefecturadeesmeraldas.gob.ec\/wp-content\/uploads\/2026\/01\/111.enc_-22.jpg 568w, https:\/\/prefecturadeesmeraldas.gob.ec\/wp-content\/uploads\/2026\/01\/111.enc_-22-300x225.jpg 300w\" sizes=\"(max-width: 568px) 100vw, 568px\" \/>\t\t\t\t\t\t\t\t\t\t\t\t\t\t\t<\/div>\n\t\t\t\t<\/div>\n\t\t\t\t\t<\/div>\n\t\t\t\t<\/div>\n\t\t<div class=\"elementor-element elementor-element-9212c46 e-flex e-con-boxed e-con e-parent\" data-id=\"9212c46\" data-element_type=\"container\">\n\t\t\t\t\t<div class=\"e-con-inner\">\n\t\t\t\t<div class=\"elementor-element elementor-element-7079ab0 elementor-widget elementor-widget-text-editor\" data-id=\"7079ab0\" data-element_type=\"widget\" data-widget_type=\"text-editor.default\">\n\t\t\t\t<div class=\"elementor-widget-container\">\n\t\t\t\t\t\t\t\t\t<p>La construcci\u00f3n del <strong>Sistema de Riego<\/strong> que beneficiar\u00e1 a las comunidades <strong>Bel\u00e9n de D\u00f3gola, Juan Montalvo y Charcopa<\/strong>, ubicadas en la parroquia Rosa Z\u00e1rate, registra un <strong>avance del 83 %<\/strong>, consolid\u00e1ndose como una obra clave para el fortalecimiento de la producci\u00f3n agr\u00edcola del cant\u00f3n Quinind\u00e9.<\/p><p>Actualmente, el proyecto cuenta con el sistema de captaci\u00f3n, l\u00ednea de impulsi\u00f3n, cerramiento, red de distribuci\u00f3n y un tanque reservorio con capacidad de<strong> 1.800 metros c\u00fabicos<\/strong>. Asimismo, se han instalado <strong>14.000 metros lineales de tuber\u00eda<\/strong>, lo que permitir\u00e1 beneficiar directamente a <strong>100 familias<\/strong> del sector.<\/p><p>Esta obra tiene como objetivo principal mejorar las condiciones de riego, optimizar la producci\u00f3n agr\u00edcola y contribuir al desarrollo econ\u00f3mico de 3 comunidades netamente agr\u00edcolas.<\/p><p>\u201cEste proyecto representa un avance significativo para el desarrollo agr\u00edcola, garantizando un acceso m\u00e1s eficiente y sostenible al recurso h\u00eddrico\u201d, resalt\u00f3<strong> John Pa\u00fal L\u00f3pez, <\/strong>residente de obra.<\/p><p><strong>Narcisa Garc\u00eda, <\/strong>moradora de la comunidad <strong>Bel\u00e9n del D\u00f3gola, <\/strong>muy contenta, reafirm\u00f3 que,<strong> el Sistema de Riego<\/strong>, permitir\u00e1 a las familias agricultoras mejorar su productividad y fortalecer su econom\u00eda.<\/p><p>Adem\u00e1s,<strong> Mar\u00eda Aveiga, <\/strong>se\u00f1al\u00f3 que, estas acciones son fundamentales para el crecimiento rural y el bienestar de los agricultores. Agradeci\u00f3 a la prefecta<strong>, Roberta Zambrano <\/strong>por demuestra el compromiso con el desarrollo de los peque\u00f1os y medianos productores.<\/p>\t\t\t\t\t\t\t\t<\/div>\n\t\t\t\t<\/div>\n\t\t\t\t\t<\/div>\n\t\t\t\t<\/div>\n\t\t\t\t<\/div>\n\t\t","protected":false},"excerpt":{"rendered":"<p>La construcci\u00f3n del Sistema de Riego que beneficiar\u00e1 a las comunidades Bel\u00e9n de D\u00f3gola, Juan Montalvo y Charcopa, ubicadas en la parroquia Rosa Z\u00e1rate, registra un avance del 83 %, consolid\u00e1ndose como una obra clave para el fortalecimiento de la producci\u00f3n agr\u00edcola del cant\u00f3n Quinind\u00e9. Actualmente, el proyecto cuenta con el sistema de captaci\u00f3n, l\u00ednea [&hellip;]<\/p>\n","protected":false},"author":2,"featured_media":32690,"comment_status":"closed","ping_status":"open","sticky":false,"template":"","format":"standard","meta":{"footnotes":""},"categories":[17],"tags":[],"class_list":["post-32689","post","type-post","status-publish","format-standard","has-post-thumbnail","hentry","category-cuencas-riego-y-drenaje"],"yoast_head":"<!-- This site is optimized with the Yoast SEO plugin v25.7 - https:\/\/yoast.com\/wordpress\/plugins\/seo\/ -->\n<title>Prefectura de Esmeraldas avanza en un 83 % la construcci\u00f3n del Sistema de Riego Bel\u00e9n del D\u00f3gola. - Gobierno Aut\u00f3nomo Descentralizado de la Provincia de Esmeraldas<\/title>\n<meta name=\"robots\" content=\"index, follow, max-snippet:-1, max-image-preview:large, max-video-preview:-1\" \/>\n<link rel=\"canonical\" href=\"https:\/\/prefecturadeesmeraldas.gob.ec\/index.php\/2026\/01\/26\/prefectura-de-esmeraldas-avanza-en-un-83-la-construccion-del-sistema-de-riego-belen-del-dogola\/\" \/>\n<meta property=\"og:locale\" content=\"es_ES\" \/>\n<meta property=\"og:type\" content=\"article\" \/>\n<meta property=\"og:title\" content=\"Prefectura de Esmeraldas avanza en un 83 % la construcci\u00f3n del Sistema de Riego Bel\u00e9n del D\u00f3gola. - Gobierno Aut\u00f3nomo Descentralizado de la Provincia de Esmeraldas\" \/>\n<meta property=\"og:description\" content=\"La construcci\u00f3n del Sistema de Riego que beneficiar\u00e1 a las comunidades Bel\u00e9n de D\u00f3gola, Juan Montalvo y Charcopa, ubicadas en la parroquia Rosa Z\u00e1rate, registra un avance del 83 %, consolid\u00e1ndose como una obra clave para el fortalecimiento de la producci\u00f3n agr\u00edcola del cant\u00f3n Quinind\u00e9. Actualmente, el proyecto cuenta con el sistema de captaci\u00f3n, l\u00ednea [&hellip;]\" \/>\n<meta property=\"og:url\" content=\"https:\/\/prefecturadeesmeraldas.gob.ec\/index.php\/2026\/01\/26\/prefectura-de-esmeraldas-avanza-en-un-83-la-construccion-del-sistema-de-riego-belen-del-dogola\/\" \/>\n<meta property=\"og:site_name\" content=\"Gobierno Aut\u00f3nomo Descentralizado de la Provincia de Esmeraldas\" \/>\n<meta property=\"article:publisher\" content=\"https:\/\/www.facebook.com\/PrefecturaEsmeraldas\/\" \/>\n<meta property=\"article:published_time\" content=\"2026-01-26T16:03:12+00:00\" \/>\n<meta property=\"article:modified_time\" content=\"2026-01-26T16:09:27+00:00\" \/>\n<meta property=\"og:image\" content=\"https:\/\/prefecturadeesmeraldas.gob.ec\/wp-content\/uploads\/2026\/01\/111.enc_-22.jpg\" \/>\n\t<meta property=\"og:image:width\" content=\"568\" \/>\n\t<meta property=\"og:image:height\" content=\"426\" \/>\n\t<meta property=\"og:image:type\" content=\"image\/jpeg\" \/>\n<meta name=\"author\" content=\"Direcci\u00f3n de Comunicaci\u00f3n\" \/>\n<meta name=\"twitter:card\" content=\"summary_large_image\" \/>\n<meta name=\"twitter:label1\" content=\"Escrito por\" \/>\n\t<meta name=\"twitter:data1\" content=\"Direcci\u00f3n de Comunicaci\u00f3n\" \/>\n\t<meta name=\"twitter:label2\" content=\"Tiempo de lectura\" \/>\n\t<meta name=\"twitter:data2\" content=\"2 minutos\" \/>\n<script type=\"application\/ld+json\" class=\"yoast-schema-graph\">{\"@context\":\"https:\/\/schema.org\",\"@graph\":[{\"@type\":\"Article\",\"@id\":\"https:\/\/prefecturadeesmeraldas.gob.ec\/index.php\/2026\/01\/26\/prefectura-de-esmeraldas-avanza-en-un-83-la-construccion-del-sistema-de-riego-belen-del-dogola\/#article\",\"isPartOf\":{\"@id\":\"https:\/\/prefecturadeesmeraldas.gob.ec\/index.php\/2026\/01\/26\/prefectura-de-esmeraldas-avanza-en-un-83-la-construccion-del-sistema-de-riego-belen-del-dogola\/\"},\"author\":{\"name\":\"Direcci\u00f3n de Comunicaci\u00f3n\",\"@id\":\"https:\/\/prefecturadeesmeraldas.gob.ec\/#\/schema\/person\/b0c9e7b1ead7725994d1e319e8825234\"},\"headline\":\"Prefectura de Esmeraldas avanza en un 83 % la construcci\u00f3n del Sistema de Riego Bel\u00e9n del D\u00f3gola.\",\"datePublished\":\"2026-01-26T16:03:12+00:00\",\"dateModified\":\"2026-01-26T16:09:27+00:00\",\"mainEntityOfPage\":{\"@id\":\"https:\/\/prefecturadeesmeraldas.gob.ec\/index.php\/2026\/01\/26\/prefectura-de-esmeraldas-avanza-en-un-83-la-construccion-del-sistema-de-riego-belen-del-dogola\/\"},\"wordCount\":252,\"publisher\":{\"@id\":\"https:\/\/prefecturadeesmeraldas.gob.ec\/#organization\"},\"image\":{\"@id\":\"https:\/\/prefecturadeesmeraldas.gob.ec\/index.php\/2026\/01\/26\/prefectura-de-esmeraldas-avanza-en-un-83-la-construccion-del-sistema-de-riego-belen-del-dogola\/#primaryimage\"},\"thumbnailUrl\":\"https:\/\/prefecturadeesmeraldas.gob.ec\/wp-content\/uploads\/2026\/01\/111.enc_-22.jpg\",\"articleSection\":[\"Cuencas, Riego y Drenaje\"],\"inLanguage\":\"es\"},{\"@type\":\"WebPage\",\"@id\":\"https:\/\/prefecturadeesmeraldas.gob.ec\/index.php\/2026\/01\/26\/prefectura-de-esmeraldas-avanza-en-un-83-la-construccion-del-sistema-de-riego-belen-del-dogola\/\",\"url\":\"https:\/\/prefecturadeesmeraldas.gob.ec\/index.php\/2026\/01\/26\/prefectura-de-esmeraldas-avanza-en-un-83-la-construccion-del-sistema-de-riego-belen-del-dogola\/\",\"name\":\"Prefectura de Esmeraldas avanza en un 83 % la construcci\u00f3n del Sistema de Riego Bel\u00e9n del D\u00f3gola. - Gobierno Aut\u00f3nomo Descentralizado de la Provincia de Esmeraldas\",\"isPartOf\":{\"@id\":\"https:\/\/prefecturadeesmeraldas.gob.ec\/#website\"},\"primaryImageOfPage\":{\"@id\":\"https:\/\/prefecturadeesmeraldas.gob.ec\/index.php\/2026\/01\/26\/prefectura-de-esmeraldas-avanza-en-un-83-la-construccion-del-sistema-de-riego-belen-del-dogola\/#primaryimage\"},\"image\":{\"@id\":\"https:\/\/prefecturadeesmeraldas.gob.ec\/index.php\/2026\/01\/26\/prefectura-de-esmeraldas-avanza-en-un-83-la-construccion-del-sistema-de-riego-belen-del-dogola\/#primaryimage\"},\"thumbnailUrl\":\"https:\/\/prefecturadeesmeraldas.gob.ec\/wp-content\/uploads\/2026\/01\/111.enc_-22.jpg\",\"datePublished\":\"2026-01-26T16:03:12+00:00\",\"dateModified\":\"2026-01-26T16:09:27+00:00\",\"breadcrumb\":{\"@id\":\"https:\/\/prefecturadeesmeraldas.gob.ec\/index.php\/2026\/01\/26\/prefectura-de-esmeraldas-avanza-en-un-83-la-construccion-del-sistema-de-riego-belen-del-dogola\/#breadcrumb\"},\"inLanguage\":\"es\",\"potentialAction\":[{\"@type\":\"ReadAction\",\"target\":[\"https:\/\/prefecturadeesmeraldas.gob.ec\/index.php\/2026\/01\/26\/prefectura-de-esmeraldas-avanza-en-un-83-la-construccion-del-sistema-de-riego-belen-del-dogola\/\"]}]},{\"@type\":\"ImageObject\",\"inLanguage\":\"es\",\"@id\":\"https:\/\/prefecturadeesmeraldas.gob.ec\/index.php\/2026\/01\/26\/prefectura-de-esmeraldas-avanza-en-un-83-la-construccion-del-sistema-de-riego-belen-del-dogola\/#primaryimage\",\"url\":\"https:\/\/prefecturadeesmeraldas.gob.ec\/wp-content\/uploads\/2026\/01\/111.enc_-22.jpg\",\"contentUrl\":\"https:\/\/prefecturadeesmeraldas.gob.ec\/wp-content\/uploads\/2026\/01\/111.enc_-22.jpg\",\"width\":568,\"height\":426},{\"@type\":\"BreadcrumbList\",\"@id\":\"https:\/\/prefecturadeesmeraldas.gob.ec\/index.php\/2026\/01\/26\/prefectura-de-esmeraldas-avanza-en-un-83-la-construccion-del-sistema-de-riego-belen-del-dogola\/#breadcrumb\",\"itemListElement\":[{\"@type\":\"ListItem\",\"position\":1,\"name\":\"Home\",\"item\":\"https:\/\/prefecturadeesmeraldas.gob.ec\/\"},{\"@type\":\"ListItem\",\"position\":2,\"name\":\"Prefectura de Esmeraldas avanza en un 83 % la construcci\u00f3n del Sistema de Riego Bel\u00e9n del D\u00f3gola.\"}]},{\"@type\":\"WebSite\",\"@id\":\"https:\/\/prefecturadeesmeraldas.gob.ec\/#website\",\"url\":\"https:\/\/prefecturadeesmeraldas.gob.ec\/\",\"name\":\"Gobierno Aut\u00f3nomo Descentralizado de la Provincia de Esmeraldas\",\"description\":\"Gobierno Aut\u00f3nomo Descentralizado de la Provincia de Esmeraldas\",\"publisher\":{\"@id\":\"https:\/\/prefecturadeesmeraldas.gob.ec\/#organization\"},\"potentialAction\":[{\"@type\":\"SearchAction\",\"target\":{\"@type\":\"EntryPoint\",\"urlTemplate\":\"https:\/\/prefecturadeesmeraldas.gob.ec\/?s={search_term_string}\"},\"query-input\":{\"@type\":\"PropertyValueSpecification\",\"valueRequired\":true,\"valueName\":\"search_term_string\"}}],\"inLanguage\":\"es\"},{\"@type\":\"Organization\",\"@id\":\"https:\/\/prefecturadeesmeraldas.gob.ec\/#organization\",\"name\":\"Gobierno Aut\u00f3nomo Descentralizado de la Provincia de Esmeraldas\",\"url\":\"https:\/\/prefecturadeesmeraldas.gob.ec\/\",\"logo\":{\"@type\":\"ImageObject\",\"inLanguage\":\"es\",\"@id\":\"https:\/\/prefecturadeesmeraldas.gob.ec\/#\/schema\/logo\/image\/\",\"url\":\"https:\/\/prefecturadeesmeraldas.gob.ec\/wp-content\/uploads\/2019\/06\/logo.png\",\"contentUrl\":\"https:\/\/prefecturadeesmeraldas.gob.ec\/wp-content\/uploads\/2019\/06\/logo.png\",\"width\":859,\"height\":448,\"caption\":\"Gobierno Aut\u00f3nomo Descentralizado de la Provincia de Esmeraldas\"},\"image\":{\"@id\":\"https:\/\/prefecturadeesmeraldas.gob.ec\/#\/schema\/logo\/image\/\"},\"sameAs\":[\"https:\/\/www.facebook.com\/PrefecturaEsmeraldas\/\"]},{\"@type\":\"Person\",\"@id\":\"https:\/\/prefecturadeesmeraldas.gob.ec\/#\/schema\/person\/b0c9e7b1ead7725994d1e319e8825234\",\"name\":\"Direcci\u00f3n de Comunicaci\u00f3n\",\"image\":{\"@type\":\"ImageObject\",\"inLanguage\":\"es\",\"@id\":\"https:\/\/prefecturadeesmeraldas.gob.ec\/#\/schema\/person\/image\/\",\"url\":\"https:\/\/secure.gravatar.com\/avatar\/74a3870a946f5d774ade3569af61a72308e07ad3346f370c4b468ee2a9858658?s=96&d=mm&r=g\",\"contentUrl\":\"https:\/\/secure.gravatar.com\/avatar\/74a3870a946f5d774ade3569af61a72308e07ad3346f370c4b468ee2a9858658?s=96&d=mm&r=g\",\"caption\":\"Direcci\u00f3n de Comunicaci\u00f3n\"}}]}<\/script>\n<!-- \/ Yoast SEO plugin. -->","yoast_head_json":{"title":"Prefectura de Esmeraldas avanza en un 83 % la construcci\u00f3n del Sistema de Riego Bel\u00e9n del D\u00f3gola. - Gobierno Aut\u00f3nomo Descentralizado de la Provincia de Esmeraldas","robots":{"index":"index","follow":"follow","max-snippet":"max-snippet:-1","max-image-preview":"max-image-preview:large","max-video-preview":"max-video-preview:-1"},"canonical":"https:\/\/prefecturadeesmeraldas.gob.ec\/index.php\/2026\/01\/26\/prefectura-de-esmeraldas-avanza-en-un-83-la-construccion-del-sistema-de-riego-belen-del-dogola\/","og_locale":"es_ES","og_type":"article","og_title":"Prefectura de Esmeraldas avanza en un 83 % la construcci\u00f3n del Sistema de Riego Bel\u00e9n del D\u00f3gola. - Gobierno Aut\u00f3nomo Descentralizado de la Provincia de Esmeraldas","og_description":"La construcci\u00f3n del Sistema de Riego que beneficiar\u00e1 a las comunidades Bel\u00e9n de D\u00f3gola, Juan Montalvo y Charcopa, ubicadas en la parroquia Rosa Z\u00e1rate, registra un avance del 83 %, consolid\u00e1ndose como una obra clave para el fortalecimiento de la producci\u00f3n agr\u00edcola del cant\u00f3n Quinind\u00e9. Actualmente, el proyecto cuenta con el sistema de captaci\u00f3n, l\u00ednea [&hellip;]","og_url":"https:\/\/prefecturadeesmeraldas.gob.ec\/index.php\/2026\/01\/26\/prefectura-de-esmeraldas-avanza-en-un-83-la-construccion-del-sistema-de-riego-belen-del-dogola\/","og_site_name":"Gobierno Aut\u00f3nomo Descentralizado de la Provincia de Esmeraldas","article_publisher":"https:\/\/www.facebook.com\/PrefecturaEsmeraldas\/","article_published_time":"2026-01-26T16:03:12+00:00","article_modified_time":"2026-01-26T16:09:27+00:00","og_image":[{"width":568,"height":426,"url":"https:\/\/prefecturadeesmeraldas.gob.ec\/wp-content\/uploads\/2026\/01\/111.enc_-22.jpg","type":"image\/jpeg"}],"author":"Direcci\u00f3n de Comunicaci\u00f3n","twitter_card":"summary_large_image","twitter_misc":{"Escrito por":"Direcci\u00f3n de Comunicaci\u00f3n","Tiempo de lectura":"2 minutos"},"schema":{"@context":"https:\/\/schema.org","@graph":[{"@type":"Article","@id":"https:\/\/prefecturadeesmeraldas.gob.ec\/index.php\/2026\/01\/26\/prefectura-de-esmeraldas-avanza-en-un-83-la-construccion-del-sistema-de-riego-belen-del-dogola\/#article","isPartOf":{"@id":"https:\/\/prefecturadeesmeraldas.gob.ec\/index.php\/2026\/01\/26\/prefectura-de-esmeraldas-avanza-en-un-83-la-construccion-del-sistema-de-riego-belen-del-dogola\/"},"author":{"name":"Direcci\u00f3n de Comunicaci\u00f3n","@id":"https:\/\/prefecturadeesmeraldas.gob.ec\/#\/schema\/person\/b0c9e7b1ead7725994d1e319e8825234"},"headline":"Prefectura de Esmeraldas avanza en un 83 % la construcci\u00f3n del Sistema de Riego Bel\u00e9n del D\u00f3gola.","datePublished":"2026-01-26T16:03:12+00:00","dateModified":"2026-01-26T16:09:27+00:00","mainEntityOfPage":{"@id":"https:\/\/prefecturadeesmeraldas.gob.ec\/index.php\/2026\/01\/26\/prefectura-de-esmeraldas-avanza-en-un-83-la-construccion-del-sistema-de-riego-belen-del-dogola\/"},"wordCount":252,"publisher":{"@id":"https:\/\/prefecturadeesmeraldas.gob.ec\/#organization"},"image":{"@id":"https:\/\/prefecturadeesmeraldas.gob.ec\/index.php\/2026\/01\/26\/prefectura-de-esmeraldas-avanza-en-un-83-la-construccion-del-sistema-de-riego-belen-del-dogola\/#primaryimage"},"thumbnailUrl":"https:\/\/prefecturadeesmeraldas.gob.ec\/wp-content\/uploads\/2026\/01\/111.enc_-22.jpg","articleSection":["Cuencas, Riego y Drenaje"],"inLanguage":"es"},{"@type":"WebPage","@id":"https:\/\/prefecturadeesmeraldas.gob.ec\/index.php\/2026\/01\/26\/prefectura-de-esmeraldas-avanza-en-un-83-la-construccion-del-sistema-de-riego-belen-del-dogola\/","url":"https:\/\/prefecturadeesmeraldas.gob.ec\/index.php\/2026\/01\/26\/prefectura-de-esmeraldas-avanza-en-un-83-la-construccion-del-sistema-de-riego-belen-del-dogola\/","name":"Prefectura de Esmeraldas avanza en un 83 % la construcci\u00f3n del Sistema de Riego Bel\u00e9n del D\u00f3gola. - Gobierno Aut\u00f3nomo Descentralizado de la Provincia de Esmeraldas","isPartOf":{"@id":"https:\/\/prefecturadeesmeraldas.gob.ec\/#website"},"primaryImageOfPage":{"@id":"https:\/\/prefecturadeesmeraldas.gob.ec\/index.php\/2026\/01\/26\/prefectura-de-esmeraldas-avanza-en-un-83-la-construccion-del-sistema-de-riego-belen-del-dogola\/#primaryimage"},"image":{"@id":"https:\/\/prefecturadeesmeraldas.gob.ec\/index.php\/2026\/01\/26\/prefectura-de-esmeraldas-avanza-en-un-83-la-construccion-del-sistema-de-riego-belen-del-dogola\/#primaryimage"},"thumbnailUrl":"https:\/\/prefecturadeesmeraldas.gob.ec\/wp-content\/uploads\/2026\/01\/111.enc_-22.jpg","datePublished":"2026-01-26T16:03:12+00:00","dateModified":"2026-01-26T16:09:27+00:00","breadcrumb":{"@id":"https:\/\/prefecturadeesmeraldas.gob.ec\/index.php\/2026\/01\/26\/prefectura-de-esmeraldas-avanza-en-un-83-la-construccion-del-sistema-de-riego-belen-del-dogola\/#breadcrumb"},"inLanguage":"es","potentialAction":[{"@type":"ReadAction","target":["https:\/\/prefecturadeesmeraldas.gob.ec\/index.php\/2026\/01\/26\/prefectura-de-esmeraldas-avanza-en-un-83-la-construccion-del-sistema-de-riego-belen-del-dogola\/"]}]},{"@type":"ImageObject","inLanguage":"es","@id":"https:\/\/prefecturadeesmeraldas.gob.ec\/index.php\/2026\/01\/26\/prefectura-de-esmeraldas-avanza-en-un-83-la-construccion-del-sistema-de-riego-belen-del-dogola\/#primaryimage","url":"https:\/\/prefecturadeesmeraldas.gob.ec\/wp-content\/uploads\/2026\/01\/111.enc_-22.jpg","contentUrl":"https:\/\/prefecturadeesmeraldas.gob.ec\/wp-content\/uploads\/2026\/01\/111.enc_-22.jpg","width":568,"height":426},{"@type":"BreadcrumbList","@id":"https:\/\/prefecturadeesmeraldas.gob.ec\/index.php\/2026\/01\/26\/prefectura-de-esmeraldas-avanza-en-un-83-la-construccion-del-sistema-de-riego-belen-del-dogola\/#breadcrumb","itemListElement":[{"@type":"ListItem","position":1,"name":"Home","item":"https:\/\/prefecturadeesmeraldas.gob.ec\/"},{"@type":"ListItem","position":2,"name":"Prefectura de Esmeraldas avanza en un 83 % la construcci\u00f3n del Sistema de Riego Bel\u00e9n del D\u00f3gola."}]},{"@type":"WebSite","@id":"https:\/\/prefecturadeesmeraldas.gob.ec\/#website","url":"https:\/\/prefecturadeesmeraldas.gob.ec\/","name":"Gobierno Aut\u00f3nomo Descentralizado de la Provincia de Esmeraldas","description":"Gobierno Aut\u00f3nomo Descentralizado de la Provincia de Esmeraldas","publisher":{"@id":"https:\/\/prefecturadeesmeraldas.gob.ec\/#organization"},"potentialAction":[{"@type":"SearchAction","target":{"@type":"EntryPoint","urlTemplate":"https:\/\/prefecturadeesmeraldas.gob.ec\/?s={search_term_string}"},"query-input":{"@type":"PropertyValueSpecification","valueRequired":true,"valueName":"search_term_string"}}],"inLanguage":"es"},{"@type":"Organization","@id":"https:\/\/prefecturadeesmeraldas.gob.ec\/#organization","name":"Gobierno Aut\u00f3nomo Descentralizado de la Provincia de Esmeraldas","url":"https:\/\/prefecturadeesmeraldas.gob.ec\/","logo":{"@type":"ImageObject","inLanguage":"es","@id":"https:\/\/prefecturadeesmeraldas.gob.ec\/#\/schema\/logo\/image\/","url":"https:\/\/prefecturadeesmeraldas.gob.ec\/wp-content\/uploads\/2019\/06\/logo.png","contentUrl":"https:\/\/prefecturadeesmeraldas.gob.ec\/wp-content\/uploads\/2019\/06\/logo.png","width":859,"height":448,"caption":"Gobierno Aut\u00f3nomo Descentralizado de la Provincia de Esmeraldas"},"image":{"@id":"https:\/\/prefecturadeesmeraldas.gob.ec\/#\/schema\/logo\/image\/"},"sameAs":["https:\/\/www.facebook.com\/PrefecturaEsmeraldas\/"]},{"@type":"Person","@id":"https:\/\/prefecturadeesmeraldas.gob.ec\/#\/schema\/person\/b0c9e7b1ead7725994d1e319e8825234","name":"Direcci\u00f3n de Comunicaci\u00f3n","image":{"@type":"ImageObject","inLanguage":"es","@id":"https:\/\/prefecturadeesmeraldas.gob.ec\/#\/schema\/person\/image\/","url":"https:\/\/secure.gravatar.com\/avatar\/74a3870a946f5d774ade3569af61a72308e07ad3346f370c4b468ee2a9858658?s=96&d=mm&r=g","contentUrl":"https:\/\/secure.gravatar.com\/avatar\/74a3870a946f5d774ade3569af61a72308e07ad3346f370c4b468ee2a9858658?s=96&d=mm&r=g","caption":"Direcci\u00f3n de Comunicaci\u00f3n"}}]}},"_links":{"self":[{"href":"https:\/\/prefecturadeesmeraldas.gob.ec\/index.php\/wp-json\/wp\/v2\/posts\/32689","targetHints":{"allow":["GET"]}}],"collection":[{"href":"https:\/\/prefecturadeesmeraldas.gob.ec\/index.php\/wp-json\/wp\/v2\/posts"}],"about":[{"href":"https:\/\/prefecturadeesmeraldas.gob.ec\/index.php\/wp-json\/wp\/v2\/types\/post"}],"author":[{"embeddable":true,"href":"https:\/\/prefecturadeesmeraldas.gob.ec\/index.php\/wp-json\/wp\/v2\/users\/2"}],"replies":[{"embeddable":true,"href":"https:\/\/prefecturadeesmeraldas.gob.ec\/index.php\/wp-json\/wp\/v2\/comments?post=32689"}],"version-history":[{"count":7,"href":"https:\/\/prefecturadeesmeraldas.gob.ec\/index.php\/wp-json\/wp\/v2\/posts\/32689\/revisions"}],"predecessor-version":[{"id":32697,"href":"https:\/\/prefecturadeesmeraldas.gob.ec\/index.php\/wp-json\/wp\/v2\/posts\/32689\/revisions\/32697"}],"wp:featuredmedia":[{"embeddable":true,"href":"https:\/\/prefecturadeesmeraldas.gob.ec\/index.php\/wp-json\/wp\/v2\/media\/32690"}],"wp:attachment":[{"href":"https:\/\/prefecturadeesmeraldas.gob.ec\/index.php\/wp-json\/wp\/v2\/media?parent=32689"}],"wp:term":[{"taxonomy":"category","embeddable":true,"href":"https:\/\/prefecturadeesmeraldas.gob.ec\/index.php\/wp-json\/wp\/v2\/categories?post=32689"},{"taxonomy":"post_tag","embeddable":true,"href":"https:\/\/prefecturadeesmeraldas.gob.ec\/index.php\/wp-json\/wp\/v2\/tags?post=32689"}],"curies":[{"name":"wp","href":"https:\/\/api.w.org\/{rel}","templated":true}]}}