{"id":31952,"date":"2025-11-06T13:44:38","date_gmt":"2025-11-06T18:44:38","guid":{"rendered":"https:\/\/prefecturadeesmeraldas.gob.ec\/?p=31952"},"modified":"2025-11-06T13:48:23","modified_gmt":"2025-11-06T18:48:23","slug":"la-pijamada-musical-encendio-la-celebracion-por-los-178-anos-de-provincializacion","status":"publish","type":"post","link":"https:\/\/prefecturadeesmeraldas.gob.ec\/index.php\/2025\/11\/06\/la-pijamada-musical-encendio-la-celebracion-por-los-178-anos-de-provincializacion\/","title":{"rendered":"La \u201cPijamada Musical\u201d encendi\u00f3 la celebraci\u00f3n por los 178 a\u00f1os de provincializaci\u00f3n."},"content":{"rendered":"\t\t<div data-elementor-type=\"wp-post\" data-elementor-id=\"31952\" class=\"elementor elementor-31952\">\n\t\t\t\t<div class=\"elementor-element elementor-element-2a5e5dc e-flex e-con-boxed e-con e-parent\" data-id=\"2a5e5dc\" data-element_type=\"container\">\n\t\t\t\t\t<div class=\"e-con-inner\">\n\t\t\t\t<div class=\"elementor-element elementor-element-762a082 elementor-widget elementor-widget-image\" data-id=\"762a082\" data-element_type=\"widget\" data-widget_type=\"image.default\">\n\t\t\t\t<div class=\"elementor-widget-container\">\n\t\t\t\t\t\t\t\t\t\t\t\t\t\t\t<img fetchpriority=\"high\" decoding=\"async\" width=\"1280\" height=\"720\" src=\"https:\/\/prefecturadeesmeraldas.gob.ec\/wp-content\/uploads\/2025\/11\/WhatsApp-Image-2025-10-31-at-19.52.58.jpeg\" class=\"attachment-large size-large wp-image-31956\" alt=\"\" srcset=\"https:\/\/prefecturadeesmeraldas.gob.ec\/wp-content\/uploads\/2025\/11\/WhatsApp-Image-2025-10-31-at-19.52.58.jpeg 1280w, https:\/\/prefecturadeesmeraldas.gob.ec\/wp-content\/uploads\/2025\/11\/WhatsApp-Image-2025-10-31-at-19.52.58-300x169.jpeg 300w, https:\/\/prefecturadeesmeraldas.gob.ec\/wp-content\/uploads\/2025\/11\/WhatsApp-Image-2025-10-31-at-19.52.58-768x432.jpeg 768w\" sizes=\"(max-width: 1280px) 100vw, 1280px\" \/>\t\t\t\t\t\t\t\t\t\t\t\t\t\t\t<\/div>\n\t\t\t\t<\/div>\n\t\t\t\t\t<\/div>\n\t\t\t\t<\/div>\n\t\t<div class=\"elementor-element elementor-element-42d1692 e-flex e-con-boxed e-con e-parent\" data-id=\"42d1692\" data-element_type=\"container\">\n\t\t\t\t\t<div class=\"e-con-inner\">\n\t\t\t\t<div class=\"elementor-element elementor-element-281dab0 elementor-widget elementor-widget-text-editor\" data-id=\"281dab0\" data-element_type=\"widget\" data-widget_type=\"text-editor.default\">\n\t\t\t\t<div class=\"elementor-widget-container\">\n\t\t\t\t\t\t\t\t\t<p>Con un rotundo \u00e9xito se desarroll\u00f3 el espect\u00e1culo <strong>\u201cPijamada Musical\u201d<\/strong>, evento con el que la <strong>Prefectura de Esmeraldas<\/strong> dio inicio oficial a los actos festivos por los <strong>178 a\u00f1os de provincializaci\u00f3n<\/strong> de la provincia, el pasado <strong>viernes 31 de octubre<\/strong>.<\/p><p>Miles de familias esmeralde\u00f1as se dieron cita para disfrutar de una <strong>noche llena de m\u00fasica, alegr\u00eda, seguridad y reactivaci\u00f3n local<\/strong>, en un ambiente de convivencia y celebraci\u00f3n.<br \/>La <strong>prefecta Roberta Zambrano Ortiz<\/strong> acompa\u00f1\u00f3 la jornada y comparti\u00f3 con los asistentes en un evento que combin\u00f3 arte, diversi\u00f3n y participaci\u00f3n ciudadana.<\/p><p>El escenario vibr\u00f3 con la presentaci\u00f3n de <strong>artistas de distintos g\u00e9neros musicales<\/strong>, quienes encendieron el entusiasmo del p\u00fablico con ritmos variados y contagiosos.<br \/>Adem\u00e1s, el talento y la creatividad tambi\u00e9n se premiaron: las <strong>mejores pijamas<\/strong> fueron reconocidas por su originalidad y colorido, sumando un toque de diversi\u00f3n familiar a la celebraci\u00f3n.<\/p>\t\t\t\t\t\t\t\t<\/div>\n\t\t\t\t<\/div>\n\t\t\t\t\t<\/div>\n\t\t\t\t<\/div>\n\t\t<div class=\"elementor-element elementor-element-f41f7e6 e-flex e-con-boxed e-con e-parent\" data-id=\"f41f7e6\" data-element_type=\"container\">\n\t\t\t\t\t<div class=\"e-con-inner\">\n\t\t\t\t<div class=\"elementor-element elementor-element-9ba9adf elementor-widget elementor-widget-image\" data-id=\"9ba9adf\" data-element_type=\"widget\" data-widget_type=\"image.default\">\n\t\t\t\t<div class=\"elementor-widget-container\">\n\t\t\t\t\t\t\t\t\t\t\t\t\t\t\t<img decoding=\"async\" width=\"1280\" height=\"720\" src=\"https:\/\/prefecturadeesmeraldas.gob.ec\/wp-content\/uploads\/2025\/11\/WhatsApp-Image-2025-10-31-at-19.52.19.jpeg\" class=\"attachment-large size-large wp-image-31955\" alt=\"\" srcset=\"https:\/\/prefecturadeesmeraldas.gob.ec\/wp-content\/uploads\/2025\/11\/WhatsApp-Image-2025-10-31-at-19.52.19.jpeg 1280w, https:\/\/prefecturadeesmeraldas.gob.ec\/wp-content\/uploads\/2025\/11\/WhatsApp-Image-2025-10-31-at-19.52.19-300x169.jpeg 300w, https:\/\/prefecturadeesmeraldas.gob.ec\/wp-content\/uploads\/2025\/11\/WhatsApp-Image-2025-10-31-at-19.52.19-768x432.jpeg 768w\" sizes=\"(max-width: 1280px) 100vw, 1280px\" \/>\t\t\t\t\t\t\t\t\t\t\t\t\t\t\t<\/div>\n\t\t\t\t<\/div>\n\t\t\t\t\t<\/div>\n\t\t\t\t<\/div>\n\t\t<div class=\"elementor-element elementor-element-8cea69e e-flex e-con-boxed e-con e-parent\" data-id=\"8cea69e\" data-element_type=\"container\">\n\t\t\t\t\t<div class=\"e-con-inner\">\n\t\t\t\t<div class=\"elementor-element elementor-element-e4aa309 elementor-widget elementor-widget-text-editor\" data-id=\"e4aa309\" data-element_type=\"widget\" data-widget_type=\"text-editor.default\">\n\t\t\t\t<div class=\"elementor-widget-container\">\n\t\t\t\t\t\t\t\t\t<p>Los <strong>emprendedores locales<\/strong> tuvieron un espacio destacado durante la actividad, logrando <strong>reactivar sus ventas<\/strong> y promover productos hechos con identidad esmeralde\u00f1a.<\/p><p>De esta forma, la Prefectura de Esmeraldas inici\u00f3 su agenda festiva reafirmando su compromiso con la <strong>unidad, la cultura y el desarrollo econ\u00f3mico<\/strong> de la provincia.<\/p><p><strong>As\u00ed celebramos los 178 a\u00f1os de provincializaci\u00f3n, porque Esmeraldas es Identidad, Alegr\u00eda y Paz. <\/strong><\/p>\t\t\t\t\t\t\t\t<\/div>\n\t\t\t\t<\/div>\n\t\t\t\t\t<\/div>\n\t\t\t\t<\/div>\n\t\t\t\t<\/div>\n\t\t","protected":false},"excerpt":{"rendered":"<p>Con un rotundo \u00e9xito se desarroll\u00f3 el espect\u00e1culo \u201cPijamada Musical\u201d, evento con el que la Prefectura de Esmeraldas dio inicio oficial a los actos festivos por los 178 a\u00f1os de provincializaci\u00f3n de la provincia, el pasado viernes 31 de octubre. Miles de familias esmeralde\u00f1as se dieron cita para disfrutar de una noche llena de m\u00fasica, [&hellip;]<\/p>\n","protected":false},"author":2,"featured_media":31954,"comment_status":"closed","ping_status":"open","sticky":false,"template":"","format":"standard","meta":{"footnotes":""},"categories":[3,1],"tags":[],"class_list":["post-31952","post","type-post","status-publish","format-standard","has-post-thumbnail","hentry","category-institucional","category-uncategorized"],"yoast_head":"<!-- This site is optimized with the Yoast SEO plugin v25.7 - https:\/\/yoast.com\/wordpress\/plugins\/seo\/ -->\n<title>La \u201cPijamada Musical\u201d encendi\u00f3 la celebraci\u00f3n por los 178 a\u00f1os de provincializaci\u00f3n. - Gobierno Aut\u00f3nomo Descentralizado de la Provincia de Esmeraldas<\/title>\n<meta name=\"robots\" content=\"index, follow, max-snippet:-1, max-image-preview:large, max-video-preview:-1\" \/>\n<link rel=\"canonical\" href=\"https:\/\/prefecturadeesmeraldas.gob.ec\/index.php\/2025\/11\/06\/la-pijamada-musical-encendio-la-celebracion-por-los-178-anos-de-provincializacion\/\" \/>\n<meta property=\"og:locale\" content=\"es_ES\" \/>\n<meta property=\"og:type\" content=\"article\" \/>\n<meta property=\"og:title\" content=\"La \u201cPijamada Musical\u201d encendi\u00f3 la celebraci\u00f3n por los 178 a\u00f1os de provincializaci\u00f3n. - Gobierno Aut\u00f3nomo Descentralizado de la Provincia de Esmeraldas\" \/>\n<meta property=\"og:description\" content=\"Con un rotundo \u00e9xito se desarroll\u00f3 el espect\u00e1culo \u201cPijamada Musical\u201d, evento con el que la Prefectura de Esmeraldas dio inicio oficial a los actos festivos por los 178 a\u00f1os de provincializaci\u00f3n de la provincia, el pasado viernes 31 de octubre. Miles de familias esmeralde\u00f1as se dieron cita para disfrutar de una noche llena de m\u00fasica, [&hellip;]\" \/>\n<meta property=\"og:url\" content=\"https:\/\/prefecturadeesmeraldas.gob.ec\/index.php\/2025\/11\/06\/la-pijamada-musical-encendio-la-celebracion-por-los-178-anos-de-provincializacion\/\" \/>\n<meta property=\"og:site_name\" content=\"Gobierno Aut\u00f3nomo Descentralizado de la Provincia de Esmeraldas\" \/>\n<meta property=\"article:publisher\" content=\"https:\/\/www.facebook.com\/PrefecturaEsmeraldas\/\" \/>\n<meta property=\"article:published_time\" content=\"2025-11-06T18:44:38+00:00\" \/>\n<meta property=\"article:modified_time\" content=\"2025-11-06T18:48:23+00:00\" \/>\n<meta property=\"og:image\" content=\"https:\/\/prefecturadeesmeraldas.gob.ec\/wp-content\/uploads\/2025\/11\/111.jpg\" \/>\n\t<meta property=\"og:image:width\" content=\"557\" \/>\n\t<meta property=\"og:image:height\" content=\"313\" \/>\n\t<meta property=\"og:image:type\" content=\"image\/jpeg\" \/>\n<meta name=\"author\" content=\"Direcci\u00f3n de Comunicaci\u00f3n\" \/>\n<meta name=\"twitter:card\" content=\"summary_large_image\" \/>\n<meta name=\"twitter:label1\" content=\"Escrito por\" \/>\n\t<meta name=\"twitter:data1\" content=\"Direcci\u00f3n de Comunicaci\u00f3n\" \/>\n\t<meta name=\"twitter:label2\" content=\"Tiempo de lectura\" \/>\n\t<meta name=\"twitter:data2\" content=\"2 minutos\" \/>\n<script type=\"application\/ld+json\" class=\"yoast-schema-graph\">{\"@context\":\"https:\/\/schema.org\",\"@graph\":[{\"@type\":\"Article\",\"@id\":\"https:\/\/prefecturadeesmeraldas.gob.ec\/index.php\/2025\/11\/06\/la-pijamada-musical-encendio-la-celebracion-por-los-178-anos-de-provincializacion\/#article\",\"isPartOf\":{\"@id\":\"https:\/\/prefecturadeesmeraldas.gob.ec\/index.php\/2025\/11\/06\/la-pijamada-musical-encendio-la-celebracion-por-los-178-anos-de-provincializacion\/\"},\"author\":{\"name\":\"Direcci\u00f3n de Comunicaci\u00f3n\",\"@id\":\"https:\/\/prefecturadeesmeraldas.gob.ec\/#\/schema\/person\/b0c9e7b1ead7725994d1e319e8825234\"},\"headline\":\"La \u201cPijamada Musical\u201d encendi\u00f3 la celebraci\u00f3n por los 178 a\u00f1os de provincializaci\u00f3n.\",\"datePublished\":\"2025-11-06T18:44:38+00:00\",\"dateModified\":\"2025-11-06T18:48:23+00:00\",\"mainEntityOfPage\":{\"@id\":\"https:\/\/prefecturadeesmeraldas.gob.ec\/index.php\/2025\/11\/06\/la-pijamada-musical-encendio-la-celebracion-por-los-178-anos-de-provincializacion\/\"},\"wordCount\":235,\"publisher\":{\"@id\":\"https:\/\/prefecturadeesmeraldas.gob.ec\/#organization\"},\"image\":{\"@id\":\"https:\/\/prefecturadeesmeraldas.gob.ec\/index.php\/2025\/11\/06\/la-pijamada-musical-encendio-la-celebracion-por-los-178-anos-de-provincializacion\/#primaryimage\"},\"thumbnailUrl\":\"https:\/\/prefecturadeesmeraldas.gob.ec\/wp-content\/uploads\/2025\/11\/111.jpg\",\"articleSection\":[\"Institucional\",\"Uncategorized\"],\"inLanguage\":\"es\"},{\"@type\":\"WebPage\",\"@id\":\"https:\/\/prefecturadeesmeraldas.gob.ec\/index.php\/2025\/11\/06\/la-pijamada-musical-encendio-la-celebracion-por-los-178-anos-de-provincializacion\/\",\"url\":\"https:\/\/prefecturadeesmeraldas.gob.ec\/index.php\/2025\/11\/06\/la-pijamada-musical-encendio-la-celebracion-por-los-178-anos-de-provincializacion\/\",\"name\":\"La \u201cPijamada Musical\u201d encendi\u00f3 la celebraci\u00f3n por los 178 a\u00f1os de provincializaci\u00f3n. - Gobierno Aut\u00f3nomo Descentralizado de la Provincia de Esmeraldas\",\"isPartOf\":{\"@id\":\"https:\/\/prefecturadeesmeraldas.gob.ec\/#website\"},\"primaryImageOfPage\":{\"@id\":\"https:\/\/prefecturadeesmeraldas.gob.ec\/index.php\/2025\/11\/06\/la-pijamada-musical-encendio-la-celebracion-por-los-178-anos-de-provincializacion\/#primaryimage\"},\"image\":{\"@id\":\"https:\/\/prefecturadeesmeraldas.gob.ec\/index.php\/2025\/11\/06\/la-pijamada-musical-encendio-la-celebracion-por-los-178-anos-de-provincializacion\/#primaryimage\"},\"thumbnailUrl\":\"https:\/\/prefecturadeesmeraldas.gob.ec\/wp-content\/uploads\/2025\/11\/111.jpg\",\"datePublished\":\"2025-11-06T18:44:38+00:00\",\"dateModified\":\"2025-11-06T18:48:23+00:00\",\"breadcrumb\":{\"@id\":\"https:\/\/prefecturadeesmeraldas.gob.ec\/index.php\/2025\/11\/06\/la-pijamada-musical-encendio-la-celebracion-por-los-178-anos-de-provincializacion\/#breadcrumb\"},\"inLanguage\":\"es\",\"potentialAction\":[{\"@type\":\"ReadAction\",\"target\":[\"https:\/\/prefecturadeesmeraldas.gob.ec\/index.php\/2025\/11\/06\/la-pijamada-musical-encendio-la-celebracion-por-los-178-anos-de-provincializacion\/\"]}]},{\"@type\":\"ImageObject\",\"inLanguage\":\"es\",\"@id\":\"https:\/\/prefecturadeesmeraldas.gob.ec\/index.php\/2025\/11\/06\/la-pijamada-musical-encendio-la-celebracion-por-los-178-anos-de-provincializacion\/#primaryimage\",\"url\":\"https:\/\/prefecturadeesmeraldas.gob.ec\/wp-content\/uploads\/2025\/11\/111.jpg\",\"contentUrl\":\"https:\/\/prefecturadeesmeraldas.gob.ec\/wp-content\/uploads\/2025\/11\/111.jpg\",\"width\":557,\"height\":313},{\"@type\":\"BreadcrumbList\",\"@id\":\"https:\/\/prefecturadeesmeraldas.gob.ec\/index.php\/2025\/11\/06\/la-pijamada-musical-encendio-la-celebracion-por-los-178-anos-de-provincializacion\/#breadcrumb\",\"itemListElement\":[{\"@type\":\"ListItem\",\"position\":1,\"name\":\"Home\",\"item\":\"https:\/\/prefecturadeesmeraldas.gob.ec\/\"},{\"@type\":\"ListItem\",\"position\":2,\"name\":\"La \u201cPijamada Musical\u201d encendi\u00f3 la celebraci\u00f3n por los 178 a\u00f1os de provincializaci\u00f3n.\"}]},{\"@type\":\"WebSite\",\"@id\":\"https:\/\/prefecturadeesmeraldas.gob.ec\/#website\",\"url\":\"https:\/\/prefecturadeesmeraldas.gob.ec\/\",\"name\":\"Gobierno Aut\u00f3nomo Descentralizado de la Provincia de Esmeraldas\",\"description\":\"Gobierno Aut\u00f3nomo Descentralizado de la Provincia de Esmeraldas\",\"publisher\":{\"@id\":\"https:\/\/prefecturadeesmeraldas.gob.ec\/#organization\"},\"potentialAction\":[{\"@type\":\"SearchAction\",\"target\":{\"@type\":\"EntryPoint\",\"urlTemplate\":\"https:\/\/prefecturadeesmeraldas.gob.ec\/?s={search_term_string}\"},\"query-input\":{\"@type\":\"PropertyValueSpecification\",\"valueRequired\":true,\"valueName\":\"search_term_string\"}}],\"inLanguage\":\"es\"},{\"@type\":\"Organization\",\"@id\":\"https:\/\/prefecturadeesmeraldas.gob.ec\/#organization\",\"name\":\"Gobierno Aut\u00f3nomo Descentralizado de la Provincia de Esmeraldas\",\"url\":\"https:\/\/prefecturadeesmeraldas.gob.ec\/\",\"logo\":{\"@type\":\"ImageObject\",\"inLanguage\":\"es\",\"@id\":\"https:\/\/prefecturadeesmeraldas.gob.ec\/#\/schema\/logo\/image\/\",\"url\":\"https:\/\/prefecturadeesmeraldas.gob.ec\/wp-content\/uploads\/2019\/06\/logo.png\",\"contentUrl\":\"https:\/\/prefecturadeesmeraldas.gob.ec\/wp-content\/uploads\/2019\/06\/logo.png\",\"width\":859,\"height\":448,\"caption\":\"Gobierno Aut\u00f3nomo Descentralizado de la Provincia de Esmeraldas\"},\"image\":{\"@id\":\"https:\/\/prefecturadeesmeraldas.gob.ec\/#\/schema\/logo\/image\/\"},\"sameAs\":[\"https:\/\/www.facebook.com\/PrefecturaEsmeraldas\/\"]},{\"@type\":\"Person\",\"@id\":\"https:\/\/prefecturadeesmeraldas.gob.ec\/#\/schema\/person\/b0c9e7b1ead7725994d1e319e8825234\",\"name\":\"Direcci\u00f3n de Comunicaci\u00f3n\",\"image\":{\"@type\":\"ImageObject\",\"inLanguage\":\"es\",\"@id\":\"https:\/\/prefecturadeesmeraldas.gob.ec\/#\/schema\/person\/image\/\",\"url\":\"https:\/\/secure.gravatar.com\/avatar\/74a3870a946f5d774ade3569af61a72308e07ad3346f370c4b468ee2a9858658?s=96&d=mm&r=g\",\"contentUrl\":\"https:\/\/secure.gravatar.com\/avatar\/74a3870a946f5d774ade3569af61a72308e07ad3346f370c4b468ee2a9858658?s=96&d=mm&r=g\",\"caption\":\"Direcci\u00f3n de Comunicaci\u00f3n\"}}]}<\/script>\n<!-- \/ Yoast SEO plugin. -->","yoast_head_json":{"title":"La \u201cPijamada Musical\u201d encendi\u00f3 la celebraci\u00f3n por los 178 a\u00f1os de provincializaci\u00f3n. - Gobierno Aut\u00f3nomo Descentralizado de la Provincia de Esmeraldas","robots":{"index":"index","follow":"follow","max-snippet":"max-snippet:-1","max-image-preview":"max-image-preview:large","max-video-preview":"max-video-preview:-1"},"canonical":"https:\/\/prefecturadeesmeraldas.gob.ec\/index.php\/2025\/11\/06\/la-pijamada-musical-encendio-la-celebracion-por-los-178-anos-de-provincializacion\/","og_locale":"es_ES","og_type":"article","og_title":"La \u201cPijamada Musical\u201d encendi\u00f3 la celebraci\u00f3n por los 178 a\u00f1os de provincializaci\u00f3n. - Gobierno Aut\u00f3nomo Descentralizado de la Provincia de Esmeraldas","og_description":"Con un rotundo \u00e9xito se desarroll\u00f3 el espect\u00e1culo \u201cPijamada Musical\u201d, evento con el que la Prefectura de Esmeraldas dio inicio oficial a los actos festivos por los 178 a\u00f1os de provincializaci\u00f3n de la provincia, el pasado viernes 31 de octubre. Miles de familias esmeralde\u00f1as se dieron cita para disfrutar de una noche llena de m\u00fasica, [&hellip;]","og_url":"https:\/\/prefecturadeesmeraldas.gob.ec\/index.php\/2025\/11\/06\/la-pijamada-musical-encendio-la-celebracion-por-los-178-anos-de-provincializacion\/","og_site_name":"Gobierno Aut\u00f3nomo Descentralizado de la Provincia de Esmeraldas","article_publisher":"https:\/\/www.facebook.com\/PrefecturaEsmeraldas\/","article_published_time":"2025-11-06T18:44:38+00:00","article_modified_time":"2025-11-06T18:48:23+00:00","og_image":[{"width":557,"height":313,"url":"https:\/\/prefecturadeesmeraldas.gob.ec\/wp-content\/uploads\/2025\/11\/111.jpg","type":"image\/jpeg"}],"author":"Direcci\u00f3n de Comunicaci\u00f3n","twitter_card":"summary_large_image","twitter_misc":{"Escrito por":"Direcci\u00f3n de Comunicaci\u00f3n","Tiempo de lectura":"2 minutos"},"schema":{"@context":"https:\/\/schema.org","@graph":[{"@type":"Article","@id":"https:\/\/prefecturadeesmeraldas.gob.ec\/index.php\/2025\/11\/06\/la-pijamada-musical-encendio-la-celebracion-por-los-178-anos-de-provincializacion\/#article","isPartOf":{"@id":"https:\/\/prefecturadeesmeraldas.gob.ec\/index.php\/2025\/11\/06\/la-pijamada-musical-encendio-la-celebracion-por-los-178-anos-de-provincializacion\/"},"author":{"name":"Direcci\u00f3n de Comunicaci\u00f3n","@id":"https:\/\/prefecturadeesmeraldas.gob.ec\/#\/schema\/person\/b0c9e7b1ead7725994d1e319e8825234"},"headline":"La \u201cPijamada Musical\u201d encendi\u00f3 la celebraci\u00f3n por los 178 a\u00f1os de provincializaci\u00f3n.","datePublished":"2025-11-06T18:44:38+00:00","dateModified":"2025-11-06T18:48:23+00:00","mainEntityOfPage":{"@id":"https:\/\/prefecturadeesmeraldas.gob.ec\/index.php\/2025\/11\/06\/la-pijamada-musical-encendio-la-celebracion-por-los-178-anos-de-provincializacion\/"},"wordCount":235,"publisher":{"@id":"https:\/\/prefecturadeesmeraldas.gob.ec\/#organization"},"image":{"@id":"https:\/\/prefecturadeesmeraldas.gob.ec\/index.php\/2025\/11\/06\/la-pijamada-musical-encendio-la-celebracion-por-los-178-anos-de-provincializacion\/#primaryimage"},"thumbnailUrl":"https:\/\/prefecturadeesmeraldas.gob.ec\/wp-content\/uploads\/2025\/11\/111.jpg","articleSection":["Institucional","Uncategorized"],"inLanguage":"es"},{"@type":"WebPage","@id":"https:\/\/prefecturadeesmeraldas.gob.ec\/index.php\/2025\/11\/06\/la-pijamada-musical-encendio-la-celebracion-por-los-178-anos-de-provincializacion\/","url":"https:\/\/prefecturadeesmeraldas.gob.ec\/index.php\/2025\/11\/06\/la-pijamada-musical-encendio-la-celebracion-por-los-178-anos-de-provincializacion\/","name":"La \u201cPijamada Musical\u201d encendi\u00f3 la celebraci\u00f3n por los 178 a\u00f1os de provincializaci\u00f3n. - Gobierno Aut\u00f3nomo Descentralizado de la Provincia de Esmeraldas","isPartOf":{"@id":"https:\/\/prefecturadeesmeraldas.gob.ec\/#website"},"primaryImageOfPage":{"@id":"https:\/\/prefecturadeesmeraldas.gob.ec\/index.php\/2025\/11\/06\/la-pijamada-musical-encendio-la-celebracion-por-los-178-anos-de-provincializacion\/#primaryimage"},"image":{"@id":"https:\/\/prefecturadeesmeraldas.gob.ec\/index.php\/2025\/11\/06\/la-pijamada-musical-encendio-la-celebracion-por-los-178-anos-de-provincializacion\/#primaryimage"},"thumbnailUrl":"https:\/\/prefecturadeesmeraldas.gob.ec\/wp-content\/uploads\/2025\/11\/111.jpg","datePublished":"2025-11-06T18:44:38+00:00","dateModified":"2025-11-06T18:48:23+00:00","breadcrumb":{"@id":"https:\/\/prefecturadeesmeraldas.gob.ec\/index.php\/2025\/11\/06\/la-pijamada-musical-encendio-la-celebracion-por-los-178-anos-de-provincializacion\/#breadcrumb"},"inLanguage":"es","potentialAction":[{"@type":"ReadAction","target":["https:\/\/prefecturadeesmeraldas.gob.ec\/index.php\/2025\/11\/06\/la-pijamada-musical-encendio-la-celebracion-por-los-178-anos-de-provincializacion\/"]}]},{"@type":"ImageObject","inLanguage":"es","@id":"https:\/\/prefecturadeesmeraldas.gob.ec\/index.php\/2025\/11\/06\/la-pijamada-musical-encendio-la-celebracion-por-los-178-anos-de-provincializacion\/#primaryimage","url":"https:\/\/prefecturadeesmeraldas.gob.ec\/wp-content\/uploads\/2025\/11\/111.jpg","contentUrl":"https:\/\/prefecturadeesmeraldas.gob.ec\/wp-content\/uploads\/2025\/11\/111.jpg","width":557,"height":313},{"@type":"BreadcrumbList","@id":"https:\/\/prefecturadeesmeraldas.gob.ec\/index.php\/2025\/11\/06\/la-pijamada-musical-encendio-la-celebracion-por-los-178-anos-de-provincializacion\/#breadcrumb","itemListElement":[{"@type":"ListItem","position":1,"name":"Home","item":"https:\/\/prefecturadeesmeraldas.gob.ec\/"},{"@type":"ListItem","position":2,"name":"La \u201cPijamada Musical\u201d encendi\u00f3 la celebraci\u00f3n por los 178 a\u00f1os de provincializaci\u00f3n."}]},{"@type":"WebSite","@id":"https:\/\/prefecturadeesmeraldas.gob.ec\/#website","url":"https:\/\/prefecturadeesmeraldas.gob.ec\/","name":"Gobierno Aut\u00f3nomo Descentralizado de la Provincia de Esmeraldas","description":"Gobierno Aut\u00f3nomo Descentralizado de la Provincia de Esmeraldas","publisher":{"@id":"https:\/\/prefecturadeesmeraldas.gob.ec\/#organization"},"potentialAction":[{"@type":"SearchAction","target":{"@type":"EntryPoint","urlTemplate":"https:\/\/prefecturadeesmeraldas.gob.ec\/?s={search_term_string}"},"query-input":{"@type":"PropertyValueSpecification","valueRequired":true,"valueName":"search_term_string"}}],"inLanguage":"es"},{"@type":"Organization","@id":"https:\/\/prefecturadeesmeraldas.gob.ec\/#organization","name":"Gobierno Aut\u00f3nomo Descentralizado de la Provincia de Esmeraldas","url":"https:\/\/prefecturadeesmeraldas.gob.ec\/","logo":{"@type":"ImageObject","inLanguage":"es","@id":"https:\/\/prefecturadeesmeraldas.gob.ec\/#\/schema\/logo\/image\/","url":"https:\/\/prefecturadeesmeraldas.gob.ec\/wp-content\/uploads\/2019\/06\/logo.png","contentUrl":"https:\/\/prefecturadeesmeraldas.gob.ec\/wp-content\/uploads\/2019\/06\/logo.png","width":859,"height":448,"caption":"Gobierno Aut\u00f3nomo Descentralizado de la Provincia de Esmeraldas"},"image":{"@id":"https:\/\/prefecturadeesmeraldas.gob.ec\/#\/schema\/logo\/image\/"},"sameAs":["https:\/\/www.facebook.com\/PrefecturaEsmeraldas\/"]},{"@type":"Person","@id":"https:\/\/prefecturadeesmeraldas.gob.ec\/#\/schema\/person\/b0c9e7b1ead7725994d1e319e8825234","name":"Direcci\u00f3n de Comunicaci\u00f3n","image":{"@type":"ImageObject","inLanguage":"es","@id":"https:\/\/prefecturadeesmeraldas.gob.ec\/#\/schema\/person\/image\/","url":"https:\/\/secure.gravatar.com\/avatar\/74a3870a946f5d774ade3569af61a72308e07ad3346f370c4b468ee2a9858658?s=96&d=mm&r=g","contentUrl":"https:\/\/secure.gravatar.com\/avatar\/74a3870a946f5d774ade3569af61a72308e07ad3346f370c4b468ee2a9858658?s=96&d=mm&r=g","caption":"Direcci\u00f3n de Comunicaci\u00f3n"}}]}},"_links":{"self":[{"href":"https:\/\/prefecturadeesmeraldas.gob.ec\/index.php\/wp-json\/wp\/v2\/posts\/31952","targetHints":{"allow":["GET"]}}],"collection":[{"href":"https:\/\/prefecturadeesmeraldas.gob.ec\/index.php\/wp-json\/wp\/v2\/posts"}],"about":[{"href":"https:\/\/prefecturadeesmeraldas.gob.ec\/index.php\/wp-json\/wp\/v2\/types\/post"}],"author":[{"embeddable":true,"href":"https:\/\/prefecturadeesmeraldas.gob.ec\/index.php\/wp-json\/wp\/v2\/users\/2"}],"replies":[{"embeddable":true,"href":"https:\/\/prefecturadeesmeraldas.gob.ec\/index.php\/wp-json\/wp\/v2\/comments?post=31952"}],"version-history":[{"count":7,"href":"https:\/\/prefecturadeesmeraldas.gob.ec\/index.php\/wp-json\/wp\/v2\/posts\/31952\/revisions"}],"predecessor-version":[{"id":31962,"href":"https:\/\/prefecturadeesmeraldas.gob.ec\/index.php\/wp-json\/wp\/v2\/posts\/31952\/revisions\/31962"}],"wp:featuredmedia":[{"embeddable":true,"href":"https:\/\/prefecturadeesmeraldas.gob.ec\/index.php\/wp-json\/wp\/v2\/media\/31954"}],"wp:attachment":[{"href":"https:\/\/prefecturadeesmeraldas.gob.ec\/index.php\/wp-json\/wp\/v2\/media?parent=31952"}],"wp:term":[{"taxonomy":"category","embeddable":true,"href":"https:\/\/prefecturadeesmeraldas.gob.ec\/index.php\/wp-json\/wp\/v2\/categories?post=31952"},{"taxonomy":"post_tag","embeddable":true,"href":"https:\/\/prefecturadeesmeraldas.gob.ec\/index.php\/wp-json\/wp\/v2\/tags?post=31952"}],"curies":[{"name":"wp","href":"https:\/\/api.w.org\/{rel}","templated":true}]}}