{"id":31941,"date":"2025-11-06T13:39:18","date_gmt":"2025-11-06T18:39:18","guid":{"rendered":"https:\/\/prefecturadeesmeraldas.gob.ec\/?p=31941"},"modified":"2025-11-06T13:41:59","modified_gmt":"2025-11-06T18:41:59","slug":"esmeraldas-celebro-con-la-gran-noche-ecuatoriana-los-178-anos-de-provincializacion","status":"publish","type":"post","link":"https:\/\/prefecturadeesmeraldas.gob.ec\/index.php\/2025\/11\/06\/esmeraldas-celebro-con-la-gran-noche-ecuatoriana-los-178-anos-de-provincializacion\/","title":{"rendered":"Esmeraldas celebr\u00f3 con la gran \u201cnoche ecuatoriana\u201d los 178 a\u00f1os de provincializaci\u00f3n."},"content":{"rendered":"\t\t<div data-elementor-type=\"wp-post\" data-elementor-id=\"31941\" class=\"elementor elementor-31941\">\n\t\t\t\t<div class=\"elementor-element elementor-element-0268e39 e-flex e-con-boxed e-con e-parent\" data-id=\"0268e39\" data-element_type=\"container\">\n\t\t\t\t\t<div class=\"e-con-inner\">\n\t\t\t\t<div class=\"elementor-element elementor-element-5fc4e54 elementor-widget elementor-widget-image\" data-id=\"5fc4e54\" data-element_type=\"widget\" data-widget_type=\"image.default\">\n\t\t\t\t<div class=\"elementor-widget-container\">\n\t\t\t\t\t\t\t\t\t\t\t\t\t\t\t<img fetchpriority=\"high\" decoding=\"async\" width=\"1600\" height=\"900\" src=\"https:\/\/prefecturadeesmeraldas.gob.ec\/wp-content\/uploads\/2025\/11\/WhatsApp-Image-2025-11-02-at-00.21.25.jpeg\" class=\"attachment-large size-large wp-image-31944\" alt=\"\" srcset=\"https:\/\/prefecturadeesmeraldas.gob.ec\/wp-content\/uploads\/2025\/11\/WhatsApp-Image-2025-11-02-at-00.21.25.jpeg 1600w, https:\/\/prefecturadeesmeraldas.gob.ec\/wp-content\/uploads\/2025\/11\/WhatsApp-Image-2025-11-02-at-00.21.25-300x169.jpeg 300w, https:\/\/prefecturadeesmeraldas.gob.ec\/wp-content\/uploads\/2025\/11\/WhatsApp-Image-2025-11-02-at-00.21.25-768x432.jpeg 768w, https:\/\/prefecturadeesmeraldas.gob.ec\/wp-content\/uploads\/2025\/11\/WhatsApp-Image-2025-11-02-at-00.21.25-1536x864.jpeg 1536w\" sizes=\"(max-width: 1600px) 100vw, 1600px\" \/>\t\t\t\t\t\t\t\t\t\t\t\t\t\t\t<\/div>\n\t\t\t\t<\/div>\n\t\t\t\t\t<\/div>\n\t\t\t\t<\/div>\n\t\t<div class=\"elementor-element elementor-element-489dad9 e-flex e-con-boxed e-con e-parent\" data-id=\"489dad9\" data-element_type=\"container\">\n\t\t\t\t\t<div class=\"e-con-inner\">\n\t\t\t\t<div class=\"elementor-element elementor-element-ab9bdee elementor-widget elementor-widget-text-editor\" data-id=\"ab9bdee\" data-element_type=\"widget\" data-widget_type=\"text-editor.default\">\n\t\t\t\t<div class=\"elementor-widget-container\">\n\t\t\t\t\t\t\t\t\t<p>La Prefectura de Esmeraldas conmemora los <strong>178 a\u00f1os de provincializaci\u00f3n<\/strong> y uno de los espect\u00e1culos que abrieron estas celebraciones fue un evento inolvidable que deslumbr\u00f3 a todos los asistentes: la <strong>\u201cNoche Ecuatoriana\u201d,<\/strong> una velada que combin\u00f3 arte, m\u00fasica, cultura y tradici\u00f3n en un solo escenario. La cita tuvo lugar en el Malec\u00f3n de las Palmas, el pasado s\u00e1bado 1 de noviembre, en un ambiente lleno de alegr\u00eda, civismo y orgullo nacional, donde miles de esmeralde\u00f1os disfrutaron de una programaci\u00f3n pensada para celebrar la identidad ecuatoriana y fortalecer el sentido de pertenencia.<\/p><p>El p\u00fablico vibr\u00f3 al ritmo de artistas nacionales y locales que llenaron el escenario de energ\u00eda, talento y emoci\u00f3n. Entre los invitados m\u00e1s destacados estuvieron <strong>Gerardo Mor\u00e1n, \u201cEl m\u00e1s querido\u201d,<\/strong> quien deleit\u00f3 con su amplio repertorio de m\u00fasica popular ecuatoriana, y<strong> La Toquilla<\/strong>, reconocida por su estilo \u00fanico que fusiona lo tradicional con lo moderno. A ellos se sumaron <strong>artistas esmeralde\u00f1os<\/strong> que representaron el talento local con presentaciones que pusieron a bailar y cantar al p\u00fablico durante toda la noche.<\/p>\t\t\t\t\t\t\t\t<\/div>\n\t\t\t\t<\/div>\n\t\t\t\t\t<\/div>\n\t\t\t\t<\/div>\n\t\t<div class=\"elementor-element elementor-element-49ae5e8 e-flex e-con-boxed e-con e-parent\" data-id=\"49ae5e8\" data-element_type=\"container\">\n\t\t\t\t\t<div class=\"e-con-inner\">\n\t\t\t\t<div class=\"elementor-element elementor-element-0809945 elementor-widget elementor-widget-image\" data-id=\"0809945\" data-element_type=\"widget\" data-widget_type=\"image.default\">\n\t\t\t\t<div class=\"elementor-widget-container\">\n\t\t\t\t\t\t\t\t\t\t\t\t\t\t\t<img decoding=\"async\" width=\"1280\" height=\"882\" src=\"https:\/\/prefecturadeesmeraldas.gob.ec\/wp-content\/uploads\/2025\/11\/WhatsApp-Image-2025-11-02-at-00.21.24-1.jpeg\" class=\"attachment-large size-large wp-image-31945\" alt=\"\" srcset=\"https:\/\/prefecturadeesmeraldas.gob.ec\/wp-content\/uploads\/2025\/11\/WhatsApp-Image-2025-11-02-at-00.21.24-1.jpeg 1280w, https:\/\/prefecturadeesmeraldas.gob.ec\/wp-content\/uploads\/2025\/11\/WhatsApp-Image-2025-11-02-at-00.21.24-1-300x207.jpeg 300w, https:\/\/prefecturadeesmeraldas.gob.ec\/wp-content\/uploads\/2025\/11\/WhatsApp-Image-2025-11-02-at-00.21.24-1-768x529.jpeg 768w\" sizes=\"(max-width: 1280px) 100vw, 1280px\" \/>\t\t\t\t\t\t\t\t\t\t\t\t\t\t\t<\/div>\n\t\t\t\t<\/div>\n\t\t\t\t\t<\/div>\n\t\t\t\t<\/div>\n\t\t<div class=\"elementor-element elementor-element-aafb303 e-flex e-con-boxed e-con e-parent\" data-id=\"aafb303\" data-element_type=\"container\">\n\t\t\t\t\t<div class=\"e-con-inner\">\n\t\t\t\t<div class=\"elementor-element elementor-element-27d753d elementor-widget elementor-widget-text-editor\" data-id=\"27d753d\" data-element_type=\"widget\" data-widget_type=\"text-editor.default\">\n\t\t\t\t<div class=\"elementor-widget-container\">\n\t\t\t\t\t\t\t\t\t<p>La <strong>\u201cNoche Ecuatoriana\u201d<\/strong> no solo fue un homenaje cultural, sino tambi\u00e9n una oportunidad para <strong>reactivar el comercio y dinamizar la econom\u00eda local.<\/strong> Emprendedores, comerciantes y artesanos participaron de esta jornada, que se desarroll\u00f3 en un entorno seguro y ordenado, donde las familias pudieron disfrutar sin preocupaciones.<\/p><p>La prefecta <strong>Roberta Zambrano<\/strong> se apropi\u00f3 de la celebraci\u00f3n coreando varias de las canciones junto a su gente, compartiendo momentos de alegr\u00eda y orgullo. A la par, <strong>promovi\u00f3 la compra a emprendedores locales, <\/strong>en una muestra m\u00e1s del amor y compromiso que mantiene con su provincia y su gente. <\/p>\t\t\t\t\t\t\t\t<\/div>\n\t\t\t\t<\/div>\n\t\t\t\t\t<\/div>\n\t\t\t\t<\/div>\n\t\t\t\t<\/div>\n\t\t","protected":false},"excerpt":{"rendered":"<p>La Prefectura de Esmeraldas conmemora los 178 a\u00f1os de provincializaci\u00f3n y uno de los espect\u00e1culos que abrieron estas celebraciones fue un evento inolvidable que deslumbr\u00f3 a todos los asistentes: la \u201cNoche Ecuatoriana\u201d, una velada que combin\u00f3 arte, m\u00fasica, cultura y tradici\u00f3n en un solo escenario. La cita tuvo lugar en el Malec\u00f3n de las Palmas, [&hellip;]<\/p>\n","protected":false},"author":2,"featured_media":31943,"comment_status":"closed","ping_status":"open","sticky":false,"template":"","format":"standard","meta":{"footnotes":""},"categories":[3],"tags":[],"class_list":["post-31941","post","type-post","status-publish","format-standard","has-post-thumbnail","hentry","category-institucional"],"yoast_head":"<!-- This site is optimized with the Yoast SEO plugin v25.7 - https:\/\/yoast.com\/wordpress\/plugins\/seo\/ -->\n<title>Esmeraldas celebr\u00f3 con la gran \u201cnoche ecuatoriana\u201d los 178 a\u00f1os de provincializaci\u00f3n. - Gobierno Aut\u00f3nomo Descentralizado de la Provincia de Esmeraldas<\/title>\n<meta name=\"robots\" content=\"index, follow, max-snippet:-1, max-image-preview:large, max-video-preview:-1\" \/>\n<link rel=\"canonical\" href=\"https:\/\/prefecturadeesmeraldas.gob.ec\/index.php\/2025\/11\/06\/esmeraldas-celebro-con-la-gran-noche-ecuatoriana-los-178-anos-de-provincializacion\/\" \/>\n<meta property=\"og:locale\" content=\"es_ES\" \/>\n<meta property=\"og:type\" content=\"article\" \/>\n<meta property=\"og:title\" content=\"Esmeraldas celebr\u00f3 con la gran \u201cnoche ecuatoriana\u201d los 178 a\u00f1os de provincializaci\u00f3n. - Gobierno Aut\u00f3nomo Descentralizado de la Provincia de Esmeraldas\" \/>\n<meta property=\"og:description\" content=\"La Prefectura de Esmeraldas conmemora los 178 a\u00f1os de provincializaci\u00f3n y uno de los espect\u00e1culos que abrieron estas celebraciones fue un evento inolvidable que deslumbr\u00f3 a todos los asistentes: la \u201cNoche Ecuatoriana\u201d, una velada que combin\u00f3 arte, m\u00fasica, cultura y tradici\u00f3n en un solo escenario. La cita tuvo lugar en el Malec\u00f3n de las Palmas, [&hellip;]\" \/>\n<meta property=\"og:url\" content=\"https:\/\/prefecturadeesmeraldas.gob.ec\/index.php\/2025\/11\/06\/esmeraldas-celebro-con-la-gran-noche-ecuatoriana-los-178-anos-de-provincializacion\/\" \/>\n<meta property=\"og:site_name\" content=\"Gobierno Aut\u00f3nomo Descentralizado de la Provincia de Esmeraldas\" \/>\n<meta property=\"article:publisher\" content=\"https:\/\/www.facebook.com\/PrefecturaEsmeraldas\/\" \/>\n<meta property=\"article:published_time\" content=\"2025-11-06T18:39:18+00:00\" \/>\n<meta property=\"article:modified_time\" content=\"2025-11-06T18:41:59+00:00\" \/>\n<meta property=\"og:image\" content=\"https:\/\/prefecturadeesmeraldas.gob.ec\/wp-content\/uploads\/2025\/11\/WhatsApp-Image-2025-11-02-at-00.21.24.jpeg\" \/>\n\t<meta property=\"og:image:width\" content=\"1600\" \/>\n\t<meta property=\"og:image:height\" content=\"900\" \/>\n\t<meta property=\"og:image:type\" content=\"image\/jpeg\" \/>\n<meta name=\"author\" content=\"Direcci\u00f3n de Comunicaci\u00f3n\" \/>\n<meta name=\"twitter:card\" content=\"summary_large_image\" \/>\n<meta name=\"twitter:label1\" content=\"Escrito por\" \/>\n\t<meta name=\"twitter:data1\" content=\"Direcci\u00f3n de Comunicaci\u00f3n\" \/>\n\t<meta name=\"twitter:label2\" content=\"Tiempo de lectura\" \/>\n\t<meta name=\"twitter:data2\" content=\"2 minutos\" \/>\n<script type=\"application\/ld+json\" class=\"yoast-schema-graph\">{\"@context\":\"https:\/\/schema.org\",\"@graph\":[{\"@type\":\"Article\",\"@id\":\"https:\/\/prefecturadeesmeraldas.gob.ec\/index.php\/2025\/11\/06\/esmeraldas-celebro-con-la-gran-noche-ecuatoriana-los-178-anos-de-provincializacion\/#article\",\"isPartOf\":{\"@id\":\"https:\/\/prefecturadeesmeraldas.gob.ec\/index.php\/2025\/11\/06\/esmeraldas-celebro-con-la-gran-noche-ecuatoriana-los-178-anos-de-provincializacion\/\"},\"author\":{\"name\":\"Direcci\u00f3n de Comunicaci\u00f3n\",\"@id\":\"https:\/\/prefecturadeesmeraldas.gob.ec\/#\/schema\/person\/b0c9e7b1ead7725994d1e319e8825234\"},\"headline\":\"Esmeraldas celebr\u00f3 con la gran \u201cnoche ecuatoriana\u201d los 178 a\u00f1os de provincializaci\u00f3n.\",\"datePublished\":\"2025-11-06T18:39:18+00:00\",\"dateModified\":\"2025-11-06T18:41:59+00:00\",\"mainEntityOfPage\":{\"@id\":\"https:\/\/prefecturadeesmeraldas.gob.ec\/index.php\/2025\/11\/06\/esmeraldas-celebro-con-la-gran-noche-ecuatoriana-los-178-anos-de-provincializacion\/\"},\"wordCount\":301,\"publisher\":{\"@id\":\"https:\/\/prefecturadeesmeraldas.gob.ec\/#organization\"},\"image\":{\"@id\":\"https:\/\/prefecturadeesmeraldas.gob.ec\/index.php\/2025\/11\/06\/esmeraldas-celebro-con-la-gran-noche-ecuatoriana-los-178-anos-de-provincializacion\/#primaryimage\"},\"thumbnailUrl\":\"https:\/\/prefecturadeesmeraldas.gob.ec\/wp-content\/uploads\/2025\/11\/WhatsApp-Image-2025-11-02-at-00.21.24.jpeg\",\"articleSection\":[\"Institucional\"],\"inLanguage\":\"es\"},{\"@type\":\"WebPage\",\"@id\":\"https:\/\/prefecturadeesmeraldas.gob.ec\/index.php\/2025\/11\/06\/esmeraldas-celebro-con-la-gran-noche-ecuatoriana-los-178-anos-de-provincializacion\/\",\"url\":\"https:\/\/prefecturadeesmeraldas.gob.ec\/index.php\/2025\/11\/06\/esmeraldas-celebro-con-la-gran-noche-ecuatoriana-los-178-anos-de-provincializacion\/\",\"name\":\"Esmeraldas celebr\u00f3 con la gran \u201cnoche ecuatoriana\u201d los 178 a\u00f1os de provincializaci\u00f3n. - Gobierno Aut\u00f3nomo Descentralizado de la Provincia de Esmeraldas\",\"isPartOf\":{\"@id\":\"https:\/\/prefecturadeesmeraldas.gob.ec\/#website\"},\"primaryImageOfPage\":{\"@id\":\"https:\/\/prefecturadeesmeraldas.gob.ec\/index.php\/2025\/11\/06\/esmeraldas-celebro-con-la-gran-noche-ecuatoriana-los-178-anos-de-provincializacion\/#primaryimage\"},\"image\":{\"@id\":\"https:\/\/prefecturadeesmeraldas.gob.ec\/index.php\/2025\/11\/06\/esmeraldas-celebro-con-la-gran-noche-ecuatoriana-los-178-anos-de-provincializacion\/#primaryimage\"},\"thumbnailUrl\":\"https:\/\/prefecturadeesmeraldas.gob.ec\/wp-content\/uploads\/2025\/11\/WhatsApp-Image-2025-11-02-at-00.21.24.jpeg\",\"datePublished\":\"2025-11-06T18:39:18+00:00\",\"dateModified\":\"2025-11-06T18:41:59+00:00\",\"breadcrumb\":{\"@id\":\"https:\/\/prefecturadeesmeraldas.gob.ec\/index.php\/2025\/11\/06\/esmeraldas-celebro-con-la-gran-noche-ecuatoriana-los-178-anos-de-provincializacion\/#breadcrumb\"},\"inLanguage\":\"es\",\"potentialAction\":[{\"@type\":\"ReadAction\",\"target\":[\"https:\/\/prefecturadeesmeraldas.gob.ec\/index.php\/2025\/11\/06\/esmeraldas-celebro-con-la-gran-noche-ecuatoriana-los-178-anos-de-provincializacion\/\"]}]},{\"@type\":\"ImageObject\",\"inLanguage\":\"es\",\"@id\":\"https:\/\/prefecturadeesmeraldas.gob.ec\/index.php\/2025\/11\/06\/esmeraldas-celebro-con-la-gran-noche-ecuatoriana-los-178-anos-de-provincializacion\/#primaryimage\",\"url\":\"https:\/\/prefecturadeesmeraldas.gob.ec\/wp-content\/uploads\/2025\/11\/WhatsApp-Image-2025-11-02-at-00.21.24.jpeg\",\"contentUrl\":\"https:\/\/prefecturadeesmeraldas.gob.ec\/wp-content\/uploads\/2025\/11\/WhatsApp-Image-2025-11-02-at-00.21.24.jpeg\",\"width\":1600,\"height\":900},{\"@type\":\"BreadcrumbList\",\"@id\":\"https:\/\/prefecturadeesmeraldas.gob.ec\/index.php\/2025\/11\/06\/esmeraldas-celebro-con-la-gran-noche-ecuatoriana-los-178-anos-de-provincializacion\/#breadcrumb\",\"itemListElement\":[{\"@type\":\"ListItem\",\"position\":1,\"name\":\"Home\",\"item\":\"https:\/\/prefecturadeesmeraldas.gob.ec\/\"},{\"@type\":\"ListItem\",\"position\":2,\"name\":\"Esmeraldas celebr\u00f3 con la gran \u201cnoche ecuatoriana\u201d los 178 a\u00f1os de provincializaci\u00f3n.\"}]},{\"@type\":\"WebSite\",\"@id\":\"https:\/\/prefecturadeesmeraldas.gob.ec\/#website\",\"url\":\"https:\/\/prefecturadeesmeraldas.gob.ec\/\",\"name\":\"Gobierno Aut\u00f3nomo Descentralizado de la Provincia de Esmeraldas\",\"description\":\"Gobierno Aut\u00f3nomo Descentralizado de la Provincia de Esmeraldas\",\"publisher\":{\"@id\":\"https:\/\/prefecturadeesmeraldas.gob.ec\/#organization\"},\"potentialAction\":[{\"@type\":\"SearchAction\",\"target\":{\"@type\":\"EntryPoint\",\"urlTemplate\":\"https:\/\/prefecturadeesmeraldas.gob.ec\/?s={search_term_string}\"},\"query-input\":{\"@type\":\"PropertyValueSpecification\",\"valueRequired\":true,\"valueName\":\"search_term_string\"}}],\"inLanguage\":\"es\"},{\"@type\":\"Organization\",\"@id\":\"https:\/\/prefecturadeesmeraldas.gob.ec\/#organization\",\"name\":\"Gobierno Aut\u00f3nomo Descentralizado de la Provincia de Esmeraldas\",\"url\":\"https:\/\/prefecturadeesmeraldas.gob.ec\/\",\"logo\":{\"@type\":\"ImageObject\",\"inLanguage\":\"es\",\"@id\":\"https:\/\/prefecturadeesmeraldas.gob.ec\/#\/schema\/logo\/image\/\",\"url\":\"https:\/\/prefecturadeesmeraldas.gob.ec\/wp-content\/uploads\/2019\/06\/logo.png\",\"contentUrl\":\"https:\/\/prefecturadeesmeraldas.gob.ec\/wp-content\/uploads\/2019\/06\/logo.png\",\"width\":859,\"height\":448,\"caption\":\"Gobierno Aut\u00f3nomo Descentralizado de la Provincia de Esmeraldas\"},\"image\":{\"@id\":\"https:\/\/prefecturadeesmeraldas.gob.ec\/#\/schema\/logo\/image\/\"},\"sameAs\":[\"https:\/\/www.facebook.com\/PrefecturaEsmeraldas\/\"]},{\"@type\":\"Person\",\"@id\":\"https:\/\/prefecturadeesmeraldas.gob.ec\/#\/schema\/person\/b0c9e7b1ead7725994d1e319e8825234\",\"name\":\"Direcci\u00f3n de Comunicaci\u00f3n\",\"image\":{\"@type\":\"ImageObject\",\"inLanguage\":\"es\",\"@id\":\"https:\/\/prefecturadeesmeraldas.gob.ec\/#\/schema\/person\/image\/\",\"url\":\"https:\/\/secure.gravatar.com\/avatar\/74a3870a946f5d774ade3569af61a72308e07ad3346f370c4b468ee2a9858658?s=96&d=mm&r=g\",\"contentUrl\":\"https:\/\/secure.gravatar.com\/avatar\/74a3870a946f5d774ade3569af61a72308e07ad3346f370c4b468ee2a9858658?s=96&d=mm&r=g\",\"caption\":\"Direcci\u00f3n de Comunicaci\u00f3n\"}}]}<\/script>\n<!-- \/ Yoast SEO plugin. -->","yoast_head_json":{"title":"Esmeraldas celebr\u00f3 con la gran \u201cnoche ecuatoriana\u201d los 178 a\u00f1os de provincializaci\u00f3n. - Gobierno Aut\u00f3nomo Descentralizado de la Provincia de Esmeraldas","robots":{"index":"index","follow":"follow","max-snippet":"max-snippet:-1","max-image-preview":"max-image-preview:large","max-video-preview":"max-video-preview:-1"},"canonical":"https:\/\/prefecturadeesmeraldas.gob.ec\/index.php\/2025\/11\/06\/esmeraldas-celebro-con-la-gran-noche-ecuatoriana-los-178-anos-de-provincializacion\/","og_locale":"es_ES","og_type":"article","og_title":"Esmeraldas celebr\u00f3 con la gran \u201cnoche ecuatoriana\u201d los 178 a\u00f1os de provincializaci\u00f3n. - Gobierno Aut\u00f3nomo Descentralizado de la Provincia de Esmeraldas","og_description":"La Prefectura de Esmeraldas conmemora los 178 a\u00f1os de provincializaci\u00f3n y uno de los espect\u00e1culos que abrieron estas celebraciones fue un evento inolvidable que deslumbr\u00f3 a todos los asistentes: la \u201cNoche Ecuatoriana\u201d, una velada que combin\u00f3 arte, m\u00fasica, cultura y tradici\u00f3n en un solo escenario. La cita tuvo lugar en el Malec\u00f3n de las Palmas, [&hellip;]","og_url":"https:\/\/prefecturadeesmeraldas.gob.ec\/index.php\/2025\/11\/06\/esmeraldas-celebro-con-la-gran-noche-ecuatoriana-los-178-anos-de-provincializacion\/","og_site_name":"Gobierno Aut\u00f3nomo Descentralizado de la Provincia de Esmeraldas","article_publisher":"https:\/\/www.facebook.com\/PrefecturaEsmeraldas\/","article_published_time":"2025-11-06T18:39:18+00:00","article_modified_time":"2025-11-06T18:41:59+00:00","og_image":[{"width":1600,"height":900,"url":"https:\/\/prefecturadeesmeraldas.gob.ec\/wp-content\/uploads\/2025\/11\/WhatsApp-Image-2025-11-02-at-00.21.24.jpeg","type":"image\/jpeg"}],"author":"Direcci\u00f3n de Comunicaci\u00f3n","twitter_card":"summary_large_image","twitter_misc":{"Escrito por":"Direcci\u00f3n de Comunicaci\u00f3n","Tiempo de lectura":"2 minutos"},"schema":{"@context":"https:\/\/schema.org","@graph":[{"@type":"Article","@id":"https:\/\/prefecturadeesmeraldas.gob.ec\/index.php\/2025\/11\/06\/esmeraldas-celebro-con-la-gran-noche-ecuatoriana-los-178-anos-de-provincializacion\/#article","isPartOf":{"@id":"https:\/\/prefecturadeesmeraldas.gob.ec\/index.php\/2025\/11\/06\/esmeraldas-celebro-con-la-gran-noche-ecuatoriana-los-178-anos-de-provincializacion\/"},"author":{"name":"Direcci\u00f3n de Comunicaci\u00f3n","@id":"https:\/\/prefecturadeesmeraldas.gob.ec\/#\/schema\/person\/b0c9e7b1ead7725994d1e319e8825234"},"headline":"Esmeraldas celebr\u00f3 con la gran \u201cnoche ecuatoriana\u201d los 178 a\u00f1os de provincializaci\u00f3n.","datePublished":"2025-11-06T18:39:18+00:00","dateModified":"2025-11-06T18:41:59+00:00","mainEntityOfPage":{"@id":"https:\/\/prefecturadeesmeraldas.gob.ec\/index.php\/2025\/11\/06\/esmeraldas-celebro-con-la-gran-noche-ecuatoriana-los-178-anos-de-provincializacion\/"},"wordCount":301,"publisher":{"@id":"https:\/\/prefecturadeesmeraldas.gob.ec\/#organization"},"image":{"@id":"https:\/\/prefecturadeesmeraldas.gob.ec\/index.php\/2025\/11\/06\/esmeraldas-celebro-con-la-gran-noche-ecuatoriana-los-178-anos-de-provincializacion\/#primaryimage"},"thumbnailUrl":"https:\/\/prefecturadeesmeraldas.gob.ec\/wp-content\/uploads\/2025\/11\/WhatsApp-Image-2025-11-02-at-00.21.24.jpeg","articleSection":["Institucional"],"inLanguage":"es"},{"@type":"WebPage","@id":"https:\/\/prefecturadeesmeraldas.gob.ec\/index.php\/2025\/11\/06\/esmeraldas-celebro-con-la-gran-noche-ecuatoriana-los-178-anos-de-provincializacion\/","url":"https:\/\/prefecturadeesmeraldas.gob.ec\/index.php\/2025\/11\/06\/esmeraldas-celebro-con-la-gran-noche-ecuatoriana-los-178-anos-de-provincializacion\/","name":"Esmeraldas celebr\u00f3 con la gran \u201cnoche ecuatoriana\u201d los 178 a\u00f1os de provincializaci\u00f3n. - Gobierno Aut\u00f3nomo Descentralizado de la Provincia de Esmeraldas","isPartOf":{"@id":"https:\/\/prefecturadeesmeraldas.gob.ec\/#website"},"primaryImageOfPage":{"@id":"https:\/\/prefecturadeesmeraldas.gob.ec\/index.php\/2025\/11\/06\/esmeraldas-celebro-con-la-gran-noche-ecuatoriana-los-178-anos-de-provincializacion\/#primaryimage"},"image":{"@id":"https:\/\/prefecturadeesmeraldas.gob.ec\/index.php\/2025\/11\/06\/esmeraldas-celebro-con-la-gran-noche-ecuatoriana-los-178-anos-de-provincializacion\/#primaryimage"},"thumbnailUrl":"https:\/\/prefecturadeesmeraldas.gob.ec\/wp-content\/uploads\/2025\/11\/WhatsApp-Image-2025-11-02-at-00.21.24.jpeg","datePublished":"2025-11-06T18:39:18+00:00","dateModified":"2025-11-06T18:41:59+00:00","breadcrumb":{"@id":"https:\/\/prefecturadeesmeraldas.gob.ec\/index.php\/2025\/11\/06\/esmeraldas-celebro-con-la-gran-noche-ecuatoriana-los-178-anos-de-provincializacion\/#breadcrumb"},"inLanguage":"es","potentialAction":[{"@type":"ReadAction","target":["https:\/\/prefecturadeesmeraldas.gob.ec\/index.php\/2025\/11\/06\/esmeraldas-celebro-con-la-gran-noche-ecuatoriana-los-178-anos-de-provincializacion\/"]}]},{"@type":"ImageObject","inLanguage":"es","@id":"https:\/\/prefecturadeesmeraldas.gob.ec\/index.php\/2025\/11\/06\/esmeraldas-celebro-con-la-gran-noche-ecuatoriana-los-178-anos-de-provincializacion\/#primaryimage","url":"https:\/\/prefecturadeesmeraldas.gob.ec\/wp-content\/uploads\/2025\/11\/WhatsApp-Image-2025-11-02-at-00.21.24.jpeg","contentUrl":"https:\/\/prefecturadeesmeraldas.gob.ec\/wp-content\/uploads\/2025\/11\/WhatsApp-Image-2025-11-02-at-00.21.24.jpeg","width":1600,"height":900},{"@type":"BreadcrumbList","@id":"https:\/\/prefecturadeesmeraldas.gob.ec\/index.php\/2025\/11\/06\/esmeraldas-celebro-con-la-gran-noche-ecuatoriana-los-178-anos-de-provincializacion\/#breadcrumb","itemListElement":[{"@type":"ListItem","position":1,"name":"Home","item":"https:\/\/prefecturadeesmeraldas.gob.ec\/"},{"@type":"ListItem","position":2,"name":"Esmeraldas celebr\u00f3 con la gran \u201cnoche ecuatoriana\u201d los 178 a\u00f1os de provincializaci\u00f3n."}]},{"@type":"WebSite","@id":"https:\/\/prefecturadeesmeraldas.gob.ec\/#website","url":"https:\/\/prefecturadeesmeraldas.gob.ec\/","name":"Gobierno Aut\u00f3nomo Descentralizado de la Provincia de Esmeraldas","description":"Gobierno Aut\u00f3nomo Descentralizado de la Provincia de Esmeraldas","publisher":{"@id":"https:\/\/prefecturadeesmeraldas.gob.ec\/#organization"},"potentialAction":[{"@type":"SearchAction","target":{"@type":"EntryPoint","urlTemplate":"https:\/\/prefecturadeesmeraldas.gob.ec\/?s={search_term_string}"},"query-input":{"@type":"PropertyValueSpecification","valueRequired":true,"valueName":"search_term_string"}}],"inLanguage":"es"},{"@type":"Organization","@id":"https:\/\/prefecturadeesmeraldas.gob.ec\/#organization","name":"Gobierno Aut\u00f3nomo Descentralizado de la Provincia de Esmeraldas","url":"https:\/\/prefecturadeesmeraldas.gob.ec\/","logo":{"@type":"ImageObject","inLanguage":"es","@id":"https:\/\/prefecturadeesmeraldas.gob.ec\/#\/schema\/logo\/image\/","url":"https:\/\/prefecturadeesmeraldas.gob.ec\/wp-content\/uploads\/2019\/06\/logo.png","contentUrl":"https:\/\/prefecturadeesmeraldas.gob.ec\/wp-content\/uploads\/2019\/06\/logo.png","width":859,"height":448,"caption":"Gobierno Aut\u00f3nomo Descentralizado de la Provincia de Esmeraldas"},"image":{"@id":"https:\/\/prefecturadeesmeraldas.gob.ec\/#\/schema\/logo\/image\/"},"sameAs":["https:\/\/www.facebook.com\/PrefecturaEsmeraldas\/"]},{"@type":"Person","@id":"https:\/\/prefecturadeesmeraldas.gob.ec\/#\/schema\/person\/b0c9e7b1ead7725994d1e319e8825234","name":"Direcci\u00f3n de Comunicaci\u00f3n","image":{"@type":"ImageObject","inLanguage":"es","@id":"https:\/\/prefecturadeesmeraldas.gob.ec\/#\/schema\/person\/image\/","url":"https:\/\/secure.gravatar.com\/avatar\/74a3870a946f5d774ade3569af61a72308e07ad3346f370c4b468ee2a9858658?s=96&d=mm&r=g","contentUrl":"https:\/\/secure.gravatar.com\/avatar\/74a3870a946f5d774ade3569af61a72308e07ad3346f370c4b468ee2a9858658?s=96&d=mm&r=g","caption":"Direcci\u00f3n de Comunicaci\u00f3n"}}]}},"_links":{"self":[{"href":"https:\/\/prefecturadeesmeraldas.gob.ec\/index.php\/wp-json\/wp\/v2\/posts\/31941","targetHints":{"allow":["GET"]}}],"collection":[{"href":"https:\/\/prefecturadeesmeraldas.gob.ec\/index.php\/wp-json\/wp\/v2\/posts"}],"about":[{"href":"https:\/\/prefecturadeesmeraldas.gob.ec\/index.php\/wp-json\/wp\/v2\/types\/post"}],"author":[{"embeddable":true,"href":"https:\/\/prefecturadeesmeraldas.gob.ec\/index.php\/wp-json\/wp\/v2\/users\/2"}],"replies":[{"embeddable":true,"href":"https:\/\/prefecturadeesmeraldas.gob.ec\/index.php\/wp-json\/wp\/v2\/comments?post=31941"}],"version-history":[{"count":7,"href":"https:\/\/prefecturadeesmeraldas.gob.ec\/index.php\/wp-json\/wp\/v2\/posts\/31941\/revisions"}],"predecessor-version":[{"id":31951,"href":"https:\/\/prefecturadeesmeraldas.gob.ec\/index.php\/wp-json\/wp\/v2\/posts\/31941\/revisions\/31951"}],"wp:featuredmedia":[{"embeddable":true,"href":"https:\/\/prefecturadeesmeraldas.gob.ec\/index.php\/wp-json\/wp\/v2\/media\/31943"}],"wp:attachment":[{"href":"https:\/\/prefecturadeesmeraldas.gob.ec\/index.php\/wp-json\/wp\/v2\/media?parent=31941"}],"wp:term":[{"taxonomy":"category","embeddable":true,"href":"https:\/\/prefecturadeesmeraldas.gob.ec\/index.php\/wp-json\/wp\/v2\/categories?post=31941"},{"taxonomy":"post_tag","embeddable":true,"href":"https:\/\/prefecturadeesmeraldas.gob.ec\/index.php\/wp-json\/wp\/v2\/tags?post=31941"}],"curies":[{"name":"wp","href":"https:\/\/api.w.org\/{rel}","templated":true}]}}