{"id":30880,"date":"2025-08-08T10:46:26","date_gmt":"2025-08-08T15:46:26","guid":{"rendered":"https:\/\/prefecturadeesmeraldas.gob.ec\/?p=30880"},"modified":"2025-08-08T10:48:46","modified_gmt":"2025-08-08T15:48:46","slug":"prefectura-de-esmeraldas-y-municipio-de-atacames-colocan-la-primera-piedra-para-la-construccion-del-puente-en-nueva-esperanza","status":"publish","type":"post","link":"https:\/\/prefecturadeesmeraldas.gob.ec\/index.php\/2025\/08\/08\/prefectura-de-esmeraldas-y-municipio-de-atacames-colocan-la-primera-piedra-para-la-construccion-del-puente-en-nueva-esperanza\/","title":{"rendered":"Prefectura de Esmeraldas y municipio de Atacames colocan la primera piedra para la construcci\u00f3n del puente en Nueva Esperanza."},"content":{"rendered":"\t\t<div data-elementor-type=\"wp-post\" data-elementor-id=\"30880\" class=\"elementor elementor-30880\">\n\t\t\t\t<div class=\"elementor-element elementor-element-3b2ffb1 e-flex e-con-boxed e-con e-parent\" data-id=\"3b2ffb1\" data-element_type=\"container\">\n\t\t\t\t\t<div class=\"e-con-inner\">\n\t\t\t\t<div class=\"elementor-element elementor-element-76094c3 elementor-widget elementor-widget-image\" data-id=\"76094c3\" data-element_type=\"widget\" data-widget_type=\"image.default\">\n\t\t\t\t<div class=\"elementor-widget-container\">\n\t\t\t\t\t\t\t\t\t\t\t\t\t\t\t<img fetchpriority=\"high\" decoding=\"async\" width=\"1280\" height=\"1280\" src=\"https:\/\/prefecturadeesmeraldas.gob.ec\/wp-content\/uploads\/2025\/08\/WhatsApp-Image-2025-08-01-at-17.55.55-1.jpeg\" class=\"attachment-large size-large wp-image-30883\" alt=\"\" srcset=\"https:\/\/prefecturadeesmeraldas.gob.ec\/wp-content\/uploads\/2025\/08\/WhatsApp-Image-2025-08-01-at-17.55.55-1.jpeg 1280w, https:\/\/prefecturadeesmeraldas.gob.ec\/wp-content\/uploads\/2025\/08\/WhatsApp-Image-2025-08-01-at-17.55.55-1-300x300.jpeg 300w, https:\/\/prefecturadeesmeraldas.gob.ec\/wp-content\/uploads\/2025\/08\/WhatsApp-Image-2025-08-01-at-17.55.55-1-150x150.jpeg 150w, https:\/\/prefecturadeesmeraldas.gob.ec\/wp-content\/uploads\/2025\/08\/WhatsApp-Image-2025-08-01-at-17.55.55-1-768x768.jpeg 768w, https:\/\/prefecturadeesmeraldas.gob.ec\/wp-content\/uploads\/2025\/08\/WhatsApp-Image-2025-08-01-at-17.55.55-1-440x440.jpeg 440w, https:\/\/prefecturadeesmeraldas.gob.ec\/wp-content\/uploads\/2025\/08\/WhatsApp-Image-2025-08-01-at-17.55.55-1-180x180.jpeg 180w, https:\/\/prefecturadeesmeraldas.gob.ec\/wp-content\/uploads\/2025\/08\/WhatsApp-Image-2025-08-01-at-17.55.55-1-120x120.jpeg 120w\" sizes=\"(max-width: 1280px) 100vw, 1280px\" \/>\t\t\t\t\t\t\t\t\t\t\t\t\t\t\t<\/div>\n\t\t\t\t<\/div>\n\t\t\t\t\t<\/div>\n\t\t\t\t<\/div>\n\t\t<div class=\"elementor-element elementor-element-abd9804 e-flex e-con-boxed e-con e-parent\" data-id=\"abd9804\" data-element_type=\"container\">\n\t\t\t\t\t<div class=\"e-con-inner\">\n\t\t\t\t<div class=\"elementor-element elementor-element-3304a27 elementor-widget elementor-widget-text-editor\" data-id=\"3304a27\" data-element_type=\"widget\" data-widget_type=\"text-editor.default\">\n\t\t\t\t<div class=\"elementor-widget-container\">\n\t\t\t\t\t\t\t\t\t<p>La Prefectura de Esmeraldas, liderada por la abogada Roberta Zambrano, en coordinaci\u00f3n con el Municipio de Atacames, dio inicio a la construcci\u00f3n de un puente de 60 metros sobre el r\u00edo Atacames, ubicado en el sector Nueva Esperanza. La colocaci\u00f3n de la primera piedra marca el inicio de una obra que beneficiar\u00e1 directamente a m\u00e1s de 20.000 habitantes, mejorando la conectividad, facilitando el tr\u00e1nsito y funcionando como ruta alterna de evacuaci\u00f3n en casos de emergencia.<\/p><p>El proyecto, que surge como resultado de un convenio interinstitucional, responde a un compromiso adquirido con la comunidad, que por a\u00f1os hab\u00eda esperado esta soluci\u00f3n para la movilidad de los barrios aleda\u00f1os y zonas rurales del cant\u00f3n, se\u00f1al\u00f3 la prefecta <strong>Roberta Zambrano<\/strong>.<\/p><p>Por su parte, el alcalde de Atacames, <strong>Williams Mendoza<\/strong>, destac\u00f3 el cumplimiento de un anhelo hist\u00f3rico para la comunidad, que se ha logrado gracias a la unidad de las autoridades.<\/p><p>Los representantes barriales tambi\u00e9n manifestaron su agradecimiento por este importante avance. <strong>Lenin Cox<\/strong>, presidente del barrio Victoria de Dios, y <strong>John Carre\u00f1o<\/strong>, presidente del barrio Nueva Esperanza, coincidieron en que la construcci\u00f3n del puente representa un sue\u00f1o cumplido para cientos de familias que necesitaban una soluci\u00f3n vial urgente.<\/p><p>Asimismo, <strong>Martha Mes\u00edas<\/strong>, integrante de la Asociaci\u00f3n Unidos Venceremos, resalt\u00f3 la relevancia social del proyecto.<\/p><p>La colocaci\u00f3n de la primera piedra simboliza el inicio de un proceso de transformaci\u00f3n para Nueva Esperanza y sus alrededores, fortaleciendo la integraci\u00f3n de comunidades, la seguridad y el desarrollo del cant\u00f3n Atacames. <\/p>\t\t\t\t\t\t\t\t<\/div>\n\t\t\t\t<\/div>\n\t\t\t\t\t<\/div>\n\t\t\t\t<\/div>\n\t\t\t\t<\/div>\n\t\t","protected":false},"excerpt":{"rendered":"<p>La Prefectura de Esmeraldas, liderada por la abogada Roberta Zambrano, en coordinaci\u00f3n con el Municipio de Atacames, dio inicio a la construcci\u00f3n de un puente de 60 metros sobre el r\u00edo Atacames, ubicado en el sector Nueva Esperanza. La colocaci\u00f3n de la primera piedra marca el inicio de una obra que beneficiar\u00e1 directamente a m\u00e1s [&hellip;]<\/p>\n","protected":false},"author":2,"featured_media":30882,"comment_status":"closed","ping_status":"open","sticky":false,"template":"","format":"standard","meta":{"footnotes":""},"categories":[14],"tags":[],"class_list":["post-30880","post","type-post","status-publish","format-standard","has-post-thumbnail","hentry","category-vialidad"],"yoast_head":"<!-- This site is optimized with the Yoast SEO plugin v25.7 - https:\/\/yoast.com\/wordpress\/plugins\/seo\/ -->\n<title>Prefectura de Esmeraldas y municipio de Atacames colocan la primera piedra para la construcci\u00f3n del puente en Nueva Esperanza. - Gobierno Aut\u00f3nomo Descentralizado de la Provincia de Esmeraldas<\/title>\n<meta name=\"robots\" content=\"index, follow, max-snippet:-1, max-image-preview:large, max-video-preview:-1\" \/>\n<link rel=\"canonical\" href=\"https:\/\/prefecturadeesmeraldas.gob.ec\/index.php\/2025\/08\/08\/prefectura-de-esmeraldas-y-municipio-de-atacames-colocan-la-primera-piedra-para-la-construccion-del-puente-en-nueva-esperanza\/\" \/>\n<meta property=\"og:locale\" content=\"es_ES\" \/>\n<meta property=\"og:type\" content=\"article\" \/>\n<meta property=\"og:title\" content=\"Prefectura de Esmeraldas y municipio de Atacames colocan la primera piedra para la construcci\u00f3n del puente en Nueva Esperanza. - Gobierno Aut\u00f3nomo Descentralizado de la Provincia de Esmeraldas\" \/>\n<meta property=\"og:description\" content=\"La Prefectura de Esmeraldas, liderada por la abogada Roberta Zambrano, en coordinaci\u00f3n con el Municipio de Atacames, dio inicio a la construcci\u00f3n de un puente de 60 metros sobre el r\u00edo Atacames, ubicado en el sector Nueva Esperanza. La colocaci\u00f3n de la primera piedra marca el inicio de una obra que beneficiar\u00e1 directamente a m\u00e1s [&hellip;]\" \/>\n<meta property=\"og:url\" content=\"https:\/\/prefecturadeesmeraldas.gob.ec\/index.php\/2025\/08\/08\/prefectura-de-esmeraldas-y-municipio-de-atacames-colocan-la-primera-piedra-para-la-construccion-del-puente-en-nueva-esperanza\/\" \/>\n<meta property=\"og:site_name\" content=\"Gobierno Aut\u00f3nomo Descentralizado de la Provincia de Esmeraldas\" \/>\n<meta property=\"article:publisher\" content=\"https:\/\/www.facebook.com\/PrefecturaEsmeraldas\/\" \/>\n<meta property=\"article:published_time\" content=\"2025-08-08T15:46:26+00:00\" \/>\n<meta property=\"article:modified_time\" content=\"2025-08-08T15:48:46+00:00\" \/>\n<meta property=\"og:image\" content=\"https:\/\/prefecturadeesmeraldas.gob.ec\/wp-content\/uploads\/2025\/08\/WhatsApp-Image-2025-08-01-at-17.55.55.jpeg\" \/>\n\t<meta property=\"og:image:width\" content=\"1082\" \/>\n\t<meta property=\"og:image:height\" content=\"870\" \/>\n\t<meta property=\"og:image:type\" content=\"image\/jpeg\" \/>\n<meta name=\"author\" content=\"Direcci\u00f3n de Comunicaci\u00f3n\" \/>\n<meta name=\"twitter:card\" content=\"summary_large_image\" \/>\n<meta name=\"twitter:label1\" content=\"Escrito por\" \/>\n\t<meta name=\"twitter:data1\" content=\"Direcci\u00f3n de Comunicaci\u00f3n\" \/>\n\t<meta name=\"twitter:label2\" content=\"Tiempo de lectura\" \/>\n\t<meta name=\"twitter:data2\" content=\"2 minutos\" \/>\n<script type=\"application\/ld+json\" class=\"yoast-schema-graph\">{\"@context\":\"https:\/\/schema.org\",\"@graph\":[{\"@type\":\"Article\",\"@id\":\"https:\/\/prefecturadeesmeraldas.gob.ec\/index.php\/2025\/08\/08\/prefectura-de-esmeraldas-y-municipio-de-atacames-colocan-la-primera-piedra-para-la-construccion-del-puente-en-nueva-esperanza\/#article\",\"isPartOf\":{\"@id\":\"https:\/\/prefecturadeesmeraldas.gob.ec\/index.php\/2025\/08\/08\/prefectura-de-esmeraldas-y-municipio-de-atacames-colocan-la-primera-piedra-para-la-construccion-del-puente-en-nueva-esperanza\/\"},\"author\":{\"name\":\"Direcci\u00f3n de Comunicaci\u00f3n\",\"@id\":\"https:\/\/prefecturadeesmeraldas.gob.ec\/#\/schema\/person\/b0c9e7b1ead7725994d1e319e8825234\"},\"headline\":\"Prefectura de Esmeraldas y municipio de Atacames colocan la primera piedra para la construcci\u00f3n del puente en Nueva Esperanza.\",\"datePublished\":\"2025-08-08T15:46:26+00:00\",\"dateModified\":\"2025-08-08T15:48:46+00:00\",\"mainEntityOfPage\":{\"@id\":\"https:\/\/prefecturadeesmeraldas.gob.ec\/index.php\/2025\/08\/08\/prefectura-de-esmeraldas-y-municipio-de-atacames-colocan-la-primera-piedra-para-la-construccion-del-puente-en-nueva-esperanza\/\"},\"wordCount\":286,\"publisher\":{\"@id\":\"https:\/\/prefecturadeesmeraldas.gob.ec\/#organization\"},\"image\":{\"@id\":\"https:\/\/prefecturadeesmeraldas.gob.ec\/index.php\/2025\/08\/08\/prefectura-de-esmeraldas-y-municipio-de-atacames-colocan-la-primera-piedra-para-la-construccion-del-puente-en-nueva-esperanza\/#primaryimage\"},\"thumbnailUrl\":\"https:\/\/prefecturadeesmeraldas.gob.ec\/wp-content\/uploads\/2025\/08\/WhatsApp-Image-2025-08-01-at-17.55.55.jpeg\",\"articleSection\":[\"Vialidad\"],\"inLanguage\":\"es\"},{\"@type\":\"WebPage\",\"@id\":\"https:\/\/prefecturadeesmeraldas.gob.ec\/index.php\/2025\/08\/08\/prefectura-de-esmeraldas-y-municipio-de-atacames-colocan-la-primera-piedra-para-la-construccion-del-puente-en-nueva-esperanza\/\",\"url\":\"https:\/\/prefecturadeesmeraldas.gob.ec\/index.php\/2025\/08\/08\/prefectura-de-esmeraldas-y-municipio-de-atacames-colocan-la-primera-piedra-para-la-construccion-del-puente-en-nueva-esperanza\/\",\"name\":\"Prefectura de Esmeraldas y municipio de Atacames colocan la primera piedra para la construcci\u00f3n del puente en Nueva Esperanza. - Gobierno Aut\u00f3nomo Descentralizado de la Provincia de Esmeraldas\",\"isPartOf\":{\"@id\":\"https:\/\/prefecturadeesmeraldas.gob.ec\/#website\"},\"primaryImageOfPage\":{\"@id\":\"https:\/\/prefecturadeesmeraldas.gob.ec\/index.php\/2025\/08\/08\/prefectura-de-esmeraldas-y-municipio-de-atacames-colocan-la-primera-piedra-para-la-construccion-del-puente-en-nueva-esperanza\/#primaryimage\"},\"image\":{\"@id\":\"https:\/\/prefecturadeesmeraldas.gob.ec\/index.php\/2025\/08\/08\/prefectura-de-esmeraldas-y-municipio-de-atacames-colocan-la-primera-piedra-para-la-construccion-del-puente-en-nueva-esperanza\/#primaryimage\"},\"thumbnailUrl\":\"https:\/\/prefecturadeesmeraldas.gob.ec\/wp-content\/uploads\/2025\/08\/WhatsApp-Image-2025-08-01-at-17.55.55.jpeg\",\"datePublished\":\"2025-08-08T15:46:26+00:00\",\"dateModified\":\"2025-08-08T15:48:46+00:00\",\"breadcrumb\":{\"@id\":\"https:\/\/prefecturadeesmeraldas.gob.ec\/index.php\/2025\/08\/08\/prefectura-de-esmeraldas-y-municipio-de-atacames-colocan-la-primera-piedra-para-la-construccion-del-puente-en-nueva-esperanza\/#breadcrumb\"},\"inLanguage\":\"es\",\"potentialAction\":[{\"@type\":\"ReadAction\",\"target\":[\"https:\/\/prefecturadeesmeraldas.gob.ec\/index.php\/2025\/08\/08\/prefectura-de-esmeraldas-y-municipio-de-atacames-colocan-la-primera-piedra-para-la-construccion-del-puente-en-nueva-esperanza\/\"]}]},{\"@type\":\"ImageObject\",\"inLanguage\":\"es\",\"@id\":\"https:\/\/prefecturadeesmeraldas.gob.ec\/index.php\/2025\/08\/08\/prefectura-de-esmeraldas-y-municipio-de-atacames-colocan-la-primera-piedra-para-la-construccion-del-puente-en-nueva-esperanza\/#primaryimage\",\"url\":\"https:\/\/prefecturadeesmeraldas.gob.ec\/wp-content\/uploads\/2025\/08\/WhatsApp-Image-2025-08-01-at-17.55.55.jpeg\",\"contentUrl\":\"https:\/\/prefecturadeesmeraldas.gob.ec\/wp-content\/uploads\/2025\/08\/WhatsApp-Image-2025-08-01-at-17.55.55.jpeg\",\"width\":1082,\"height\":870},{\"@type\":\"BreadcrumbList\",\"@id\":\"https:\/\/prefecturadeesmeraldas.gob.ec\/index.php\/2025\/08\/08\/prefectura-de-esmeraldas-y-municipio-de-atacames-colocan-la-primera-piedra-para-la-construccion-del-puente-en-nueva-esperanza\/#breadcrumb\",\"itemListElement\":[{\"@type\":\"ListItem\",\"position\":1,\"name\":\"Home\",\"item\":\"https:\/\/prefecturadeesmeraldas.gob.ec\/\"},{\"@type\":\"ListItem\",\"position\":2,\"name\":\"Prefectura de Esmeraldas y municipio de Atacames colocan la primera piedra para la construcci\u00f3n del puente en Nueva Esperanza.\"}]},{\"@type\":\"WebSite\",\"@id\":\"https:\/\/prefecturadeesmeraldas.gob.ec\/#website\",\"url\":\"https:\/\/prefecturadeesmeraldas.gob.ec\/\",\"name\":\"Gobierno Aut\u00f3nomo Descentralizado de la Provincia de Esmeraldas\",\"description\":\"Gobierno Aut\u00f3nomo Descentralizado de la Provincia de Esmeraldas\",\"publisher\":{\"@id\":\"https:\/\/prefecturadeesmeraldas.gob.ec\/#organization\"},\"potentialAction\":[{\"@type\":\"SearchAction\",\"target\":{\"@type\":\"EntryPoint\",\"urlTemplate\":\"https:\/\/prefecturadeesmeraldas.gob.ec\/?s={search_term_string}\"},\"query-input\":{\"@type\":\"PropertyValueSpecification\",\"valueRequired\":true,\"valueName\":\"search_term_string\"}}],\"inLanguage\":\"es\"},{\"@type\":\"Organization\",\"@id\":\"https:\/\/prefecturadeesmeraldas.gob.ec\/#organization\",\"name\":\"Gobierno Aut\u00f3nomo Descentralizado de la Provincia de Esmeraldas\",\"url\":\"https:\/\/prefecturadeesmeraldas.gob.ec\/\",\"logo\":{\"@type\":\"ImageObject\",\"inLanguage\":\"es\",\"@id\":\"https:\/\/prefecturadeesmeraldas.gob.ec\/#\/schema\/logo\/image\/\",\"url\":\"https:\/\/prefecturadeesmeraldas.gob.ec\/wp-content\/uploads\/2019\/06\/logo.png\",\"contentUrl\":\"https:\/\/prefecturadeesmeraldas.gob.ec\/wp-content\/uploads\/2019\/06\/logo.png\",\"width\":859,\"height\":448,\"caption\":\"Gobierno Aut\u00f3nomo Descentralizado de la Provincia de Esmeraldas\"},\"image\":{\"@id\":\"https:\/\/prefecturadeesmeraldas.gob.ec\/#\/schema\/logo\/image\/\"},\"sameAs\":[\"https:\/\/www.facebook.com\/PrefecturaEsmeraldas\/\"]},{\"@type\":\"Person\",\"@id\":\"https:\/\/prefecturadeesmeraldas.gob.ec\/#\/schema\/person\/b0c9e7b1ead7725994d1e319e8825234\",\"name\":\"Direcci\u00f3n de Comunicaci\u00f3n\",\"image\":{\"@type\":\"ImageObject\",\"inLanguage\":\"es\",\"@id\":\"https:\/\/prefecturadeesmeraldas.gob.ec\/#\/schema\/person\/image\/\",\"url\":\"https:\/\/secure.gravatar.com\/avatar\/74a3870a946f5d774ade3569af61a72308e07ad3346f370c4b468ee2a9858658?s=96&d=mm&r=g\",\"contentUrl\":\"https:\/\/secure.gravatar.com\/avatar\/74a3870a946f5d774ade3569af61a72308e07ad3346f370c4b468ee2a9858658?s=96&d=mm&r=g\",\"caption\":\"Direcci\u00f3n de Comunicaci\u00f3n\"}}]}<\/script>\n<!-- \/ Yoast SEO plugin. -->","yoast_head_json":{"title":"Prefectura de Esmeraldas y municipio de Atacames colocan la primera piedra para la construcci\u00f3n del puente en Nueva Esperanza. - Gobierno Aut\u00f3nomo Descentralizado de la Provincia de Esmeraldas","robots":{"index":"index","follow":"follow","max-snippet":"max-snippet:-1","max-image-preview":"max-image-preview:large","max-video-preview":"max-video-preview:-1"},"canonical":"https:\/\/prefecturadeesmeraldas.gob.ec\/index.php\/2025\/08\/08\/prefectura-de-esmeraldas-y-municipio-de-atacames-colocan-la-primera-piedra-para-la-construccion-del-puente-en-nueva-esperanza\/","og_locale":"es_ES","og_type":"article","og_title":"Prefectura de Esmeraldas y municipio de Atacames colocan la primera piedra para la construcci\u00f3n del puente en Nueva Esperanza. - Gobierno Aut\u00f3nomo Descentralizado de la Provincia de Esmeraldas","og_description":"La Prefectura de Esmeraldas, liderada por la abogada Roberta Zambrano, en coordinaci\u00f3n con el Municipio de Atacames, dio inicio a la construcci\u00f3n de un puente de 60 metros sobre el r\u00edo Atacames, ubicado en el sector Nueva Esperanza. La colocaci\u00f3n de la primera piedra marca el inicio de una obra que beneficiar\u00e1 directamente a m\u00e1s [&hellip;]","og_url":"https:\/\/prefecturadeesmeraldas.gob.ec\/index.php\/2025\/08\/08\/prefectura-de-esmeraldas-y-municipio-de-atacames-colocan-la-primera-piedra-para-la-construccion-del-puente-en-nueva-esperanza\/","og_site_name":"Gobierno Aut\u00f3nomo Descentralizado de la Provincia de Esmeraldas","article_publisher":"https:\/\/www.facebook.com\/PrefecturaEsmeraldas\/","article_published_time":"2025-08-08T15:46:26+00:00","article_modified_time":"2025-08-08T15:48:46+00:00","og_image":[{"width":1082,"height":870,"url":"https:\/\/prefecturadeesmeraldas.gob.ec\/wp-content\/uploads\/2025\/08\/WhatsApp-Image-2025-08-01-at-17.55.55.jpeg","type":"image\/jpeg"}],"author":"Direcci\u00f3n de Comunicaci\u00f3n","twitter_card":"summary_large_image","twitter_misc":{"Escrito por":"Direcci\u00f3n de Comunicaci\u00f3n","Tiempo de lectura":"2 minutos"},"schema":{"@context":"https:\/\/schema.org","@graph":[{"@type":"Article","@id":"https:\/\/prefecturadeesmeraldas.gob.ec\/index.php\/2025\/08\/08\/prefectura-de-esmeraldas-y-municipio-de-atacames-colocan-la-primera-piedra-para-la-construccion-del-puente-en-nueva-esperanza\/#article","isPartOf":{"@id":"https:\/\/prefecturadeesmeraldas.gob.ec\/index.php\/2025\/08\/08\/prefectura-de-esmeraldas-y-municipio-de-atacames-colocan-la-primera-piedra-para-la-construccion-del-puente-en-nueva-esperanza\/"},"author":{"name":"Direcci\u00f3n de Comunicaci\u00f3n","@id":"https:\/\/prefecturadeesmeraldas.gob.ec\/#\/schema\/person\/b0c9e7b1ead7725994d1e319e8825234"},"headline":"Prefectura de Esmeraldas y municipio de Atacames colocan la primera piedra para la construcci\u00f3n del puente en Nueva Esperanza.","datePublished":"2025-08-08T15:46:26+00:00","dateModified":"2025-08-08T15:48:46+00:00","mainEntityOfPage":{"@id":"https:\/\/prefecturadeesmeraldas.gob.ec\/index.php\/2025\/08\/08\/prefectura-de-esmeraldas-y-municipio-de-atacames-colocan-la-primera-piedra-para-la-construccion-del-puente-en-nueva-esperanza\/"},"wordCount":286,"publisher":{"@id":"https:\/\/prefecturadeesmeraldas.gob.ec\/#organization"},"image":{"@id":"https:\/\/prefecturadeesmeraldas.gob.ec\/index.php\/2025\/08\/08\/prefectura-de-esmeraldas-y-municipio-de-atacames-colocan-la-primera-piedra-para-la-construccion-del-puente-en-nueva-esperanza\/#primaryimage"},"thumbnailUrl":"https:\/\/prefecturadeesmeraldas.gob.ec\/wp-content\/uploads\/2025\/08\/WhatsApp-Image-2025-08-01-at-17.55.55.jpeg","articleSection":["Vialidad"],"inLanguage":"es"},{"@type":"WebPage","@id":"https:\/\/prefecturadeesmeraldas.gob.ec\/index.php\/2025\/08\/08\/prefectura-de-esmeraldas-y-municipio-de-atacames-colocan-la-primera-piedra-para-la-construccion-del-puente-en-nueva-esperanza\/","url":"https:\/\/prefecturadeesmeraldas.gob.ec\/index.php\/2025\/08\/08\/prefectura-de-esmeraldas-y-municipio-de-atacames-colocan-la-primera-piedra-para-la-construccion-del-puente-en-nueva-esperanza\/","name":"Prefectura de Esmeraldas y municipio de Atacames colocan la primera piedra para la construcci\u00f3n del puente en Nueva Esperanza. - Gobierno Aut\u00f3nomo Descentralizado de la Provincia de Esmeraldas","isPartOf":{"@id":"https:\/\/prefecturadeesmeraldas.gob.ec\/#website"},"primaryImageOfPage":{"@id":"https:\/\/prefecturadeesmeraldas.gob.ec\/index.php\/2025\/08\/08\/prefectura-de-esmeraldas-y-municipio-de-atacames-colocan-la-primera-piedra-para-la-construccion-del-puente-en-nueva-esperanza\/#primaryimage"},"image":{"@id":"https:\/\/prefecturadeesmeraldas.gob.ec\/index.php\/2025\/08\/08\/prefectura-de-esmeraldas-y-municipio-de-atacames-colocan-la-primera-piedra-para-la-construccion-del-puente-en-nueva-esperanza\/#primaryimage"},"thumbnailUrl":"https:\/\/prefecturadeesmeraldas.gob.ec\/wp-content\/uploads\/2025\/08\/WhatsApp-Image-2025-08-01-at-17.55.55.jpeg","datePublished":"2025-08-08T15:46:26+00:00","dateModified":"2025-08-08T15:48:46+00:00","breadcrumb":{"@id":"https:\/\/prefecturadeesmeraldas.gob.ec\/index.php\/2025\/08\/08\/prefectura-de-esmeraldas-y-municipio-de-atacames-colocan-la-primera-piedra-para-la-construccion-del-puente-en-nueva-esperanza\/#breadcrumb"},"inLanguage":"es","potentialAction":[{"@type":"ReadAction","target":["https:\/\/prefecturadeesmeraldas.gob.ec\/index.php\/2025\/08\/08\/prefectura-de-esmeraldas-y-municipio-de-atacames-colocan-la-primera-piedra-para-la-construccion-del-puente-en-nueva-esperanza\/"]}]},{"@type":"ImageObject","inLanguage":"es","@id":"https:\/\/prefecturadeesmeraldas.gob.ec\/index.php\/2025\/08\/08\/prefectura-de-esmeraldas-y-municipio-de-atacames-colocan-la-primera-piedra-para-la-construccion-del-puente-en-nueva-esperanza\/#primaryimage","url":"https:\/\/prefecturadeesmeraldas.gob.ec\/wp-content\/uploads\/2025\/08\/WhatsApp-Image-2025-08-01-at-17.55.55.jpeg","contentUrl":"https:\/\/prefecturadeesmeraldas.gob.ec\/wp-content\/uploads\/2025\/08\/WhatsApp-Image-2025-08-01-at-17.55.55.jpeg","width":1082,"height":870},{"@type":"BreadcrumbList","@id":"https:\/\/prefecturadeesmeraldas.gob.ec\/index.php\/2025\/08\/08\/prefectura-de-esmeraldas-y-municipio-de-atacames-colocan-la-primera-piedra-para-la-construccion-del-puente-en-nueva-esperanza\/#breadcrumb","itemListElement":[{"@type":"ListItem","position":1,"name":"Home","item":"https:\/\/prefecturadeesmeraldas.gob.ec\/"},{"@type":"ListItem","position":2,"name":"Prefectura de Esmeraldas y municipio de Atacames colocan la primera piedra para la construcci\u00f3n del puente en Nueva Esperanza."}]},{"@type":"WebSite","@id":"https:\/\/prefecturadeesmeraldas.gob.ec\/#website","url":"https:\/\/prefecturadeesmeraldas.gob.ec\/","name":"Gobierno Aut\u00f3nomo Descentralizado de la Provincia de Esmeraldas","description":"Gobierno Aut\u00f3nomo Descentralizado de la Provincia de Esmeraldas","publisher":{"@id":"https:\/\/prefecturadeesmeraldas.gob.ec\/#organization"},"potentialAction":[{"@type":"SearchAction","target":{"@type":"EntryPoint","urlTemplate":"https:\/\/prefecturadeesmeraldas.gob.ec\/?s={search_term_string}"},"query-input":{"@type":"PropertyValueSpecification","valueRequired":true,"valueName":"search_term_string"}}],"inLanguage":"es"},{"@type":"Organization","@id":"https:\/\/prefecturadeesmeraldas.gob.ec\/#organization","name":"Gobierno Aut\u00f3nomo Descentralizado de la Provincia de Esmeraldas","url":"https:\/\/prefecturadeesmeraldas.gob.ec\/","logo":{"@type":"ImageObject","inLanguage":"es","@id":"https:\/\/prefecturadeesmeraldas.gob.ec\/#\/schema\/logo\/image\/","url":"https:\/\/prefecturadeesmeraldas.gob.ec\/wp-content\/uploads\/2019\/06\/logo.png","contentUrl":"https:\/\/prefecturadeesmeraldas.gob.ec\/wp-content\/uploads\/2019\/06\/logo.png","width":859,"height":448,"caption":"Gobierno Aut\u00f3nomo Descentralizado de la Provincia de Esmeraldas"},"image":{"@id":"https:\/\/prefecturadeesmeraldas.gob.ec\/#\/schema\/logo\/image\/"},"sameAs":["https:\/\/www.facebook.com\/PrefecturaEsmeraldas\/"]},{"@type":"Person","@id":"https:\/\/prefecturadeesmeraldas.gob.ec\/#\/schema\/person\/b0c9e7b1ead7725994d1e319e8825234","name":"Direcci\u00f3n de Comunicaci\u00f3n","image":{"@type":"ImageObject","inLanguage":"es","@id":"https:\/\/prefecturadeesmeraldas.gob.ec\/#\/schema\/person\/image\/","url":"https:\/\/secure.gravatar.com\/avatar\/74a3870a946f5d774ade3569af61a72308e07ad3346f370c4b468ee2a9858658?s=96&d=mm&r=g","contentUrl":"https:\/\/secure.gravatar.com\/avatar\/74a3870a946f5d774ade3569af61a72308e07ad3346f370c4b468ee2a9858658?s=96&d=mm&r=g","caption":"Direcci\u00f3n de Comunicaci\u00f3n"}}]}},"_links":{"self":[{"href":"https:\/\/prefecturadeesmeraldas.gob.ec\/index.php\/wp-json\/wp\/v2\/posts\/30880","targetHints":{"allow":["GET"]}}],"collection":[{"href":"https:\/\/prefecturadeesmeraldas.gob.ec\/index.php\/wp-json\/wp\/v2\/posts"}],"about":[{"href":"https:\/\/prefecturadeesmeraldas.gob.ec\/index.php\/wp-json\/wp\/v2\/types\/post"}],"author":[{"embeddable":true,"href":"https:\/\/prefecturadeesmeraldas.gob.ec\/index.php\/wp-json\/wp\/v2\/users\/2"}],"replies":[{"embeddable":true,"href":"https:\/\/prefecturadeesmeraldas.gob.ec\/index.php\/wp-json\/wp\/v2\/comments?post=30880"}],"version-history":[{"count":7,"href":"https:\/\/prefecturadeesmeraldas.gob.ec\/index.php\/wp-json\/wp\/v2\/posts\/30880\/revisions"}],"predecessor-version":[{"id":30889,"href":"https:\/\/prefecturadeesmeraldas.gob.ec\/index.php\/wp-json\/wp\/v2\/posts\/30880\/revisions\/30889"}],"wp:featuredmedia":[{"embeddable":true,"href":"https:\/\/prefecturadeesmeraldas.gob.ec\/index.php\/wp-json\/wp\/v2\/media\/30882"}],"wp:attachment":[{"href":"https:\/\/prefecturadeesmeraldas.gob.ec\/index.php\/wp-json\/wp\/v2\/media?parent=30880"}],"wp:term":[{"taxonomy":"category","embeddable":true,"href":"https:\/\/prefecturadeesmeraldas.gob.ec\/index.php\/wp-json\/wp\/v2\/categories?post=30880"},{"taxonomy":"post_tag","embeddable":true,"href":"https:\/\/prefecturadeesmeraldas.gob.ec\/index.php\/wp-json\/wp\/v2\/tags?post=30880"}],"curies":[{"name":"wp","href":"https:\/\/api.w.org\/{rel}","templated":true}]}}