{"id":30872,"date":"2025-08-08T09:22:23","date_gmt":"2025-08-08T14:22:23","guid":{"rendered":"https:\/\/prefecturadeesmeraldas.gob.ec\/?p=30872"},"modified":"2025-08-08T09:25:47","modified_gmt":"2025-08-08T14:25:47","slug":"prefectura-de-esmeraldas-ejecuta-trabajos-de-dragado-en-el-estero-del-recinto-olmedo","status":"publish","type":"post","link":"https:\/\/prefecturadeesmeraldas.gob.ec\/index.php\/2025\/08\/08\/prefectura-de-esmeraldas-ejecuta-trabajos-de-dragado-en-el-estero-del-recinto-olmedo\/","title":{"rendered":"Prefectura de Esmeraldas ejecuta trabajos de dragado en el estero del recinto Olmedo."},"content":{"rendered":"\t\t<div data-elementor-type=\"wp-post\" data-elementor-id=\"30872\" class=\"elementor elementor-30872\">\n\t\t\t\t<div class=\"elementor-element elementor-element-e3d882e e-flex e-con-boxed e-con e-parent\" data-id=\"e3d882e\" data-element_type=\"container\">\n\t\t\t\t\t<div class=\"e-con-inner\">\n\t\t\t\t<div class=\"elementor-element elementor-element-206edd0 elementor-widget elementor-widget-image\" data-id=\"206edd0\" data-element_type=\"widget\" data-widget_type=\"image.default\">\n\t\t\t\t<div class=\"elementor-widget-container\">\n\t\t\t\t\t\t\t\t\t\t\t\t\t\t\t<img fetchpriority=\"high\" decoding=\"async\" width=\"1600\" height=\"1066\" src=\"https:\/\/prefecturadeesmeraldas.gob.ec\/wp-content\/uploads\/2025\/08\/WhatsApp-Image-2025-08-06-at-21.46.46.jpeg\" class=\"attachment-large size-large wp-image-30873\" alt=\"\" srcset=\"https:\/\/prefecturadeesmeraldas.gob.ec\/wp-content\/uploads\/2025\/08\/WhatsApp-Image-2025-08-06-at-21.46.46.jpeg 1600w, https:\/\/prefecturadeesmeraldas.gob.ec\/wp-content\/uploads\/2025\/08\/WhatsApp-Image-2025-08-06-at-21.46.46-300x200.jpeg 300w, https:\/\/prefecturadeesmeraldas.gob.ec\/wp-content\/uploads\/2025\/08\/WhatsApp-Image-2025-08-06-at-21.46.46-768x512.jpeg 768w, https:\/\/prefecturadeesmeraldas.gob.ec\/wp-content\/uploads\/2025\/08\/WhatsApp-Image-2025-08-06-at-21.46.46-1536x1023.jpeg 1536w\" sizes=\"(max-width: 1600px) 100vw, 1600px\" \/>\t\t\t\t\t\t\t\t\t\t\t\t\t\t\t<\/div>\n\t\t\t\t<\/div>\n\t\t\t\t\t<\/div>\n\t\t\t\t<\/div>\n\t\t<div class=\"elementor-element elementor-element-825dbf4 e-flex e-con-boxed e-con e-parent\" data-id=\"825dbf4\" data-element_type=\"container\">\n\t\t\t\t\t<div class=\"e-con-inner\">\n\t\t\t\t<div class=\"elementor-element elementor-element-8140b0c elementor-widget elementor-widget-text-editor\" data-id=\"8140b0c\" data-element_type=\"widget\" data-widget_type=\"text-editor.default\">\n\t\t\t\t<div class=\"elementor-widget-container\">\n\t\t\t\t\t\t\t\t\t<p>Con el objetivo de mejorar la movilidad fluvial y brindar seguridad a los pescadores artesanales, la Prefectura de Esmeraldas, ejecuta trabajos de dragado en el estero del recinto Olmedo, ubicado en la parroquia La Tola del cant\u00f3n Eloy Alfaro. Esta intervenci\u00f3n facilita el ingreso seguro de las embarcaciones hacia el interior de la comunidad, evitando que los pescadores dejen sus canoas expuestas al riesgo de robo o da\u00f1os en la intemperie.<\/p><p>Feliciano Quintero, habitante de Olmedo, destac\u00f3 la importancia de esta obra para la comunidad.<\/p><p>Por su parte, Germ\u00e1n Valencia resalt\u00f3 la seguridad que brinda el dragado para los pescadores locales, mientras que, Dionisio Cuero manifest\u00f3 su agradecimiento a la Prefectura.<\/p><p>Antes de la intervenci\u00f3n, el canal del estero permanec\u00eda completamente taponado, impidiendo que las lanchas ingresaran con normalidad y obligando a los habitantes a dejar sus embarcaciones en la parte exterior, donde sufr\u00edan constantes riesgos. Con la apertura del canal, los pescadores ahora pueden movilizarse en cualquier marea y resguardar sus canoas en un lugar seguro, optimizando sus faenas diarias de pesca y recolecci\u00f3n de mariscos como camar\u00f3n y pescado. <\/p>\t\t\t\t\t\t\t\t<\/div>\n\t\t\t\t<\/div>\n\t\t\t\t\t<\/div>\n\t\t\t\t<\/div>\n\t\t\t\t<\/div>\n\t\t","protected":false},"excerpt":{"rendered":"<p>Con el objetivo de mejorar la movilidad fluvial y brindar seguridad a los pescadores artesanales, la Prefectura de Esmeraldas, ejecuta trabajos de dragado en el estero del recinto Olmedo, ubicado en la parroquia La Tola del cant\u00f3n Eloy Alfaro. Esta intervenci\u00f3n facilita el ingreso seguro de las embarcaciones hacia el interior de la comunidad, evitando [&hellip;]<\/p>\n","protected":false},"author":2,"featured_media":30873,"comment_status":"closed","ping_status":"open","sticky":false,"template":"","format":"standard","meta":{"footnotes":""},"categories":[17],"tags":[],"class_list":["post-30872","post","type-post","status-publish","format-standard","has-post-thumbnail","hentry","category-cuencas-riego-y-drenaje"],"yoast_head":"<!-- This site is optimized with the Yoast SEO plugin v25.7 - https:\/\/yoast.com\/wordpress\/plugins\/seo\/ -->\n<title>Prefectura de Esmeraldas ejecuta trabajos de dragado en el estero del recinto Olmedo. - Gobierno Aut\u00f3nomo Descentralizado de la Provincia de Esmeraldas<\/title>\n<meta name=\"robots\" content=\"index, follow, max-snippet:-1, max-image-preview:large, max-video-preview:-1\" \/>\n<link rel=\"canonical\" href=\"https:\/\/prefecturadeesmeraldas.gob.ec\/index.php\/2025\/08\/08\/prefectura-de-esmeraldas-ejecuta-trabajos-de-dragado-en-el-estero-del-recinto-olmedo\/\" \/>\n<meta property=\"og:locale\" content=\"es_ES\" \/>\n<meta property=\"og:type\" content=\"article\" \/>\n<meta property=\"og:title\" content=\"Prefectura de Esmeraldas ejecuta trabajos de dragado en el estero del recinto Olmedo. - Gobierno Aut\u00f3nomo Descentralizado de la Provincia de Esmeraldas\" \/>\n<meta property=\"og:description\" content=\"Con el objetivo de mejorar la movilidad fluvial y brindar seguridad a los pescadores artesanales, la Prefectura de Esmeraldas, ejecuta trabajos de dragado en el estero del recinto Olmedo, ubicado en la parroquia La Tola del cant\u00f3n Eloy Alfaro. Esta intervenci\u00f3n facilita el ingreso seguro de las embarcaciones hacia el interior de la comunidad, evitando [&hellip;]\" \/>\n<meta property=\"og:url\" content=\"https:\/\/prefecturadeesmeraldas.gob.ec\/index.php\/2025\/08\/08\/prefectura-de-esmeraldas-ejecuta-trabajos-de-dragado-en-el-estero-del-recinto-olmedo\/\" \/>\n<meta property=\"og:site_name\" content=\"Gobierno Aut\u00f3nomo Descentralizado de la Provincia de Esmeraldas\" \/>\n<meta property=\"article:publisher\" content=\"https:\/\/www.facebook.com\/PrefecturaEsmeraldas\/\" \/>\n<meta property=\"article:published_time\" content=\"2025-08-08T14:22:23+00:00\" \/>\n<meta property=\"article:modified_time\" content=\"2025-08-08T14:25:47+00:00\" \/>\n<meta property=\"og:image\" content=\"https:\/\/prefecturadeesmeraldas.gob.ec\/wp-content\/uploads\/2025\/08\/WhatsApp-Image-2025-08-06-at-21.46.46.jpeg\" \/>\n\t<meta property=\"og:image:width\" content=\"1600\" \/>\n\t<meta property=\"og:image:height\" content=\"1066\" \/>\n\t<meta property=\"og:image:type\" content=\"image\/jpeg\" \/>\n<meta name=\"author\" content=\"Direcci\u00f3n de Comunicaci\u00f3n\" \/>\n<meta name=\"twitter:card\" content=\"summary_large_image\" \/>\n<meta name=\"twitter:label1\" content=\"Escrito por\" \/>\n\t<meta name=\"twitter:data1\" content=\"Direcci\u00f3n de Comunicaci\u00f3n\" \/>\n\t<meta name=\"twitter:label2\" content=\"Tiempo de lectura\" \/>\n\t<meta name=\"twitter:data2\" content=\"2 minutos\" \/>\n<script type=\"application\/ld+json\" class=\"yoast-schema-graph\">{\"@context\":\"https:\/\/schema.org\",\"@graph\":[{\"@type\":\"Article\",\"@id\":\"https:\/\/prefecturadeesmeraldas.gob.ec\/index.php\/2025\/08\/08\/prefectura-de-esmeraldas-ejecuta-trabajos-de-dragado-en-el-estero-del-recinto-olmedo\/#article\",\"isPartOf\":{\"@id\":\"https:\/\/prefecturadeesmeraldas.gob.ec\/index.php\/2025\/08\/08\/prefectura-de-esmeraldas-ejecuta-trabajos-de-dragado-en-el-estero-del-recinto-olmedo\/\"},\"author\":{\"name\":\"Direcci\u00f3n de Comunicaci\u00f3n\",\"@id\":\"https:\/\/prefecturadeesmeraldas.gob.ec\/#\/schema\/person\/b0c9e7b1ead7725994d1e319e8825234\"},\"headline\":\"Prefectura de Esmeraldas ejecuta trabajos de dragado en el estero del recinto Olmedo.\",\"datePublished\":\"2025-08-08T14:22:23+00:00\",\"dateModified\":\"2025-08-08T14:25:47+00:00\",\"mainEntityOfPage\":{\"@id\":\"https:\/\/prefecturadeesmeraldas.gob.ec\/index.php\/2025\/08\/08\/prefectura-de-esmeraldas-ejecuta-trabajos-de-dragado-en-el-estero-del-recinto-olmedo\/\"},\"wordCount\":203,\"publisher\":{\"@id\":\"https:\/\/prefecturadeesmeraldas.gob.ec\/#organization\"},\"image\":{\"@id\":\"https:\/\/prefecturadeesmeraldas.gob.ec\/index.php\/2025\/08\/08\/prefectura-de-esmeraldas-ejecuta-trabajos-de-dragado-en-el-estero-del-recinto-olmedo\/#primaryimage\"},\"thumbnailUrl\":\"https:\/\/prefecturadeesmeraldas.gob.ec\/wp-content\/uploads\/2025\/08\/WhatsApp-Image-2025-08-06-at-21.46.46.jpeg\",\"articleSection\":[\"Cuencas, Riego y Drenaje\"],\"inLanguage\":\"es\"},{\"@type\":\"WebPage\",\"@id\":\"https:\/\/prefecturadeesmeraldas.gob.ec\/index.php\/2025\/08\/08\/prefectura-de-esmeraldas-ejecuta-trabajos-de-dragado-en-el-estero-del-recinto-olmedo\/\",\"url\":\"https:\/\/prefecturadeesmeraldas.gob.ec\/index.php\/2025\/08\/08\/prefectura-de-esmeraldas-ejecuta-trabajos-de-dragado-en-el-estero-del-recinto-olmedo\/\",\"name\":\"Prefectura de Esmeraldas ejecuta trabajos de dragado en el estero del recinto Olmedo. - Gobierno Aut\u00f3nomo Descentralizado de la Provincia de Esmeraldas\",\"isPartOf\":{\"@id\":\"https:\/\/prefecturadeesmeraldas.gob.ec\/#website\"},\"primaryImageOfPage\":{\"@id\":\"https:\/\/prefecturadeesmeraldas.gob.ec\/index.php\/2025\/08\/08\/prefectura-de-esmeraldas-ejecuta-trabajos-de-dragado-en-el-estero-del-recinto-olmedo\/#primaryimage\"},\"image\":{\"@id\":\"https:\/\/prefecturadeesmeraldas.gob.ec\/index.php\/2025\/08\/08\/prefectura-de-esmeraldas-ejecuta-trabajos-de-dragado-en-el-estero-del-recinto-olmedo\/#primaryimage\"},\"thumbnailUrl\":\"https:\/\/prefecturadeesmeraldas.gob.ec\/wp-content\/uploads\/2025\/08\/WhatsApp-Image-2025-08-06-at-21.46.46.jpeg\",\"datePublished\":\"2025-08-08T14:22:23+00:00\",\"dateModified\":\"2025-08-08T14:25:47+00:00\",\"breadcrumb\":{\"@id\":\"https:\/\/prefecturadeesmeraldas.gob.ec\/index.php\/2025\/08\/08\/prefectura-de-esmeraldas-ejecuta-trabajos-de-dragado-en-el-estero-del-recinto-olmedo\/#breadcrumb\"},\"inLanguage\":\"es\",\"potentialAction\":[{\"@type\":\"ReadAction\",\"target\":[\"https:\/\/prefecturadeesmeraldas.gob.ec\/index.php\/2025\/08\/08\/prefectura-de-esmeraldas-ejecuta-trabajos-de-dragado-en-el-estero-del-recinto-olmedo\/\"]}]},{\"@type\":\"ImageObject\",\"inLanguage\":\"es\",\"@id\":\"https:\/\/prefecturadeesmeraldas.gob.ec\/index.php\/2025\/08\/08\/prefectura-de-esmeraldas-ejecuta-trabajos-de-dragado-en-el-estero-del-recinto-olmedo\/#primaryimage\",\"url\":\"https:\/\/prefecturadeesmeraldas.gob.ec\/wp-content\/uploads\/2025\/08\/WhatsApp-Image-2025-08-06-at-21.46.46.jpeg\",\"contentUrl\":\"https:\/\/prefecturadeesmeraldas.gob.ec\/wp-content\/uploads\/2025\/08\/WhatsApp-Image-2025-08-06-at-21.46.46.jpeg\",\"width\":1600,\"height\":1066},{\"@type\":\"BreadcrumbList\",\"@id\":\"https:\/\/prefecturadeesmeraldas.gob.ec\/index.php\/2025\/08\/08\/prefectura-de-esmeraldas-ejecuta-trabajos-de-dragado-en-el-estero-del-recinto-olmedo\/#breadcrumb\",\"itemListElement\":[{\"@type\":\"ListItem\",\"position\":1,\"name\":\"Home\",\"item\":\"https:\/\/prefecturadeesmeraldas.gob.ec\/\"},{\"@type\":\"ListItem\",\"position\":2,\"name\":\"Prefectura de Esmeraldas ejecuta trabajos de dragado en el estero del recinto Olmedo.\"}]},{\"@type\":\"WebSite\",\"@id\":\"https:\/\/prefecturadeesmeraldas.gob.ec\/#website\",\"url\":\"https:\/\/prefecturadeesmeraldas.gob.ec\/\",\"name\":\"Gobierno Aut\u00f3nomo Descentralizado de la Provincia de Esmeraldas\",\"description\":\"Gobierno Aut\u00f3nomo Descentralizado de la Provincia de Esmeraldas\",\"publisher\":{\"@id\":\"https:\/\/prefecturadeesmeraldas.gob.ec\/#organization\"},\"potentialAction\":[{\"@type\":\"SearchAction\",\"target\":{\"@type\":\"EntryPoint\",\"urlTemplate\":\"https:\/\/prefecturadeesmeraldas.gob.ec\/?s={search_term_string}\"},\"query-input\":{\"@type\":\"PropertyValueSpecification\",\"valueRequired\":true,\"valueName\":\"search_term_string\"}}],\"inLanguage\":\"es\"},{\"@type\":\"Organization\",\"@id\":\"https:\/\/prefecturadeesmeraldas.gob.ec\/#organization\",\"name\":\"Gobierno Aut\u00f3nomo Descentralizado de la Provincia de Esmeraldas\",\"url\":\"https:\/\/prefecturadeesmeraldas.gob.ec\/\",\"logo\":{\"@type\":\"ImageObject\",\"inLanguage\":\"es\",\"@id\":\"https:\/\/prefecturadeesmeraldas.gob.ec\/#\/schema\/logo\/image\/\",\"url\":\"https:\/\/prefecturadeesmeraldas.gob.ec\/wp-content\/uploads\/2019\/06\/logo.png\",\"contentUrl\":\"https:\/\/prefecturadeesmeraldas.gob.ec\/wp-content\/uploads\/2019\/06\/logo.png\",\"width\":859,\"height\":448,\"caption\":\"Gobierno Aut\u00f3nomo Descentralizado de la Provincia de Esmeraldas\"},\"image\":{\"@id\":\"https:\/\/prefecturadeesmeraldas.gob.ec\/#\/schema\/logo\/image\/\"},\"sameAs\":[\"https:\/\/www.facebook.com\/PrefecturaEsmeraldas\/\"]},{\"@type\":\"Person\",\"@id\":\"https:\/\/prefecturadeesmeraldas.gob.ec\/#\/schema\/person\/b0c9e7b1ead7725994d1e319e8825234\",\"name\":\"Direcci\u00f3n de Comunicaci\u00f3n\",\"image\":{\"@type\":\"ImageObject\",\"inLanguage\":\"es\",\"@id\":\"https:\/\/prefecturadeesmeraldas.gob.ec\/#\/schema\/person\/image\/\",\"url\":\"https:\/\/secure.gravatar.com\/avatar\/74a3870a946f5d774ade3569af61a72308e07ad3346f370c4b468ee2a9858658?s=96&d=mm&r=g\",\"contentUrl\":\"https:\/\/secure.gravatar.com\/avatar\/74a3870a946f5d774ade3569af61a72308e07ad3346f370c4b468ee2a9858658?s=96&d=mm&r=g\",\"caption\":\"Direcci\u00f3n de Comunicaci\u00f3n\"}}]}<\/script>\n<!-- \/ Yoast SEO plugin. -->","yoast_head_json":{"title":"Prefectura de Esmeraldas ejecuta trabajos de dragado en el estero del recinto Olmedo. - Gobierno Aut\u00f3nomo Descentralizado de la Provincia de Esmeraldas","robots":{"index":"index","follow":"follow","max-snippet":"max-snippet:-1","max-image-preview":"max-image-preview:large","max-video-preview":"max-video-preview:-1"},"canonical":"https:\/\/prefecturadeesmeraldas.gob.ec\/index.php\/2025\/08\/08\/prefectura-de-esmeraldas-ejecuta-trabajos-de-dragado-en-el-estero-del-recinto-olmedo\/","og_locale":"es_ES","og_type":"article","og_title":"Prefectura de Esmeraldas ejecuta trabajos de dragado en el estero del recinto Olmedo. - Gobierno Aut\u00f3nomo Descentralizado de la Provincia de Esmeraldas","og_description":"Con el objetivo de mejorar la movilidad fluvial y brindar seguridad a los pescadores artesanales, la Prefectura de Esmeraldas, ejecuta trabajos de dragado en el estero del recinto Olmedo, ubicado en la parroquia La Tola del cant\u00f3n Eloy Alfaro. Esta intervenci\u00f3n facilita el ingreso seguro de las embarcaciones hacia el interior de la comunidad, evitando [&hellip;]","og_url":"https:\/\/prefecturadeesmeraldas.gob.ec\/index.php\/2025\/08\/08\/prefectura-de-esmeraldas-ejecuta-trabajos-de-dragado-en-el-estero-del-recinto-olmedo\/","og_site_name":"Gobierno Aut\u00f3nomo Descentralizado de la Provincia de Esmeraldas","article_publisher":"https:\/\/www.facebook.com\/PrefecturaEsmeraldas\/","article_published_time":"2025-08-08T14:22:23+00:00","article_modified_time":"2025-08-08T14:25:47+00:00","og_image":[{"width":1600,"height":1066,"url":"https:\/\/prefecturadeesmeraldas.gob.ec\/wp-content\/uploads\/2025\/08\/WhatsApp-Image-2025-08-06-at-21.46.46.jpeg","type":"image\/jpeg"}],"author":"Direcci\u00f3n de Comunicaci\u00f3n","twitter_card":"summary_large_image","twitter_misc":{"Escrito por":"Direcci\u00f3n de Comunicaci\u00f3n","Tiempo de lectura":"2 minutos"},"schema":{"@context":"https:\/\/schema.org","@graph":[{"@type":"Article","@id":"https:\/\/prefecturadeesmeraldas.gob.ec\/index.php\/2025\/08\/08\/prefectura-de-esmeraldas-ejecuta-trabajos-de-dragado-en-el-estero-del-recinto-olmedo\/#article","isPartOf":{"@id":"https:\/\/prefecturadeesmeraldas.gob.ec\/index.php\/2025\/08\/08\/prefectura-de-esmeraldas-ejecuta-trabajos-de-dragado-en-el-estero-del-recinto-olmedo\/"},"author":{"name":"Direcci\u00f3n de Comunicaci\u00f3n","@id":"https:\/\/prefecturadeesmeraldas.gob.ec\/#\/schema\/person\/b0c9e7b1ead7725994d1e319e8825234"},"headline":"Prefectura de Esmeraldas ejecuta trabajos de dragado en el estero del recinto Olmedo.","datePublished":"2025-08-08T14:22:23+00:00","dateModified":"2025-08-08T14:25:47+00:00","mainEntityOfPage":{"@id":"https:\/\/prefecturadeesmeraldas.gob.ec\/index.php\/2025\/08\/08\/prefectura-de-esmeraldas-ejecuta-trabajos-de-dragado-en-el-estero-del-recinto-olmedo\/"},"wordCount":203,"publisher":{"@id":"https:\/\/prefecturadeesmeraldas.gob.ec\/#organization"},"image":{"@id":"https:\/\/prefecturadeesmeraldas.gob.ec\/index.php\/2025\/08\/08\/prefectura-de-esmeraldas-ejecuta-trabajos-de-dragado-en-el-estero-del-recinto-olmedo\/#primaryimage"},"thumbnailUrl":"https:\/\/prefecturadeesmeraldas.gob.ec\/wp-content\/uploads\/2025\/08\/WhatsApp-Image-2025-08-06-at-21.46.46.jpeg","articleSection":["Cuencas, Riego y Drenaje"],"inLanguage":"es"},{"@type":"WebPage","@id":"https:\/\/prefecturadeesmeraldas.gob.ec\/index.php\/2025\/08\/08\/prefectura-de-esmeraldas-ejecuta-trabajos-de-dragado-en-el-estero-del-recinto-olmedo\/","url":"https:\/\/prefecturadeesmeraldas.gob.ec\/index.php\/2025\/08\/08\/prefectura-de-esmeraldas-ejecuta-trabajos-de-dragado-en-el-estero-del-recinto-olmedo\/","name":"Prefectura de Esmeraldas ejecuta trabajos de dragado en el estero del recinto Olmedo. - Gobierno Aut\u00f3nomo Descentralizado de la Provincia de Esmeraldas","isPartOf":{"@id":"https:\/\/prefecturadeesmeraldas.gob.ec\/#website"},"primaryImageOfPage":{"@id":"https:\/\/prefecturadeesmeraldas.gob.ec\/index.php\/2025\/08\/08\/prefectura-de-esmeraldas-ejecuta-trabajos-de-dragado-en-el-estero-del-recinto-olmedo\/#primaryimage"},"image":{"@id":"https:\/\/prefecturadeesmeraldas.gob.ec\/index.php\/2025\/08\/08\/prefectura-de-esmeraldas-ejecuta-trabajos-de-dragado-en-el-estero-del-recinto-olmedo\/#primaryimage"},"thumbnailUrl":"https:\/\/prefecturadeesmeraldas.gob.ec\/wp-content\/uploads\/2025\/08\/WhatsApp-Image-2025-08-06-at-21.46.46.jpeg","datePublished":"2025-08-08T14:22:23+00:00","dateModified":"2025-08-08T14:25:47+00:00","breadcrumb":{"@id":"https:\/\/prefecturadeesmeraldas.gob.ec\/index.php\/2025\/08\/08\/prefectura-de-esmeraldas-ejecuta-trabajos-de-dragado-en-el-estero-del-recinto-olmedo\/#breadcrumb"},"inLanguage":"es","potentialAction":[{"@type":"ReadAction","target":["https:\/\/prefecturadeesmeraldas.gob.ec\/index.php\/2025\/08\/08\/prefectura-de-esmeraldas-ejecuta-trabajos-de-dragado-en-el-estero-del-recinto-olmedo\/"]}]},{"@type":"ImageObject","inLanguage":"es","@id":"https:\/\/prefecturadeesmeraldas.gob.ec\/index.php\/2025\/08\/08\/prefectura-de-esmeraldas-ejecuta-trabajos-de-dragado-en-el-estero-del-recinto-olmedo\/#primaryimage","url":"https:\/\/prefecturadeesmeraldas.gob.ec\/wp-content\/uploads\/2025\/08\/WhatsApp-Image-2025-08-06-at-21.46.46.jpeg","contentUrl":"https:\/\/prefecturadeesmeraldas.gob.ec\/wp-content\/uploads\/2025\/08\/WhatsApp-Image-2025-08-06-at-21.46.46.jpeg","width":1600,"height":1066},{"@type":"BreadcrumbList","@id":"https:\/\/prefecturadeesmeraldas.gob.ec\/index.php\/2025\/08\/08\/prefectura-de-esmeraldas-ejecuta-trabajos-de-dragado-en-el-estero-del-recinto-olmedo\/#breadcrumb","itemListElement":[{"@type":"ListItem","position":1,"name":"Home","item":"https:\/\/prefecturadeesmeraldas.gob.ec\/"},{"@type":"ListItem","position":2,"name":"Prefectura de Esmeraldas ejecuta trabajos de dragado en el estero del recinto Olmedo."}]},{"@type":"WebSite","@id":"https:\/\/prefecturadeesmeraldas.gob.ec\/#website","url":"https:\/\/prefecturadeesmeraldas.gob.ec\/","name":"Gobierno Aut\u00f3nomo Descentralizado de la Provincia de Esmeraldas","description":"Gobierno Aut\u00f3nomo Descentralizado de la Provincia de Esmeraldas","publisher":{"@id":"https:\/\/prefecturadeesmeraldas.gob.ec\/#organization"},"potentialAction":[{"@type":"SearchAction","target":{"@type":"EntryPoint","urlTemplate":"https:\/\/prefecturadeesmeraldas.gob.ec\/?s={search_term_string}"},"query-input":{"@type":"PropertyValueSpecification","valueRequired":true,"valueName":"search_term_string"}}],"inLanguage":"es"},{"@type":"Organization","@id":"https:\/\/prefecturadeesmeraldas.gob.ec\/#organization","name":"Gobierno Aut\u00f3nomo Descentralizado de la Provincia de Esmeraldas","url":"https:\/\/prefecturadeesmeraldas.gob.ec\/","logo":{"@type":"ImageObject","inLanguage":"es","@id":"https:\/\/prefecturadeesmeraldas.gob.ec\/#\/schema\/logo\/image\/","url":"https:\/\/prefecturadeesmeraldas.gob.ec\/wp-content\/uploads\/2019\/06\/logo.png","contentUrl":"https:\/\/prefecturadeesmeraldas.gob.ec\/wp-content\/uploads\/2019\/06\/logo.png","width":859,"height":448,"caption":"Gobierno Aut\u00f3nomo Descentralizado de la Provincia de Esmeraldas"},"image":{"@id":"https:\/\/prefecturadeesmeraldas.gob.ec\/#\/schema\/logo\/image\/"},"sameAs":["https:\/\/www.facebook.com\/PrefecturaEsmeraldas\/"]},{"@type":"Person","@id":"https:\/\/prefecturadeesmeraldas.gob.ec\/#\/schema\/person\/b0c9e7b1ead7725994d1e319e8825234","name":"Direcci\u00f3n de Comunicaci\u00f3n","image":{"@type":"ImageObject","inLanguage":"es","@id":"https:\/\/prefecturadeesmeraldas.gob.ec\/#\/schema\/person\/image\/","url":"https:\/\/secure.gravatar.com\/avatar\/74a3870a946f5d774ade3569af61a72308e07ad3346f370c4b468ee2a9858658?s=96&d=mm&r=g","contentUrl":"https:\/\/secure.gravatar.com\/avatar\/74a3870a946f5d774ade3569af61a72308e07ad3346f370c4b468ee2a9858658?s=96&d=mm&r=g","caption":"Direcci\u00f3n de Comunicaci\u00f3n"}}]}},"_links":{"self":[{"href":"https:\/\/prefecturadeesmeraldas.gob.ec\/index.php\/wp-json\/wp\/v2\/posts\/30872","targetHints":{"allow":["GET"]}}],"collection":[{"href":"https:\/\/prefecturadeesmeraldas.gob.ec\/index.php\/wp-json\/wp\/v2\/posts"}],"about":[{"href":"https:\/\/prefecturadeesmeraldas.gob.ec\/index.php\/wp-json\/wp\/v2\/types\/post"}],"author":[{"embeddable":true,"href":"https:\/\/prefecturadeesmeraldas.gob.ec\/index.php\/wp-json\/wp\/v2\/users\/2"}],"replies":[{"embeddable":true,"href":"https:\/\/prefecturadeesmeraldas.gob.ec\/index.php\/wp-json\/wp\/v2\/comments?post=30872"}],"version-history":[{"count":6,"href":"https:\/\/prefecturadeesmeraldas.gob.ec\/index.php\/wp-json\/wp\/v2\/posts\/30872\/revisions"}],"predecessor-version":[{"id":30879,"href":"https:\/\/prefecturadeesmeraldas.gob.ec\/index.php\/wp-json\/wp\/v2\/posts\/30872\/revisions\/30879"}],"wp:featuredmedia":[{"embeddable":true,"href":"https:\/\/prefecturadeesmeraldas.gob.ec\/index.php\/wp-json\/wp\/v2\/media\/30873"}],"wp:attachment":[{"href":"https:\/\/prefecturadeesmeraldas.gob.ec\/index.php\/wp-json\/wp\/v2\/media?parent=30872"}],"wp:term":[{"taxonomy":"category","embeddable":true,"href":"https:\/\/prefecturadeesmeraldas.gob.ec\/index.php\/wp-json\/wp\/v2\/categories?post=30872"},{"taxonomy":"post_tag","embeddable":true,"href":"https:\/\/prefecturadeesmeraldas.gob.ec\/index.php\/wp-json\/wp\/v2\/tags?post=30872"}],"curies":[{"name":"wp","href":"https:\/\/api.w.org\/{rel}","templated":true}]}}