{"id":30637,"date":"2025-07-17T16:32:35","date_gmt":"2025-07-17T21:32:35","guid":{"rendered":"https:\/\/prefecturadeesmeraldas.gob.ec\/?p=30637"},"modified":"2025-07-17T16:35:15","modified_gmt":"2025-07-17T21:35:15","slug":"prefecta-acompana-al-presidente-daniel-noboa-en-la-entrega-del-cdi-cesar-plaza-monzon-en-esmeraldas","status":"publish","type":"post","link":"https:\/\/prefecturadeesmeraldas.gob.ec\/index.php\/2025\/07\/17\/prefecta-acompana-al-presidente-daniel-noboa-en-la-entrega-del-cdi-cesar-plaza-monzon-en-esmeraldas\/","title":{"rendered":"Prefecta acompa\u00f1a al presidente Daniel Noboa en la entrega del CDI \u201cC\u00e9sar Plaza Monz\u00f3n\u201d en Esmeraldas."},"content":{"rendered":"\t\t<div data-elementor-type=\"wp-post\" data-elementor-id=\"30637\" class=\"elementor elementor-30637\">\n\t\t\t\t<div class=\"elementor-element elementor-element-8fc21f2 e-flex e-con-boxed e-con e-parent\" data-id=\"8fc21f2\" data-element_type=\"container\">\n\t\t\t\t\t<div class=\"e-con-inner\">\n\t\t\t\t<div class=\"elementor-element elementor-element-c221f5c elementor-widget elementor-widget-image\" data-id=\"c221f5c\" data-element_type=\"widget\" data-widget_type=\"image.default\">\n\t\t\t\t<div class=\"elementor-widget-container\">\n\t\t\t\t\t\t\t\t\t\t\t\t\t\t\t<img fetchpriority=\"high\" decoding=\"async\" width=\"1080\" height=\"1080\" src=\"https:\/\/prefecturadeesmeraldas.gob.ec\/wp-content\/uploads\/2025\/07\/Sin-titulo-2025-07-16T131052.366.png\" class=\"attachment-large size-large wp-image-30639\" alt=\"\" srcset=\"https:\/\/prefecturadeesmeraldas.gob.ec\/wp-content\/uploads\/2025\/07\/Sin-titulo-2025-07-16T131052.366.png 1080w, https:\/\/prefecturadeesmeraldas.gob.ec\/wp-content\/uploads\/2025\/07\/Sin-titulo-2025-07-16T131052.366-300x300.png 300w, https:\/\/prefecturadeesmeraldas.gob.ec\/wp-content\/uploads\/2025\/07\/Sin-titulo-2025-07-16T131052.366-150x150.png 150w, https:\/\/prefecturadeesmeraldas.gob.ec\/wp-content\/uploads\/2025\/07\/Sin-titulo-2025-07-16T131052.366-768x768.png 768w, https:\/\/prefecturadeesmeraldas.gob.ec\/wp-content\/uploads\/2025\/07\/Sin-titulo-2025-07-16T131052.366-440x440.png 440w, https:\/\/prefecturadeesmeraldas.gob.ec\/wp-content\/uploads\/2025\/07\/Sin-titulo-2025-07-16T131052.366-180x180.png 180w, https:\/\/prefecturadeesmeraldas.gob.ec\/wp-content\/uploads\/2025\/07\/Sin-titulo-2025-07-16T131052.366-120x120.png 120w\" sizes=\"(max-width: 1080px) 100vw, 1080px\" \/>\t\t\t\t\t\t\t\t\t\t\t\t\t\t\t<\/div>\n\t\t\t\t<\/div>\n\t\t\t\t\t<\/div>\n\t\t\t\t<\/div>\n\t\t<div class=\"elementor-element elementor-element-612b615 e-flex e-con-boxed e-con e-parent\" data-id=\"612b615\" data-element_type=\"container\">\n\t\t\t\t\t<div class=\"e-con-inner\">\n\t\t\t\t<div class=\"elementor-element elementor-element-e2edd7e elementor-widget elementor-widget-text-editor\" data-id=\"e2edd7e\" data-element_type=\"widget\" data-widget_type=\"text-editor.default\">\n\t\t\t\t<div class=\"elementor-widget-container\">\n\t\t\t\t\t\t\t\t\t<p>Como parte de la agenda territorial cumplida en la provincia de Esmeraldas, el presidente de la Rep\u00fablica, Daniel Noboa Az\u00edn, entreg\u00f3 oficialmente el nuevo Centro de Desarrollo Infantil (CDI) \u201cC\u00e9sar Plaza Monz\u00f3n\u201d, una moderna infraestructura destinada a garantizar atenci\u00f3n integral a ni\u00f1as y ni\u00f1os de entre 1 a 3 a\u00f1os de edad.<\/p><p>Durante el acto, el Primer Mandatario estuvo acompa\u00f1ado por el ministro de Inclusi\u00f3n Econ\u00f3mica y Social y por la prefecta Roberta Zambrano, quien particip\u00f3 activamente en la jornada, reafirmando su compromiso con el desarrollo social de la provincia.<\/p><p>El CDI, nombrado en honor al ilustre esmeralde\u00f1o C\u00e9sar Plaza Monz\u00f3n, cuenta con una construcci\u00f3n de 400 metros cuadrados, cinco aulas adecuadas para estimulaci\u00f3n temprana, \u00e1reas de juego, servicios higi\u00e9nicos y cocina. Este espacio permitir\u00e1 mejorar la atenci\u00f3n en etapas claves del crecimiento infantil, beneficiando directamente a decenas de familias.<\/p><p>El presidente Noboa destac\u00f3 que invertir en la ni\u00f1ez es garantizar un futuro m\u00e1s justo y equitativo para todos.<\/p><p>La prefecta Roberta Zambrano, por su parte, resalt\u00f3 la importancia de la coordinaci\u00f3n entre el Gobierno Nacional y los gobiernos seccionales para fortalecer la atenci\u00f3n social.<\/p><p>La entrega del CDI \u201cC\u00e9sar Plaza Monz\u00f3n\u201d marca un avance significativo en el acceso a servicios integrales para la primera infancia en Esmeraldas, consolidando el trabajo conjunto entre instituciones en beneficio de los sectores m\u00e1s vulnerables. <\/p>\t\t\t\t\t\t\t\t<\/div>\n\t\t\t\t<\/div>\n\t\t\t\t\t<\/div>\n\t\t\t\t<\/div>\n\t\t\t\t<\/div>\n\t\t","protected":false},"excerpt":{"rendered":"<p>Como parte de la agenda territorial cumplida en la provincia de Esmeraldas, el presidente de la Rep\u00fablica, Daniel Noboa Az\u00edn, entreg\u00f3 oficialmente el nuevo Centro de Desarrollo Infantil (CDI) \u201cC\u00e9sar Plaza Monz\u00f3n\u201d, una moderna infraestructura destinada a garantizar atenci\u00f3n integral a ni\u00f1as y ni\u00f1os de entre 1 a 3 a\u00f1os de edad. Durante el acto, [&hellip;]<\/p>\n","protected":false},"author":2,"featured_media":30646,"comment_status":"closed","ping_status":"open","sticky":false,"template":"","format":"standard","meta":{"footnotes":""},"categories":[3,1],"tags":[],"class_list":["post-30637","post","type-post","status-publish","format-standard","has-post-thumbnail","hentry","category-institucional","category-uncategorized"],"yoast_head":"<!-- This site is optimized with the Yoast SEO plugin v25.7 - https:\/\/yoast.com\/wordpress\/plugins\/seo\/ -->\n<title>Prefecta acompa\u00f1a al presidente Daniel Noboa en la entrega del CDI \u201cC\u00e9sar Plaza Monz\u00f3n\u201d en Esmeraldas. - Gobierno Aut\u00f3nomo Descentralizado de la Provincia de Esmeraldas<\/title>\n<meta name=\"robots\" content=\"index, follow, max-snippet:-1, max-image-preview:large, max-video-preview:-1\" \/>\n<link rel=\"canonical\" href=\"https:\/\/prefecturadeesmeraldas.gob.ec\/index.php\/2025\/07\/17\/prefecta-acompana-al-presidente-daniel-noboa-en-la-entrega-del-cdi-cesar-plaza-monzon-en-esmeraldas\/\" \/>\n<meta property=\"og:locale\" content=\"es_ES\" \/>\n<meta property=\"og:type\" content=\"article\" \/>\n<meta property=\"og:title\" content=\"Prefecta acompa\u00f1a al presidente Daniel Noboa en la entrega del CDI \u201cC\u00e9sar Plaza Monz\u00f3n\u201d en Esmeraldas. - Gobierno Aut\u00f3nomo Descentralizado de la Provincia de Esmeraldas\" \/>\n<meta property=\"og:description\" content=\"Como parte de la agenda territorial cumplida en la provincia de Esmeraldas, el presidente de la Rep\u00fablica, Daniel Noboa Az\u00edn, entreg\u00f3 oficialmente el nuevo Centro de Desarrollo Infantil (CDI) \u201cC\u00e9sar Plaza Monz\u00f3n\u201d, una moderna infraestructura destinada a garantizar atenci\u00f3n integral a ni\u00f1as y ni\u00f1os de entre 1 a 3 a\u00f1os de edad. Durante el acto, [&hellip;]\" \/>\n<meta property=\"og:url\" content=\"https:\/\/prefecturadeesmeraldas.gob.ec\/index.php\/2025\/07\/17\/prefecta-acompana-al-presidente-daniel-noboa-en-la-entrega-del-cdi-cesar-plaza-monzon-en-esmeraldas\/\" \/>\n<meta property=\"og:site_name\" content=\"Gobierno Aut\u00f3nomo Descentralizado de la Provincia de Esmeraldas\" \/>\n<meta property=\"article:publisher\" content=\"https:\/\/www.facebook.com\/PrefecturaEsmeraldas\/\" \/>\n<meta property=\"article:published_time\" content=\"2025-07-17T21:32:35+00:00\" \/>\n<meta property=\"article:modified_time\" content=\"2025-07-17T21:35:15+00:00\" \/>\n<meta property=\"og:image\" content=\"https:\/\/prefecturadeesmeraldas.gob.ec\/wp-content\/uploads\/2025\/07\/WhatsApp-Image-2025-07-16-at-12.41.27-1.jpeg\" \/>\n\t<meta property=\"og:image:width\" content=\"1280\" \/>\n\t<meta property=\"og:image:height\" content=\"720\" \/>\n\t<meta property=\"og:image:type\" content=\"image\/jpeg\" \/>\n<meta name=\"author\" content=\"Direcci\u00f3n de Comunicaci\u00f3n\" \/>\n<meta name=\"twitter:card\" content=\"summary_large_image\" \/>\n<meta name=\"twitter:label1\" content=\"Escrito por\" \/>\n\t<meta name=\"twitter:data1\" content=\"Direcci\u00f3n de Comunicaci\u00f3n\" \/>\n\t<meta name=\"twitter:label2\" content=\"Tiempo de lectura\" \/>\n\t<meta name=\"twitter:data2\" content=\"2 minutos\" \/>\n<script type=\"application\/ld+json\" class=\"yoast-schema-graph\">{\"@context\":\"https:\/\/schema.org\",\"@graph\":[{\"@type\":\"Article\",\"@id\":\"https:\/\/prefecturadeesmeraldas.gob.ec\/index.php\/2025\/07\/17\/prefecta-acompana-al-presidente-daniel-noboa-en-la-entrega-del-cdi-cesar-plaza-monzon-en-esmeraldas\/#article\",\"isPartOf\":{\"@id\":\"https:\/\/prefecturadeesmeraldas.gob.ec\/index.php\/2025\/07\/17\/prefecta-acompana-al-presidente-daniel-noboa-en-la-entrega-del-cdi-cesar-plaza-monzon-en-esmeraldas\/\"},\"author\":{\"name\":\"Direcci\u00f3n de Comunicaci\u00f3n\",\"@id\":\"https:\/\/prefecturadeesmeraldas.gob.ec\/#\/schema\/person\/b0c9e7b1ead7725994d1e319e8825234\"},\"headline\":\"Prefecta acompa\u00f1a al presidente Daniel Noboa en la entrega del CDI \u201cC\u00e9sar Plaza Monz\u00f3n\u201d en Esmeraldas.\",\"datePublished\":\"2025-07-17T21:32:35+00:00\",\"dateModified\":\"2025-07-17T21:35:15+00:00\",\"mainEntityOfPage\":{\"@id\":\"https:\/\/prefecturadeesmeraldas.gob.ec\/index.php\/2025\/07\/17\/prefecta-acompana-al-presidente-daniel-noboa-en-la-entrega-del-cdi-cesar-plaza-monzon-en-esmeraldas\/\"},\"wordCount\":262,\"publisher\":{\"@id\":\"https:\/\/prefecturadeesmeraldas.gob.ec\/#organization\"},\"image\":{\"@id\":\"https:\/\/prefecturadeesmeraldas.gob.ec\/index.php\/2025\/07\/17\/prefecta-acompana-al-presidente-daniel-noboa-en-la-entrega-del-cdi-cesar-plaza-monzon-en-esmeraldas\/#primaryimage\"},\"thumbnailUrl\":\"https:\/\/prefecturadeesmeraldas.gob.ec\/wp-content\/uploads\/2025\/07\/WhatsApp-Image-2025-07-16-at-12.41.27-1.jpeg\",\"articleSection\":[\"Institucional\",\"Uncategorized\"],\"inLanguage\":\"es\"},{\"@type\":\"WebPage\",\"@id\":\"https:\/\/prefecturadeesmeraldas.gob.ec\/index.php\/2025\/07\/17\/prefecta-acompana-al-presidente-daniel-noboa-en-la-entrega-del-cdi-cesar-plaza-monzon-en-esmeraldas\/\",\"url\":\"https:\/\/prefecturadeesmeraldas.gob.ec\/index.php\/2025\/07\/17\/prefecta-acompana-al-presidente-daniel-noboa-en-la-entrega-del-cdi-cesar-plaza-monzon-en-esmeraldas\/\",\"name\":\"Prefecta acompa\u00f1a al presidente Daniel Noboa en la entrega del CDI \u201cC\u00e9sar Plaza Monz\u00f3n\u201d en Esmeraldas. - Gobierno Aut\u00f3nomo Descentralizado de la Provincia de Esmeraldas\",\"isPartOf\":{\"@id\":\"https:\/\/prefecturadeesmeraldas.gob.ec\/#website\"},\"primaryImageOfPage\":{\"@id\":\"https:\/\/prefecturadeesmeraldas.gob.ec\/index.php\/2025\/07\/17\/prefecta-acompana-al-presidente-daniel-noboa-en-la-entrega-del-cdi-cesar-plaza-monzon-en-esmeraldas\/#primaryimage\"},\"image\":{\"@id\":\"https:\/\/prefecturadeesmeraldas.gob.ec\/index.php\/2025\/07\/17\/prefecta-acompana-al-presidente-daniel-noboa-en-la-entrega-del-cdi-cesar-plaza-monzon-en-esmeraldas\/#primaryimage\"},\"thumbnailUrl\":\"https:\/\/prefecturadeesmeraldas.gob.ec\/wp-content\/uploads\/2025\/07\/WhatsApp-Image-2025-07-16-at-12.41.27-1.jpeg\",\"datePublished\":\"2025-07-17T21:32:35+00:00\",\"dateModified\":\"2025-07-17T21:35:15+00:00\",\"breadcrumb\":{\"@id\":\"https:\/\/prefecturadeesmeraldas.gob.ec\/index.php\/2025\/07\/17\/prefecta-acompana-al-presidente-daniel-noboa-en-la-entrega-del-cdi-cesar-plaza-monzon-en-esmeraldas\/#breadcrumb\"},\"inLanguage\":\"es\",\"potentialAction\":[{\"@type\":\"ReadAction\",\"target\":[\"https:\/\/prefecturadeesmeraldas.gob.ec\/index.php\/2025\/07\/17\/prefecta-acompana-al-presidente-daniel-noboa-en-la-entrega-del-cdi-cesar-plaza-monzon-en-esmeraldas\/\"]}]},{\"@type\":\"ImageObject\",\"inLanguage\":\"es\",\"@id\":\"https:\/\/prefecturadeesmeraldas.gob.ec\/index.php\/2025\/07\/17\/prefecta-acompana-al-presidente-daniel-noboa-en-la-entrega-del-cdi-cesar-plaza-monzon-en-esmeraldas\/#primaryimage\",\"url\":\"https:\/\/prefecturadeesmeraldas.gob.ec\/wp-content\/uploads\/2025\/07\/WhatsApp-Image-2025-07-16-at-12.41.27-1.jpeg\",\"contentUrl\":\"https:\/\/prefecturadeesmeraldas.gob.ec\/wp-content\/uploads\/2025\/07\/WhatsApp-Image-2025-07-16-at-12.41.27-1.jpeg\",\"width\":1280,\"height\":720},{\"@type\":\"BreadcrumbList\",\"@id\":\"https:\/\/prefecturadeesmeraldas.gob.ec\/index.php\/2025\/07\/17\/prefecta-acompana-al-presidente-daniel-noboa-en-la-entrega-del-cdi-cesar-plaza-monzon-en-esmeraldas\/#breadcrumb\",\"itemListElement\":[{\"@type\":\"ListItem\",\"position\":1,\"name\":\"Home\",\"item\":\"https:\/\/prefecturadeesmeraldas.gob.ec\/\"},{\"@type\":\"ListItem\",\"position\":2,\"name\":\"Prefecta acompa\u00f1a al presidente Daniel Noboa en la entrega del CDI \u201cC\u00e9sar Plaza Monz\u00f3n\u201d en Esmeraldas.\"}]},{\"@type\":\"WebSite\",\"@id\":\"https:\/\/prefecturadeesmeraldas.gob.ec\/#website\",\"url\":\"https:\/\/prefecturadeesmeraldas.gob.ec\/\",\"name\":\"Gobierno Aut\u00f3nomo Descentralizado de la Provincia de Esmeraldas\",\"description\":\"Gobierno Aut\u00f3nomo Descentralizado de la Provincia de Esmeraldas\",\"publisher\":{\"@id\":\"https:\/\/prefecturadeesmeraldas.gob.ec\/#organization\"},\"potentialAction\":[{\"@type\":\"SearchAction\",\"target\":{\"@type\":\"EntryPoint\",\"urlTemplate\":\"https:\/\/prefecturadeesmeraldas.gob.ec\/?s={search_term_string}\"},\"query-input\":{\"@type\":\"PropertyValueSpecification\",\"valueRequired\":true,\"valueName\":\"search_term_string\"}}],\"inLanguage\":\"es\"},{\"@type\":\"Organization\",\"@id\":\"https:\/\/prefecturadeesmeraldas.gob.ec\/#organization\",\"name\":\"Gobierno Aut\u00f3nomo Descentralizado de la Provincia de Esmeraldas\",\"url\":\"https:\/\/prefecturadeesmeraldas.gob.ec\/\",\"logo\":{\"@type\":\"ImageObject\",\"inLanguage\":\"es\",\"@id\":\"https:\/\/prefecturadeesmeraldas.gob.ec\/#\/schema\/logo\/image\/\",\"url\":\"https:\/\/prefecturadeesmeraldas.gob.ec\/wp-content\/uploads\/2019\/06\/logo.png\",\"contentUrl\":\"https:\/\/prefecturadeesmeraldas.gob.ec\/wp-content\/uploads\/2019\/06\/logo.png\",\"width\":859,\"height\":448,\"caption\":\"Gobierno Aut\u00f3nomo Descentralizado de la Provincia de Esmeraldas\"},\"image\":{\"@id\":\"https:\/\/prefecturadeesmeraldas.gob.ec\/#\/schema\/logo\/image\/\"},\"sameAs\":[\"https:\/\/www.facebook.com\/PrefecturaEsmeraldas\/\"]},{\"@type\":\"Person\",\"@id\":\"https:\/\/prefecturadeesmeraldas.gob.ec\/#\/schema\/person\/b0c9e7b1ead7725994d1e319e8825234\",\"name\":\"Direcci\u00f3n de Comunicaci\u00f3n\",\"image\":{\"@type\":\"ImageObject\",\"inLanguage\":\"es\",\"@id\":\"https:\/\/prefecturadeesmeraldas.gob.ec\/#\/schema\/person\/image\/\",\"url\":\"https:\/\/secure.gravatar.com\/avatar\/74a3870a946f5d774ade3569af61a72308e07ad3346f370c4b468ee2a9858658?s=96&d=mm&r=g\",\"contentUrl\":\"https:\/\/secure.gravatar.com\/avatar\/74a3870a946f5d774ade3569af61a72308e07ad3346f370c4b468ee2a9858658?s=96&d=mm&r=g\",\"caption\":\"Direcci\u00f3n de Comunicaci\u00f3n\"}}]}<\/script>\n<!-- \/ Yoast SEO plugin. -->","yoast_head_json":{"title":"Prefecta acompa\u00f1a al presidente Daniel Noboa en la entrega del CDI \u201cC\u00e9sar Plaza Monz\u00f3n\u201d en Esmeraldas. - Gobierno Aut\u00f3nomo Descentralizado de la Provincia de Esmeraldas","robots":{"index":"index","follow":"follow","max-snippet":"max-snippet:-1","max-image-preview":"max-image-preview:large","max-video-preview":"max-video-preview:-1"},"canonical":"https:\/\/prefecturadeesmeraldas.gob.ec\/index.php\/2025\/07\/17\/prefecta-acompana-al-presidente-daniel-noboa-en-la-entrega-del-cdi-cesar-plaza-monzon-en-esmeraldas\/","og_locale":"es_ES","og_type":"article","og_title":"Prefecta acompa\u00f1a al presidente Daniel Noboa en la entrega del CDI \u201cC\u00e9sar Plaza Monz\u00f3n\u201d en Esmeraldas. - Gobierno Aut\u00f3nomo Descentralizado de la Provincia de Esmeraldas","og_description":"Como parte de la agenda territorial cumplida en la provincia de Esmeraldas, el presidente de la Rep\u00fablica, Daniel Noboa Az\u00edn, entreg\u00f3 oficialmente el nuevo Centro de Desarrollo Infantil (CDI) \u201cC\u00e9sar Plaza Monz\u00f3n\u201d, una moderna infraestructura destinada a garantizar atenci\u00f3n integral a ni\u00f1as y ni\u00f1os de entre 1 a 3 a\u00f1os de edad. Durante el acto, [&hellip;]","og_url":"https:\/\/prefecturadeesmeraldas.gob.ec\/index.php\/2025\/07\/17\/prefecta-acompana-al-presidente-daniel-noboa-en-la-entrega-del-cdi-cesar-plaza-monzon-en-esmeraldas\/","og_site_name":"Gobierno Aut\u00f3nomo Descentralizado de la Provincia de Esmeraldas","article_publisher":"https:\/\/www.facebook.com\/PrefecturaEsmeraldas\/","article_published_time":"2025-07-17T21:32:35+00:00","article_modified_time":"2025-07-17T21:35:15+00:00","og_image":[{"width":1280,"height":720,"url":"https:\/\/prefecturadeesmeraldas.gob.ec\/wp-content\/uploads\/2025\/07\/WhatsApp-Image-2025-07-16-at-12.41.27-1.jpeg","type":"image\/jpeg"}],"author":"Direcci\u00f3n de Comunicaci\u00f3n","twitter_card":"summary_large_image","twitter_misc":{"Escrito por":"Direcci\u00f3n de Comunicaci\u00f3n","Tiempo de lectura":"2 minutos"},"schema":{"@context":"https:\/\/schema.org","@graph":[{"@type":"Article","@id":"https:\/\/prefecturadeesmeraldas.gob.ec\/index.php\/2025\/07\/17\/prefecta-acompana-al-presidente-daniel-noboa-en-la-entrega-del-cdi-cesar-plaza-monzon-en-esmeraldas\/#article","isPartOf":{"@id":"https:\/\/prefecturadeesmeraldas.gob.ec\/index.php\/2025\/07\/17\/prefecta-acompana-al-presidente-daniel-noboa-en-la-entrega-del-cdi-cesar-plaza-monzon-en-esmeraldas\/"},"author":{"name":"Direcci\u00f3n de Comunicaci\u00f3n","@id":"https:\/\/prefecturadeesmeraldas.gob.ec\/#\/schema\/person\/b0c9e7b1ead7725994d1e319e8825234"},"headline":"Prefecta acompa\u00f1a al presidente Daniel Noboa en la entrega del CDI \u201cC\u00e9sar Plaza Monz\u00f3n\u201d en Esmeraldas.","datePublished":"2025-07-17T21:32:35+00:00","dateModified":"2025-07-17T21:35:15+00:00","mainEntityOfPage":{"@id":"https:\/\/prefecturadeesmeraldas.gob.ec\/index.php\/2025\/07\/17\/prefecta-acompana-al-presidente-daniel-noboa-en-la-entrega-del-cdi-cesar-plaza-monzon-en-esmeraldas\/"},"wordCount":262,"publisher":{"@id":"https:\/\/prefecturadeesmeraldas.gob.ec\/#organization"},"image":{"@id":"https:\/\/prefecturadeesmeraldas.gob.ec\/index.php\/2025\/07\/17\/prefecta-acompana-al-presidente-daniel-noboa-en-la-entrega-del-cdi-cesar-plaza-monzon-en-esmeraldas\/#primaryimage"},"thumbnailUrl":"https:\/\/prefecturadeesmeraldas.gob.ec\/wp-content\/uploads\/2025\/07\/WhatsApp-Image-2025-07-16-at-12.41.27-1.jpeg","articleSection":["Institucional","Uncategorized"],"inLanguage":"es"},{"@type":"WebPage","@id":"https:\/\/prefecturadeesmeraldas.gob.ec\/index.php\/2025\/07\/17\/prefecta-acompana-al-presidente-daniel-noboa-en-la-entrega-del-cdi-cesar-plaza-monzon-en-esmeraldas\/","url":"https:\/\/prefecturadeesmeraldas.gob.ec\/index.php\/2025\/07\/17\/prefecta-acompana-al-presidente-daniel-noboa-en-la-entrega-del-cdi-cesar-plaza-monzon-en-esmeraldas\/","name":"Prefecta acompa\u00f1a al presidente Daniel Noboa en la entrega del CDI \u201cC\u00e9sar Plaza Monz\u00f3n\u201d en Esmeraldas. - Gobierno Aut\u00f3nomo Descentralizado de la Provincia de Esmeraldas","isPartOf":{"@id":"https:\/\/prefecturadeesmeraldas.gob.ec\/#website"},"primaryImageOfPage":{"@id":"https:\/\/prefecturadeesmeraldas.gob.ec\/index.php\/2025\/07\/17\/prefecta-acompana-al-presidente-daniel-noboa-en-la-entrega-del-cdi-cesar-plaza-monzon-en-esmeraldas\/#primaryimage"},"image":{"@id":"https:\/\/prefecturadeesmeraldas.gob.ec\/index.php\/2025\/07\/17\/prefecta-acompana-al-presidente-daniel-noboa-en-la-entrega-del-cdi-cesar-plaza-monzon-en-esmeraldas\/#primaryimage"},"thumbnailUrl":"https:\/\/prefecturadeesmeraldas.gob.ec\/wp-content\/uploads\/2025\/07\/WhatsApp-Image-2025-07-16-at-12.41.27-1.jpeg","datePublished":"2025-07-17T21:32:35+00:00","dateModified":"2025-07-17T21:35:15+00:00","breadcrumb":{"@id":"https:\/\/prefecturadeesmeraldas.gob.ec\/index.php\/2025\/07\/17\/prefecta-acompana-al-presidente-daniel-noboa-en-la-entrega-del-cdi-cesar-plaza-monzon-en-esmeraldas\/#breadcrumb"},"inLanguage":"es","potentialAction":[{"@type":"ReadAction","target":["https:\/\/prefecturadeesmeraldas.gob.ec\/index.php\/2025\/07\/17\/prefecta-acompana-al-presidente-daniel-noboa-en-la-entrega-del-cdi-cesar-plaza-monzon-en-esmeraldas\/"]}]},{"@type":"ImageObject","inLanguage":"es","@id":"https:\/\/prefecturadeesmeraldas.gob.ec\/index.php\/2025\/07\/17\/prefecta-acompana-al-presidente-daniel-noboa-en-la-entrega-del-cdi-cesar-plaza-monzon-en-esmeraldas\/#primaryimage","url":"https:\/\/prefecturadeesmeraldas.gob.ec\/wp-content\/uploads\/2025\/07\/WhatsApp-Image-2025-07-16-at-12.41.27-1.jpeg","contentUrl":"https:\/\/prefecturadeesmeraldas.gob.ec\/wp-content\/uploads\/2025\/07\/WhatsApp-Image-2025-07-16-at-12.41.27-1.jpeg","width":1280,"height":720},{"@type":"BreadcrumbList","@id":"https:\/\/prefecturadeesmeraldas.gob.ec\/index.php\/2025\/07\/17\/prefecta-acompana-al-presidente-daniel-noboa-en-la-entrega-del-cdi-cesar-plaza-monzon-en-esmeraldas\/#breadcrumb","itemListElement":[{"@type":"ListItem","position":1,"name":"Home","item":"https:\/\/prefecturadeesmeraldas.gob.ec\/"},{"@type":"ListItem","position":2,"name":"Prefecta acompa\u00f1a al presidente Daniel Noboa en la entrega del CDI \u201cC\u00e9sar Plaza Monz\u00f3n\u201d en Esmeraldas."}]},{"@type":"WebSite","@id":"https:\/\/prefecturadeesmeraldas.gob.ec\/#website","url":"https:\/\/prefecturadeesmeraldas.gob.ec\/","name":"Gobierno Aut\u00f3nomo Descentralizado de la Provincia de Esmeraldas","description":"Gobierno Aut\u00f3nomo Descentralizado de la Provincia de Esmeraldas","publisher":{"@id":"https:\/\/prefecturadeesmeraldas.gob.ec\/#organization"},"potentialAction":[{"@type":"SearchAction","target":{"@type":"EntryPoint","urlTemplate":"https:\/\/prefecturadeesmeraldas.gob.ec\/?s={search_term_string}"},"query-input":{"@type":"PropertyValueSpecification","valueRequired":true,"valueName":"search_term_string"}}],"inLanguage":"es"},{"@type":"Organization","@id":"https:\/\/prefecturadeesmeraldas.gob.ec\/#organization","name":"Gobierno Aut\u00f3nomo Descentralizado de la Provincia de Esmeraldas","url":"https:\/\/prefecturadeesmeraldas.gob.ec\/","logo":{"@type":"ImageObject","inLanguage":"es","@id":"https:\/\/prefecturadeesmeraldas.gob.ec\/#\/schema\/logo\/image\/","url":"https:\/\/prefecturadeesmeraldas.gob.ec\/wp-content\/uploads\/2019\/06\/logo.png","contentUrl":"https:\/\/prefecturadeesmeraldas.gob.ec\/wp-content\/uploads\/2019\/06\/logo.png","width":859,"height":448,"caption":"Gobierno Aut\u00f3nomo Descentralizado de la Provincia de Esmeraldas"},"image":{"@id":"https:\/\/prefecturadeesmeraldas.gob.ec\/#\/schema\/logo\/image\/"},"sameAs":["https:\/\/www.facebook.com\/PrefecturaEsmeraldas\/"]},{"@type":"Person","@id":"https:\/\/prefecturadeesmeraldas.gob.ec\/#\/schema\/person\/b0c9e7b1ead7725994d1e319e8825234","name":"Direcci\u00f3n de Comunicaci\u00f3n","image":{"@type":"ImageObject","inLanguage":"es","@id":"https:\/\/prefecturadeesmeraldas.gob.ec\/#\/schema\/person\/image\/","url":"https:\/\/secure.gravatar.com\/avatar\/74a3870a946f5d774ade3569af61a72308e07ad3346f370c4b468ee2a9858658?s=96&d=mm&r=g","contentUrl":"https:\/\/secure.gravatar.com\/avatar\/74a3870a946f5d774ade3569af61a72308e07ad3346f370c4b468ee2a9858658?s=96&d=mm&r=g","caption":"Direcci\u00f3n de Comunicaci\u00f3n"}}]}},"_links":{"self":[{"href":"https:\/\/prefecturadeesmeraldas.gob.ec\/index.php\/wp-json\/wp\/v2\/posts\/30637","targetHints":{"allow":["GET"]}}],"collection":[{"href":"https:\/\/prefecturadeesmeraldas.gob.ec\/index.php\/wp-json\/wp\/v2\/posts"}],"about":[{"href":"https:\/\/prefecturadeesmeraldas.gob.ec\/index.php\/wp-json\/wp\/v2\/types\/post"}],"author":[{"embeddable":true,"href":"https:\/\/prefecturadeesmeraldas.gob.ec\/index.php\/wp-json\/wp\/v2\/users\/2"}],"replies":[{"embeddable":true,"href":"https:\/\/prefecturadeesmeraldas.gob.ec\/index.php\/wp-json\/wp\/v2\/comments?post=30637"}],"version-history":[{"count":7,"href":"https:\/\/prefecturadeesmeraldas.gob.ec\/index.php\/wp-json\/wp\/v2\/posts\/30637\/revisions"}],"predecessor-version":[{"id":30645,"href":"https:\/\/prefecturadeesmeraldas.gob.ec\/index.php\/wp-json\/wp\/v2\/posts\/30637\/revisions\/30645"}],"wp:featuredmedia":[{"embeddable":true,"href":"https:\/\/prefecturadeesmeraldas.gob.ec\/index.php\/wp-json\/wp\/v2\/media\/30646"}],"wp:attachment":[{"href":"https:\/\/prefecturadeesmeraldas.gob.ec\/index.php\/wp-json\/wp\/v2\/media?parent=30637"}],"wp:term":[{"taxonomy":"category","embeddable":true,"href":"https:\/\/prefecturadeesmeraldas.gob.ec\/index.php\/wp-json\/wp\/v2\/categories?post=30637"},{"taxonomy":"post_tag","embeddable":true,"href":"https:\/\/prefecturadeesmeraldas.gob.ec\/index.php\/wp-json\/wp\/v2\/tags?post=30637"}],"curies":[{"name":"wp","href":"https:\/\/api.w.org\/{rel}","templated":true}]}}