{"id":29611,"date":"2025-05-05T09:28:22","date_gmt":"2025-05-05T14:28:22","guid":{"rendered":"https:\/\/prefecturadeesmeraldas.gob.ec\/?p=29611"},"modified":"2025-05-05T09:31:26","modified_gmt":"2025-05-05T14:31:26","slug":"deslizamiento-deja-incomunicadas-a-comunidades-tras-sismo-prefectura-atiende-emergencia","status":"publish","type":"post","link":"https:\/\/prefecturadeesmeraldas.gob.ec\/index.php\/2025\/05\/05\/deslizamiento-deja-incomunicadas-a-comunidades-tras-sismo-prefectura-atiende-emergencia\/","title":{"rendered":"Deslizamiento deja incomunicadas a comunidades tras sismo; Prefectura atiende emergencia."},"content":{"rendered":"\t\t<div data-elementor-type=\"wp-post\" data-elementor-id=\"29611\" class=\"elementor elementor-29611\">\n\t\t\t\t<div class=\"elementor-element elementor-element-70b02a0 e-flex e-con-boxed e-con e-parent\" data-id=\"70b02a0\" data-element_type=\"container\">\n\t\t\t\t\t<div class=\"e-con-inner\">\n\t\t\t\t<div class=\"elementor-element elementor-element-54aca0d elementor-widget elementor-widget-image\" data-id=\"54aca0d\" data-element_type=\"widget\" data-widget_type=\"image.default\">\n\t\t\t\t<div class=\"elementor-widget-container\">\n\t\t\t\t\t\t\t\t\t\t\t\t\t\t\t<img fetchpriority=\"high\" decoding=\"async\" width=\"848\" height=\"565\" src=\"https:\/\/prefecturadeesmeraldas.gob.ec\/wp-content\/uploads\/2025\/05\/111.jpg\" class=\"attachment-large size-large wp-image-29613\" alt=\"\" srcset=\"https:\/\/prefecturadeesmeraldas.gob.ec\/wp-content\/uploads\/2025\/05\/111.jpg 848w, https:\/\/prefecturadeesmeraldas.gob.ec\/wp-content\/uploads\/2025\/05\/111-300x200.jpg 300w, https:\/\/prefecturadeesmeraldas.gob.ec\/wp-content\/uploads\/2025\/05\/111-768x512.jpg 768w\" sizes=\"(max-width: 848px) 100vw, 848px\" \/>\t\t\t\t\t\t\t\t\t\t\t\t\t\t\t<\/div>\n\t\t\t\t<\/div>\n\t\t\t\t\t<\/div>\n\t\t\t\t<\/div>\n\t\t<div class=\"elementor-element elementor-element-bf88fb0 e-flex e-con-boxed e-con e-parent\" data-id=\"bf88fb0\" data-element_type=\"container\">\n\t\t\t\t\t<div class=\"e-con-inner\">\n\t\t\t\t<div class=\"elementor-element elementor-element-4878363 elementor-widget elementor-widget-text-editor\" data-id=\"4878363\" data-element_type=\"widget\" data-widget_type=\"text-editor.default\">\n\t\t\t\t<div class=\"elementor-widget-container\">\n\t\t\t\t\t\t\t\t\t<p>Como consecuencia del sismo registrado el viernes 25 de abril, la v\u00eda que conecta la comunidad de Camarones con el recinto La Carmelita, perteneciente a la cuenca del r\u00edo Colope en la parroquia Camarones del cant\u00f3n Esmeraldas, result\u00f3 seriamente afectada por varios deslizamientos de tierra, dejando incomunicadas a varias comunidades del sector.<\/p><p>Ante la emergencia, se ejecutaron labores inmediatas de limpieza y rehabilitaci\u00f3n del tramo vial utilizando maquinaria pesada, incluyendo una cargadora frontal y una volqueta, con el objetivo de restablecer la circulaci\u00f3n vehicular y garantizar el tr\u00e1nsito seguro de los habitantes hacia el centro urbano de la parroquia.<\/p><p>Nieves Giler, presidenta del GAD Parroquial de Camarones, inform\u00f3 que la v\u00eda tuvo que ser cerrada por seguridad y que se solicit\u00f3 ayuda a la Prefectura de Esmeraldas. \u201cAgradecemos la oportuna respuesta de la prefecta Roberta Zambrano, quien dispuso el env\u00edo inmediato de maquinaria para atender esta emergencia\u201d, se\u00f1al\u00f3.<\/p><p>Julio Ortiz Cheme, habitante del recinto El Salto en La Carmelita, coment\u00f3 que los derrumbes provocados por el sismo fueron considerables. \u201cNos comunicamos con el GAD Parroquial y con la Prefecta y, gracias a Dios, fuimos escuchados. La ayuda ya est\u00e1 llegando\u201d, expres\u00f3.<\/p><p>De igual forma, M\u00e1ximo M\u00e9ndez, agricultor de la cuenca Colope, destac\u00f3 la r\u00e1pida acci\u00f3n de las autoridades: \u201cEstamos muy agradecidos con la presidenta del GAD y con la Prefecta por la pronta atenci\u00f3n\u201d.<\/p><p>Por su parte, Adimir Campaz, vocal del GAD de Camarones, indic\u00f3 que tras el movimiento tel\u00farico se registraron al menos cuatro derrumbes en la zona. \u201cLa Prefectura actu\u00f3 de inmediato, lo cual ha sido fundamental para iniciar la rehabilitaci\u00f3n de los caminos\u201d, a\u00f1adi\u00f3.<\/p>\t\t\t\t\t\t\t\t<\/div>\n\t\t\t\t<\/div>\n\t\t\t\t\t<\/div>\n\t\t\t\t<\/div>\n\t\t\t\t<\/div>\n\t\t","protected":false},"excerpt":{"rendered":"<p>Como consecuencia del sismo registrado el viernes 25 de abril, la v\u00eda que conecta la comunidad de Camarones con el recinto La Carmelita, perteneciente a la cuenca del r\u00edo Colope en la parroquia Camarones del cant\u00f3n Esmeraldas, result\u00f3 seriamente afectada por varios deslizamientos de tierra, dejando incomunicadas a varias comunidades del sector. Ante la emergencia, [&hellip;]<\/p>\n","protected":false},"author":2,"featured_media":29613,"comment_status":"closed","ping_status":"open","sticky":false,"template":"","format":"standard","meta":{"footnotes":""},"categories":[14],"tags":[],"class_list":["post-29611","post","type-post","status-publish","format-standard","has-post-thumbnail","hentry","category-vialidad"],"yoast_head":"<!-- This site is optimized with the Yoast SEO plugin v25.7 - https:\/\/yoast.com\/wordpress\/plugins\/seo\/ -->\n<title>Deslizamiento deja incomunicadas a comunidades tras sismo; Prefectura atiende emergencia. - Gobierno Aut\u00f3nomo Descentralizado de la Provincia de Esmeraldas<\/title>\n<meta name=\"robots\" content=\"index, follow, max-snippet:-1, max-image-preview:large, max-video-preview:-1\" \/>\n<link rel=\"canonical\" href=\"https:\/\/prefecturadeesmeraldas.gob.ec\/index.php\/2025\/05\/05\/deslizamiento-deja-incomunicadas-a-comunidades-tras-sismo-prefectura-atiende-emergencia\/\" \/>\n<meta property=\"og:locale\" content=\"es_ES\" \/>\n<meta property=\"og:type\" content=\"article\" \/>\n<meta property=\"og:title\" content=\"Deslizamiento deja incomunicadas a comunidades tras sismo; Prefectura atiende emergencia. - Gobierno Aut\u00f3nomo Descentralizado de la Provincia de Esmeraldas\" \/>\n<meta property=\"og:description\" content=\"Como consecuencia del sismo registrado el viernes 25 de abril, la v\u00eda que conecta la comunidad de Camarones con el recinto La Carmelita, perteneciente a la cuenca del r\u00edo Colope en la parroquia Camarones del cant\u00f3n Esmeraldas, result\u00f3 seriamente afectada por varios deslizamientos de tierra, dejando incomunicadas a varias comunidades del sector. Ante la emergencia, [&hellip;]\" \/>\n<meta property=\"og:url\" content=\"https:\/\/prefecturadeesmeraldas.gob.ec\/index.php\/2025\/05\/05\/deslizamiento-deja-incomunicadas-a-comunidades-tras-sismo-prefectura-atiende-emergencia\/\" \/>\n<meta property=\"og:site_name\" content=\"Gobierno Aut\u00f3nomo Descentralizado de la Provincia de Esmeraldas\" \/>\n<meta property=\"article:publisher\" content=\"https:\/\/www.facebook.com\/PrefecturaEsmeraldas\/\" \/>\n<meta property=\"article:published_time\" content=\"2025-05-05T14:28:22+00:00\" \/>\n<meta property=\"article:modified_time\" content=\"2025-05-05T14:31:26+00:00\" \/>\n<meta property=\"og:image\" content=\"https:\/\/prefecturadeesmeraldas.gob.ec\/wp-content\/uploads\/2025\/05\/111.jpg\" \/>\n\t<meta property=\"og:image:width\" content=\"848\" \/>\n\t<meta property=\"og:image:height\" content=\"565\" \/>\n\t<meta property=\"og:image:type\" content=\"image\/jpeg\" \/>\n<meta name=\"author\" content=\"Direcci\u00f3n de Comunicaci\u00f3n\" \/>\n<meta name=\"twitter:card\" content=\"summary_large_image\" \/>\n<meta name=\"twitter:label1\" content=\"Escrito por\" \/>\n\t<meta name=\"twitter:data1\" content=\"Direcci\u00f3n de Comunicaci\u00f3n\" \/>\n\t<meta name=\"twitter:label2\" content=\"Tiempo de lectura\" \/>\n\t<meta name=\"twitter:data2\" content=\"2 minutos\" \/>\n<script type=\"application\/ld+json\" class=\"yoast-schema-graph\">{\"@context\":\"https:\/\/schema.org\",\"@graph\":[{\"@type\":\"Article\",\"@id\":\"https:\/\/prefecturadeesmeraldas.gob.ec\/index.php\/2025\/05\/05\/deslizamiento-deja-incomunicadas-a-comunidades-tras-sismo-prefectura-atiende-emergencia\/#article\",\"isPartOf\":{\"@id\":\"https:\/\/prefecturadeesmeraldas.gob.ec\/index.php\/2025\/05\/05\/deslizamiento-deja-incomunicadas-a-comunidades-tras-sismo-prefectura-atiende-emergencia\/\"},\"author\":{\"name\":\"Direcci\u00f3n de Comunicaci\u00f3n\",\"@id\":\"https:\/\/prefecturadeesmeraldas.gob.ec\/#\/schema\/person\/b0c9e7b1ead7725994d1e319e8825234\"},\"headline\":\"Deslizamiento deja incomunicadas a comunidades tras sismo; Prefectura atiende emergencia.\",\"datePublished\":\"2025-05-05T14:28:22+00:00\",\"dateModified\":\"2025-05-05T14:31:26+00:00\",\"mainEntityOfPage\":{\"@id\":\"https:\/\/prefecturadeesmeraldas.gob.ec\/index.php\/2025\/05\/05\/deslizamiento-deja-incomunicadas-a-comunidades-tras-sismo-prefectura-atiende-emergencia\/\"},\"wordCount\":293,\"publisher\":{\"@id\":\"https:\/\/prefecturadeesmeraldas.gob.ec\/#organization\"},\"image\":{\"@id\":\"https:\/\/prefecturadeesmeraldas.gob.ec\/index.php\/2025\/05\/05\/deslizamiento-deja-incomunicadas-a-comunidades-tras-sismo-prefectura-atiende-emergencia\/#primaryimage\"},\"thumbnailUrl\":\"https:\/\/prefecturadeesmeraldas.gob.ec\/wp-content\/uploads\/2025\/05\/111.jpg\",\"articleSection\":[\"Vialidad\"],\"inLanguage\":\"es\"},{\"@type\":\"WebPage\",\"@id\":\"https:\/\/prefecturadeesmeraldas.gob.ec\/index.php\/2025\/05\/05\/deslizamiento-deja-incomunicadas-a-comunidades-tras-sismo-prefectura-atiende-emergencia\/\",\"url\":\"https:\/\/prefecturadeesmeraldas.gob.ec\/index.php\/2025\/05\/05\/deslizamiento-deja-incomunicadas-a-comunidades-tras-sismo-prefectura-atiende-emergencia\/\",\"name\":\"Deslizamiento deja incomunicadas a comunidades tras sismo; Prefectura atiende emergencia. - Gobierno Aut\u00f3nomo Descentralizado de la Provincia de Esmeraldas\",\"isPartOf\":{\"@id\":\"https:\/\/prefecturadeesmeraldas.gob.ec\/#website\"},\"primaryImageOfPage\":{\"@id\":\"https:\/\/prefecturadeesmeraldas.gob.ec\/index.php\/2025\/05\/05\/deslizamiento-deja-incomunicadas-a-comunidades-tras-sismo-prefectura-atiende-emergencia\/#primaryimage\"},\"image\":{\"@id\":\"https:\/\/prefecturadeesmeraldas.gob.ec\/index.php\/2025\/05\/05\/deslizamiento-deja-incomunicadas-a-comunidades-tras-sismo-prefectura-atiende-emergencia\/#primaryimage\"},\"thumbnailUrl\":\"https:\/\/prefecturadeesmeraldas.gob.ec\/wp-content\/uploads\/2025\/05\/111.jpg\",\"datePublished\":\"2025-05-05T14:28:22+00:00\",\"dateModified\":\"2025-05-05T14:31:26+00:00\",\"breadcrumb\":{\"@id\":\"https:\/\/prefecturadeesmeraldas.gob.ec\/index.php\/2025\/05\/05\/deslizamiento-deja-incomunicadas-a-comunidades-tras-sismo-prefectura-atiende-emergencia\/#breadcrumb\"},\"inLanguage\":\"es\",\"potentialAction\":[{\"@type\":\"ReadAction\",\"target\":[\"https:\/\/prefecturadeesmeraldas.gob.ec\/index.php\/2025\/05\/05\/deslizamiento-deja-incomunicadas-a-comunidades-tras-sismo-prefectura-atiende-emergencia\/\"]}]},{\"@type\":\"ImageObject\",\"inLanguage\":\"es\",\"@id\":\"https:\/\/prefecturadeesmeraldas.gob.ec\/index.php\/2025\/05\/05\/deslizamiento-deja-incomunicadas-a-comunidades-tras-sismo-prefectura-atiende-emergencia\/#primaryimage\",\"url\":\"https:\/\/prefecturadeesmeraldas.gob.ec\/wp-content\/uploads\/2025\/05\/111.jpg\",\"contentUrl\":\"https:\/\/prefecturadeesmeraldas.gob.ec\/wp-content\/uploads\/2025\/05\/111.jpg\",\"width\":848,\"height\":565},{\"@type\":\"BreadcrumbList\",\"@id\":\"https:\/\/prefecturadeesmeraldas.gob.ec\/index.php\/2025\/05\/05\/deslizamiento-deja-incomunicadas-a-comunidades-tras-sismo-prefectura-atiende-emergencia\/#breadcrumb\",\"itemListElement\":[{\"@type\":\"ListItem\",\"position\":1,\"name\":\"Home\",\"item\":\"https:\/\/prefecturadeesmeraldas.gob.ec\/\"},{\"@type\":\"ListItem\",\"position\":2,\"name\":\"Deslizamiento deja incomunicadas a comunidades tras sismo; Prefectura atiende emergencia.\"}]},{\"@type\":\"WebSite\",\"@id\":\"https:\/\/prefecturadeesmeraldas.gob.ec\/#website\",\"url\":\"https:\/\/prefecturadeesmeraldas.gob.ec\/\",\"name\":\"Gobierno Aut\u00f3nomo Descentralizado de la Provincia de Esmeraldas\",\"description\":\"Gobierno Aut\u00f3nomo Descentralizado de la Provincia de Esmeraldas\",\"publisher\":{\"@id\":\"https:\/\/prefecturadeesmeraldas.gob.ec\/#organization\"},\"potentialAction\":[{\"@type\":\"SearchAction\",\"target\":{\"@type\":\"EntryPoint\",\"urlTemplate\":\"https:\/\/prefecturadeesmeraldas.gob.ec\/?s={search_term_string}\"},\"query-input\":{\"@type\":\"PropertyValueSpecification\",\"valueRequired\":true,\"valueName\":\"search_term_string\"}}],\"inLanguage\":\"es\"},{\"@type\":\"Organization\",\"@id\":\"https:\/\/prefecturadeesmeraldas.gob.ec\/#organization\",\"name\":\"Gobierno Aut\u00f3nomo Descentralizado de la Provincia de Esmeraldas\",\"url\":\"https:\/\/prefecturadeesmeraldas.gob.ec\/\",\"logo\":{\"@type\":\"ImageObject\",\"inLanguage\":\"es\",\"@id\":\"https:\/\/prefecturadeesmeraldas.gob.ec\/#\/schema\/logo\/image\/\",\"url\":\"https:\/\/prefecturadeesmeraldas.gob.ec\/wp-content\/uploads\/2019\/06\/logo.png\",\"contentUrl\":\"https:\/\/prefecturadeesmeraldas.gob.ec\/wp-content\/uploads\/2019\/06\/logo.png\",\"width\":859,\"height\":448,\"caption\":\"Gobierno Aut\u00f3nomo Descentralizado de la Provincia de Esmeraldas\"},\"image\":{\"@id\":\"https:\/\/prefecturadeesmeraldas.gob.ec\/#\/schema\/logo\/image\/\"},\"sameAs\":[\"https:\/\/www.facebook.com\/PrefecturaEsmeraldas\/\"]},{\"@type\":\"Person\",\"@id\":\"https:\/\/prefecturadeesmeraldas.gob.ec\/#\/schema\/person\/b0c9e7b1ead7725994d1e319e8825234\",\"name\":\"Direcci\u00f3n de Comunicaci\u00f3n\",\"image\":{\"@type\":\"ImageObject\",\"inLanguage\":\"es\",\"@id\":\"https:\/\/prefecturadeesmeraldas.gob.ec\/#\/schema\/person\/image\/\",\"url\":\"https:\/\/secure.gravatar.com\/avatar\/74a3870a946f5d774ade3569af61a72308e07ad3346f370c4b468ee2a9858658?s=96&d=mm&r=g\",\"contentUrl\":\"https:\/\/secure.gravatar.com\/avatar\/74a3870a946f5d774ade3569af61a72308e07ad3346f370c4b468ee2a9858658?s=96&d=mm&r=g\",\"caption\":\"Direcci\u00f3n de Comunicaci\u00f3n\"}}]}<\/script>\n<!-- \/ Yoast SEO plugin. -->","yoast_head_json":{"title":"Deslizamiento deja incomunicadas a comunidades tras sismo; Prefectura atiende emergencia. - Gobierno Aut\u00f3nomo Descentralizado de la Provincia de Esmeraldas","robots":{"index":"index","follow":"follow","max-snippet":"max-snippet:-1","max-image-preview":"max-image-preview:large","max-video-preview":"max-video-preview:-1"},"canonical":"https:\/\/prefecturadeesmeraldas.gob.ec\/index.php\/2025\/05\/05\/deslizamiento-deja-incomunicadas-a-comunidades-tras-sismo-prefectura-atiende-emergencia\/","og_locale":"es_ES","og_type":"article","og_title":"Deslizamiento deja incomunicadas a comunidades tras sismo; Prefectura atiende emergencia. - Gobierno Aut\u00f3nomo Descentralizado de la Provincia de Esmeraldas","og_description":"Como consecuencia del sismo registrado el viernes 25 de abril, la v\u00eda que conecta la comunidad de Camarones con el recinto La Carmelita, perteneciente a la cuenca del r\u00edo Colope en la parroquia Camarones del cant\u00f3n Esmeraldas, result\u00f3 seriamente afectada por varios deslizamientos de tierra, dejando incomunicadas a varias comunidades del sector. Ante la emergencia, [&hellip;]","og_url":"https:\/\/prefecturadeesmeraldas.gob.ec\/index.php\/2025\/05\/05\/deslizamiento-deja-incomunicadas-a-comunidades-tras-sismo-prefectura-atiende-emergencia\/","og_site_name":"Gobierno Aut\u00f3nomo Descentralizado de la Provincia de Esmeraldas","article_publisher":"https:\/\/www.facebook.com\/PrefecturaEsmeraldas\/","article_published_time":"2025-05-05T14:28:22+00:00","article_modified_time":"2025-05-05T14:31:26+00:00","og_image":[{"width":848,"height":565,"url":"https:\/\/prefecturadeesmeraldas.gob.ec\/wp-content\/uploads\/2025\/05\/111.jpg","type":"image\/jpeg"}],"author":"Direcci\u00f3n de Comunicaci\u00f3n","twitter_card":"summary_large_image","twitter_misc":{"Escrito por":"Direcci\u00f3n de Comunicaci\u00f3n","Tiempo de lectura":"2 minutos"},"schema":{"@context":"https:\/\/schema.org","@graph":[{"@type":"Article","@id":"https:\/\/prefecturadeesmeraldas.gob.ec\/index.php\/2025\/05\/05\/deslizamiento-deja-incomunicadas-a-comunidades-tras-sismo-prefectura-atiende-emergencia\/#article","isPartOf":{"@id":"https:\/\/prefecturadeesmeraldas.gob.ec\/index.php\/2025\/05\/05\/deslizamiento-deja-incomunicadas-a-comunidades-tras-sismo-prefectura-atiende-emergencia\/"},"author":{"name":"Direcci\u00f3n de Comunicaci\u00f3n","@id":"https:\/\/prefecturadeesmeraldas.gob.ec\/#\/schema\/person\/b0c9e7b1ead7725994d1e319e8825234"},"headline":"Deslizamiento deja incomunicadas a comunidades tras sismo; Prefectura atiende emergencia.","datePublished":"2025-05-05T14:28:22+00:00","dateModified":"2025-05-05T14:31:26+00:00","mainEntityOfPage":{"@id":"https:\/\/prefecturadeesmeraldas.gob.ec\/index.php\/2025\/05\/05\/deslizamiento-deja-incomunicadas-a-comunidades-tras-sismo-prefectura-atiende-emergencia\/"},"wordCount":293,"publisher":{"@id":"https:\/\/prefecturadeesmeraldas.gob.ec\/#organization"},"image":{"@id":"https:\/\/prefecturadeesmeraldas.gob.ec\/index.php\/2025\/05\/05\/deslizamiento-deja-incomunicadas-a-comunidades-tras-sismo-prefectura-atiende-emergencia\/#primaryimage"},"thumbnailUrl":"https:\/\/prefecturadeesmeraldas.gob.ec\/wp-content\/uploads\/2025\/05\/111.jpg","articleSection":["Vialidad"],"inLanguage":"es"},{"@type":"WebPage","@id":"https:\/\/prefecturadeesmeraldas.gob.ec\/index.php\/2025\/05\/05\/deslizamiento-deja-incomunicadas-a-comunidades-tras-sismo-prefectura-atiende-emergencia\/","url":"https:\/\/prefecturadeesmeraldas.gob.ec\/index.php\/2025\/05\/05\/deslizamiento-deja-incomunicadas-a-comunidades-tras-sismo-prefectura-atiende-emergencia\/","name":"Deslizamiento deja incomunicadas a comunidades tras sismo; Prefectura atiende emergencia. - Gobierno Aut\u00f3nomo Descentralizado de la Provincia de Esmeraldas","isPartOf":{"@id":"https:\/\/prefecturadeesmeraldas.gob.ec\/#website"},"primaryImageOfPage":{"@id":"https:\/\/prefecturadeesmeraldas.gob.ec\/index.php\/2025\/05\/05\/deslizamiento-deja-incomunicadas-a-comunidades-tras-sismo-prefectura-atiende-emergencia\/#primaryimage"},"image":{"@id":"https:\/\/prefecturadeesmeraldas.gob.ec\/index.php\/2025\/05\/05\/deslizamiento-deja-incomunicadas-a-comunidades-tras-sismo-prefectura-atiende-emergencia\/#primaryimage"},"thumbnailUrl":"https:\/\/prefecturadeesmeraldas.gob.ec\/wp-content\/uploads\/2025\/05\/111.jpg","datePublished":"2025-05-05T14:28:22+00:00","dateModified":"2025-05-05T14:31:26+00:00","breadcrumb":{"@id":"https:\/\/prefecturadeesmeraldas.gob.ec\/index.php\/2025\/05\/05\/deslizamiento-deja-incomunicadas-a-comunidades-tras-sismo-prefectura-atiende-emergencia\/#breadcrumb"},"inLanguage":"es","potentialAction":[{"@type":"ReadAction","target":["https:\/\/prefecturadeesmeraldas.gob.ec\/index.php\/2025\/05\/05\/deslizamiento-deja-incomunicadas-a-comunidades-tras-sismo-prefectura-atiende-emergencia\/"]}]},{"@type":"ImageObject","inLanguage":"es","@id":"https:\/\/prefecturadeesmeraldas.gob.ec\/index.php\/2025\/05\/05\/deslizamiento-deja-incomunicadas-a-comunidades-tras-sismo-prefectura-atiende-emergencia\/#primaryimage","url":"https:\/\/prefecturadeesmeraldas.gob.ec\/wp-content\/uploads\/2025\/05\/111.jpg","contentUrl":"https:\/\/prefecturadeesmeraldas.gob.ec\/wp-content\/uploads\/2025\/05\/111.jpg","width":848,"height":565},{"@type":"BreadcrumbList","@id":"https:\/\/prefecturadeesmeraldas.gob.ec\/index.php\/2025\/05\/05\/deslizamiento-deja-incomunicadas-a-comunidades-tras-sismo-prefectura-atiende-emergencia\/#breadcrumb","itemListElement":[{"@type":"ListItem","position":1,"name":"Home","item":"https:\/\/prefecturadeesmeraldas.gob.ec\/"},{"@type":"ListItem","position":2,"name":"Deslizamiento deja incomunicadas a comunidades tras sismo; Prefectura atiende emergencia."}]},{"@type":"WebSite","@id":"https:\/\/prefecturadeesmeraldas.gob.ec\/#website","url":"https:\/\/prefecturadeesmeraldas.gob.ec\/","name":"Gobierno Aut\u00f3nomo Descentralizado de la Provincia de Esmeraldas","description":"Gobierno Aut\u00f3nomo Descentralizado de la Provincia de Esmeraldas","publisher":{"@id":"https:\/\/prefecturadeesmeraldas.gob.ec\/#organization"},"potentialAction":[{"@type":"SearchAction","target":{"@type":"EntryPoint","urlTemplate":"https:\/\/prefecturadeesmeraldas.gob.ec\/?s={search_term_string}"},"query-input":{"@type":"PropertyValueSpecification","valueRequired":true,"valueName":"search_term_string"}}],"inLanguage":"es"},{"@type":"Organization","@id":"https:\/\/prefecturadeesmeraldas.gob.ec\/#organization","name":"Gobierno Aut\u00f3nomo Descentralizado de la Provincia de Esmeraldas","url":"https:\/\/prefecturadeesmeraldas.gob.ec\/","logo":{"@type":"ImageObject","inLanguage":"es","@id":"https:\/\/prefecturadeesmeraldas.gob.ec\/#\/schema\/logo\/image\/","url":"https:\/\/prefecturadeesmeraldas.gob.ec\/wp-content\/uploads\/2019\/06\/logo.png","contentUrl":"https:\/\/prefecturadeesmeraldas.gob.ec\/wp-content\/uploads\/2019\/06\/logo.png","width":859,"height":448,"caption":"Gobierno Aut\u00f3nomo Descentralizado de la Provincia de Esmeraldas"},"image":{"@id":"https:\/\/prefecturadeesmeraldas.gob.ec\/#\/schema\/logo\/image\/"},"sameAs":["https:\/\/www.facebook.com\/PrefecturaEsmeraldas\/"]},{"@type":"Person","@id":"https:\/\/prefecturadeesmeraldas.gob.ec\/#\/schema\/person\/b0c9e7b1ead7725994d1e319e8825234","name":"Direcci\u00f3n de Comunicaci\u00f3n","image":{"@type":"ImageObject","inLanguage":"es","@id":"https:\/\/prefecturadeesmeraldas.gob.ec\/#\/schema\/person\/image\/","url":"https:\/\/secure.gravatar.com\/avatar\/74a3870a946f5d774ade3569af61a72308e07ad3346f370c4b468ee2a9858658?s=96&d=mm&r=g","contentUrl":"https:\/\/secure.gravatar.com\/avatar\/74a3870a946f5d774ade3569af61a72308e07ad3346f370c4b468ee2a9858658?s=96&d=mm&r=g","caption":"Direcci\u00f3n de Comunicaci\u00f3n"}}]}},"_links":{"self":[{"href":"https:\/\/prefecturadeesmeraldas.gob.ec\/index.php\/wp-json\/wp\/v2\/posts\/29611","targetHints":{"allow":["GET"]}}],"collection":[{"href":"https:\/\/prefecturadeesmeraldas.gob.ec\/index.php\/wp-json\/wp\/v2\/posts"}],"about":[{"href":"https:\/\/prefecturadeesmeraldas.gob.ec\/index.php\/wp-json\/wp\/v2\/types\/post"}],"author":[{"embeddable":true,"href":"https:\/\/prefecturadeesmeraldas.gob.ec\/index.php\/wp-json\/wp\/v2\/users\/2"}],"replies":[{"embeddable":true,"href":"https:\/\/prefecturadeesmeraldas.gob.ec\/index.php\/wp-json\/wp\/v2\/comments?post=29611"}],"version-history":[{"count":4,"href":"https:\/\/prefecturadeesmeraldas.gob.ec\/index.php\/wp-json\/wp\/v2\/posts\/29611\/revisions"}],"predecessor-version":[{"id":29616,"href":"https:\/\/prefecturadeesmeraldas.gob.ec\/index.php\/wp-json\/wp\/v2\/posts\/29611\/revisions\/29616"}],"wp:featuredmedia":[{"embeddable":true,"href":"https:\/\/prefecturadeesmeraldas.gob.ec\/index.php\/wp-json\/wp\/v2\/media\/29613"}],"wp:attachment":[{"href":"https:\/\/prefecturadeesmeraldas.gob.ec\/index.php\/wp-json\/wp\/v2\/media?parent=29611"}],"wp:term":[{"taxonomy":"category","embeddable":true,"href":"https:\/\/prefecturadeesmeraldas.gob.ec\/index.php\/wp-json\/wp\/v2\/categories?post=29611"},{"taxonomy":"post_tag","embeddable":true,"href":"https:\/\/prefecturadeesmeraldas.gob.ec\/index.php\/wp-json\/wp\/v2\/tags?post=29611"}],"curies":[{"name":"wp","href":"https:\/\/api.w.org\/{rel}","templated":true}]}}